{"id":2194,"date":"2020-05-27T14:02:37","date_gmt":"2020-05-27T17:02:37","guid":{"rendered":"http:\/\/diarioprincipios.com\/?p=2194"},"modified":"2020-05-27T14:02:38","modified_gmt":"2020-05-27T17:02:38","slug":"avanzan-las-obras-en-el-hospital-pedro-fiorito-de-avellaneda","status":"publish","type":"post","link":"https:\/\/diarioprincipios.com\/index.php\/2020\/05\/27\/avanzan-las-obras-en-el-hospital-pedro-fiorito-de-avellaneda\/","title":{"rendered":"Avanzan las obras en el Hospital Pedro Fiorito de Avellaneda"},"content":{"rendered":"\n<p>El gobierno Bonaerense avanza en la remodelaci\u00f3n del Hospital Pedro Fiorito de la ciudad de Avellaneda para ampliar su capacidad de atenci\u00f3n ante la pandemia de coronavirus, inform\u00f3 el Ministerio de Infraestructura y Servicios P\u00fablicos de la provincia.<\/p>\n\n\n\n<p>Seg\u00fan detall\u00f3 un comunicado oficial, en ese hospital se construy\u00f3 una sala de resonancias que ya se puso en funcionamiento a principio de mes; una recepci\u00f3n, sala de espera y sector administrativo.<\/p>\n\n\n\n<p>Los trabajos incluyen ba\u00f1o para personas con discapacidad, una consola de comando, sala del resonador y un sector donde fue instalado el detector de metales.<\/p>\n\n\n\n<p>Adem\u00e1s habr\u00e1 dos cambiadores para pacientes y otro ba\u00f1o, una sala de recupero, estar m\u00e9dico y sala de informes y una sala de m\u00e1quinas.<\/p>\n\n\n\n<p>Las obras en este hospital se enmarcan en las m\u00e1s de 150 obras p\u00fablicas que lleva adelante la provincia de Buenos Aires con el objetivo de acondicionar los diferentes centros sanitarios para tratar diagn\u00f3sticos de mediana complejidad y as\u00ed aliviar los hospitales que estar\u00e1n destinados a casos de mayor urgencia.<\/p>\n","protected":false},"excerpt":{"rendered":"<p>El gobierno Bonaerense avanza en la remodelaci\u00f3n del Hospital Pedro Fiorito de la ciudad de Avellaneda para ampliar su capacidad de atenci\u00f3n ante la pandemia de coronavirus, inform\u00f3 el Ministerio de Infraestructura y Servicios P\u00fablicos de la provincia. Seg\u00fan detall\u00f3 un comunicado oficial, en ese hospital se construy\u00f3 una sala de resonancias que ya se&#8230;<\/p>\n","protected":false},"author":2,"featured_media":2195,"comment_status":"open","ping_status":"open","sticky":false,"template":"","format":"standard","meta":{"footnotes":""},"categories":[5],"tags":[],"class_list":["post-2194","post","type-post","status-publish","format-standard","has-post-thumbnail","hentry","category-avellaneda"],"featured_image_src":"https:\/\/diarioprincipios.com\/wp-content\/uploads\/2020\/05\/Hospital-Fiorito-1024x628.jpg","blog_images":{"medium":"https:\/\/diarioprincipios.com\/wp-content\/uploads\/2020\/05\/Hospital-Fiorito-300x184.jpg","large":"https:\/\/diarioprincipios.com\/wp-content\/uploads\/2020\/05\/Hospital-Fiorito-1024x628.jpg"},"ams_acf":[],"yoast_head":"<!-- This site is optimized with the Yoast SEO plugin v27.3 - https:\/\/yoast.com\/product\/yoast-seo-wordpress\/ -->\n<title>Avanzan las obras en el Hospital Pedro Fiorito de Avellaneda - Principios<\/title>\n<meta name=\"robots\" content=\"index, follow, max-snippet:-1, max-image-preview:large, max-video-preview:-1\" \/>\n<link rel=\"canonical\" href=\"https:\/\/diarioprincipios.com\/index.php\/2020\/05\/27\/avanzan-las-obras-en-el-hospital-pedro-fiorito-de-avellaneda\/\" \/>\n<meta property=\"og:locale\" content=\"es_ES\" \/>\n<meta property=\"og:type\" content=\"article\" \/>\n<meta property=\"og:title\" content=\"Avanzan las obras en el Hospital Pedro Fiorito de Avellaneda - Principios\" \/>\n<meta property=\"og:description\" content=\"El gobierno Bonaerense avanza en la remodelaci\u00f3n del Hospital Pedro Fiorito de la ciudad de Avellaneda para ampliar su capacidad de atenci\u00f3n ante la pandemia de coronavirus, inform\u00f3 el Ministerio de Infraestructura y Servicios P\u00fablicos de la provincia. Seg\u00fan detall\u00f3 un comunicado oficial, en ese hospital se construy\u00f3 una sala de resonancias que ya se...\" \/>\n<meta property=\"og:url\" content=\"https:\/\/diarioprincipios.com\/index.php\/2020\/05\/27\/avanzan-las-obras-en-el-hospital-pedro-fiorito-de-avellaneda\/\" \/>\n<meta property=\"og:site_name\" content=\"Principios\" \/>\n<meta property=\"article:published_time\" content=\"2020-05-27T17:02:37+00:00\" \/>\n<meta property=\"article:modified_time\" content=\"2020-05-27T17:02:38+00:00\" \/>\n<meta property=\"og:image\" content=\"https:\/\/diarioprincipios.com\/wp-content\/uploads\/2020\/05\/Hospital-Fiorito.jpg\" \/>\n\t<meta property=\"og:image:width\" content=\"1140\" \/>\n\t<meta property=\"og:image:height\" content=\"699\" \/>\n\t<meta property=\"og:image:type\" content=\"image\/jpeg\" \/>\n<meta name=\"author\" content=\"Hern\u00e1n L\u00f3pez\" \/>\n<meta name=\"twitter:card\" content=\"summary_large_image\" \/>\n<meta name=\"twitter:label1\" content=\"Escrito por\" \/>\n\t<meta name=\"twitter:data1\" content=\"Hern\u00e1n L\u00f3pez\" \/>\n\t<meta name=\"twitter:label2\" content=\"Tiempo de lectura\" \/>\n\t<meta name=\"twitter:data2\" content=\"1 minuto\" \/>\n<script type=\"application\/ld+json\" class=\"yoast-schema-graph\">{\"@context\":\"https:\\\/\\\/schema.org\",\"@graph\":[{\"@type\":\"Article\",\"@id\":\"https:\\\/\\\/diarioprincipios.com\\\/index.php\\\/2020\\\/05\\\/27\\\/avanzan-las-obras-en-el-hospital-pedro-fiorito-de-avellaneda\\\/#article\",\"isPartOf\":{\"@id\":\"https:\\\/\\\/diarioprincipios.com\\\/index.php\\\/2020\\\/05\\\/27\\\/avanzan-las-obras-en-el-hospital-pedro-fiorito-de-avellaneda\\\/\"},\"author\":{\"name\":\"Hern\u00e1n L\u00f3pez\",\"@id\":\"https:\\\/\\\/diarioprincipios.com\\\/#\\\/schema\\\/person\\\/436d5a1fd41a5e250e23ff5a6a7cb080\"},\"headline\":\"Avanzan las obras en el Hospital Pedro Fiorito de Avellaneda\",\"datePublished\":\"2020-05-27T17:02:37+00:00\",\"dateModified\":\"2020-05-27T17:02:38+00:00\",\"mainEntityOfPage\":{\"@id\":\"https:\\\/\\\/diarioprincipios.com\\\/index.php\\\/2020\\\/05\\\/27\\\/avanzan-las-obras-en-el-hospital-pedro-fiorito-de-avellaneda\\\/\"},\"wordCount\":192,\"commentCount\":0,\"publisher\":{\"@id\":\"https:\\\/\\\/diarioprincipios.com\\\/#organization\"},\"image\":{\"@id\":\"https:\\\/\\\/diarioprincipios.com\\\/index.php\\\/2020\\\/05\\\/27\\\/avanzan-las-obras-en-el-hospital-pedro-fiorito-de-avellaneda\\\/#primaryimage\"},\"thumbnailUrl\":\"https:\\\/\\\/diarioprincipios.com\\\/wp-content\\\/uploads\\\/2020\\\/05\\\/Hospital-Fiorito.jpg\",\"articleSection\":[\"Avellaneda\"],\"inLanguage\":\"es\",\"potentialAction\":[{\"@type\":\"CommentAction\",\"name\":\"Comment\",\"target\":[\"https:\\\/\\\/diarioprincipios.com\\\/index.php\\\/2020\\\/05\\\/27\\\/avanzan-las-obras-en-el-hospital-pedro-fiorito-de-avellaneda\\\/#respond\"]}]},{\"@type\":\"WebPage\",\"@id\":\"https:\\\/\\\/diarioprincipios.com\\\/index.php\\\/2020\\\/05\\\/27\\\/avanzan-las-obras-en-el-hospital-pedro-fiorito-de-avellaneda\\\/\",\"url\":\"https:\\\/\\\/diarioprincipios.com\\\/index.php\\\/2020\\\/05\\\/27\\\/avanzan-las-obras-en-el-hospital-pedro-fiorito-de-avellaneda\\\/\",\"name\":\"Avanzan las obras en el Hospital Pedro Fiorito de Avellaneda - Principios\",\"isPartOf\":{\"@id\":\"https:\\\/\\\/diarioprincipios.com\\\/#website\"},\"primaryImageOfPage\":{\"@id\":\"https:\\\/\\\/diarioprincipios.com\\\/index.php\\\/2020\\\/05\\\/27\\\/avanzan-las-obras-en-el-hospital-pedro-fiorito-de-avellaneda\\\/#primaryimage\"},\"image\":{\"@id\":\"https:\\\/\\\/diarioprincipios.com\\\/index.php\\\/2020\\\/05\\\/27\\\/avanzan-las-obras-en-el-hospital-pedro-fiorito-de-avellaneda\\\/#primaryimage\"},\"thumbnailUrl\":\"https:\\\/\\\/diarioprincipios.com\\\/wp-content\\\/uploads\\\/2020\\\/05\\\/Hospital-Fiorito.jpg\",\"datePublished\":\"2020-05-27T17:02:37+00:00\",\"dateModified\":\"2020-05-27T17:02:38+00:00\",\"breadcrumb\":{\"@id\":\"https:\\\/\\\/diarioprincipios.com\\\/index.php\\\/2020\\\/05\\\/27\\\/avanzan-las-obras-en-el-hospital-pedro-fiorito-de-avellaneda\\\/#breadcrumb\"},\"inLanguage\":\"es\",\"potentialAction\":[{\"@type\":\"ReadAction\",\"target\":[\"https:\\\/\\\/diarioprincipios.com\\\/index.php\\\/2020\\\/05\\\/27\\\/avanzan-las-obras-en-el-hospital-pedro-fiorito-de-avellaneda\\\/\"]}]},{\"@type\":\"ImageObject\",\"inLanguage\":\"es\",\"@id\":\"https:\\\/\\\/diarioprincipios.com\\\/index.php\\\/2020\\\/05\\\/27\\\/avanzan-las-obras-en-el-hospital-pedro-fiorito-de-avellaneda\\\/#primaryimage\",\"url\":\"https:\\\/\\\/diarioprincipios.com\\\/wp-content\\\/uploads\\\/2020\\\/05\\\/Hospital-Fiorito.jpg\",\"contentUrl\":\"https:\\\/\\\/diarioprincipios.com\\\/wp-content\\\/uploads\\\/2020\\\/05\\\/Hospital-Fiorito.jpg\",\"width\":1140,\"height\":699},{\"@type\":\"BreadcrumbList\",\"@id\":\"https:\\\/\\\/diarioprincipios.com\\\/index.php\\\/2020\\\/05\\\/27\\\/avanzan-las-obras-en-el-hospital-pedro-fiorito-de-avellaneda\\\/#breadcrumb\",\"itemListElement\":[{\"@type\":\"ListItem\",\"position\":1,\"name\":\"Portada\",\"item\":\"https:\\\/\\\/diarioprincipios.com\\\/\"},{\"@type\":\"ListItem\",\"position\":2,\"name\":\"Avanzan las obras en el Hospital Pedro Fiorito de Avellaneda\"}]},{\"@type\":\"WebSite\",\"@id\":\"https:\\\/\\\/diarioprincipios.com\\\/#website\",\"url\":\"https:\\\/\\\/diarioprincipios.com\\\/\",\"name\":\"Principios\",\"description\":\"Principios Diario\",\"publisher\":{\"@id\":\"https:\\\/\\\/diarioprincipios.com\\\/#organization\"},\"potentialAction\":[{\"@type\":\"SearchAction\",\"target\":{\"@type\":\"EntryPoint\",\"urlTemplate\":\"https:\\\/\\\/diarioprincipios.com\\\/?s={search_term_string}\"},\"query-input\":{\"@type\":\"PropertyValueSpecification\",\"valueRequired\":true,\"valueName\":\"search_term_string\"}}],\"inLanguage\":\"es\"},{\"@type\":\"Organization\",\"@id\":\"https:\\\/\\\/diarioprincipios.com\\\/#organization\",\"name\":\"Principios\",\"url\":\"https:\\\/\\\/diarioprincipios.com\\\/\",\"logo\":{\"@type\":\"ImageObject\",\"inLanguage\":\"es\",\"@id\":\"https:\\\/\\\/diarioprincipios.com\\\/#\\\/schema\\\/logo\\\/image\\\/\",\"url\":\"https:\\\/\\\/diarioprincipios.com\\\/wp-content\\\/uploads\\\/2024\\\/04\\\/cropped-www.diarioprincipios.com_-1.png\",\"contentUrl\":\"https:\\\/\\\/diarioprincipios.com\\\/wp-content\\\/uploads\\\/2024\\\/04\\\/cropped-www.diarioprincipios.com_-1.png\",\"width\":5325,\"height\":1454,\"caption\":\"Principios\"},\"image\":{\"@id\":\"https:\\\/\\\/diarioprincipios.com\\\/#\\\/schema\\\/logo\\\/image\\\/\"}},{\"@type\":\"Person\",\"@id\":\"https:\\\/\\\/diarioprincipios.com\\\/#\\\/schema\\\/person\\\/436d5a1fd41a5e250e23ff5a6a7cb080\",\"name\":\"Hern\u00e1n L\u00f3pez\",\"image\":{\"@type\":\"ImageObject\",\"inLanguage\":\"es\",\"@id\":\"https:\\\/\\\/diarioprincipios.com\\\/wp-content\\\/litespeed\\\/avatar\\\/11ddfe5610ff3bd100522525b2571f48.jpg?ver=1777048341\",\"url\":\"https:\\\/\\\/diarioprincipios.com\\\/wp-content\\\/litespeed\\\/avatar\\\/11ddfe5610ff3bd100522525b2571f48.jpg?ver=1777048341\",\"contentUrl\":\"https:\\\/\\\/diarioprincipios.com\\\/wp-content\\\/litespeed\\\/avatar\\\/11ddfe5610ff3bd100522525b2571f48.jpg?ver=1777048341\",\"caption\":\"Hern\u00e1n L\u00f3pez\"},\"url\":\"https:\\\/\\\/diarioprincipios.com\\\/index.php\\\/author\\\/hernan\\\/\"}]}<\/script>\n<!-- \/ Yoast SEO plugin. -->","yoast_head_json":{"title":"Avanzan las obras en el Hospital Pedro Fiorito de Avellaneda - Principios","robots":{"index":"index","follow":"follow","max-snippet":"max-snippet:-1","max-image-preview":"max-image-preview:large","max-video-preview":"max-video-preview:-1"},"canonical":"https:\/\/diarioprincipios.com\/index.php\/2020\/05\/27\/avanzan-las-obras-en-el-hospital-pedro-fiorito-de-avellaneda\/","og_locale":"es_ES","og_type":"article","og_title":"Avanzan las obras en el Hospital Pedro Fiorito de Avellaneda - Principios","og_description":"El gobierno Bonaerense avanza en la remodelaci\u00f3n del Hospital Pedro Fiorito de la ciudad de Avellaneda para ampliar su capacidad de atenci\u00f3n ante la pandemia de coronavirus, inform\u00f3 el Ministerio de Infraestructura y Servicios P\u00fablicos de la provincia. Seg\u00fan detall\u00f3 un comunicado oficial, en ese hospital se construy\u00f3 una sala de resonancias que ya se...","og_url":"https:\/\/diarioprincipios.com\/index.php\/2020\/05\/27\/avanzan-las-obras-en-el-hospital-pedro-fiorito-de-avellaneda\/","og_site_name":"Principios","article_published_time":"2020-05-27T17:02:37+00:00","article_modified_time":"2020-05-27T17:02:38+00:00","og_image":[{"width":1140,"height":699,"url":"https:\/\/diarioprincipios.com\/wp-content\/uploads\/2020\/05\/Hospital-Fiorito.jpg","type":"image\/jpeg"}],"author":"Hern\u00e1n L\u00f3pez","twitter_card":"summary_large_image","twitter_misc":{"Escrito por":"Hern\u00e1n L\u00f3pez","Tiempo de lectura":"1 minuto"},"schema":{"@context":"https:\/\/schema.org","@graph":[{"@type":"Article","@id":"https:\/\/diarioprincipios.com\/index.php\/2020\/05\/27\/avanzan-las-obras-en-el-hospital-pedro-fiorito-de-avellaneda\/#article","isPartOf":{"@id":"https:\/\/diarioprincipios.com\/index.php\/2020\/05\/27\/avanzan-las-obras-en-el-hospital-pedro-fiorito-de-avellaneda\/"},"author":{"name":"Hern\u00e1n L\u00f3pez","@id":"https:\/\/diarioprincipios.com\/#\/schema\/person\/436d5a1fd41a5e250e23ff5a6a7cb080"},"headline":"Avanzan las obras en el Hospital Pedro Fiorito de Avellaneda","datePublished":"2020-05-27T17:02:37+00:00","dateModified":"2020-05-27T17:02:38+00:00","mainEntityOfPage":{"@id":"https:\/\/diarioprincipios.com\/index.php\/2020\/05\/27\/avanzan-las-obras-en-el-hospital-pedro-fiorito-de-avellaneda\/"},"wordCount":192,"commentCount":0,"publisher":{"@id":"https:\/\/diarioprincipios.com\/#organization"},"image":{"@id":"https:\/\/diarioprincipios.com\/index.php\/2020\/05\/27\/avanzan-las-obras-en-el-hospital-pedro-fiorito-de-avellaneda\/#primaryimage"},"thumbnailUrl":"https:\/\/diarioprincipios.com\/wp-content\/uploads\/2020\/05\/Hospital-Fiorito.jpg","articleSection":["Avellaneda"],"inLanguage":"es","potentialAction":[{"@type":"CommentAction","name":"Comment","target":["https:\/\/diarioprincipios.com\/index.php\/2020\/05\/27\/avanzan-las-obras-en-el-hospital-pedro-fiorito-de-avellaneda\/#respond"]}]},{"@type":"WebPage","@id":"https:\/\/diarioprincipios.com\/index.php\/2020\/05\/27\/avanzan-las-obras-en-el-hospital-pedro-fiorito-de-avellaneda\/","url":"https:\/\/diarioprincipios.com\/index.php\/2020\/05\/27\/avanzan-las-obras-en-el-hospital-pedro-fiorito-de-avellaneda\/","name":"Avanzan las obras en el Hospital Pedro Fiorito de Avellaneda - Principios","isPartOf":{"@id":"https:\/\/diarioprincipios.com\/#website"},"primaryImageOfPage":{"@id":"https:\/\/diarioprincipios.com\/index.php\/2020\/05\/27\/avanzan-las-obras-en-el-hospital-pedro-fiorito-de-avellaneda\/#primaryimage"},"image":{"@id":"https:\/\/diarioprincipios.com\/index.php\/2020\/05\/27\/avanzan-las-obras-en-el-hospital-pedro-fiorito-de-avellaneda\/#primaryimage"},"thumbnailUrl":"https:\/\/diarioprincipios.com\/wp-content\/uploads\/2020\/05\/Hospital-Fiorito.jpg","datePublished":"2020-05-27T17:02:37+00:00","dateModified":"2020-05-27T17:02:38+00:00","breadcrumb":{"@id":"https:\/\/diarioprincipios.com\/index.php\/2020\/05\/27\/avanzan-las-obras-en-el-hospital-pedro-fiorito-de-avellaneda\/#breadcrumb"},"inLanguage":"es","potentialAction":[{"@type":"ReadAction","target":["https:\/\/diarioprincipios.com\/index.php\/2020\/05\/27\/avanzan-las-obras-en-el-hospital-pedro-fiorito-de-avellaneda\/"]}]},{"@type":"ImageObject","inLanguage":"es","@id":"https:\/\/diarioprincipios.com\/index.php\/2020\/05\/27\/avanzan-las-obras-en-el-hospital-pedro-fiorito-de-avellaneda\/#primaryimage","url":"https:\/\/diarioprincipios.com\/wp-content\/uploads\/2020\/05\/Hospital-Fiorito.jpg","contentUrl":"https:\/\/diarioprincipios.com\/wp-content\/uploads\/2020\/05\/Hospital-Fiorito.jpg","width":1140,"height":699},{"@type":"BreadcrumbList","@id":"https:\/\/diarioprincipios.com\/index.php\/2020\/05\/27\/avanzan-las-obras-en-el-hospital-pedro-fiorito-de-avellaneda\/#breadcrumb","itemListElement":[{"@type":"ListItem","position":1,"name":"Portada","item":"https:\/\/diarioprincipios.com\/"},{"@type":"ListItem","position":2,"name":"Avanzan las obras en el Hospital Pedro Fiorito de Avellaneda"}]},{"@type":"WebSite","@id":"https:\/\/diarioprincipios.com\/#website","url":"https:\/\/diarioprincipios.com\/","name":"Principios","description":"Principios Diario","publisher":{"@id":"https:\/\/diarioprincipios.com\/#organization"},"potentialAction":[{"@type":"SearchAction","target":{"@type":"EntryPoint","urlTemplate":"https:\/\/diarioprincipios.com\/?s={search_term_string}"},"query-input":{"@type":"PropertyValueSpecification","valueRequired":true,"valueName":"search_term_string"}}],"inLanguage":"es"},{"@type":"Organization","@id":"https:\/\/diarioprincipios.com\/#organization","name":"Principios","url":"https:\/\/diarioprincipios.com\/","logo":{"@type":"ImageObject","inLanguage":"es","@id":"https:\/\/diarioprincipios.com\/#\/schema\/logo\/image\/","url":"https:\/\/diarioprincipios.com\/wp-content\/uploads\/2024\/04\/cropped-www.diarioprincipios.com_-1.png","contentUrl":"https:\/\/diarioprincipios.com\/wp-content\/uploads\/2024\/04\/cropped-www.diarioprincipios.com_-1.png","width":5325,"height":1454,"caption":"Principios"},"image":{"@id":"https:\/\/diarioprincipios.com\/#\/schema\/logo\/image\/"}},{"@type":"Person","@id":"https:\/\/diarioprincipios.com\/#\/schema\/person\/436d5a1fd41a5e250e23ff5a6a7cb080","name":"Hern\u00e1n L\u00f3pez","image":{"@type":"ImageObject","inLanguage":"es","@id":"https:\/\/diarioprincipios.com\/wp-content\/litespeed\/avatar\/11ddfe5610ff3bd100522525b2571f48.jpg?ver=1777048341","url":"https:\/\/diarioprincipios.com\/wp-content\/litespeed\/avatar\/11ddfe5610ff3bd100522525b2571f48.jpg?ver=1777048341","contentUrl":"https:\/\/diarioprincipios.com\/wp-content\/litespeed\/avatar\/11ddfe5610ff3bd100522525b2571f48.jpg?ver=1777048341","caption":"Hern\u00e1n L\u00f3pez"},"url":"https:\/\/diarioprincipios.com\/index.php\/author\/hernan\/"}]}},"jetpack_featured_media_url":"https:\/\/diarioprincipios.com\/wp-content\/uploads\/2020\/05\/Hospital-Fiorito.jpg","_links":{"self":[{"href":"https:\/\/diarioprincipios.com\/index.php\/wp-json\/wp\/v2\/posts\/2194","targetHints":{"allow":["GET"]}}],"collection":[{"href":"https:\/\/diarioprincipios.com\/index.php\/wp-json\/wp\/v2\/posts"}],"about":[{"href":"https:\/\/diarioprincipios.com\/index.php\/wp-json\/wp\/v2\/types\/post"}],"author":[{"embeddable":true,"href":"https:\/\/diarioprincipios.com\/index.php\/wp-json\/wp\/v2\/users\/2"}],"replies":[{"embeddable":true,"href":"https:\/\/diarioprincipios.com\/index.php\/wp-json\/wp\/v2\/comments?post=2194"}],"version-history":[{"count":1,"href":"https:\/\/diarioprincipios.com\/index.php\/wp-json\/wp\/v2\/posts\/2194\/revisions"}],"predecessor-version":[{"id":2196,"href":"https:\/\/diarioprincipios.com\/index.php\/wp-json\/wp\/v2\/posts\/2194\/revisions\/2196"}],"wp:featuredmedia":[{"embeddable":true,"href":"https:\/\/diarioprincipios.com\/index.php\/wp-json\/wp\/v2\/media\/2195"}],"wp:attachment":[{"href":"https:\/\/diarioprincipios.com\/index.php\/wp-json\/wp\/v2\/media?parent=2194"}],"wp:term":[{"taxonomy":"category","embeddable":true,"href":"https:\/\/diarioprincipios.com\/index.php\/wp-json\/wp\/v2\/categories?post=2194"},{"taxonomy":"post_tag","embeddable":true,"href":"https:\/\/diarioprincipios.com\/index.php\/wp-json\/wp\/v2\/tags?post=2194"}],"curies":[{"name":"wp","href":"https:\/\/api.w.org\/{rel}","templated":true}]}}