{"id":21934,"date":"2024-05-21T11:26:13","date_gmt":"2024-05-21T14:26:13","guid":{"rendered":"http:\/\/diarioprincipios.com\/?p=21934"},"modified":"2024-05-21T11:26:16","modified_gmt":"2024-05-21T14:26:16","slug":"se-inauguro-el-nuevo-recorrido-educativo-del-museo-malvinas-quilmes","status":"publish","type":"post","link":"https:\/\/diarioprincipios.com\/index.php\/2024\/05\/21\/se-inauguro-el-nuevo-recorrido-educativo-del-museo-malvinas-quilmes\/","title":{"rendered":"Se inaugur\u00f3 el nuevo recorrido educativo del Museo Malvinas Quilmes"},"content":{"rendered":"\n<p>La intendenta de Quilmes particip\u00f3 el lunes del acto de inauguraci\u00f3n del nuevo recorrido educativo del Museo Malvinas Quilmes, ubicado en la sede del Centro de Veteranos de Malvinas, en Joaqu\u00edn V. Gonz\u00e1lez 3657, de Quilmes Oeste.<\/p>\n\n\n\n<p>\u201cEs un orgullo que este Centro de Veteranos de nuestro municipio lleve adelante este trabajo tan exhaustivo. Lo que ahora vamos a ver es un museo de lo mejor que he visto, como es el enorme museo de Malvinas que se ha hecho durante los gobiernos donde pueden reconocer y valorar nuestra historia, y hacer un ejercicio activo de la memoria, de lo que significa nuestra soberan\u00eda y defenderla en el presente, como fueron los gobiernos de N\u00e9stor Kirchner y Cristina Fern\u00e1ndez de Kirchner\u201d, asegur\u00f3 Mayra Mendoza. <\/p>\n\n\n\n<figure class=\"wp-block-image size-full\"><img loading=\"lazy\" decoding=\"async\" width=\"853\" height=\"569\" src=\"https:\/\/diarioprincipios.com\/wp-content\/uploads\/2024\/05\/Se-inauguro-el-nuevo-recorrido-educativo-del-Museo-Malvinas-Quilmes-1.jpg\" alt=\"\" class=\"wp-image-21935\" srcset=\"https:\/\/diarioprincipios.com\/wp-content\/uploads\/2024\/05\/Se-inauguro-el-nuevo-recorrido-educativo-del-Museo-Malvinas-Quilmes-1.jpg 853w, https:\/\/diarioprincipios.com\/wp-content\/uploads\/2024\/05\/Se-inauguro-el-nuevo-recorrido-educativo-del-Museo-Malvinas-Quilmes-1-300x200.jpg 300w, https:\/\/diarioprincipios.com\/wp-content\/uploads\/2024\/05\/Se-inauguro-el-nuevo-recorrido-educativo-del-Museo-Malvinas-Quilmes-1-768x512.jpg 768w, https:\/\/diarioprincipios.com\/wp-content\/uploads\/2024\/05\/Se-inauguro-el-nuevo-recorrido-educativo-del-Museo-Malvinas-Quilmes-1-600x400.jpg 600w\" sizes=\"auto, (max-width: 853px) 100vw, 853px\" \/><\/figure>\n\n\n\n<p>\u201cHe visto un recorrido minucioso con detalles que hacen a recuperar cada humano, cada persona y a su familia, y esto es realmente lo que me parece que en estos tiempos, como comunidad, debemos recuperar. Hay una idea y una convocatoria a la deshumanizaci\u00f3n. Nosotros lo que tenemos que hacer es volver a poner en valor a las personas, agradecerles por lo que han hecho por nuestra patria, por defender la soberan\u00eda de nuestras islas y reconocerlos tambi\u00e9n en su familia. Esto me parece que es lo que va a suceder con este museo\u201d, sostuvo.<\/p>\n\n\n\n<p>Y enfatiz\u00f3: \u201cQueremos que este museo tenga much\u00edsimos ni\u00f1os, ni\u00f1as, j\u00f3venes que puedan comenzar a tener conciencia de lo que fue Malvinas y que vuelvan a sus casas a charlar en familia sobre nuestra historia y as\u00ed poder comenzar a tener cada vez m\u00e1s una sociedad malvinizada y defender lo que es tan importante para todos y para todas: la independencia de nuestra patria y la soberan\u00eda\u201d.<\/p>\n\n\n\n<figure class=\"wp-block-image size-full\"><img loading=\"lazy\" decoding=\"async\" width=\"853\" height=\"569\" src=\"https:\/\/diarioprincipios.com\/wp-content\/uploads\/2024\/05\/Se-inauguro-el-nuevo-recorrido-educativo-del-Museo-Malvinas-Quilmes-2.jpg\" alt=\"\" class=\"wp-image-21936\" srcset=\"https:\/\/diarioprincipios.com\/wp-content\/uploads\/2024\/05\/Se-inauguro-el-nuevo-recorrido-educativo-del-Museo-Malvinas-Quilmes-2.jpg 853w, https:\/\/diarioprincipios.com\/wp-content\/uploads\/2024\/05\/Se-inauguro-el-nuevo-recorrido-educativo-del-Museo-Malvinas-Quilmes-2-300x200.jpg 300w, https:\/\/diarioprincipios.com\/wp-content\/uploads\/2024\/05\/Se-inauguro-el-nuevo-recorrido-educativo-del-Museo-Malvinas-Quilmes-2-768x512.jpg 768w, https:\/\/diarioprincipios.com\/wp-content\/uploads\/2024\/05\/Se-inauguro-el-nuevo-recorrido-educativo-del-Museo-Malvinas-Quilmes-2-600x400.jpg 600w\" sizes=\"auto, (max-width: 853px) 100vw, 853px\" \/><\/figure>\n\n\n\n<p>Por su parte, el presidente del Centro de Veteranos de Malvinas de Quilmes, Jorge Irigoit\u00eda, agradeci\u00f3 el apoyo del Municipio y destac\u00f3 que el objetivo del flamante museo es \u201ctrabajar con la educaci\u00f3n para fomentar que los chicos sepan lo que es nuestra soberan\u00eda y por qu\u00e9 es un reclamo permanente\u201d.<\/p>\n","protected":false},"excerpt":{"rendered":"<p>La intendenta de Quilmes particip\u00f3 el lunes del acto de inauguraci\u00f3n del nuevo recorrido educativo del Museo Malvinas Quilmes, ubicado en la sede del Centro de Veteranos de Malvinas, en Joaqu\u00edn V. Gonz\u00e1lez 3657, de Quilmes Oeste. \u201cEs un orgullo que este Centro de Veteranos de nuestro municipio lleve adelante este trabajo tan exhaustivo. Lo&#8230;<\/p>\n","protected":false},"author":2,"featured_media":21937,"comment_status":"open","ping_status":"open","sticky":false,"template":"","format":"standard","meta":{"footnotes":""},"categories":[4,17],"tags":[],"class_list":["post-21934","post","type-post","status-publish","format-standard","has-post-thumbnail","hentry","category-quilmes","category-zona-sur"],"featured_image_src":"https:\/\/diarioprincipios.com\/wp-content\/uploads\/2024\/05\/Se-inauguro-el-nuevo-recorrido-educativo-del-Museo-Malvinas-Quilmes-3.jpg","blog_images":{"medium":"https:\/\/diarioprincipios.com\/wp-content\/uploads\/2024\/05\/Se-inauguro-el-nuevo-recorrido-educativo-del-Museo-Malvinas-Quilmes-3-300x200.jpg","large":"https:\/\/diarioprincipios.com\/wp-content\/uploads\/2024\/05\/Se-inauguro-el-nuevo-recorrido-educativo-del-Museo-Malvinas-Quilmes-3.jpg"},"ams_acf":[],"yoast_head":"<!-- This site is optimized with the Yoast SEO plugin v27.3 - https:\/\/yoast.com\/product\/yoast-seo-wordpress\/ -->\n<title>Se inaugur\u00f3 el nuevo recorrido educativo del Museo Malvinas Quilmes - Principios<\/title>\n<meta name=\"robots\" content=\"index, follow, max-snippet:-1, max-image-preview:large, max-video-preview:-1\" \/>\n<link rel=\"canonical\" href=\"https:\/\/diarioprincipios.com\/index.php\/2024\/05\/21\/se-inauguro-el-nuevo-recorrido-educativo-del-museo-malvinas-quilmes\/\" \/>\n<meta property=\"og:locale\" content=\"es_ES\" \/>\n<meta property=\"og:type\" content=\"article\" \/>\n<meta property=\"og:title\" content=\"Se inaugur\u00f3 el nuevo recorrido educativo del Museo Malvinas Quilmes - Principios\" \/>\n<meta property=\"og:description\" content=\"La intendenta de Quilmes particip\u00f3 el lunes del acto de inauguraci\u00f3n del nuevo recorrido educativo del Museo Malvinas Quilmes, ubicado en la sede del Centro de Veteranos de Malvinas, en Joaqu\u00edn V. Gonz\u00e1lez 3657, de Quilmes Oeste. \u201cEs un orgullo que este Centro de Veteranos de nuestro municipio lleve adelante este trabajo tan exhaustivo. Lo...\" \/>\n<meta property=\"og:url\" content=\"https:\/\/diarioprincipios.com\/index.php\/2024\/05\/21\/se-inauguro-el-nuevo-recorrido-educativo-del-museo-malvinas-quilmes\/\" \/>\n<meta property=\"og:site_name\" content=\"Principios\" \/>\n<meta property=\"article:published_time\" content=\"2024-05-21T14:26:13+00:00\" \/>\n<meta property=\"article:modified_time\" content=\"2024-05-21T14:26:16+00:00\" \/>\n<meta property=\"og:image\" content=\"https:\/\/diarioprincipios.com\/wp-content\/uploads\/2024\/05\/Se-inauguro-el-nuevo-recorrido-educativo-del-Museo-Malvinas-Quilmes-3.jpg\" \/>\n\t<meta property=\"og:image:width\" content=\"853\" \/>\n\t<meta property=\"og:image:height\" content=\"569\" \/>\n\t<meta property=\"og:image:type\" content=\"image\/jpeg\" \/>\n<meta name=\"author\" content=\"Hern\u00e1n L\u00f3pez\" \/>\n<meta name=\"twitter:card\" content=\"summary_large_image\" \/>\n<meta name=\"twitter:label1\" content=\"Escrito por\" \/>\n\t<meta name=\"twitter:data1\" content=\"Hern\u00e1n L\u00f3pez\" \/>\n\t<meta name=\"twitter:label2\" content=\"Tiempo de lectura\" \/>\n\t<meta name=\"twitter:data2\" content=\"3 minutos\" \/>\n<script type=\"application\/ld+json\" class=\"yoast-schema-graph\">{\"@context\":\"https:\\\/\\\/schema.org\",\"@graph\":[{\"@type\":\"Article\",\"@id\":\"https:\\\/\\\/diarioprincipios.com\\\/index.php\\\/2024\\\/05\\\/21\\\/se-inauguro-el-nuevo-recorrido-educativo-del-museo-malvinas-quilmes\\\/#article\",\"isPartOf\":{\"@id\":\"https:\\\/\\\/diarioprincipios.com\\\/index.php\\\/2024\\\/05\\\/21\\\/se-inauguro-el-nuevo-recorrido-educativo-del-museo-malvinas-quilmes\\\/\"},\"author\":{\"name\":\"Hern\u00e1n L\u00f3pez\",\"@id\":\"https:\\\/\\\/diarioprincipios.com\\\/#\\\/schema\\\/person\\\/436d5a1fd41a5e250e23ff5a6a7cb080\"},\"headline\":\"Se inaugur\u00f3 el nuevo recorrido educativo del Museo Malvinas Quilmes\",\"datePublished\":\"2024-05-21T14:26:13+00:00\",\"dateModified\":\"2024-05-21T14:26:16+00:00\",\"mainEntityOfPage\":{\"@id\":\"https:\\\/\\\/diarioprincipios.com\\\/index.php\\\/2024\\\/05\\\/21\\\/se-inauguro-el-nuevo-recorrido-educativo-del-museo-malvinas-quilmes\\\/\"},\"wordCount\":364,\"commentCount\":0,\"publisher\":{\"@id\":\"https:\\\/\\\/diarioprincipios.com\\\/#organization\"},\"image\":{\"@id\":\"https:\\\/\\\/diarioprincipios.com\\\/index.php\\\/2024\\\/05\\\/21\\\/se-inauguro-el-nuevo-recorrido-educativo-del-museo-malvinas-quilmes\\\/#primaryimage\"},\"thumbnailUrl\":\"https:\\\/\\\/diarioprincipios.com\\\/wp-content\\\/uploads\\\/2024\\\/05\\\/Se-inauguro-el-nuevo-recorrido-educativo-del-Museo-Malvinas-Quilmes-3.jpg\",\"articleSection\":[\"Quilmes\",\"Zonar Sur\"],\"inLanguage\":\"es\",\"potentialAction\":[{\"@type\":\"CommentAction\",\"name\":\"Comment\",\"target\":[\"https:\\\/\\\/diarioprincipios.com\\\/index.php\\\/2024\\\/05\\\/21\\\/se-inauguro-el-nuevo-recorrido-educativo-del-museo-malvinas-quilmes\\\/#respond\"]}]},{\"@type\":\"WebPage\",\"@id\":\"https:\\\/\\\/diarioprincipios.com\\\/index.php\\\/2024\\\/05\\\/21\\\/se-inauguro-el-nuevo-recorrido-educativo-del-museo-malvinas-quilmes\\\/\",\"url\":\"https:\\\/\\\/diarioprincipios.com\\\/index.php\\\/2024\\\/05\\\/21\\\/se-inauguro-el-nuevo-recorrido-educativo-del-museo-malvinas-quilmes\\\/\",\"name\":\"Se inaugur\u00f3 el nuevo recorrido educativo del Museo Malvinas Quilmes - Principios\",\"isPartOf\":{\"@id\":\"https:\\\/\\\/diarioprincipios.com\\\/#website\"},\"primaryImageOfPage\":{\"@id\":\"https:\\\/\\\/diarioprincipios.com\\\/index.php\\\/2024\\\/05\\\/21\\\/se-inauguro-el-nuevo-recorrido-educativo-del-museo-malvinas-quilmes\\\/#primaryimage\"},\"image\":{\"@id\":\"https:\\\/\\\/diarioprincipios.com\\\/index.php\\\/2024\\\/05\\\/21\\\/se-inauguro-el-nuevo-recorrido-educativo-del-museo-malvinas-quilmes\\\/#primaryimage\"},\"thumbnailUrl\":\"https:\\\/\\\/diarioprincipios.com\\\/wp-content\\\/uploads\\\/2024\\\/05\\\/Se-inauguro-el-nuevo-recorrido-educativo-del-Museo-Malvinas-Quilmes-3.jpg\",\"datePublished\":\"2024-05-21T14:26:13+00:00\",\"dateModified\":\"2024-05-21T14:26:16+00:00\",\"breadcrumb\":{\"@id\":\"https:\\\/\\\/diarioprincipios.com\\\/index.php\\\/2024\\\/05\\\/21\\\/se-inauguro-el-nuevo-recorrido-educativo-del-museo-malvinas-quilmes\\\/#breadcrumb\"},\"inLanguage\":\"es\",\"potentialAction\":[{\"@type\":\"ReadAction\",\"target\":[\"https:\\\/\\\/diarioprincipios.com\\\/index.php\\\/2024\\\/05\\\/21\\\/se-inauguro-el-nuevo-recorrido-educativo-del-museo-malvinas-quilmes\\\/\"]}]},{\"@type\":\"ImageObject\",\"inLanguage\":\"es\",\"@id\":\"https:\\\/\\\/diarioprincipios.com\\\/index.php\\\/2024\\\/05\\\/21\\\/se-inauguro-el-nuevo-recorrido-educativo-del-museo-malvinas-quilmes\\\/#primaryimage\",\"url\":\"https:\\\/\\\/diarioprincipios.com\\\/wp-content\\\/uploads\\\/2024\\\/05\\\/Se-inauguro-el-nuevo-recorrido-educativo-del-Museo-Malvinas-Quilmes-3.jpg\",\"contentUrl\":\"https:\\\/\\\/diarioprincipios.com\\\/wp-content\\\/uploads\\\/2024\\\/05\\\/Se-inauguro-el-nuevo-recorrido-educativo-del-Museo-Malvinas-Quilmes-3.jpg\",\"width\":853,\"height\":569},{\"@type\":\"BreadcrumbList\",\"@id\":\"https:\\\/\\\/diarioprincipios.com\\\/index.php\\\/2024\\\/05\\\/21\\\/se-inauguro-el-nuevo-recorrido-educativo-del-museo-malvinas-quilmes\\\/#breadcrumb\",\"itemListElement\":[{\"@type\":\"ListItem\",\"position\":1,\"name\":\"Portada\",\"item\":\"https:\\\/\\\/diarioprincipios.com\\\/\"},{\"@type\":\"ListItem\",\"position\":2,\"name\":\"Se inaugur\u00f3 el nuevo recorrido educativo del Museo Malvinas Quilmes\"}]},{\"@type\":\"WebSite\",\"@id\":\"https:\\\/\\\/diarioprincipios.com\\\/#website\",\"url\":\"https:\\\/\\\/diarioprincipios.com\\\/\",\"name\":\"Principios\",\"description\":\"Principios Diario\",\"publisher\":{\"@id\":\"https:\\\/\\\/diarioprincipios.com\\\/#organization\"},\"potentialAction\":[{\"@type\":\"SearchAction\",\"target\":{\"@type\":\"EntryPoint\",\"urlTemplate\":\"https:\\\/\\\/diarioprincipios.com\\\/?s={search_term_string}\"},\"query-input\":{\"@type\":\"PropertyValueSpecification\",\"valueRequired\":true,\"valueName\":\"search_term_string\"}}],\"inLanguage\":\"es\"},{\"@type\":\"Organization\",\"@id\":\"https:\\\/\\\/diarioprincipios.com\\\/#organization\",\"name\":\"Principios\",\"url\":\"https:\\\/\\\/diarioprincipios.com\\\/\",\"logo\":{\"@type\":\"ImageObject\",\"inLanguage\":\"es\",\"@id\":\"https:\\\/\\\/diarioprincipios.com\\\/#\\\/schema\\\/logo\\\/image\\\/\",\"url\":\"https:\\\/\\\/diarioprincipios.com\\\/wp-content\\\/uploads\\\/2024\\\/04\\\/cropped-www.diarioprincipios.com_-1.png\",\"contentUrl\":\"https:\\\/\\\/diarioprincipios.com\\\/wp-content\\\/uploads\\\/2024\\\/04\\\/cropped-www.diarioprincipios.com_-1.png\",\"width\":5325,\"height\":1454,\"caption\":\"Principios\"},\"image\":{\"@id\":\"https:\\\/\\\/diarioprincipios.com\\\/#\\\/schema\\\/logo\\\/image\\\/\"}},{\"@type\":\"Person\",\"@id\":\"https:\\\/\\\/diarioprincipios.com\\\/#\\\/schema\\\/person\\\/436d5a1fd41a5e250e23ff5a6a7cb080\",\"name\":\"Hern\u00e1n L\u00f3pez\",\"image\":{\"@type\":\"ImageObject\",\"inLanguage\":\"es\",\"@id\":\"https:\\\/\\\/diarioprincipios.com\\\/wp-content\\\/litespeed\\\/avatar\\\/11ddfe5610ff3bd100522525b2571f48.jpg?ver=1777653193\",\"url\":\"https:\\\/\\\/diarioprincipios.com\\\/wp-content\\\/litespeed\\\/avatar\\\/11ddfe5610ff3bd100522525b2571f48.jpg?ver=1777653193\",\"contentUrl\":\"https:\\\/\\\/diarioprincipios.com\\\/wp-content\\\/litespeed\\\/avatar\\\/11ddfe5610ff3bd100522525b2571f48.jpg?ver=1777653193\",\"caption\":\"Hern\u00e1n L\u00f3pez\"},\"url\":\"https:\\\/\\\/diarioprincipios.com\\\/index.php\\\/author\\\/hernan\\\/\"}]}<\/script>\n<!-- \/ Yoast SEO plugin. -->","yoast_head_json":{"title":"Se inaugur\u00f3 el nuevo recorrido educativo del Museo Malvinas Quilmes - Principios","robots":{"index":"index","follow":"follow","max-snippet":"max-snippet:-1","max-image-preview":"max-image-preview:large","max-video-preview":"max-video-preview:-1"},"canonical":"https:\/\/diarioprincipios.com\/index.php\/2024\/05\/21\/se-inauguro-el-nuevo-recorrido-educativo-del-museo-malvinas-quilmes\/","og_locale":"es_ES","og_type":"article","og_title":"Se inaugur\u00f3 el nuevo recorrido educativo del Museo Malvinas Quilmes - Principios","og_description":"La intendenta de Quilmes particip\u00f3 el lunes del acto de inauguraci\u00f3n del nuevo recorrido educativo del Museo Malvinas Quilmes, ubicado en la sede del Centro de Veteranos de Malvinas, en Joaqu\u00edn V. Gonz\u00e1lez 3657, de Quilmes Oeste. \u201cEs un orgullo que este Centro de Veteranos de nuestro municipio lleve adelante este trabajo tan exhaustivo. Lo...","og_url":"https:\/\/diarioprincipios.com\/index.php\/2024\/05\/21\/se-inauguro-el-nuevo-recorrido-educativo-del-museo-malvinas-quilmes\/","og_site_name":"Principios","article_published_time":"2024-05-21T14:26:13+00:00","article_modified_time":"2024-05-21T14:26:16+00:00","og_image":[{"width":853,"height":569,"url":"https:\/\/diarioprincipios.com\/wp-content\/uploads\/2024\/05\/Se-inauguro-el-nuevo-recorrido-educativo-del-Museo-Malvinas-Quilmes-3.jpg","type":"image\/jpeg"}],"author":"Hern\u00e1n L\u00f3pez","twitter_card":"summary_large_image","twitter_misc":{"Escrito por":"Hern\u00e1n L\u00f3pez","Tiempo de lectura":"3 minutos"},"schema":{"@context":"https:\/\/schema.org","@graph":[{"@type":"Article","@id":"https:\/\/diarioprincipios.com\/index.php\/2024\/05\/21\/se-inauguro-el-nuevo-recorrido-educativo-del-museo-malvinas-quilmes\/#article","isPartOf":{"@id":"https:\/\/diarioprincipios.com\/index.php\/2024\/05\/21\/se-inauguro-el-nuevo-recorrido-educativo-del-museo-malvinas-quilmes\/"},"author":{"name":"Hern\u00e1n L\u00f3pez","@id":"https:\/\/diarioprincipios.com\/#\/schema\/person\/436d5a1fd41a5e250e23ff5a6a7cb080"},"headline":"Se inaugur\u00f3 el nuevo recorrido educativo del Museo Malvinas Quilmes","datePublished":"2024-05-21T14:26:13+00:00","dateModified":"2024-05-21T14:26:16+00:00","mainEntityOfPage":{"@id":"https:\/\/diarioprincipios.com\/index.php\/2024\/05\/21\/se-inauguro-el-nuevo-recorrido-educativo-del-museo-malvinas-quilmes\/"},"wordCount":364,"commentCount":0,"publisher":{"@id":"https:\/\/diarioprincipios.com\/#organization"},"image":{"@id":"https:\/\/diarioprincipios.com\/index.php\/2024\/05\/21\/se-inauguro-el-nuevo-recorrido-educativo-del-museo-malvinas-quilmes\/#primaryimage"},"thumbnailUrl":"https:\/\/diarioprincipios.com\/wp-content\/uploads\/2024\/05\/Se-inauguro-el-nuevo-recorrido-educativo-del-Museo-Malvinas-Quilmes-3.jpg","articleSection":["Quilmes","Zonar Sur"],"inLanguage":"es","potentialAction":[{"@type":"CommentAction","name":"Comment","target":["https:\/\/diarioprincipios.com\/index.php\/2024\/05\/21\/se-inauguro-el-nuevo-recorrido-educativo-del-museo-malvinas-quilmes\/#respond"]}]},{"@type":"WebPage","@id":"https:\/\/diarioprincipios.com\/index.php\/2024\/05\/21\/se-inauguro-el-nuevo-recorrido-educativo-del-museo-malvinas-quilmes\/","url":"https:\/\/diarioprincipios.com\/index.php\/2024\/05\/21\/se-inauguro-el-nuevo-recorrido-educativo-del-museo-malvinas-quilmes\/","name":"Se inaugur\u00f3 el nuevo recorrido educativo del Museo Malvinas Quilmes - Principios","isPartOf":{"@id":"https:\/\/diarioprincipios.com\/#website"},"primaryImageOfPage":{"@id":"https:\/\/diarioprincipios.com\/index.php\/2024\/05\/21\/se-inauguro-el-nuevo-recorrido-educativo-del-museo-malvinas-quilmes\/#primaryimage"},"image":{"@id":"https:\/\/diarioprincipios.com\/index.php\/2024\/05\/21\/se-inauguro-el-nuevo-recorrido-educativo-del-museo-malvinas-quilmes\/#primaryimage"},"thumbnailUrl":"https:\/\/diarioprincipios.com\/wp-content\/uploads\/2024\/05\/Se-inauguro-el-nuevo-recorrido-educativo-del-Museo-Malvinas-Quilmes-3.jpg","datePublished":"2024-05-21T14:26:13+00:00","dateModified":"2024-05-21T14:26:16+00:00","breadcrumb":{"@id":"https:\/\/diarioprincipios.com\/index.php\/2024\/05\/21\/se-inauguro-el-nuevo-recorrido-educativo-del-museo-malvinas-quilmes\/#breadcrumb"},"inLanguage":"es","potentialAction":[{"@type":"ReadAction","target":["https:\/\/diarioprincipios.com\/index.php\/2024\/05\/21\/se-inauguro-el-nuevo-recorrido-educativo-del-museo-malvinas-quilmes\/"]}]},{"@type":"ImageObject","inLanguage":"es","@id":"https:\/\/diarioprincipios.com\/index.php\/2024\/05\/21\/se-inauguro-el-nuevo-recorrido-educativo-del-museo-malvinas-quilmes\/#primaryimage","url":"https:\/\/diarioprincipios.com\/wp-content\/uploads\/2024\/05\/Se-inauguro-el-nuevo-recorrido-educativo-del-Museo-Malvinas-Quilmes-3.jpg","contentUrl":"https:\/\/diarioprincipios.com\/wp-content\/uploads\/2024\/05\/Se-inauguro-el-nuevo-recorrido-educativo-del-Museo-Malvinas-Quilmes-3.jpg","width":853,"height":569},{"@type":"BreadcrumbList","@id":"https:\/\/diarioprincipios.com\/index.php\/2024\/05\/21\/se-inauguro-el-nuevo-recorrido-educativo-del-museo-malvinas-quilmes\/#breadcrumb","itemListElement":[{"@type":"ListItem","position":1,"name":"Portada","item":"https:\/\/diarioprincipios.com\/"},{"@type":"ListItem","position":2,"name":"Se inaugur\u00f3 el nuevo recorrido educativo del Museo Malvinas Quilmes"}]},{"@type":"WebSite","@id":"https:\/\/diarioprincipios.com\/#website","url":"https:\/\/diarioprincipios.com\/","name":"Principios","description":"Principios Diario","publisher":{"@id":"https:\/\/diarioprincipios.com\/#organization"},"potentialAction":[{"@type":"SearchAction","target":{"@type":"EntryPoint","urlTemplate":"https:\/\/diarioprincipios.com\/?s={search_term_string}"},"query-input":{"@type":"PropertyValueSpecification","valueRequired":true,"valueName":"search_term_string"}}],"inLanguage":"es"},{"@type":"Organization","@id":"https:\/\/diarioprincipios.com\/#organization","name":"Principios","url":"https:\/\/diarioprincipios.com\/","logo":{"@type":"ImageObject","inLanguage":"es","@id":"https:\/\/diarioprincipios.com\/#\/schema\/logo\/image\/","url":"https:\/\/diarioprincipios.com\/wp-content\/uploads\/2024\/04\/cropped-www.diarioprincipios.com_-1.png","contentUrl":"https:\/\/diarioprincipios.com\/wp-content\/uploads\/2024\/04\/cropped-www.diarioprincipios.com_-1.png","width":5325,"height":1454,"caption":"Principios"},"image":{"@id":"https:\/\/diarioprincipios.com\/#\/schema\/logo\/image\/"}},{"@type":"Person","@id":"https:\/\/diarioprincipios.com\/#\/schema\/person\/436d5a1fd41a5e250e23ff5a6a7cb080","name":"Hern\u00e1n L\u00f3pez","image":{"@type":"ImageObject","inLanguage":"es","@id":"https:\/\/diarioprincipios.com\/wp-content\/litespeed\/avatar\/11ddfe5610ff3bd100522525b2571f48.jpg?ver=1777653193","url":"https:\/\/diarioprincipios.com\/wp-content\/litespeed\/avatar\/11ddfe5610ff3bd100522525b2571f48.jpg?ver=1777653193","contentUrl":"https:\/\/diarioprincipios.com\/wp-content\/litespeed\/avatar\/11ddfe5610ff3bd100522525b2571f48.jpg?ver=1777653193","caption":"Hern\u00e1n L\u00f3pez"},"url":"https:\/\/diarioprincipios.com\/index.php\/author\/hernan\/"}]}},"jetpack_featured_media_url":"https:\/\/diarioprincipios.com\/wp-content\/uploads\/2024\/05\/Se-inauguro-el-nuevo-recorrido-educativo-del-Museo-Malvinas-Quilmes-3.jpg","_links":{"self":[{"href":"https:\/\/diarioprincipios.com\/index.php\/wp-json\/wp\/v2\/posts\/21934","targetHints":{"allow":["GET"]}}],"collection":[{"href":"https:\/\/diarioprincipios.com\/index.php\/wp-json\/wp\/v2\/posts"}],"about":[{"href":"https:\/\/diarioprincipios.com\/index.php\/wp-json\/wp\/v2\/types\/post"}],"author":[{"embeddable":true,"href":"https:\/\/diarioprincipios.com\/index.php\/wp-json\/wp\/v2\/users\/2"}],"replies":[{"embeddable":true,"href":"https:\/\/diarioprincipios.com\/index.php\/wp-json\/wp\/v2\/comments?post=21934"}],"version-history":[{"count":1,"href":"https:\/\/diarioprincipios.com\/index.php\/wp-json\/wp\/v2\/posts\/21934\/revisions"}],"predecessor-version":[{"id":21938,"href":"https:\/\/diarioprincipios.com\/index.php\/wp-json\/wp\/v2\/posts\/21934\/revisions\/21938"}],"wp:featuredmedia":[{"embeddable":true,"href":"https:\/\/diarioprincipios.com\/index.php\/wp-json\/wp\/v2\/media\/21937"}],"wp:attachment":[{"href":"https:\/\/diarioprincipios.com\/index.php\/wp-json\/wp\/v2\/media?parent=21934"}],"wp:term":[{"taxonomy":"category","embeddable":true,"href":"https:\/\/diarioprincipios.com\/index.php\/wp-json\/wp\/v2\/categories?post=21934"},{"taxonomy":"post_tag","embeddable":true,"href":"https:\/\/diarioprincipios.com\/index.php\/wp-json\/wp\/v2\/tags?post=21934"}],"curies":[{"name":"wp","href":"https:\/\/api.w.org\/{rel}","templated":true}]}}