{"id":2191,"date":"2020-05-27T13:22:43","date_gmt":"2020-05-27T16:22:43","guid":{"rendered":"http:\/\/diarioprincipios.com\/?p=2191"},"modified":"2020-05-27T13:22:44","modified_gmt":"2020-05-27T16:22:44","slug":"avellaneda-recibira-300-millones-de-pesos-para-obras-en-la-ciudad","status":"publish","type":"post","link":"https:\/\/diarioprincipios.com\/index.php\/2020\/05\/27\/avellaneda-recibira-300-millones-de-pesos-para-obras-en-la-ciudad\/","title":{"rendered":"Avellaneda recibir\u00e1 300 millones de pesos para obras en la ciudad"},"content":{"rendered":"\n<p>El intendente de Avellaneda, particip\u00f3 del acto de presentaci\u00f3n del&nbsp;Fondo de Infraestructura Municipal, que anunciaron en la ciudad de La Plata el Presidente Alberto Fern\u00e1ndez y el gobernador Axel Kicillof. &nbsp;<\/p>\n\n\n\n<p>Se trata de un plan de obras p\u00fablicas en el marco del citado FIM, que implica una inversi\u00f3n total de $ 19.557 millones y generar\u00e1 m\u00e1s de 8.700 puestos de trabajo, con paridad de g\u00e9nero.<\/p>\n\n\n\n<p>Puntualmente son 224 proyectos enmarcados en el Plan Argentina Hace para la reactivaci\u00f3n y ejecuci\u00f3n de obras en 40 municipios de la Provincia de Buenos Aires, que beneficiar\u00e1n a m\u00e1s de 13 millones de habitantes de la misma.<\/p>\n\n\n\n<p>En el caso de Avellaneda, se firmaron obras por un total de 300 millones de pesos que se concretar\u00e1n en nuestra ciudad, adem\u00e1s de generar empleo y desarrollo local.<\/p>\n\n\n\n<p>Previamente a suscribir el convenio, Ferraresi junto a su par de Quilmes, Mayra Mendoza, mantuvieron un encuentro de trabajo con el presidente Alberto Fern\u00e1ndez, el gobernador Axel Kicillof y el titular de la c\u00e1mara de Diputados, Sergio Massa, en el que se analiz\u00f3 la situaci\u00f3n sanitaria en el barrio de Villa Azul, adem\u00e1s de definir l\u00edneas de abordaje y continuidad para el trabajo articulado que se viene llevando a cabo con la participaci\u00f3n de los Estados Municipales como de distintos organismos nacionales y provinciales.<\/p>\n","protected":false},"excerpt":{"rendered":"<p>El intendente de Avellaneda, particip\u00f3 del acto de presentaci\u00f3n del&nbsp;Fondo de Infraestructura Municipal, que anunciaron en la ciudad de La Plata el Presidente Alberto Fern\u00e1ndez y el gobernador Axel Kicillof. &nbsp; Se trata de un plan de obras p\u00fablicas en el marco del citado FIM, que implica una inversi\u00f3n total de $ 19.557 millones y&#8230;<\/p>\n","protected":false},"author":2,"featured_media":2192,"comment_status":"open","ping_status":"open","sticky":false,"template":"","format":"standard","meta":{"footnotes":""},"categories":[5],"tags":[],"class_list":["post-2191","post","type-post","status-publish","format-standard","has-post-thumbnail","hentry","category-avellaneda"],"featured_image_src":"https:\/\/diarioprincipios.com\/wp-content\/uploads\/2020\/05\/eca4eafa-37b0-42ad-93e7-673acb6ce9fa-1024x682.jpg","blog_images":{"medium":"https:\/\/diarioprincipios.com\/wp-content\/uploads\/2020\/05\/eca4eafa-37b0-42ad-93e7-673acb6ce9fa-300x200.jpg","large":"https:\/\/diarioprincipios.com\/wp-content\/uploads\/2020\/05\/eca4eafa-37b0-42ad-93e7-673acb6ce9fa-1024x682.jpg"},"ams_acf":[],"yoast_head":"<!-- This site is optimized with the Yoast SEO plugin v27.3 - https:\/\/yoast.com\/product\/yoast-seo-wordpress\/ -->\n<title>Avellaneda recibir\u00e1 300 millones de pesos para obras en la ciudad - Principios<\/title>\n<meta name=\"robots\" content=\"index, follow, max-snippet:-1, max-image-preview:large, max-video-preview:-1\" \/>\n<link rel=\"canonical\" href=\"https:\/\/diarioprincipios.com\/index.php\/2020\/05\/27\/avellaneda-recibira-300-millones-de-pesos-para-obras-en-la-ciudad\/\" \/>\n<meta property=\"og:locale\" content=\"es_ES\" \/>\n<meta property=\"og:type\" content=\"article\" \/>\n<meta property=\"og:title\" content=\"Avellaneda recibir\u00e1 300 millones de pesos para obras en la ciudad - Principios\" \/>\n<meta property=\"og:description\" content=\"El intendente de Avellaneda, particip\u00f3 del acto de presentaci\u00f3n del&nbsp;Fondo de Infraestructura Municipal, que anunciaron en la ciudad de La Plata el Presidente Alberto Fern\u00e1ndez y el gobernador Axel Kicillof. &nbsp; Se trata de un plan de obras p\u00fablicas en el marco del citado FIM, que implica una inversi\u00f3n total de $ 19.557 millones y...\" \/>\n<meta property=\"og:url\" content=\"https:\/\/diarioprincipios.com\/index.php\/2020\/05\/27\/avellaneda-recibira-300-millones-de-pesos-para-obras-en-la-ciudad\/\" \/>\n<meta property=\"og:site_name\" content=\"Principios\" \/>\n<meta property=\"article:published_time\" content=\"2020-05-27T16:22:43+00:00\" \/>\n<meta property=\"article:modified_time\" content=\"2020-05-27T16:22:44+00:00\" \/>\n<meta property=\"og:image\" content=\"https:\/\/diarioprincipios.com\/wp-content\/uploads\/2020\/05\/eca4eafa-37b0-42ad-93e7-673acb6ce9fa.jpg\" \/>\n\t<meta property=\"og:image:width\" content=\"1073\" \/>\n\t<meta property=\"og:image:height\" content=\"715\" \/>\n\t<meta property=\"og:image:type\" content=\"image\/jpeg\" \/>\n<meta name=\"author\" content=\"Hern\u00e1n L\u00f3pez\" \/>\n<meta name=\"twitter:card\" content=\"summary_large_image\" \/>\n<meta name=\"twitter:label1\" content=\"Escrito por\" \/>\n\t<meta name=\"twitter:data1\" content=\"Hern\u00e1n L\u00f3pez\" \/>\n\t<meta name=\"twitter:label2\" content=\"Tiempo de lectura\" \/>\n\t<meta name=\"twitter:data2\" content=\"1 minuto\" \/>\n<script type=\"application\/ld+json\" class=\"yoast-schema-graph\">{\"@context\":\"https:\\\/\\\/schema.org\",\"@graph\":[{\"@type\":\"Article\",\"@id\":\"https:\\\/\\\/diarioprincipios.com\\\/index.php\\\/2020\\\/05\\\/27\\\/avellaneda-recibira-300-millones-de-pesos-para-obras-en-la-ciudad\\\/#article\",\"isPartOf\":{\"@id\":\"https:\\\/\\\/diarioprincipios.com\\\/index.php\\\/2020\\\/05\\\/27\\\/avellaneda-recibira-300-millones-de-pesos-para-obras-en-la-ciudad\\\/\"},\"author\":{\"name\":\"Hern\u00e1n L\u00f3pez\",\"@id\":\"https:\\\/\\\/diarioprincipios.com\\\/#\\\/schema\\\/person\\\/436d5a1fd41a5e250e23ff5a6a7cb080\"},\"headline\":\"Avellaneda recibir\u00e1 300 millones de pesos para obras en la ciudad\",\"datePublished\":\"2020-05-27T16:22:43+00:00\",\"dateModified\":\"2020-05-27T16:22:44+00:00\",\"mainEntityOfPage\":{\"@id\":\"https:\\\/\\\/diarioprincipios.com\\\/index.php\\\/2020\\\/05\\\/27\\\/avellaneda-recibira-300-millones-de-pesos-para-obras-en-la-ciudad\\\/\"},\"wordCount\":240,\"commentCount\":0,\"publisher\":{\"@id\":\"https:\\\/\\\/diarioprincipios.com\\\/#organization\"},\"image\":{\"@id\":\"https:\\\/\\\/diarioprincipios.com\\\/index.php\\\/2020\\\/05\\\/27\\\/avellaneda-recibira-300-millones-de-pesos-para-obras-en-la-ciudad\\\/#primaryimage\"},\"thumbnailUrl\":\"https:\\\/\\\/diarioprincipios.com\\\/wp-content\\\/uploads\\\/2020\\\/05\\\/eca4eafa-37b0-42ad-93e7-673acb6ce9fa.jpg\",\"articleSection\":[\"Avellaneda\"],\"inLanguage\":\"es\",\"potentialAction\":[{\"@type\":\"CommentAction\",\"name\":\"Comment\",\"target\":[\"https:\\\/\\\/diarioprincipios.com\\\/index.php\\\/2020\\\/05\\\/27\\\/avellaneda-recibira-300-millones-de-pesos-para-obras-en-la-ciudad\\\/#respond\"]}]},{\"@type\":\"WebPage\",\"@id\":\"https:\\\/\\\/diarioprincipios.com\\\/index.php\\\/2020\\\/05\\\/27\\\/avellaneda-recibira-300-millones-de-pesos-para-obras-en-la-ciudad\\\/\",\"url\":\"https:\\\/\\\/diarioprincipios.com\\\/index.php\\\/2020\\\/05\\\/27\\\/avellaneda-recibira-300-millones-de-pesos-para-obras-en-la-ciudad\\\/\",\"name\":\"Avellaneda recibir\u00e1 300 millones de pesos para obras en la ciudad - Principios\",\"isPartOf\":{\"@id\":\"https:\\\/\\\/diarioprincipios.com\\\/#website\"},\"primaryImageOfPage\":{\"@id\":\"https:\\\/\\\/diarioprincipios.com\\\/index.php\\\/2020\\\/05\\\/27\\\/avellaneda-recibira-300-millones-de-pesos-para-obras-en-la-ciudad\\\/#primaryimage\"},\"image\":{\"@id\":\"https:\\\/\\\/diarioprincipios.com\\\/index.php\\\/2020\\\/05\\\/27\\\/avellaneda-recibira-300-millones-de-pesos-para-obras-en-la-ciudad\\\/#primaryimage\"},\"thumbnailUrl\":\"https:\\\/\\\/diarioprincipios.com\\\/wp-content\\\/uploads\\\/2020\\\/05\\\/eca4eafa-37b0-42ad-93e7-673acb6ce9fa.jpg\",\"datePublished\":\"2020-05-27T16:22:43+00:00\",\"dateModified\":\"2020-05-27T16:22:44+00:00\",\"breadcrumb\":{\"@id\":\"https:\\\/\\\/diarioprincipios.com\\\/index.php\\\/2020\\\/05\\\/27\\\/avellaneda-recibira-300-millones-de-pesos-para-obras-en-la-ciudad\\\/#breadcrumb\"},\"inLanguage\":\"es\",\"potentialAction\":[{\"@type\":\"ReadAction\",\"target\":[\"https:\\\/\\\/diarioprincipios.com\\\/index.php\\\/2020\\\/05\\\/27\\\/avellaneda-recibira-300-millones-de-pesos-para-obras-en-la-ciudad\\\/\"]}]},{\"@type\":\"ImageObject\",\"inLanguage\":\"es\",\"@id\":\"https:\\\/\\\/diarioprincipios.com\\\/index.php\\\/2020\\\/05\\\/27\\\/avellaneda-recibira-300-millones-de-pesos-para-obras-en-la-ciudad\\\/#primaryimage\",\"url\":\"https:\\\/\\\/diarioprincipios.com\\\/wp-content\\\/uploads\\\/2020\\\/05\\\/eca4eafa-37b0-42ad-93e7-673acb6ce9fa.jpg\",\"contentUrl\":\"https:\\\/\\\/diarioprincipios.com\\\/wp-content\\\/uploads\\\/2020\\\/05\\\/eca4eafa-37b0-42ad-93e7-673acb6ce9fa.jpg\",\"width\":1073,\"height\":715},{\"@type\":\"BreadcrumbList\",\"@id\":\"https:\\\/\\\/diarioprincipios.com\\\/index.php\\\/2020\\\/05\\\/27\\\/avellaneda-recibira-300-millones-de-pesos-para-obras-en-la-ciudad\\\/#breadcrumb\",\"itemListElement\":[{\"@type\":\"ListItem\",\"position\":1,\"name\":\"Portada\",\"item\":\"https:\\\/\\\/diarioprincipios.com\\\/\"},{\"@type\":\"ListItem\",\"position\":2,\"name\":\"Avellaneda recibir\u00e1 300 millones de pesos para obras en la ciudad\"}]},{\"@type\":\"WebSite\",\"@id\":\"https:\\\/\\\/diarioprincipios.com\\\/#website\",\"url\":\"https:\\\/\\\/diarioprincipios.com\\\/\",\"name\":\"Principios\",\"description\":\"Principios Diario\",\"publisher\":{\"@id\":\"https:\\\/\\\/diarioprincipios.com\\\/#organization\"},\"potentialAction\":[{\"@type\":\"SearchAction\",\"target\":{\"@type\":\"EntryPoint\",\"urlTemplate\":\"https:\\\/\\\/diarioprincipios.com\\\/?s={search_term_string}\"},\"query-input\":{\"@type\":\"PropertyValueSpecification\",\"valueRequired\":true,\"valueName\":\"search_term_string\"}}],\"inLanguage\":\"es\"},{\"@type\":\"Organization\",\"@id\":\"https:\\\/\\\/diarioprincipios.com\\\/#organization\",\"name\":\"Principios\",\"url\":\"https:\\\/\\\/diarioprincipios.com\\\/\",\"logo\":{\"@type\":\"ImageObject\",\"inLanguage\":\"es\",\"@id\":\"https:\\\/\\\/diarioprincipios.com\\\/#\\\/schema\\\/logo\\\/image\\\/\",\"url\":\"https:\\\/\\\/diarioprincipios.com\\\/wp-content\\\/uploads\\\/2024\\\/04\\\/cropped-www.diarioprincipios.com_-1.png\",\"contentUrl\":\"https:\\\/\\\/diarioprincipios.com\\\/wp-content\\\/uploads\\\/2024\\\/04\\\/cropped-www.diarioprincipios.com_-1.png\",\"width\":5325,\"height\":1454,\"caption\":\"Principios\"},\"image\":{\"@id\":\"https:\\\/\\\/diarioprincipios.com\\\/#\\\/schema\\\/logo\\\/image\\\/\"}},{\"@type\":\"Person\",\"@id\":\"https:\\\/\\\/diarioprincipios.com\\\/#\\\/schema\\\/person\\\/436d5a1fd41a5e250e23ff5a6a7cb080\",\"name\":\"Hern\u00e1n L\u00f3pez\",\"image\":{\"@type\":\"ImageObject\",\"inLanguage\":\"es\",\"@id\":\"https:\\\/\\\/diarioprincipios.com\\\/wp-content\\\/litespeed\\\/avatar\\\/11ddfe5610ff3bd100522525b2571f48.jpg?ver=1777048341\",\"url\":\"https:\\\/\\\/diarioprincipios.com\\\/wp-content\\\/litespeed\\\/avatar\\\/11ddfe5610ff3bd100522525b2571f48.jpg?ver=1777048341\",\"contentUrl\":\"https:\\\/\\\/diarioprincipios.com\\\/wp-content\\\/litespeed\\\/avatar\\\/11ddfe5610ff3bd100522525b2571f48.jpg?ver=1777048341\",\"caption\":\"Hern\u00e1n L\u00f3pez\"},\"url\":\"https:\\\/\\\/diarioprincipios.com\\\/index.php\\\/author\\\/hernan\\\/\"}]}<\/script>\n<!-- \/ Yoast SEO plugin. -->","yoast_head_json":{"title":"Avellaneda recibir\u00e1 300 millones de pesos para obras en la ciudad - Principios","robots":{"index":"index","follow":"follow","max-snippet":"max-snippet:-1","max-image-preview":"max-image-preview:large","max-video-preview":"max-video-preview:-1"},"canonical":"https:\/\/diarioprincipios.com\/index.php\/2020\/05\/27\/avellaneda-recibira-300-millones-de-pesos-para-obras-en-la-ciudad\/","og_locale":"es_ES","og_type":"article","og_title":"Avellaneda recibir\u00e1 300 millones de pesos para obras en la ciudad - Principios","og_description":"El intendente de Avellaneda, particip\u00f3 del acto de presentaci\u00f3n del&nbsp;Fondo de Infraestructura Municipal, que anunciaron en la ciudad de La Plata el Presidente Alberto Fern\u00e1ndez y el gobernador Axel Kicillof. &nbsp; Se trata de un plan de obras p\u00fablicas en el marco del citado FIM, que implica una inversi\u00f3n total de $ 19.557 millones y...","og_url":"https:\/\/diarioprincipios.com\/index.php\/2020\/05\/27\/avellaneda-recibira-300-millones-de-pesos-para-obras-en-la-ciudad\/","og_site_name":"Principios","article_published_time":"2020-05-27T16:22:43+00:00","article_modified_time":"2020-05-27T16:22:44+00:00","og_image":[{"width":1073,"height":715,"url":"https:\/\/diarioprincipios.com\/wp-content\/uploads\/2020\/05\/eca4eafa-37b0-42ad-93e7-673acb6ce9fa.jpg","type":"image\/jpeg"}],"author":"Hern\u00e1n L\u00f3pez","twitter_card":"summary_large_image","twitter_misc":{"Escrito por":"Hern\u00e1n L\u00f3pez","Tiempo de lectura":"1 minuto"},"schema":{"@context":"https:\/\/schema.org","@graph":[{"@type":"Article","@id":"https:\/\/diarioprincipios.com\/index.php\/2020\/05\/27\/avellaneda-recibira-300-millones-de-pesos-para-obras-en-la-ciudad\/#article","isPartOf":{"@id":"https:\/\/diarioprincipios.com\/index.php\/2020\/05\/27\/avellaneda-recibira-300-millones-de-pesos-para-obras-en-la-ciudad\/"},"author":{"name":"Hern\u00e1n L\u00f3pez","@id":"https:\/\/diarioprincipios.com\/#\/schema\/person\/436d5a1fd41a5e250e23ff5a6a7cb080"},"headline":"Avellaneda recibir\u00e1 300 millones de pesos para obras en la ciudad","datePublished":"2020-05-27T16:22:43+00:00","dateModified":"2020-05-27T16:22:44+00:00","mainEntityOfPage":{"@id":"https:\/\/diarioprincipios.com\/index.php\/2020\/05\/27\/avellaneda-recibira-300-millones-de-pesos-para-obras-en-la-ciudad\/"},"wordCount":240,"commentCount":0,"publisher":{"@id":"https:\/\/diarioprincipios.com\/#organization"},"image":{"@id":"https:\/\/diarioprincipios.com\/index.php\/2020\/05\/27\/avellaneda-recibira-300-millones-de-pesos-para-obras-en-la-ciudad\/#primaryimage"},"thumbnailUrl":"https:\/\/diarioprincipios.com\/wp-content\/uploads\/2020\/05\/eca4eafa-37b0-42ad-93e7-673acb6ce9fa.jpg","articleSection":["Avellaneda"],"inLanguage":"es","potentialAction":[{"@type":"CommentAction","name":"Comment","target":["https:\/\/diarioprincipios.com\/index.php\/2020\/05\/27\/avellaneda-recibira-300-millones-de-pesos-para-obras-en-la-ciudad\/#respond"]}]},{"@type":"WebPage","@id":"https:\/\/diarioprincipios.com\/index.php\/2020\/05\/27\/avellaneda-recibira-300-millones-de-pesos-para-obras-en-la-ciudad\/","url":"https:\/\/diarioprincipios.com\/index.php\/2020\/05\/27\/avellaneda-recibira-300-millones-de-pesos-para-obras-en-la-ciudad\/","name":"Avellaneda recibir\u00e1 300 millones de pesos para obras en la ciudad - Principios","isPartOf":{"@id":"https:\/\/diarioprincipios.com\/#website"},"primaryImageOfPage":{"@id":"https:\/\/diarioprincipios.com\/index.php\/2020\/05\/27\/avellaneda-recibira-300-millones-de-pesos-para-obras-en-la-ciudad\/#primaryimage"},"image":{"@id":"https:\/\/diarioprincipios.com\/index.php\/2020\/05\/27\/avellaneda-recibira-300-millones-de-pesos-para-obras-en-la-ciudad\/#primaryimage"},"thumbnailUrl":"https:\/\/diarioprincipios.com\/wp-content\/uploads\/2020\/05\/eca4eafa-37b0-42ad-93e7-673acb6ce9fa.jpg","datePublished":"2020-05-27T16:22:43+00:00","dateModified":"2020-05-27T16:22:44+00:00","breadcrumb":{"@id":"https:\/\/diarioprincipios.com\/index.php\/2020\/05\/27\/avellaneda-recibira-300-millones-de-pesos-para-obras-en-la-ciudad\/#breadcrumb"},"inLanguage":"es","potentialAction":[{"@type":"ReadAction","target":["https:\/\/diarioprincipios.com\/index.php\/2020\/05\/27\/avellaneda-recibira-300-millones-de-pesos-para-obras-en-la-ciudad\/"]}]},{"@type":"ImageObject","inLanguage":"es","@id":"https:\/\/diarioprincipios.com\/index.php\/2020\/05\/27\/avellaneda-recibira-300-millones-de-pesos-para-obras-en-la-ciudad\/#primaryimage","url":"https:\/\/diarioprincipios.com\/wp-content\/uploads\/2020\/05\/eca4eafa-37b0-42ad-93e7-673acb6ce9fa.jpg","contentUrl":"https:\/\/diarioprincipios.com\/wp-content\/uploads\/2020\/05\/eca4eafa-37b0-42ad-93e7-673acb6ce9fa.jpg","width":1073,"height":715},{"@type":"BreadcrumbList","@id":"https:\/\/diarioprincipios.com\/index.php\/2020\/05\/27\/avellaneda-recibira-300-millones-de-pesos-para-obras-en-la-ciudad\/#breadcrumb","itemListElement":[{"@type":"ListItem","position":1,"name":"Portada","item":"https:\/\/diarioprincipios.com\/"},{"@type":"ListItem","position":2,"name":"Avellaneda recibir\u00e1 300 millones de pesos para obras en la ciudad"}]},{"@type":"WebSite","@id":"https:\/\/diarioprincipios.com\/#website","url":"https:\/\/diarioprincipios.com\/","name":"Principios","description":"Principios Diario","publisher":{"@id":"https:\/\/diarioprincipios.com\/#organization"},"potentialAction":[{"@type":"SearchAction","target":{"@type":"EntryPoint","urlTemplate":"https:\/\/diarioprincipios.com\/?s={search_term_string}"},"query-input":{"@type":"PropertyValueSpecification","valueRequired":true,"valueName":"search_term_string"}}],"inLanguage":"es"},{"@type":"Organization","@id":"https:\/\/diarioprincipios.com\/#organization","name":"Principios","url":"https:\/\/diarioprincipios.com\/","logo":{"@type":"ImageObject","inLanguage":"es","@id":"https:\/\/diarioprincipios.com\/#\/schema\/logo\/image\/","url":"https:\/\/diarioprincipios.com\/wp-content\/uploads\/2024\/04\/cropped-www.diarioprincipios.com_-1.png","contentUrl":"https:\/\/diarioprincipios.com\/wp-content\/uploads\/2024\/04\/cropped-www.diarioprincipios.com_-1.png","width":5325,"height":1454,"caption":"Principios"},"image":{"@id":"https:\/\/diarioprincipios.com\/#\/schema\/logo\/image\/"}},{"@type":"Person","@id":"https:\/\/diarioprincipios.com\/#\/schema\/person\/436d5a1fd41a5e250e23ff5a6a7cb080","name":"Hern\u00e1n L\u00f3pez","image":{"@type":"ImageObject","inLanguage":"es","@id":"https:\/\/diarioprincipios.com\/wp-content\/litespeed\/avatar\/11ddfe5610ff3bd100522525b2571f48.jpg?ver=1777048341","url":"https:\/\/diarioprincipios.com\/wp-content\/litespeed\/avatar\/11ddfe5610ff3bd100522525b2571f48.jpg?ver=1777048341","contentUrl":"https:\/\/diarioprincipios.com\/wp-content\/litespeed\/avatar\/11ddfe5610ff3bd100522525b2571f48.jpg?ver=1777048341","caption":"Hern\u00e1n L\u00f3pez"},"url":"https:\/\/diarioprincipios.com\/index.php\/author\/hernan\/"}]}},"jetpack_featured_media_url":"https:\/\/diarioprincipios.com\/wp-content\/uploads\/2020\/05\/eca4eafa-37b0-42ad-93e7-673acb6ce9fa.jpg","_links":{"self":[{"href":"https:\/\/diarioprincipios.com\/index.php\/wp-json\/wp\/v2\/posts\/2191","targetHints":{"allow":["GET"]}}],"collection":[{"href":"https:\/\/diarioprincipios.com\/index.php\/wp-json\/wp\/v2\/posts"}],"about":[{"href":"https:\/\/diarioprincipios.com\/index.php\/wp-json\/wp\/v2\/types\/post"}],"author":[{"embeddable":true,"href":"https:\/\/diarioprincipios.com\/index.php\/wp-json\/wp\/v2\/users\/2"}],"replies":[{"embeddable":true,"href":"https:\/\/diarioprincipios.com\/index.php\/wp-json\/wp\/v2\/comments?post=2191"}],"version-history":[{"count":1,"href":"https:\/\/diarioprincipios.com\/index.php\/wp-json\/wp\/v2\/posts\/2191\/revisions"}],"predecessor-version":[{"id":2193,"href":"https:\/\/diarioprincipios.com\/index.php\/wp-json\/wp\/v2\/posts\/2191\/revisions\/2193"}],"wp:featuredmedia":[{"embeddable":true,"href":"https:\/\/diarioprincipios.com\/index.php\/wp-json\/wp\/v2\/media\/2192"}],"wp:attachment":[{"href":"https:\/\/diarioprincipios.com\/index.php\/wp-json\/wp\/v2\/media?parent=2191"}],"wp:term":[{"taxonomy":"category","embeddable":true,"href":"https:\/\/diarioprincipios.com\/index.php\/wp-json\/wp\/v2\/categories?post=2191"},{"taxonomy":"post_tag","embeddable":true,"href":"https:\/\/diarioprincipios.com\/index.php\/wp-json\/wp\/v2\/tags?post=2191"}],"curies":[{"name":"wp","href":"https:\/\/api.w.org\/{rel}","templated":true}]}}