{"id":219,"date":"2020-03-08T17:17:11","date_gmt":"2020-03-08T17:17:11","guid":{"rendered":"http:\/\/diarioprincipios.com\/?p=219"},"modified":"2020-03-08T17:17:13","modified_gmt":"2020-03-08T17:17:13","slug":"comenzaron-las-actividades-por-el-mes-de-la-mujer","status":"publish","type":"post","link":"https:\/\/diarioprincipios.com\/index.php\/2020\/03\/08\/comenzaron-las-actividades-por-el-mes-de-la-mujer\/","title":{"rendered":"Comenzaron las actividades por el Mes de la Mujer"},"content":{"rendered":"\n<p><strong>Con la apertura de una muestra en homenaje a Julieta Lanteri, en planta baja de la Municipalidad de Berazategui (14 entre 131 y 131 A), se dio inicio a las acciones que tendr\u00e1n lugar en toda la ciudad en el marco del Mes de la Mujer. El intendente, Juan Jos\u00e9 Mussi, recorri\u00f3 la exposici\u00f3n, junto a un gran n\u00famero de empleadas municipales, y habl\u00f3 sobre la nueva Direcci\u00f3n Municipal de la Mujer y del lanzamiento del programa municipal de Prevenci\u00f3n a la Violencia contra las Mujeres.<\/strong><\/p>\n\n\n\n<p>\u201cLa Direcci\u00f3n est\u00e1 al servicio de las mujeres de Berazategui. Adem\u00e1s, se pone en marcha el programa municipal contra la violencia de g\u00e9nero. Todos los sectores municipales est\u00e1n involucrados para lograr que ese flagelo no se siga produciendo\u201d, destac\u00f3 Juan Jos\u00e9 Mussi durante su discurso.<\/p>\n\n\n\n<p>Asimismo, hizo hincapi\u00e9 en que \u201cesta rebeli\u00f3n de las mujeres hace que se vayan adquiriendo derechos de forma continua. Qu\u00e9 bueno que esta sociedad va tomando conciencia y desarroll\u00e1ndose en ese sentido\u201d.<\/p>\n\n\n\n<p>Por otro lado, el Jefe comunal se\u00f1al\u00f3 que las empleadas municipales que deseen participar de actividades por el D\u00eda de la Mujer, no tendr\u00e1n ausente el lunes 9 de marzo. \u201cEs una forma de decir que el Municipio est\u00e1 presente en esta causa, y que ya se puede hablar de estas cosas sin temores\u201d.<\/p>\n\n\n\n<p>En tanto, la directora de la Mujer, Salom\u00e9 Pereyra, explic\u00f3: \u201cCreemos que va a ser un mes de muchas satisfacciones y estamos muy orgullosas de pertenecer a un municipio que no mira hacia el costado y trabaja la tem\u00e1tica\u201d.<\/p>\n\n\n\n<p>El Mes de la Mujer incluye muestras, homenajes, charlas, jornadas de salud, obras de teatro, y mucho m\u00e1s, que se van a desarrollar hasta los primeros d\u00edas de abril. Las mismas se pueden conocer en detalle, ingresando a&nbsp;<a rel=\"noreferrer noopener\" target=\"_blank\" href=\"http:\/\/berazategui.gob.ar\/mesdelamujer\">berazategui.gob.ar\/mesdelamujer<\/a>.<\/p>\n\n\n\n<p><strong>Muestra \u201cLos derechos no se mendigan, se conquistan\u201d<\/strong><\/p>\n\n\n\n<p>La muestra homenaje a Julieta Lanteri, pionera en la lucha por los derechos c\u00edvicos de las mujeres y vecina de Berazategui, dio inicio a las actividades organizadas en el marco del Mes de la Mujer. \u201cLos derechos no se mendigan, se conquistan\u201d contiene 18 grabados aleg\u00f3ricos realizados durante el 2019 por participantes del Laboratorio de Artes Gr\u00e1ficas &#8211; Taller de Grabado de la Secretar\u00eda de Cultura y Educaci\u00f3n, que funciona en el Centro Cultural Do\u00f1a Conce y Don Santiago.<\/p>\n\n\n\n<p>Sobre la exposici\u00f3n, la directora de Patrimonio y Pol\u00edticas de Identidad, Liliana Porfiri, explic\u00f3: \u201cCada uno de los artistas que expone quiso, desde su lugar, poner en relieve un aspecto de la personalidad de Julieta Lanteri. Ninguno de los grabados es igual al otro\u201d.<\/p>\n\n\n\n<p>La exposici\u00f3n es sobre Julieta Lanteri, quien fue m\u00e9dica, pol\u00edtica y militante feminista, primera egresada del Colegio Nacional de La Plata, adem\u00e1s de ser la quinta m\u00e9dica del pa\u00eds en tiempos donde s\u00f3lo los hombres acced\u00edan a t\u00edtulos universitarios. Tambi\u00e9n fue la primera mujer en la Argentina y Latinoam\u00e9rica que logr\u00f3 votar (en 1911) y fue fundadora de la Asociaci\u00f3n de Universitarias Argentinas. Fund\u00f3 el Partido Feminista Nacional y fue candidata a Diputada Nacional en seis oportunidades, cuando las mujeres ten\u00edan vedado el derecho a votar. Vivi\u00f3 en Berazategui, junto a su hermana Regina, durante la \u00faltima etapa de su vida, en \u201cLa Chaque\u00f1a\u201d, reconocida propiedad ubicada en Avenida Presidente N\u00e9stor Kirchner y 24.<\/p>\n\n\n\n<p>Esta no es la primera vez que Berazategui la homenajea, ya que el Municipio, a trav\u00e9s de una ordenanza, concret\u00f3 la imposici\u00f3n del nombre \u201cDra. Julieta Lanteri\u201d a la Av. 21, entre la Av. Pte. N\u00e9stor Kirchner y la ruta Provincial N\u00b0 36.<\/p>\n","protected":false},"excerpt":{"rendered":"<p>Con la apertura de una muestra en homenaje a Julieta Lanteri, en planta baja de la Municipalidad de Berazategui (14 entre 131 y 131 A), se dio inicio a las acciones que tendr\u00e1n lugar en toda la ciudad en el marco del Mes de la Mujer. El intendente, Juan Jos\u00e9 Mussi, recorri\u00f3 la exposici\u00f3n, junto&#8230;<\/p>\n","protected":false},"author":2,"featured_media":220,"comment_status":"open","ping_status":"open","sticky":false,"template":"","format":"standard","meta":{"footnotes":""},"categories":[3],"tags":[],"class_list":["post-219","post","type-post","status-publish","format-standard","has-post-thumbnail","hentry","category-berazategui"],"featured_image_src":"https:\/\/diarioprincipios.com\/wp-content\/uploads\/2020\/03\/20200306_Acto_Dia_de_La_Mujer_Playon_Municipal_FS_068-1024x683.jpg","blog_images":{"medium":"https:\/\/diarioprincipios.com\/wp-content\/uploads\/2020\/03\/20200306_Acto_Dia_de_La_Mujer_Playon_Municipal_FS_068-300x200.jpg","large":"https:\/\/diarioprincipios.com\/wp-content\/uploads\/2020\/03\/20200306_Acto_Dia_de_La_Mujer_Playon_Municipal_FS_068-1024x683.jpg"},"ams_acf":[],"yoast_head":"<!-- This site is optimized with the Yoast SEO plugin v27.3 - https:\/\/yoast.com\/product\/yoast-seo-wordpress\/ -->\n<title>Comenzaron las actividades por el Mes de la Mujer - Principios<\/title>\n<meta name=\"robots\" content=\"index, follow, max-snippet:-1, max-image-preview:large, max-video-preview:-1\" \/>\n<link rel=\"canonical\" href=\"https:\/\/diarioprincipios.com\/index.php\/2020\/03\/08\/comenzaron-las-actividades-por-el-mes-de-la-mujer\/\" \/>\n<meta property=\"og:locale\" content=\"es_ES\" \/>\n<meta property=\"og:type\" content=\"article\" \/>\n<meta property=\"og:title\" content=\"Comenzaron las actividades por el Mes de la Mujer - Principios\" \/>\n<meta property=\"og:description\" content=\"Con la apertura de una muestra en homenaje a Julieta Lanteri, en planta baja de la Municipalidad de Berazategui (14 entre 131 y 131 A), se dio inicio a las acciones que tendr\u00e1n lugar en toda la ciudad en el marco del Mes de la Mujer. El intendente, Juan Jos\u00e9 Mussi, recorri\u00f3 la exposici\u00f3n, junto...\" \/>\n<meta property=\"og:url\" content=\"https:\/\/diarioprincipios.com\/index.php\/2020\/03\/08\/comenzaron-las-actividades-por-el-mes-de-la-mujer\/\" \/>\n<meta property=\"og:site_name\" content=\"Principios\" \/>\n<meta property=\"article:published_time\" content=\"2020-03-08T17:17:11+00:00\" \/>\n<meta property=\"article:modified_time\" content=\"2020-03-08T17:17:13+00:00\" \/>\n<meta property=\"og:image\" content=\"https:\/\/diarioprincipios.com\/wp-content\/uploads\/2020\/03\/20200306_Acto_Dia_de_La_Mujer_Playon_Municipal_FS_068.jpg\" \/>\n\t<meta property=\"og:image:width\" content=\"1920\" \/>\n\t<meta property=\"og:image:height\" content=\"1280\" \/>\n\t<meta property=\"og:image:type\" content=\"image\/jpeg\" \/>\n<meta name=\"author\" content=\"Hern\u00e1n L\u00f3pez\" \/>\n<meta name=\"twitter:card\" content=\"summary_large_image\" \/>\n<meta name=\"twitter:label1\" content=\"Escrito por\" \/>\n\t<meta name=\"twitter:data1\" content=\"Hern\u00e1n L\u00f3pez\" \/>\n\t<meta name=\"twitter:label2\" content=\"Tiempo de lectura\" \/>\n\t<meta name=\"twitter:data2\" content=\"3 minutos\" \/>\n<script type=\"application\/ld+json\" class=\"yoast-schema-graph\">{\"@context\":\"https:\\\/\\\/schema.org\",\"@graph\":[{\"@type\":\"Article\",\"@id\":\"https:\\\/\\\/diarioprincipios.com\\\/index.php\\\/2020\\\/03\\\/08\\\/comenzaron-las-actividades-por-el-mes-de-la-mujer\\\/#article\",\"isPartOf\":{\"@id\":\"https:\\\/\\\/diarioprincipios.com\\\/index.php\\\/2020\\\/03\\\/08\\\/comenzaron-las-actividades-por-el-mes-de-la-mujer\\\/\"},\"author\":{\"name\":\"Hern\u00e1n L\u00f3pez\",\"@id\":\"https:\\\/\\\/diarioprincipios.com\\\/#\\\/schema\\\/person\\\/436d5a1fd41a5e250e23ff5a6a7cb080\"},\"headline\":\"Comenzaron las actividades por el Mes de la Mujer\",\"datePublished\":\"2020-03-08T17:17:11+00:00\",\"dateModified\":\"2020-03-08T17:17:13+00:00\",\"mainEntityOfPage\":{\"@id\":\"https:\\\/\\\/diarioprincipios.com\\\/index.php\\\/2020\\\/03\\\/08\\\/comenzaron-las-actividades-por-el-mes-de-la-mujer\\\/\"},\"wordCount\":629,\"commentCount\":0,\"publisher\":{\"@id\":\"https:\\\/\\\/diarioprincipios.com\\\/#organization\"},\"image\":{\"@id\":\"https:\\\/\\\/diarioprincipios.com\\\/index.php\\\/2020\\\/03\\\/08\\\/comenzaron-las-actividades-por-el-mes-de-la-mujer\\\/#primaryimage\"},\"thumbnailUrl\":\"https:\\\/\\\/diarioprincipios.com\\\/wp-content\\\/uploads\\\/2020\\\/03\\\/20200306_Acto_Dia_de_La_Mujer_Playon_Municipal_FS_068.jpg\",\"articleSection\":[\"Berazategui\"],\"inLanguage\":\"es\",\"potentialAction\":[{\"@type\":\"CommentAction\",\"name\":\"Comment\",\"target\":[\"https:\\\/\\\/diarioprincipios.com\\\/index.php\\\/2020\\\/03\\\/08\\\/comenzaron-las-actividades-por-el-mes-de-la-mujer\\\/#respond\"]}]},{\"@type\":\"WebPage\",\"@id\":\"https:\\\/\\\/diarioprincipios.com\\\/index.php\\\/2020\\\/03\\\/08\\\/comenzaron-las-actividades-por-el-mes-de-la-mujer\\\/\",\"url\":\"https:\\\/\\\/diarioprincipios.com\\\/index.php\\\/2020\\\/03\\\/08\\\/comenzaron-las-actividades-por-el-mes-de-la-mujer\\\/\",\"name\":\"Comenzaron las actividades por el Mes de la Mujer - Principios\",\"isPartOf\":{\"@id\":\"https:\\\/\\\/diarioprincipios.com\\\/#website\"},\"primaryImageOfPage\":{\"@id\":\"https:\\\/\\\/diarioprincipios.com\\\/index.php\\\/2020\\\/03\\\/08\\\/comenzaron-las-actividades-por-el-mes-de-la-mujer\\\/#primaryimage\"},\"image\":{\"@id\":\"https:\\\/\\\/diarioprincipios.com\\\/index.php\\\/2020\\\/03\\\/08\\\/comenzaron-las-actividades-por-el-mes-de-la-mujer\\\/#primaryimage\"},\"thumbnailUrl\":\"https:\\\/\\\/diarioprincipios.com\\\/wp-content\\\/uploads\\\/2020\\\/03\\\/20200306_Acto_Dia_de_La_Mujer_Playon_Municipal_FS_068.jpg\",\"datePublished\":\"2020-03-08T17:17:11+00:00\",\"dateModified\":\"2020-03-08T17:17:13+00:00\",\"breadcrumb\":{\"@id\":\"https:\\\/\\\/diarioprincipios.com\\\/index.php\\\/2020\\\/03\\\/08\\\/comenzaron-las-actividades-por-el-mes-de-la-mujer\\\/#breadcrumb\"},\"inLanguage\":\"es\",\"potentialAction\":[{\"@type\":\"ReadAction\",\"target\":[\"https:\\\/\\\/diarioprincipios.com\\\/index.php\\\/2020\\\/03\\\/08\\\/comenzaron-las-actividades-por-el-mes-de-la-mujer\\\/\"]}]},{\"@type\":\"ImageObject\",\"inLanguage\":\"es\",\"@id\":\"https:\\\/\\\/diarioprincipios.com\\\/index.php\\\/2020\\\/03\\\/08\\\/comenzaron-las-actividades-por-el-mes-de-la-mujer\\\/#primaryimage\",\"url\":\"https:\\\/\\\/diarioprincipios.com\\\/wp-content\\\/uploads\\\/2020\\\/03\\\/20200306_Acto_Dia_de_La_Mujer_Playon_Municipal_FS_068.jpg\",\"contentUrl\":\"https:\\\/\\\/diarioprincipios.com\\\/wp-content\\\/uploads\\\/2020\\\/03\\\/20200306_Acto_Dia_de_La_Mujer_Playon_Municipal_FS_068.jpg\",\"width\":1920,\"height\":1280},{\"@type\":\"BreadcrumbList\",\"@id\":\"https:\\\/\\\/diarioprincipios.com\\\/index.php\\\/2020\\\/03\\\/08\\\/comenzaron-las-actividades-por-el-mes-de-la-mujer\\\/#breadcrumb\",\"itemListElement\":[{\"@type\":\"ListItem\",\"position\":1,\"name\":\"Portada\",\"item\":\"https:\\\/\\\/diarioprincipios.com\\\/\"},{\"@type\":\"ListItem\",\"position\":2,\"name\":\"Comenzaron las actividades por el Mes de la Mujer\"}]},{\"@type\":\"WebSite\",\"@id\":\"https:\\\/\\\/diarioprincipios.com\\\/#website\",\"url\":\"https:\\\/\\\/diarioprincipios.com\\\/\",\"name\":\"Principios\",\"description\":\"Principios Diario\",\"publisher\":{\"@id\":\"https:\\\/\\\/diarioprincipios.com\\\/#organization\"},\"potentialAction\":[{\"@type\":\"SearchAction\",\"target\":{\"@type\":\"EntryPoint\",\"urlTemplate\":\"https:\\\/\\\/diarioprincipios.com\\\/?s={search_term_string}\"},\"query-input\":{\"@type\":\"PropertyValueSpecification\",\"valueRequired\":true,\"valueName\":\"search_term_string\"}}],\"inLanguage\":\"es\"},{\"@type\":\"Organization\",\"@id\":\"https:\\\/\\\/diarioprincipios.com\\\/#organization\",\"name\":\"Principios\",\"url\":\"https:\\\/\\\/diarioprincipios.com\\\/\",\"logo\":{\"@type\":\"ImageObject\",\"inLanguage\":\"es\",\"@id\":\"https:\\\/\\\/diarioprincipios.com\\\/#\\\/schema\\\/logo\\\/image\\\/\",\"url\":\"https:\\\/\\\/diarioprincipios.com\\\/wp-content\\\/uploads\\\/2024\\\/04\\\/cropped-www.diarioprincipios.com_-1.png\",\"contentUrl\":\"https:\\\/\\\/diarioprincipios.com\\\/wp-content\\\/uploads\\\/2024\\\/04\\\/cropped-www.diarioprincipios.com_-1.png\",\"width\":5325,\"height\":1454,\"caption\":\"Principios\"},\"image\":{\"@id\":\"https:\\\/\\\/diarioprincipios.com\\\/#\\\/schema\\\/logo\\\/image\\\/\"}},{\"@type\":\"Person\",\"@id\":\"https:\\\/\\\/diarioprincipios.com\\\/#\\\/schema\\\/person\\\/436d5a1fd41a5e250e23ff5a6a7cb080\",\"name\":\"Hern\u00e1n L\u00f3pez\",\"image\":{\"@type\":\"ImageObject\",\"inLanguage\":\"es\",\"@id\":\"https:\\\/\\\/diarioprincipios.com\\\/wp-content\\\/litespeed\\\/avatar\\\/11ddfe5610ff3bd100522525b2571f48.jpg?ver=1777653193\",\"url\":\"https:\\\/\\\/diarioprincipios.com\\\/wp-content\\\/litespeed\\\/avatar\\\/11ddfe5610ff3bd100522525b2571f48.jpg?ver=1777653193\",\"contentUrl\":\"https:\\\/\\\/diarioprincipios.com\\\/wp-content\\\/litespeed\\\/avatar\\\/11ddfe5610ff3bd100522525b2571f48.jpg?ver=1777653193\",\"caption\":\"Hern\u00e1n L\u00f3pez\"},\"url\":\"https:\\\/\\\/diarioprincipios.com\\\/index.php\\\/author\\\/hernan\\\/\"}]}<\/script>\n<!-- \/ Yoast SEO plugin. -->","yoast_head_json":{"title":"Comenzaron las actividades por el Mes de la Mujer - Principios","robots":{"index":"index","follow":"follow","max-snippet":"max-snippet:-1","max-image-preview":"max-image-preview:large","max-video-preview":"max-video-preview:-1"},"canonical":"https:\/\/diarioprincipios.com\/index.php\/2020\/03\/08\/comenzaron-las-actividades-por-el-mes-de-la-mujer\/","og_locale":"es_ES","og_type":"article","og_title":"Comenzaron las actividades por el Mes de la Mujer - Principios","og_description":"Con la apertura de una muestra en homenaje a Julieta Lanteri, en planta baja de la Municipalidad de Berazategui (14 entre 131 y 131 A), se dio inicio a las acciones que tendr\u00e1n lugar en toda la ciudad en el marco del Mes de la Mujer. El intendente, Juan Jos\u00e9 Mussi, recorri\u00f3 la exposici\u00f3n, junto...","og_url":"https:\/\/diarioprincipios.com\/index.php\/2020\/03\/08\/comenzaron-las-actividades-por-el-mes-de-la-mujer\/","og_site_name":"Principios","article_published_time":"2020-03-08T17:17:11+00:00","article_modified_time":"2020-03-08T17:17:13+00:00","og_image":[{"width":1920,"height":1280,"url":"https:\/\/diarioprincipios.com\/wp-content\/uploads\/2020\/03\/20200306_Acto_Dia_de_La_Mujer_Playon_Municipal_FS_068.jpg","type":"image\/jpeg"}],"author":"Hern\u00e1n L\u00f3pez","twitter_card":"summary_large_image","twitter_misc":{"Escrito por":"Hern\u00e1n L\u00f3pez","Tiempo de lectura":"3 minutos"},"schema":{"@context":"https:\/\/schema.org","@graph":[{"@type":"Article","@id":"https:\/\/diarioprincipios.com\/index.php\/2020\/03\/08\/comenzaron-las-actividades-por-el-mes-de-la-mujer\/#article","isPartOf":{"@id":"https:\/\/diarioprincipios.com\/index.php\/2020\/03\/08\/comenzaron-las-actividades-por-el-mes-de-la-mujer\/"},"author":{"name":"Hern\u00e1n L\u00f3pez","@id":"https:\/\/diarioprincipios.com\/#\/schema\/person\/436d5a1fd41a5e250e23ff5a6a7cb080"},"headline":"Comenzaron las actividades por el Mes de la Mujer","datePublished":"2020-03-08T17:17:11+00:00","dateModified":"2020-03-08T17:17:13+00:00","mainEntityOfPage":{"@id":"https:\/\/diarioprincipios.com\/index.php\/2020\/03\/08\/comenzaron-las-actividades-por-el-mes-de-la-mujer\/"},"wordCount":629,"commentCount":0,"publisher":{"@id":"https:\/\/diarioprincipios.com\/#organization"},"image":{"@id":"https:\/\/diarioprincipios.com\/index.php\/2020\/03\/08\/comenzaron-las-actividades-por-el-mes-de-la-mujer\/#primaryimage"},"thumbnailUrl":"https:\/\/diarioprincipios.com\/wp-content\/uploads\/2020\/03\/20200306_Acto_Dia_de_La_Mujer_Playon_Municipal_FS_068.jpg","articleSection":["Berazategui"],"inLanguage":"es","potentialAction":[{"@type":"CommentAction","name":"Comment","target":["https:\/\/diarioprincipios.com\/index.php\/2020\/03\/08\/comenzaron-las-actividades-por-el-mes-de-la-mujer\/#respond"]}]},{"@type":"WebPage","@id":"https:\/\/diarioprincipios.com\/index.php\/2020\/03\/08\/comenzaron-las-actividades-por-el-mes-de-la-mujer\/","url":"https:\/\/diarioprincipios.com\/index.php\/2020\/03\/08\/comenzaron-las-actividades-por-el-mes-de-la-mujer\/","name":"Comenzaron las actividades por el Mes de la Mujer - Principios","isPartOf":{"@id":"https:\/\/diarioprincipios.com\/#website"},"primaryImageOfPage":{"@id":"https:\/\/diarioprincipios.com\/index.php\/2020\/03\/08\/comenzaron-las-actividades-por-el-mes-de-la-mujer\/#primaryimage"},"image":{"@id":"https:\/\/diarioprincipios.com\/index.php\/2020\/03\/08\/comenzaron-las-actividades-por-el-mes-de-la-mujer\/#primaryimage"},"thumbnailUrl":"https:\/\/diarioprincipios.com\/wp-content\/uploads\/2020\/03\/20200306_Acto_Dia_de_La_Mujer_Playon_Municipal_FS_068.jpg","datePublished":"2020-03-08T17:17:11+00:00","dateModified":"2020-03-08T17:17:13+00:00","breadcrumb":{"@id":"https:\/\/diarioprincipios.com\/index.php\/2020\/03\/08\/comenzaron-las-actividades-por-el-mes-de-la-mujer\/#breadcrumb"},"inLanguage":"es","potentialAction":[{"@type":"ReadAction","target":["https:\/\/diarioprincipios.com\/index.php\/2020\/03\/08\/comenzaron-las-actividades-por-el-mes-de-la-mujer\/"]}]},{"@type":"ImageObject","inLanguage":"es","@id":"https:\/\/diarioprincipios.com\/index.php\/2020\/03\/08\/comenzaron-las-actividades-por-el-mes-de-la-mujer\/#primaryimage","url":"https:\/\/diarioprincipios.com\/wp-content\/uploads\/2020\/03\/20200306_Acto_Dia_de_La_Mujer_Playon_Municipal_FS_068.jpg","contentUrl":"https:\/\/diarioprincipios.com\/wp-content\/uploads\/2020\/03\/20200306_Acto_Dia_de_La_Mujer_Playon_Municipal_FS_068.jpg","width":1920,"height":1280},{"@type":"BreadcrumbList","@id":"https:\/\/diarioprincipios.com\/index.php\/2020\/03\/08\/comenzaron-las-actividades-por-el-mes-de-la-mujer\/#breadcrumb","itemListElement":[{"@type":"ListItem","position":1,"name":"Portada","item":"https:\/\/diarioprincipios.com\/"},{"@type":"ListItem","position":2,"name":"Comenzaron las actividades por el Mes de la Mujer"}]},{"@type":"WebSite","@id":"https:\/\/diarioprincipios.com\/#website","url":"https:\/\/diarioprincipios.com\/","name":"Principios","description":"Principios Diario","publisher":{"@id":"https:\/\/diarioprincipios.com\/#organization"},"potentialAction":[{"@type":"SearchAction","target":{"@type":"EntryPoint","urlTemplate":"https:\/\/diarioprincipios.com\/?s={search_term_string}"},"query-input":{"@type":"PropertyValueSpecification","valueRequired":true,"valueName":"search_term_string"}}],"inLanguage":"es"},{"@type":"Organization","@id":"https:\/\/diarioprincipios.com\/#organization","name":"Principios","url":"https:\/\/diarioprincipios.com\/","logo":{"@type":"ImageObject","inLanguage":"es","@id":"https:\/\/diarioprincipios.com\/#\/schema\/logo\/image\/","url":"https:\/\/diarioprincipios.com\/wp-content\/uploads\/2024\/04\/cropped-www.diarioprincipios.com_-1.png","contentUrl":"https:\/\/diarioprincipios.com\/wp-content\/uploads\/2024\/04\/cropped-www.diarioprincipios.com_-1.png","width":5325,"height":1454,"caption":"Principios"},"image":{"@id":"https:\/\/diarioprincipios.com\/#\/schema\/logo\/image\/"}},{"@type":"Person","@id":"https:\/\/diarioprincipios.com\/#\/schema\/person\/436d5a1fd41a5e250e23ff5a6a7cb080","name":"Hern\u00e1n L\u00f3pez","image":{"@type":"ImageObject","inLanguage":"es","@id":"https:\/\/diarioprincipios.com\/wp-content\/litespeed\/avatar\/11ddfe5610ff3bd100522525b2571f48.jpg?ver=1777653193","url":"https:\/\/diarioprincipios.com\/wp-content\/litespeed\/avatar\/11ddfe5610ff3bd100522525b2571f48.jpg?ver=1777653193","contentUrl":"https:\/\/diarioprincipios.com\/wp-content\/litespeed\/avatar\/11ddfe5610ff3bd100522525b2571f48.jpg?ver=1777653193","caption":"Hern\u00e1n L\u00f3pez"},"url":"https:\/\/diarioprincipios.com\/index.php\/author\/hernan\/"}]}},"jetpack_featured_media_url":"https:\/\/diarioprincipios.com\/wp-content\/uploads\/2020\/03\/20200306_Acto_Dia_de_La_Mujer_Playon_Municipal_FS_068.jpg","_links":{"self":[{"href":"https:\/\/diarioprincipios.com\/index.php\/wp-json\/wp\/v2\/posts\/219","targetHints":{"allow":["GET"]}}],"collection":[{"href":"https:\/\/diarioprincipios.com\/index.php\/wp-json\/wp\/v2\/posts"}],"about":[{"href":"https:\/\/diarioprincipios.com\/index.php\/wp-json\/wp\/v2\/types\/post"}],"author":[{"embeddable":true,"href":"https:\/\/diarioprincipios.com\/index.php\/wp-json\/wp\/v2\/users\/2"}],"replies":[{"embeddable":true,"href":"https:\/\/diarioprincipios.com\/index.php\/wp-json\/wp\/v2\/comments?post=219"}],"version-history":[{"count":1,"href":"https:\/\/diarioprincipios.com\/index.php\/wp-json\/wp\/v2\/posts\/219\/revisions"}],"predecessor-version":[{"id":221,"href":"https:\/\/diarioprincipios.com\/index.php\/wp-json\/wp\/v2\/posts\/219\/revisions\/221"}],"wp:featuredmedia":[{"embeddable":true,"href":"https:\/\/diarioprincipios.com\/index.php\/wp-json\/wp\/v2\/media\/220"}],"wp:attachment":[{"href":"https:\/\/diarioprincipios.com\/index.php\/wp-json\/wp\/v2\/media?parent=219"}],"wp:term":[{"taxonomy":"category","embeddable":true,"href":"https:\/\/diarioprincipios.com\/index.php\/wp-json\/wp\/v2\/categories?post=219"},{"taxonomy":"post_tag","embeddable":true,"href":"https:\/\/diarioprincipios.com\/index.php\/wp-json\/wp\/v2\/tags?post=219"}],"curies":[{"name":"wp","href":"https:\/\/api.w.org\/{rel}","templated":true}]}}