{"id":21893,"date":"2024-05-14T09:45:40","date_gmt":"2024-05-14T12:45:40","guid":{"rendered":"http:\/\/diarioprincipios.com\/?p=21893"},"modified":"2024-05-14T09:45:43","modified_gmt":"2024-05-14T12:45:43","slug":"jornada-de-trabajo-en-la-escuela-primaria-n2-de-hudson","status":"publish","type":"post","link":"https:\/\/diarioprincipios.com\/index.php\/2024\/05\/14\/jornada-de-trabajo-en-la-escuela-primaria-n2-de-hudson\/","title":{"rendered":"Jornada de Trabajo en la Escuela Primaria N\u00b02 de Hudson"},"content":{"rendered":"\n<p><strong>El s\u00e1bado 11 de mayo se llev\u00f3 a cabo una jornada de embellecimiento en la Escuela Primaria N\u00b0 2 \u201cJuan Jos\u00e9 Paso\u201d, del barrio Villa Matilde. El intendente de Berazategui, Juan Jos\u00e9 Mussi, recorri\u00f3 la instituci\u00f3n a la que asisten casi 600 estudiantes.<\/strong><\/p>\n\n\n\n<figure class=\"wp-block-image size-large\"><img loading=\"lazy\" decoding=\"async\" width=\"1024\" height=\"683\" src=\"https:\/\/diarioprincipios.com\/wp-content\/uploads\/2024\/05\/LA-COMUNIDAD-EDUCATIVA-SE-UNIO-PARA-EMBELLECER-LA-PRIMARIA-N\u00b0-2-DE-HUDSON-1-1024x683.jpg\" alt=\"\" class=\"wp-image-21894\" srcset=\"https:\/\/diarioprincipios.com\/wp-content\/uploads\/2024\/05\/LA-COMUNIDAD-EDUCATIVA-SE-UNIO-PARA-EMBELLECER-LA-PRIMARIA-N\u00b0-2-DE-HUDSON-1-1024x683.jpg 1024w, https:\/\/diarioprincipios.com\/wp-content\/uploads\/2024\/05\/LA-COMUNIDAD-EDUCATIVA-SE-UNIO-PARA-EMBELLECER-LA-PRIMARIA-N\u00b0-2-DE-HUDSON-1-300x200.jpg 300w, https:\/\/diarioprincipios.com\/wp-content\/uploads\/2024\/05\/LA-COMUNIDAD-EDUCATIVA-SE-UNIO-PARA-EMBELLECER-LA-PRIMARIA-N\u00b0-2-DE-HUDSON-1-768x512.jpg 768w, https:\/\/diarioprincipios.com\/wp-content\/uploads\/2024\/05\/LA-COMUNIDAD-EDUCATIVA-SE-UNIO-PARA-EMBELLECER-LA-PRIMARIA-N\u00b0-2-DE-HUDSON-1-1536x1024.jpg 1536w, https:\/\/diarioprincipios.com\/wp-content\/uploads\/2024\/05\/LA-COMUNIDAD-EDUCATIVA-SE-UNIO-PARA-EMBELLECER-LA-PRIMARIA-N\u00b0-2-DE-HUDSON-1-600x400.jpg 600w, https:\/\/diarioprincipios.com\/wp-content\/uploads\/2024\/05\/LA-COMUNIDAD-EDUCATIVA-SE-UNIO-PARA-EMBELLECER-LA-PRIMARIA-N\u00b0-2-DE-HUDSON-1.jpg 1920w\" sizes=\"auto, (max-width: 1024px) 100vw, 1024px\" \/><\/figure>\n\n\n\n<p><br>Entre las tareas realizadas, se destacaron la pintura exterior e interior del predio, como as\u00ed tambi\u00e9n de juegos did\u00e1cticos en el piso del patio.<\/p>\n\n\n\n<figure class=\"wp-block-image size-large\"><img loading=\"lazy\" decoding=\"async\" width=\"1024\" height=\"683\" src=\"https:\/\/diarioprincipios.com\/wp-content\/uploads\/2024\/05\/LA-COMUNIDAD-EDUCATIVA-SE-UNIO-PARA-EMBELLECER-LA-PRIMARIA-N\u00b0-2-DE-HUDSON-3-1024x683.jpg\" alt=\"\" class=\"wp-image-21895\" srcset=\"https:\/\/diarioprincipios.com\/wp-content\/uploads\/2024\/05\/LA-COMUNIDAD-EDUCATIVA-SE-UNIO-PARA-EMBELLECER-LA-PRIMARIA-N\u00b0-2-DE-HUDSON-3-1024x683.jpg 1024w, https:\/\/diarioprincipios.com\/wp-content\/uploads\/2024\/05\/LA-COMUNIDAD-EDUCATIVA-SE-UNIO-PARA-EMBELLECER-LA-PRIMARIA-N\u00b0-2-DE-HUDSON-3-300x200.jpg 300w, https:\/\/diarioprincipios.com\/wp-content\/uploads\/2024\/05\/LA-COMUNIDAD-EDUCATIVA-SE-UNIO-PARA-EMBELLECER-LA-PRIMARIA-N\u00b0-2-DE-HUDSON-3-768x512.jpg 768w, https:\/\/diarioprincipios.com\/wp-content\/uploads\/2024\/05\/LA-COMUNIDAD-EDUCATIVA-SE-UNIO-PARA-EMBELLECER-LA-PRIMARIA-N\u00b0-2-DE-HUDSON-3-1536x1024.jpg 1536w, https:\/\/diarioprincipios.com\/wp-content\/uploads\/2024\/05\/LA-COMUNIDAD-EDUCATIVA-SE-UNIO-PARA-EMBELLECER-LA-PRIMARIA-N\u00b0-2-DE-HUDSON-3-600x400.jpg 600w, https:\/\/diarioprincipios.com\/wp-content\/uploads\/2024\/05\/LA-COMUNIDAD-EDUCATIVA-SE-UNIO-PARA-EMBELLECER-LA-PRIMARIA-N\u00b0-2-DE-HUDSON-3.jpg 1920w\" sizes=\"auto, (max-width: 1024px) 100vw, 1024px\" \/><\/figure>\n\n\n\n<p><br>Al respecto, la directora de la instituci\u00f3n, Laura Ant\u00fanez, agradeci\u00f3 la \u201cjornada que fue un trabajo de uni\u00f3n entre padres, docentes, Cooperadora, Municipio y Consejo Escolar\u201d.<br>Los trabajos fueron llevados a cabo por consejeros escolares, docentes, familias y la Cooperadora de la Escuela.<\/p>\n","protected":false},"excerpt":{"rendered":"<p>El s\u00e1bado 11 de mayo se llev\u00f3 a cabo una jornada de embellecimiento en la Escuela Primaria N\u00b0 2 \u201cJuan Jos\u00e9 Paso\u201d, del barrio Villa Matilde. El intendente de Berazategui, Juan Jos\u00e9 Mussi, recorri\u00f3 la instituci\u00f3n a la que asisten casi 600 estudiantes. Entre las tareas realizadas, se destacaron la pintura exterior e interior del&#8230;<\/p>\n","protected":false},"author":2,"featured_media":21896,"comment_status":"open","ping_status":"open","sticky":false,"template":"","format":"standard","meta":{"footnotes":""},"categories":[3,19],"tags":[],"class_list":["post-21893","post","type-post","status-publish","format-standard","has-post-thumbnail","hentry","category-berazategui","category-cultura-educacion"],"featured_image_src":"https:\/\/diarioprincipios.com\/wp-content\/uploads\/2024\/05\/LA-COMUNIDAD-EDUCATIVA-SE-UNIO-PARA-EMBELLECER-LA-PRIMARIA-N\u00b0-2-DE-HUDSON-2-1024x683.jpg","blog_images":{"medium":"https:\/\/diarioprincipios.com\/wp-content\/uploads\/2024\/05\/LA-COMUNIDAD-EDUCATIVA-SE-UNIO-PARA-EMBELLECER-LA-PRIMARIA-N\u00b0-2-DE-HUDSON-2-300x200.jpg","large":"https:\/\/diarioprincipios.com\/wp-content\/uploads\/2024\/05\/LA-COMUNIDAD-EDUCATIVA-SE-UNIO-PARA-EMBELLECER-LA-PRIMARIA-N\u00b0-2-DE-HUDSON-2-1024x683.jpg"},"ams_acf":[],"yoast_head":"<!-- This site is optimized with the Yoast SEO plugin v27.3 - https:\/\/yoast.com\/product\/yoast-seo-wordpress\/ -->\n<title>Jornada de Trabajo en la Escuela Primaria N\u00b02 de Hudson - Principios<\/title>\n<meta name=\"robots\" content=\"index, follow, max-snippet:-1, max-image-preview:large, max-video-preview:-1\" \/>\n<link rel=\"canonical\" href=\"https:\/\/diarioprincipios.com\/index.php\/2024\/05\/14\/jornada-de-trabajo-en-la-escuela-primaria-n2-de-hudson\/\" \/>\n<meta property=\"og:locale\" content=\"es_ES\" \/>\n<meta property=\"og:type\" content=\"article\" \/>\n<meta property=\"og:title\" content=\"Jornada de Trabajo en la Escuela Primaria N\u00b02 de Hudson - Principios\" \/>\n<meta property=\"og:description\" content=\"El s\u00e1bado 11 de mayo se llev\u00f3 a cabo una jornada de embellecimiento en la Escuela Primaria N\u00b0 2 \u201cJuan Jos\u00e9 Paso\u201d, del barrio Villa Matilde. El intendente de Berazategui, Juan Jos\u00e9 Mussi, recorri\u00f3 la instituci\u00f3n a la que asisten casi 600 estudiantes. Entre las tareas realizadas, se destacaron la pintura exterior e interior del...\" \/>\n<meta property=\"og:url\" content=\"https:\/\/diarioprincipios.com\/index.php\/2024\/05\/14\/jornada-de-trabajo-en-la-escuela-primaria-n2-de-hudson\/\" \/>\n<meta property=\"og:site_name\" content=\"Principios\" \/>\n<meta property=\"article:published_time\" content=\"2024-05-14T12:45:40+00:00\" \/>\n<meta property=\"article:modified_time\" content=\"2024-05-14T12:45:43+00:00\" \/>\n<meta property=\"og:image\" content=\"https:\/\/diarioprincipios.com\/wp-content\/uploads\/2024\/05\/LA-COMUNIDAD-EDUCATIVA-SE-UNIO-PARA-EMBELLECER-LA-PRIMARIA-N\u00b0-2-DE-HUDSON-2.jpg\" \/>\n\t<meta property=\"og:image:width\" content=\"1920\" \/>\n\t<meta property=\"og:image:height\" content=\"1280\" \/>\n\t<meta property=\"og:image:type\" content=\"image\/jpeg\" \/>\n<meta name=\"author\" content=\"Hern\u00e1n L\u00f3pez\" \/>\n<meta name=\"twitter:card\" content=\"summary_large_image\" \/>\n<meta name=\"twitter:label1\" content=\"Escrito por\" \/>\n\t<meta name=\"twitter:data1\" content=\"Hern\u00e1n L\u00f3pez\" \/>\n\t<meta name=\"twitter:label2\" content=\"Tiempo de lectura\" \/>\n\t<meta name=\"twitter:data2\" content=\"2 minutos\" \/>\n<script type=\"application\/ld+json\" class=\"yoast-schema-graph\">{\"@context\":\"https:\\\/\\\/schema.org\",\"@graph\":[{\"@type\":\"Article\",\"@id\":\"https:\\\/\\\/diarioprincipios.com\\\/index.php\\\/2024\\\/05\\\/14\\\/jornada-de-trabajo-en-la-escuela-primaria-n2-de-hudson\\\/#article\",\"isPartOf\":{\"@id\":\"https:\\\/\\\/diarioprincipios.com\\\/index.php\\\/2024\\\/05\\\/14\\\/jornada-de-trabajo-en-la-escuela-primaria-n2-de-hudson\\\/\"},\"author\":{\"name\":\"Hern\u00e1n L\u00f3pez\",\"@id\":\"https:\\\/\\\/diarioprincipios.com\\\/#\\\/schema\\\/person\\\/436d5a1fd41a5e250e23ff5a6a7cb080\"},\"headline\":\"Jornada de Trabajo en la Escuela Primaria N\u00b02 de Hudson\",\"datePublished\":\"2024-05-14T12:45:40+00:00\",\"dateModified\":\"2024-05-14T12:45:43+00:00\",\"mainEntityOfPage\":{\"@id\":\"https:\\\/\\\/diarioprincipios.com\\\/index.php\\\/2024\\\/05\\\/14\\\/jornada-de-trabajo-en-la-escuela-primaria-n2-de-hudson\\\/\"},\"wordCount\":124,\"commentCount\":0,\"publisher\":{\"@id\":\"https:\\\/\\\/diarioprincipios.com\\\/#organization\"},\"image\":{\"@id\":\"https:\\\/\\\/diarioprincipios.com\\\/index.php\\\/2024\\\/05\\\/14\\\/jornada-de-trabajo-en-la-escuela-primaria-n2-de-hudson\\\/#primaryimage\"},\"thumbnailUrl\":\"https:\\\/\\\/diarioprincipios.com\\\/wp-content\\\/uploads\\\/2024\\\/05\\\/LA-COMUNIDAD-EDUCATIVA-SE-UNIO-PARA-EMBELLECER-LA-PRIMARIA-N\u00b0-2-DE-HUDSON-2.jpg\",\"articleSection\":[\"Berazategui\",\"Cultura y Educaci\u00f3n\"],\"inLanguage\":\"es\",\"potentialAction\":[{\"@type\":\"CommentAction\",\"name\":\"Comment\",\"target\":[\"https:\\\/\\\/diarioprincipios.com\\\/index.php\\\/2024\\\/05\\\/14\\\/jornada-de-trabajo-en-la-escuela-primaria-n2-de-hudson\\\/#respond\"]}]},{\"@type\":\"WebPage\",\"@id\":\"https:\\\/\\\/diarioprincipios.com\\\/index.php\\\/2024\\\/05\\\/14\\\/jornada-de-trabajo-en-la-escuela-primaria-n2-de-hudson\\\/\",\"url\":\"https:\\\/\\\/diarioprincipios.com\\\/index.php\\\/2024\\\/05\\\/14\\\/jornada-de-trabajo-en-la-escuela-primaria-n2-de-hudson\\\/\",\"name\":\"Jornada de Trabajo en la Escuela Primaria N\u00b02 de Hudson - Principios\",\"isPartOf\":{\"@id\":\"https:\\\/\\\/diarioprincipios.com\\\/#website\"},\"primaryImageOfPage\":{\"@id\":\"https:\\\/\\\/diarioprincipios.com\\\/index.php\\\/2024\\\/05\\\/14\\\/jornada-de-trabajo-en-la-escuela-primaria-n2-de-hudson\\\/#primaryimage\"},\"image\":{\"@id\":\"https:\\\/\\\/diarioprincipios.com\\\/index.php\\\/2024\\\/05\\\/14\\\/jornada-de-trabajo-en-la-escuela-primaria-n2-de-hudson\\\/#primaryimage\"},\"thumbnailUrl\":\"https:\\\/\\\/diarioprincipios.com\\\/wp-content\\\/uploads\\\/2024\\\/05\\\/LA-COMUNIDAD-EDUCATIVA-SE-UNIO-PARA-EMBELLECER-LA-PRIMARIA-N\u00b0-2-DE-HUDSON-2.jpg\",\"datePublished\":\"2024-05-14T12:45:40+00:00\",\"dateModified\":\"2024-05-14T12:45:43+00:00\",\"breadcrumb\":{\"@id\":\"https:\\\/\\\/diarioprincipios.com\\\/index.php\\\/2024\\\/05\\\/14\\\/jornada-de-trabajo-en-la-escuela-primaria-n2-de-hudson\\\/#breadcrumb\"},\"inLanguage\":\"es\",\"potentialAction\":[{\"@type\":\"ReadAction\",\"target\":[\"https:\\\/\\\/diarioprincipios.com\\\/index.php\\\/2024\\\/05\\\/14\\\/jornada-de-trabajo-en-la-escuela-primaria-n2-de-hudson\\\/\"]}]},{\"@type\":\"ImageObject\",\"inLanguage\":\"es\",\"@id\":\"https:\\\/\\\/diarioprincipios.com\\\/index.php\\\/2024\\\/05\\\/14\\\/jornada-de-trabajo-en-la-escuela-primaria-n2-de-hudson\\\/#primaryimage\",\"url\":\"https:\\\/\\\/diarioprincipios.com\\\/wp-content\\\/uploads\\\/2024\\\/05\\\/LA-COMUNIDAD-EDUCATIVA-SE-UNIO-PARA-EMBELLECER-LA-PRIMARIA-N\u00b0-2-DE-HUDSON-2.jpg\",\"contentUrl\":\"https:\\\/\\\/diarioprincipios.com\\\/wp-content\\\/uploads\\\/2024\\\/05\\\/LA-COMUNIDAD-EDUCATIVA-SE-UNIO-PARA-EMBELLECER-LA-PRIMARIA-N\u00b0-2-DE-HUDSON-2.jpg\",\"width\":1920,\"height\":1280},{\"@type\":\"BreadcrumbList\",\"@id\":\"https:\\\/\\\/diarioprincipios.com\\\/index.php\\\/2024\\\/05\\\/14\\\/jornada-de-trabajo-en-la-escuela-primaria-n2-de-hudson\\\/#breadcrumb\",\"itemListElement\":[{\"@type\":\"ListItem\",\"position\":1,\"name\":\"Portada\",\"item\":\"https:\\\/\\\/diarioprincipios.com\\\/\"},{\"@type\":\"ListItem\",\"position\":2,\"name\":\"Jornada de Trabajo en la Escuela Primaria N\u00b02 de Hudson\"}]},{\"@type\":\"WebSite\",\"@id\":\"https:\\\/\\\/diarioprincipios.com\\\/#website\",\"url\":\"https:\\\/\\\/diarioprincipios.com\\\/\",\"name\":\"Principios\",\"description\":\"Principios Diario\",\"publisher\":{\"@id\":\"https:\\\/\\\/diarioprincipios.com\\\/#organization\"},\"potentialAction\":[{\"@type\":\"SearchAction\",\"target\":{\"@type\":\"EntryPoint\",\"urlTemplate\":\"https:\\\/\\\/diarioprincipios.com\\\/?s={search_term_string}\"},\"query-input\":{\"@type\":\"PropertyValueSpecification\",\"valueRequired\":true,\"valueName\":\"search_term_string\"}}],\"inLanguage\":\"es\"},{\"@type\":\"Organization\",\"@id\":\"https:\\\/\\\/diarioprincipios.com\\\/#organization\",\"name\":\"Principios\",\"url\":\"https:\\\/\\\/diarioprincipios.com\\\/\",\"logo\":{\"@type\":\"ImageObject\",\"inLanguage\":\"es\",\"@id\":\"https:\\\/\\\/diarioprincipios.com\\\/#\\\/schema\\\/logo\\\/image\\\/\",\"url\":\"https:\\\/\\\/diarioprincipios.com\\\/wp-content\\\/uploads\\\/2024\\\/04\\\/cropped-www.diarioprincipios.com_-1.png\",\"contentUrl\":\"https:\\\/\\\/diarioprincipios.com\\\/wp-content\\\/uploads\\\/2024\\\/04\\\/cropped-www.diarioprincipios.com_-1.png\",\"width\":5325,\"height\":1454,\"caption\":\"Principios\"},\"image\":{\"@id\":\"https:\\\/\\\/diarioprincipios.com\\\/#\\\/schema\\\/logo\\\/image\\\/\"}},{\"@type\":\"Person\",\"@id\":\"https:\\\/\\\/diarioprincipios.com\\\/#\\\/schema\\\/person\\\/436d5a1fd41a5e250e23ff5a6a7cb080\",\"name\":\"Hern\u00e1n L\u00f3pez\",\"image\":{\"@type\":\"ImageObject\",\"inLanguage\":\"es\",\"@id\":\"https:\\\/\\\/diarioprincipios.com\\\/wp-content\\\/litespeed\\\/avatar\\\/11ddfe5610ff3bd100522525b2571f48.jpg?ver=1777653193\",\"url\":\"https:\\\/\\\/diarioprincipios.com\\\/wp-content\\\/litespeed\\\/avatar\\\/11ddfe5610ff3bd100522525b2571f48.jpg?ver=1777653193\",\"contentUrl\":\"https:\\\/\\\/diarioprincipios.com\\\/wp-content\\\/litespeed\\\/avatar\\\/11ddfe5610ff3bd100522525b2571f48.jpg?ver=1777653193\",\"caption\":\"Hern\u00e1n L\u00f3pez\"},\"url\":\"https:\\\/\\\/diarioprincipios.com\\\/index.php\\\/author\\\/hernan\\\/\"}]}<\/script>\n<!-- \/ Yoast SEO plugin. -->","yoast_head_json":{"title":"Jornada de Trabajo en la Escuela Primaria N\u00b02 de Hudson - Principios","robots":{"index":"index","follow":"follow","max-snippet":"max-snippet:-1","max-image-preview":"max-image-preview:large","max-video-preview":"max-video-preview:-1"},"canonical":"https:\/\/diarioprincipios.com\/index.php\/2024\/05\/14\/jornada-de-trabajo-en-la-escuela-primaria-n2-de-hudson\/","og_locale":"es_ES","og_type":"article","og_title":"Jornada de Trabajo en la Escuela Primaria N\u00b02 de Hudson - Principios","og_description":"El s\u00e1bado 11 de mayo se llev\u00f3 a cabo una jornada de embellecimiento en la Escuela Primaria N\u00b0 2 \u201cJuan Jos\u00e9 Paso\u201d, del barrio Villa Matilde. El intendente de Berazategui, Juan Jos\u00e9 Mussi, recorri\u00f3 la instituci\u00f3n a la que asisten casi 600 estudiantes. Entre las tareas realizadas, se destacaron la pintura exterior e interior del...","og_url":"https:\/\/diarioprincipios.com\/index.php\/2024\/05\/14\/jornada-de-trabajo-en-la-escuela-primaria-n2-de-hudson\/","og_site_name":"Principios","article_published_time":"2024-05-14T12:45:40+00:00","article_modified_time":"2024-05-14T12:45:43+00:00","og_image":[{"width":1920,"height":1280,"url":"https:\/\/diarioprincipios.com\/wp-content\/uploads\/2024\/05\/LA-COMUNIDAD-EDUCATIVA-SE-UNIO-PARA-EMBELLECER-LA-PRIMARIA-N\u00b0-2-DE-HUDSON-2.jpg","type":"image\/jpeg"}],"author":"Hern\u00e1n L\u00f3pez","twitter_card":"summary_large_image","twitter_misc":{"Escrito por":"Hern\u00e1n L\u00f3pez","Tiempo de lectura":"2 minutos"},"schema":{"@context":"https:\/\/schema.org","@graph":[{"@type":"Article","@id":"https:\/\/diarioprincipios.com\/index.php\/2024\/05\/14\/jornada-de-trabajo-en-la-escuela-primaria-n2-de-hudson\/#article","isPartOf":{"@id":"https:\/\/diarioprincipios.com\/index.php\/2024\/05\/14\/jornada-de-trabajo-en-la-escuela-primaria-n2-de-hudson\/"},"author":{"name":"Hern\u00e1n L\u00f3pez","@id":"https:\/\/diarioprincipios.com\/#\/schema\/person\/436d5a1fd41a5e250e23ff5a6a7cb080"},"headline":"Jornada de Trabajo en la Escuela Primaria N\u00b02 de Hudson","datePublished":"2024-05-14T12:45:40+00:00","dateModified":"2024-05-14T12:45:43+00:00","mainEntityOfPage":{"@id":"https:\/\/diarioprincipios.com\/index.php\/2024\/05\/14\/jornada-de-trabajo-en-la-escuela-primaria-n2-de-hudson\/"},"wordCount":124,"commentCount":0,"publisher":{"@id":"https:\/\/diarioprincipios.com\/#organization"},"image":{"@id":"https:\/\/diarioprincipios.com\/index.php\/2024\/05\/14\/jornada-de-trabajo-en-la-escuela-primaria-n2-de-hudson\/#primaryimage"},"thumbnailUrl":"https:\/\/diarioprincipios.com\/wp-content\/uploads\/2024\/05\/LA-COMUNIDAD-EDUCATIVA-SE-UNIO-PARA-EMBELLECER-LA-PRIMARIA-N\u00b0-2-DE-HUDSON-2.jpg","articleSection":["Berazategui","Cultura y Educaci\u00f3n"],"inLanguage":"es","potentialAction":[{"@type":"CommentAction","name":"Comment","target":["https:\/\/diarioprincipios.com\/index.php\/2024\/05\/14\/jornada-de-trabajo-en-la-escuela-primaria-n2-de-hudson\/#respond"]}]},{"@type":"WebPage","@id":"https:\/\/diarioprincipios.com\/index.php\/2024\/05\/14\/jornada-de-trabajo-en-la-escuela-primaria-n2-de-hudson\/","url":"https:\/\/diarioprincipios.com\/index.php\/2024\/05\/14\/jornada-de-trabajo-en-la-escuela-primaria-n2-de-hudson\/","name":"Jornada de Trabajo en la Escuela Primaria N\u00b02 de Hudson - Principios","isPartOf":{"@id":"https:\/\/diarioprincipios.com\/#website"},"primaryImageOfPage":{"@id":"https:\/\/diarioprincipios.com\/index.php\/2024\/05\/14\/jornada-de-trabajo-en-la-escuela-primaria-n2-de-hudson\/#primaryimage"},"image":{"@id":"https:\/\/diarioprincipios.com\/index.php\/2024\/05\/14\/jornada-de-trabajo-en-la-escuela-primaria-n2-de-hudson\/#primaryimage"},"thumbnailUrl":"https:\/\/diarioprincipios.com\/wp-content\/uploads\/2024\/05\/LA-COMUNIDAD-EDUCATIVA-SE-UNIO-PARA-EMBELLECER-LA-PRIMARIA-N\u00b0-2-DE-HUDSON-2.jpg","datePublished":"2024-05-14T12:45:40+00:00","dateModified":"2024-05-14T12:45:43+00:00","breadcrumb":{"@id":"https:\/\/diarioprincipios.com\/index.php\/2024\/05\/14\/jornada-de-trabajo-en-la-escuela-primaria-n2-de-hudson\/#breadcrumb"},"inLanguage":"es","potentialAction":[{"@type":"ReadAction","target":["https:\/\/diarioprincipios.com\/index.php\/2024\/05\/14\/jornada-de-trabajo-en-la-escuela-primaria-n2-de-hudson\/"]}]},{"@type":"ImageObject","inLanguage":"es","@id":"https:\/\/diarioprincipios.com\/index.php\/2024\/05\/14\/jornada-de-trabajo-en-la-escuela-primaria-n2-de-hudson\/#primaryimage","url":"https:\/\/diarioprincipios.com\/wp-content\/uploads\/2024\/05\/LA-COMUNIDAD-EDUCATIVA-SE-UNIO-PARA-EMBELLECER-LA-PRIMARIA-N\u00b0-2-DE-HUDSON-2.jpg","contentUrl":"https:\/\/diarioprincipios.com\/wp-content\/uploads\/2024\/05\/LA-COMUNIDAD-EDUCATIVA-SE-UNIO-PARA-EMBELLECER-LA-PRIMARIA-N\u00b0-2-DE-HUDSON-2.jpg","width":1920,"height":1280},{"@type":"BreadcrumbList","@id":"https:\/\/diarioprincipios.com\/index.php\/2024\/05\/14\/jornada-de-trabajo-en-la-escuela-primaria-n2-de-hudson\/#breadcrumb","itemListElement":[{"@type":"ListItem","position":1,"name":"Portada","item":"https:\/\/diarioprincipios.com\/"},{"@type":"ListItem","position":2,"name":"Jornada de Trabajo en la Escuela Primaria N\u00b02 de Hudson"}]},{"@type":"WebSite","@id":"https:\/\/diarioprincipios.com\/#website","url":"https:\/\/diarioprincipios.com\/","name":"Principios","description":"Principios Diario","publisher":{"@id":"https:\/\/diarioprincipios.com\/#organization"},"potentialAction":[{"@type":"SearchAction","target":{"@type":"EntryPoint","urlTemplate":"https:\/\/diarioprincipios.com\/?s={search_term_string}"},"query-input":{"@type":"PropertyValueSpecification","valueRequired":true,"valueName":"search_term_string"}}],"inLanguage":"es"},{"@type":"Organization","@id":"https:\/\/diarioprincipios.com\/#organization","name":"Principios","url":"https:\/\/diarioprincipios.com\/","logo":{"@type":"ImageObject","inLanguage":"es","@id":"https:\/\/diarioprincipios.com\/#\/schema\/logo\/image\/","url":"https:\/\/diarioprincipios.com\/wp-content\/uploads\/2024\/04\/cropped-www.diarioprincipios.com_-1.png","contentUrl":"https:\/\/diarioprincipios.com\/wp-content\/uploads\/2024\/04\/cropped-www.diarioprincipios.com_-1.png","width":5325,"height":1454,"caption":"Principios"},"image":{"@id":"https:\/\/diarioprincipios.com\/#\/schema\/logo\/image\/"}},{"@type":"Person","@id":"https:\/\/diarioprincipios.com\/#\/schema\/person\/436d5a1fd41a5e250e23ff5a6a7cb080","name":"Hern\u00e1n L\u00f3pez","image":{"@type":"ImageObject","inLanguage":"es","@id":"https:\/\/diarioprincipios.com\/wp-content\/litespeed\/avatar\/11ddfe5610ff3bd100522525b2571f48.jpg?ver=1777653193","url":"https:\/\/diarioprincipios.com\/wp-content\/litespeed\/avatar\/11ddfe5610ff3bd100522525b2571f48.jpg?ver=1777653193","contentUrl":"https:\/\/diarioprincipios.com\/wp-content\/litespeed\/avatar\/11ddfe5610ff3bd100522525b2571f48.jpg?ver=1777653193","caption":"Hern\u00e1n L\u00f3pez"},"url":"https:\/\/diarioprincipios.com\/index.php\/author\/hernan\/"}]}},"jetpack_featured_media_url":"https:\/\/diarioprincipios.com\/wp-content\/uploads\/2024\/05\/LA-COMUNIDAD-EDUCATIVA-SE-UNIO-PARA-EMBELLECER-LA-PRIMARIA-N\u00b0-2-DE-HUDSON-2.jpg","_links":{"self":[{"href":"https:\/\/diarioprincipios.com\/index.php\/wp-json\/wp\/v2\/posts\/21893","targetHints":{"allow":["GET"]}}],"collection":[{"href":"https:\/\/diarioprincipios.com\/index.php\/wp-json\/wp\/v2\/posts"}],"about":[{"href":"https:\/\/diarioprincipios.com\/index.php\/wp-json\/wp\/v2\/types\/post"}],"author":[{"embeddable":true,"href":"https:\/\/diarioprincipios.com\/index.php\/wp-json\/wp\/v2\/users\/2"}],"replies":[{"embeddable":true,"href":"https:\/\/diarioprincipios.com\/index.php\/wp-json\/wp\/v2\/comments?post=21893"}],"version-history":[{"count":1,"href":"https:\/\/diarioprincipios.com\/index.php\/wp-json\/wp\/v2\/posts\/21893\/revisions"}],"predecessor-version":[{"id":21897,"href":"https:\/\/diarioprincipios.com\/index.php\/wp-json\/wp\/v2\/posts\/21893\/revisions\/21897"}],"wp:featuredmedia":[{"embeddable":true,"href":"https:\/\/diarioprincipios.com\/index.php\/wp-json\/wp\/v2\/media\/21896"}],"wp:attachment":[{"href":"https:\/\/diarioprincipios.com\/index.php\/wp-json\/wp\/v2\/media?parent=21893"}],"wp:term":[{"taxonomy":"category","embeddable":true,"href":"https:\/\/diarioprincipios.com\/index.php\/wp-json\/wp\/v2\/categories?post=21893"},{"taxonomy":"post_tag","embeddable":true,"href":"https:\/\/diarioprincipios.com\/index.php\/wp-json\/wp\/v2\/tags?post=21893"}],"curies":[{"name":"wp","href":"https:\/\/api.w.org\/{rel}","templated":true}]}}