{"id":2183,"date":"2020-05-27T10:16:37","date_gmt":"2020-05-27T13:16:37","guid":{"rendered":"http:\/\/diarioprincipios.com\/?p=2183"},"modified":"2020-05-27T10:16:38","modified_gmt":"2020-05-27T13:16:38","slug":"proponen-declarar-a-sergio-denis-como-personalidad-destacada-de-la-cultura-bonaerense","status":"publish","type":"post","link":"https:\/\/diarioprincipios.com\/index.php\/2020\/05\/27\/proponen-declarar-a-sergio-denis-como-personalidad-destacada-de-la-cultura-bonaerense\/","title":{"rendered":"Proponen declarar a Sergio Denis como Personalidad Destacada de la Cultura Bonaerense"},"content":{"rendered":"\n<p>Una iniciativa presentada en la Legislatura Bonaerense busca declarar Personalidad Destacada de la cultura al cantautor Sergio Denis, quien falleci\u00f3 hace poco m\u00e1s de 10 d\u00edas tras haber sufrido un accidente por el que estuvo internado m\u00e1s de un a\u00f1o.<\/p>\n\n\n\n<p>La propuesta, del diputado provincial Emiliano Balb\u00edn, se enmarca dentro de la ley provincial que permite distinguir a aquellas personas que hayan desarrollado su actividad en los \u00e1mbitos de la cultura, de la ciencia y t\u00e9cnica, del deporte y de los derechos humanos, en el caso de Denis de manera \u00abpost mortem\u00bb.<\/p>\n\n\n\n<p>H\u00e9ctor Omar Hoffmann Fenzel, m\u00e1s conocido como Sergio Denis, naci\u00f3 el 16 de marzo de 1949 en la localidad bonaerense de Coronel Su\u00e1rez y fue cantante, actor, compositor de canciones populares emblem\u00e1ticas, productor discogr\u00e1fico de folclore, canci\u00f3n mel\u00f3dica y pop en espa\u00f1ol.<\/p>\n\n\n\n<p>En marzo de 2019 el artista sufri\u00f3 una fuerte ca\u00edda del escenario durante un concierto en Tucum\u00e1n, donde sufri\u00f3 lesiones en el cr\u00e1neo que lo tuvieron 14 meses en estado vegetativo hasta el 15 de mayo de 2020, cuando finalmente falleci\u00f3 en un cl\u00ednica de rehabilitaci\u00f3n porte\u00f1a.<\/p>\n","protected":false},"excerpt":{"rendered":"<p>Una iniciativa presentada en la Legislatura Bonaerense busca declarar Personalidad Destacada de la cultura al cantautor Sergio Denis, quien falleci\u00f3 hace poco m\u00e1s de 10 d\u00edas tras haber sufrido un accidente por el que estuvo internado m\u00e1s de un a\u00f1o. La propuesta, del diputado provincial Emiliano Balb\u00edn, se enmarca dentro de la ley provincial que&#8230;<\/p>\n","protected":false},"author":2,"featured_media":2184,"comment_status":"open","ping_status":"open","sticky":false,"template":"","format":"standard","meta":{"footnotes":""},"categories":[7],"tags":[],"class_list":["post-2183","post","type-post","status-publish","format-standard","has-post-thumbnail","hentry","category-provincia"],"featured_image_src":"https:\/\/diarioprincipios.com\/wp-content\/uploads\/2020\/05\/denis.jpg","blog_images":{"medium":"https:\/\/diarioprincipios.com\/wp-content\/uploads\/2020\/05\/denis-300x221.jpg","large":"https:\/\/diarioprincipios.com\/wp-content\/uploads\/2020\/05\/denis.jpg"},"ams_acf":[],"yoast_head":"<!-- This site is optimized with the Yoast SEO plugin v27.3 - https:\/\/yoast.com\/product\/yoast-seo-wordpress\/ -->\n<title>Proponen declarar a Sergio Denis como Personalidad Destacada de la Cultura Bonaerense - Principios<\/title>\n<meta name=\"robots\" content=\"index, follow, max-snippet:-1, max-image-preview:large, max-video-preview:-1\" \/>\n<link rel=\"canonical\" href=\"https:\/\/diarioprincipios.com\/index.php\/2020\/05\/27\/proponen-declarar-a-sergio-denis-como-personalidad-destacada-de-la-cultura-bonaerense\/\" \/>\n<meta property=\"og:locale\" content=\"es_ES\" \/>\n<meta property=\"og:type\" content=\"article\" \/>\n<meta property=\"og:title\" content=\"Proponen declarar a Sergio Denis como Personalidad Destacada de la Cultura Bonaerense - Principios\" \/>\n<meta property=\"og:description\" content=\"Una iniciativa presentada en la Legislatura Bonaerense busca declarar Personalidad Destacada de la cultura al cantautor Sergio Denis, quien falleci\u00f3 hace poco m\u00e1s de 10 d\u00edas tras haber sufrido un accidente por el que estuvo internado m\u00e1s de un a\u00f1o. La propuesta, del diputado provincial Emiliano Balb\u00edn, se enmarca dentro de la ley provincial que...\" \/>\n<meta property=\"og:url\" content=\"https:\/\/diarioprincipios.com\/index.php\/2020\/05\/27\/proponen-declarar-a-sergio-denis-como-personalidad-destacada-de-la-cultura-bonaerense\/\" \/>\n<meta property=\"og:site_name\" content=\"Principios\" \/>\n<meta property=\"article:published_time\" content=\"2020-05-27T13:16:37+00:00\" \/>\n<meta property=\"article:modified_time\" content=\"2020-05-27T13:16:38+00:00\" \/>\n<meta property=\"og:image\" content=\"https:\/\/diarioprincipios.com\/wp-content\/uploads\/2020\/05\/denis.jpg\" \/>\n\t<meta property=\"og:image:width\" content=\"862\" \/>\n\t<meta property=\"og:image:height\" content=\"635\" \/>\n\t<meta property=\"og:image:type\" content=\"image\/jpeg\" \/>\n<meta name=\"author\" content=\"Hern\u00e1n L\u00f3pez\" \/>\n<meta name=\"twitter:card\" content=\"summary_large_image\" \/>\n<meta name=\"twitter:label1\" content=\"Escrito por\" \/>\n\t<meta name=\"twitter:data1\" content=\"Hern\u00e1n L\u00f3pez\" \/>\n\t<meta name=\"twitter:label2\" content=\"Tiempo de lectura\" \/>\n\t<meta name=\"twitter:data2\" content=\"1 minuto\" \/>\n<script type=\"application\/ld+json\" class=\"yoast-schema-graph\">{\"@context\":\"https:\\\/\\\/schema.org\",\"@graph\":[{\"@type\":\"Article\",\"@id\":\"https:\\\/\\\/diarioprincipios.com\\\/index.php\\\/2020\\\/05\\\/27\\\/proponen-declarar-a-sergio-denis-como-personalidad-destacada-de-la-cultura-bonaerense\\\/#article\",\"isPartOf\":{\"@id\":\"https:\\\/\\\/diarioprincipios.com\\\/index.php\\\/2020\\\/05\\\/27\\\/proponen-declarar-a-sergio-denis-como-personalidad-destacada-de-la-cultura-bonaerense\\\/\"},\"author\":{\"name\":\"Hern\u00e1n L\u00f3pez\",\"@id\":\"https:\\\/\\\/diarioprincipios.com\\\/#\\\/schema\\\/person\\\/436d5a1fd41a5e250e23ff5a6a7cb080\"},\"headline\":\"Proponen declarar a Sergio Denis como Personalidad Destacada de la Cultura Bonaerense\",\"datePublished\":\"2020-05-27T13:16:37+00:00\",\"dateModified\":\"2020-05-27T13:16:38+00:00\",\"mainEntityOfPage\":{\"@id\":\"https:\\\/\\\/diarioprincipios.com\\\/index.php\\\/2020\\\/05\\\/27\\\/proponen-declarar-a-sergio-denis-como-personalidad-destacada-de-la-cultura-bonaerense\\\/\"},\"wordCount\":206,\"commentCount\":0,\"publisher\":{\"@id\":\"https:\\\/\\\/diarioprincipios.com\\\/#organization\"},\"image\":{\"@id\":\"https:\\\/\\\/diarioprincipios.com\\\/index.php\\\/2020\\\/05\\\/27\\\/proponen-declarar-a-sergio-denis-como-personalidad-destacada-de-la-cultura-bonaerense\\\/#primaryimage\"},\"thumbnailUrl\":\"https:\\\/\\\/diarioprincipios.com\\\/wp-content\\\/uploads\\\/2020\\\/05\\\/denis.jpg\",\"articleSection\":[\"Provincia\"],\"inLanguage\":\"es\",\"potentialAction\":[{\"@type\":\"CommentAction\",\"name\":\"Comment\",\"target\":[\"https:\\\/\\\/diarioprincipios.com\\\/index.php\\\/2020\\\/05\\\/27\\\/proponen-declarar-a-sergio-denis-como-personalidad-destacada-de-la-cultura-bonaerense\\\/#respond\"]}]},{\"@type\":\"WebPage\",\"@id\":\"https:\\\/\\\/diarioprincipios.com\\\/index.php\\\/2020\\\/05\\\/27\\\/proponen-declarar-a-sergio-denis-como-personalidad-destacada-de-la-cultura-bonaerense\\\/\",\"url\":\"https:\\\/\\\/diarioprincipios.com\\\/index.php\\\/2020\\\/05\\\/27\\\/proponen-declarar-a-sergio-denis-como-personalidad-destacada-de-la-cultura-bonaerense\\\/\",\"name\":\"Proponen declarar a Sergio Denis como Personalidad Destacada de la Cultura Bonaerense - Principios\",\"isPartOf\":{\"@id\":\"https:\\\/\\\/diarioprincipios.com\\\/#website\"},\"primaryImageOfPage\":{\"@id\":\"https:\\\/\\\/diarioprincipios.com\\\/index.php\\\/2020\\\/05\\\/27\\\/proponen-declarar-a-sergio-denis-como-personalidad-destacada-de-la-cultura-bonaerense\\\/#primaryimage\"},\"image\":{\"@id\":\"https:\\\/\\\/diarioprincipios.com\\\/index.php\\\/2020\\\/05\\\/27\\\/proponen-declarar-a-sergio-denis-como-personalidad-destacada-de-la-cultura-bonaerense\\\/#primaryimage\"},\"thumbnailUrl\":\"https:\\\/\\\/diarioprincipios.com\\\/wp-content\\\/uploads\\\/2020\\\/05\\\/denis.jpg\",\"datePublished\":\"2020-05-27T13:16:37+00:00\",\"dateModified\":\"2020-05-27T13:16:38+00:00\",\"breadcrumb\":{\"@id\":\"https:\\\/\\\/diarioprincipios.com\\\/index.php\\\/2020\\\/05\\\/27\\\/proponen-declarar-a-sergio-denis-como-personalidad-destacada-de-la-cultura-bonaerense\\\/#breadcrumb\"},\"inLanguage\":\"es\",\"potentialAction\":[{\"@type\":\"ReadAction\",\"target\":[\"https:\\\/\\\/diarioprincipios.com\\\/index.php\\\/2020\\\/05\\\/27\\\/proponen-declarar-a-sergio-denis-como-personalidad-destacada-de-la-cultura-bonaerense\\\/\"]}]},{\"@type\":\"ImageObject\",\"inLanguage\":\"es\",\"@id\":\"https:\\\/\\\/diarioprincipios.com\\\/index.php\\\/2020\\\/05\\\/27\\\/proponen-declarar-a-sergio-denis-como-personalidad-destacada-de-la-cultura-bonaerense\\\/#primaryimage\",\"url\":\"https:\\\/\\\/diarioprincipios.com\\\/wp-content\\\/uploads\\\/2020\\\/05\\\/denis.jpg\",\"contentUrl\":\"https:\\\/\\\/diarioprincipios.com\\\/wp-content\\\/uploads\\\/2020\\\/05\\\/denis.jpg\",\"width\":862,\"height\":635},{\"@type\":\"BreadcrumbList\",\"@id\":\"https:\\\/\\\/diarioprincipios.com\\\/index.php\\\/2020\\\/05\\\/27\\\/proponen-declarar-a-sergio-denis-como-personalidad-destacada-de-la-cultura-bonaerense\\\/#breadcrumb\",\"itemListElement\":[{\"@type\":\"ListItem\",\"position\":1,\"name\":\"Portada\",\"item\":\"https:\\\/\\\/diarioprincipios.com\\\/\"},{\"@type\":\"ListItem\",\"position\":2,\"name\":\"Proponen declarar a Sergio Denis como Personalidad Destacada de la Cultura Bonaerense\"}]},{\"@type\":\"WebSite\",\"@id\":\"https:\\\/\\\/diarioprincipios.com\\\/#website\",\"url\":\"https:\\\/\\\/diarioprincipios.com\\\/\",\"name\":\"Principios\",\"description\":\"Principios Diario\",\"publisher\":{\"@id\":\"https:\\\/\\\/diarioprincipios.com\\\/#organization\"},\"potentialAction\":[{\"@type\":\"SearchAction\",\"target\":{\"@type\":\"EntryPoint\",\"urlTemplate\":\"https:\\\/\\\/diarioprincipios.com\\\/?s={search_term_string}\"},\"query-input\":{\"@type\":\"PropertyValueSpecification\",\"valueRequired\":true,\"valueName\":\"search_term_string\"}}],\"inLanguage\":\"es\"},{\"@type\":\"Organization\",\"@id\":\"https:\\\/\\\/diarioprincipios.com\\\/#organization\",\"name\":\"Principios\",\"url\":\"https:\\\/\\\/diarioprincipios.com\\\/\",\"logo\":{\"@type\":\"ImageObject\",\"inLanguage\":\"es\",\"@id\":\"https:\\\/\\\/diarioprincipios.com\\\/#\\\/schema\\\/logo\\\/image\\\/\",\"url\":\"https:\\\/\\\/diarioprincipios.com\\\/wp-content\\\/uploads\\\/2024\\\/04\\\/cropped-www.diarioprincipios.com_-1.png\",\"contentUrl\":\"https:\\\/\\\/diarioprincipios.com\\\/wp-content\\\/uploads\\\/2024\\\/04\\\/cropped-www.diarioprincipios.com_-1.png\",\"width\":5325,\"height\":1454,\"caption\":\"Principios\"},\"image\":{\"@id\":\"https:\\\/\\\/diarioprincipios.com\\\/#\\\/schema\\\/logo\\\/image\\\/\"}},{\"@type\":\"Person\",\"@id\":\"https:\\\/\\\/diarioprincipios.com\\\/#\\\/schema\\\/person\\\/436d5a1fd41a5e250e23ff5a6a7cb080\",\"name\":\"Hern\u00e1n L\u00f3pez\",\"image\":{\"@type\":\"ImageObject\",\"inLanguage\":\"es\",\"@id\":\"https:\\\/\\\/diarioprincipios.com\\\/wp-content\\\/litespeed\\\/avatar\\\/11ddfe5610ff3bd100522525b2571f48.jpg?ver=1777048341\",\"url\":\"https:\\\/\\\/diarioprincipios.com\\\/wp-content\\\/litespeed\\\/avatar\\\/11ddfe5610ff3bd100522525b2571f48.jpg?ver=1777048341\",\"contentUrl\":\"https:\\\/\\\/diarioprincipios.com\\\/wp-content\\\/litespeed\\\/avatar\\\/11ddfe5610ff3bd100522525b2571f48.jpg?ver=1777048341\",\"caption\":\"Hern\u00e1n L\u00f3pez\"},\"url\":\"https:\\\/\\\/diarioprincipios.com\\\/index.php\\\/author\\\/hernan\\\/\"}]}<\/script>\n<!-- \/ Yoast SEO plugin. -->","yoast_head_json":{"title":"Proponen declarar a Sergio Denis como Personalidad Destacada de la Cultura Bonaerense - Principios","robots":{"index":"index","follow":"follow","max-snippet":"max-snippet:-1","max-image-preview":"max-image-preview:large","max-video-preview":"max-video-preview:-1"},"canonical":"https:\/\/diarioprincipios.com\/index.php\/2020\/05\/27\/proponen-declarar-a-sergio-denis-como-personalidad-destacada-de-la-cultura-bonaerense\/","og_locale":"es_ES","og_type":"article","og_title":"Proponen declarar a Sergio Denis como Personalidad Destacada de la Cultura Bonaerense - Principios","og_description":"Una iniciativa presentada en la Legislatura Bonaerense busca declarar Personalidad Destacada de la cultura al cantautor Sergio Denis, quien falleci\u00f3 hace poco m\u00e1s de 10 d\u00edas tras haber sufrido un accidente por el que estuvo internado m\u00e1s de un a\u00f1o. La propuesta, del diputado provincial Emiliano Balb\u00edn, se enmarca dentro de la ley provincial que...","og_url":"https:\/\/diarioprincipios.com\/index.php\/2020\/05\/27\/proponen-declarar-a-sergio-denis-como-personalidad-destacada-de-la-cultura-bonaerense\/","og_site_name":"Principios","article_published_time":"2020-05-27T13:16:37+00:00","article_modified_time":"2020-05-27T13:16:38+00:00","og_image":[{"width":862,"height":635,"url":"https:\/\/diarioprincipios.com\/wp-content\/uploads\/2020\/05\/denis.jpg","type":"image\/jpeg"}],"author":"Hern\u00e1n L\u00f3pez","twitter_card":"summary_large_image","twitter_misc":{"Escrito por":"Hern\u00e1n L\u00f3pez","Tiempo de lectura":"1 minuto"},"schema":{"@context":"https:\/\/schema.org","@graph":[{"@type":"Article","@id":"https:\/\/diarioprincipios.com\/index.php\/2020\/05\/27\/proponen-declarar-a-sergio-denis-como-personalidad-destacada-de-la-cultura-bonaerense\/#article","isPartOf":{"@id":"https:\/\/diarioprincipios.com\/index.php\/2020\/05\/27\/proponen-declarar-a-sergio-denis-como-personalidad-destacada-de-la-cultura-bonaerense\/"},"author":{"name":"Hern\u00e1n L\u00f3pez","@id":"https:\/\/diarioprincipios.com\/#\/schema\/person\/436d5a1fd41a5e250e23ff5a6a7cb080"},"headline":"Proponen declarar a Sergio Denis como Personalidad Destacada de la Cultura Bonaerense","datePublished":"2020-05-27T13:16:37+00:00","dateModified":"2020-05-27T13:16:38+00:00","mainEntityOfPage":{"@id":"https:\/\/diarioprincipios.com\/index.php\/2020\/05\/27\/proponen-declarar-a-sergio-denis-como-personalidad-destacada-de-la-cultura-bonaerense\/"},"wordCount":206,"commentCount":0,"publisher":{"@id":"https:\/\/diarioprincipios.com\/#organization"},"image":{"@id":"https:\/\/diarioprincipios.com\/index.php\/2020\/05\/27\/proponen-declarar-a-sergio-denis-como-personalidad-destacada-de-la-cultura-bonaerense\/#primaryimage"},"thumbnailUrl":"https:\/\/diarioprincipios.com\/wp-content\/uploads\/2020\/05\/denis.jpg","articleSection":["Provincia"],"inLanguage":"es","potentialAction":[{"@type":"CommentAction","name":"Comment","target":["https:\/\/diarioprincipios.com\/index.php\/2020\/05\/27\/proponen-declarar-a-sergio-denis-como-personalidad-destacada-de-la-cultura-bonaerense\/#respond"]}]},{"@type":"WebPage","@id":"https:\/\/diarioprincipios.com\/index.php\/2020\/05\/27\/proponen-declarar-a-sergio-denis-como-personalidad-destacada-de-la-cultura-bonaerense\/","url":"https:\/\/diarioprincipios.com\/index.php\/2020\/05\/27\/proponen-declarar-a-sergio-denis-como-personalidad-destacada-de-la-cultura-bonaerense\/","name":"Proponen declarar a Sergio Denis como Personalidad Destacada de la Cultura Bonaerense - Principios","isPartOf":{"@id":"https:\/\/diarioprincipios.com\/#website"},"primaryImageOfPage":{"@id":"https:\/\/diarioprincipios.com\/index.php\/2020\/05\/27\/proponen-declarar-a-sergio-denis-como-personalidad-destacada-de-la-cultura-bonaerense\/#primaryimage"},"image":{"@id":"https:\/\/diarioprincipios.com\/index.php\/2020\/05\/27\/proponen-declarar-a-sergio-denis-como-personalidad-destacada-de-la-cultura-bonaerense\/#primaryimage"},"thumbnailUrl":"https:\/\/diarioprincipios.com\/wp-content\/uploads\/2020\/05\/denis.jpg","datePublished":"2020-05-27T13:16:37+00:00","dateModified":"2020-05-27T13:16:38+00:00","breadcrumb":{"@id":"https:\/\/diarioprincipios.com\/index.php\/2020\/05\/27\/proponen-declarar-a-sergio-denis-como-personalidad-destacada-de-la-cultura-bonaerense\/#breadcrumb"},"inLanguage":"es","potentialAction":[{"@type":"ReadAction","target":["https:\/\/diarioprincipios.com\/index.php\/2020\/05\/27\/proponen-declarar-a-sergio-denis-como-personalidad-destacada-de-la-cultura-bonaerense\/"]}]},{"@type":"ImageObject","inLanguage":"es","@id":"https:\/\/diarioprincipios.com\/index.php\/2020\/05\/27\/proponen-declarar-a-sergio-denis-como-personalidad-destacada-de-la-cultura-bonaerense\/#primaryimage","url":"https:\/\/diarioprincipios.com\/wp-content\/uploads\/2020\/05\/denis.jpg","contentUrl":"https:\/\/diarioprincipios.com\/wp-content\/uploads\/2020\/05\/denis.jpg","width":862,"height":635},{"@type":"BreadcrumbList","@id":"https:\/\/diarioprincipios.com\/index.php\/2020\/05\/27\/proponen-declarar-a-sergio-denis-como-personalidad-destacada-de-la-cultura-bonaerense\/#breadcrumb","itemListElement":[{"@type":"ListItem","position":1,"name":"Portada","item":"https:\/\/diarioprincipios.com\/"},{"@type":"ListItem","position":2,"name":"Proponen declarar a Sergio Denis como Personalidad Destacada de la Cultura Bonaerense"}]},{"@type":"WebSite","@id":"https:\/\/diarioprincipios.com\/#website","url":"https:\/\/diarioprincipios.com\/","name":"Principios","description":"Principios Diario","publisher":{"@id":"https:\/\/diarioprincipios.com\/#organization"},"potentialAction":[{"@type":"SearchAction","target":{"@type":"EntryPoint","urlTemplate":"https:\/\/diarioprincipios.com\/?s={search_term_string}"},"query-input":{"@type":"PropertyValueSpecification","valueRequired":true,"valueName":"search_term_string"}}],"inLanguage":"es"},{"@type":"Organization","@id":"https:\/\/diarioprincipios.com\/#organization","name":"Principios","url":"https:\/\/diarioprincipios.com\/","logo":{"@type":"ImageObject","inLanguage":"es","@id":"https:\/\/diarioprincipios.com\/#\/schema\/logo\/image\/","url":"https:\/\/diarioprincipios.com\/wp-content\/uploads\/2024\/04\/cropped-www.diarioprincipios.com_-1.png","contentUrl":"https:\/\/diarioprincipios.com\/wp-content\/uploads\/2024\/04\/cropped-www.diarioprincipios.com_-1.png","width":5325,"height":1454,"caption":"Principios"},"image":{"@id":"https:\/\/diarioprincipios.com\/#\/schema\/logo\/image\/"}},{"@type":"Person","@id":"https:\/\/diarioprincipios.com\/#\/schema\/person\/436d5a1fd41a5e250e23ff5a6a7cb080","name":"Hern\u00e1n L\u00f3pez","image":{"@type":"ImageObject","inLanguage":"es","@id":"https:\/\/diarioprincipios.com\/wp-content\/litespeed\/avatar\/11ddfe5610ff3bd100522525b2571f48.jpg?ver=1777048341","url":"https:\/\/diarioprincipios.com\/wp-content\/litespeed\/avatar\/11ddfe5610ff3bd100522525b2571f48.jpg?ver=1777048341","contentUrl":"https:\/\/diarioprincipios.com\/wp-content\/litespeed\/avatar\/11ddfe5610ff3bd100522525b2571f48.jpg?ver=1777048341","caption":"Hern\u00e1n L\u00f3pez"},"url":"https:\/\/diarioprincipios.com\/index.php\/author\/hernan\/"}]}},"jetpack_featured_media_url":"https:\/\/diarioprincipios.com\/wp-content\/uploads\/2020\/05\/denis.jpg","_links":{"self":[{"href":"https:\/\/diarioprincipios.com\/index.php\/wp-json\/wp\/v2\/posts\/2183","targetHints":{"allow":["GET"]}}],"collection":[{"href":"https:\/\/diarioprincipios.com\/index.php\/wp-json\/wp\/v2\/posts"}],"about":[{"href":"https:\/\/diarioprincipios.com\/index.php\/wp-json\/wp\/v2\/types\/post"}],"author":[{"embeddable":true,"href":"https:\/\/diarioprincipios.com\/index.php\/wp-json\/wp\/v2\/users\/2"}],"replies":[{"embeddable":true,"href":"https:\/\/diarioprincipios.com\/index.php\/wp-json\/wp\/v2\/comments?post=2183"}],"version-history":[{"count":1,"href":"https:\/\/diarioprincipios.com\/index.php\/wp-json\/wp\/v2\/posts\/2183\/revisions"}],"predecessor-version":[{"id":2185,"href":"https:\/\/diarioprincipios.com\/index.php\/wp-json\/wp\/v2\/posts\/2183\/revisions\/2185"}],"wp:featuredmedia":[{"embeddable":true,"href":"https:\/\/diarioprincipios.com\/index.php\/wp-json\/wp\/v2\/media\/2184"}],"wp:attachment":[{"href":"https:\/\/diarioprincipios.com\/index.php\/wp-json\/wp\/v2\/media?parent=2183"}],"wp:term":[{"taxonomy":"category","embeddable":true,"href":"https:\/\/diarioprincipios.com\/index.php\/wp-json\/wp\/v2\/categories?post=2183"},{"taxonomy":"post_tag","embeddable":true,"href":"https:\/\/diarioprincipios.com\/index.php\/wp-json\/wp\/v2\/tags?post=2183"}],"curies":[{"name":"wp","href":"https:\/\/api.w.org\/{rel}","templated":true}]}}