{"id":21755,"date":"2024-04-30T17:40:21","date_gmt":"2024-04-30T20:40:21","guid":{"rendered":"http:\/\/diarioprincipios.com\/?p=21755"},"modified":"2024-04-30T17:40:23","modified_gmt":"2024-04-30T20:40:23","slug":"kicillof-y-mussi-inauguraron-la-pavimentacion-de-la-calle-18","status":"publish","type":"post","link":"https:\/\/diarioprincipios.com\/index.php\/2024\/04\/30\/kicillof-y-mussi-inauguraron-la-pavimentacion-de-la-calle-18\/","title":{"rendered":"Kicillof y Mussi inauguraron la pavimentaci\u00f3n de la calle 18"},"content":{"rendered":"\n<p><strong>Adem\u00e1s, el Municipio recibi\u00f3 una ambulancia, un cami\u00f3n e indumentaria de trabajo<\/strong><\/p>\n\n\n\n<p>El gobernador de la provincia de Buenos Aires, Axel Kicillof; y el intendente de Berazategui, Juan Jos\u00e9 Mussi, inauguraron la pavimentaci\u00f3n de la calle 18 entre la Av. Juan Manuel Fangio y la Colectora de la Autopista Bs. As.-La Plata, en el barrio General Belgrano, que fue realizada con financiamiento de los Gobiernos provincial y municipal. Asimismo, se hizo entrega de una ambulancia de alta complejidad, un cami\u00f3n para la gesti\u00f3n de residuos e indumentaria de trabajo para el Municipio.<\/p>\n\n\n\n<figure class=\"wp-block-image size-large\"><img loading=\"lazy\" decoding=\"async\" width=\"1024\" height=\"683\" src=\"https:\/\/diarioprincipios.com\/wp-content\/uploads\/2024\/04\/BERAZATEGUI-KICILLOF-Y-MUSSI-INAUGURARON-LA-PAVIMENTACION-DE-LA-CALLE-18-2-1024x683.jpg\" alt=\"\" class=\"wp-image-21756\" srcset=\"https:\/\/diarioprincipios.com\/wp-content\/uploads\/2024\/04\/BERAZATEGUI-KICILLOF-Y-MUSSI-INAUGURARON-LA-PAVIMENTACION-DE-LA-CALLE-18-2-1024x683.jpg 1024w, https:\/\/diarioprincipios.com\/wp-content\/uploads\/2024\/04\/BERAZATEGUI-KICILLOF-Y-MUSSI-INAUGURARON-LA-PAVIMENTACION-DE-LA-CALLE-18-2-300x200.jpg 300w, https:\/\/diarioprincipios.com\/wp-content\/uploads\/2024\/04\/BERAZATEGUI-KICILLOF-Y-MUSSI-INAUGURARON-LA-PAVIMENTACION-DE-LA-CALLE-18-2-768x512.jpg 768w, https:\/\/diarioprincipios.com\/wp-content\/uploads\/2024\/04\/BERAZATEGUI-KICILLOF-Y-MUSSI-INAUGURARON-LA-PAVIMENTACION-DE-LA-CALLE-18-2-1536x1024.jpg 1536w, https:\/\/diarioprincipios.com\/wp-content\/uploads\/2024\/04\/BERAZATEGUI-KICILLOF-Y-MUSSI-INAUGURARON-LA-PAVIMENTACION-DE-LA-CALLE-18-2-2048x1365.jpg 2048w, https:\/\/diarioprincipios.com\/wp-content\/uploads\/2024\/04\/BERAZATEGUI-KICILLOF-Y-MUSSI-INAUGURARON-LA-PAVIMENTACION-DE-LA-CALLE-18-2-600x400.jpg 600w\" sizes=\"auto, (max-width: 1024px) 100vw, 1024px\" \/><\/figure>\n\n\n\n<p>\u201cEstos son pavimentos que se esperaban hace mucho tiempo y que van a servir para mejorar la conexi\u00f3n y los accesos de barrios en los que viven miles de trabajadores y trabajadoras\u201d, destac\u00f3 el Gobernador. Y subray\u00f3: \u201cPara nosotros avanzar con las obras p\u00fablicas implica cumplir con el mandato popular que nos exige trabajar todos los d\u00edas para seguir ampliando y reconociendo derechos\u201d.<\/p>\n\n\n\n<figure class=\"wp-block-image size-large\"><img loading=\"lazy\" decoding=\"async\" width=\"1024\" height=\"683\" src=\"https:\/\/diarioprincipios.com\/wp-content\/uploads\/2024\/04\/BERAZATEGUI-KICILLOF-Y-MUSSI-INAUGURARON-LA-PAVIMENTACION-DE-LA-CALLE-18-1024x683.jpg\" alt=\"\" class=\"wp-image-21757\" srcset=\"https:\/\/diarioprincipios.com\/wp-content\/uploads\/2024\/04\/BERAZATEGUI-KICILLOF-Y-MUSSI-INAUGURARON-LA-PAVIMENTACION-DE-LA-CALLE-18-1024x683.jpg 1024w, https:\/\/diarioprincipios.com\/wp-content\/uploads\/2024\/04\/BERAZATEGUI-KICILLOF-Y-MUSSI-INAUGURARON-LA-PAVIMENTACION-DE-LA-CALLE-18-300x200.jpg 300w, https:\/\/diarioprincipios.com\/wp-content\/uploads\/2024\/04\/BERAZATEGUI-KICILLOF-Y-MUSSI-INAUGURARON-LA-PAVIMENTACION-DE-LA-CALLE-18-768x512.jpg 768w, https:\/\/diarioprincipios.com\/wp-content\/uploads\/2024\/04\/BERAZATEGUI-KICILLOF-Y-MUSSI-INAUGURARON-LA-PAVIMENTACION-DE-LA-CALLE-18-1536x1024.jpg 1536w, https:\/\/diarioprincipios.com\/wp-content\/uploads\/2024\/04\/BERAZATEGUI-KICILLOF-Y-MUSSI-INAUGURARON-LA-PAVIMENTACION-DE-LA-CALLE-18-600x400.jpg 600w, https:\/\/diarioprincipios.com\/wp-content\/uploads\/2024\/04\/BERAZATEGUI-KICILLOF-Y-MUSSI-INAUGURARON-LA-PAVIMENTACION-DE-LA-CALLE-18.jpg 1920w\" sizes=\"auto, (max-width: 1024px) 100vw, 1024px\" \/><\/figure>\n\n\n\n<p>Por su parte, Mussi expres\u00f3: \u201cQueda demostrado que tenemos un gobernador, como Kicillof, que le dice no a cerrar las universidades y no a privatizar la salud y las obras p\u00fablicas. En cambio, nos acompa\u00f1a y nos trae una ambulancia y un cami\u00f3n recolector. Adem\u00e1s, vino a inaugurar una calle en un lugar humilde, como el barrio Belgrano. Le agradezco enormemente\u201d.<\/p>\n\n\n\n<p>De esta manera, Berazategui ya cuenta con la calle 18 pavimentada, en la traza comprendida entre la Av. Fangio y Colectora, unos 6 mil metros cuadrados de asfalto. Estas obras contemplan la readecuaci\u00f3n de los desag\u00fces pluviales (ca\u00f1er\u00edas, c\u00e1maras y sumideros), la construcci\u00f3n de desag\u00fces cloacales complementarios y cordones integrales, adem\u00e1s de la colocaci\u00f3n de se\u00f1alizaci\u00f3n vial. Asimismo, se inaugur\u00f3 una Plaza seca forestada en Av. Fangio y 18.<\/p>\n\n\n\n<figure class=\"wp-block-image size-large\"><img loading=\"lazy\" decoding=\"async\" width=\"1024\" height=\"683\" src=\"https:\/\/diarioprincipios.com\/wp-content\/uploads\/2024\/04\/BERAZATEGUI-KICILLOF-Y-MUSSI-INAUGURARON-LA-PAVIMENTACION-DE-LA-CALLE-18-1-1024x683.jpg\" alt=\"\" class=\"wp-image-21758\" srcset=\"https:\/\/diarioprincipios.com\/wp-content\/uploads\/2024\/04\/BERAZATEGUI-KICILLOF-Y-MUSSI-INAUGURARON-LA-PAVIMENTACION-DE-LA-CALLE-18-1-1024x683.jpg 1024w, https:\/\/diarioprincipios.com\/wp-content\/uploads\/2024\/04\/BERAZATEGUI-KICILLOF-Y-MUSSI-INAUGURARON-LA-PAVIMENTACION-DE-LA-CALLE-18-1-300x200.jpg 300w, https:\/\/diarioprincipios.com\/wp-content\/uploads\/2024\/04\/BERAZATEGUI-KICILLOF-Y-MUSSI-INAUGURARON-LA-PAVIMENTACION-DE-LA-CALLE-18-1-768x512.jpg 768w, https:\/\/diarioprincipios.com\/wp-content\/uploads\/2024\/04\/BERAZATEGUI-KICILLOF-Y-MUSSI-INAUGURARON-LA-PAVIMENTACION-DE-LA-CALLE-18-1-1536x1024.jpg 1536w, https:\/\/diarioprincipios.com\/wp-content\/uploads\/2024\/04\/BERAZATEGUI-KICILLOF-Y-MUSSI-INAUGURARON-LA-PAVIMENTACION-DE-LA-CALLE-18-1-600x400.jpg 600w, https:\/\/diarioprincipios.com\/wp-content\/uploads\/2024\/04\/BERAZATEGUI-KICILLOF-Y-MUSSI-INAUGURARON-LA-PAVIMENTACION-DE-LA-CALLE-18-1.jpg 1920w\" sizes=\"auto, (max-width: 1024px) 100vw, 1024px\" \/><\/figure>\n\n\n\n<p>Tras recorrer las obras, el Municipio recibi\u00f3 una nueva ambulancia de alta complejidad para dar respuesta a emergencias de pacientes en estado cr\u00edtico, gestionada por el intendente Mussi ante el Ministerio de Salud bonaerense, y un cami\u00f3n de reciclaje de caja abierta. Ambos se sumar\u00e1n a la flota municipal para la prestaci\u00f3n de servicios a la comunidad. Tambi\u00e9n, fue beneficiario de 130 equipos de indumentaria (que incluyen campera, pantal\u00f3n y calzado) para recicladores urbanos municipales y cooperativistas que trabajan en el Ecopunto del barrio Gral. Belgrano (dependiente del Programa Municipal Berazategui Recicla), con el objetivo de fortalecer la gesti\u00f3n de residuos en el distrito.<\/p>\n\n\n\n<figure class=\"wp-block-image size-large\"><img loading=\"lazy\" decoding=\"async\" width=\"1024\" height=\"683\" src=\"https:\/\/diarioprincipios.com\/wp-content\/uploads\/2024\/04\/BERAZATEGUI-KICILLOF-Y-MUSSI-INAUGURARON-LA-PAVIMENTACION-DE-LA-CALLE-18-3-1024x683.jpg\" alt=\"\" class=\"wp-image-21759\" srcset=\"https:\/\/diarioprincipios.com\/wp-content\/uploads\/2024\/04\/BERAZATEGUI-KICILLOF-Y-MUSSI-INAUGURARON-LA-PAVIMENTACION-DE-LA-CALLE-18-3-1024x683.jpg 1024w, https:\/\/diarioprincipios.com\/wp-content\/uploads\/2024\/04\/BERAZATEGUI-KICILLOF-Y-MUSSI-INAUGURARON-LA-PAVIMENTACION-DE-LA-CALLE-18-3-300x200.jpg 300w, https:\/\/diarioprincipios.com\/wp-content\/uploads\/2024\/04\/BERAZATEGUI-KICILLOF-Y-MUSSI-INAUGURARON-LA-PAVIMENTACION-DE-LA-CALLE-18-3-768x512.jpg 768w, https:\/\/diarioprincipios.com\/wp-content\/uploads\/2024\/04\/BERAZATEGUI-KICILLOF-Y-MUSSI-INAUGURARON-LA-PAVIMENTACION-DE-LA-CALLE-18-3-1536x1024.jpg 1536w, https:\/\/diarioprincipios.com\/wp-content\/uploads\/2024\/04\/BERAZATEGUI-KICILLOF-Y-MUSSI-INAUGURARON-LA-PAVIMENTACION-DE-LA-CALLE-18-3-2048x1366.jpg 2048w, https:\/\/diarioprincipios.com\/wp-content\/uploads\/2024\/04\/BERAZATEGUI-KICILLOF-Y-MUSSI-INAUGURARON-LA-PAVIMENTACION-DE-LA-CALLE-18-3-600x400.jpg 600w\" sizes=\"auto, (max-width: 1024px) 100vw, 1024px\" \/><\/figure>\n\n\n\n<p>Participaron en la visita, adem\u00e1s, los ministros bonaerenses de Salud, Nicol\u00e1s Kreplak; de Ambiente, Daniela Vilar; y de Comunicaci\u00f3n P\u00fablica, Jesica Rey; integrantes del Gabinete municipal; representantes de instituciones locales, adem\u00e1s de vecinos y vecinas del barrio.<\/p>\n\n\n\n<p>Recorrido de obras paralizadas por el Gobierno nacional en Pl\u00e1tanos Norte<\/p>\n\n\n\n<p>Kicillof y Mussi tambi\u00e9n recorrieron el predio de 18 hect\u00e1reas en Pl\u00e1tanos Norte, donde hasta el a\u00f1o pasado se llevaba adelante la construcci\u00f3n de m\u00e1s de 1.400 viviendas del Plan Procrear II, que fueron paralizadas por el Gobierno nacional actual.<\/p>\n","protected":false},"excerpt":{"rendered":"<p>Adem\u00e1s, el Municipio recibi\u00f3 una ambulancia, un cami\u00f3n e indumentaria de trabajo El gobernador de la provincia de Buenos Aires, Axel Kicillof; y el intendente de Berazategui, Juan Jos\u00e9 Mussi, inauguraron la pavimentaci\u00f3n de la calle 18 entre la Av. Juan Manuel Fangio y la Colectora de la Autopista Bs. As.-La Plata, en el barrio&#8230;<\/p>\n","protected":false},"author":2,"featured_media":21760,"comment_status":"open","ping_status":"open","sticky":false,"template":"","format":"standard","meta":{"footnotes":""},"categories":[3],"tags":[],"class_list":["post-21755","post","type-post","status-publish","format-standard","has-post-thumbnail","hentry","category-berazategui"],"featured_image_src":"https:\/\/diarioprincipios.com\/wp-content\/uploads\/2024\/04\/BERAZATEGUI-KICILLOF-Y-MUSSI-INAUGURARON-LA-PAVIMENTACION-DE-LA-CALLE-18-4-1024x683.jpg","blog_images":{"medium":"https:\/\/diarioprincipios.com\/wp-content\/uploads\/2024\/04\/BERAZATEGUI-KICILLOF-Y-MUSSI-INAUGURARON-LA-PAVIMENTACION-DE-LA-CALLE-18-4-300x200.jpg","large":"https:\/\/diarioprincipios.com\/wp-content\/uploads\/2024\/04\/BERAZATEGUI-KICILLOF-Y-MUSSI-INAUGURARON-LA-PAVIMENTACION-DE-LA-CALLE-18-4-1024x683.jpg"},"ams_acf":[],"yoast_head":"<!-- This site is optimized with the Yoast SEO plugin v27.3 - https:\/\/yoast.com\/product\/yoast-seo-wordpress\/ -->\n<title>Kicillof y Mussi inauguraron la pavimentaci\u00f3n de la calle 18 - Principios<\/title>\n<meta name=\"robots\" content=\"index, follow, max-snippet:-1, max-image-preview:large, max-video-preview:-1\" \/>\n<link rel=\"canonical\" href=\"https:\/\/diarioprincipios.com\/index.php\/2024\/04\/30\/kicillof-y-mussi-inauguraron-la-pavimentacion-de-la-calle-18\/\" \/>\n<meta property=\"og:locale\" content=\"es_ES\" \/>\n<meta property=\"og:type\" content=\"article\" \/>\n<meta property=\"og:title\" content=\"Kicillof y Mussi inauguraron la pavimentaci\u00f3n de la calle 18 - Principios\" \/>\n<meta property=\"og:description\" content=\"Adem\u00e1s, el Municipio recibi\u00f3 una ambulancia, un cami\u00f3n e indumentaria de trabajo El gobernador de la provincia de Buenos Aires, Axel Kicillof; y el intendente de Berazategui, Juan Jos\u00e9 Mussi, inauguraron la pavimentaci\u00f3n de la calle 18 entre la Av. Juan Manuel Fangio y la Colectora de la Autopista Bs. As.-La Plata, en el barrio...\" \/>\n<meta property=\"og:url\" content=\"https:\/\/diarioprincipios.com\/index.php\/2024\/04\/30\/kicillof-y-mussi-inauguraron-la-pavimentacion-de-la-calle-18\/\" \/>\n<meta property=\"og:site_name\" content=\"Principios\" \/>\n<meta property=\"article:published_time\" content=\"2024-04-30T20:40:21+00:00\" \/>\n<meta property=\"article:modified_time\" content=\"2024-04-30T20:40:23+00:00\" \/>\n<meta property=\"og:image\" content=\"https:\/\/diarioprincipios.com\/wp-content\/uploads\/2024\/04\/BERAZATEGUI-KICILLOF-Y-MUSSI-INAUGURARON-LA-PAVIMENTACION-DE-LA-CALLE-18-4.jpg\" \/>\n\t<meta property=\"og:image:width\" content=\"1920\" \/>\n\t<meta property=\"og:image:height\" content=\"1280\" \/>\n\t<meta property=\"og:image:type\" content=\"image\/jpeg\" \/>\n<meta name=\"author\" content=\"Hern\u00e1n L\u00f3pez\" \/>\n<meta name=\"twitter:card\" content=\"summary_large_image\" \/>\n<meta name=\"twitter:label1\" content=\"Escrito por\" \/>\n\t<meta name=\"twitter:data1\" content=\"Hern\u00e1n L\u00f3pez\" \/>\n\t<meta name=\"twitter:label2\" content=\"Tiempo de lectura\" \/>\n\t<meta name=\"twitter:data2\" content=\"4 minutos\" \/>\n<script type=\"application\/ld+json\" class=\"yoast-schema-graph\">{\"@context\":\"https:\\\/\\\/schema.org\",\"@graph\":[{\"@type\":\"Article\",\"@id\":\"https:\\\/\\\/diarioprincipios.com\\\/index.php\\\/2024\\\/04\\\/30\\\/kicillof-y-mussi-inauguraron-la-pavimentacion-de-la-calle-18\\\/#article\",\"isPartOf\":{\"@id\":\"https:\\\/\\\/diarioprincipios.com\\\/index.php\\\/2024\\\/04\\\/30\\\/kicillof-y-mussi-inauguraron-la-pavimentacion-de-la-calle-18\\\/\"},\"author\":{\"name\":\"Hern\u00e1n L\u00f3pez\",\"@id\":\"https:\\\/\\\/diarioprincipios.com\\\/#\\\/schema\\\/person\\\/436d5a1fd41a5e250e23ff5a6a7cb080\"},\"headline\":\"Kicillof y Mussi inauguraron la pavimentaci\u00f3n de la calle 18\",\"datePublished\":\"2024-04-30T20:40:21+00:00\",\"dateModified\":\"2024-04-30T20:40:23+00:00\",\"mainEntityOfPage\":{\"@id\":\"https:\\\/\\\/diarioprincipios.com\\\/index.php\\\/2024\\\/04\\\/30\\\/kicillof-y-mussi-inauguraron-la-pavimentacion-de-la-calle-18\\\/\"},\"wordCount\":523,\"commentCount\":0,\"publisher\":{\"@id\":\"https:\\\/\\\/diarioprincipios.com\\\/#organization\"},\"image\":{\"@id\":\"https:\\\/\\\/diarioprincipios.com\\\/index.php\\\/2024\\\/04\\\/30\\\/kicillof-y-mussi-inauguraron-la-pavimentacion-de-la-calle-18\\\/#primaryimage\"},\"thumbnailUrl\":\"https:\\\/\\\/diarioprincipios.com\\\/wp-content\\\/uploads\\\/2024\\\/04\\\/BERAZATEGUI-KICILLOF-Y-MUSSI-INAUGURARON-LA-PAVIMENTACION-DE-LA-CALLE-18-4.jpg\",\"articleSection\":[\"Berazategui\"],\"inLanguage\":\"es\",\"potentialAction\":[{\"@type\":\"CommentAction\",\"name\":\"Comment\",\"target\":[\"https:\\\/\\\/diarioprincipios.com\\\/index.php\\\/2024\\\/04\\\/30\\\/kicillof-y-mussi-inauguraron-la-pavimentacion-de-la-calle-18\\\/#respond\"]}]},{\"@type\":\"WebPage\",\"@id\":\"https:\\\/\\\/diarioprincipios.com\\\/index.php\\\/2024\\\/04\\\/30\\\/kicillof-y-mussi-inauguraron-la-pavimentacion-de-la-calle-18\\\/\",\"url\":\"https:\\\/\\\/diarioprincipios.com\\\/index.php\\\/2024\\\/04\\\/30\\\/kicillof-y-mussi-inauguraron-la-pavimentacion-de-la-calle-18\\\/\",\"name\":\"Kicillof y Mussi inauguraron la pavimentaci\u00f3n de la calle 18 - Principios\",\"isPartOf\":{\"@id\":\"https:\\\/\\\/diarioprincipios.com\\\/#website\"},\"primaryImageOfPage\":{\"@id\":\"https:\\\/\\\/diarioprincipios.com\\\/index.php\\\/2024\\\/04\\\/30\\\/kicillof-y-mussi-inauguraron-la-pavimentacion-de-la-calle-18\\\/#primaryimage\"},\"image\":{\"@id\":\"https:\\\/\\\/diarioprincipios.com\\\/index.php\\\/2024\\\/04\\\/30\\\/kicillof-y-mussi-inauguraron-la-pavimentacion-de-la-calle-18\\\/#primaryimage\"},\"thumbnailUrl\":\"https:\\\/\\\/diarioprincipios.com\\\/wp-content\\\/uploads\\\/2024\\\/04\\\/BERAZATEGUI-KICILLOF-Y-MUSSI-INAUGURARON-LA-PAVIMENTACION-DE-LA-CALLE-18-4.jpg\",\"datePublished\":\"2024-04-30T20:40:21+00:00\",\"dateModified\":\"2024-04-30T20:40:23+00:00\",\"breadcrumb\":{\"@id\":\"https:\\\/\\\/diarioprincipios.com\\\/index.php\\\/2024\\\/04\\\/30\\\/kicillof-y-mussi-inauguraron-la-pavimentacion-de-la-calle-18\\\/#breadcrumb\"},\"inLanguage\":\"es\",\"potentialAction\":[{\"@type\":\"ReadAction\",\"target\":[\"https:\\\/\\\/diarioprincipios.com\\\/index.php\\\/2024\\\/04\\\/30\\\/kicillof-y-mussi-inauguraron-la-pavimentacion-de-la-calle-18\\\/\"]}]},{\"@type\":\"ImageObject\",\"inLanguage\":\"es\",\"@id\":\"https:\\\/\\\/diarioprincipios.com\\\/index.php\\\/2024\\\/04\\\/30\\\/kicillof-y-mussi-inauguraron-la-pavimentacion-de-la-calle-18\\\/#primaryimage\",\"url\":\"https:\\\/\\\/diarioprincipios.com\\\/wp-content\\\/uploads\\\/2024\\\/04\\\/BERAZATEGUI-KICILLOF-Y-MUSSI-INAUGURARON-LA-PAVIMENTACION-DE-LA-CALLE-18-4.jpg\",\"contentUrl\":\"https:\\\/\\\/diarioprincipios.com\\\/wp-content\\\/uploads\\\/2024\\\/04\\\/BERAZATEGUI-KICILLOF-Y-MUSSI-INAUGURARON-LA-PAVIMENTACION-DE-LA-CALLE-18-4.jpg\",\"width\":1920,\"height\":1280},{\"@type\":\"BreadcrumbList\",\"@id\":\"https:\\\/\\\/diarioprincipios.com\\\/index.php\\\/2024\\\/04\\\/30\\\/kicillof-y-mussi-inauguraron-la-pavimentacion-de-la-calle-18\\\/#breadcrumb\",\"itemListElement\":[{\"@type\":\"ListItem\",\"position\":1,\"name\":\"Portada\",\"item\":\"https:\\\/\\\/diarioprincipios.com\\\/\"},{\"@type\":\"ListItem\",\"position\":2,\"name\":\"Kicillof y Mussi inauguraron la pavimentaci\u00f3n de la calle 18\"}]},{\"@type\":\"WebSite\",\"@id\":\"https:\\\/\\\/diarioprincipios.com\\\/#website\",\"url\":\"https:\\\/\\\/diarioprincipios.com\\\/\",\"name\":\"Principios\",\"description\":\"Principios Diario\",\"publisher\":{\"@id\":\"https:\\\/\\\/diarioprincipios.com\\\/#organization\"},\"potentialAction\":[{\"@type\":\"SearchAction\",\"target\":{\"@type\":\"EntryPoint\",\"urlTemplate\":\"https:\\\/\\\/diarioprincipios.com\\\/?s={search_term_string}\"},\"query-input\":{\"@type\":\"PropertyValueSpecification\",\"valueRequired\":true,\"valueName\":\"search_term_string\"}}],\"inLanguage\":\"es\"},{\"@type\":\"Organization\",\"@id\":\"https:\\\/\\\/diarioprincipios.com\\\/#organization\",\"name\":\"Principios\",\"url\":\"https:\\\/\\\/diarioprincipios.com\\\/\",\"logo\":{\"@type\":\"ImageObject\",\"inLanguage\":\"es\",\"@id\":\"https:\\\/\\\/diarioprincipios.com\\\/#\\\/schema\\\/logo\\\/image\\\/\",\"url\":\"https:\\\/\\\/diarioprincipios.com\\\/wp-content\\\/uploads\\\/2024\\\/04\\\/cropped-www.diarioprincipios.com_-1.png\",\"contentUrl\":\"https:\\\/\\\/diarioprincipios.com\\\/wp-content\\\/uploads\\\/2024\\\/04\\\/cropped-www.diarioprincipios.com_-1.png\",\"width\":5325,\"height\":1454,\"caption\":\"Principios\"},\"image\":{\"@id\":\"https:\\\/\\\/diarioprincipios.com\\\/#\\\/schema\\\/logo\\\/image\\\/\"}},{\"@type\":\"Person\",\"@id\":\"https:\\\/\\\/diarioprincipios.com\\\/#\\\/schema\\\/person\\\/436d5a1fd41a5e250e23ff5a6a7cb080\",\"name\":\"Hern\u00e1n L\u00f3pez\",\"image\":{\"@type\":\"ImageObject\",\"inLanguage\":\"es\",\"@id\":\"https:\\\/\\\/diarioprincipios.com\\\/wp-content\\\/litespeed\\\/avatar\\\/11ddfe5610ff3bd100522525b2571f48.jpg?ver=1777048341\",\"url\":\"https:\\\/\\\/diarioprincipios.com\\\/wp-content\\\/litespeed\\\/avatar\\\/11ddfe5610ff3bd100522525b2571f48.jpg?ver=1777048341\",\"contentUrl\":\"https:\\\/\\\/diarioprincipios.com\\\/wp-content\\\/litespeed\\\/avatar\\\/11ddfe5610ff3bd100522525b2571f48.jpg?ver=1777048341\",\"caption\":\"Hern\u00e1n L\u00f3pez\"},\"url\":\"https:\\\/\\\/diarioprincipios.com\\\/index.php\\\/author\\\/hernan\\\/\"}]}<\/script>\n<!-- \/ Yoast SEO plugin. -->","yoast_head_json":{"title":"Kicillof y Mussi inauguraron la pavimentaci\u00f3n de la calle 18 - Principios","robots":{"index":"index","follow":"follow","max-snippet":"max-snippet:-1","max-image-preview":"max-image-preview:large","max-video-preview":"max-video-preview:-1"},"canonical":"https:\/\/diarioprincipios.com\/index.php\/2024\/04\/30\/kicillof-y-mussi-inauguraron-la-pavimentacion-de-la-calle-18\/","og_locale":"es_ES","og_type":"article","og_title":"Kicillof y Mussi inauguraron la pavimentaci\u00f3n de la calle 18 - Principios","og_description":"Adem\u00e1s, el Municipio recibi\u00f3 una ambulancia, un cami\u00f3n e indumentaria de trabajo El gobernador de la provincia de Buenos Aires, Axel Kicillof; y el intendente de Berazategui, Juan Jos\u00e9 Mussi, inauguraron la pavimentaci\u00f3n de la calle 18 entre la Av. Juan Manuel Fangio y la Colectora de la Autopista Bs. As.-La Plata, en el barrio...","og_url":"https:\/\/diarioprincipios.com\/index.php\/2024\/04\/30\/kicillof-y-mussi-inauguraron-la-pavimentacion-de-la-calle-18\/","og_site_name":"Principios","article_published_time":"2024-04-30T20:40:21+00:00","article_modified_time":"2024-04-30T20:40:23+00:00","og_image":[{"width":1920,"height":1280,"url":"https:\/\/diarioprincipios.com\/wp-content\/uploads\/2024\/04\/BERAZATEGUI-KICILLOF-Y-MUSSI-INAUGURARON-LA-PAVIMENTACION-DE-LA-CALLE-18-4.jpg","type":"image\/jpeg"}],"author":"Hern\u00e1n L\u00f3pez","twitter_card":"summary_large_image","twitter_misc":{"Escrito por":"Hern\u00e1n L\u00f3pez","Tiempo de lectura":"4 minutos"},"schema":{"@context":"https:\/\/schema.org","@graph":[{"@type":"Article","@id":"https:\/\/diarioprincipios.com\/index.php\/2024\/04\/30\/kicillof-y-mussi-inauguraron-la-pavimentacion-de-la-calle-18\/#article","isPartOf":{"@id":"https:\/\/diarioprincipios.com\/index.php\/2024\/04\/30\/kicillof-y-mussi-inauguraron-la-pavimentacion-de-la-calle-18\/"},"author":{"name":"Hern\u00e1n L\u00f3pez","@id":"https:\/\/diarioprincipios.com\/#\/schema\/person\/436d5a1fd41a5e250e23ff5a6a7cb080"},"headline":"Kicillof y Mussi inauguraron la pavimentaci\u00f3n de la calle 18","datePublished":"2024-04-30T20:40:21+00:00","dateModified":"2024-04-30T20:40:23+00:00","mainEntityOfPage":{"@id":"https:\/\/diarioprincipios.com\/index.php\/2024\/04\/30\/kicillof-y-mussi-inauguraron-la-pavimentacion-de-la-calle-18\/"},"wordCount":523,"commentCount":0,"publisher":{"@id":"https:\/\/diarioprincipios.com\/#organization"},"image":{"@id":"https:\/\/diarioprincipios.com\/index.php\/2024\/04\/30\/kicillof-y-mussi-inauguraron-la-pavimentacion-de-la-calle-18\/#primaryimage"},"thumbnailUrl":"https:\/\/diarioprincipios.com\/wp-content\/uploads\/2024\/04\/BERAZATEGUI-KICILLOF-Y-MUSSI-INAUGURARON-LA-PAVIMENTACION-DE-LA-CALLE-18-4.jpg","articleSection":["Berazategui"],"inLanguage":"es","potentialAction":[{"@type":"CommentAction","name":"Comment","target":["https:\/\/diarioprincipios.com\/index.php\/2024\/04\/30\/kicillof-y-mussi-inauguraron-la-pavimentacion-de-la-calle-18\/#respond"]}]},{"@type":"WebPage","@id":"https:\/\/diarioprincipios.com\/index.php\/2024\/04\/30\/kicillof-y-mussi-inauguraron-la-pavimentacion-de-la-calle-18\/","url":"https:\/\/diarioprincipios.com\/index.php\/2024\/04\/30\/kicillof-y-mussi-inauguraron-la-pavimentacion-de-la-calle-18\/","name":"Kicillof y Mussi inauguraron la pavimentaci\u00f3n de la calle 18 - Principios","isPartOf":{"@id":"https:\/\/diarioprincipios.com\/#website"},"primaryImageOfPage":{"@id":"https:\/\/diarioprincipios.com\/index.php\/2024\/04\/30\/kicillof-y-mussi-inauguraron-la-pavimentacion-de-la-calle-18\/#primaryimage"},"image":{"@id":"https:\/\/diarioprincipios.com\/index.php\/2024\/04\/30\/kicillof-y-mussi-inauguraron-la-pavimentacion-de-la-calle-18\/#primaryimage"},"thumbnailUrl":"https:\/\/diarioprincipios.com\/wp-content\/uploads\/2024\/04\/BERAZATEGUI-KICILLOF-Y-MUSSI-INAUGURARON-LA-PAVIMENTACION-DE-LA-CALLE-18-4.jpg","datePublished":"2024-04-30T20:40:21+00:00","dateModified":"2024-04-30T20:40:23+00:00","breadcrumb":{"@id":"https:\/\/diarioprincipios.com\/index.php\/2024\/04\/30\/kicillof-y-mussi-inauguraron-la-pavimentacion-de-la-calle-18\/#breadcrumb"},"inLanguage":"es","potentialAction":[{"@type":"ReadAction","target":["https:\/\/diarioprincipios.com\/index.php\/2024\/04\/30\/kicillof-y-mussi-inauguraron-la-pavimentacion-de-la-calle-18\/"]}]},{"@type":"ImageObject","inLanguage":"es","@id":"https:\/\/diarioprincipios.com\/index.php\/2024\/04\/30\/kicillof-y-mussi-inauguraron-la-pavimentacion-de-la-calle-18\/#primaryimage","url":"https:\/\/diarioprincipios.com\/wp-content\/uploads\/2024\/04\/BERAZATEGUI-KICILLOF-Y-MUSSI-INAUGURARON-LA-PAVIMENTACION-DE-LA-CALLE-18-4.jpg","contentUrl":"https:\/\/diarioprincipios.com\/wp-content\/uploads\/2024\/04\/BERAZATEGUI-KICILLOF-Y-MUSSI-INAUGURARON-LA-PAVIMENTACION-DE-LA-CALLE-18-4.jpg","width":1920,"height":1280},{"@type":"BreadcrumbList","@id":"https:\/\/diarioprincipios.com\/index.php\/2024\/04\/30\/kicillof-y-mussi-inauguraron-la-pavimentacion-de-la-calle-18\/#breadcrumb","itemListElement":[{"@type":"ListItem","position":1,"name":"Portada","item":"https:\/\/diarioprincipios.com\/"},{"@type":"ListItem","position":2,"name":"Kicillof y Mussi inauguraron la pavimentaci\u00f3n de la calle 18"}]},{"@type":"WebSite","@id":"https:\/\/diarioprincipios.com\/#website","url":"https:\/\/diarioprincipios.com\/","name":"Principios","description":"Principios Diario","publisher":{"@id":"https:\/\/diarioprincipios.com\/#organization"},"potentialAction":[{"@type":"SearchAction","target":{"@type":"EntryPoint","urlTemplate":"https:\/\/diarioprincipios.com\/?s={search_term_string}"},"query-input":{"@type":"PropertyValueSpecification","valueRequired":true,"valueName":"search_term_string"}}],"inLanguage":"es"},{"@type":"Organization","@id":"https:\/\/diarioprincipios.com\/#organization","name":"Principios","url":"https:\/\/diarioprincipios.com\/","logo":{"@type":"ImageObject","inLanguage":"es","@id":"https:\/\/diarioprincipios.com\/#\/schema\/logo\/image\/","url":"https:\/\/diarioprincipios.com\/wp-content\/uploads\/2024\/04\/cropped-www.diarioprincipios.com_-1.png","contentUrl":"https:\/\/diarioprincipios.com\/wp-content\/uploads\/2024\/04\/cropped-www.diarioprincipios.com_-1.png","width":5325,"height":1454,"caption":"Principios"},"image":{"@id":"https:\/\/diarioprincipios.com\/#\/schema\/logo\/image\/"}},{"@type":"Person","@id":"https:\/\/diarioprincipios.com\/#\/schema\/person\/436d5a1fd41a5e250e23ff5a6a7cb080","name":"Hern\u00e1n L\u00f3pez","image":{"@type":"ImageObject","inLanguage":"es","@id":"https:\/\/diarioprincipios.com\/wp-content\/litespeed\/avatar\/11ddfe5610ff3bd100522525b2571f48.jpg?ver=1777048341","url":"https:\/\/diarioprincipios.com\/wp-content\/litespeed\/avatar\/11ddfe5610ff3bd100522525b2571f48.jpg?ver=1777048341","contentUrl":"https:\/\/diarioprincipios.com\/wp-content\/litespeed\/avatar\/11ddfe5610ff3bd100522525b2571f48.jpg?ver=1777048341","caption":"Hern\u00e1n L\u00f3pez"},"url":"https:\/\/diarioprincipios.com\/index.php\/author\/hernan\/"}]}},"jetpack_featured_media_url":"https:\/\/diarioprincipios.com\/wp-content\/uploads\/2024\/04\/BERAZATEGUI-KICILLOF-Y-MUSSI-INAUGURARON-LA-PAVIMENTACION-DE-LA-CALLE-18-4.jpg","_links":{"self":[{"href":"https:\/\/diarioprincipios.com\/index.php\/wp-json\/wp\/v2\/posts\/21755","targetHints":{"allow":["GET"]}}],"collection":[{"href":"https:\/\/diarioprincipios.com\/index.php\/wp-json\/wp\/v2\/posts"}],"about":[{"href":"https:\/\/diarioprincipios.com\/index.php\/wp-json\/wp\/v2\/types\/post"}],"author":[{"embeddable":true,"href":"https:\/\/diarioprincipios.com\/index.php\/wp-json\/wp\/v2\/users\/2"}],"replies":[{"embeddable":true,"href":"https:\/\/diarioprincipios.com\/index.php\/wp-json\/wp\/v2\/comments?post=21755"}],"version-history":[{"count":1,"href":"https:\/\/diarioprincipios.com\/index.php\/wp-json\/wp\/v2\/posts\/21755\/revisions"}],"predecessor-version":[{"id":21761,"href":"https:\/\/diarioprincipios.com\/index.php\/wp-json\/wp\/v2\/posts\/21755\/revisions\/21761"}],"wp:featuredmedia":[{"embeddable":true,"href":"https:\/\/diarioprincipios.com\/index.php\/wp-json\/wp\/v2\/media\/21760"}],"wp:attachment":[{"href":"https:\/\/diarioprincipios.com\/index.php\/wp-json\/wp\/v2\/media?parent=21755"}],"wp:term":[{"taxonomy":"category","embeddable":true,"href":"https:\/\/diarioprincipios.com\/index.php\/wp-json\/wp\/v2\/categories?post=21755"},{"taxonomy":"post_tag","embeddable":true,"href":"https:\/\/diarioprincipios.com\/index.php\/wp-json\/wp\/v2\/tags?post=21755"}],"curies":[{"name":"wp","href":"https:\/\/api.w.org\/{rel}","templated":true}]}}