{"id":21752,"date":"2024-04-30T08:26:55","date_gmt":"2024-04-30T11:26:55","guid":{"rendered":"http:\/\/diarioprincipios.com\/?p=21752"},"modified":"2024-04-30T08:26:57","modified_gmt":"2024-04-30T11:26:57","slug":"kicillof-inaugurara-hoy-obras-junto-a-mussi-y-entregara-1-camion-y-1-ambulancia","status":"publish","type":"post","link":"https:\/\/diarioprincipios.com\/index.php\/2024\/04\/30\/kicillof-inaugurara-hoy-obras-junto-a-mussi-y-entregara-1-camion-y-1-ambulancia\/","title":{"rendered":"Kicillof inaugurar\u00e1 hoy obras junto a Mussi y entregar\u00e1 1 cami\u00f3n y 1 ambulancia"},"content":{"rendered":"\n<p>El Gobernador Axel Kicillof estar\u00e1 hoy en Berazategui para insugurar obras y entregar 1 cami\u00f3n y 1 ambulancia.  Ser\u00e1 recibido por el Intendente Dr. Juan Jos\u00e9 Mussi con quien recorrer\u00e1 distintos puntos de la ciudad para cumplir con la siguiente agenda:<\/p>\n\n\n\n<p>10hs. En el marco del programa Municipios a la Obra, recorre la obra de repavimentaci\u00f3n de la Avenida Dardo Rocha.<\/p>\n\n\n\n<p>10.40hs. Inaugura la obra de pavimentaci\u00f3n de la Calle 18 en el Barrio General Belgrano. El proyecto contempl\u00f3 m\u00e1s de 6.000m2 de asfalto y la construcci\u00f3n de desag\u00fces cloacales.<\/p>\n\n\n\n<p>Luego, entrega un cami\u00f3n de reciclado en el marco del programa \u201cMi Provincia Recicla\u201d.<\/p>\n\n\n\n<p>Por \u00faltimo, entrega una ambulancia de alta complejidad que ser\u00e1 destinada al SAME local. Es la ambulancia N\u00ba 320 entregada desde el inicio de la gesti\u00f3n.<\/p>\n","protected":false},"excerpt":{"rendered":"<p>El Gobernador Axel Kicillof estar\u00e1 hoy en Berazategui para insugurar obras y entregar 1 cami\u00f3n y 1 ambulancia. Ser\u00e1 recibido por el Intendente Dr. Juan Jos\u00e9 Mussi con quien recorrer\u00e1 distintos puntos de la ciudad para cumplir con la siguiente agenda: 10hs. En el marco del programa Municipios a la Obra, recorre la obra de&#8230;<\/p>\n","protected":false},"author":2,"featured_media":21753,"comment_status":"open","ping_status":"open","sticky":false,"template":"","format":"standard","meta":{"footnotes":""},"categories":[3],"tags":[],"class_list":["post-21752","post","type-post","status-publish","format-standard","has-post-thumbnail","hentry","category-berazategui"],"featured_image_src":"https:\/\/diarioprincipios.com\/wp-content\/uploads\/2024\/04\/r6k5on782pl04t9ms1q3.jpg","blog_images":{"medium":"https:\/\/diarioprincipios.com\/wp-content\/uploads\/2024\/04\/r6k5on782pl04t9ms1q3-300x190.jpg","large":"https:\/\/diarioprincipios.com\/wp-content\/uploads\/2024\/04\/r6k5on782pl04t9ms1q3.jpg"},"ams_acf":[],"yoast_head":"<!-- This site is optimized with the Yoast SEO plugin v27.3 - https:\/\/yoast.com\/product\/yoast-seo-wordpress\/ -->\n<title>Kicillof inaugurar\u00e1 hoy obras junto a Mussi y entregar\u00e1 1 cami\u00f3n y 1 ambulancia - Principios<\/title>\n<meta name=\"robots\" content=\"index, follow, max-snippet:-1, max-image-preview:large, max-video-preview:-1\" \/>\n<link rel=\"canonical\" href=\"https:\/\/diarioprincipios.com\/index.php\/2024\/04\/30\/kicillof-inaugurara-hoy-obras-junto-a-mussi-y-entregara-1-camion-y-1-ambulancia\/\" \/>\n<meta property=\"og:locale\" content=\"es_ES\" \/>\n<meta property=\"og:type\" content=\"article\" \/>\n<meta property=\"og:title\" content=\"Kicillof inaugurar\u00e1 hoy obras junto a Mussi y entregar\u00e1 1 cami\u00f3n y 1 ambulancia - Principios\" \/>\n<meta property=\"og:description\" content=\"El Gobernador Axel Kicillof estar\u00e1 hoy en Berazategui para insugurar obras y entregar 1 cami\u00f3n y 1 ambulancia. Ser\u00e1 recibido por el Intendente Dr. Juan Jos\u00e9 Mussi con quien recorrer\u00e1 distintos puntos de la ciudad para cumplir con la siguiente agenda: 10hs. En el marco del programa Municipios a la Obra, recorre la obra de...\" \/>\n<meta property=\"og:url\" content=\"https:\/\/diarioprincipios.com\/index.php\/2024\/04\/30\/kicillof-inaugurara-hoy-obras-junto-a-mussi-y-entregara-1-camion-y-1-ambulancia\/\" \/>\n<meta property=\"og:site_name\" content=\"Principios\" \/>\n<meta property=\"article:published_time\" content=\"2024-04-30T11:26:55+00:00\" \/>\n<meta property=\"article:modified_time\" content=\"2024-04-30T11:26:57+00:00\" \/>\n<meta property=\"og:image\" content=\"https:\/\/diarioprincipios.com\/wp-content\/uploads\/2024\/04\/r6k5on782pl04t9ms1q3.jpg\" \/>\n\t<meta property=\"og:image:width\" content=\"1000\" \/>\n\t<meta property=\"og:image:height\" content=\"632\" \/>\n\t<meta property=\"og:image:type\" content=\"image\/jpeg\" \/>\n<meta name=\"author\" content=\"Hern\u00e1n L\u00f3pez\" \/>\n<meta name=\"twitter:card\" content=\"summary_large_image\" \/>\n<meta name=\"twitter:label1\" content=\"Escrito por\" \/>\n\t<meta name=\"twitter:data1\" content=\"Hern\u00e1n L\u00f3pez\" \/>\n\t<meta name=\"twitter:label2\" content=\"Tiempo de lectura\" \/>\n\t<meta name=\"twitter:data2\" content=\"1 minuto\" \/>\n<script type=\"application\/ld+json\" class=\"yoast-schema-graph\">{\"@context\":\"https:\\\/\\\/schema.org\",\"@graph\":[{\"@type\":\"Article\",\"@id\":\"https:\\\/\\\/diarioprincipios.com\\\/index.php\\\/2024\\\/04\\\/30\\\/kicillof-inaugurara-hoy-obras-junto-a-mussi-y-entregara-1-camion-y-1-ambulancia\\\/#article\",\"isPartOf\":{\"@id\":\"https:\\\/\\\/diarioprincipios.com\\\/index.php\\\/2024\\\/04\\\/30\\\/kicillof-inaugurara-hoy-obras-junto-a-mussi-y-entregara-1-camion-y-1-ambulancia\\\/\"},\"author\":{\"name\":\"Hern\u00e1n L\u00f3pez\",\"@id\":\"https:\\\/\\\/diarioprincipios.com\\\/#\\\/schema\\\/person\\\/436d5a1fd41a5e250e23ff5a6a7cb080\"},\"headline\":\"Kicillof inaugurar\u00e1 hoy obras junto a Mussi y entregar\u00e1 1 cami\u00f3n y 1 ambulancia\",\"datePublished\":\"2024-04-30T11:26:55+00:00\",\"dateModified\":\"2024-04-30T11:26:57+00:00\",\"mainEntityOfPage\":{\"@id\":\"https:\\\/\\\/diarioprincipios.com\\\/index.php\\\/2024\\\/04\\\/30\\\/kicillof-inaugurara-hoy-obras-junto-a-mussi-y-entregara-1-camion-y-1-ambulancia\\\/\"},\"wordCount\":147,\"commentCount\":0,\"publisher\":{\"@id\":\"https:\\\/\\\/diarioprincipios.com\\\/#organization\"},\"image\":{\"@id\":\"https:\\\/\\\/diarioprincipios.com\\\/index.php\\\/2024\\\/04\\\/30\\\/kicillof-inaugurara-hoy-obras-junto-a-mussi-y-entregara-1-camion-y-1-ambulancia\\\/#primaryimage\"},\"thumbnailUrl\":\"https:\\\/\\\/diarioprincipios.com\\\/wp-content\\\/uploads\\\/2024\\\/04\\\/r6k5on782pl04t9ms1q3.jpg\",\"articleSection\":[\"Berazategui\"],\"inLanguage\":\"es\",\"potentialAction\":[{\"@type\":\"CommentAction\",\"name\":\"Comment\",\"target\":[\"https:\\\/\\\/diarioprincipios.com\\\/index.php\\\/2024\\\/04\\\/30\\\/kicillof-inaugurara-hoy-obras-junto-a-mussi-y-entregara-1-camion-y-1-ambulancia\\\/#respond\"]}]},{\"@type\":\"WebPage\",\"@id\":\"https:\\\/\\\/diarioprincipios.com\\\/index.php\\\/2024\\\/04\\\/30\\\/kicillof-inaugurara-hoy-obras-junto-a-mussi-y-entregara-1-camion-y-1-ambulancia\\\/\",\"url\":\"https:\\\/\\\/diarioprincipios.com\\\/index.php\\\/2024\\\/04\\\/30\\\/kicillof-inaugurara-hoy-obras-junto-a-mussi-y-entregara-1-camion-y-1-ambulancia\\\/\",\"name\":\"Kicillof inaugurar\u00e1 hoy obras junto a Mussi y entregar\u00e1 1 cami\u00f3n y 1 ambulancia - Principios\",\"isPartOf\":{\"@id\":\"https:\\\/\\\/diarioprincipios.com\\\/#website\"},\"primaryImageOfPage\":{\"@id\":\"https:\\\/\\\/diarioprincipios.com\\\/index.php\\\/2024\\\/04\\\/30\\\/kicillof-inaugurara-hoy-obras-junto-a-mussi-y-entregara-1-camion-y-1-ambulancia\\\/#primaryimage\"},\"image\":{\"@id\":\"https:\\\/\\\/diarioprincipios.com\\\/index.php\\\/2024\\\/04\\\/30\\\/kicillof-inaugurara-hoy-obras-junto-a-mussi-y-entregara-1-camion-y-1-ambulancia\\\/#primaryimage\"},\"thumbnailUrl\":\"https:\\\/\\\/diarioprincipios.com\\\/wp-content\\\/uploads\\\/2024\\\/04\\\/r6k5on782pl04t9ms1q3.jpg\",\"datePublished\":\"2024-04-30T11:26:55+00:00\",\"dateModified\":\"2024-04-30T11:26:57+00:00\",\"breadcrumb\":{\"@id\":\"https:\\\/\\\/diarioprincipios.com\\\/index.php\\\/2024\\\/04\\\/30\\\/kicillof-inaugurara-hoy-obras-junto-a-mussi-y-entregara-1-camion-y-1-ambulancia\\\/#breadcrumb\"},\"inLanguage\":\"es\",\"potentialAction\":[{\"@type\":\"ReadAction\",\"target\":[\"https:\\\/\\\/diarioprincipios.com\\\/index.php\\\/2024\\\/04\\\/30\\\/kicillof-inaugurara-hoy-obras-junto-a-mussi-y-entregara-1-camion-y-1-ambulancia\\\/\"]}]},{\"@type\":\"ImageObject\",\"inLanguage\":\"es\",\"@id\":\"https:\\\/\\\/diarioprincipios.com\\\/index.php\\\/2024\\\/04\\\/30\\\/kicillof-inaugurara-hoy-obras-junto-a-mussi-y-entregara-1-camion-y-1-ambulancia\\\/#primaryimage\",\"url\":\"https:\\\/\\\/diarioprincipios.com\\\/wp-content\\\/uploads\\\/2024\\\/04\\\/r6k5on782pl04t9ms1q3.jpg\",\"contentUrl\":\"https:\\\/\\\/diarioprincipios.com\\\/wp-content\\\/uploads\\\/2024\\\/04\\\/r6k5on782pl04t9ms1q3.jpg\",\"width\":1000,\"height\":632},{\"@type\":\"BreadcrumbList\",\"@id\":\"https:\\\/\\\/diarioprincipios.com\\\/index.php\\\/2024\\\/04\\\/30\\\/kicillof-inaugurara-hoy-obras-junto-a-mussi-y-entregara-1-camion-y-1-ambulancia\\\/#breadcrumb\",\"itemListElement\":[{\"@type\":\"ListItem\",\"position\":1,\"name\":\"Portada\",\"item\":\"https:\\\/\\\/diarioprincipios.com\\\/\"},{\"@type\":\"ListItem\",\"position\":2,\"name\":\"Kicillof inaugurar\u00e1 hoy obras junto a Mussi y entregar\u00e1 1 cami\u00f3n y 1 ambulancia\"}]},{\"@type\":\"WebSite\",\"@id\":\"https:\\\/\\\/diarioprincipios.com\\\/#website\",\"url\":\"https:\\\/\\\/diarioprincipios.com\\\/\",\"name\":\"Principios\",\"description\":\"Principios Diario\",\"publisher\":{\"@id\":\"https:\\\/\\\/diarioprincipios.com\\\/#organization\"},\"potentialAction\":[{\"@type\":\"SearchAction\",\"target\":{\"@type\":\"EntryPoint\",\"urlTemplate\":\"https:\\\/\\\/diarioprincipios.com\\\/?s={search_term_string}\"},\"query-input\":{\"@type\":\"PropertyValueSpecification\",\"valueRequired\":true,\"valueName\":\"search_term_string\"}}],\"inLanguage\":\"es\"},{\"@type\":\"Organization\",\"@id\":\"https:\\\/\\\/diarioprincipios.com\\\/#organization\",\"name\":\"Principios\",\"url\":\"https:\\\/\\\/diarioprincipios.com\\\/\",\"logo\":{\"@type\":\"ImageObject\",\"inLanguage\":\"es\",\"@id\":\"https:\\\/\\\/diarioprincipios.com\\\/#\\\/schema\\\/logo\\\/image\\\/\",\"url\":\"https:\\\/\\\/diarioprincipios.com\\\/wp-content\\\/uploads\\\/2024\\\/04\\\/cropped-www.diarioprincipios.com_-1.png\",\"contentUrl\":\"https:\\\/\\\/diarioprincipios.com\\\/wp-content\\\/uploads\\\/2024\\\/04\\\/cropped-www.diarioprincipios.com_-1.png\",\"width\":5325,\"height\":1454,\"caption\":\"Principios\"},\"image\":{\"@id\":\"https:\\\/\\\/diarioprincipios.com\\\/#\\\/schema\\\/logo\\\/image\\\/\"}},{\"@type\":\"Person\",\"@id\":\"https:\\\/\\\/diarioprincipios.com\\\/#\\\/schema\\\/person\\\/436d5a1fd41a5e250e23ff5a6a7cb080\",\"name\":\"Hern\u00e1n L\u00f3pez\",\"image\":{\"@type\":\"ImageObject\",\"inLanguage\":\"es\",\"@id\":\"https:\\\/\\\/diarioprincipios.com\\\/wp-content\\\/litespeed\\\/avatar\\\/11ddfe5610ff3bd100522525b2571f48.jpg?ver=1777048341\",\"url\":\"https:\\\/\\\/diarioprincipios.com\\\/wp-content\\\/litespeed\\\/avatar\\\/11ddfe5610ff3bd100522525b2571f48.jpg?ver=1777048341\",\"contentUrl\":\"https:\\\/\\\/diarioprincipios.com\\\/wp-content\\\/litespeed\\\/avatar\\\/11ddfe5610ff3bd100522525b2571f48.jpg?ver=1777048341\",\"caption\":\"Hern\u00e1n L\u00f3pez\"},\"url\":\"https:\\\/\\\/diarioprincipios.com\\\/index.php\\\/author\\\/hernan\\\/\"}]}<\/script>\n<!-- \/ Yoast SEO plugin. -->","yoast_head_json":{"title":"Kicillof inaugurar\u00e1 hoy obras junto a Mussi y entregar\u00e1 1 cami\u00f3n y 1 ambulancia - Principios","robots":{"index":"index","follow":"follow","max-snippet":"max-snippet:-1","max-image-preview":"max-image-preview:large","max-video-preview":"max-video-preview:-1"},"canonical":"https:\/\/diarioprincipios.com\/index.php\/2024\/04\/30\/kicillof-inaugurara-hoy-obras-junto-a-mussi-y-entregara-1-camion-y-1-ambulancia\/","og_locale":"es_ES","og_type":"article","og_title":"Kicillof inaugurar\u00e1 hoy obras junto a Mussi y entregar\u00e1 1 cami\u00f3n y 1 ambulancia - Principios","og_description":"El Gobernador Axel Kicillof estar\u00e1 hoy en Berazategui para insugurar obras y entregar 1 cami\u00f3n y 1 ambulancia. Ser\u00e1 recibido por el Intendente Dr. Juan Jos\u00e9 Mussi con quien recorrer\u00e1 distintos puntos de la ciudad para cumplir con la siguiente agenda: 10hs. En el marco del programa Municipios a la Obra, recorre la obra de...","og_url":"https:\/\/diarioprincipios.com\/index.php\/2024\/04\/30\/kicillof-inaugurara-hoy-obras-junto-a-mussi-y-entregara-1-camion-y-1-ambulancia\/","og_site_name":"Principios","article_published_time":"2024-04-30T11:26:55+00:00","article_modified_time":"2024-04-30T11:26:57+00:00","og_image":[{"width":1000,"height":632,"url":"https:\/\/diarioprincipios.com\/wp-content\/uploads\/2024\/04\/r6k5on782pl04t9ms1q3.jpg","type":"image\/jpeg"}],"author":"Hern\u00e1n L\u00f3pez","twitter_card":"summary_large_image","twitter_misc":{"Escrito por":"Hern\u00e1n L\u00f3pez","Tiempo de lectura":"1 minuto"},"schema":{"@context":"https:\/\/schema.org","@graph":[{"@type":"Article","@id":"https:\/\/diarioprincipios.com\/index.php\/2024\/04\/30\/kicillof-inaugurara-hoy-obras-junto-a-mussi-y-entregara-1-camion-y-1-ambulancia\/#article","isPartOf":{"@id":"https:\/\/diarioprincipios.com\/index.php\/2024\/04\/30\/kicillof-inaugurara-hoy-obras-junto-a-mussi-y-entregara-1-camion-y-1-ambulancia\/"},"author":{"name":"Hern\u00e1n L\u00f3pez","@id":"https:\/\/diarioprincipios.com\/#\/schema\/person\/436d5a1fd41a5e250e23ff5a6a7cb080"},"headline":"Kicillof inaugurar\u00e1 hoy obras junto a Mussi y entregar\u00e1 1 cami\u00f3n y 1 ambulancia","datePublished":"2024-04-30T11:26:55+00:00","dateModified":"2024-04-30T11:26:57+00:00","mainEntityOfPage":{"@id":"https:\/\/diarioprincipios.com\/index.php\/2024\/04\/30\/kicillof-inaugurara-hoy-obras-junto-a-mussi-y-entregara-1-camion-y-1-ambulancia\/"},"wordCount":147,"commentCount":0,"publisher":{"@id":"https:\/\/diarioprincipios.com\/#organization"},"image":{"@id":"https:\/\/diarioprincipios.com\/index.php\/2024\/04\/30\/kicillof-inaugurara-hoy-obras-junto-a-mussi-y-entregara-1-camion-y-1-ambulancia\/#primaryimage"},"thumbnailUrl":"https:\/\/diarioprincipios.com\/wp-content\/uploads\/2024\/04\/r6k5on782pl04t9ms1q3.jpg","articleSection":["Berazategui"],"inLanguage":"es","potentialAction":[{"@type":"CommentAction","name":"Comment","target":["https:\/\/diarioprincipios.com\/index.php\/2024\/04\/30\/kicillof-inaugurara-hoy-obras-junto-a-mussi-y-entregara-1-camion-y-1-ambulancia\/#respond"]}]},{"@type":"WebPage","@id":"https:\/\/diarioprincipios.com\/index.php\/2024\/04\/30\/kicillof-inaugurara-hoy-obras-junto-a-mussi-y-entregara-1-camion-y-1-ambulancia\/","url":"https:\/\/diarioprincipios.com\/index.php\/2024\/04\/30\/kicillof-inaugurara-hoy-obras-junto-a-mussi-y-entregara-1-camion-y-1-ambulancia\/","name":"Kicillof inaugurar\u00e1 hoy obras junto a Mussi y entregar\u00e1 1 cami\u00f3n y 1 ambulancia - Principios","isPartOf":{"@id":"https:\/\/diarioprincipios.com\/#website"},"primaryImageOfPage":{"@id":"https:\/\/diarioprincipios.com\/index.php\/2024\/04\/30\/kicillof-inaugurara-hoy-obras-junto-a-mussi-y-entregara-1-camion-y-1-ambulancia\/#primaryimage"},"image":{"@id":"https:\/\/diarioprincipios.com\/index.php\/2024\/04\/30\/kicillof-inaugurara-hoy-obras-junto-a-mussi-y-entregara-1-camion-y-1-ambulancia\/#primaryimage"},"thumbnailUrl":"https:\/\/diarioprincipios.com\/wp-content\/uploads\/2024\/04\/r6k5on782pl04t9ms1q3.jpg","datePublished":"2024-04-30T11:26:55+00:00","dateModified":"2024-04-30T11:26:57+00:00","breadcrumb":{"@id":"https:\/\/diarioprincipios.com\/index.php\/2024\/04\/30\/kicillof-inaugurara-hoy-obras-junto-a-mussi-y-entregara-1-camion-y-1-ambulancia\/#breadcrumb"},"inLanguage":"es","potentialAction":[{"@type":"ReadAction","target":["https:\/\/diarioprincipios.com\/index.php\/2024\/04\/30\/kicillof-inaugurara-hoy-obras-junto-a-mussi-y-entregara-1-camion-y-1-ambulancia\/"]}]},{"@type":"ImageObject","inLanguage":"es","@id":"https:\/\/diarioprincipios.com\/index.php\/2024\/04\/30\/kicillof-inaugurara-hoy-obras-junto-a-mussi-y-entregara-1-camion-y-1-ambulancia\/#primaryimage","url":"https:\/\/diarioprincipios.com\/wp-content\/uploads\/2024\/04\/r6k5on782pl04t9ms1q3.jpg","contentUrl":"https:\/\/diarioprincipios.com\/wp-content\/uploads\/2024\/04\/r6k5on782pl04t9ms1q3.jpg","width":1000,"height":632},{"@type":"BreadcrumbList","@id":"https:\/\/diarioprincipios.com\/index.php\/2024\/04\/30\/kicillof-inaugurara-hoy-obras-junto-a-mussi-y-entregara-1-camion-y-1-ambulancia\/#breadcrumb","itemListElement":[{"@type":"ListItem","position":1,"name":"Portada","item":"https:\/\/diarioprincipios.com\/"},{"@type":"ListItem","position":2,"name":"Kicillof inaugurar\u00e1 hoy obras junto a Mussi y entregar\u00e1 1 cami\u00f3n y 1 ambulancia"}]},{"@type":"WebSite","@id":"https:\/\/diarioprincipios.com\/#website","url":"https:\/\/diarioprincipios.com\/","name":"Principios","description":"Principios Diario","publisher":{"@id":"https:\/\/diarioprincipios.com\/#organization"},"potentialAction":[{"@type":"SearchAction","target":{"@type":"EntryPoint","urlTemplate":"https:\/\/diarioprincipios.com\/?s={search_term_string}"},"query-input":{"@type":"PropertyValueSpecification","valueRequired":true,"valueName":"search_term_string"}}],"inLanguage":"es"},{"@type":"Organization","@id":"https:\/\/diarioprincipios.com\/#organization","name":"Principios","url":"https:\/\/diarioprincipios.com\/","logo":{"@type":"ImageObject","inLanguage":"es","@id":"https:\/\/diarioprincipios.com\/#\/schema\/logo\/image\/","url":"https:\/\/diarioprincipios.com\/wp-content\/uploads\/2024\/04\/cropped-www.diarioprincipios.com_-1.png","contentUrl":"https:\/\/diarioprincipios.com\/wp-content\/uploads\/2024\/04\/cropped-www.diarioprincipios.com_-1.png","width":5325,"height":1454,"caption":"Principios"},"image":{"@id":"https:\/\/diarioprincipios.com\/#\/schema\/logo\/image\/"}},{"@type":"Person","@id":"https:\/\/diarioprincipios.com\/#\/schema\/person\/436d5a1fd41a5e250e23ff5a6a7cb080","name":"Hern\u00e1n L\u00f3pez","image":{"@type":"ImageObject","inLanguage":"es","@id":"https:\/\/diarioprincipios.com\/wp-content\/litespeed\/avatar\/11ddfe5610ff3bd100522525b2571f48.jpg?ver=1777048341","url":"https:\/\/diarioprincipios.com\/wp-content\/litespeed\/avatar\/11ddfe5610ff3bd100522525b2571f48.jpg?ver=1777048341","contentUrl":"https:\/\/diarioprincipios.com\/wp-content\/litespeed\/avatar\/11ddfe5610ff3bd100522525b2571f48.jpg?ver=1777048341","caption":"Hern\u00e1n L\u00f3pez"},"url":"https:\/\/diarioprincipios.com\/index.php\/author\/hernan\/"}]}},"jetpack_featured_media_url":"https:\/\/diarioprincipios.com\/wp-content\/uploads\/2024\/04\/r6k5on782pl04t9ms1q3.jpg","_links":{"self":[{"href":"https:\/\/diarioprincipios.com\/index.php\/wp-json\/wp\/v2\/posts\/21752","targetHints":{"allow":["GET"]}}],"collection":[{"href":"https:\/\/diarioprincipios.com\/index.php\/wp-json\/wp\/v2\/posts"}],"about":[{"href":"https:\/\/diarioprincipios.com\/index.php\/wp-json\/wp\/v2\/types\/post"}],"author":[{"embeddable":true,"href":"https:\/\/diarioprincipios.com\/index.php\/wp-json\/wp\/v2\/users\/2"}],"replies":[{"embeddable":true,"href":"https:\/\/diarioprincipios.com\/index.php\/wp-json\/wp\/v2\/comments?post=21752"}],"version-history":[{"count":1,"href":"https:\/\/diarioprincipios.com\/index.php\/wp-json\/wp\/v2\/posts\/21752\/revisions"}],"predecessor-version":[{"id":21754,"href":"https:\/\/diarioprincipios.com\/index.php\/wp-json\/wp\/v2\/posts\/21752\/revisions\/21754"}],"wp:featuredmedia":[{"embeddable":true,"href":"https:\/\/diarioprincipios.com\/index.php\/wp-json\/wp\/v2\/media\/21753"}],"wp:attachment":[{"href":"https:\/\/diarioprincipios.com\/index.php\/wp-json\/wp\/v2\/media?parent=21752"}],"wp:term":[{"taxonomy":"category","embeddable":true,"href":"https:\/\/diarioprincipios.com\/index.php\/wp-json\/wp\/v2\/categories?post=21752"},{"taxonomy":"post_tag","embeddable":true,"href":"https:\/\/diarioprincipios.com\/index.php\/wp-json\/wp\/v2\/tags?post=21752"}],"curies":[{"name":"wp","href":"https:\/\/api.w.org\/{rel}","templated":true}]}}