{"id":21733,"date":"2024-04-29T23:54:58","date_gmt":"2024-04-30T02:54:58","guid":{"rendered":"http:\/\/diarioprincipios.com\/?p=21733"},"modified":"2024-04-29T23:56:13","modified_gmt":"2024-04-30T02:56:13","slug":"ya-se-juegan-todas-las-categorias-del-torneo-apertura-de-voley-y-se-viene-la-copa-del-vidrio","status":"publish","type":"post","link":"https:\/\/diarioprincipios.com\/index.php\/2024\/04\/29\/ya-se-juegan-todas-las-categorias-del-torneo-apertura-de-voley-y-se-viene-la-copa-del-vidrio\/","title":{"rendered":"Ya se juegan todas las categor\u00edas del Torneo Apertura de V\u00f3ley y se viene la Copa del Vidrio"},"content":{"rendered":"\n<p>El pasado s\u00e1bado,y domingo se disput\u00f3 la tercera fecha del Torneo Apertura organizado por la Asociaci\u00f3n de V\u00f3ley Capital Nacional del Vidrio, disput\u00e1ndose ya en todas las categor\u00edas de damas y caballeros desde sub 14 hasta mayores,<\/p>\n\n\n\n<figure class=\"wp-block-image size-large\"><img loading=\"lazy\" decoding=\"async\" width=\"1024\" height=\"771\" src=\"https:\/\/diarioprincipios.com\/wp-content\/uploads\/2024\/04\/IMG-20240429-WA0029-1024x771.jpg\" alt=\"\" class=\"wp-image-21734\" srcset=\"https:\/\/diarioprincipios.com\/wp-content\/uploads\/2024\/04\/IMG-20240429-WA0029-1024x771.jpg 1024w, https:\/\/diarioprincipios.com\/wp-content\/uploads\/2024\/04\/IMG-20240429-WA0029-300x226.jpg 300w, https:\/\/diarioprincipios.com\/wp-content\/uploads\/2024\/04\/IMG-20240429-WA0029-768x578.jpg 768w, https:\/\/diarioprincipios.com\/wp-content\/uploads\/2024\/04\/IMG-20240429-WA0029-1536x1156.jpg 1536w, https:\/\/diarioprincipios.com\/wp-content\/uploads\/2024\/04\/IMG-20240429-WA0029.jpg 1600w\" sizes=\"auto, (max-width: 1024px) 100vw, 1024px\" \/><\/figure>\n\n\n\n<p><br>La presidenta de la organizaci\u00f3n, Celia Cabrera, recorri\u00f3 este fin de semana junto a sus colaboradores todas las sedes de disputa en los partidos de Berazategui, Quilmes, Varela y Avellaneda (Wilde y Sarand\u00ed).<\/p>\n\n\n\n<figure class=\"wp-block-image size-large\"><img loading=\"lazy\" decoding=\"async\" width=\"1024\" height=\"768\" src=\"https:\/\/diarioprincipios.com\/wp-content\/uploads\/2024\/04\/IMG-20240429-WA0020-1-1024x768.jpg\" alt=\"\" class=\"wp-image-21739\" srcset=\"https:\/\/diarioprincipios.com\/wp-content\/uploads\/2024\/04\/IMG-20240429-WA0020-1-1024x768.jpg 1024w, https:\/\/diarioprincipios.com\/wp-content\/uploads\/2024\/04\/IMG-20240429-WA0020-1-300x225.jpg 300w, https:\/\/diarioprincipios.com\/wp-content\/uploads\/2024\/04\/IMG-20240429-WA0020-1-768x576.jpg 768w, https:\/\/diarioprincipios.com\/wp-content\/uploads\/2024\/04\/IMG-20240429-WA0020-1-1536x1152.jpg 1536w, https:\/\/diarioprincipios.com\/wp-content\/uploads\/2024\/04\/IMG-20240429-WA0020-1-2048x1536.jpg 2048w\" sizes=\"auto, (max-width: 1024px) 100vw, 1024px\" \/><\/figure>\n\n\n\n<p><br>Con la participaci\u00f3n r\u00e9cord de 76 equipos, y transmisiones en vivo por diferentes redes sociales, el Torneo Apertura ya es toda una sensaci\u00f3n en la regi\u00f3n.<\/p>\n\n\n\n<figure class=\"wp-block-image size-large\"><img loading=\"lazy\" decoding=\"async\" width=\"1024\" height=\"743\" src=\"https:\/\/diarioprincipios.com\/wp-content\/uploads\/2024\/04\/IMG-20240429-WA0016-1024x743.jpg\" alt=\"\" class=\"wp-image-21738\" srcset=\"https:\/\/diarioprincipios.com\/wp-content\/uploads\/2024\/04\/IMG-20240429-WA0016-1024x743.jpg 1024w, https:\/\/diarioprincipios.com\/wp-content\/uploads\/2024\/04\/IMG-20240429-WA0016-300x218.jpg 300w, https:\/\/diarioprincipios.com\/wp-content\/uploads\/2024\/04\/IMG-20240429-WA0016-768x557.jpg 768w, https:\/\/diarioprincipios.com\/wp-content\/uploads\/2024\/04\/IMG-20240429-WA0016-1536x1115.jpg 1536w, https:\/\/diarioprincipios.com\/wp-content\/uploads\/2024\/04\/IMG-20240429-WA0016-2048x1486.jpg 2048w\" sizes=\"auto, (max-width: 1024px) 100vw, 1024px\" \/><\/figure>\n\n\n\n<p><br>Celia Cabrera; presidenta de la Asociaci\u00f3n destac\u00f3 que \u00abestamos muy felices de haber iniciado con total \u00e9xito un nuevo Torneo y sobre todo por la mayor participaci\u00f3n, a\u00f1o a a\u00f1o se suman equipos y en la actualidad llegamos a la cifra r\u00e9cord de 76 participantes, este fin de semana mientras se disputaba la tercera fecha recorrimos con nuestro equipo las diferentes sedes para ver en que podemos ayudar y mejorar\u00bb.<\/p>\n\n\n\n<figure class=\"wp-block-image size-large\"><img loading=\"lazy\" decoding=\"async\" width=\"1024\" height=\"706\" src=\"https:\/\/diarioprincipios.com\/wp-content\/uploads\/2024\/04\/IMG-20240429-WA0018-1-1024x706.jpg\" alt=\"\" class=\"wp-image-21740\" srcset=\"https:\/\/diarioprincipios.com\/wp-content\/uploads\/2024\/04\/IMG-20240429-WA0018-1-1024x706.jpg 1024w, https:\/\/diarioprincipios.com\/wp-content\/uploads\/2024\/04\/IMG-20240429-WA0018-1-300x207.jpg 300w, https:\/\/diarioprincipios.com\/wp-content\/uploads\/2024\/04\/IMG-20240429-WA0018-1-768x529.jpg 768w, https:\/\/diarioprincipios.com\/wp-content\/uploads\/2024\/04\/IMG-20240429-WA0018-1-1536x1059.jpg 1536w, https:\/\/diarioprincipios.com\/wp-content\/uploads\/2024\/04\/IMG-20240429-WA0018-1-2048x1412.jpg 2048w\" sizes=\"auto, (max-width: 1024px) 100vw, 1024px\" \/><\/figure>\n\n\n\n<p><br>Adem\u00e1s resalt\u00f3 que \u00abotro gran orgullo es la formaci\u00f3n de \u00e1rbitros y planilleros propios, la mayor\u00eda de ellos j\u00f3venes estudiantes que encontraron la posibilidad de generarse un ingreso, de hecho en este Torneo debutaron varios \u00e1rbitros recientemente egresados de nuestros cursos\u00bb..<\/p>\n\n\n\n<p>COPA OBREROS DEL VIDRIO<\/p>\n\n\n\n<p>Luego de la recorrida por las sedes de disputa Celia Cabrera anticip\u00f3 a Principios que \u00aben junio tendremos una nueva edici\u00f3n de la Copa del Vidrio, un Torneo que a\u00f1o a a\u00f1o ha ganado prestigio y esperamos una gran participac\u00f3n porque ya notamos el inter\u00e9s de los equipos por estar\u00bb.<\/p>\n\n\n\n<figure class=\"wp-block-image size-large\"><img loading=\"lazy\" decoding=\"async\" width=\"1024\" height=\"632\" src=\"https:\/\/diarioprincipios.com\/wp-content\/uploads\/2024\/04\/IMG-20240429-WA0012-1024x632.jpg\" alt=\"\" class=\"wp-image-21741\" srcset=\"https:\/\/diarioprincipios.com\/wp-content\/uploads\/2024\/04\/IMG-20240429-WA0012-1024x632.jpg 1024w, https:\/\/diarioprincipios.com\/wp-content\/uploads\/2024\/04\/IMG-20240429-WA0012-300x185.jpg 300w, https:\/\/diarioprincipios.com\/wp-content\/uploads\/2024\/04\/IMG-20240429-WA0012-768x474.jpg 768w, https:\/\/diarioprincipios.com\/wp-content\/uploads\/2024\/04\/IMG-20240429-WA0012-1536x947.jpg 1536w, https:\/\/diarioprincipios.com\/wp-content\/uploads\/2024\/04\/IMG-20240429-WA0012-2048x1263.jpg 2048w\" sizes=\"auto, (max-width: 1024px) 100vw, 1024px\" \/><\/figure>\n\n\n\n<p><br>La Copa Obreros del Vidrio se disputa en homenaje al D\u00eda el Vidriero, que se celebra el 11 de Junio, y despu\u00e9s de la marat\u00f3n ya es sin dudass el evento deportivo m\u00e1s importante para celebrar esa fecha.<\/p>\n\n\n\n<figure class=\"wp-block-image size-large\"><img loading=\"lazy\" decoding=\"async\" width=\"1024\" height=\"768\" src=\"https:\/\/diarioprincipios.com\/wp-content\/uploads\/2024\/04\/IMG-20240429-WA0004-1-1024x768.jpg\" alt=\"\" class=\"wp-image-21742\" srcset=\"https:\/\/diarioprincipios.com\/wp-content\/uploads\/2024\/04\/IMG-20240429-WA0004-1-1024x768.jpg 1024w, https:\/\/diarioprincipios.com\/wp-content\/uploads\/2024\/04\/IMG-20240429-WA0004-1-300x225.jpg 300w, https:\/\/diarioprincipios.com\/wp-content\/uploads\/2024\/04\/IMG-20240429-WA0004-1-768x576.jpg 768w, https:\/\/diarioprincipios.com\/wp-content\/uploads\/2024\/04\/IMG-20240429-WA0004-1-1536x1152.jpg 1536w, https:\/\/diarioprincipios.com\/wp-content\/uploads\/2024\/04\/IMG-20240429-WA0004-1-2048x1536.jpg 2048w\" sizes=\"auto, (max-width: 1024px) 100vw, 1024px\" \/><\/figure>\n\n\n\n<p><br>Finalmente, Cabrera agradeci\u00f3 \u00abel apoyo del Dr. Juan Jos\u00e9 Mussi y del Secretario General del Sindicato del Vidrio a nivel local y nacional, Horacio Valdez, es muy importante para nosotros y nos ayudan a seguir creciendo e involucrando a m\u00e1s j\u00f3venes en el deporte\u00bb:<\/p>\n","protected":false},"excerpt":{"rendered":"<p>El pasado s\u00e1bado,y domingo se disput\u00f3 la tercera fecha del Torneo Apertura organizado por la Asociaci\u00f3n de V\u00f3ley Capital Nacional del Vidrio, disput\u00e1ndose ya en todas las categor\u00edas de damas y caballeros desde sub 14 hasta mayores, La presidenta de la organizaci\u00f3n, Celia Cabrera, recorri\u00f3 este fin de semana junto a sus colaboradores todas las&#8230;<\/p>\n","protected":false},"author":2,"featured_media":21743,"comment_status":"open","ping_status":"open","sticky":false,"template":"","format":"standard","meta":{"footnotes":""},"categories":[6],"tags":[],"class_list":["post-21733","post","type-post","status-publish","format-standard","has-post-thumbnail","hentry","category-deportes"],"featured_image_src":"https:\/\/diarioprincipios.com\/wp-content\/uploads\/2024\/04\/IMG-20240429-WA0006-771x1024.jpg","blog_images":{"medium":"https:\/\/diarioprincipios.com\/wp-content\/uploads\/2024\/04\/IMG-20240429-WA0006-226x300.jpg","large":"https:\/\/diarioprincipios.com\/wp-content\/uploads\/2024\/04\/IMG-20240429-WA0006-771x1024.jpg"},"ams_acf":[],"yoast_head":"<!-- This site is optimized with the Yoast SEO plugin v27.3 - https:\/\/yoast.com\/product\/yoast-seo-wordpress\/ -->\n<title>Ya se juegan todas las categor\u00edas del Torneo Apertura de V\u00f3ley y se viene la Copa del Vidrio - Principios<\/title>\n<meta name=\"robots\" content=\"index, follow, max-snippet:-1, max-image-preview:large, max-video-preview:-1\" \/>\n<link rel=\"canonical\" href=\"https:\/\/diarioprincipios.com\/index.php\/2024\/04\/29\/ya-se-juegan-todas-las-categorias-del-torneo-apertura-de-voley-y-se-viene-la-copa-del-vidrio\/\" \/>\n<meta property=\"og:locale\" content=\"es_ES\" \/>\n<meta property=\"og:type\" content=\"article\" \/>\n<meta property=\"og:title\" content=\"Ya se juegan todas las categor\u00edas del Torneo Apertura de V\u00f3ley y se viene la Copa del Vidrio - Principios\" \/>\n<meta property=\"og:description\" content=\"El pasado s\u00e1bado,y domingo se disput\u00f3 la tercera fecha del Torneo Apertura organizado por la Asociaci\u00f3n de V\u00f3ley Capital Nacional del Vidrio, disput\u00e1ndose ya en todas las categor\u00edas de damas y caballeros desde sub 14 hasta mayores, La presidenta de la organizaci\u00f3n, Celia Cabrera, recorri\u00f3 este fin de semana junto a sus colaboradores todas las...\" \/>\n<meta property=\"og:url\" content=\"https:\/\/diarioprincipios.com\/index.php\/2024\/04\/29\/ya-se-juegan-todas-las-categorias-del-torneo-apertura-de-voley-y-se-viene-la-copa-del-vidrio\/\" \/>\n<meta property=\"og:site_name\" content=\"Principios\" \/>\n<meta property=\"article:published_time\" content=\"2024-04-30T02:54:58+00:00\" \/>\n<meta property=\"article:modified_time\" content=\"2024-04-30T02:56:13+00:00\" \/>\n<meta property=\"og:image\" content=\"https:\/\/diarioprincipios.com\/wp-content\/uploads\/2024\/04\/IMG-20240429-WA0006.jpg\" \/>\n\t<meta property=\"og:image:width\" content=\"1204\" \/>\n\t<meta property=\"og:image:height\" content=\"1600\" \/>\n\t<meta property=\"og:image:type\" content=\"image\/jpeg\" \/>\n<meta name=\"author\" content=\"Hern\u00e1n L\u00f3pez\" \/>\n<meta name=\"twitter:card\" content=\"summary_large_image\" \/>\n<meta name=\"twitter:label1\" content=\"Escrito por\" \/>\n\t<meta name=\"twitter:data1\" content=\"Hern\u00e1n L\u00f3pez\" \/>\n\t<meta name=\"twitter:label2\" content=\"Tiempo de lectura\" \/>\n\t<meta name=\"twitter:data2\" content=\"3 minutos\" \/>\n<script type=\"application\/ld+json\" class=\"yoast-schema-graph\">{\"@context\":\"https:\\\/\\\/schema.org\",\"@graph\":[{\"@type\":\"Article\",\"@id\":\"https:\\\/\\\/diarioprincipios.com\\\/index.php\\\/2024\\\/04\\\/29\\\/ya-se-juegan-todas-las-categorias-del-torneo-apertura-de-voley-y-se-viene-la-copa-del-vidrio\\\/#article\",\"isPartOf\":{\"@id\":\"https:\\\/\\\/diarioprincipios.com\\\/index.php\\\/2024\\\/04\\\/29\\\/ya-se-juegan-todas-las-categorias-del-torneo-apertura-de-voley-y-se-viene-la-copa-del-vidrio\\\/\"},\"author\":{\"name\":\"Hern\u00e1n L\u00f3pez\",\"@id\":\"https:\\\/\\\/diarioprincipios.com\\\/#\\\/schema\\\/person\\\/436d5a1fd41a5e250e23ff5a6a7cb080\"},\"headline\":\"Ya se juegan todas las categor\u00edas del Torneo Apertura de V\u00f3ley y se viene la Copa del Vidrio\",\"datePublished\":\"2024-04-30T02:54:58+00:00\",\"dateModified\":\"2024-04-30T02:56:13+00:00\",\"mainEntityOfPage\":{\"@id\":\"https:\\\/\\\/diarioprincipios.com\\\/index.php\\\/2024\\\/04\\\/29\\\/ya-se-juegan-todas-las-categorias-del-torneo-apertura-de-voley-y-se-viene-la-copa-del-vidrio\\\/\"},\"wordCount\":390,\"commentCount\":0,\"publisher\":{\"@id\":\"https:\\\/\\\/diarioprincipios.com\\\/#organization\"},\"image\":{\"@id\":\"https:\\\/\\\/diarioprincipios.com\\\/index.php\\\/2024\\\/04\\\/29\\\/ya-se-juegan-todas-las-categorias-del-torneo-apertura-de-voley-y-se-viene-la-copa-del-vidrio\\\/#primaryimage\"},\"thumbnailUrl\":\"https:\\\/\\\/diarioprincipios.com\\\/wp-content\\\/uploads\\\/2024\\\/04\\\/IMG-20240429-WA0006.jpg\",\"articleSection\":[\"Deportes\"],\"inLanguage\":\"es\",\"potentialAction\":[{\"@type\":\"CommentAction\",\"name\":\"Comment\",\"target\":[\"https:\\\/\\\/diarioprincipios.com\\\/index.php\\\/2024\\\/04\\\/29\\\/ya-se-juegan-todas-las-categorias-del-torneo-apertura-de-voley-y-se-viene-la-copa-del-vidrio\\\/#respond\"]}]},{\"@type\":\"WebPage\",\"@id\":\"https:\\\/\\\/diarioprincipios.com\\\/index.php\\\/2024\\\/04\\\/29\\\/ya-se-juegan-todas-las-categorias-del-torneo-apertura-de-voley-y-se-viene-la-copa-del-vidrio\\\/\",\"url\":\"https:\\\/\\\/diarioprincipios.com\\\/index.php\\\/2024\\\/04\\\/29\\\/ya-se-juegan-todas-las-categorias-del-torneo-apertura-de-voley-y-se-viene-la-copa-del-vidrio\\\/\",\"name\":\"Ya se juegan todas las categor\u00edas del Torneo Apertura de V\u00f3ley y se viene la Copa del Vidrio - Principios\",\"isPartOf\":{\"@id\":\"https:\\\/\\\/diarioprincipios.com\\\/#website\"},\"primaryImageOfPage\":{\"@id\":\"https:\\\/\\\/diarioprincipios.com\\\/index.php\\\/2024\\\/04\\\/29\\\/ya-se-juegan-todas-las-categorias-del-torneo-apertura-de-voley-y-se-viene-la-copa-del-vidrio\\\/#primaryimage\"},\"image\":{\"@id\":\"https:\\\/\\\/diarioprincipios.com\\\/index.php\\\/2024\\\/04\\\/29\\\/ya-se-juegan-todas-las-categorias-del-torneo-apertura-de-voley-y-se-viene-la-copa-del-vidrio\\\/#primaryimage\"},\"thumbnailUrl\":\"https:\\\/\\\/diarioprincipios.com\\\/wp-content\\\/uploads\\\/2024\\\/04\\\/IMG-20240429-WA0006.jpg\",\"datePublished\":\"2024-04-30T02:54:58+00:00\",\"dateModified\":\"2024-04-30T02:56:13+00:00\",\"breadcrumb\":{\"@id\":\"https:\\\/\\\/diarioprincipios.com\\\/index.php\\\/2024\\\/04\\\/29\\\/ya-se-juegan-todas-las-categorias-del-torneo-apertura-de-voley-y-se-viene-la-copa-del-vidrio\\\/#breadcrumb\"},\"inLanguage\":\"es\",\"potentialAction\":[{\"@type\":\"ReadAction\",\"target\":[\"https:\\\/\\\/diarioprincipios.com\\\/index.php\\\/2024\\\/04\\\/29\\\/ya-se-juegan-todas-las-categorias-del-torneo-apertura-de-voley-y-se-viene-la-copa-del-vidrio\\\/\"]}]},{\"@type\":\"ImageObject\",\"inLanguage\":\"es\",\"@id\":\"https:\\\/\\\/diarioprincipios.com\\\/index.php\\\/2024\\\/04\\\/29\\\/ya-se-juegan-todas-las-categorias-del-torneo-apertura-de-voley-y-se-viene-la-copa-del-vidrio\\\/#primaryimage\",\"url\":\"https:\\\/\\\/diarioprincipios.com\\\/wp-content\\\/uploads\\\/2024\\\/04\\\/IMG-20240429-WA0006.jpg\",\"contentUrl\":\"https:\\\/\\\/diarioprincipios.com\\\/wp-content\\\/uploads\\\/2024\\\/04\\\/IMG-20240429-WA0006.jpg\",\"width\":1204,\"height\":1600},{\"@type\":\"BreadcrumbList\",\"@id\":\"https:\\\/\\\/diarioprincipios.com\\\/index.php\\\/2024\\\/04\\\/29\\\/ya-se-juegan-todas-las-categorias-del-torneo-apertura-de-voley-y-se-viene-la-copa-del-vidrio\\\/#breadcrumb\",\"itemListElement\":[{\"@type\":\"ListItem\",\"position\":1,\"name\":\"Portada\",\"item\":\"https:\\\/\\\/diarioprincipios.com\\\/\"},{\"@type\":\"ListItem\",\"position\":2,\"name\":\"Ya se juegan todas las categor\u00edas del Torneo Apertura de V\u00f3ley y se viene la Copa del Vidrio\"}]},{\"@type\":\"WebSite\",\"@id\":\"https:\\\/\\\/diarioprincipios.com\\\/#website\",\"url\":\"https:\\\/\\\/diarioprincipios.com\\\/\",\"name\":\"Principios\",\"description\":\"Principios Diario\",\"publisher\":{\"@id\":\"https:\\\/\\\/diarioprincipios.com\\\/#organization\"},\"potentialAction\":[{\"@type\":\"SearchAction\",\"target\":{\"@type\":\"EntryPoint\",\"urlTemplate\":\"https:\\\/\\\/diarioprincipios.com\\\/?s={search_term_string}\"},\"query-input\":{\"@type\":\"PropertyValueSpecification\",\"valueRequired\":true,\"valueName\":\"search_term_string\"}}],\"inLanguage\":\"es\"},{\"@type\":\"Organization\",\"@id\":\"https:\\\/\\\/diarioprincipios.com\\\/#organization\",\"name\":\"Principios\",\"url\":\"https:\\\/\\\/diarioprincipios.com\\\/\",\"logo\":{\"@type\":\"ImageObject\",\"inLanguage\":\"es\",\"@id\":\"https:\\\/\\\/diarioprincipios.com\\\/#\\\/schema\\\/logo\\\/image\\\/\",\"url\":\"https:\\\/\\\/diarioprincipios.com\\\/wp-content\\\/uploads\\\/2024\\\/04\\\/cropped-www.diarioprincipios.com_-1.png\",\"contentUrl\":\"https:\\\/\\\/diarioprincipios.com\\\/wp-content\\\/uploads\\\/2024\\\/04\\\/cropped-www.diarioprincipios.com_-1.png\",\"width\":5325,\"height\":1454,\"caption\":\"Principios\"},\"image\":{\"@id\":\"https:\\\/\\\/diarioprincipios.com\\\/#\\\/schema\\\/logo\\\/image\\\/\"}},{\"@type\":\"Person\",\"@id\":\"https:\\\/\\\/diarioprincipios.com\\\/#\\\/schema\\\/person\\\/436d5a1fd41a5e250e23ff5a6a7cb080\",\"name\":\"Hern\u00e1n L\u00f3pez\",\"image\":{\"@type\":\"ImageObject\",\"inLanguage\":\"es\",\"@id\":\"https:\\\/\\\/diarioprincipios.com\\\/wp-content\\\/litespeed\\\/avatar\\\/11ddfe5610ff3bd100522525b2571f48.jpg?ver=1777048341\",\"url\":\"https:\\\/\\\/diarioprincipios.com\\\/wp-content\\\/litespeed\\\/avatar\\\/11ddfe5610ff3bd100522525b2571f48.jpg?ver=1777048341\",\"contentUrl\":\"https:\\\/\\\/diarioprincipios.com\\\/wp-content\\\/litespeed\\\/avatar\\\/11ddfe5610ff3bd100522525b2571f48.jpg?ver=1777048341\",\"caption\":\"Hern\u00e1n L\u00f3pez\"},\"url\":\"https:\\\/\\\/diarioprincipios.com\\\/index.php\\\/author\\\/hernan\\\/\"}]}<\/script>\n<!-- \/ Yoast SEO plugin. -->","yoast_head_json":{"title":"Ya se juegan todas las categor\u00edas del Torneo Apertura de V\u00f3ley y se viene la Copa del Vidrio - Principios","robots":{"index":"index","follow":"follow","max-snippet":"max-snippet:-1","max-image-preview":"max-image-preview:large","max-video-preview":"max-video-preview:-1"},"canonical":"https:\/\/diarioprincipios.com\/index.php\/2024\/04\/29\/ya-se-juegan-todas-las-categorias-del-torneo-apertura-de-voley-y-se-viene-la-copa-del-vidrio\/","og_locale":"es_ES","og_type":"article","og_title":"Ya se juegan todas las categor\u00edas del Torneo Apertura de V\u00f3ley y se viene la Copa del Vidrio - Principios","og_description":"El pasado s\u00e1bado,y domingo se disput\u00f3 la tercera fecha del Torneo Apertura organizado por la Asociaci\u00f3n de V\u00f3ley Capital Nacional del Vidrio, disput\u00e1ndose ya en todas las categor\u00edas de damas y caballeros desde sub 14 hasta mayores, La presidenta de la organizaci\u00f3n, Celia Cabrera, recorri\u00f3 este fin de semana junto a sus colaboradores todas las...","og_url":"https:\/\/diarioprincipios.com\/index.php\/2024\/04\/29\/ya-se-juegan-todas-las-categorias-del-torneo-apertura-de-voley-y-se-viene-la-copa-del-vidrio\/","og_site_name":"Principios","article_published_time":"2024-04-30T02:54:58+00:00","article_modified_time":"2024-04-30T02:56:13+00:00","og_image":[{"width":1204,"height":1600,"url":"https:\/\/diarioprincipios.com\/wp-content\/uploads\/2024\/04\/IMG-20240429-WA0006.jpg","type":"image\/jpeg"}],"author":"Hern\u00e1n L\u00f3pez","twitter_card":"summary_large_image","twitter_misc":{"Escrito por":"Hern\u00e1n L\u00f3pez","Tiempo de lectura":"3 minutos"},"schema":{"@context":"https:\/\/schema.org","@graph":[{"@type":"Article","@id":"https:\/\/diarioprincipios.com\/index.php\/2024\/04\/29\/ya-se-juegan-todas-las-categorias-del-torneo-apertura-de-voley-y-se-viene-la-copa-del-vidrio\/#article","isPartOf":{"@id":"https:\/\/diarioprincipios.com\/index.php\/2024\/04\/29\/ya-se-juegan-todas-las-categorias-del-torneo-apertura-de-voley-y-se-viene-la-copa-del-vidrio\/"},"author":{"name":"Hern\u00e1n L\u00f3pez","@id":"https:\/\/diarioprincipios.com\/#\/schema\/person\/436d5a1fd41a5e250e23ff5a6a7cb080"},"headline":"Ya se juegan todas las categor\u00edas del Torneo Apertura de V\u00f3ley y se viene la Copa del Vidrio","datePublished":"2024-04-30T02:54:58+00:00","dateModified":"2024-04-30T02:56:13+00:00","mainEntityOfPage":{"@id":"https:\/\/diarioprincipios.com\/index.php\/2024\/04\/29\/ya-se-juegan-todas-las-categorias-del-torneo-apertura-de-voley-y-se-viene-la-copa-del-vidrio\/"},"wordCount":390,"commentCount":0,"publisher":{"@id":"https:\/\/diarioprincipios.com\/#organization"},"image":{"@id":"https:\/\/diarioprincipios.com\/index.php\/2024\/04\/29\/ya-se-juegan-todas-las-categorias-del-torneo-apertura-de-voley-y-se-viene-la-copa-del-vidrio\/#primaryimage"},"thumbnailUrl":"https:\/\/diarioprincipios.com\/wp-content\/uploads\/2024\/04\/IMG-20240429-WA0006.jpg","articleSection":["Deportes"],"inLanguage":"es","potentialAction":[{"@type":"CommentAction","name":"Comment","target":["https:\/\/diarioprincipios.com\/index.php\/2024\/04\/29\/ya-se-juegan-todas-las-categorias-del-torneo-apertura-de-voley-y-se-viene-la-copa-del-vidrio\/#respond"]}]},{"@type":"WebPage","@id":"https:\/\/diarioprincipios.com\/index.php\/2024\/04\/29\/ya-se-juegan-todas-las-categorias-del-torneo-apertura-de-voley-y-se-viene-la-copa-del-vidrio\/","url":"https:\/\/diarioprincipios.com\/index.php\/2024\/04\/29\/ya-se-juegan-todas-las-categorias-del-torneo-apertura-de-voley-y-se-viene-la-copa-del-vidrio\/","name":"Ya se juegan todas las categor\u00edas del Torneo Apertura de V\u00f3ley y se viene la Copa del Vidrio - Principios","isPartOf":{"@id":"https:\/\/diarioprincipios.com\/#website"},"primaryImageOfPage":{"@id":"https:\/\/diarioprincipios.com\/index.php\/2024\/04\/29\/ya-se-juegan-todas-las-categorias-del-torneo-apertura-de-voley-y-se-viene-la-copa-del-vidrio\/#primaryimage"},"image":{"@id":"https:\/\/diarioprincipios.com\/index.php\/2024\/04\/29\/ya-se-juegan-todas-las-categorias-del-torneo-apertura-de-voley-y-se-viene-la-copa-del-vidrio\/#primaryimage"},"thumbnailUrl":"https:\/\/diarioprincipios.com\/wp-content\/uploads\/2024\/04\/IMG-20240429-WA0006.jpg","datePublished":"2024-04-30T02:54:58+00:00","dateModified":"2024-04-30T02:56:13+00:00","breadcrumb":{"@id":"https:\/\/diarioprincipios.com\/index.php\/2024\/04\/29\/ya-se-juegan-todas-las-categorias-del-torneo-apertura-de-voley-y-se-viene-la-copa-del-vidrio\/#breadcrumb"},"inLanguage":"es","potentialAction":[{"@type":"ReadAction","target":["https:\/\/diarioprincipios.com\/index.php\/2024\/04\/29\/ya-se-juegan-todas-las-categorias-del-torneo-apertura-de-voley-y-se-viene-la-copa-del-vidrio\/"]}]},{"@type":"ImageObject","inLanguage":"es","@id":"https:\/\/diarioprincipios.com\/index.php\/2024\/04\/29\/ya-se-juegan-todas-las-categorias-del-torneo-apertura-de-voley-y-se-viene-la-copa-del-vidrio\/#primaryimage","url":"https:\/\/diarioprincipios.com\/wp-content\/uploads\/2024\/04\/IMG-20240429-WA0006.jpg","contentUrl":"https:\/\/diarioprincipios.com\/wp-content\/uploads\/2024\/04\/IMG-20240429-WA0006.jpg","width":1204,"height":1600},{"@type":"BreadcrumbList","@id":"https:\/\/diarioprincipios.com\/index.php\/2024\/04\/29\/ya-se-juegan-todas-las-categorias-del-torneo-apertura-de-voley-y-se-viene-la-copa-del-vidrio\/#breadcrumb","itemListElement":[{"@type":"ListItem","position":1,"name":"Portada","item":"https:\/\/diarioprincipios.com\/"},{"@type":"ListItem","position":2,"name":"Ya se juegan todas las categor\u00edas del Torneo Apertura de V\u00f3ley y se viene la Copa del Vidrio"}]},{"@type":"WebSite","@id":"https:\/\/diarioprincipios.com\/#website","url":"https:\/\/diarioprincipios.com\/","name":"Principios","description":"Principios Diario","publisher":{"@id":"https:\/\/diarioprincipios.com\/#organization"},"potentialAction":[{"@type":"SearchAction","target":{"@type":"EntryPoint","urlTemplate":"https:\/\/diarioprincipios.com\/?s={search_term_string}"},"query-input":{"@type":"PropertyValueSpecification","valueRequired":true,"valueName":"search_term_string"}}],"inLanguage":"es"},{"@type":"Organization","@id":"https:\/\/diarioprincipios.com\/#organization","name":"Principios","url":"https:\/\/diarioprincipios.com\/","logo":{"@type":"ImageObject","inLanguage":"es","@id":"https:\/\/diarioprincipios.com\/#\/schema\/logo\/image\/","url":"https:\/\/diarioprincipios.com\/wp-content\/uploads\/2024\/04\/cropped-www.diarioprincipios.com_-1.png","contentUrl":"https:\/\/diarioprincipios.com\/wp-content\/uploads\/2024\/04\/cropped-www.diarioprincipios.com_-1.png","width":5325,"height":1454,"caption":"Principios"},"image":{"@id":"https:\/\/diarioprincipios.com\/#\/schema\/logo\/image\/"}},{"@type":"Person","@id":"https:\/\/diarioprincipios.com\/#\/schema\/person\/436d5a1fd41a5e250e23ff5a6a7cb080","name":"Hern\u00e1n L\u00f3pez","image":{"@type":"ImageObject","inLanguage":"es","@id":"https:\/\/diarioprincipios.com\/wp-content\/litespeed\/avatar\/11ddfe5610ff3bd100522525b2571f48.jpg?ver=1777048341","url":"https:\/\/diarioprincipios.com\/wp-content\/litespeed\/avatar\/11ddfe5610ff3bd100522525b2571f48.jpg?ver=1777048341","contentUrl":"https:\/\/diarioprincipios.com\/wp-content\/litespeed\/avatar\/11ddfe5610ff3bd100522525b2571f48.jpg?ver=1777048341","caption":"Hern\u00e1n L\u00f3pez"},"url":"https:\/\/diarioprincipios.com\/index.php\/author\/hernan\/"}]}},"jetpack_featured_media_url":"https:\/\/diarioprincipios.com\/wp-content\/uploads\/2024\/04\/IMG-20240429-WA0006.jpg","_links":{"self":[{"href":"https:\/\/diarioprincipios.com\/index.php\/wp-json\/wp\/v2\/posts\/21733","targetHints":{"allow":["GET"]}}],"collection":[{"href":"https:\/\/diarioprincipios.com\/index.php\/wp-json\/wp\/v2\/posts"}],"about":[{"href":"https:\/\/diarioprincipios.com\/index.php\/wp-json\/wp\/v2\/types\/post"}],"author":[{"embeddable":true,"href":"https:\/\/diarioprincipios.com\/index.php\/wp-json\/wp\/v2\/users\/2"}],"replies":[{"embeddable":true,"href":"https:\/\/diarioprincipios.com\/index.php\/wp-json\/wp\/v2\/comments?post=21733"}],"version-history":[{"count":1,"href":"https:\/\/diarioprincipios.com\/index.php\/wp-json\/wp\/v2\/posts\/21733\/revisions"}],"predecessor-version":[{"id":21744,"href":"https:\/\/diarioprincipios.com\/index.php\/wp-json\/wp\/v2\/posts\/21733\/revisions\/21744"}],"wp:featuredmedia":[{"embeddable":true,"href":"https:\/\/diarioprincipios.com\/index.php\/wp-json\/wp\/v2\/media\/21743"}],"wp:attachment":[{"href":"https:\/\/diarioprincipios.com\/index.php\/wp-json\/wp\/v2\/media?parent=21733"}],"wp:term":[{"taxonomy":"category","embeddable":true,"href":"https:\/\/diarioprincipios.com\/index.php\/wp-json\/wp\/v2\/categories?post=21733"},{"taxonomy":"post_tag","embeddable":true,"href":"https:\/\/diarioprincipios.com\/index.php\/wp-json\/wp\/v2\/tags?post=21733"}],"curies":[{"name":"wp","href":"https:\/\/api.w.org\/{rel}","templated":true}]}}