{"id":21728,"date":"2024-04-27T23:21:14","date_gmt":"2024-04-28T02:21:14","guid":{"rendered":"http:\/\/diarioprincipios.com\/?p=21728"},"modified":"2024-04-27T23:21:19","modified_gmt":"2024-04-28T02:21:19","slug":"avanzan-obras-de-renovacion-del-espacio-publico-con-financiamiento-municipal","status":"publish","type":"post","link":"https:\/\/diarioprincipios.com\/index.php\/2024\/04\/27\/avanzan-obras-de-renovacion-del-espacio-publico-con-financiamiento-municipal\/","title":{"rendered":"Avanzan obras de renovaci\u00f3n del Espacio P\u00fablico con financiamiento municipal"},"content":{"rendered":"\n<p><strong>Est\u00e1n por finalizar las obras de remodelaci\u00f3n integral del espacio p\u00fablico en la Avenida 14, desde Av. Vergara hasta Av. Dardo Rocha. La inversi\u00f3n es de la Municipalidad de Berazategui. Actualmente, se est\u00e1 trabajando en Av. 14 y 123.<\/strong><br>El arquitecto Jonathan Holasek, de la Secretar\u00eda de Obras P\u00fablicas, se\u00f1al\u00f3: \u201cEsta obra se encuentra en un 80% de avance, con financiamiento 100% municipal. Fue solicitada y gestionada por el intendente Mussi. Se encuentra en una \u00faltima etapa que contempla el espacio p\u00fablico desde la Av. Vergara hasta la Av. Dardo Rocha\u201d.<\/p>\n\n\n\n<figure class=\"wp-block-image size-large\"><img loading=\"lazy\" decoding=\"async\" width=\"1024\" height=\"768\" src=\"https:\/\/diarioprincipios.com\/wp-content\/uploads\/2024\/04\/AVANZAN-LAS-OBRAS-DE-RENOVACION-DEL-ESPACIO-PUBLICO-EN-BERAZATEGUI4-1024x768.jpg\" alt=\"\" class=\"wp-image-21729\" srcset=\"https:\/\/diarioprincipios.com\/wp-content\/uploads\/2024\/04\/AVANZAN-LAS-OBRAS-DE-RENOVACION-DEL-ESPACIO-PUBLICO-EN-BERAZATEGUI4-1024x768.jpg 1024w, https:\/\/diarioprincipios.com\/wp-content\/uploads\/2024\/04\/AVANZAN-LAS-OBRAS-DE-RENOVACION-DEL-ESPACIO-PUBLICO-EN-BERAZATEGUI4-300x225.jpg 300w, https:\/\/diarioprincipios.com\/wp-content\/uploads\/2024\/04\/AVANZAN-LAS-OBRAS-DE-RENOVACION-DEL-ESPACIO-PUBLICO-EN-BERAZATEGUI4-768x576.jpg 768w, https:\/\/diarioprincipios.com\/wp-content\/uploads\/2024\/04\/AVANZAN-LAS-OBRAS-DE-RENOVACION-DEL-ESPACIO-PUBLICO-EN-BERAZATEGUI4-1536x1152.jpg 1536w, https:\/\/diarioprincipios.com\/wp-content\/uploads\/2024\/04\/AVANZAN-LAS-OBRAS-DE-RENOVACION-DEL-ESPACIO-PUBLICO-EN-BERAZATEGUI4.jpg 1920w\" sizes=\"auto, (max-width: 1024px) 100vw, 1024px\" \/><\/figure>\n\n\n\n<p><br>\u201cDe esta manera -agreg\u00f3-, se est\u00e1n renovando totalmente las veredas para mejorar la accesibilidad y brindar fluidez en el acceso a todos los comerciantes y vecinos. Esta obra est\u00e1 pensada tambi\u00e9n para la reorganizaci\u00f3n vehicular, ya que contempla d\u00e1rsenas nuevas y la renovaci\u00f3n de los refugios en paradas de colectivos. Se est\u00e1n unificando los solados, el intertrabado, la iluminaci\u00f3n peatonal y vehicular, la colocaci\u00f3n de nuevas rampas peatonales en las esquinas y la parquizaci\u00f3n\u201d.<\/p>\n\n\n\n<figure class=\"wp-block-image size-large\"><img loading=\"lazy\" decoding=\"async\" width=\"1024\" height=\"768\" src=\"https:\/\/diarioprincipios.com\/wp-content\/uploads\/2024\/04\/AVANZAN-LAS-OBRAS-DE-RENOVACION-DEL-ESPACIO-PUBLICO-EN-BERAZATEGUI2-1024x768.jpg\" alt=\"\" class=\"wp-image-21730\" srcset=\"https:\/\/diarioprincipios.com\/wp-content\/uploads\/2024\/04\/AVANZAN-LAS-OBRAS-DE-RENOVACION-DEL-ESPACIO-PUBLICO-EN-BERAZATEGUI2-1024x768.jpg 1024w, https:\/\/diarioprincipios.com\/wp-content\/uploads\/2024\/04\/AVANZAN-LAS-OBRAS-DE-RENOVACION-DEL-ESPACIO-PUBLICO-EN-BERAZATEGUI2-300x225.jpg 300w, https:\/\/diarioprincipios.com\/wp-content\/uploads\/2024\/04\/AVANZAN-LAS-OBRAS-DE-RENOVACION-DEL-ESPACIO-PUBLICO-EN-BERAZATEGUI2-768x576.jpg 768w, https:\/\/diarioprincipios.com\/wp-content\/uploads\/2024\/04\/AVANZAN-LAS-OBRAS-DE-RENOVACION-DEL-ESPACIO-PUBLICO-EN-BERAZATEGUI2-1536x1152.jpg 1536w, https:\/\/diarioprincipios.com\/wp-content\/uploads\/2024\/04\/AVANZAN-LAS-OBRAS-DE-RENOVACION-DEL-ESPACIO-PUBLICO-EN-BERAZATEGUI2.jpg 1920w\" sizes=\"auto, (max-width: 1024px) 100vw, 1024px\" \/><\/figure>\n\n\n\n<p><br>Estas acciones promueven el desarrollo arm\u00f3nico y sostenido de Berazategui, favoreciendo el acceso, la orientaci\u00f3n y movilidad a las personas con discapacidad; reduciendo la contaminaci\u00f3n visual, mediante la regulaci\u00f3n de carteles y marquesinas; y brindando un marco adecuado a las actividades comerciales.<\/p>\n","protected":false},"excerpt":{"rendered":"<p>Est\u00e1n por finalizar las obras de remodelaci\u00f3n integral del espacio p\u00fablico en la Avenida 14, desde Av. Vergara hasta Av. Dardo Rocha. La inversi\u00f3n es de la Municipalidad de Berazategui. Actualmente, se est\u00e1 trabajando en Av. 14 y 123.El arquitecto Jonathan Holasek, de la Secretar\u00eda de Obras P\u00fablicas, se\u00f1al\u00f3: \u201cEsta obra se encuentra en un&#8230;<\/p>\n","protected":false},"author":2,"featured_media":21731,"comment_status":"open","ping_status":"open","sticky":false,"template":"","format":"standard","meta":{"footnotes":""},"categories":[3],"tags":[],"class_list":["post-21728","post","type-post","status-publish","format-standard","has-post-thumbnail","hentry","category-berazategui"],"featured_image_src":"https:\/\/diarioprincipios.com\/wp-content\/uploads\/2024\/04\/AVANZAN-LAS-OBRAS-DE-RENOVACION-DEL-ESPACIO-PUBLICO-EN-BERAZATEGUI-1024x768.jpg","blog_images":{"medium":"https:\/\/diarioprincipios.com\/wp-content\/uploads\/2024\/04\/AVANZAN-LAS-OBRAS-DE-RENOVACION-DEL-ESPACIO-PUBLICO-EN-BERAZATEGUI-300x225.jpg","large":"https:\/\/diarioprincipios.com\/wp-content\/uploads\/2024\/04\/AVANZAN-LAS-OBRAS-DE-RENOVACION-DEL-ESPACIO-PUBLICO-EN-BERAZATEGUI-1024x768.jpg"},"ams_acf":[],"yoast_head":"<!-- This site is optimized with the Yoast SEO plugin v27.3 - https:\/\/yoast.com\/product\/yoast-seo-wordpress\/ -->\n<title>Avanzan obras de renovaci\u00f3n del Espacio P\u00fablico con financiamiento municipal - Principios<\/title>\n<meta name=\"robots\" content=\"index, follow, max-snippet:-1, max-image-preview:large, max-video-preview:-1\" \/>\n<link rel=\"canonical\" href=\"https:\/\/diarioprincipios.com\/index.php\/2024\/04\/27\/avanzan-obras-de-renovacion-del-espacio-publico-con-financiamiento-municipal\/\" \/>\n<meta property=\"og:locale\" content=\"es_ES\" \/>\n<meta property=\"og:type\" content=\"article\" \/>\n<meta property=\"og:title\" content=\"Avanzan obras de renovaci\u00f3n del Espacio P\u00fablico con financiamiento municipal - Principios\" \/>\n<meta property=\"og:description\" content=\"Est\u00e1n por finalizar las obras de remodelaci\u00f3n integral del espacio p\u00fablico en la Avenida 14, desde Av. Vergara hasta Av. Dardo Rocha. La inversi\u00f3n es de la Municipalidad de Berazategui. Actualmente, se est\u00e1 trabajando en Av. 14 y 123.El arquitecto Jonathan Holasek, de la Secretar\u00eda de Obras P\u00fablicas, se\u00f1al\u00f3: \u201cEsta obra se encuentra en un...\" \/>\n<meta property=\"og:url\" content=\"https:\/\/diarioprincipios.com\/index.php\/2024\/04\/27\/avanzan-obras-de-renovacion-del-espacio-publico-con-financiamiento-municipal\/\" \/>\n<meta property=\"og:site_name\" content=\"Principios\" \/>\n<meta property=\"article:published_time\" content=\"2024-04-28T02:21:14+00:00\" \/>\n<meta property=\"article:modified_time\" content=\"2024-04-28T02:21:19+00:00\" \/>\n<meta property=\"og:image\" content=\"https:\/\/diarioprincipios.com\/wp-content\/uploads\/2024\/04\/AVANZAN-LAS-OBRAS-DE-RENOVACION-DEL-ESPACIO-PUBLICO-EN-BERAZATEGUI.jpg\" \/>\n\t<meta property=\"og:image:width\" content=\"1920\" \/>\n\t<meta property=\"og:image:height\" content=\"1440\" \/>\n\t<meta property=\"og:image:type\" content=\"image\/jpeg\" \/>\n<meta name=\"author\" content=\"Hern\u00e1n L\u00f3pez\" \/>\n<meta name=\"twitter:card\" content=\"summary_large_image\" \/>\n<meta name=\"twitter:label1\" content=\"Escrito por\" \/>\n\t<meta name=\"twitter:data1\" content=\"Hern\u00e1n L\u00f3pez\" \/>\n\t<meta name=\"twitter:label2\" content=\"Tiempo de lectura\" \/>\n\t<meta name=\"twitter:data2\" content=\"2 minutos\" \/>\n<script type=\"application\/ld+json\" class=\"yoast-schema-graph\">{\"@context\":\"https:\\\/\\\/schema.org\",\"@graph\":[{\"@type\":\"Article\",\"@id\":\"https:\\\/\\\/diarioprincipios.com\\\/index.php\\\/2024\\\/04\\\/27\\\/avanzan-obras-de-renovacion-del-espacio-publico-con-financiamiento-municipal\\\/#article\",\"isPartOf\":{\"@id\":\"https:\\\/\\\/diarioprincipios.com\\\/index.php\\\/2024\\\/04\\\/27\\\/avanzan-obras-de-renovacion-del-espacio-publico-con-financiamiento-municipal\\\/\"},\"author\":{\"name\":\"Hern\u00e1n L\u00f3pez\",\"@id\":\"https:\\\/\\\/diarioprincipios.com\\\/#\\\/schema\\\/person\\\/436d5a1fd41a5e250e23ff5a6a7cb080\"},\"headline\":\"Avanzan obras de renovaci\u00f3n del Espacio P\u00fablico con financiamiento municipal\",\"datePublished\":\"2024-04-28T02:21:14+00:00\",\"dateModified\":\"2024-04-28T02:21:19+00:00\",\"mainEntityOfPage\":{\"@id\":\"https:\\\/\\\/diarioprincipios.com\\\/index.php\\\/2024\\\/04\\\/27\\\/avanzan-obras-de-renovacion-del-espacio-publico-con-financiamiento-municipal\\\/\"},\"wordCount\":236,\"commentCount\":0,\"publisher\":{\"@id\":\"https:\\\/\\\/diarioprincipios.com\\\/#organization\"},\"image\":{\"@id\":\"https:\\\/\\\/diarioprincipios.com\\\/index.php\\\/2024\\\/04\\\/27\\\/avanzan-obras-de-renovacion-del-espacio-publico-con-financiamiento-municipal\\\/#primaryimage\"},\"thumbnailUrl\":\"https:\\\/\\\/diarioprincipios.com\\\/wp-content\\\/uploads\\\/2024\\\/04\\\/AVANZAN-LAS-OBRAS-DE-RENOVACION-DEL-ESPACIO-PUBLICO-EN-BERAZATEGUI.jpg\",\"articleSection\":[\"Berazategui\"],\"inLanguage\":\"es\",\"potentialAction\":[{\"@type\":\"CommentAction\",\"name\":\"Comment\",\"target\":[\"https:\\\/\\\/diarioprincipios.com\\\/index.php\\\/2024\\\/04\\\/27\\\/avanzan-obras-de-renovacion-del-espacio-publico-con-financiamiento-municipal\\\/#respond\"]}]},{\"@type\":\"WebPage\",\"@id\":\"https:\\\/\\\/diarioprincipios.com\\\/index.php\\\/2024\\\/04\\\/27\\\/avanzan-obras-de-renovacion-del-espacio-publico-con-financiamiento-municipal\\\/\",\"url\":\"https:\\\/\\\/diarioprincipios.com\\\/index.php\\\/2024\\\/04\\\/27\\\/avanzan-obras-de-renovacion-del-espacio-publico-con-financiamiento-municipal\\\/\",\"name\":\"Avanzan obras de renovaci\u00f3n del Espacio P\u00fablico con financiamiento municipal - Principios\",\"isPartOf\":{\"@id\":\"https:\\\/\\\/diarioprincipios.com\\\/#website\"},\"primaryImageOfPage\":{\"@id\":\"https:\\\/\\\/diarioprincipios.com\\\/index.php\\\/2024\\\/04\\\/27\\\/avanzan-obras-de-renovacion-del-espacio-publico-con-financiamiento-municipal\\\/#primaryimage\"},\"image\":{\"@id\":\"https:\\\/\\\/diarioprincipios.com\\\/index.php\\\/2024\\\/04\\\/27\\\/avanzan-obras-de-renovacion-del-espacio-publico-con-financiamiento-municipal\\\/#primaryimage\"},\"thumbnailUrl\":\"https:\\\/\\\/diarioprincipios.com\\\/wp-content\\\/uploads\\\/2024\\\/04\\\/AVANZAN-LAS-OBRAS-DE-RENOVACION-DEL-ESPACIO-PUBLICO-EN-BERAZATEGUI.jpg\",\"datePublished\":\"2024-04-28T02:21:14+00:00\",\"dateModified\":\"2024-04-28T02:21:19+00:00\",\"breadcrumb\":{\"@id\":\"https:\\\/\\\/diarioprincipios.com\\\/index.php\\\/2024\\\/04\\\/27\\\/avanzan-obras-de-renovacion-del-espacio-publico-con-financiamiento-municipal\\\/#breadcrumb\"},\"inLanguage\":\"es\",\"potentialAction\":[{\"@type\":\"ReadAction\",\"target\":[\"https:\\\/\\\/diarioprincipios.com\\\/index.php\\\/2024\\\/04\\\/27\\\/avanzan-obras-de-renovacion-del-espacio-publico-con-financiamiento-municipal\\\/\"]}]},{\"@type\":\"ImageObject\",\"inLanguage\":\"es\",\"@id\":\"https:\\\/\\\/diarioprincipios.com\\\/index.php\\\/2024\\\/04\\\/27\\\/avanzan-obras-de-renovacion-del-espacio-publico-con-financiamiento-municipal\\\/#primaryimage\",\"url\":\"https:\\\/\\\/diarioprincipios.com\\\/wp-content\\\/uploads\\\/2024\\\/04\\\/AVANZAN-LAS-OBRAS-DE-RENOVACION-DEL-ESPACIO-PUBLICO-EN-BERAZATEGUI.jpg\",\"contentUrl\":\"https:\\\/\\\/diarioprincipios.com\\\/wp-content\\\/uploads\\\/2024\\\/04\\\/AVANZAN-LAS-OBRAS-DE-RENOVACION-DEL-ESPACIO-PUBLICO-EN-BERAZATEGUI.jpg\",\"width\":1920,\"height\":1440},{\"@type\":\"BreadcrumbList\",\"@id\":\"https:\\\/\\\/diarioprincipios.com\\\/index.php\\\/2024\\\/04\\\/27\\\/avanzan-obras-de-renovacion-del-espacio-publico-con-financiamiento-municipal\\\/#breadcrumb\",\"itemListElement\":[{\"@type\":\"ListItem\",\"position\":1,\"name\":\"Portada\",\"item\":\"https:\\\/\\\/diarioprincipios.com\\\/\"},{\"@type\":\"ListItem\",\"position\":2,\"name\":\"Avanzan obras de renovaci\u00f3n del Espacio P\u00fablico con financiamiento municipal\"}]},{\"@type\":\"WebSite\",\"@id\":\"https:\\\/\\\/diarioprincipios.com\\\/#website\",\"url\":\"https:\\\/\\\/diarioprincipios.com\\\/\",\"name\":\"Principios\",\"description\":\"Principios Diario\",\"publisher\":{\"@id\":\"https:\\\/\\\/diarioprincipios.com\\\/#organization\"},\"potentialAction\":[{\"@type\":\"SearchAction\",\"target\":{\"@type\":\"EntryPoint\",\"urlTemplate\":\"https:\\\/\\\/diarioprincipios.com\\\/?s={search_term_string}\"},\"query-input\":{\"@type\":\"PropertyValueSpecification\",\"valueRequired\":true,\"valueName\":\"search_term_string\"}}],\"inLanguage\":\"es\"},{\"@type\":\"Organization\",\"@id\":\"https:\\\/\\\/diarioprincipios.com\\\/#organization\",\"name\":\"Principios\",\"url\":\"https:\\\/\\\/diarioprincipios.com\\\/\",\"logo\":{\"@type\":\"ImageObject\",\"inLanguage\":\"es\",\"@id\":\"https:\\\/\\\/diarioprincipios.com\\\/#\\\/schema\\\/logo\\\/image\\\/\",\"url\":\"https:\\\/\\\/diarioprincipios.com\\\/wp-content\\\/uploads\\\/2024\\\/04\\\/cropped-www.diarioprincipios.com_-1.png\",\"contentUrl\":\"https:\\\/\\\/diarioprincipios.com\\\/wp-content\\\/uploads\\\/2024\\\/04\\\/cropped-www.diarioprincipios.com_-1.png\",\"width\":5325,\"height\":1454,\"caption\":\"Principios\"},\"image\":{\"@id\":\"https:\\\/\\\/diarioprincipios.com\\\/#\\\/schema\\\/logo\\\/image\\\/\"}},{\"@type\":\"Person\",\"@id\":\"https:\\\/\\\/diarioprincipios.com\\\/#\\\/schema\\\/person\\\/436d5a1fd41a5e250e23ff5a6a7cb080\",\"name\":\"Hern\u00e1n L\u00f3pez\",\"image\":{\"@type\":\"ImageObject\",\"inLanguage\":\"es\",\"@id\":\"https:\\\/\\\/diarioprincipios.com\\\/wp-content\\\/litespeed\\\/avatar\\\/11ddfe5610ff3bd100522525b2571f48.jpg?ver=1777048341\",\"url\":\"https:\\\/\\\/diarioprincipios.com\\\/wp-content\\\/litespeed\\\/avatar\\\/11ddfe5610ff3bd100522525b2571f48.jpg?ver=1777048341\",\"contentUrl\":\"https:\\\/\\\/diarioprincipios.com\\\/wp-content\\\/litespeed\\\/avatar\\\/11ddfe5610ff3bd100522525b2571f48.jpg?ver=1777048341\",\"caption\":\"Hern\u00e1n L\u00f3pez\"},\"url\":\"https:\\\/\\\/diarioprincipios.com\\\/index.php\\\/author\\\/hernan\\\/\"}]}<\/script>\n<!-- \/ Yoast SEO plugin. -->","yoast_head_json":{"title":"Avanzan obras de renovaci\u00f3n del Espacio P\u00fablico con financiamiento municipal - Principios","robots":{"index":"index","follow":"follow","max-snippet":"max-snippet:-1","max-image-preview":"max-image-preview:large","max-video-preview":"max-video-preview:-1"},"canonical":"https:\/\/diarioprincipios.com\/index.php\/2024\/04\/27\/avanzan-obras-de-renovacion-del-espacio-publico-con-financiamiento-municipal\/","og_locale":"es_ES","og_type":"article","og_title":"Avanzan obras de renovaci\u00f3n del Espacio P\u00fablico con financiamiento municipal - Principios","og_description":"Est\u00e1n por finalizar las obras de remodelaci\u00f3n integral del espacio p\u00fablico en la Avenida 14, desde Av. Vergara hasta Av. Dardo Rocha. La inversi\u00f3n es de la Municipalidad de Berazategui. Actualmente, se est\u00e1 trabajando en Av. 14 y 123.El arquitecto Jonathan Holasek, de la Secretar\u00eda de Obras P\u00fablicas, se\u00f1al\u00f3: \u201cEsta obra se encuentra en un...","og_url":"https:\/\/diarioprincipios.com\/index.php\/2024\/04\/27\/avanzan-obras-de-renovacion-del-espacio-publico-con-financiamiento-municipal\/","og_site_name":"Principios","article_published_time":"2024-04-28T02:21:14+00:00","article_modified_time":"2024-04-28T02:21:19+00:00","og_image":[{"width":1920,"height":1440,"url":"https:\/\/diarioprincipios.com\/wp-content\/uploads\/2024\/04\/AVANZAN-LAS-OBRAS-DE-RENOVACION-DEL-ESPACIO-PUBLICO-EN-BERAZATEGUI.jpg","type":"image\/jpeg"}],"author":"Hern\u00e1n L\u00f3pez","twitter_card":"summary_large_image","twitter_misc":{"Escrito por":"Hern\u00e1n L\u00f3pez","Tiempo de lectura":"2 minutos"},"schema":{"@context":"https:\/\/schema.org","@graph":[{"@type":"Article","@id":"https:\/\/diarioprincipios.com\/index.php\/2024\/04\/27\/avanzan-obras-de-renovacion-del-espacio-publico-con-financiamiento-municipal\/#article","isPartOf":{"@id":"https:\/\/diarioprincipios.com\/index.php\/2024\/04\/27\/avanzan-obras-de-renovacion-del-espacio-publico-con-financiamiento-municipal\/"},"author":{"name":"Hern\u00e1n L\u00f3pez","@id":"https:\/\/diarioprincipios.com\/#\/schema\/person\/436d5a1fd41a5e250e23ff5a6a7cb080"},"headline":"Avanzan obras de renovaci\u00f3n del Espacio P\u00fablico con financiamiento municipal","datePublished":"2024-04-28T02:21:14+00:00","dateModified":"2024-04-28T02:21:19+00:00","mainEntityOfPage":{"@id":"https:\/\/diarioprincipios.com\/index.php\/2024\/04\/27\/avanzan-obras-de-renovacion-del-espacio-publico-con-financiamiento-municipal\/"},"wordCount":236,"commentCount":0,"publisher":{"@id":"https:\/\/diarioprincipios.com\/#organization"},"image":{"@id":"https:\/\/diarioprincipios.com\/index.php\/2024\/04\/27\/avanzan-obras-de-renovacion-del-espacio-publico-con-financiamiento-municipal\/#primaryimage"},"thumbnailUrl":"https:\/\/diarioprincipios.com\/wp-content\/uploads\/2024\/04\/AVANZAN-LAS-OBRAS-DE-RENOVACION-DEL-ESPACIO-PUBLICO-EN-BERAZATEGUI.jpg","articleSection":["Berazategui"],"inLanguage":"es","potentialAction":[{"@type":"CommentAction","name":"Comment","target":["https:\/\/diarioprincipios.com\/index.php\/2024\/04\/27\/avanzan-obras-de-renovacion-del-espacio-publico-con-financiamiento-municipal\/#respond"]}]},{"@type":"WebPage","@id":"https:\/\/diarioprincipios.com\/index.php\/2024\/04\/27\/avanzan-obras-de-renovacion-del-espacio-publico-con-financiamiento-municipal\/","url":"https:\/\/diarioprincipios.com\/index.php\/2024\/04\/27\/avanzan-obras-de-renovacion-del-espacio-publico-con-financiamiento-municipal\/","name":"Avanzan obras de renovaci\u00f3n del Espacio P\u00fablico con financiamiento municipal - Principios","isPartOf":{"@id":"https:\/\/diarioprincipios.com\/#website"},"primaryImageOfPage":{"@id":"https:\/\/diarioprincipios.com\/index.php\/2024\/04\/27\/avanzan-obras-de-renovacion-del-espacio-publico-con-financiamiento-municipal\/#primaryimage"},"image":{"@id":"https:\/\/diarioprincipios.com\/index.php\/2024\/04\/27\/avanzan-obras-de-renovacion-del-espacio-publico-con-financiamiento-municipal\/#primaryimage"},"thumbnailUrl":"https:\/\/diarioprincipios.com\/wp-content\/uploads\/2024\/04\/AVANZAN-LAS-OBRAS-DE-RENOVACION-DEL-ESPACIO-PUBLICO-EN-BERAZATEGUI.jpg","datePublished":"2024-04-28T02:21:14+00:00","dateModified":"2024-04-28T02:21:19+00:00","breadcrumb":{"@id":"https:\/\/diarioprincipios.com\/index.php\/2024\/04\/27\/avanzan-obras-de-renovacion-del-espacio-publico-con-financiamiento-municipal\/#breadcrumb"},"inLanguage":"es","potentialAction":[{"@type":"ReadAction","target":["https:\/\/diarioprincipios.com\/index.php\/2024\/04\/27\/avanzan-obras-de-renovacion-del-espacio-publico-con-financiamiento-municipal\/"]}]},{"@type":"ImageObject","inLanguage":"es","@id":"https:\/\/diarioprincipios.com\/index.php\/2024\/04\/27\/avanzan-obras-de-renovacion-del-espacio-publico-con-financiamiento-municipal\/#primaryimage","url":"https:\/\/diarioprincipios.com\/wp-content\/uploads\/2024\/04\/AVANZAN-LAS-OBRAS-DE-RENOVACION-DEL-ESPACIO-PUBLICO-EN-BERAZATEGUI.jpg","contentUrl":"https:\/\/diarioprincipios.com\/wp-content\/uploads\/2024\/04\/AVANZAN-LAS-OBRAS-DE-RENOVACION-DEL-ESPACIO-PUBLICO-EN-BERAZATEGUI.jpg","width":1920,"height":1440},{"@type":"BreadcrumbList","@id":"https:\/\/diarioprincipios.com\/index.php\/2024\/04\/27\/avanzan-obras-de-renovacion-del-espacio-publico-con-financiamiento-municipal\/#breadcrumb","itemListElement":[{"@type":"ListItem","position":1,"name":"Portada","item":"https:\/\/diarioprincipios.com\/"},{"@type":"ListItem","position":2,"name":"Avanzan obras de renovaci\u00f3n del Espacio P\u00fablico con financiamiento municipal"}]},{"@type":"WebSite","@id":"https:\/\/diarioprincipios.com\/#website","url":"https:\/\/diarioprincipios.com\/","name":"Principios","description":"Principios Diario","publisher":{"@id":"https:\/\/diarioprincipios.com\/#organization"},"potentialAction":[{"@type":"SearchAction","target":{"@type":"EntryPoint","urlTemplate":"https:\/\/diarioprincipios.com\/?s={search_term_string}"},"query-input":{"@type":"PropertyValueSpecification","valueRequired":true,"valueName":"search_term_string"}}],"inLanguage":"es"},{"@type":"Organization","@id":"https:\/\/diarioprincipios.com\/#organization","name":"Principios","url":"https:\/\/diarioprincipios.com\/","logo":{"@type":"ImageObject","inLanguage":"es","@id":"https:\/\/diarioprincipios.com\/#\/schema\/logo\/image\/","url":"https:\/\/diarioprincipios.com\/wp-content\/uploads\/2024\/04\/cropped-www.diarioprincipios.com_-1.png","contentUrl":"https:\/\/diarioprincipios.com\/wp-content\/uploads\/2024\/04\/cropped-www.diarioprincipios.com_-1.png","width":5325,"height":1454,"caption":"Principios"},"image":{"@id":"https:\/\/diarioprincipios.com\/#\/schema\/logo\/image\/"}},{"@type":"Person","@id":"https:\/\/diarioprincipios.com\/#\/schema\/person\/436d5a1fd41a5e250e23ff5a6a7cb080","name":"Hern\u00e1n L\u00f3pez","image":{"@type":"ImageObject","inLanguage":"es","@id":"https:\/\/diarioprincipios.com\/wp-content\/litespeed\/avatar\/11ddfe5610ff3bd100522525b2571f48.jpg?ver=1777048341","url":"https:\/\/diarioprincipios.com\/wp-content\/litespeed\/avatar\/11ddfe5610ff3bd100522525b2571f48.jpg?ver=1777048341","contentUrl":"https:\/\/diarioprincipios.com\/wp-content\/litespeed\/avatar\/11ddfe5610ff3bd100522525b2571f48.jpg?ver=1777048341","caption":"Hern\u00e1n L\u00f3pez"},"url":"https:\/\/diarioprincipios.com\/index.php\/author\/hernan\/"}]}},"jetpack_featured_media_url":"https:\/\/diarioprincipios.com\/wp-content\/uploads\/2024\/04\/AVANZAN-LAS-OBRAS-DE-RENOVACION-DEL-ESPACIO-PUBLICO-EN-BERAZATEGUI.jpg","_links":{"self":[{"href":"https:\/\/diarioprincipios.com\/index.php\/wp-json\/wp\/v2\/posts\/21728","targetHints":{"allow":["GET"]}}],"collection":[{"href":"https:\/\/diarioprincipios.com\/index.php\/wp-json\/wp\/v2\/posts"}],"about":[{"href":"https:\/\/diarioprincipios.com\/index.php\/wp-json\/wp\/v2\/types\/post"}],"author":[{"embeddable":true,"href":"https:\/\/diarioprincipios.com\/index.php\/wp-json\/wp\/v2\/users\/2"}],"replies":[{"embeddable":true,"href":"https:\/\/diarioprincipios.com\/index.php\/wp-json\/wp\/v2\/comments?post=21728"}],"version-history":[{"count":1,"href":"https:\/\/diarioprincipios.com\/index.php\/wp-json\/wp\/v2\/posts\/21728\/revisions"}],"predecessor-version":[{"id":21732,"href":"https:\/\/diarioprincipios.com\/index.php\/wp-json\/wp\/v2\/posts\/21728\/revisions\/21732"}],"wp:featuredmedia":[{"embeddable":true,"href":"https:\/\/diarioprincipios.com\/index.php\/wp-json\/wp\/v2\/media\/21731"}],"wp:attachment":[{"href":"https:\/\/diarioprincipios.com\/index.php\/wp-json\/wp\/v2\/media?parent=21728"}],"wp:term":[{"taxonomy":"category","embeddable":true,"href":"https:\/\/diarioprincipios.com\/index.php\/wp-json\/wp\/v2\/categories?post=21728"},{"taxonomy":"post_tag","embeddable":true,"href":"https:\/\/diarioprincipios.com\/index.php\/wp-json\/wp\/v2\/tags?post=21728"}],"curies":[{"name":"wp","href":"https:\/\/api.w.org\/{rel}","templated":true}]}}