{"id":21721,"date":"2024-04-27T23:09:48","date_gmt":"2024-04-28T02:09:48","guid":{"rendered":"http:\/\/diarioprincipios.com\/?p=21721"},"modified":"2024-04-27T23:10:10","modified_gmt":"2024-04-28T02:10:10","slug":"cristina-participo-de-la-inauguracion-del-microestadio-presidente-nestor-kirchner-en-quilmes","status":"publish","type":"post","link":"https:\/\/diarioprincipios.com\/index.php\/2024\/04\/27\/cristina-participo-de-la-inauguracion-del-microestadio-presidente-nestor-kirchner-en-quilmes\/","title":{"rendered":"Cristina particip\u00f3 de la inauguraci\u00f3n del microestadio Presidente N\u00e9stor Kirchner en Quilmes"},"content":{"rendered":"\n<p><em>A 21 a\u00f1os de la elecci\u00f3n presidencial del 27 de abril del 20<\/em>03.<\/p>\n\n\n\n<p>La expresidenta de la Naci\u00f3n, Cristina Fern\u00e1ndez de Kirchner y la intendenta de Quilmes, Mayra Mendoza, inauguranron este s\u00e1bado, en el marco de un multitudinario acto, el \u201cMicroestadio Presidente N\u00e9stor Kirchner\u201d, en Quilmes. Adem\u00e1s, como parte de la jornada, a 21 a\u00f1os de esa recordada elecci\u00f3n presidencial, se llev\u00f3 a cabo el descubrimiento de la estatua del expresidente durante 2003-2007, que se aloja en el ingreso a la nueva obra.<\/p>\n\n\n\n<figure class=\"wp-block-image size-large\"><img loading=\"lazy\" decoding=\"async\" width=\"1024\" height=\"682\" src=\"https:\/\/diarioprincipios.com\/wp-content\/uploads\/2024\/04\/IMG-20240427-WA0021-1024x682.jpg\" alt=\"\" class=\"wp-image-21722\" srcset=\"https:\/\/diarioprincipios.com\/wp-content\/uploads\/2024\/04\/IMG-20240427-WA0021-1024x682.jpg 1024w, https:\/\/diarioprincipios.com\/wp-content\/uploads\/2024\/04\/IMG-20240427-WA0021-300x200.jpg 300w, https:\/\/diarioprincipios.com\/wp-content\/uploads\/2024\/04\/IMG-20240427-WA0021-768x511.jpg 768w, https:\/\/diarioprincipios.com\/wp-content\/uploads\/2024\/04\/IMG-20240427-WA0021-820x545.jpg 820w, https:\/\/diarioprincipios.com\/wp-content\/uploads\/2024\/04\/IMG-20240427-WA0021-600x400.jpg 600w, https:\/\/diarioprincipios.com\/wp-content\/uploads\/2024\/04\/IMG-20240427-WA0021.jpg 1280w\" sizes=\"auto, (max-width: 1024px) 100vw, 1024px\" \/><\/figure>\n\n\n\n<p><em>Principales declaraciones de Mayra Mendoza<\/em><\/p>\n\n\n\n<p>\u201cN\u00e9stor est\u00e1 en el coraz\u00f3n de much\u00edsimas y much\u00edsimas argentinas y argentinos pero quiero que sepan c\u00f3mo llegamos hoy hasta ac\u00e1. Hace aproximadamente diez a\u00f1os comenz\u00f3 la construcci\u00f3n de este espacio en el que hoy nos encontramos. Este microestadio con otra gesti\u00f3n municipal, con otro intendente peronista tambi\u00e9n que debe estar por ac\u00e1. En esos a\u00f1os, a finales del 2014, con Cristina Presidenta comienza esta obra. En el marco de un programa que llamaban \u00b4Obras del Bicentenario\u00b4. No solo esta obra, sino a lo largo y a lo ancho del pa\u00eds, much\u00edsimas obras estrat\u00e9gicas que se han desarrollado en el marco de Obras del Bicentenario\u201d.<\/p>\n\n\n\n<p>\u201c\u00bfY qu\u00e9 pas\u00f3? Lo que todos sabemos, en el a\u00f1o 2015, con el cambio de gobierno. Comienza el Gobierno de Mauricio Macri y frena la obra p\u00fablica. Frena la obra p\u00fablica, al igual que est\u00e1 haciendo el actual Gobierno de Javier Milei, \u00bfno? F\u00edjense c\u00f3mo los proyectos pol\u00edticos de destrucci\u00f3n, como el de Macri y el de Milei, tienen las mismas actitudes, las mismas caracter\u00edsticas, porque hoy tambi\u00e9n tenemos frenada much\u00edsima obra p\u00fablica en Quilmes\u201d.<\/p>\n\n\n\n<figure class=\"wp-block-image size-large\"><img loading=\"lazy\" decoding=\"async\" width=\"1024\" height=\"684\" src=\"https:\/\/diarioprincipios.com\/wp-content\/uploads\/2024\/04\/IMG-20240427-WA0024-1024x684.jpg\" alt=\"\" class=\"wp-image-21723\" srcset=\"https:\/\/diarioprincipios.com\/wp-content\/uploads\/2024\/04\/IMG-20240427-WA0024-1024x684.jpg 1024w, https:\/\/diarioprincipios.com\/wp-content\/uploads\/2024\/04\/IMG-20240427-WA0024-300x200.jpg 300w, https:\/\/diarioprincipios.com\/wp-content\/uploads\/2024\/04\/IMG-20240427-WA0024-768x513.jpg 768w, https:\/\/diarioprincipios.com\/wp-content\/uploads\/2024\/04\/IMG-20240427-WA0024-600x400.jpg 600w, https:\/\/diarioprincipios.com\/wp-content\/uploads\/2024\/04\/IMG-20240427-WA0024.jpg 1280w\" sizes=\"auto, (max-width: 1024px) 100vw, 1024px\" \/><\/figure>\n\n\n\n<p>\u201cYo hablo con mis compa\u00f1eros intendentes y la verdad es que nos lamentamos porque hay muchas obras frenadas que ten\u00edan financiamiento del Gobierno Nacional a lo largo y a lo ancho de todo el pa\u00eds. Entonces, esta relaci\u00f3n que tiene el Gobierno de Macri y haber frenado esta obra, el Gobierno de Milei y estar hoy obstaculizando y paralizando obras que son muy necesarias para nuestra poblaci\u00f3n nos tiene que llamar a la reflexi\u00f3n. Aquellos que quieren venir con recetas supuestamente nuevas no es m\u00e1s que lo que ya ha sucedido en el pasado. Pero esos frenaron del 2015 al 2019, esa obra\u201d.<\/p>\n\n\n\n<p>\u201cPero la comunidad de Quilmes, el pueblo de Quilmes, escuch\u00f3 cu\u00e1l era nuestro proyecto de trabajo y nos dieron la posibilidad de gobernar. Y saliendo de la pandemia, continuamos con esta obra tan importante. Esta obra es tan importante no solamente porque nos va a permitir reunirnos como en este d\u00eda para encontrarnos y reflexionar en fechas hist\u00f3ricas sino porque nos va a dar la posibilidad de tener torneos, competencias, reunir a la regi\u00f3n tambi\u00e9n aqu\u00ed y que este polideportivo se siga desarrollando\u201d.<\/p>\n\n\n\n<p>\u201cFormo parte de esa generaci\u00f3n que N\u00e9stor y Cristina convocaron, un proyecto pol\u00edtico basado en el amor. Nunca en el odio. A que seamos part\u00edcipes activos de la transformaci\u00f3n. Y ac\u00e1 estamos dando lo mejor de nosotros. Y a este d\u00eda hist\u00f3rico y de much\u00edsima emoci\u00f3n, se suma algo que todos y todas van a poder ver a partir del d\u00eda de hoy, que es la implantaci\u00f3n de un monumento que nos recuerda al hombre que hace 21 a\u00f1os, un d\u00eda como hoy, comenz\u00f3 a cambiar la historia pol\u00edtica en nuestro pa\u00eds. N\u00e9stor Kirchner\u201d.<\/p>\n\n\n\n<figure class=\"wp-block-image size-large\"><img loading=\"lazy\" decoding=\"async\" width=\"1024\" height=\"684\" src=\"https:\/\/diarioprincipios.com\/wp-content\/uploads\/2024\/04\/IMG-20240427-WA0027-1024x684.jpg\" alt=\"\" class=\"wp-image-21724\" srcset=\"https:\/\/diarioprincipios.com\/wp-content\/uploads\/2024\/04\/IMG-20240427-WA0027-1024x684.jpg 1024w, https:\/\/diarioprincipios.com\/wp-content\/uploads\/2024\/04\/IMG-20240427-WA0027-300x200.jpg 300w, https:\/\/diarioprincipios.com\/wp-content\/uploads\/2024\/04\/IMG-20240427-WA0027-768x513.jpg 768w, https:\/\/diarioprincipios.com\/wp-content\/uploads\/2024\/04\/IMG-20240427-WA0027-600x400.jpg 600w, https:\/\/diarioprincipios.com\/wp-content\/uploads\/2024\/04\/IMG-20240427-WA0027.jpg 1280w\" sizes=\"auto, (max-width: 1024px) 100vw, 1024px\" \/><\/figure>\n\n\n\n<p>\u201cEn el ingreso a este microestadio van a poder ver ese monumento, esa estatua de N\u00e9stor que supo estar en Ecuador, frente al edificio de la UNASUR, que luego pas\u00f3 al CCK y que hoy la militancia quilme\u00f1a tiene al cuidado ese homenaje y lo tenemos aqu\u00ed en Quilmes para que todos los vecinos y vecinas cada vez que entren a este microestadio sepan que es a partir de una historia de lucha y de un proyecto pol\u00edtico de muchos y que a partir de N\u00e9stor y Cristina hacemos este trabajo\u201d.<\/p>\n\n\n\n<p>\u201cY es el que vamos a seguir haciendo todos los d\u00edas porque queremos que la dignidad no sea algo extra\u00f1o, dif\u00edcil sino que nuestro pueblo viva dignamente como se merece y para eso vamos a seguir militando, organizando, trabajando y gestionando todos los d\u00edas, no importa las adversidades, con coherencia, con lealtad, con convicciones, sin miedo y como decimos en Quilmes, con el coraz\u00f3n, siempre para adelante, muchas gracias a todos y a todas. \u00a1Muchas gracias Cristina, te quiero con toda el alma!\u201d.<\/p>\n","protected":false},"excerpt":{"rendered":"<p>A 21 a\u00f1os de la elecci\u00f3n presidencial del 27 de abril del 2003. La expresidenta de la Naci\u00f3n, Cristina Fern\u00e1ndez de Kirchner y la intendenta de Quilmes, Mayra Mendoza, inauguranron este s\u00e1bado, en el marco de un multitudinario acto, el \u201cMicroestadio Presidente N\u00e9stor Kirchner\u201d, en Quilmes. Adem\u00e1s, como parte de la jornada, a 21 a\u00f1os&#8230;<\/p>\n","protected":false},"author":2,"featured_media":21725,"comment_status":"open","ping_status":"open","sticky":false,"template":"","format":"standard","meta":{"footnotes":""},"categories":[4,17],"tags":[],"class_list":["post-21721","post","type-post","status-publish","format-standard","has-post-thumbnail","hentry","category-quilmes","category-zona-sur"],"featured_image_src":"https:\/\/diarioprincipios.com\/wp-content\/uploads\/2024\/04\/IMG-20240427-WA0023-1024x683.jpg","blog_images":{"medium":"https:\/\/diarioprincipios.com\/wp-content\/uploads\/2024\/04\/IMG-20240427-WA0023-300x200.jpg","large":"https:\/\/diarioprincipios.com\/wp-content\/uploads\/2024\/04\/IMG-20240427-WA0023-1024x683.jpg"},"ams_acf":[],"yoast_head":"<!-- This site is optimized with the Yoast SEO plugin v27.3 - https:\/\/yoast.com\/product\/yoast-seo-wordpress\/ -->\n<title>Cristina particip\u00f3 de la inauguraci\u00f3n del microestadio Presidente N\u00e9stor Kirchner en Quilmes - Principios<\/title>\n<meta name=\"robots\" content=\"index, follow, max-snippet:-1, max-image-preview:large, max-video-preview:-1\" \/>\n<link rel=\"canonical\" href=\"https:\/\/diarioprincipios.com\/index.php\/2024\/04\/27\/cristina-participo-de-la-inauguracion-del-microestadio-presidente-nestor-kirchner-en-quilmes\/\" \/>\n<meta property=\"og:locale\" content=\"es_ES\" \/>\n<meta property=\"og:type\" content=\"article\" \/>\n<meta property=\"og:title\" content=\"Cristina particip\u00f3 de la inauguraci\u00f3n del microestadio Presidente N\u00e9stor Kirchner en Quilmes - Principios\" \/>\n<meta property=\"og:description\" content=\"A 21 a\u00f1os de la elecci\u00f3n presidencial del 27 de abril del 2003. La expresidenta de la Naci\u00f3n, Cristina Fern\u00e1ndez de Kirchner y la intendenta de Quilmes, Mayra Mendoza, inauguranron este s\u00e1bado, en el marco de un multitudinario acto, el \u201cMicroestadio Presidente N\u00e9stor Kirchner\u201d, en Quilmes. Adem\u00e1s, como parte de la jornada, a 21 a\u00f1os...\" \/>\n<meta property=\"og:url\" content=\"https:\/\/diarioprincipios.com\/index.php\/2024\/04\/27\/cristina-participo-de-la-inauguracion-del-microestadio-presidente-nestor-kirchner-en-quilmes\/\" \/>\n<meta property=\"og:site_name\" content=\"Principios\" \/>\n<meta property=\"article:published_time\" content=\"2024-04-28T02:09:48+00:00\" \/>\n<meta property=\"article:modified_time\" content=\"2024-04-28T02:10:10+00:00\" \/>\n<meta property=\"og:image\" content=\"https:\/\/diarioprincipios.com\/wp-content\/uploads\/2024\/04\/IMG-20240427-WA0023.jpg\" \/>\n\t<meta property=\"og:image:width\" content=\"1280\" \/>\n\t<meta property=\"og:image:height\" content=\"854\" \/>\n\t<meta property=\"og:image:type\" content=\"image\/jpeg\" \/>\n<meta name=\"author\" content=\"Hern\u00e1n L\u00f3pez\" \/>\n<meta name=\"twitter:card\" content=\"summary_large_image\" \/>\n<meta name=\"twitter:label1\" content=\"Escrito por\" \/>\n\t<meta name=\"twitter:data1\" content=\"Hern\u00e1n L\u00f3pez\" \/>\n\t<meta name=\"twitter:label2\" content=\"Tiempo de lectura\" \/>\n\t<meta name=\"twitter:data2\" content=\"5 minutos\" \/>\n<script type=\"application\/ld+json\" class=\"yoast-schema-graph\">{\"@context\":\"https:\\\/\\\/schema.org\",\"@graph\":[{\"@type\":\"Article\",\"@id\":\"https:\\\/\\\/diarioprincipios.com\\\/index.php\\\/2024\\\/04\\\/27\\\/cristina-participo-de-la-inauguracion-del-microestadio-presidente-nestor-kirchner-en-quilmes\\\/#article\",\"isPartOf\":{\"@id\":\"https:\\\/\\\/diarioprincipios.com\\\/index.php\\\/2024\\\/04\\\/27\\\/cristina-participo-de-la-inauguracion-del-microestadio-presidente-nestor-kirchner-en-quilmes\\\/\"},\"author\":{\"name\":\"Hern\u00e1n L\u00f3pez\",\"@id\":\"https:\\\/\\\/diarioprincipios.com\\\/#\\\/schema\\\/person\\\/436d5a1fd41a5e250e23ff5a6a7cb080\"},\"headline\":\"Cristina particip\u00f3 de la inauguraci\u00f3n del microestadio Presidente N\u00e9stor Kirchner en Quilmes\",\"datePublished\":\"2024-04-28T02:09:48+00:00\",\"dateModified\":\"2024-04-28T02:10:10+00:00\",\"mainEntityOfPage\":{\"@id\":\"https:\\\/\\\/diarioprincipios.com\\\/index.php\\\/2024\\\/04\\\/27\\\/cristina-participo-de-la-inauguracion-del-microestadio-presidente-nestor-kirchner-en-quilmes\\\/\"},\"wordCount\":797,\"commentCount\":0,\"publisher\":{\"@id\":\"https:\\\/\\\/diarioprincipios.com\\\/#organization\"},\"image\":{\"@id\":\"https:\\\/\\\/diarioprincipios.com\\\/index.php\\\/2024\\\/04\\\/27\\\/cristina-participo-de-la-inauguracion-del-microestadio-presidente-nestor-kirchner-en-quilmes\\\/#primaryimage\"},\"thumbnailUrl\":\"https:\\\/\\\/diarioprincipios.com\\\/wp-content\\\/uploads\\\/2024\\\/04\\\/IMG-20240427-WA0023.jpg\",\"articleSection\":[\"Quilmes\",\"Zonar Sur\"],\"inLanguage\":\"es\",\"potentialAction\":[{\"@type\":\"CommentAction\",\"name\":\"Comment\",\"target\":[\"https:\\\/\\\/diarioprincipios.com\\\/index.php\\\/2024\\\/04\\\/27\\\/cristina-participo-de-la-inauguracion-del-microestadio-presidente-nestor-kirchner-en-quilmes\\\/#respond\"]}]},{\"@type\":\"WebPage\",\"@id\":\"https:\\\/\\\/diarioprincipios.com\\\/index.php\\\/2024\\\/04\\\/27\\\/cristina-participo-de-la-inauguracion-del-microestadio-presidente-nestor-kirchner-en-quilmes\\\/\",\"url\":\"https:\\\/\\\/diarioprincipios.com\\\/index.php\\\/2024\\\/04\\\/27\\\/cristina-participo-de-la-inauguracion-del-microestadio-presidente-nestor-kirchner-en-quilmes\\\/\",\"name\":\"Cristina particip\u00f3 de la inauguraci\u00f3n del microestadio Presidente N\u00e9stor Kirchner en Quilmes - Principios\",\"isPartOf\":{\"@id\":\"https:\\\/\\\/diarioprincipios.com\\\/#website\"},\"primaryImageOfPage\":{\"@id\":\"https:\\\/\\\/diarioprincipios.com\\\/index.php\\\/2024\\\/04\\\/27\\\/cristina-participo-de-la-inauguracion-del-microestadio-presidente-nestor-kirchner-en-quilmes\\\/#primaryimage\"},\"image\":{\"@id\":\"https:\\\/\\\/diarioprincipios.com\\\/index.php\\\/2024\\\/04\\\/27\\\/cristina-participo-de-la-inauguracion-del-microestadio-presidente-nestor-kirchner-en-quilmes\\\/#primaryimage\"},\"thumbnailUrl\":\"https:\\\/\\\/diarioprincipios.com\\\/wp-content\\\/uploads\\\/2024\\\/04\\\/IMG-20240427-WA0023.jpg\",\"datePublished\":\"2024-04-28T02:09:48+00:00\",\"dateModified\":\"2024-04-28T02:10:10+00:00\",\"breadcrumb\":{\"@id\":\"https:\\\/\\\/diarioprincipios.com\\\/index.php\\\/2024\\\/04\\\/27\\\/cristina-participo-de-la-inauguracion-del-microestadio-presidente-nestor-kirchner-en-quilmes\\\/#breadcrumb\"},\"inLanguage\":\"es\",\"potentialAction\":[{\"@type\":\"ReadAction\",\"target\":[\"https:\\\/\\\/diarioprincipios.com\\\/index.php\\\/2024\\\/04\\\/27\\\/cristina-participo-de-la-inauguracion-del-microestadio-presidente-nestor-kirchner-en-quilmes\\\/\"]}]},{\"@type\":\"ImageObject\",\"inLanguage\":\"es\",\"@id\":\"https:\\\/\\\/diarioprincipios.com\\\/index.php\\\/2024\\\/04\\\/27\\\/cristina-participo-de-la-inauguracion-del-microestadio-presidente-nestor-kirchner-en-quilmes\\\/#primaryimage\",\"url\":\"https:\\\/\\\/diarioprincipios.com\\\/wp-content\\\/uploads\\\/2024\\\/04\\\/IMG-20240427-WA0023.jpg\",\"contentUrl\":\"https:\\\/\\\/diarioprincipios.com\\\/wp-content\\\/uploads\\\/2024\\\/04\\\/IMG-20240427-WA0023.jpg\",\"width\":1280,\"height\":854},{\"@type\":\"BreadcrumbList\",\"@id\":\"https:\\\/\\\/diarioprincipios.com\\\/index.php\\\/2024\\\/04\\\/27\\\/cristina-participo-de-la-inauguracion-del-microestadio-presidente-nestor-kirchner-en-quilmes\\\/#breadcrumb\",\"itemListElement\":[{\"@type\":\"ListItem\",\"position\":1,\"name\":\"Portada\",\"item\":\"https:\\\/\\\/diarioprincipios.com\\\/\"},{\"@type\":\"ListItem\",\"position\":2,\"name\":\"Cristina particip\u00f3 de la inauguraci\u00f3n del microestadio Presidente N\u00e9stor Kirchner en Quilmes\"}]},{\"@type\":\"WebSite\",\"@id\":\"https:\\\/\\\/diarioprincipios.com\\\/#website\",\"url\":\"https:\\\/\\\/diarioprincipios.com\\\/\",\"name\":\"Principios\",\"description\":\"Principios Diario\",\"publisher\":{\"@id\":\"https:\\\/\\\/diarioprincipios.com\\\/#organization\"},\"potentialAction\":[{\"@type\":\"SearchAction\",\"target\":{\"@type\":\"EntryPoint\",\"urlTemplate\":\"https:\\\/\\\/diarioprincipios.com\\\/?s={search_term_string}\"},\"query-input\":{\"@type\":\"PropertyValueSpecification\",\"valueRequired\":true,\"valueName\":\"search_term_string\"}}],\"inLanguage\":\"es\"},{\"@type\":\"Organization\",\"@id\":\"https:\\\/\\\/diarioprincipios.com\\\/#organization\",\"name\":\"Principios\",\"url\":\"https:\\\/\\\/diarioprincipios.com\\\/\",\"logo\":{\"@type\":\"ImageObject\",\"inLanguage\":\"es\",\"@id\":\"https:\\\/\\\/diarioprincipios.com\\\/#\\\/schema\\\/logo\\\/image\\\/\",\"url\":\"https:\\\/\\\/diarioprincipios.com\\\/wp-content\\\/uploads\\\/2024\\\/04\\\/cropped-www.diarioprincipios.com_-1.png\",\"contentUrl\":\"https:\\\/\\\/diarioprincipios.com\\\/wp-content\\\/uploads\\\/2024\\\/04\\\/cropped-www.diarioprincipios.com_-1.png\",\"width\":5325,\"height\":1454,\"caption\":\"Principios\"},\"image\":{\"@id\":\"https:\\\/\\\/diarioprincipios.com\\\/#\\\/schema\\\/logo\\\/image\\\/\"}},{\"@type\":\"Person\",\"@id\":\"https:\\\/\\\/diarioprincipios.com\\\/#\\\/schema\\\/person\\\/436d5a1fd41a5e250e23ff5a6a7cb080\",\"name\":\"Hern\u00e1n L\u00f3pez\",\"image\":{\"@type\":\"ImageObject\",\"inLanguage\":\"es\",\"@id\":\"https:\\\/\\\/diarioprincipios.com\\\/wp-content\\\/litespeed\\\/avatar\\\/11ddfe5610ff3bd100522525b2571f48.jpg?ver=1777048341\",\"url\":\"https:\\\/\\\/diarioprincipios.com\\\/wp-content\\\/litespeed\\\/avatar\\\/11ddfe5610ff3bd100522525b2571f48.jpg?ver=1777048341\",\"contentUrl\":\"https:\\\/\\\/diarioprincipios.com\\\/wp-content\\\/litespeed\\\/avatar\\\/11ddfe5610ff3bd100522525b2571f48.jpg?ver=1777048341\",\"caption\":\"Hern\u00e1n L\u00f3pez\"},\"url\":\"https:\\\/\\\/diarioprincipios.com\\\/index.php\\\/author\\\/hernan\\\/\"}]}<\/script>\n<!-- \/ Yoast SEO plugin. -->","yoast_head_json":{"title":"Cristina particip\u00f3 de la inauguraci\u00f3n del microestadio Presidente N\u00e9stor Kirchner en Quilmes - Principios","robots":{"index":"index","follow":"follow","max-snippet":"max-snippet:-1","max-image-preview":"max-image-preview:large","max-video-preview":"max-video-preview:-1"},"canonical":"https:\/\/diarioprincipios.com\/index.php\/2024\/04\/27\/cristina-participo-de-la-inauguracion-del-microestadio-presidente-nestor-kirchner-en-quilmes\/","og_locale":"es_ES","og_type":"article","og_title":"Cristina particip\u00f3 de la inauguraci\u00f3n del microestadio Presidente N\u00e9stor Kirchner en Quilmes - Principios","og_description":"A 21 a\u00f1os de la elecci\u00f3n presidencial del 27 de abril del 2003. La expresidenta de la Naci\u00f3n, Cristina Fern\u00e1ndez de Kirchner y la intendenta de Quilmes, Mayra Mendoza, inauguranron este s\u00e1bado, en el marco de un multitudinario acto, el \u201cMicroestadio Presidente N\u00e9stor Kirchner\u201d, en Quilmes. Adem\u00e1s, como parte de la jornada, a 21 a\u00f1os...","og_url":"https:\/\/diarioprincipios.com\/index.php\/2024\/04\/27\/cristina-participo-de-la-inauguracion-del-microestadio-presidente-nestor-kirchner-en-quilmes\/","og_site_name":"Principios","article_published_time":"2024-04-28T02:09:48+00:00","article_modified_time":"2024-04-28T02:10:10+00:00","og_image":[{"width":1280,"height":854,"url":"https:\/\/diarioprincipios.com\/wp-content\/uploads\/2024\/04\/IMG-20240427-WA0023.jpg","type":"image\/jpeg"}],"author":"Hern\u00e1n L\u00f3pez","twitter_card":"summary_large_image","twitter_misc":{"Escrito por":"Hern\u00e1n L\u00f3pez","Tiempo de lectura":"5 minutos"},"schema":{"@context":"https:\/\/schema.org","@graph":[{"@type":"Article","@id":"https:\/\/diarioprincipios.com\/index.php\/2024\/04\/27\/cristina-participo-de-la-inauguracion-del-microestadio-presidente-nestor-kirchner-en-quilmes\/#article","isPartOf":{"@id":"https:\/\/diarioprincipios.com\/index.php\/2024\/04\/27\/cristina-participo-de-la-inauguracion-del-microestadio-presidente-nestor-kirchner-en-quilmes\/"},"author":{"name":"Hern\u00e1n L\u00f3pez","@id":"https:\/\/diarioprincipios.com\/#\/schema\/person\/436d5a1fd41a5e250e23ff5a6a7cb080"},"headline":"Cristina particip\u00f3 de la inauguraci\u00f3n del microestadio Presidente N\u00e9stor Kirchner en Quilmes","datePublished":"2024-04-28T02:09:48+00:00","dateModified":"2024-04-28T02:10:10+00:00","mainEntityOfPage":{"@id":"https:\/\/diarioprincipios.com\/index.php\/2024\/04\/27\/cristina-participo-de-la-inauguracion-del-microestadio-presidente-nestor-kirchner-en-quilmes\/"},"wordCount":797,"commentCount":0,"publisher":{"@id":"https:\/\/diarioprincipios.com\/#organization"},"image":{"@id":"https:\/\/diarioprincipios.com\/index.php\/2024\/04\/27\/cristina-participo-de-la-inauguracion-del-microestadio-presidente-nestor-kirchner-en-quilmes\/#primaryimage"},"thumbnailUrl":"https:\/\/diarioprincipios.com\/wp-content\/uploads\/2024\/04\/IMG-20240427-WA0023.jpg","articleSection":["Quilmes","Zonar Sur"],"inLanguage":"es","potentialAction":[{"@type":"CommentAction","name":"Comment","target":["https:\/\/diarioprincipios.com\/index.php\/2024\/04\/27\/cristina-participo-de-la-inauguracion-del-microestadio-presidente-nestor-kirchner-en-quilmes\/#respond"]}]},{"@type":"WebPage","@id":"https:\/\/diarioprincipios.com\/index.php\/2024\/04\/27\/cristina-participo-de-la-inauguracion-del-microestadio-presidente-nestor-kirchner-en-quilmes\/","url":"https:\/\/diarioprincipios.com\/index.php\/2024\/04\/27\/cristina-participo-de-la-inauguracion-del-microestadio-presidente-nestor-kirchner-en-quilmes\/","name":"Cristina particip\u00f3 de la inauguraci\u00f3n del microestadio Presidente N\u00e9stor Kirchner en Quilmes - Principios","isPartOf":{"@id":"https:\/\/diarioprincipios.com\/#website"},"primaryImageOfPage":{"@id":"https:\/\/diarioprincipios.com\/index.php\/2024\/04\/27\/cristina-participo-de-la-inauguracion-del-microestadio-presidente-nestor-kirchner-en-quilmes\/#primaryimage"},"image":{"@id":"https:\/\/diarioprincipios.com\/index.php\/2024\/04\/27\/cristina-participo-de-la-inauguracion-del-microestadio-presidente-nestor-kirchner-en-quilmes\/#primaryimage"},"thumbnailUrl":"https:\/\/diarioprincipios.com\/wp-content\/uploads\/2024\/04\/IMG-20240427-WA0023.jpg","datePublished":"2024-04-28T02:09:48+00:00","dateModified":"2024-04-28T02:10:10+00:00","breadcrumb":{"@id":"https:\/\/diarioprincipios.com\/index.php\/2024\/04\/27\/cristina-participo-de-la-inauguracion-del-microestadio-presidente-nestor-kirchner-en-quilmes\/#breadcrumb"},"inLanguage":"es","potentialAction":[{"@type":"ReadAction","target":["https:\/\/diarioprincipios.com\/index.php\/2024\/04\/27\/cristina-participo-de-la-inauguracion-del-microestadio-presidente-nestor-kirchner-en-quilmes\/"]}]},{"@type":"ImageObject","inLanguage":"es","@id":"https:\/\/diarioprincipios.com\/index.php\/2024\/04\/27\/cristina-participo-de-la-inauguracion-del-microestadio-presidente-nestor-kirchner-en-quilmes\/#primaryimage","url":"https:\/\/diarioprincipios.com\/wp-content\/uploads\/2024\/04\/IMG-20240427-WA0023.jpg","contentUrl":"https:\/\/diarioprincipios.com\/wp-content\/uploads\/2024\/04\/IMG-20240427-WA0023.jpg","width":1280,"height":854},{"@type":"BreadcrumbList","@id":"https:\/\/diarioprincipios.com\/index.php\/2024\/04\/27\/cristina-participo-de-la-inauguracion-del-microestadio-presidente-nestor-kirchner-en-quilmes\/#breadcrumb","itemListElement":[{"@type":"ListItem","position":1,"name":"Portada","item":"https:\/\/diarioprincipios.com\/"},{"@type":"ListItem","position":2,"name":"Cristina particip\u00f3 de la inauguraci\u00f3n del microestadio Presidente N\u00e9stor Kirchner en Quilmes"}]},{"@type":"WebSite","@id":"https:\/\/diarioprincipios.com\/#website","url":"https:\/\/diarioprincipios.com\/","name":"Principios","description":"Principios Diario","publisher":{"@id":"https:\/\/diarioprincipios.com\/#organization"},"potentialAction":[{"@type":"SearchAction","target":{"@type":"EntryPoint","urlTemplate":"https:\/\/diarioprincipios.com\/?s={search_term_string}"},"query-input":{"@type":"PropertyValueSpecification","valueRequired":true,"valueName":"search_term_string"}}],"inLanguage":"es"},{"@type":"Organization","@id":"https:\/\/diarioprincipios.com\/#organization","name":"Principios","url":"https:\/\/diarioprincipios.com\/","logo":{"@type":"ImageObject","inLanguage":"es","@id":"https:\/\/diarioprincipios.com\/#\/schema\/logo\/image\/","url":"https:\/\/diarioprincipios.com\/wp-content\/uploads\/2024\/04\/cropped-www.diarioprincipios.com_-1.png","contentUrl":"https:\/\/diarioprincipios.com\/wp-content\/uploads\/2024\/04\/cropped-www.diarioprincipios.com_-1.png","width":5325,"height":1454,"caption":"Principios"},"image":{"@id":"https:\/\/diarioprincipios.com\/#\/schema\/logo\/image\/"}},{"@type":"Person","@id":"https:\/\/diarioprincipios.com\/#\/schema\/person\/436d5a1fd41a5e250e23ff5a6a7cb080","name":"Hern\u00e1n L\u00f3pez","image":{"@type":"ImageObject","inLanguage":"es","@id":"https:\/\/diarioprincipios.com\/wp-content\/litespeed\/avatar\/11ddfe5610ff3bd100522525b2571f48.jpg?ver=1777048341","url":"https:\/\/diarioprincipios.com\/wp-content\/litespeed\/avatar\/11ddfe5610ff3bd100522525b2571f48.jpg?ver=1777048341","contentUrl":"https:\/\/diarioprincipios.com\/wp-content\/litespeed\/avatar\/11ddfe5610ff3bd100522525b2571f48.jpg?ver=1777048341","caption":"Hern\u00e1n L\u00f3pez"},"url":"https:\/\/diarioprincipios.com\/index.php\/author\/hernan\/"}]}},"jetpack_featured_media_url":"https:\/\/diarioprincipios.com\/wp-content\/uploads\/2024\/04\/IMG-20240427-WA0023.jpg","_links":{"self":[{"href":"https:\/\/diarioprincipios.com\/index.php\/wp-json\/wp\/v2\/posts\/21721","targetHints":{"allow":["GET"]}}],"collection":[{"href":"https:\/\/diarioprincipios.com\/index.php\/wp-json\/wp\/v2\/posts"}],"about":[{"href":"https:\/\/diarioprincipios.com\/index.php\/wp-json\/wp\/v2\/types\/post"}],"author":[{"embeddable":true,"href":"https:\/\/diarioprincipios.com\/index.php\/wp-json\/wp\/v2\/users\/2"}],"replies":[{"embeddable":true,"href":"https:\/\/diarioprincipios.com\/index.php\/wp-json\/wp\/v2\/comments?post=21721"}],"version-history":[{"count":1,"href":"https:\/\/diarioprincipios.com\/index.php\/wp-json\/wp\/v2\/posts\/21721\/revisions"}],"predecessor-version":[{"id":21726,"href":"https:\/\/diarioprincipios.com\/index.php\/wp-json\/wp\/v2\/posts\/21721\/revisions\/21726"}],"wp:featuredmedia":[{"embeddable":true,"href":"https:\/\/diarioprincipios.com\/index.php\/wp-json\/wp\/v2\/media\/21725"}],"wp:attachment":[{"href":"https:\/\/diarioprincipios.com\/index.php\/wp-json\/wp\/v2\/media?parent=21721"}],"wp:term":[{"taxonomy":"category","embeddable":true,"href":"https:\/\/diarioprincipios.com\/index.php\/wp-json\/wp\/v2\/categories?post=21721"},{"taxonomy":"post_tag","embeddable":true,"href":"https:\/\/diarioprincipios.com\/index.php\/wp-json\/wp\/v2\/tags?post=21721"}],"curies":[{"name":"wp","href":"https:\/\/api.w.org\/{rel}","templated":true}]}}