{"id":21716,"date":"2024-04-27T23:03:11","date_gmt":"2024-04-28T02:03:11","guid":{"rendered":"http:\/\/diarioprincipios.com\/?p=21716"},"modified":"2024-04-27T23:04:42","modified_gmt":"2024-04-28T02:04:42","slug":"kicillof-y-ferraresi-inauguraron-el-centro-cultural-kirchner-de-isla-maciel","status":"publish","type":"post","link":"https:\/\/diarioprincipios.com\/index.php\/2024\/04\/27\/kicillof-y-ferraresi-inauguraron-el-centro-cultural-kirchner-de-isla-maciel\/","title":{"rendered":"Kicillof y Ferraresi inauguraron el Centro Cultural Kirchner, de Isla Maciel"},"content":{"rendered":"\n<p>A 21 a\u00f1os de la elecci\u00f3n en la que N\u00e9stor Kirchner accedi\u00f3 al ballotage presidencial, se hizo este homenaje del que participaron muchos intendentes bonaerenses, funcionarios del gabinete provincial y la jefa de Gabinete local, Magdalena Sierra.<br><br>El intendente de Avellaneda, Jorge Ferraresi, recibi\u00f3 al gobernador provincial Axel Kicillof para encabezar la inauguraci\u00f3n del Centro Cultural Kirchner, ubicado dentro de la nueva urbanizaci\u00f3n del barrio Maciel, en el ex predio Alianza.<\/p>\n\n\n\n<figure class=\"wp-block-image size-large\"><img loading=\"lazy\" decoding=\"async\" width=\"1024\" height=\"682\" src=\"https:\/\/diarioprincipios.com\/wp-content\/uploads\/2024\/04\/GMMbgEkXYAIFeQh-1024x682.jpeg\" alt=\"\" class=\"wp-image-21717\" srcset=\"https:\/\/diarioprincipios.com\/wp-content\/uploads\/2024\/04\/GMMbgEkXYAIFeQh-1024x682.jpeg 1024w, https:\/\/diarioprincipios.com\/wp-content\/uploads\/2024\/04\/GMMbgEkXYAIFeQh-300x200.jpeg 300w, https:\/\/diarioprincipios.com\/wp-content\/uploads\/2024\/04\/GMMbgEkXYAIFeQh-768x511.jpeg 768w, https:\/\/diarioprincipios.com\/wp-content\/uploads\/2024\/04\/GMMbgEkXYAIFeQh-820x545.jpeg 820w, https:\/\/diarioprincipios.com\/wp-content\/uploads\/2024\/04\/GMMbgEkXYAIFeQh-600x400.jpeg 600w, https:\/\/diarioprincipios.com\/wp-content\/uploads\/2024\/04\/GMMbgEkXYAIFeQh.jpeg 1280w\" sizes=\"auto, (max-width: 1024px) 100vw, 1024px\" \/><\/figure>\n\n\n\n<p><br><br>Luego de las palabras de la actriz Rita Cortese, quien sostuvo que \u201cel arte no debe ser un adorno\u201d, \u201cel futuro no debe ser tierra arrasada\u201d, y festejar que haya un \u201cun CCK en CABA y ahora un segundo, en Avellaneda\u201d, Ferraresi, agradeci\u00f3 a lxs artistas \u201cpor arriesgarse y comprometerse por una Argentina justa y solidaria\u201d.<br><br>Durante su discurso, Jorge Ferraresi rememor\u00f3 a su padre y se refiri\u00f3 a \u201cla responsabilidad de dar continuidad hist\u00f3rica a la militancia de la transformaci\u00f3n\u201d. \u201cEse es el legado de los mejores 12 a\u00f1os de la historia argentina\u201d, dijo sobre los gobiernos de N\u00e9stor y Cristina Kirchner.<br><br>Asimismo, repas\u00f3 el proceso de crecimiento en el barrio de Maciel. \u201cN\u00e9stor vino cuando empez\u00f3 esta urbanizaci\u00f3n\u201d, record\u00f3 y sum\u00f3: \u201cDespu\u00e9s de la persecuci\u00f3n pol\u00edtica a CFK, su primer acto pol\u00edtico fue ac\u00e1 en la Isla\u201d.<br><br>M\u00e1s adelante, sostuvo que \u201ccon muchos intendentes ayudamos a construir una gobernaci\u00f3n distinta, de cercan\u00eda y defensa de cada bonaerense\u201d. Y cerr\u00f3: \u201cPor m\u00e1s motosierra, no van a poder cortar las piernas con las que caminamos junto al pueblo y a las Madres\u201d.<\/p>\n\n\n\n<figure class=\"wp-block-image size-large\"><img loading=\"lazy\" decoding=\"async\" width=\"1024\" height=\"681\" src=\"https:\/\/diarioprincipios.com\/wp-content\/uploads\/2024\/04\/Screenshot_20240427_230207_Yahoo-Mail-1024x681.jpg\" alt=\"\" class=\"wp-image-21718\" srcset=\"https:\/\/diarioprincipios.com\/wp-content\/uploads\/2024\/04\/Screenshot_20240427_230207_Yahoo-Mail-1024x681.jpg 1024w, https:\/\/diarioprincipios.com\/wp-content\/uploads\/2024\/04\/Screenshot_20240427_230207_Yahoo-Mail-300x200.jpg 300w, https:\/\/diarioprincipios.com\/wp-content\/uploads\/2024\/04\/Screenshot_20240427_230207_Yahoo-Mail-768x511.jpg 768w, https:\/\/diarioprincipios.com\/wp-content\/uploads\/2024\/04\/Screenshot_20240427_230207_Yahoo-Mail-820x545.jpg 820w, https:\/\/diarioprincipios.com\/wp-content\/uploads\/2024\/04\/Screenshot_20240427_230207_Yahoo-Mail-600x400.jpg 600w, https:\/\/diarioprincipios.com\/wp-content\/uploads\/2024\/04\/Screenshot_20240427_230207_Yahoo-Mail.jpg 1079w\" sizes=\"auto, (max-width: 1024px) 100vw, 1024px\" \/><\/figure>\n\n\n\n<p><br><br>A su turno, el gobernador Kicillof dijo: \u201cNo van a poder borrar el recuerdo de N\u00e9stor Kirchner porque vive en el pueblo\u201d. Y agreg\u00f3: \u201cN\u00e9stor vino a resolver la crisis provocada por las mismas pol\u00edticas de Macri y Milei, nos hizo recuperar la autoestima como pueblo\u201d.<br><br>En ese sentido, sostuvo: \u201cN\u00e9stor aplic\u00f3 medidas econ\u00f3micas que demostraron que la Argentina puede ser un pa\u00eds de futuro y progreso con industria nacional\u201d.<br><br>\u201cPara transformar este pa\u00eds y honrar la historia hay que tener las caracter\u00edsticas de N\u00e9stor: coraje, audacia, lucidez, coherencia y entrega\u201d, dijo y agreg\u00f3: \u201cCuenten con nosotros para llevar adelante la defensa de la Provincia y la soberan\u00eda de nuestro pa\u00eds. Con calle y lucha vamos a conquistar el futuro\u201d.<br><br>\u201cPara reconocer los derechos a la educaci\u00f3n, la salud, a la vivienda, y a la dignidad en la Provincia hay un Estado que trabaja con los intendentes\u201d. Sobre la gesti\u00f3n de Ferraresi expres\u00f3: \u201cJorge, lo que haces en Avellaneda fue inspirador para lo que hicimos en la Provincia\u201d.<br><br>El edificio inaugurado cuenta con 480 m2 cubiertos, distribuidos en 2 plantas y busca fomentar actividades y emprendimientos de inter\u00e9s cultural para esta comunidad. Tiene 3 aulas destinadas a talleres y un SUM en el cual funcionar\u00e1 la Escuela Municipal de Circo de Maciel. Adem\u00e1s de cocina, comedor, n\u00facleos sanitarios para personas con movilidad reducida y \u00e1reas administrativas.<br><br>Entre los talleres que se brindar\u00e1n en el Centro, se destacan los de dise\u00f1o de indumentaria, teatro, clown, batucada, guitarra, canto, mantenimiento de edificios, candombe, afrodanza y pl\u00e1stica para ni\u00f1os y ni\u00f1as.<br><br>Por su parte, la Escuela de Circo, que cuenta con dos sedes en la ciudad, ofrece disciplinas como trapecio, tela, malabares, acrobacias, danzas y muchas m\u00e1s.<br><br>Participaron del acto la vicegobernadora de la provincia de Buenos Aires, Ver\u00f3nica\u00a0Magario,\u00a0ministrxs del gabinete bonaerense: Cristina\u00a0\u00c1lvarez Rodr\u00edguez; Andr\u00e9s \u201cCuervo\u201d\u00a0Larroque,\u00a0Gabriel Katopodis, Silvina\u00a0Batakis, Pablo L\u00f3pez, Walter Correa, Javier Rodr\u00edguez; Agustina Vila; intendentxs de La Matanza, Fernando Espinoza; de Ensenada, Mario Secco; de Florencio Varela, Andr\u00e9s Watson; de Ituzaing\u00f3, Alberto Descalzo; de Berisso, Fabi\u00e1n\u00a0Cagliardi; de La Plata, Julio Alak; la diputada\u00a0Victoria Montenegro; el secretario general de ATE Capital, Daniel \u00abTano\u00bb Catalano; Roberto Baradel; Hugo Yaski;<br><br>Adem\u00e1s, Rita Cortese, Cecilia Rossetto, V\u00edctor Laplace, Cristina Banegas, Lidia Borda, Daniel Melingo, Luis\u00a0Ziembrowski, Guillermo Marcos, entre otros artistas.<br>&#8212;<\/p>\n","protected":false},"excerpt":{"rendered":"<p>A 21 a\u00f1os de la elecci\u00f3n en la que N\u00e9stor Kirchner accedi\u00f3 al ballotage presidencial, se hizo este homenaje del que participaron muchos intendentes bonaerenses, funcionarios del gabinete provincial y la jefa de Gabinete local, Magdalena Sierra. El intendente de Avellaneda, Jorge Ferraresi, recibi\u00f3 al gobernador provincial Axel Kicillof para encabezar la inauguraci\u00f3n del Centro&#8230;<\/p>\n","protected":false},"author":2,"featured_media":21719,"comment_status":"open","ping_status":"open","sticky":false,"template":"","format":"standard","meta":{"footnotes":""},"categories":[5,17],"tags":[],"class_list":["post-21716","post","type-post","status-publish","format-standard","has-post-thumbnail","hentry","category-avellaneda","category-zona-sur"],"featured_image_src":"https:\/\/diarioprincipios.com\/wp-content\/uploads\/2024\/04\/GMMbMmCXQAA2Lz--1024x681.jpeg","blog_images":{"medium":"https:\/\/diarioprincipios.com\/wp-content\/uploads\/2024\/04\/GMMbMmCXQAA2Lz--300x200.jpeg","large":"https:\/\/diarioprincipios.com\/wp-content\/uploads\/2024\/04\/GMMbMmCXQAA2Lz--1024x681.jpeg"},"ams_acf":[],"yoast_head":"<!-- This site is optimized with the Yoast SEO plugin v27.3 - https:\/\/yoast.com\/product\/yoast-seo-wordpress\/ -->\n<title>Kicillof y Ferraresi inauguraron el Centro Cultural Kirchner, de Isla Maciel - Principios<\/title>\n<meta name=\"robots\" content=\"index, follow, max-snippet:-1, max-image-preview:large, max-video-preview:-1\" \/>\n<link rel=\"canonical\" href=\"https:\/\/diarioprincipios.com\/index.php\/2024\/04\/27\/kicillof-y-ferraresi-inauguraron-el-centro-cultural-kirchner-de-isla-maciel\/\" \/>\n<meta property=\"og:locale\" content=\"es_ES\" \/>\n<meta property=\"og:type\" content=\"article\" \/>\n<meta property=\"og:title\" content=\"Kicillof y Ferraresi inauguraron el Centro Cultural Kirchner, de Isla Maciel - Principios\" \/>\n<meta property=\"og:description\" content=\"A 21 a\u00f1os de la elecci\u00f3n en la que N\u00e9stor Kirchner accedi\u00f3 al ballotage presidencial, se hizo este homenaje del que participaron muchos intendentes bonaerenses, funcionarios del gabinete provincial y la jefa de Gabinete local, Magdalena Sierra. El intendente de Avellaneda, Jorge Ferraresi, recibi\u00f3 al gobernador provincial Axel Kicillof para encabezar la inauguraci\u00f3n del Centro...\" \/>\n<meta property=\"og:url\" content=\"https:\/\/diarioprincipios.com\/index.php\/2024\/04\/27\/kicillof-y-ferraresi-inauguraron-el-centro-cultural-kirchner-de-isla-maciel\/\" \/>\n<meta property=\"og:site_name\" content=\"Principios\" \/>\n<meta property=\"article:published_time\" content=\"2024-04-28T02:03:11+00:00\" \/>\n<meta property=\"article:modified_time\" content=\"2024-04-28T02:04:42+00:00\" \/>\n<meta property=\"og:image\" content=\"https:\/\/diarioprincipios.com\/wp-content\/uploads\/2024\/04\/GMMbMmCXQAA2Lz-.jpeg\" \/>\n\t<meta property=\"og:image:width\" content=\"1600\" \/>\n\t<meta property=\"og:image:height\" content=\"1064\" \/>\n\t<meta property=\"og:image:type\" content=\"image\/jpeg\" \/>\n<meta name=\"author\" content=\"Hern\u00e1n L\u00f3pez\" \/>\n<meta name=\"twitter:card\" content=\"summary_large_image\" \/>\n<meta name=\"twitter:label1\" content=\"Escrito por\" \/>\n\t<meta name=\"twitter:data1\" content=\"Hern\u00e1n L\u00f3pez\" \/>\n\t<meta name=\"twitter:label2\" content=\"Tiempo de lectura\" \/>\n\t<meta name=\"twitter:data2\" content=\"4 minutos\" \/>\n<script type=\"application\/ld+json\" class=\"yoast-schema-graph\">{\"@context\":\"https:\\\/\\\/schema.org\",\"@graph\":[{\"@type\":\"Article\",\"@id\":\"https:\\\/\\\/diarioprincipios.com\\\/index.php\\\/2024\\\/04\\\/27\\\/kicillof-y-ferraresi-inauguraron-el-centro-cultural-kirchner-de-isla-maciel\\\/#article\",\"isPartOf\":{\"@id\":\"https:\\\/\\\/diarioprincipios.com\\\/index.php\\\/2024\\\/04\\\/27\\\/kicillof-y-ferraresi-inauguraron-el-centro-cultural-kirchner-de-isla-maciel\\\/\"},\"author\":{\"name\":\"Hern\u00e1n L\u00f3pez\",\"@id\":\"https:\\\/\\\/diarioprincipios.com\\\/#\\\/schema\\\/person\\\/436d5a1fd41a5e250e23ff5a6a7cb080\"},\"headline\":\"Kicillof y Ferraresi inauguraron el Centro Cultural Kirchner, de Isla Maciel\",\"datePublished\":\"2024-04-28T02:03:11+00:00\",\"dateModified\":\"2024-04-28T02:04:42+00:00\",\"mainEntityOfPage\":{\"@id\":\"https:\\\/\\\/diarioprincipios.com\\\/index.php\\\/2024\\\/04\\\/27\\\/kicillof-y-ferraresi-inauguraron-el-centro-cultural-kirchner-de-isla-maciel\\\/\"},\"wordCount\":694,\"commentCount\":0,\"publisher\":{\"@id\":\"https:\\\/\\\/diarioprincipios.com\\\/#organization\"},\"image\":{\"@id\":\"https:\\\/\\\/diarioprincipios.com\\\/index.php\\\/2024\\\/04\\\/27\\\/kicillof-y-ferraresi-inauguraron-el-centro-cultural-kirchner-de-isla-maciel\\\/#primaryimage\"},\"thumbnailUrl\":\"https:\\\/\\\/diarioprincipios.com\\\/wp-content\\\/uploads\\\/2024\\\/04\\\/GMMbMmCXQAA2Lz-.jpeg\",\"articleSection\":[\"Avellaneda\",\"Zonar Sur\"],\"inLanguage\":\"es\",\"potentialAction\":[{\"@type\":\"CommentAction\",\"name\":\"Comment\",\"target\":[\"https:\\\/\\\/diarioprincipios.com\\\/index.php\\\/2024\\\/04\\\/27\\\/kicillof-y-ferraresi-inauguraron-el-centro-cultural-kirchner-de-isla-maciel\\\/#respond\"]}]},{\"@type\":\"WebPage\",\"@id\":\"https:\\\/\\\/diarioprincipios.com\\\/index.php\\\/2024\\\/04\\\/27\\\/kicillof-y-ferraresi-inauguraron-el-centro-cultural-kirchner-de-isla-maciel\\\/\",\"url\":\"https:\\\/\\\/diarioprincipios.com\\\/index.php\\\/2024\\\/04\\\/27\\\/kicillof-y-ferraresi-inauguraron-el-centro-cultural-kirchner-de-isla-maciel\\\/\",\"name\":\"Kicillof y Ferraresi inauguraron el Centro Cultural Kirchner, de Isla Maciel - Principios\",\"isPartOf\":{\"@id\":\"https:\\\/\\\/diarioprincipios.com\\\/#website\"},\"primaryImageOfPage\":{\"@id\":\"https:\\\/\\\/diarioprincipios.com\\\/index.php\\\/2024\\\/04\\\/27\\\/kicillof-y-ferraresi-inauguraron-el-centro-cultural-kirchner-de-isla-maciel\\\/#primaryimage\"},\"image\":{\"@id\":\"https:\\\/\\\/diarioprincipios.com\\\/index.php\\\/2024\\\/04\\\/27\\\/kicillof-y-ferraresi-inauguraron-el-centro-cultural-kirchner-de-isla-maciel\\\/#primaryimage\"},\"thumbnailUrl\":\"https:\\\/\\\/diarioprincipios.com\\\/wp-content\\\/uploads\\\/2024\\\/04\\\/GMMbMmCXQAA2Lz-.jpeg\",\"datePublished\":\"2024-04-28T02:03:11+00:00\",\"dateModified\":\"2024-04-28T02:04:42+00:00\",\"breadcrumb\":{\"@id\":\"https:\\\/\\\/diarioprincipios.com\\\/index.php\\\/2024\\\/04\\\/27\\\/kicillof-y-ferraresi-inauguraron-el-centro-cultural-kirchner-de-isla-maciel\\\/#breadcrumb\"},\"inLanguage\":\"es\",\"potentialAction\":[{\"@type\":\"ReadAction\",\"target\":[\"https:\\\/\\\/diarioprincipios.com\\\/index.php\\\/2024\\\/04\\\/27\\\/kicillof-y-ferraresi-inauguraron-el-centro-cultural-kirchner-de-isla-maciel\\\/\"]}]},{\"@type\":\"ImageObject\",\"inLanguage\":\"es\",\"@id\":\"https:\\\/\\\/diarioprincipios.com\\\/index.php\\\/2024\\\/04\\\/27\\\/kicillof-y-ferraresi-inauguraron-el-centro-cultural-kirchner-de-isla-maciel\\\/#primaryimage\",\"url\":\"https:\\\/\\\/diarioprincipios.com\\\/wp-content\\\/uploads\\\/2024\\\/04\\\/GMMbMmCXQAA2Lz-.jpeg\",\"contentUrl\":\"https:\\\/\\\/diarioprincipios.com\\\/wp-content\\\/uploads\\\/2024\\\/04\\\/GMMbMmCXQAA2Lz-.jpeg\",\"width\":1600,\"height\":1064},{\"@type\":\"BreadcrumbList\",\"@id\":\"https:\\\/\\\/diarioprincipios.com\\\/index.php\\\/2024\\\/04\\\/27\\\/kicillof-y-ferraresi-inauguraron-el-centro-cultural-kirchner-de-isla-maciel\\\/#breadcrumb\",\"itemListElement\":[{\"@type\":\"ListItem\",\"position\":1,\"name\":\"Portada\",\"item\":\"https:\\\/\\\/diarioprincipios.com\\\/\"},{\"@type\":\"ListItem\",\"position\":2,\"name\":\"Kicillof y Ferraresi inauguraron el Centro Cultural Kirchner, de Isla Maciel\"}]},{\"@type\":\"WebSite\",\"@id\":\"https:\\\/\\\/diarioprincipios.com\\\/#website\",\"url\":\"https:\\\/\\\/diarioprincipios.com\\\/\",\"name\":\"Principios\",\"description\":\"Principios Diario\",\"publisher\":{\"@id\":\"https:\\\/\\\/diarioprincipios.com\\\/#organization\"},\"potentialAction\":[{\"@type\":\"SearchAction\",\"target\":{\"@type\":\"EntryPoint\",\"urlTemplate\":\"https:\\\/\\\/diarioprincipios.com\\\/?s={search_term_string}\"},\"query-input\":{\"@type\":\"PropertyValueSpecification\",\"valueRequired\":true,\"valueName\":\"search_term_string\"}}],\"inLanguage\":\"es\"},{\"@type\":\"Organization\",\"@id\":\"https:\\\/\\\/diarioprincipios.com\\\/#organization\",\"name\":\"Principios\",\"url\":\"https:\\\/\\\/diarioprincipios.com\\\/\",\"logo\":{\"@type\":\"ImageObject\",\"inLanguage\":\"es\",\"@id\":\"https:\\\/\\\/diarioprincipios.com\\\/#\\\/schema\\\/logo\\\/image\\\/\",\"url\":\"https:\\\/\\\/diarioprincipios.com\\\/wp-content\\\/uploads\\\/2024\\\/04\\\/cropped-www.diarioprincipios.com_-1.png\",\"contentUrl\":\"https:\\\/\\\/diarioprincipios.com\\\/wp-content\\\/uploads\\\/2024\\\/04\\\/cropped-www.diarioprincipios.com_-1.png\",\"width\":5325,\"height\":1454,\"caption\":\"Principios\"},\"image\":{\"@id\":\"https:\\\/\\\/diarioprincipios.com\\\/#\\\/schema\\\/logo\\\/image\\\/\"}},{\"@type\":\"Person\",\"@id\":\"https:\\\/\\\/diarioprincipios.com\\\/#\\\/schema\\\/person\\\/436d5a1fd41a5e250e23ff5a6a7cb080\",\"name\":\"Hern\u00e1n L\u00f3pez\",\"image\":{\"@type\":\"ImageObject\",\"inLanguage\":\"es\",\"@id\":\"https:\\\/\\\/diarioprincipios.com\\\/wp-content\\\/litespeed\\\/avatar\\\/11ddfe5610ff3bd100522525b2571f48.jpg?ver=1777653193\",\"url\":\"https:\\\/\\\/diarioprincipios.com\\\/wp-content\\\/litespeed\\\/avatar\\\/11ddfe5610ff3bd100522525b2571f48.jpg?ver=1777653193\",\"contentUrl\":\"https:\\\/\\\/diarioprincipios.com\\\/wp-content\\\/litespeed\\\/avatar\\\/11ddfe5610ff3bd100522525b2571f48.jpg?ver=1777653193\",\"caption\":\"Hern\u00e1n L\u00f3pez\"},\"url\":\"https:\\\/\\\/diarioprincipios.com\\\/index.php\\\/author\\\/hernan\\\/\"}]}<\/script>\n<!-- \/ Yoast SEO plugin. -->","yoast_head_json":{"title":"Kicillof y Ferraresi inauguraron el Centro Cultural Kirchner, de Isla Maciel - Principios","robots":{"index":"index","follow":"follow","max-snippet":"max-snippet:-1","max-image-preview":"max-image-preview:large","max-video-preview":"max-video-preview:-1"},"canonical":"https:\/\/diarioprincipios.com\/index.php\/2024\/04\/27\/kicillof-y-ferraresi-inauguraron-el-centro-cultural-kirchner-de-isla-maciel\/","og_locale":"es_ES","og_type":"article","og_title":"Kicillof y Ferraresi inauguraron el Centro Cultural Kirchner, de Isla Maciel - Principios","og_description":"A 21 a\u00f1os de la elecci\u00f3n en la que N\u00e9stor Kirchner accedi\u00f3 al ballotage presidencial, se hizo este homenaje del que participaron muchos intendentes bonaerenses, funcionarios del gabinete provincial y la jefa de Gabinete local, Magdalena Sierra. El intendente de Avellaneda, Jorge Ferraresi, recibi\u00f3 al gobernador provincial Axel Kicillof para encabezar la inauguraci\u00f3n del Centro...","og_url":"https:\/\/diarioprincipios.com\/index.php\/2024\/04\/27\/kicillof-y-ferraresi-inauguraron-el-centro-cultural-kirchner-de-isla-maciel\/","og_site_name":"Principios","article_published_time":"2024-04-28T02:03:11+00:00","article_modified_time":"2024-04-28T02:04:42+00:00","og_image":[{"width":1600,"height":1064,"url":"https:\/\/diarioprincipios.com\/wp-content\/uploads\/2024\/04\/GMMbMmCXQAA2Lz-.jpeg","type":"image\/jpeg"}],"author":"Hern\u00e1n L\u00f3pez","twitter_card":"summary_large_image","twitter_misc":{"Escrito por":"Hern\u00e1n L\u00f3pez","Tiempo de lectura":"4 minutos"},"schema":{"@context":"https:\/\/schema.org","@graph":[{"@type":"Article","@id":"https:\/\/diarioprincipios.com\/index.php\/2024\/04\/27\/kicillof-y-ferraresi-inauguraron-el-centro-cultural-kirchner-de-isla-maciel\/#article","isPartOf":{"@id":"https:\/\/diarioprincipios.com\/index.php\/2024\/04\/27\/kicillof-y-ferraresi-inauguraron-el-centro-cultural-kirchner-de-isla-maciel\/"},"author":{"name":"Hern\u00e1n L\u00f3pez","@id":"https:\/\/diarioprincipios.com\/#\/schema\/person\/436d5a1fd41a5e250e23ff5a6a7cb080"},"headline":"Kicillof y Ferraresi inauguraron el Centro Cultural Kirchner, de Isla Maciel","datePublished":"2024-04-28T02:03:11+00:00","dateModified":"2024-04-28T02:04:42+00:00","mainEntityOfPage":{"@id":"https:\/\/diarioprincipios.com\/index.php\/2024\/04\/27\/kicillof-y-ferraresi-inauguraron-el-centro-cultural-kirchner-de-isla-maciel\/"},"wordCount":694,"commentCount":0,"publisher":{"@id":"https:\/\/diarioprincipios.com\/#organization"},"image":{"@id":"https:\/\/diarioprincipios.com\/index.php\/2024\/04\/27\/kicillof-y-ferraresi-inauguraron-el-centro-cultural-kirchner-de-isla-maciel\/#primaryimage"},"thumbnailUrl":"https:\/\/diarioprincipios.com\/wp-content\/uploads\/2024\/04\/GMMbMmCXQAA2Lz-.jpeg","articleSection":["Avellaneda","Zonar Sur"],"inLanguage":"es","potentialAction":[{"@type":"CommentAction","name":"Comment","target":["https:\/\/diarioprincipios.com\/index.php\/2024\/04\/27\/kicillof-y-ferraresi-inauguraron-el-centro-cultural-kirchner-de-isla-maciel\/#respond"]}]},{"@type":"WebPage","@id":"https:\/\/diarioprincipios.com\/index.php\/2024\/04\/27\/kicillof-y-ferraresi-inauguraron-el-centro-cultural-kirchner-de-isla-maciel\/","url":"https:\/\/diarioprincipios.com\/index.php\/2024\/04\/27\/kicillof-y-ferraresi-inauguraron-el-centro-cultural-kirchner-de-isla-maciel\/","name":"Kicillof y Ferraresi inauguraron el Centro Cultural Kirchner, de Isla Maciel - Principios","isPartOf":{"@id":"https:\/\/diarioprincipios.com\/#website"},"primaryImageOfPage":{"@id":"https:\/\/diarioprincipios.com\/index.php\/2024\/04\/27\/kicillof-y-ferraresi-inauguraron-el-centro-cultural-kirchner-de-isla-maciel\/#primaryimage"},"image":{"@id":"https:\/\/diarioprincipios.com\/index.php\/2024\/04\/27\/kicillof-y-ferraresi-inauguraron-el-centro-cultural-kirchner-de-isla-maciel\/#primaryimage"},"thumbnailUrl":"https:\/\/diarioprincipios.com\/wp-content\/uploads\/2024\/04\/GMMbMmCXQAA2Lz-.jpeg","datePublished":"2024-04-28T02:03:11+00:00","dateModified":"2024-04-28T02:04:42+00:00","breadcrumb":{"@id":"https:\/\/diarioprincipios.com\/index.php\/2024\/04\/27\/kicillof-y-ferraresi-inauguraron-el-centro-cultural-kirchner-de-isla-maciel\/#breadcrumb"},"inLanguage":"es","potentialAction":[{"@type":"ReadAction","target":["https:\/\/diarioprincipios.com\/index.php\/2024\/04\/27\/kicillof-y-ferraresi-inauguraron-el-centro-cultural-kirchner-de-isla-maciel\/"]}]},{"@type":"ImageObject","inLanguage":"es","@id":"https:\/\/diarioprincipios.com\/index.php\/2024\/04\/27\/kicillof-y-ferraresi-inauguraron-el-centro-cultural-kirchner-de-isla-maciel\/#primaryimage","url":"https:\/\/diarioprincipios.com\/wp-content\/uploads\/2024\/04\/GMMbMmCXQAA2Lz-.jpeg","contentUrl":"https:\/\/diarioprincipios.com\/wp-content\/uploads\/2024\/04\/GMMbMmCXQAA2Lz-.jpeg","width":1600,"height":1064},{"@type":"BreadcrumbList","@id":"https:\/\/diarioprincipios.com\/index.php\/2024\/04\/27\/kicillof-y-ferraresi-inauguraron-el-centro-cultural-kirchner-de-isla-maciel\/#breadcrumb","itemListElement":[{"@type":"ListItem","position":1,"name":"Portada","item":"https:\/\/diarioprincipios.com\/"},{"@type":"ListItem","position":2,"name":"Kicillof y Ferraresi inauguraron el Centro Cultural Kirchner, de Isla Maciel"}]},{"@type":"WebSite","@id":"https:\/\/diarioprincipios.com\/#website","url":"https:\/\/diarioprincipios.com\/","name":"Principios","description":"Principios Diario","publisher":{"@id":"https:\/\/diarioprincipios.com\/#organization"},"potentialAction":[{"@type":"SearchAction","target":{"@type":"EntryPoint","urlTemplate":"https:\/\/diarioprincipios.com\/?s={search_term_string}"},"query-input":{"@type":"PropertyValueSpecification","valueRequired":true,"valueName":"search_term_string"}}],"inLanguage":"es"},{"@type":"Organization","@id":"https:\/\/diarioprincipios.com\/#organization","name":"Principios","url":"https:\/\/diarioprincipios.com\/","logo":{"@type":"ImageObject","inLanguage":"es","@id":"https:\/\/diarioprincipios.com\/#\/schema\/logo\/image\/","url":"https:\/\/diarioprincipios.com\/wp-content\/uploads\/2024\/04\/cropped-www.diarioprincipios.com_-1.png","contentUrl":"https:\/\/diarioprincipios.com\/wp-content\/uploads\/2024\/04\/cropped-www.diarioprincipios.com_-1.png","width":5325,"height":1454,"caption":"Principios"},"image":{"@id":"https:\/\/diarioprincipios.com\/#\/schema\/logo\/image\/"}},{"@type":"Person","@id":"https:\/\/diarioprincipios.com\/#\/schema\/person\/436d5a1fd41a5e250e23ff5a6a7cb080","name":"Hern\u00e1n L\u00f3pez","image":{"@type":"ImageObject","inLanguage":"es","@id":"https:\/\/diarioprincipios.com\/wp-content\/litespeed\/avatar\/11ddfe5610ff3bd100522525b2571f48.jpg?ver=1777653193","url":"https:\/\/diarioprincipios.com\/wp-content\/litespeed\/avatar\/11ddfe5610ff3bd100522525b2571f48.jpg?ver=1777653193","contentUrl":"https:\/\/diarioprincipios.com\/wp-content\/litespeed\/avatar\/11ddfe5610ff3bd100522525b2571f48.jpg?ver=1777653193","caption":"Hern\u00e1n L\u00f3pez"},"url":"https:\/\/diarioprincipios.com\/index.php\/author\/hernan\/"}]}},"jetpack_featured_media_url":"https:\/\/diarioprincipios.com\/wp-content\/uploads\/2024\/04\/GMMbMmCXQAA2Lz-.jpeg","_links":{"self":[{"href":"https:\/\/diarioprincipios.com\/index.php\/wp-json\/wp\/v2\/posts\/21716","targetHints":{"allow":["GET"]}}],"collection":[{"href":"https:\/\/diarioprincipios.com\/index.php\/wp-json\/wp\/v2\/posts"}],"about":[{"href":"https:\/\/diarioprincipios.com\/index.php\/wp-json\/wp\/v2\/types\/post"}],"author":[{"embeddable":true,"href":"https:\/\/diarioprincipios.com\/index.php\/wp-json\/wp\/v2\/users\/2"}],"replies":[{"embeddable":true,"href":"https:\/\/diarioprincipios.com\/index.php\/wp-json\/wp\/v2\/comments?post=21716"}],"version-history":[{"count":1,"href":"https:\/\/diarioprincipios.com\/index.php\/wp-json\/wp\/v2\/posts\/21716\/revisions"}],"predecessor-version":[{"id":21720,"href":"https:\/\/diarioprincipios.com\/index.php\/wp-json\/wp\/v2\/posts\/21716\/revisions\/21720"}],"wp:featuredmedia":[{"embeddable":true,"href":"https:\/\/diarioprincipios.com\/index.php\/wp-json\/wp\/v2\/media\/21719"}],"wp:attachment":[{"href":"https:\/\/diarioprincipios.com\/index.php\/wp-json\/wp\/v2\/media?parent=21716"}],"wp:term":[{"taxonomy":"category","embeddable":true,"href":"https:\/\/diarioprincipios.com\/index.php\/wp-json\/wp\/v2\/categories?post=21716"},{"taxonomy":"post_tag","embeddable":true,"href":"https:\/\/diarioprincipios.com\/index.php\/wp-json\/wp\/v2\/tags?post=21716"}],"curies":[{"name":"wp","href":"https:\/\/api.w.org\/{rel}","templated":true}]}}