{"id":21682,"date":"2024-04-24T21:18:27","date_gmt":"2024-04-25T00:18:27","guid":{"rendered":"http:\/\/diarioprincipios.com\/?p=21682"},"modified":"2024-04-24T21:18:31","modified_gmt":"2024-04-25T00:18:31","slug":"cristina-kirchner-hablara-en-quilmes-el-sabado","status":"publish","type":"post","link":"https:\/\/diarioprincipios.com\/index.php\/2024\/04\/24\/cristina-kirchner-hablara-en-quilmes-el-sabado\/","title":{"rendered":"Cristina Kirchner hablar\u00e1 en Quilmes el s\u00e1bado"},"content":{"rendered":"\n<p>El pr\u00f3ximo s\u00e1bado 27 de abril a las 16 horas Cristina Fern\u00e1ndez de Kirchner y la intendenta <em>Mayra Mendoza<\/em> inaugurar\u00e1n el Microestadio Presidente N\u00e9stor Kirchner en la ciudad de Quilmes.<\/p>\n\n\n\n<p>La expresidenta\u00a0<strong>Cristina Fern\u00e1ndez de Kirchner<\/strong>\u00a0participar\u00e1 este s\u00e1bado de la inauguraci\u00f3n del microestadio Presidente N\u00e9stor Kirchner, en Quilmes, para\u00a0<strong>reflexionar sobre el \u201cexperimento del anarco-capitalismo y el sacrificio in\u00fatil al que est\u00e1 siendo sometido el pueblo argentino\u201d<\/strong>, inform\u00f3 por redes sociales.<\/p>\n","protected":false},"excerpt":{"rendered":"<p>El pr\u00f3ximo s\u00e1bado 27 de abril a las 16 horas Cristina Fern\u00e1ndez de Kirchner y la intendenta Mayra Mendoza inaugurar\u00e1n el Microestadio Presidente N\u00e9stor Kirchner en la ciudad de Quilmes. La expresidenta\u00a0Cristina Fern\u00e1ndez de Kirchner\u00a0participar\u00e1 este s\u00e1bado de la inauguraci\u00f3n del microestadio Presidente N\u00e9stor Kirchner, en Quilmes, para\u00a0reflexionar sobre el \u201cexperimento del anarco-capitalismo y el&#8230;<\/p>\n","protected":false},"author":2,"featured_media":21683,"comment_status":"open","ping_status":"open","sticky":false,"template":"","format":"standard","meta":{"footnotes":""},"categories":[4,17],"tags":[],"class_list":["post-21682","post","type-post","status-publish","format-standard","has-post-thumbnail","hentry","category-quilmes","category-zona-sur"],"featured_image_src":"https:\/\/diarioprincipios.com\/wp-content\/uploads\/2024\/04\/cristina-kirchner-cfk-8493-728x728-1.webp","blog_images":{"medium":"https:\/\/diarioprincipios.com\/wp-content\/uploads\/2024\/04\/cristina-kirchner-cfk-8493-728x728-1-300x300.webp","large":"https:\/\/diarioprincipios.com\/wp-content\/uploads\/2024\/04\/cristina-kirchner-cfk-8493-728x728-1.webp"},"ams_acf":[],"yoast_head":"<!-- This site is optimized with the Yoast SEO plugin v27.3 - https:\/\/yoast.com\/product\/yoast-seo-wordpress\/ -->\n<title>Cristina Kirchner hablar\u00e1 en Quilmes el s\u00e1bado - Principios<\/title>\n<meta name=\"robots\" content=\"index, follow, max-snippet:-1, max-image-preview:large, max-video-preview:-1\" \/>\n<link rel=\"canonical\" href=\"https:\/\/diarioprincipios.com\/index.php\/2024\/04\/24\/cristina-kirchner-hablara-en-quilmes-el-sabado\/\" \/>\n<meta property=\"og:locale\" content=\"es_ES\" \/>\n<meta property=\"og:type\" content=\"article\" \/>\n<meta property=\"og:title\" content=\"Cristina Kirchner hablar\u00e1 en Quilmes el s\u00e1bado - Principios\" \/>\n<meta property=\"og:description\" content=\"El pr\u00f3ximo s\u00e1bado 27 de abril a las 16 horas Cristina Fern\u00e1ndez de Kirchner y la intendenta Mayra Mendoza inaugurar\u00e1n el Microestadio Presidente N\u00e9stor Kirchner en la ciudad de Quilmes. La expresidenta\u00a0Cristina Fern\u00e1ndez de Kirchner\u00a0participar\u00e1 este s\u00e1bado de la inauguraci\u00f3n del microestadio Presidente N\u00e9stor Kirchner, en Quilmes, para\u00a0reflexionar sobre el \u201cexperimento del anarco-capitalismo y el...\" \/>\n<meta property=\"og:url\" content=\"https:\/\/diarioprincipios.com\/index.php\/2024\/04\/24\/cristina-kirchner-hablara-en-quilmes-el-sabado\/\" \/>\n<meta property=\"og:site_name\" content=\"Principios\" \/>\n<meta property=\"article:published_time\" content=\"2024-04-25T00:18:27+00:00\" \/>\n<meta property=\"article:modified_time\" content=\"2024-04-25T00:18:31+00:00\" \/>\n<meta property=\"og:image\" content=\"https:\/\/diarioprincipios.com\/wp-content\/uploads\/2024\/04\/cristina-kirchner-cfk-8493-728x728-1.webp\" \/>\n\t<meta property=\"og:image:width\" content=\"728\" \/>\n\t<meta property=\"og:image:height\" content=\"728\" \/>\n\t<meta property=\"og:image:type\" content=\"image\/webp\" \/>\n<meta name=\"author\" content=\"Hern\u00e1n L\u00f3pez\" \/>\n<meta name=\"twitter:card\" content=\"summary_large_image\" \/>\n<meta name=\"twitter:label1\" content=\"Escrito por\" \/>\n\t<meta name=\"twitter:data1\" content=\"Hern\u00e1n L\u00f3pez\" \/>\n\t<meta name=\"twitter:label2\" content=\"Tiempo de lectura\" \/>\n\t<meta name=\"twitter:data2\" content=\"1 minuto\" \/>\n<script type=\"application\/ld+json\" class=\"yoast-schema-graph\">{\"@context\":\"https:\\\/\\\/schema.org\",\"@graph\":[{\"@type\":\"Article\",\"@id\":\"https:\\\/\\\/diarioprincipios.com\\\/index.php\\\/2024\\\/04\\\/24\\\/cristina-kirchner-hablara-en-quilmes-el-sabado\\\/#article\",\"isPartOf\":{\"@id\":\"https:\\\/\\\/diarioprincipios.com\\\/index.php\\\/2024\\\/04\\\/24\\\/cristina-kirchner-hablara-en-quilmes-el-sabado\\\/\"},\"author\":{\"name\":\"Hern\u00e1n L\u00f3pez\",\"@id\":\"https:\\\/\\\/diarioprincipios.com\\\/#\\\/schema\\\/person\\\/436d5a1fd41a5e250e23ff5a6a7cb080\"},\"headline\":\"Cristina Kirchner hablar\u00e1 en Quilmes el s\u00e1bado\",\"datePublished\":\"2024-04-25T00:18:27+00:00\",\"dateModified\":\"2024-04-25T00:18:31+00:00\",\"mainEntityOfPage\":{\"@id\":\"https:\\\/\\\/diarioprincipios.com\\\/index.php\\\/2024\\\/04\\\/24\\\/cristina-kirchner-hablara-en-quilmes-el-sabado\\\/\"},\"wordCount\":88,\"commentCount\":0,\"publisher\":{\"@id\":\"https:\\\/\\\/diarioprincipios.com\\\/#organization\"},\"image\":{\"@id\":\"https:\\\/\\\/diarioprincipios.com\\\/index.php\\\/2024\\\/04\\\/24\\\/cristina-kirchner-hablara-en-quilmes-el-sabado\\\/#primaryimage\"},\"thumbnailUrl\":\"https:\\\/\\\/diarioprincipios.com\\\/wp-content\\\/uploads\\\/2024\\\/04\\\/cristina-kirchner-cfk-8493-728x728-1.webp\",\"articleSection\":[\"Quilmes\",\"Zonar Sur\"],\"inLanguage\":\"es\",\"potentialAction\":[{\"@type\":\"CommentAction\",\"name\":\"Comment\",\"target\":[\"https:\\\/\\\/diarioprincipios.com\\\/index.php\\\/2024\\\/04\\\/24\\\/cristina-kirchner-hablara-en-quilmes-el-sabado\\\/#respond\"]}]},{\"@type\":\"WebPage\",\"@id\":\"https:\\\/\\\/diarioprincipios.com\\\/index.php\\\/2024\\\/04\\\/24\\\/cristina-kirchner-hablara-en-quilmes-el-sabado\\\/\",\"url\":\"https:\\\/\\\/diarioprincipios.com\\\/index.php\\\/2024\\\/04\\\/24\\\/cristina-kirchner-hablara-en-quilmes-el-sabado\\\/\",\"name\":\"Cristina Kirchner hablar\u00e1 en Quilmes el s\u00e1bado - Principios\",\"isPartOf\":{\"@id\":\"https:\\\/\\\/diarioprincipios.com\\\/#website\"},\"primaryImageOfPage\":{\"@id\":\"https:\\\/\\\/diarioprincipios.com\\\/index.php\\\/2024\\\/04\\\/24\\\/cristina-kirchner-hablara-en-quilmes-el-sabado\\\/#primaryimage\"},\"image\":{\"@id\":\"https:\\\/\\\/diarioprincipios.com\\\/index.php\\\/2024\\\/04\\\/24\\\/cristina-kirchner-hablara-en-quilmes-el-sabado\\\/#primaryimage\"},\"thumbnailUrl\":\"https:\\\/\\\/diarioprincipios.com\\\/wp-content\\\/uploads\\\/2024\\\/04\\\/cristina-kirchner-cfk-8493-728x728-1.webp\",\"datePublished\":\"2024-04-25T00:18:27+00:00\",\"dateModified\":\"2024-04-25T00:18:31+00:00\",\"breadcrumb\":{\"@id\":\"https:\\\/\\\/diarioprincipios.com\\\/index.php\\\/2024\\\/04\\\/24\\\/cristina-kirchner-hablara-en-quilmes-el-sabado\\\/#breadcrumb\"},\"inLanguage\":\"es\",\"potentialAction\":[{\"@type\":\"ReadAction\",\"target\":[\"https:\\\/\\\/diarioprincipios.com\\\/index.php\\\/2024\\\/04\\\/24\\\/cristina-kirchner-hablara-en-quilmes-el-sabado\\\/\"]}]},{\"@type\":\"ImageObject\",\"inLanguage\":\"es\",\"@id\":\"https:\\\/\\\/diarioprincipios.com\\\/index.php\\\/2024\\\/04\\\/24\\\/cristina-kirchner-hablara-en-quilmes-el-sabado\\\/#primaryimage\",\"url\":\"https:\\\/\\\/diarioprincipios.com\\\/wp-content\\\/uploads\\\/2024\\\/04\\\/cristina-kirchner-cfk-8493-728x728-1.webp\",\"contentUrl\":\"https:\\\/\\\/diarioprincipios.com\\\/wp-content\\\/uploads\\\/2024\\\/04\\\/cristina-kirchner-cfk-8493-728x728-1.webp\",\"width\":728,\"height\":728},{\"@type\":\"BreadcrumbList\",\"@id\":\"https:\\\/\\\/diarioprincipios.com\\\/index.php\\\/2024\\\/04\\\/24\\\/cristina-kirchner-hablara-en-quilmes-el-sabado\\\/#breadcrumb\",\"itemListElement\":[{\"@type\":\"ListItem\",\"position\":1,\"name\":\"Portada\",\"item\":\"https:\\\/\\\/diarioprincipios.com\\\/\"},{\"@type\":\"ListItem\",\"position\":2,\"name\":\"Cristina Kirchner hablar\u00e1 en Quilmes el s\u00e1bado\"}]},{\"@type\":\"WebSite\",\"@id\":\"https:\\\/\\\/diarioprincipios.com\\\/#website\",\"url\":\"https:\\\/\\\/diarioprincipios.com\\\/\",\"name\":\"Principios\",\"description\":\"Principios Diario\",\"publisher\":{\"@id\":\"https:\\\/\\\/diarioprincipios.com\\\/#organization\"},\"potentialAction\":[{\"@type\":\"SearchAction\",\"target\":{\"@type\":\"EntryPoint\",\"urlTemplate\":\"https:\\\/\\\/diarioprincipios.com\\\/?s={search_term_string}\"},\"query-input\":{\"@type\":\"PropertyValueSpecification\",\"valueRequired\":true,\"valueName\":\"search_term_string\"}}],\"inLanguage\":\"es\"},{\"@type\":\"Organization\",\"@id\":\"https:\\\/\\\/diarioprincipios.com\\\/#organization\",\"name\":\"Principios\",\"url\":\"https:\\\/\\\/diarioprincipios.com\\\/\",\"logo\":{\"@type\":\"ImageObject\",\"inLanguage\":\"es\",\"@id\":\"https:\\\/\\\/diarioprincipios.com\\\/#\\\/schema\\\/logo\\\/image\\\/\",\"url\":\"https:\\\/\\\/diarioprincipios.com\\\/wp-content\\\/uploads\\\/2024\\\/04\\\/cropped-www.diarioprincipios.com_-1.png\",\"contentUrl\":\"https:\\\/\\\/diarioprincipios.com\\\/wp-content\\\/uploads\\\/2024\\\/04\\\/cropped-www.diarioprincipios.com_-1.png\",\"width\":5325,\"height\":1454,\"caption\":\"Principios\"},\"image\":{\"@id\":\"https:\\\/\\\/diarioprincipios.com\\\/#\\\/schema\\\/logo\\\/image\\\/\"}},{\"@type\":\"Person\",\"@id\":\"https:\\\/\\\/diarioprincipios.com\\\/#\\\/schema\\\/person\\\/436d5a1fd41a5e250e23ff5a6a7cb080\",\"name\":\"Hern\u00e1n L\u00f3pez\",\"image\":{\"@type\":\"ImageObject\",\"inLanguage\":\"es\",\"@id\":\"https:\\\/\\\/diarioprincipios.com\\\/wp-content\\\/litespeed\\\/avatar\\\/11ddfe5610ff3bd100522525b2571f48.jpg?ver=1777048341\",\"url\":\"https:\\\/\\\/diarioprincipios.com\\\/wp-content\\\/litespeed\\\/avatar\\\/11ddfe5610ff3bd100522525b2571f48.jpg?ver=1777048341\",\"contentUrl\":\"https:\\\/\\\/diarioprincipios.com\\\/wp-content\\\/litespeed\\\/avatar\\\/11ddfe5610ff3bd100522525b2571f48.jpg?ver=1777048341\",\"caption\":\"Hern\u00e1n L\u00f3pez\"},\"url\":\"https:\\\/\\\/diarioprincipios.com\\\/index.php\\\/author\\\/hernan\\\/\"}]}<\/script>\n<!-- \/ Yoast SEO plugin. -->","yoast_head_json":{"title":"Cristina Kirchner hablar\u00e1 en Quilmes el s\u00e1bado - Principios","robots":{"index":"index","follow":"follow","max-snippet":"max-snippet:-1","max-image-preview":"max-image-preview:large","max-video-preview":"max-video-preview:-1"},"canonical":"https:\/\/diarioprincipios.com\/index.php\/2024\/04\/24\/cristina-kirchner-hablara-en-quilmes-el-sabado\/","og_locale":"es_ES","og_type":"article","og_title":"Cristina Kirchner hablar\u00e1 en Quilmes el s\u00e1bado - Principios","og_description":"El pr\u00f3ximo s\u00e1bado 27 de abril a las 16 horas Cristina Fern\u00e1ndez de Kirchner y la intendenta Mayra Mendoza inaugurar\u00e1n el Microestadio Presidente N\u00e9stor Kirchner en la ciudad de Quilmes. La expresidenta\u00a0Cristina Fern\u00e1ndez de Kirchner\u00a0participar\u00e1 este s\u00e1bado de la inauguraci\u00f3n del microestadio Presidente N\u00e9stor Kirchner, en Quilmes, para\u00a0reflexionar sobre el \u201cexperimento del anarco-capitalismo y el...","og_url":"https:\/\/diarioprincipios.com\/index.php\/2024\/04\/24\/cristina-kirchner-hablara-en-quilmes-el-sabado\/","og_site_name":"Principios","article_published_time":"2024-04-25T00:18:27+00:00","article_modified_time":"2024-04-25T00:18:31+00:00","og_image":[{"width":728,"height":728,"url":"https:\/\/diarioprincipios.com\/wp-content\/uploads\/2024\/04\/cristina-kirchner-cfk-8493-728x728-1.webp","type":"image\/webp"}],"author":"Hern\u00e1n L\u00f3pez","twitter_card":"summary_large_image","twitter_misc":{"Escrito por":"Hern\u00e1n L\u00f3pez","Tiempo de lectura":"1 minuto"},"schema":{"@context":"https:\/\/schema.org","@graph":[{"@type":"Article","@id":"https:\/\/diarioprincipios.com\/index.php\/2024\/04\/24\/cristina-kirchner-hablara-en-quilmes-el-sabado\/#article","isPartOf":{"@id":"https:\/\/diarioprincipios.com\/index.php\/2024\/04\/24\/cristina-kirchner-hablara-en-quilmes-el-sabado\/"},"author":{"name":"Hern\u00e1n L\u00f3pez","@id":"https:\/\/diarioprincipios.com\/#\/schema\/person\/436d5a1fd41a5e250e23ff5a6a7cb080"},"headline":"Cristina Kirchner hablar\u00e1 en Quilmes el s\u00e1bado","datePublished":"2024-04-25T00:18:27+00:00","dateModified":"2024-04-25T00:18:31+00:00","mainEntityOfPage":{"@id":"https:\/\/diarioprincipios.com\/index.php\/2024\/04\/24\/cristina-kirchner-hablara-en-quilmes-el-sabado\/"},"wordCount":88,"commentCount":0,"publisher":{"@id":"https:\/\/diarioprincipios.com\/#organization"},"image":{"@id":"https:\/\/diarioprincipios.com\/index.php\/2024\/04\/24\/cristina-kirchner-hablara-en-quilmes-el-sabado\/#primaryimage"},"thumbnailUrl":"https:\/\/diarioprincipios.com\/wp-content\/uploads\/2024\/04\/cristina-kirchner-cfk-8493-728x728-1.webp","articleSection":["Quilmes","Zonar Sur"],"inLanguage":"es","potentialAction":[{"@type":"CommentAction","name":"Comment","target":["https:\/\/diarioprincipios.com\/index.php\/2024\/04\/24\/cristina-kirchner-hablara-en-quilmes-el-sabado\/#respond"]}]},{"@type":"WebPage","@id":"https:\/\/diarioprincipios.com\/index.php\/2024\/04\/24\/cristina-kirchner-hablara-en-quilmes-el-sabado\/","url":"https:\/\/diarioprincipios.com\/index.php\/2024\/04\/24\/cristina-kirchner-hablara-en-quilmes-el-sabado\/","name":"Cristina Kirchner hablar\u00e1 en Quilmes el s\u00e1bado - Principios","isPartOf":{"@id":"https:\/\/diarioprincipios.com\/#website"},"primaryImageOfPage":{"@id":"https:\/\/diarioprincipios.com\/index.php\/2024\/04\/24\/cristina-kirchner-hablara-en-quilmes-el-sabado\/#primaryimage"},"image":{"@id":"https:\/\/diarioprincipios.com\/index.php\/2024\/04\/24\/cristina-kirchner-hablara-en-quilmes-el-sabado\/#primaryimage"},"thumbnailUrl":"https:\/\/diarioprincipios.com\/wp-content\/uploads\/2024\/04\/cristina-kirchner-cfk-8493-728x728-1.webp","datePublished":"2024-04-25T00:18:27+00:00","dateModified":"2024-04-25T00:18:31+00:00","breadcrumb":{"@id":"https:\/\/diarioprincipios.com\/index.php\/2024\/04\/24\/cristina-kirchner-hablara-en-quilmes-el-sabado\/#breadcrumb"},"inLanguage":"es","potentialAction":[{"@type":"ReadAction","target":["https:\/\/diarioprincipios.com\/index.php\/2024\/04\/24\/cristina-kirchner-hablara-en-quilmes-el-sabado\/"]}]},{"@type":"ImageObject","inLanguage":"es","@id":"https:\/\/diarioprincipios.com\/index.php\/2024\/04\/24\/cristina-kirchner-hablara-en-quilmes-el-sabado\/#primaryimage","url":"https:\/\/diarioprincipios.com\/wp-content\/uploads\/2024\/04\/cristina-kirchner-cfk-8493-728x728-1.webp","contentUrl":"https:\/\/diarioprincipios.com\/wp-content\/uploads\/2024\/04\/cristina-kirchner-cfk-8493-728x728-1.webp","width":728,"height":728},{"@type":"BreadcrumbList","@id":"https:\/\/diarioprincipios.com\/index.php\/2024\/04\/24\/cristina-kirchner-hablara-en-quilmes-el-sabado\/#breadcrumb","itemListElement":[{"@type":"ListItem","position":1,"name":"Portada","item":"https:\/\/diarioprincipios.com\/"},{"@type":"ListItem","position":2,"name":"Cristina Kirchner hablar\u00e1 en Quilmes el s\u00e1bado"}]},{"@type":"WebSite","@id":"https:\/\/diarioprincipios.com\/#website","url":"https:\/\/diarioprincipios.com\/","name":"Principios","description":"Principios Diario","publisher":{"@id":"https:\/\/diarioprincipios.com\/#organization"},"potentialAction":[{"@type":"SearchAction","target":{"@type":"EntryPoint","urlTemplate":"https:\/\/diarioprincipios.com\/?s={search_term_string}"},"query-input":{"@type":"PropertyValueSpecification","valueRequired":true,"valueName":"search_term_string"}}],"inLanguage":"es"},{"@type":"Organization","@id":"https:\/\/diarioprincipios.com\/#organization","name":"Principios","url":"https:\/\/diarioprincipios.com\/","logo":{"@type":"ImageObject","inLanguage":"es","@id":"https:\/\/diarioprincipios.com\/#\/schema\/logo\/image\/","url":"https:\/\/diarioprincipios.com\/wp-content\/uploads\/2024\/04\/cropped-www.diarioprincipios.com_-1.png","contentUrl":"https:\/\/diarioprincipios.com\/wp-content\/uploads\/2024\/04\/cropped-www.diarioprincipios.com_-1.png","width":5325,"height":1454,"caption":"Principios"},"image":{"@id":"https:\/\/diarioprincipios.com\/#\/schema\/logo\/image\/"}},{"@type":"Person","@id":"https:\/\/diarioprincipios.com\/#\/schema\/person\/436d5a1fd41a5e250e23ff5a6a7cb080","name":"Hern\u00e1n L\u00f3pez","image":{"@type":"ImageObject","inLanguage":"es","@id":"https:\/\/diarioprincipios.com\/wp-content\/litespeed\/avatar\/11ddfe5610ff3bd100522525b2571f48.jpg?ver=1777048341","url":"https:\/\/diarioprincipios.com\/wp-content\/litespeed\/avatar\/11ddfe5610ff3bd100522525b2571f48.jpg?ver=1777048341","contentUrl":"https:\/\/diarioprincipios.com\/wp-content\/litespeed\/avatar\/11ddfe5610ff3bd100522525b2571f48.jpg?ver=1777048341","caption":"Hern\u00e1n L\u00f3pez"},"url":"https:\/\/diarioprincipios.com\/index.php\/author\/hernan\/"}]}},"jetpack_featured_media_url":"https:\/\/diarioprincipios.com\/wp-content\/uploads\/2024\/04\/cristina-kirchner-cfk-8493-728x728-1.webp","_links":{"self":[{"href":"https:\/\/diarioprincipios.com\/index.php\/wp-json\/wp\/v2\/posts\/21682","targetHints":{"allow":["GET"]}}],"collection":[{"href":"https:\/\/diarioprincipios.com\/index.php\/wp-json\/wp\/v2\/posts"}],"about":[{"href":"https:\/\/diarioprincipios.com\/index.php\/wp-json\/wp\/v2\/types\/post"}],"author":[{"embeddable":true,"href":"https:\/\/diarioprincipios.com\/index.php\/wp-json\/wp\/v2\/users\/2"}],"replies":[{"embeddable":true,"href":"https:\/\/diarioprincipios.com\/index.php\/wp-json\/wp\/v2\/comments?post=21682"}],"version-history":[{"count":1,"href":"https:\/\/diarioprincipios.com\/index.php\/wp-json\/wp\/v2\/posts\/21682\/revisions"}],"predecessor-version":[{"id":21684,"href":"https:\/\/diarioprincipios.com\/index.php\/wp-json\/wp\/v2\/posts\/21682\/revisions\/21684"}],"wp:featuredmedia":[{"embeddable":true,"href":"https:\/\/diarioprincipios.com\/index.php\/wp-json\/wp\/v2\/media\/21683"}],"wp:attachment":[{"href":"https:\/\/diarioprincipios.com\/index.php\/wp-json\/wp\/v2\/media?parent=21682"}],"wp:term":[{"taxonomy":"category","embeddable":true,"href":"https:\/\/diarioprincipios.com\/index.php\/wp-json\/wp\/v2\/categories?post=21682"},{"taxonomy":"post_tag","embeddable":true,"href":"https:\/\/diarioprincipios.com\/index.php\/wp-json\/wp\/v2\/tags?post=21682"}],"curies":[{"name":"wp","href":"https:\/\/api.w.org\/{rel}","templated":true}]}}