{"id":21674,"date":"2024-04-24T14:33:12","date_gmt":"2024-04-24T17:33:12","guid":{"rendered":"http:\/\/diarioprincipios.com\/?p=21674"},"modified":"2024-04-24T14:33:14","modified_gmt":"2024-04-24T17:33:14","slug":"mussi-en-el-encuentro-de-cooperadores-escolares-de-berazategui","status":"publish","type":"post","link":"https:\/\/diarioprincipios.com\/index.php\/2024\/04\/24\/mussi-en-el-encuentro-de-cooperadores-escolares-de-berazategui\/","title":{"rendered":"Mussi en el Encuentro de Cooperadores Escolares de Berazategui"},"content":{"rendered":"\n<p><strong>Se realiz\u00f3 un encuentro de cooperadores escolares, destinado a todos los establecimientos educativos de Berazategui. El intendente Juan Jos\u00e9 Mussi encabez\u00f3 el acto de apertura en el Centro Municipal de Actividades Roberto De Vicenzo. La jornada continu\u00f3 con talleres y capacitaciones para los directivos, docentes y cooperadores que participaron.<\/strong><br>El encuentro se dividi\u00f3 en cuatro grupos de trabajo: escuelas con cooperadoras activas, para preparar la Asamblea Ordinaria 2024 e informaci\u00f3n sobre tr\u00e1mites bancarios y AFIP; establecimientos que necesitan reorganizar sus cooperadoras; aquellos que necesitan conformarlas; y, por \u00faltimo, un taller para asesores.<\/p>\n\n\n\n<figure class=\"wp-block-image size-large\"><img loading=\"lazy\" decoding=\"async\" width=\"1024\" height=\"683\" src=\"https:\/\/diarioprincipios.com\/wp-content\/uploads\/2024\/04\/MUSSI-EN-EL-ENCUENTRO-DE-COOPERADORES-ESCOLARES-DE-BERAZATEGUI-1024x683.jpg\" alt=\"\" class=\"wp-image-21675\" srcset=\"https:\/\/diarioprincipios.com\/wp-content\/uploads\/2024\/04\/MUSSI-EN-EL-ENCUENTRO-DE-COOPERADORES-ESCOLARES-DE-BERAZATEGUI-1024x683.jpg 1024w, https:\/\/diarioprincipios.com\/wp-content\/uploads\/2024\/04\/MUSSI-EN-EL-ENCUENTRO-DE-COOPERADORES-ESCOLARES-DE-BERAZATEGUI-300x200.jpg 300w, https:\/\/diarioprincipios.com\/wp-content\/uploads\/2024\/04\/MUSSI-EN-EL-ENCUENTRO-DE-COOPERADORES-ESCOLARES-DE-BERAZATEGUI-768x512.jpg 768w, https:\/\/diarioprincipios.com\/wp-content\/uploads\/2024\/04\/MUSSI-EN-EL-ENCUENTRO-DE-COOPERADORES-ESCOLARES-DE-BERAZATEGUI-1536x1024.jpg 1536w, https:\/\/diarioprincipios.com\/wp-content\/uploads\/2024\/04\/MUSSI-EN-EL-ENCUENTRO-DE-COOPERADORES-ESCOLARES-DE-BERAZATEGUI-600x400.jpg 600w, https:\/\/diarioprincipios.com\/wp-content\/uploads\/2024\/04\/MUSSI-EN-EL-ENCUENTRO-DE-COOPERADORES-ESCOLARES-DE-BERAZATEGUI.jpg 1920w\" sizes=\"auto, (max-width: 1024px) 100vw, 1024px\" \/><\/figure>\n\n\n\n<p><br>En este marco, Mussi expres\u00f3: \u201cA veces me cruzo con directoras que me dicen muy contentas \u2018tenemos una cooperadora escolar b\u00e1rbara\u201d. Esto es fundamental, porque son un mecanismo de defensa especial de la educaci\u00f3n p\u00fablica, gratuita, igualitaria y abierta a todos los sectores de la sociedad. Les agradezco por lo que hacen y les pido que no aflojen\u201d.<br>En tanto, el presidente del Consejo Escolar, Fernando Cardozo, asegur\u00f3: \u201cMi agradecimiento a las cooperadoras es por su compromiso, por estar todos los d\u00edas apoyando y ayudando a la escuela p\u00fablica y la educaci\u00f3n de nuestros pibes. Nos enorgullece el trabajo que hacen en Berazategui\u201d.<\/p>\n\n\n\n<figure class=\"wp-block-image size-large\"><img loading=\"lazy\" decoding=\"async\" width=\"1024\" height=\"683\" src=\"https:\/\/diarioprincipios.com\/wp-content\/uploads\/2024\/04\/MUSSI-EN-EL-ENCUENTRO-DE-COOPERADORES-ESCOLARES-DE-BERAZATEGUI2-1-1024x683.jpg\" alt=\"\" class=\"wp-image-21677\" srcset=\"https:\/\/diarioprincipios.com\/wp-content\/uploads\/2024\/04\/MUSSI-EN-EL-ENCUENTRO-DE-COOPERADORES-ESCOLARES-DE-BERAZATEGUI2-1-1024x683.jpg 1024w, https:\/\/diarioprincipios.com\/wp-content\/uploads\/2024\/04\/MUSSI-EN-EL-ENCUENTRO-DE-COOPERADORES-ESCOLARES-DE-BERAZATEGUI2-1-300x200.jpg 300w, https:\/\/diarioprincipios.com\/wp-content\/uploads\/2024\/04\/MUSSI-EN-EL-ENCUENTRO-DE-COOPERADORES-ESCOLARES-DE-BERAZATEGUI2-1-768x512.jpg 768w, https:\/\/diarioprincipios.com\/wp-content\/uploads\/2024\/04\/MUSSI-EN-EL-ENCUENTRO-DE-COOPERADORES-ESCOLARES-DE-BERAZATEGUI2-1-1536x1024.jpg 1536w, https:\/\/diarioprincipios.com\/wp-content\/uploads\/2024\/04\/MUSSI-EN-EL-ENCUENTRO-DE-COOPERADORES-ESCOLARES-DE-BERAZATEGUI2-1-600x400.jpg 600w, https:\/\/diarioprincipios.com\/wp-content\/uploads\/2024\/04\/MUSSI-EN-EL-ENCUENTRO-DE-COOPERADORES-ESCOLARES-DE-BERAZATEGUI2-1.jpg 1920w\" sizes=\"auto, (max-width: 1024px) 100vw, 1024px\" \/><\/figure>\n\n\n\n<p><br>La actividad tambi\u00e9n cont\u00f3 con la presencia del secretario de Cultura y Educaci\u00f3n de la Municipalidad, Federico L\u00f3pez; adem\u00e1s de la directora provincial de Cooperaci\u00f3n Escolar, Rosana Merlos; y la subdirectora, Mar\u00eda Jos\u00e9 Parejo, quienes estuvieron a cargo de los grupos de trabajo.<\/p>\n","protected":false},"excerpt":{"rendered":"<p>Se realiz\u00f3 un encuentro de cooperadores escolares, destinado a todos los establecimientos educativos de Berazategui. El intendente Juan Jos\u00e9 Mussi encabez\u00f3 el acto de apertura en el Centro Municipal de Actividades Roberto De Vicenzo. La jornada continu\u00f3 con talleres y capacitaciones para los directivos, docentes y cooperadores que participaron.El encuentro se dividi\u00f3 en cuatro grupos&#8230;<\/p>\n","protected":false},"author":2,"featured_media":21678,"comment_status":"open","ping_status":"open","sticky":false,"template":"","format":"standard","meta":{"footnotes":""},"categories":[3,19],"tags":[],"class_list":["post-21674","post","type-post","status-publish","format-standard","has-post-thumbnail","hentry","category-berazategui","category-cultura-educacion"],"featured_image_src":"https:\/\/diarioprincipios.com\/wp-content\/uploads\/2024\/04\/MUSSI-EN-EL-ENCUENTRO-DE-COOPERADORES-ESCOLARES-DE-BERAZATEGUI1-1-1-1024x683.jpg","blog_images":{"medium":"https:\/\/diarioprincipios.com\/wp-content\/uploads\/2024\/04\/MUSSI-EN-EL-ENCUENTRO-DE-COOPERADORES-ESCOLARES-DE-BERAZATEGUI1-1-1-300x200.jpg","large":"https:\/\/diarioprincipios.com\/wp-content\/uploads\/2024\/04\/MUSSI-EN-EL-ENCUENTRO-DE-COOPERADORES-ESCOLARES-DE-BERAZATEGUI1-1-1-1024x683.jpg"},"ams_acf":[],"yoast_head":"<!-- This site is optimized with the Yoast SEO plugin v27.3 - https:\/\/yoast.com\/product\/yoast-seo-wordpress\/ -->\n<title>Mussi en el Encuentro de Cooperadores Escolares de Berazategui - Principios<\/title>\n<meta name=\"robots\" content=\"index, follow, max-snippet:-1, max-image-preview:large, max-video-preview:-1\" \/>\n<link rel=\"canonical\" href=\"https:\/\/diarioprincipios.com\/index.php\/2024\/04\/24\/mussi-en-el-encuentro-de-cooperadores-escolares-de-berazategui\/\" \/>\n<meta property=\"og:locale\" content=\"es_ES\" \/>\n<meta property=\"og:type\" content=\"article\" \/>\n<meta property=\"og:title\" content=\"Mussi en el Encuentro de Cooperadores Escolares de Berazategui - Principios\" \/>\n<meta property=\"og:description\" content=\"Se realiz\u00f3 un encuentro de cooperadores escolares, destinado a todos los establecimientos educativos de Berazategui. El intendente Juan Jos\u00e9 Mussi encabez\u00f3 el acto de apertura en el Centro Municipal de Actividades Roberto De Vicenzo. La jornada continu\u00f3 con talleres y capacitaciones para los directivos, docentes y cooperadores que participaron.El encuentro se dividi\u00f3 en cuatro grupos...\" \/>\n<meta property=\"og:url\" content=\"https:\/\/diarioprincipios.com\/index.php\/2024\/04\/24\/mussi-en-el-encuentro-de-cooperadores-escolares-de-berazategui\/\" \/>\n<meta property=\"og:site_name\" content=\"Principios\" \/>\n<meta property=\"article:published_time\" content=\"2024-04-24T17:33:12+00:00\" \/>\n<meta property=\"article:modified_time\" content=\"2024-04-24T17:33:14+00:00\" \/>\n<meta property=\"og:image\" content=\"https:\/\/diarioprincipios.com\/wp-content\/uploads\/2024\/04\/MUSSI-EN-EL-ENCUENTRO-DE-COOPERADORES-ESCOLARES-DE-BERAZATEGUI1-1-1.jpg\" \/>\n\t<meta property=\"og:image:width\" content=\"1920\" \/>\n\t<meta property=\"og:image:height\" content=\"1280\" \/>\n\t<meta property=\"og:image:type\" content=\"image\/jpeg\" \/>\n<meta name=\"author\" content=\"Hern\u00e1n L\u00f3pez\" \/>\n<meta name=\"twitter:card\" content=\"summary_large_image\" \/>\n<meta name=\"twitter:label1\" content=\"Escrito por\" \/>\n\t<meta name=\"twitter:data1\" content=\"Hern\u00e1n L\u00f3pez\" \/>\n\t<meta name=\"twitter:label2\" content=\"Tiempo de lectura\" \/>\n\t<meta name=\"twitter:data2\" content=\"2 minutos\" \/>\n<script type=\"application\/ld+json\" class=\"yoast-schema-graph\">{\"@context\":\"https:\\\/\\\/schema.org\",\"@graph\":[{\"@type\":\"Article\",\"@id\":\"https:\\\/\\\/diarioprincipios.com\\\/index.php\\\/2024\\\/04\\\/24\\\/mussi-en-el-encuentro-de-cooperadores-escolares-de-berazategui\\\/#article\",\"isPartOf\":{\"@id\":\"https:\\\/\\\/diarioprincipios.com\\\/index.php\\\/2024\\\/04\\\/24\\\/mussi-en-el-encuentro-de-cooperadores-escolares-de-berazategui\\\/\"},\"author\":{\"name\":\"Hern\u00e1n L\u00f3pez\",\"@id\":\"https:\\\/\\\/diarioprincipios.com\\\/#\\\/schema\\\/person\\\/436d5a1fd41a5e250e23ff5a6a7cb080\"},\"headline\":\"Mussi en el Encuentro de Cooperadores Escolares de Berazategui\",\"datePublished\":\"2024-04-24T17:33:12+00:00\",\"dateModified\":\"2024-04-24T17:33:14+00:00\",\"mainEntityOfPage\":{\"@id\":\"https:\\\/\\\/diarioprincipios.com\\\/index.php\\\/2024\\\/04\\\/24\\\/mussi-en-el-encuentro-de-cooperadores-escolares-de-berazategui\\\/\"},\"wordCount\":260,\"commentCount\":0,\"publisher\":{\"@id\":\"https:\\\/\\\/diarioprincipios.com\\\/#organization\"},\"image\":{\"@id\":\"https:\\\/\\\/diarioprincipios.com\\\/index.php\\\/2024\\\/04\\\/24\\\/mussi-en-el-encuentro-de-cooperadores-escolares-de-berazategui\\\/#primaryimage\"},\"thumbnailUrl\":\"https:\\\/\\\/diarioprincipios.com\\\/wp-content\\\/uploads\\\/2024\\\/04\\\/MUSSI-EN-EL-ENCUENTRO-DE-COOPERADORES-ESCOLARES-DE-BERAZATEGUI1-1-1.jpg\",\"articleSection\":[\"Berazategui\",\"Cultura y Educaci\u00f3n\"],\"inLanguage\":\"es\",\"potentialAction\":[{\"@type\":\"CommentAction\",\"name\":\"Comment\",\"target\":[\"https:\\\/\\\/diarioprincipios.com\\\/index.php\\\/2024\\\/04\\\/24\\\/mussi-en-el-encuentro-de-cooperadores-escolares-de-berazategui\\\/#respond\"]}]},{\"@type\":\"WebPage\",\"@id\":\"https:\\\/\\\/diarioprincipios.com\\\/index.php\\\/2024\\\/04\\\/24\\\/mussi-en-el-encuentro-de-cooperadores-escolares-de-berazategui\\\/\",\"url\":\"https:\\\/\\\/diarioprincipios.com\\\/index.php\\\/2024\\\/04\\\/24\\\/mussi-en-el-encuentro-de-cooperadores-escolares-de-berazategui\\\/\",\"name\":\"Mussi en el Encuentro de Cooperadores Escolares de Berazategui - Principios\",\"isPartOf\":{\"@id\":\"https:\\\/\\\/diarioprincipios.com\\\/#website\"},\"primaryImageOfPage\":{\"@id\":\"https:\\\/\\\/diarioprincipios.com\\\/index.php\\\/2024\\\/04\\\/24\\\/mussi-en-el-encuentro-de-cooperadores-escolares-de-berazategui\\\/#primaryimage\"},\"image\":{\"@id\":\"https:\\\/\\\/diarioprincipios.com\\\/index.php\\\/2024\\\/04\\\/24\\\/mussi-en-el-encuentro-de-cooperadores-escolares-de-berazategui\\\/#primaryimage\"},\"thumbnailUrl\":\"https:\\\/\\\/diarioprincipios.com\\\/wp-content\\\/uploads\\\/2024\\\/04\\\/MUSSI-EN-EL-ENCUENTRO-DE-COOPERADORES-ESCOLARES-DE-BERAZATEGUI1-1-1.jpg\",\"datePublished\":\"2024-04-24T17:33:12+00:00\",\"dateModified\":\"2024-04-24T17:33:14+00:00\",\"breadcrumb\":{\"@id\":\"https:\\\/\\\/diarioprincipios.com\\\/index.php\\\/2024\\\/04\\\/24\\\/mussi-en-el-encuentro-de-cooperadores-escolares-de-berazategui\\\/#breadcrumb\"},\"inLanguage\":\"es\",\"potentialAction\":[{\"@type\":\"ReadAction\",\"target\":[\"https:\\\/\\\/diarioprincipios.com\\\/index.php\\\/2024\\\/04\\\/24\\\/mussi-en-el-encuentro-de-cooperadores-escolares-de-berazategui\\\/\"]}]},{\"@type\":\"ImageObject\",\"inLanguage\":\"es\",\"@id\":\"https:\\\/\\\/diarioprincipios.com\\\/index.php\\\/2024\\\/04\\\/24\\\/mussi-en-el-encuentro-de-cooperadores-escolares-de-berazategui\\\/#primaryimage\",\"url\":\"https:\\\/\\\/diarioprincipios.com\\\/wp-content\\\/uploads\\\/2024\\\/04\\\/MUSSI-EN-EL-ENCUENTRO-DE-COOPERADORES-ESCOLARES-DE-BERAZATEGUI1-1-1.jpg\",\"contentUrl\":\"https:\\\/\\\/diarioprincipios.com\\\/wp-content\\\/uploads\\\/2024\\\/04\\\/MUSSI-EN-EL-ENCUENTRO-DE-COOPERADORES-ESCOLARES-DE-BERAZATEGUI1-1-1.jpg\",\"width\":1920,\"height\":1280},{\"@type\":\"BreadcrumbList\",\"@id\":\"https:\\\/\\\/diarioprincipios.com\\\/index.php\\\/2024\\\/04\\\/24\\\/mussi-en-el-encuentro-de-cooperadores-escolares-de-berazategui\\\/#breadcrumb\",\"itemListElement\":[{\"@type\":\"ListItem\",\"position\":1,\"name\":\"Portada\",\"item\":\"https:\\\/\\\/diarioprincipios.com\\\/\"},{\"@type\":\"ListItem\",\"position\":2,\"name\":\"Mussi en el Encuentro de Cooperadores Escolares de Berazategui\"}]},{\"@type\":\"WebSite\",\"@id\":\"https:\\\/\\\/diarioprincipios.com\\\/#website\",\"url\":\"https:\\\/\\\/diarioprincipios.com\\\/\",\"name\":\"Principios\",\"description\":\"Principios Diario\",\"publisher\":{\"@id\":\"https:\\\/\\\/diarioprincipios.com\\\/#organization\"},\"potentialAction\":[{\"@type\":\"SearchAction\",\"target\":{\"@type\":\"EntryPoint\",\"urlTemplate\":\"https:\\\/\\\/diarioprincipios.com\\\/?s={search_term_string}\"},\"query-input\":{\"@type\":\"PropertyValueSpecification\",\"valueRequired\":true,\"valueName\":\"search_term_string\"}}],\"inLanguage\":\"es\"},{\"@type\":\"Organization\",\"@id\":\"https:\\\/\\\/diarioprincipios.com\\\/#organization\",\"name\":\"Principios\",\"url\":\"https:\\\/\\\/diarioprincipios.com\\\/\",\"logo\":{\"@type\":\"ImageObject\",\"inLanguage\":\"es\",\"@id\":\"https:\\\/\\\/diarioprincipios.com\\\/#\\\/schema\\\/logo\\\/image\\\/\",\"url\":\"https:\\\/\\\/diarioprincipios.com\\\/wp-content\\\/uploads\\\/2024\\\/04\\\/cropped-www.diarioprincipios.com_-1.png\",\"contentUrl\":\"https:\\\/\\\/diarioprincipios.com\\\/wp-content\\\/uploads\\\/2024\\\/04\\\/cropped-www.diarioprincipios.com_-1.png\",\"width\":5325,\"height\":1454,\"caption\":\"Principios\"},\"image\":{\"@id\":\"https:\\\/\\\/diarioprincipios.com\\\/#\\\/schema\\\/logo\\\/image\\\/\"}},{\"@type\":\"Person\",\"@id\":\"https:\\\/\\\/diarioprincipios.com\\\/#\\\/schema\\\/person\\\/436d5a1fd41a5e250e23ff5a6a7cb080\",\"name\":\"Hern\u00e1n L\u00f3pez\",\"image\":{\"@type\":\"ImageObject\",\"inLanguage\":\"es\",\"@id\":\"https:\\\/\\\/diarioprincipios.com\\\/wp-content\\\/litespeed\\\/avatar\\\/11ddfe5610ff3bd100522525b2571f48.jpg?ver=1777048341\",\"url\":\"https:\\\/\\\/diarioprincipios.com\\\/wp-content\\\/litespeed\\\/avatar\\\/11ddfe5610ff3bd100522525b2571f48.jpg?ver=1777048341\",\"contentUrl\":\"https:\\\/\\\/diarioprincipios.com\\\/wp-content\\\/litespeed\\\/avatar\\\/11ddfe5610ff3bd100522525b2571f48.jpg?ver=1777048341\",\"caption\":\"Hern\u00e1n L\u00f3pez\"},\"url\":\"https:\\\/\\\/diarioprincipios.com\\\/index.php\\\/author\\\/hernan\\\/\"}]}<\/script>\n<!-- \/ Yoast SEO plugin. -->","yoast_head_json":{"title":"Mussi en el Encuentro de Cooperadores Escolares de Berazategui - Principios","robots":{"index":"index","follow":"follow","max-snippet":"max-snippet:-1","max-image-preview":"max-image-preview:large","max-video-preview":"max-video-preview:-1"},"canonical":"https:\/\/diarioprincipios.com\/index.php\/2024\/04\/24\/mussi-en-el-encuentro-de-cooperadores-escolares-de-berazategui\/","og_locale":"es_ES","og_type":"article","og_title":"Mussi en el Encuentro de Cooperadores Escolares de Berazategui - Principios","og_description":"Se realiz\u00f3 un encuentro de cooperadores escolares, destinado a todos los establecimientos educativos de Berazategui. El intendente Juan Jos\u00e9 Mussi encabez\u00f3 el acto de apertura en el Centro Municipal de Actividades Roberto De Vicenzo. La jornada continu\u00f3 con talleres y capacitaciones para los directivos, docentes y cooperadores que participaron.El encuentro se dividi\u00f3 en cuatro grupos...","og_url":"https:\/\/diarioprincipios.com\/index.php\/2024\/04\/24\/mussi-en-el-encuentro-de-cooperadores-escolares-de-berazategui\/","og_site_name":"Principios","article_published_time":"2024-04-24T17:33:12+00:00","article_modified_time":"2024-04-24T17:33:14+00:00","og_image":[{"width":1920,"height":1280,"url":"https:\/\/diarioprincipios.com\/wp-content\/uploads\/2024\/04\/MUSSI-EN-EL-ENCUENTRO-DE-COOPERADORES-ESCOLARES-DE-BERAZATEGUI1-1-1.jpg","type":"image\/jpeg"}],"author":"Hern\u00e1n L\u00f3pez","twitter_card":"summary_large_image","twitter_misc":{"Escrito por":"Hern\u00e1n L\u00f3pez","Tiempo de lectura":"2 minutos"},"schema":{"@context":"https:\/\/schema.org","@graph":[{"@type":"Article","@id":"https:\/\/diarioprincipios.com\/index.php\/2024\/04\/24\/mussi-en-el-encuentro-de-cooperadores-escolares-de-berazategui\/#article","isPartOf":{"@id":"https:\/\/diarioprincipios.com\/index.php\/2024\/04\/24\/mussi-en-el-encuentro-de-cooperadores-escolares-de-berazategui\/"},"author":{"name":"Hern\u00e1n L\u00f3pez","@id":"https:\/\/diarioprincipios.com\/#\/schema\/person\/436d5a1fd41a5e250e23ff5a6a7cb080"},"headline":"Mussi en el Encuentro de Cooperadores Escolares de Berazategui","datePublished":"2024-04-24T17:33:12+00:00","dateModified":"2024-04-24T17:33:14+00:00","mainEntityOfPage":{"@id":"https:\/\/diarioprincipios.com\/index.php\/2024\/04\/24\/mussi-en-el-encuentro-de-cooperadores-escolares-de-berazategui\/"},"wordCount":260,"commentCount":0,"publisher":{"@id":"https:\/\/diarioprincipios.com\/#organization"},"image":{"@id":"https:\/\/diarioprincipios.com\/index.php\/2024\/04\/24\/mussi-en-el-encuentro-de-cooperadores-escolares-de-berazategui\/#primaryimage"},"thumbnailUrl":"https:\/\/diarioprincipios.com\/wp-content\/uploads\/2024\/04\/MUSSI-EN-EL-ENCUENTRO-DE-COOPERADORES-ESCOLARES-DE-BERAZATEGUI1-1-1.jpg","articleSection":["Berazategui","Cultura y Educaci\u00f3n"],"inLanguage":"es","potentialAction":[{"@type":"CommentAction","name":"Comment","target":["https:\/\/diarioprincipios.com\/index.php\/2024\/04\/24\/mussi-en-el-encuentro-de-cooperadores-escolares-de-berazategui\/#respond"]}]},{"@type":"WebPage","@id":"https:\/\/diarioprincipios.com\/index.php\/2024\/04\/24\/mussi-en-el-encuentro-de-cooperadores-escolares-de-berazategui\/","url":"https:\/\/diarioprincipios.com\/index.php\/2024\/04\/24\/mussi-en-el-encuentro-de-cooperadores-escolares-de-berazategui\/","name":"Mussi en el Encuentro de Cooperadores Escolares de Berazategui - Principios","isPartOf":{"@id":"https:\/\/diarioprincipios.com\/#website"},"primaryImageOfPage":{"@id":"https:\/\/diarioprincipios.com\/index.php\/2024\/04\/24\/mussi-en-el-encuentro-de-cooperadores-escolares-de-berazategui\/#primaryimage"},"image":{"@id":"https:\/\/diarioprincipios.com\/index.php\/2024\/04\/24\/mussi-en-el-encuentro-de-cooperadores-escolares-de-berazategui\/#primaryimage"},"thumbnailUrl":"https:\/\/diarioprincipios.com\/wp-content\/uploads\/2024\/04\/MUSSI-EN-EL-ENCUENTRO-DE-COOPERADORES-ESCOLARES-DE-BERAZATEGUI1-1-1.jpg","datePublished":"2024-04-24T17:33:12+00:00","dateModified":"2024-04-24T17:33:14+00:00","breadcrumb":{"@id":"https:\/\/diarioprincipios.com\/index.php\/2024\/04\/24\/mussi-en-el-encuentro-de-cooperadores-escolares-de-berazategui\/#breadcrumb"},"inLanguage":"es","potentialAction":[{"@type":"ReadAction","target":["https:\/\/diarioprincipios.com\/index.php\/2024\/04\/24\/mussi-en-el-encuentro-de-cooperadores-escolares-de-berazategui\/"]}]},{"@type":"ImageObject","inLanguage":"es","@id":"https:\/\/diarioprincipios.com\/index.php\/2024\/04\/24\/mussi-en-el-encuentro-de-cooperadores-escolares-de-berazategui\/#primaryimage","url":"https:\/\/diarioprincipios.com\/wp-content\/uploads\/2024\/04\/MUSSI-EN-EL-ENCUENTRO-DE-COOPERADORES-ESCOLARES-DE-BERAZATEGUI1-1-1.jpg","contentUrl":"https:\/\/diarioprincipios.com\/wp-content\/uploads\/2024\/04\/MUSSI-EN-EL-ENCUENTRO-DE-COOPERADORES-ESCOLARES-DE-BERAZATEGUI1-1-1.jpg","width":1920,"height":1280},{"@type":"BreadcrumbList","@id":"https:\/\/diarioprincipios.com\/index.php\/2024\/04\/24\/mussi-en-el-encuentro-de-cooperadores-escolares-de-berazategui\/#breadcrumb","itemListElement":[{"@type":"ListItem","position":1,"name":"Portada","item":"https:\/\/diarioprincipios.com\/"},{"@type":"ListItem","position":2,"name":"Mussi en el Encuentro de Cooperadores Escolares de Berazategui"}]},{"@type":"WebSite","@id":"https:\/\/diarioprincipios.com\/#website","url":"https:\/\/diarioprincipios.com\/","name":"Principios","description":"Principios Diario","publisher":{"@id":"https:\/\/diarioprincipios.com\/#organization"},"potentialAction":[{"@type":"SearchAction","target":{"@type":"EntryPoint","urlTemplate":"https:\/\/diarioprincipios.com\/?s={search_term_string}"},"query-input":{"@type":"PropertyValueSpecification","valueRequired":true,"valueName":"search_term_string"}}],"inLanguage":"es"},{"@type":"Organization","@id":"https:\/\/diarioprincipios.com\/#organization","name":"Principios","url":"https:\/\/diarioprincipios.com\/","logo":{"@type":"ImageObject","inLanguage":"es","@id":"https:\/\/diarioprincipios.com\/#\/schema\/logo\/image\/","url":"https:\/\/diarioprincipios.com\/wp-content\/uploads\/2024\/04\/cropped-www.diarioprincipios.com_-1.png","contentUrl":"https:\/\/diarioprincipios.com\/wp-content\/uploads\/2024\/04\/cropped-www.diarioprincipios.com_-1.png","width":5325,"height":1454,"caption":"Principios"},"image":{"@id":"https:\/\/diarioprincipios.com\/#\/schema\/logo\/image\/"}},{"@type":"Person","@id":"https:\/\/diarioprincipios.com\/#\/schema\/person\/436d5a1fd41a5e250e23ff5a6a7cb080","name":"Hern\u00e1n L\u00f3pez","image":{"@type":"ImageObject","inLanguage":"es","@id":"https:\/\/diarioprincipios.com\/wp-content\/litespeed\/avatar\/11ddfe5610ff3bd100522525b2571f48.jpg?ver=1777048341","url":"https:\/\/diarioprincipios.com\/wp-content\/litespeed\/avatar\/11ddfe5610ff3bd100522525b2571f48.jpg?ver=1777048341","contentUrl":"https:\/\/diarioprincipios.com\/wp-content\/litespeed\/avatar\/11ddfe5610ff3bd100522525b2571f48.jpg?ver=1777048341","caption":"Hern\u00e1n L\u00f3pez"},"url":"https:\/\/diarioprincipios.com\/index.php\/author\/hernan\/"}]}},"jetpack_featured_media_url":"https:\/\/diarioprincipios.com\/wp-content\/uploads\/2024\/04\/MUSSI-EN-EL-ENCUENTRO-DE-COOPERADORES-ESCOLARES-DE-BERAZATEGUI1-1-1.jpg","_links":{"self":[{"href":"https:\/\/diarioprincipios.com\/index.php\/wp-json\/wp\/v2\/posts\/21674","targetHints":{"allow":["GET"]}}],"collection":[{"href":"https:\/\/diarioprincipios.com\/index.php\/wp-json\/wp\/v2\/posts"}],"about":[{"href":"https:\/\/diarioprincipios.com\/index.php\/wp-json\/wp\/v2\/types\/post"}],"author":[{"embeddable":true,"href":"https:\/\/diarioprincipios.com\/index.php\/wp-json\/wp\/v2\/users\/2"}],"replies":[{"embeddable":true,"href":"https:\/\/diarioprincipios.com\/index.php\/wp-json\/wp\/v2\/comments?post=21674"}],"version-history":[{"count":1,"href":"https:\/\/diarioprincipios.com\/index.php\/wp-json\/wp\/v2\/posts\/21674\/revisions"}],"predecessor-version":[{"id":21679,"href":"https:\/\/diarioprincipios.com\/index.php\/wp-json\/wp\/v2\/posts\/21674\/revisions\/21679"}],"wp:featuredmedia":[{"embeddable":true,"href":"https:\/\/diarioprincipios.com\/index.php\/wp-json\/wp\/v2\/media\/21678"}],"wp:attachment":[{"href":"https:\/\/diarioprincipios.com\/index.php\/wp-json\/wp\/v2\/media?parent=21674"}],"wp:term":[{"taxonomy":"category","embeddable":true,"href":"https:\/\/diarioprincipios.com\/index.php\/wp-json\/wp\/v2\/categories?post=21674"},{"taxonomy":"post_tag","embeddable":true,"href":"https:\/\/diarioprincipios.com\/index.php\/wp-json\/wp\/v2\/tags?post=21674"}],"curies":[{"name":"wp","href":"https:\/\/api.w.org\/{rel}","templated":true}]}}