{"id":21663,"date":"2024-04-23T18:35:51","date_gmt":"2024-04-23T21:35:51","guid":{"rendered":"http:\/\/diarioprincipios.com\/?p=21663"},"modified":"2024-04-23T18:35:54","modified_gmt":"2024-04-23T21:35:54","slug":"fuerte-apoyo-de-mussi-a-la-universidad-publica","status":"publish","type":"post","link":"https:\/\/diarioprincipios.com\/index.php\/2024\/04\/23\/fuerte-apoyo-de-mussi-a-la-universidad-publica\/","title":{"rendered":"Fuerte apoyo de Mussi a la Universidad P\u00fablica"},"content":{"rendered":"\n<p>El doctor Juan Jos\u00e9 Mussi, intendente de Berazategui y gran defensor de la educaci\u00f3n y la gesti\u00f3n p\u00fablica brind\u00f3 un fuerte apoyo al reclamo realizado en Plaza de Mayo en defensa de la Universidad P\u00fablica y Gratuita.<br>\u00abDEFENDAMOS TODOS Y TODAS LA UNIVERSIDAD P\u00daBLICA!\u00bb, escribi\u00f3 en sus redes sociales; destacando que \u00abHace 60 a\u00f1os, me recib\u00ed de m\u00e9dico en una universidad p\u00fablica: en la Universidad Nacional de La Plata. Mis padres, pr\u00e1cticamente analfabetos y trabajando alternadamente, no me pod\u00edan mandar a ninguna otra Facultad. Gracias a la p\u00fablica, pude ser profesional, el primero de la familia\u00bb.<br>En este sentido; el hist\u00f3rico dirigente peronista agreg\u00f3 que \u00abPor eso, apoyo fervientemente la movilizaci\u00f3n por la defensa de la Universidad p\u00fablica, gratuita, igualitaria y abierta a todos los sectores de la sociedad\u00bb.<\/p>\n","protected":false},"excerpt":{"rendered":"<p>El doctor Juan Jos\u00e9 Mussi, intendente de Berazategui y gran defensor de la educaci\u00f3n y la gesti\u00f3n p\u00fablica brind\u00f3 un fuerte apoyo al reclamo realizado en Plaza de Mayo en defensa de la Universidad P\u00fablica y Gratuita.\u00abDEFENDAMOS TODOS Y TODAS LA UNIVERSIDAD P\u00daBLICA!\u00bb, escribi\u00f3 en sus redes sociales; destacando que \u00abHace 60 a\u00f1os, me recib\u00ed&#8230;<\/p>\n","protected":false},"author":2,"featured_media":21664,"comment_status":"open","ping_status":"open","sticky":false,"template":"","format":"standard","meta":{"footnotes":""},"categories":[3],"tags":[],"class_list":["post-21663","post","type-post","status-publish","format-standard","has-post-thumbnail","hentry","category-berazategui"],"featured_image_src":"https:\/\/diarioprincipios.com\/wp-content\/uploads\/2024\/04\/Screenshot_20240423_182450_Facebook-1024x574.jpg","blog_images":{"medium":"https:\/\/diarioprincipios.com\/wp-content\/uploads\/2024\/04\/Screenshot_20240423_182450_Facebook-300x168.jpg","large":"https:\/\/diarioprincipios.com\/wp-content\/uploads\/2024\/04\/Screenshot_20240423_182450_Facebook-1024x574.jpg"},"ams_acf":[],"yoast_head":"<!-- This site is optimized with the Yoast SEO plugin v27.3 - https:\/\/yoast.com\/product\/yoast-seo-wordpress\/ -->\n<title>Fuerte apoyo de Mussi a la Universidad P\u00fablica - Principios<\/title>\n<meta name=\"robots\" content=\"index, follow, max-snippet:-1, max-image-preview:large, max-video-preview:-1\" \/>\n<link rel=\"canonical\" href=\"https:\/\/diarioprincipios.com\/index.php\/2024\/04\/23\/fuerte-apoyo-de-mussi-a-la-universidad-publica\/\" \/>\n<meta property=\"og:locale\" content=\"es_ES\" \/>\n<meta property=\"og:type\" content=\"article\" \/>\n<meta property=\"og:title\" content=\"Fuerte apoyo de Mussi a la Universidad P\u00fablica - Principios\" \/>\n<meta property=\"og:description\" content=\"El doctor Juan Jos\u00e9 Mussi, intendente de Berazategui y gran defensor de la educaci\u00f3n y la gesti\u00f3n p\u00fablica brind\u00f3 un fuerte apoyo al reclamo realizado en Plaza de Mayo en defensa de la Universidad P\u00fablica y Gratuita.\u00abDEFENDAMOS TODOS Y TODAS LA UNIVERSIDAD P\u00daBLICA!\u00bb, escribi\u00f3 en sus redes sociales; destacando que \u00abHace 60 a\u00f1os, me recib\u00ed...\" \/>\n<meta property=\"og:url\" content=\"https:\/\/diarioprincipios.com\/index.php\/2024\/04\/23\/fuerte-apoyo-de-mussi-a-la-universidad-publica\/\" \/>\n<meta property=\"og:site_name\" content=\"Principios\" \/>\n<meta property=\"article:published_time\" content=\"2024-04-23T21:35:51+00:00\" \/>\n<meta property=\"article:modified_time\" content=\"2024-04-23T21:35:54+00:00\" \/>\n<meta property=\"og:image\" content=\"https:\/\/diarioprincipios.com\/wp-content\/uploads\/2024\/04\/Screenshot_20240423_182450_Facebook.jpg\" \/>\n\t<meta property=\"og:image:width\" content=\"1077\" \/>\n\t<meta property=\"og:image:height\" content=\"604\" \/>\n\t<meta property=\"og:image:type\" content=\"image\/jpeg\" \/>\n<meta name=\"author\" content=\"Hern\u00e1n L\u00f3pez\" \/>\n<meta name=\"twitter:card\" content=\"summary_large_image\" \/>\n<meta name=\"twitter:label1\" content=\"Escrito por\" \/>\n\t<meta name=\"twitter:data1\" content=\"Hern\u00e1n L\u00f3pez\" \/>\n\t<meta name=\"twitter:label2\" content=\"Tiempo de lectura\" \/>\n\t<meta name=\"twitter:data2\" content=\"1 minuto\" \/>\n<script type=\"application\/ld+json\" class=\"yoast-schema-graph\">{\"@context\":\"https:\\\/\\\/schema.org\",\"@graph\":[{\"@type\":\"Article\",\"@id\":\"https:\\\/\\\/diarioprincipios.com\\\/index.php\\\/2024\\\/04\\\/23\\\/fuerte-apoyo-de-mussi-a-la-universidad-publica\\\/#article\",\"isPartOf\":{\"@id\":\"https:\\\/\\\/diarioprincipios.com\\\/index.php\\\/2024\\\/04\\\/23\\\/fuerte-apoyo-de-mussi-a-la-universidad-publica\\\/\"},\"author\":{\"name\":\"Hern\u00e1n L\u00f3pez\",\"@id\":\"https:\\\/\\\/diarioprincipios.com\\\/#\\\/schema\\\/person\\\/436d5a1fd41a5e250e23ff5a6a7cb080\"},\"headline\":\"Fuerte apoyo de Mussi a la Universidad P\u00fablica\",\"datePublished\":\"2024-04-23T21:35:51+00:00\",\"dateModified\":\"2024-04-23T21:35:54+00:00\",\"mainEntityOfPage\":{\"@id\":\"https:\\\/\\\/diarioprincipios.com\\\/index.php\\\/2024\\\/04\\\/23\\\/fuerte-apoyo-de-mussi-a-la-universidad-publica\\\/\"},\"wordCount\":151,\"commentCount\":0,\"publisher\":{\"@id\":\"https:\\\/\\\/diarioprincipios.com\\\/#organization\"},\"image\":{\"@id\":\"https:\\\/\\\/diarioprincipios.com\\\/index.php\\\/2024\\\/04\\\/23\\\/fuerte-apoyo-de-mussi-a-la-universidad-publica\\\/#primaryimage\"},\"thumbnailUrl\":\"https:\\\/\\\/diarioprincipios.com\\\/wp-content\\\/uploads\\\/2024\\\/04\\\/Screenshot_20240423_182450_Facebook.jpg\",\"articleSection\":[\"Berazategui\"],\"inLanguage\":\"es\",\"potentialAction\":[{\"@type\":\"CommentAction\",\"name\":\"Comment\",\"target\":[\"https:\\\/\\\/diarioprincipios.com\\\/index.php\\\/2024\\\/04\\\/23\\\/fuerte-apoyo-de-mussi-a-la-universidad-publica\\\/#respond\"]}]},{\"@type\":\"WebPage\",\"@id\":\"https:\\\/\\\/diarioprincipios.com\\\/index.php\\\/2024\\\/04\\\/23\\\/fuerte-apoyo-de-mussi-a-la-universidad-publica\\\/\",\"url\":\"https:\\\/\\\/diarioprincipios.com\\\/index.php\\\/2024\\\/04\\\/23\\\/fuerte-apoyo-de-mussi-a-la-universidad-publica\\\/\",\"name\":\"Fuerte apoyo de Mussi a la Universidad P\u00fablica - Principios\",\"isPartOf\":{\"@id\":\"https:\\\/\\\/diarioprincipios.com\\\/#website\"},\"primaryImageOfPage\":{\"@id\":\"https:\\\/\\\/diarioprincipios.com\\\/index.php\\\/2024\\\/04\\\/23\\\/fuerte-apoyo-de-mussi-a-la-universidad-publica\\\/#primaryimage\"},\"image\":{\"@id\":\"https:\\\/\\\/diarioprincipios.com\\\/index.php\\\/2024\\\/04\\\/23\\\/fuerte-apoyo-de-mussi-a-la-universidad-publica\\\/#primaryimage\"},\"thumbnailUrl\":\"https:\\\/\\\/diarioprincipios.com\\\/wp-content\\\/uploads\\\/2024\\\/04\\\/Screenshot_20240423_182450_Facebook.jpg\",\"datePublished\":\"2024-04-23T21:35:51+00:00\",\"dateModified\":\"2024-04-23T21:35:54+00:00\",\"breadcrumb\":{\"@id\":\"https:\\\/\\\/diarioprincipios.com\\\/index.php\\\/2024\\\/04\\\/23\\\/fuerte-apoyo-de-mussi-a-la-universidad-publica\\\/#breadcrumb\"},\"inLanguage\":\"es\",\"potentialAction\":[{\"@type\":\"ReadAction\",\"target\":[\"https:\\\/\\\/diarioprincipios.com\\\/index.php\\\/2024\\\/04\\\/23\\\/fuerte-apoyo-de-mussi-a-la-universidad-publica\\\/\"]}]},{\"@type\":\"ImageObject\",\"inLanguage\":\"es\",\"@id\":\"https:\\\/\\\/diarioprincipios.com\\\/index.php\\\/2024\\\/04\\\/23\\\/fuerte-apoyo-de-mussi-a-la-universidad-publica\\\/#primaryimage\",\"url\":\"https:\\\/\\\/diarioprincipios.com\\\/wp-content\\\/uploads\\\/2024\\\/04\\\/Screenshot_20240423_182450_Facebook.jpg\",\"contentUrl\":\"https:\\\/\\\/diarioprincipios.com\\\/wp-content\\\/uploads\\\/2024\\\/04\\\/Screenshot_20240423_182450_Facebook.jpg\",\"width\":1077,\"height\":604},{\"@type\":\"BreadcrumbList\",\"@id\":\"https:\\\/\\\/diarioprincipios.com\\\/index.php\\\/2024\\\/04\\\/23\\\/fuerte-apoyo-de-mussi-a-la-universidad-publica\\\/#breadcrumb\",\"itemListElement\":[{\"@type\":\"ListItem\",\"position\":1,\"name\":\"Portada\",\"item\":\"https:\\\/\\\/diarioprincipios.com\\\/\"},{\"@type\":\"ListItem\",\"position\":2,\"name\":\"Fuerte apoyo de Mussi a la Universidad P\u00fablica\"}]},{\"@type\":\"WebSite\",\"@id\":\"https:\\\/\\\/diarioprincipios.com\\\/#website\",\"url\":\"https:\\\/\\\/diarioprincipios.com\\\/\",\"name\":\"Principios\",\"description\":\"Principios Diario\",\"publisher\":{\"@id\":\"https:\\\/\\\/diarioprincipios.com\\\/#organization\"},\"potentialAction\":[{\"@type\":\"SearchAction\",\"target\":{\"@type\":\"EntryPoint\",\"urlTemplate\":\"https:\\\/\\\/diarioprincipios.com\\\/?s={search_term_string}\"},\"query-input\":{\"@type\":\"PropertyValueSpecification\",\"valueRequired\":true,\"valueName\":\"search_term_string\"}}],\"inLanguage\":\"es\"},{\"@type\":\"Organization\",\"@id\":\"https:\\\/\\\/diarioprincipios.com\\\/#organization\",\"name\":\"Principios\",\"url\":\"https:\\\/\\\/diarioprincipios.com\\\/\",\"logo\":{\"@type\":\"ImageObject\",\"inLanguage\":\"es\",\"@id\":\"https:\\\/\\\/diarioprincipios.com\\\/#\\\/schema\\\/logo\\\/image\\\/\",\"url\":\"https:\\\/\\\/diarioprincipios.com\\\/wp-content\\\/uploads\\\/2024\\\/04\\\/cropped-www.diarioprincipios.com_-1.png\",\"contentUrl\":\"https:\\\/\\\/diarioprincipios.com\\\/wp-content\\\/uploads\\\/2024\\\/04\\\/cropped-www.diarioprincipios.com_-1.png\",\"width\":5325,\"height\":1454,\"caption\":\"Principios\"},\"image\":{\"@id\":\"https:\\\/\\\/diarioprincipios.com\\\/#\\\/schema\\\/logo\\\/image\\\/\"}},{\"@type\":\"Person\",\"@id\":\"https:\\\/\\\/diarioprincipios.com\\\/#\\\/schema\\\/person\\\/436d5a1fd41a5e250e23ff5a6a7cb080\",\"name\":\"Hern\u00e1n L\u00f3pez\",\"image\":{\"@type\":\"ImageObject\",\"inLanguage\":\"es\",\"@id\":\"https:\\\/\\\/diarioprincipios.com\\\/wp-content\\\/litespeed\\\/avatar\\\/11ddfe5610ff3bd100522525b2571f48.jpg?ver=1777048341\",\"url\":\"https:\\\/\\\/diarioprincipios.com\\\/wp-content\\\/litespeed\\\/avatar\\\/11ddfe5610ff3bd100522525b2571f48.jpg?ver=1777048341\",\"contentUrl\":\"https:\\\/\\\/diarioprincipios.com\\\/wp-content\\\/litespeed\\\/avatar\\\/11ddfe5610ff3bd100522525b2571f48.jpg?ver=1777048341\",\"caption\":\"Hern\u00e1n L\u00f3pez\"},\"url\":\"https:\\\/\\\/diarioprincipios.com\\\/index.php\\\/author\\\/hernan\\\/\"}]}<\/script>\n<!-- \/ Yoast SEO plugin. -->","yoast_head_json":{"title":"Fuerte apoyo de Mussi a la Universidad P\u00fablica - Principios","robots":{"index":"index","follow":"follow","max-snippet":"max-snippet:-1","max-image-preview":"max-image-preview:large","max-video-preview":"max-video-preview:-1"},"canonical":"https:\/\/diarioprincipios.com\/index.php\/2024\/04\/23\/fuerte-apoyo-de-mussi-a-la-universidad-publica\/","og_locale":"es_ES","og_type":"article","og_title":"Fuerte apoyo de Mussi a la Universidad P\u00fablica - Principios","og_description":"El doctor Juan Jos\u00e9 Mussi, intendente de Berazategui y gran defensor de la educaci\u00f3n y la gesti\u00f3n p\u00fablica brind\u00f3 un fuerte apoyo al reclamo realizado en Plaza de Mayo en defensa de la Universidad P\u00fablica y Gratuita.\u00abDEFENDAMOS TODOS Y TODAS LA UNIVERSIDAD P\u00daBLICA!\u00bb, escribi\u00f3 en sus redes sociales; destacando que \u00abHace 60 a\u00f1os, me recib\u00ed...","og_url":"https:\/\/diarioprincipios.com\/index.php\/2024\/04\/23\/fuerte-apoyo-de-mussi-a-la-universidad-publica\/","og_site_name":"Principios","article_published_time":"2024-04-23T21:35:51+00:00","article_modified_time":"2024-04-23T21:35:54+00:00","og_image":[{"width":1077,"height":604,"url":"https:\/\/diarioprincipios.com\/wp-content\/uploads\/2024\/04\/Screenshot_20240423_182450_Facebook.jpg","type":"image\/jpeg"}],"author":"Hern\u00e1n L\u00f3pez","twitter_card":"summary_large_image","twitter_misc":{"Escrito por":"Hern\u00e1n L\u00f3pez","Tiempo de lectura":"1 minuto"},"schema":{"@context":"https:\/\/schema.org","@graph":[{"@type":"Article","@id":"https:\/\/diarioprincipios.com\/index.php\/2024\/04\/23\/fuerte-apoyo-de-mussi-a-la-universidad-publica\/#article","isPartOf":{"@id":"https:\/\/diarioprincipios.com\/index.php\/2024\/04\/23\/fuerte-apoyo-de-mussi-a-la-universidad-publica\/"},"author":{"name":"Hern\u00e1n L\u00f3pez","@id":"https:\/\/diarioprincipios.com\/#\/schema\/person\/436d5a1fd41a5e250e23ff5a6a7cb080"},"headline":"Fuerte apoyo de Mussi a la Universidad P\u00fablica","datePublished":"2024-04-23T21:35:51+00:00","dateModified":"2024-04-23T21:35:54+00:00","mainEntityOfPage":{"@id":"https:\/\/diarioprincipios.com\/index.php\/2024\/04\/23\/fuerte-apoyo-de-mussi-a-la-universidad-publica\/"},"wordCount":151,"commentCount":0,"publisher":{"@id":"https:\/\/diarioprincipios.com\/#organization"},"image":{"@id":"https:\/\/diarioprincipios.com\/index.php\/2024\/04\/23\/fuerte-apoyo-de-mussi-a-la-universidad-publica\/#primaryimage"},"thumbnailUrl":"https:\/\/diarioprincipios.com\/wp-content\/uploads\/2024\/04\/Screenshot_20240423_182450_Facebook.jpg","articleSection":["Berazategui"],"inLanguage":"es","potentialAction":[{"@type":"CommentAction","name":"Comment","target":["https:\/\/diarioprincipios.com\/index.php\/2024\/04\/23\/fuerte-apoyo-de-mussi-a-la-universidad-publica\/#respond"]}]},{"@type":"WebPage","@id":"https:\/\/diarioprincipios.com\/index.php\/2024\/04\/23\/fuerte-apoyo-de-mussi-a-la-universidad-publica\/","url":"https:\/\/diarioprincipios.com\/index.php\/2024\/04\/23\/fuerte-apoyo-de-mussi-a-la-universidad-publica\/","name":"Fuerte apoyo de Mussi a la Universidad P\u00fablica - Principios","isPartOf":{"@id":"https:\/\/diarioprincipios.com\/#website"},"primaryImageOfPage":{"@id":"https:\/\/diarioprincipios.com\/index.php\/2024\/04\/23\/fuerte-apoyo-de-mussi-a-la-universidad-publica\/#primaryimage"},"image":{"@id":"https:\/\/diarioprincipios.com\/index.php\/2024\/04\/23\/fuerte-apoyo-de-mussi-a-la-universidad-publica\/#primaryimage"},"thumbnailUrl":"https:\/\/diarioprincipios.com\/wp-content\/uploads\/2024\/04\/Screenshot_20240423_182450_Facebook.jpg","datePublished":"2024-04-23T21:35:51+00:00","dateModified":"2024-04-23T21:35:54+00:00","breadcrumb":{"@id":"https:\/\/diarioprincipios.com\/index.php\/2024\/04\/23\/fuerte-apoyo-de-mussi-a-la-universidad-publica\/#breadcrumb"},"inLanguage":"es","potentialAction":[{"@type":"ReadAction","target":["https:\/\/diarioprincipios.com\/index.php\/2024\/04\/23\/fuerte-apoyo-de-mussi-a-la-universidad-publica\/"]}]},{"@type":"ImageObject","inLanguage":"es","@id":"https:\/\/diarioprincipios.com\/index.php\/2024\/04\/23\/fuerte-apoyo-de-mussi-a-la-universidad-publica\/#primaryimage","url":"https:\/\/diarioprincipios.com\/wp-content\/uploads\/2024\/04\/Screenshot_20240423_182450_Facebook.jpg","contentUrl":"https:\/\/diarioprincipios.com\/wp-content\/uploads\/2024\/04\/Screenshot_20240423_182450_Facebook.jpg","width":1077,"height":604},{"@type":"BreadcrumbList","@id":"https:\/\/diarioprincipios.com\/index.php\/2024\/04\/23\/fuerte-apoyo-de-mussi-a-la-universidad-publica\/#breadcrumb","itemListElement":[{"@type":"ListItem","position":1,"name":"Portada","item":"https:\/\/diarioprincipios.com\/"},{"@type":"ListItem","position":2,"name":"Fuerte apoyo de Mussi a la Universidad P\u00fablica"}]},{"@type":"WebSite","@id":"https:\/\/diarioprincipios.com\/#website","url":"https:\/\/diarioprincipios.com\/","name":"Principios","description":"Principios Diario","publisher":{"@id":"https:\/\/diarioprincipios.com\/#organization"},"potentialAction":[{"@type":"SearchAction","target":{"@type":"EntryPoint","urlTemplate":"https:\/\/diarioprincipios.com\/?s={search_term_string}"},"query-input":{"@type":"PropertyValueSpecification","valueRequired":true,"valueName":"search_term_string"}}],"inLanguage":"es"},{"@type":"Organization","@id":"https:\/\/diarioprincipios.com\/#organization","name":"Principios","url":"https:\/\/diarioprincipios.com\/","logo":{"@type":"ImageObject","inLanguage":"es","@id":"https:\/\/diarioprincipios.com\/#\/schema\/logo\/image\/","url":"https:\/\/diarioprincipios.com\/wp-content\/uploads\/2024\/04\/cropped-www.diarioprincipios.com_-1.png","contentUrl":"https:\/\/diarioprincipios.com\/wp-content\/uploads\/2024\/04\/cropped-www.diarioprincipios.com_-1.png","width":5325,"height":1454,"caption":"Principios"},"image":{"@id":"https:\/\/diarioprincipios.com\/#\/schema\/logo\/image\/"}},{"@type":"Person","@id":"https:\/\/diarioprincipios.com\/#\/schema\/person\/436d5a1fd41a5e250e23ff5a6a7cb080","name":"Hern\u00e1n L\u00f3pez","image":{"@type":"ImageObject","inLanguage":"es","@id":"https:\/\/diarioprincipios.com\/wp-content\/litespeed\/avatar\/11ddfe5610ff3bd100522525b2571f48.jpg?ver=1777048341","url":"https:\/\/diarioprincipios.com\/wp-content\/litespeed\/avatar\/11ddfe5610ff3bd100522525b2571f48.jpg?ver=1777048341","contentUrl":"https:\/\/diarioprincipios.com\/wp-content\/litespeed\/avatar\/11ddfe5610ff3bd100522525b2571f48.jpg?ver=1777048341","caption":"Hern\u00e1n L\u00f3pez"},"url":"https:\/\/diarioprincipios.com\/index.php\/author\/hernan\/"}]}},"jetpack_featured_media_url":"https:\/\/diarioprincipios.com\/wp-content\/uploads\/2024\/04\/Screenshot_20240423_182450_Facebook.jpg","_links":{"self":[{"href":"https:\/\/diarioprincipios.com\/index.php\/wp-json\/wp\/v2\/posts\/21663","targetHints":{"allow":["GET"]}}],"collection":[{"href":"https:\/\/diarioprincipios.com\/index.php\/wp-json\/wp\/v2\/posts"}],"about":[{"href":"https:\/\/diarioprincipios.com\/index.php\/wp-json\/wp\/v2\/types\/post"}],"author":[{"embeddable":true,"href":"https:\/\/diarioprincipios.com\/index.php\/wp-json\/wp\/v2\/users\/2"}],"replies":[{"embeddable":true,"href":"https:\/\/diarioprincipios.com\/index.php\/wp-json\/wp\/v2\/comments?post=21663"}],"version-history":[{"count":1,"href":"https:\/\/diarioprincipios.com\/index.php\/wp-json\/wp\/v2\/posts\/21663\/revisions"}],"predecessor-version":[{"id":21665,"href":"https:\/\/diarioprincipios.com\/index.php\/wp-json\/wp\/v2\/posts\/21663\/revisions\/21665"}],"wp:featuredmedia":[{"embeddable":true,"href":"https:\/\/diarioprincipios.com\/index.php\/wp-json\/wp\/v2\/media\/21664"}],"wp:attachment":[{"href":"https:\/\/diarioprincipios.com\/index.php\/wp-json\/wp\/v2\/media?parent=21663"}],"wp:term":[{"taxonomy":"category","embeddable":true,"href":"https:\/\/diarioprincipios.com\/index.php\/wp-json\/wp\/v2\/categories?post=21663"},{"taxonomy":"post_tag","embeddable":true,"href":"https:\/\/diarioprincipios.com\/index.php\/wp-json\/wp\/v2\/tags?post=21663"}],"curies":[{"name":"wp","href":"https:\/\/api.w.org\/{rel}","templated":true}]}}