{"id":21608,"date":"2024-04-21T09:32:21","date_gmt":"2024-04-21T12:32:21","guid":{"rendered":"http:\/\/diarioprincipios.com\/?p=21608"},"modified":"2024-04-21T09:32:24","modified_gmt":"2024-04-21T12:32:24","slug":"siguen-las-jornadas-de-salud-bucodental-en-los-barrios-de-berazategui","status":"publish","type":"post","link":"https:\/\/diarioprincipios.com\/index.php\/2024\/04\/21\/siguen-las-jornadas-de-salud-bucodental-en-los-barrios-de-berazategui\/","title":{"rendered":"Siguen las Jornadas de Salud Bucodental en los Barrios de Berazategui"},"content":{"rendered":"\n<p><strong>Las y los profesionales del Centro Odontol\u00f3gico Municipal de Berazategui brindar\u00e1n atenci\u00f3n y charlas informativas en una nueva jornada gratuita de salud bucodental.\u00a0 Se realizar\u00e1 el martes 14 de mayo, en el CAPS N\u00b0 25 (Calle 58 e\/ 120 y 121, barrio El Cicl\u00f3n), para los vecinos y vecinas del barrio. Se entregar\u00e1n 40 turnos, que se pueden solicitar de lunes a viernes en el mismo Centro de Atenci\u00f3n.<\/strong><br>Estas jornadas se realizan con turnos programados en los CAPS de Berazategui que componen la Red Odontol\u00f3gica Municipal. Son impulsadas por el intendente -Dr. Juan Jos\u00e9 Mussi- y organizadas por la Secretar\u00eda de Salud P\u00fablica e Higiene municipal, con el objetivo de descentralizar la salud p\u00fablica y acercarla a todos los barrios del distrito.<\/p>\n\n\n\n<figure class=\"wp-block-image size-large\"><img loading=\"lazy\" decoding=\"async\" width=\"1024\" height=\"768\" src=\"https:\/\/diarioprincipios.com\/wp-content\/uploads\/2024\/04\/SIGUEN-LAS-JORNADAS-DE-SALUD-BUCODENTAL-EN-LOS-BARRIOS-DE-BERAZATEGUI-1024x768.jpg\" alt=\"\" class=\"wp-image-21609\" srcset=\"https:\/\/diarioprincipios.com\/wp-content\/uploads\/2024\/04\/SIGUEN-LAS-JORNADAS-DE-SALUD-BUCODENTAL-EN-LOS-BARRIOS-DE-BERAZATEGUI-1024x768.jpg 1024w, https:\/\/diarioprincipios.com\/wp-content\/uploads\/2024\/04\/SIGUEN-LAS-JORNADAS-DE-SALUD-BUCODENTAL-EN-LOS-BARRIOS-DE-BERAZATEGUI-300x225.jpg 300w, https:\/\/diarioprincipios.com\/wp-content\/uploads\/2024\/04\/SIGUEN-LAS-JORNADAS-DE-SALUD-BUCODENTAL-EN-LOS-BARRIOS-DE-BERAZATEGUI-768x576.jpg 768w, https:\/\/diarioprincipios.com\/wp-content\/uploads\/2024\/04\/SIGUEN-LAS-JORNADAS-DE-SALUD-BUCODENTAL-EN-LOS-BARRIOS-DE-BERAZATEGUI-1536x1152.jpg 1536w, https:\/\/diarioprincipios.com\/wp-content\/uploads\/2024\/04\/SIGUEN-LAS-JORNADAS-DE-SALUD-BUCODENTAL-EN-LOS-BARRIOS-DE-BERAZATEGUI.jpg 1920w\" sizes=\"auto, (max-width: 1024px) 100vw, 1024px\" \/><\/figure>\n\n\n\n<p><br>De esta manera, se brindan los siguientes servicios: restauraciones, arreglos, limpieza y exodoncia, adem\u00e1s de atenci\u00f3n pedi\u00e1trica y para adultos. Tambi\u00e9n, se dan charlas informativas que apuntan a concientizar en la prevenci\u00f3n de las enfermedades bucodentales.\u00a0<br>En Berazategui funciona hace m\u00e1s de diez a\u00f1os el Centro Odontol\u00f3gico Municipal (Av. 14 e\/ 131 y 132). Se destaca por la excelencia en el cuidado de la salud bucodental de los vecinos y vecinas, mediante el m\u00e1s sofisticado y moderno equipamiento tecnol\u00f3gico.<\/p>\n\n\n\n<figure class=\"wp-block-image size-large\"><img loading=\"lazy\" decoding=\"async\" width=\"1024\" height=\"768\" src=\"https:\/\/diarioprincipios.com\/wp-content\/uploads\/2024\/04\/SIGUEN-LAS-JORNADAS-DE-SALUD-BUCODENTAL-EN-LOS-BARRIOS-DE-BERAZATEGUI1-1024x768.jpg\" alt=\"\" class=\"wp-image-21610\" srcset=\"https:\/\/diarioprincipios.com\/wp-content\/uploads\/2024\/04\/SIGUEN-LAS-JORNADAS-DE-SALUD-BUCODENTAL-EN-LOS-BARRIOS-DE-BERAZATEGUI1-1024x768.jpg 1024w, https:\/\/diarioprincipios.com\/wp-content\/uploads\/2024\/04\/SIGUEN-LAS-JORNADAS-DE-SALUD-BUCODENTAL-EN-LOS-BARRIOS-DE-BERAZATEGUI1-300x225.jpg 300w, https:\/\/diarioprincipios.com\/wp-content\/uploads\/2024\/04\/SIGUEN-LAS-JORNADAS-DE-SALUD-BUCODENTAL-EN-LOS-BARRIOS-DE-BERAZATEGUI1-768x576.jpg 768w, https:\/\/diarioprincipios.com\/wp-content\/uploads\/2024\/04\/SIGUEN-LAS-JORNADAS-DE-SALUD-BUCODENTAL-EN-LOS-BARRIOS-DE-BERAZATEGUI1-1536x1152.jpg 1536w, https:\/\/diarioprincipios.com\/wp-content\/uploads\/2024\/04\/SIGUEN-LAS-JORNADAS-DE-SALUD-BUCODENTAL-EN-LOS-BARRIOS-DE-BERAZATEGUI1.jpg 1920w\" sizes=\"auto, (max-width: 1024px) 100vw, 1024px\" \/><\/figure>\n\n\n\n<p><br>Para recibir atenci\u00f3n, los turnos pueden solicitarse al 0800-999-6366. Los pacientes sin obra social tambi\u00e9n lo pueden hacer a trav\u00e9s del portal digital Mi Argentina (la App se puede descargar en Google Play -Android- o App Store -iOS-). Adem\u00e1s, se puede acceder v\u00eda\u00a0<a href=\"http:\/\/mi.argentina.gob.ar\/\" target=\"_blank\" rel=\"noreferrer noopener\">mi.argentina.gob.ar<\/a>. Quienes se encuentren en situaci\u00f3n de urgencia (dolor intenso y continuo y\/o traumatismo), pueden acercarse directamente, de lunes a viernes de 8.30 a 16.00.<br>Para m\u00e1s informaci\u00f3n, ingresar en\u00a0<a href=\"http:\/\/berazategui.gob.ar\/salud\" target=\"_blank\" rel=\"noreferrer noopener\">Berazategui.gob.ar\/salud<\/a>.<\/p>\n","protected":false},"excerpt":{"rendered":"<p>Las y los profesionales del Centro Odontol\u00f3gico Municipal de Berazategui brindar\u00e1n atenci\u00f3n y charlas informativas en una nueva jornada gratuita de salud bucodental.\u00a0 Se realizar\u00e1 el martes 14 de mayo, en el CAPS N\u00b0 25 (Calle 58 e\/ 120 y 121, barrio El Cicl\u00f3n), para los vecinos y vecinas del barrio. Se entregar\u00e1n 40 turnos,&#8230;<\/p>\n","protected":false},"author":2,"featured_media":21611,"comment_status":"open","ping_status":"open","sticky":false,"template":"","format":"standard","meta":{"footnotes":""},"categories":[3,20],"tags":[],"class_list":["post-21608","post","type-post","status-publish","format-standard","has-post-thumbnail","hentry","category-berazategui","category-salud-ambiente"],"featured_image_src":"https:\/\/diarioprincipios.com\/wp-content\/uploads\/2024\/04\/SIGUEN-LAS-JORNADAS-DE-SALUD-BUCODENTAL-EN-LOS-BARRIOS-DE-BERAZATEGUI2-1024x768.jpg","blog_images":{"medium":"https:\/\/diarioprincipios.com\/wp-content\/uploads\/2024\/04\/SIGUEN-LAS-JORNADAS-DE-SALUD-BUCODENTAL-EN-LOS-BARRIOS-DE-BERAZATEGUI2-300x225.jpg","large":"https:\/\/diarioprincipios.com\/wp-content\/uploads\/2024\/04\/SIGUEN-LAS-JORNADAS-DE-SALUD-BUCODENTAL-EN-LOS-BARRIOS-DE-BERAZATEGUI2-1024x768.jpg"},"ams_acf":[],"yoast_head":"<!-- This site is optimized with the Yoast SEO plugin v27.3 - https:\/\/yoast.com\/product\/yoast-seo-wordpress\/ -->\n<title>Siguen las Jornadas de Salud Bucodental en los Barrios de Berazategui - Principios<\/title>\n<meta name=\"robots\" content=\"index, follow, max-snippet:-1, max-image-preview:large, max-video-preview:-1\" \/>\n<link rel=\"canonical\" href=\"https:\/\/diarioprincipios.com\/index.php\/2024\/04\/21\/siguen-las-jornadas-de-salud-bucodental-en-los-barrios-de-berazategui\/\" \/>\n<meta property=\"og:locale\" content=\"es_ES\" \/>\n<meta property=\"og:type\" content=\"article\" \/>\n<meta property=\"og:title\" content=\"Siguen las Jornadas de Salud Bucodental en los Barrios de Berazategui - Principios\" \/>\n<meta property=\"og:description\" content=\"Las y los profesionales del Centro Odontol\u00f3gico Municipal de Berazategui brindar\u00e1n atenci\u00f3n y charlas informativas en una nueva jornada gratuita de salud bucodental.\u00a0 Se realizar\u00e1 el martes 14 de mayo, en el CAPS N\u00b0 25 (Calle 58 e\/ 120 y 121, barrio El Cicl\u00f3n), para los vecinos y vecinas del barrio. Se entregar\u00e1n 40 turnos,...\" \/>\n<meta property=\"og:url\" content=\"https:\/\/diarioprincipios.com\/index.php\/2024\/04\/21\/siguen-las-jornadas-de-salud-bucodental-en-los-barrios-de-berazategui\/\" \/>\n<meta property=\"og:site_name\" content=\"Principios\" \/>\n<meta property=\"article:published_time\" content=\"2024-04-21T12:32:21+00:00\" \/>\n<meta property=\"article:modified_time\" content=\"2024-04-21T12:32:24+00:00\" \/>\n<meta property=\"og:image\" content=\"https:\/\/diarioprincipios.com\/wp-content\/uploads\/2024\/04\/SIGUEN-LAS-JORNADAS-DE-SALUD-BUCODENTAL-EN-LOS-BARRIOS-DE-BERAZATEGUI2.jpg\" \/>\n\t<meta property=\"og:image:width\" content=\"1920\" \/>\n\t<meta property=\"og:image:height\" content=\"1440\" \/>\n\t<meta property=\"og:image:type\" content=\"image\/jpeg\" \/>\n<meta name=\"author\" content=\"Hern\u00e1n L\u00f3pez\" \/>\n<meta name=\"twitter:card\" content=\"summary_large_image\" \/>\n<meta name=\"twitter:label1\" content=\"Escrito por\" \/>\n\t<meta name=\"twitter:data1\" content=\"Hern\u00e1n L\u00f3pez\" \/>\n\t<meta name=\"twitter:label2\" content=\"Tiempo de lectura\" \/>\n\t<meta name=\"twitter:data2\" content=\"2 minutos\" \/>\n<script type=\"application\/ld+json\" class=\"yoast-schema-graph\">{\"@context\":\"https:\\\/\\\/schema.org\",\"@graph\":[{\"@type\":\"Article\",\"@id\":\"https:\\\/\\\/diarioprincipios.com\\\/index.php\\\/2024\\\/04\\\/21\\\/siguen-las-jornadas-de-salud-bucodental-en-los-barrios-de-berazategui\\\/#article\",\"isPartOf\":{\"@id\":\"https:\\\/\\\/diarioprincipios.com\\\/index.php\\\/2024\\\/04\\\/21\\\/siguen-las-jornadas-de-salud-bucodental-en-los-barrios-de-berazategui\\\/\"},\"author\":{\"name\":\"Hern\u00e1n L\u00f3pez\",\"@id\":\"https:\\\/\\\/diarioprincipios.com\\\/#\\\/schema\\\/person\\\/436d5a1fd41a5e250e23ff5a6a7cb080\"},\"headline\":\"Siguen las Jornadas de Salud Bucodental en los Barrios de Berazategui\",\"datePublished\":\"2024-04-21T12:32:21+00:00\",\"dateModified\":\"2024-04-21T12:32:24+00:00\",\"mainEntityOfPage\":{\"@id\":\"https:\\\/\\\/diarioprincipios.com\\\/index.php\\\/2024\\\/04\\\/21\\\/siguen-las-jornadas-de-salud-bucodental-en-los-barrios-de-berazategui\\\/\"},\"wordCount\":312,\"commentCount\":0,\"publisher\":{\"@id\":\"https:\\\/\\\/diarioprincipios.com\\\/#organization\"},\"image\":{\"@id\":\"https:\\\/\\\/diarioprincipios.com\\\/index.php\\\/2024\\\/04\\\/21\\\/siguen-las-jornadas-de-salud-bucodental-en-los-barrios-de-berazategui\\\/#primaryimage\"},\"thumbnailUrl\":\"https:\\\/\\\/diarioprincipios.com\\\/wp-content\\\/uploads\\\/2024\\\/04\\\/SIGUEN-LAS-JORNADAS-DE-SALUD-BUCODENTAL-EN-LOS-BARRIOS-DE-BERAZATEGUI2.jpg\",\"articleSection\":[\"Berazategui\",\"Salud y Ambiente\"],\"inLanguage\":\"es\",\"potentialAction\":[{\"@type\":\"CommentAction\",\"name\":\"Comment\",\"target\":[\"https:\\\/\\\/diarioprincipios.com\\\/index.php\\\/2024\\\/04\\\/21\\\/siguen-las-jornadas-de-salud-bucodental-en-los-barrios-de-berazategui\\\/#respond\"]}]},{\"@type\":\"WebPage\",\"@id\":\"https:\\\/\\\/diarioprincipios.com\\\/index.php\\\/2024\\\/04\\\/21\\\/siguen-las-jornadas-de-salud-bucodental-en-los-barrios-de-berazategui\\\/\",\"url\":\"https:\\\/\\\/diarioprincipios.com\\\/index.php\\\/2024\\\/04\\\/21\\\/siguen-las-jornadas-de-salud-bucodental-en-los-barrios-de-berazategui\\\/\",\"name\":\"Siguen las Jornadas de Salud Bucodental en los Barrios de Berazategui - Principios\",\"isPartOf\":{\"@id\":\"https:\\\/\\\/diarioprincipios.com\\\/#website\"},\"primaryImageOfPage\":{\"@id\":\"https:\\\/\\\/diarioprincipios.com\\\/index.php\\\/2024\\\/04\\\/21\\\/siguen-las-jornadas-de-salud-bucodental-en-los-barrios-de-berazategui\\\/#primaryimage\"},\"image\":{\"@id\":\"https:\\\/\\\/diarioprincipios.com\\\/index.php\\\/2024\\\/04\\\/21\\\/siguen-las-jornadas-de-salud-bucodental-en-los-barrios-de-berazategui\\\/#primaryimage\"},\"thumbnailUrl\":\"https:\\\/\\\/diarioprincipios.com\\\/wp-content\\\/uploads\\\/2024\\\/04\\\/SIGUEN-LAS-JORNADAS-DE-SALUD-BUCODENTAL-EN-LOS-BARRIOS-DE-BERAZATEGUI2.jpg\",\"datePublished\":\"2024-04-21T12:32:21+00:00\",\"dateModified\":\"2024-04-21T12:32:24+00:00\",\"breadcrumb\":{\"@id\":\"https:\\\/\\\/diarioprincipios.com\\\/index.php\\\/2024\\\/04\\\/21\\\/siguen-las-jornadas-de-salud-bucodental-en-los-barrios-de-berazategui\\\/#breadcrumb\"},\"inLanguage\":\"es\",\"potentialAction\":[{\"@type\":\"ReadAction\",\"target\":[\"https:\\\/\\\/diarioprincipios.com\\\/index.php\\\/2024\\\/04\\\/21\\\/siguen-las-jornadas-de-salud-bucodental-en-los-barrios-de-berazategui\\\/\"]}]},{\"@type\":\"ImageObject\",\"inLanguage\":\"es\",\"@id\":\"https:\\\/\\\/diarioprincipios.com\\\/index.php\\\/2024\\\/04\\\/21\\\/siguen-las-jornadas-de-salud-bucodental-en-los-barrios-de-berazategui\\\/#primaryimage\",\"url\":\"https:\\\/\\\/diarioprincipios.com\\\/wp-content\\\/uploads\\\/2024\\\/04\\\/SIGUEN-LAS-JORNADAS-DE-SALUD-BUCODENTAL-EN-LOS-BARRIOS-DE-BERAZATEGUI2.jpg\",\"contentUrl\":\"https:\\\/\\\/diarioprincipios.com\\\/wp-content\\\/uploads\\\/2024\\\/04\\\/SIGUEN-LAS-JORNADAS-DE-SALUD-BUCODENTAL-EN-LOS-BARRIOS-DE-BERAZATEGUI2.jpg\",\"width\":1920,\"height\":1440},{\"@type\":\"BreadcrumbList\",\"@id\":\"https:\\\/\\\/diarioprincipios.com\\\/index.php\\\/2024\\\/04\\\/21\\\/siguen-las-jornadas-de-salud-bucodental-en-los-barrios-de-berazategui\\\/#breadcrumb\",\"itemListElement\":[{\"@type\":\"ListItem\",\"position\":1,\"name\":\"Portada\",\"item\":\"https:\\\/\\\/diarioprincipios.com\\\/\"},{\"@type\":\"ListItem\",\"position\":2,\"name\":\"Siguen las Jornadas de Salud Bucodental en los Barrios de Berazategui\"}]},{\"@type\":\"WebSite\",\"@id\":\"https:\\\/\\\/diarioprincipios.com\\\/#website\",\"url\":\"https:\\\/\\\/diarioprincipios.com\\\/\",\"name\":\"Principios\",\"description\":\"Principios Diario\",\"publisher\":{\"@id\":\"https:\\\/\\\/diarioprincipios.com\\\/#organization\"},\"potentialAction\":[{\"@type\":\"SearchAction\",\"target\":{\"@type\":\"EntryPoint\",\"urlTemplate\":\"https:\\\/\\\/diarioprincipios.com\\\/?s={search_term_string}\"},\"query-input\":{\"@type\":\"PropertyValueSpecification\",\"valueRequired\":true,\"valueName\":\"search_term_string\"}}],\"inLanguage\":\"es\"},{\"@type\":\"Organization\",\"@id\":\"https:\\\/\\\/diarioprincipios.com\\\/#organization\",\"name\":\"Principios\",\"url\":\"https:\\\/\\\/diarioprincipios.com\\\/\",\"logo\":{\"@type\":\"ImageObject\",\"inLanguage\":\"es\",\"@id\":\"https:\\\/\\\/diarioprincipios.com\\\/#\\\/schema\\\/logo\\\/image\\\/\",\"url\":\"https:\\\/\\\/diarioprincipios.com\\\/wp-content\\\/uploads\\\/2024\\\/04\\\/cropped-www.diarioprincipios.com_-1.png\",\"contentUrl\":\"https:\\\/\\\/diarioprincipios.com\\\/wp-content\\\/uploads\\\/2024\\\/04\\\/cropped-www.diarioprincipios.com_-1.png\",\"width\":5325,\"height\":1454,\"caption\":\"Principios\"},\"image\":{\"@id\":\"https:\\\/\\\/diarioprincipios.com\\\/#\\\/schema\\\/logo\\\/image\\\/\"}},{\"@type\":\"Person\",\"@id\":\"https:\\\/\\\/diarioprincipios.com\\\/#\\\/schema\\\/person\\\/436d5a1fd41a5e250e23ff5a6a7cb080\",\"name\":\"Hern\u00e1n L\u00f3pez\",\"image\":{\"@type\":\"ImageObject\",\"inLanguage\":\"es\",\"@id\":\"https:\\\/\\\/diarioprincipios.com\\\/wp-content\\\/litespeed\\\/avatar\\\/11ddfe5610ff3bd100522525b2571f48.jpg?ver=1777048341\",\"url\":\"https:\\\/\\\/diarioprincipios.com\\\/wp-content\\\/litespeed\\\/avatar\\\/11ddfe5610ff3bd100522525b2571f48.jpg?ver=1777048341\",\"contentUrl\":\"https:\\\/\\\/diarioprincipios.com\\\/wp-content\\\/litespeed\\\/avatar\\\/11ddfe5610ff3bd100522525b2571f48.jpg?ver=1777048341\",\"caption\":\"Hern\u00e1n L\u00f3pez\"},\"url\":\"https:\\\/\\\/diarioprincipios.com\\\/index.php\\\/author\\\/hernan\\\/\"}]}<\/script>\n<!-- \/ Yoast SEO plugin. -->","yoast_head_json":{"title":"Siguen las Jornadas de Salud Bucodental en los Barrios de Berazategui - Principios","robots":{"index":"index","follow":"follow","max-snippet":"max-snippet:-1","max-image-preview":"max-image-preview:large","max-video-preview":"max-video-preview:-1"},"canonical":"https:\/\/diarioprincipios.com\/index.php\/2024\/04\/21\/siguen-las-jornadas-de-salud-bucodental-en-los-barrios-de-berazategui\/","og_locale":"es_ES","og_type":"article","og_title":"Siguen las Jornadas de Salud Bucodental en los Barrios de Berazategui - Principios","og_description":"Las y los profesionales del Centro Odontol\u00f3gico Municipal de Berazategui brindar\u00e1n atenci\u00f3n y charlas informativas en una nueva jornada gratuita de salud bucodental.\u00a0 Se realizar\u00e1 el martes 14 de mayo, en el CAPS N\u00b0 25 (Calle 58 e\/ 120 y 121, barrio El Cicl\u00f3n), para los vecinos y vecinas del barrio. Se entregar\u00e1n 40 turnos,...","og_url":"https:\/\/diarioprincipios.com\/index.php\/2024\/04\/21\/siguen-las-jornadas-de-salud-bucodental-en-los-barrios-de-berazategui\/","og_site_name":"Principios","article_published_time":"2024-04-21T12:32:21+00:00","article_modified_time":"2024-04-21T12:32:24+00:00","og_image":[{"width":1920,"height":1440,"url":"https:\/\/diarioprincipios.com\/wp-content\/uploads\/2024\/04\/SIGUEN-LAS-JORNADAS-DE-SALUD-BUCODENTAL-EN-LOS-BARRIOS-DE-BERAZATEGUI2.jpg","type":"image\/jpeg"}],"author":"Hern\u00e1n L\u00f3pez","twitter_card":"summary_large_image","twitter_misc":{"Escrito por":"Hern\u00e1n L\u00f3pez","Tiempo de lectura":"2 minutos"},"schema":{"@context":"https:\/\/schema.org","@graph":[{"@type":"Article","@id":"https:\/\/diarioprincipios.com\/index.php\/2024\/04\/21\/siguen-las-jornadas-de-salud-bucodental-en-los-barrios-de-berazategui\/#article","isPartOf":{"@id":"https:\/\/diarioprincipios.com\/index.php\/2024\/04\/21\/siguen-las-jornadas-de-salud-bucodental-en-los-barrios-de-berazategui\/"},"author":{"name":"Hern\u00e1n L\u00f3pez","@id":"https:\/\/diarioprincipios.com\/#\/schema\/person\/436d5a1fd41a5e250e23ff5a6a7cb080"},"headline":"Siguen las Jornadas de Salud Bucodental en los Barrios de Berazategui","datePublished":"2024-04-21T12:32:21+00:00","dateModified":"2024-04-21T12:32:24+00:00","mainEntityOfPage":{"@id":"https:\/\/diarioprincipios.com\/index.php\/2024\/04\/21\/siguen-las-jornadas-de-salud-bucodental-en-los-barrios-de-berazategui\/"},"wordCount":312,"commentCount":0,"publisher":{"@id":"https:\/\/diarioprincipios.com\/#organization"},"image":{"@id":"https:\/\/diarioprincipios.com\/index.php\/2024\/04\/21\/siguen-las-jornadas-de-salud-bucodental-en-los-barrios-de-berazategui\/#primaryimage"},"thumbnailUrl":"https:\/\/diarioprincipios.com\/wp-content\/uploads\/2024\/04\/SIGUEN-LAS-JORNADAS-DE-SALUD-BUCODENTAL-EN-LOS-BARRIOS-DE-BERAZATEGUI2.jpg","articleSection":["Berazategui","Salud y Ambiente"],"inLanguage":"es","potentialAction":[{"@type":"CommentAction","name":"Comment","target":["https:\/\/diarioprincipios.com\/index.php\/2024\/04\/21\/siguen-las-jornadas-de-salud-bucodental-en-los-barrios-de-berazategui\/#respond"]}]},{"@type":"WebPage","@id":"https:\/\/diarioprincipios.com\/index.php\/2024\/04\/21\/siguen-las-jornadas-de-salud-bucodental-en-los-barrios-de-berazategui\/","url":"https:\/\/diarioprincipios.com\/index.php\/2024\/04\/21\/siguen-las-jornadas-de-salud-bucodental-en-los-barrios-de-berazategui\/","name":"Siguen las Jornadas de Salud Bucodental en los Barrios de Berazategui - Principios","isPartOf":{"@id":"https:\/\/diarioprincipios.com\/#website"},"primaryImageOfPage":{"@id":"https:\/\/diarioprincipios.com\/index.php\/2024\/04\/21\/siguen-las-jornadas-de-salud-bucodental-en-los-barrios-de-berazategui\/#primaryimage"},"image":{"@id":"https:\/\/diarioprincipios.com\/index.php\/2024\/04\/21\/siguen-las-jornadas-de-salud-bucodental-en-los-barrios-de-berazategui\/#primaryimage"},"thumbnailUrl":"https:\/\/diarioprincipios.com\/wp-content\/uploads\/2024\/04\/SIGUEN-LAS-JORNADAS-DE-SALUD-BUCODENTAL-EN-LOS-BARRIOS-DE-BERAZATEGUI2.jpg","datePublished":"2024-04-21T12:32:21+00:00","dateModified":"2024-04-21T12:32:24+00:00","breadcrumb":{"@id":"https:\/\/diarioprincipios.com\/index.php\/2024\/04\/21\/siguen-las-jornadas-de-salud-bucodental-en-los-barrios-de-berazategui\/#breadcrumb"},"inLanguage":"es","potentialAction":[{"@type":"ReadAction","target":["https:\/\/diarioprincipios.com\/index.php\/2024\/04\/21\/siguen-las-jornadas-de-salud-bucodental-en-los-barrios-de-berazategui\/"]}]},{"@type":"ImageObject","inLanguage":"es","@id":"https:\/\/diarioprincipios.com\/index.php\/2024\/04\/21\/siguen-las-jornadas-de-salud-bucodental-en-los-barrios-de-berazategui\/#primaryimage","url":"https:\/\/diarioprincipios.com\/wp-content\/uploads\/2024\/04\/SIGUEN-LAS-JORNADAS-DE-SALUD-BUCODENTAL-EN-LOS-BARRIOS-DE-BERAZATEGUI2.jpg","contentUrl":"https:\/\/diarioprincipios.com\/wp-content\/uploads\/2024\/04\/SIGUEN-LAS-JORNADAS-DE-SALUD-BUCODENTAL-EN-LOS-BARRIOS-DE-BERAZATEGUI2.jpg","width":1920,"height":1440},{"@type":"BreadcrumbList","@id":"https:\/\/diarioprincipios.com\/index.php\/2024\/04\/21\/siguen-las-jornadas-de-salud-bucodental-en-los-barrios-de-berazategui\/#breadcrumb","itemListElement":[{"@type":"ListItem","position":1,"name":"Portada","item":"https:\/\/diarioprincipios.com\/"},{"@type":"ListItem","position":2,"name":"Siguen las Jornadas de Salud Bucodental en los Barrios de Berazategui"}]},{"@type":"WebSite","@id":"https:\/\/diarioprincipios.com\/#website","url":"https:\/\/diarioprincipios.com\/","name":"Principios","description":"Principios Diario","publisher":{"@id":"https:\/\/diarioprincipios.com\/#organization"},"potentialAction":[{"@type":"SearchAction","target":{"@type":"EntryPoint","urlTemplate":"https:\/\/diarioprincipios.com\/?s={search_term_string}"},"query-input":{"@type":"PropertyValueSpecification","valueRequired":true,"valueName":"search_term_string"}}],"inLanguage":"es"},{"@type":"Organization","@id":"https:\/\/diarioprincipios.com\/#organization","name":"Principios","url":"https:\/\/diarioprincipios.com\/","logo":{"@type":"ImageObject","inLanguage":"es","@id":"https:\/\/diarioprincipios.com\/#\/schema\/logo\/image\/","url":"https:\/\/diarioprincipios.com\/wp-content\/uploads\/2024\/04\/cropped-www.diarioprincipios.com_-1.png","contentUrl":"https:\/\/diarioprincipios.com\/wp-content\/uploads\/2024\/04\/cropped-www.diarioprincipios.com_-1.png","width":5325,"height":1454,"caption":"Principios"},"image":{"@id":"https:\/\/diarioprincipios.com\/#\/schema\/logo\/image\/"}},{"@type":"Person","@id":"https:\/\/diarioprincipios.com\/#\/schema\/person\/436d5a1fd41a5e250e23ff5a6a7cb080","name":"Hern\u00e1n L\u00f3pez","image":{"@type":"ImageObject","inLanguage":"es","@id":"https:\/\/diarioprincipios.com\/wp-content\/litespeed\/avatar\/11ddfe5610ff3bd100522525b2571f48.jpg?ver=1777048341","url":"https:\/\/diarioprincipios.com\/wp-content\/litespeed\/avatar\/11ddfe5610ff3bd100522525b2571f48.jpg?ver=1777048341","contentUrl":"https:\/\/diarioprincipios.com\/wp-content\/litespeed\/avatar\/11ddfe5610ff3bd100522525b2571f48.jpg?ver=1777048341","caption":"Hern\u00e1n L\u00f3pez"},"url":"https:\/\/diarioprincipios.com\/index.php\/author\/hernan\/"}]}},"jetpack_featured_media_url":"https:\/\/diarioprincipios.com\/wp-content\/uploads\/2024\/04\/SIGUEN-LAS-JORNADAS-DE-SALUD-BUCODENTAL-EN-LOS-BARRIOS-DE-BERAZATEGUI2.jpg","_links":{"self":[{"href":"https:\/\/diarioprincipios.com\/index.php\/wp-json\/wp\/v2\/posts\/21608","targetHints":{"allow":["GET"]}}],"collection":[{"href":"https:\/\/diarioprincipios.com\/index.php\/wp-json\/wp\/v2\/posts"}],"about":[{"href":"https:\/\/diarioprincipios.com\/index.php\/wp-json\/wp\/v2\/types\/post"}],"author":[{"embeddable":true,"href":"https:\/\/diarioprincipios.com\/index.php\/wp-json\/wp\/v2\/users\/2"}],"replies":[{"embeddable":true,"href":"https:\/\/diarioprincipios.com\/index.php\/wp-json\/wp\/v2\/comments?post=21608"}],"version-history":[{"count":1,"href":"https:\/\/diarioprincipios.com\/index.php\/wp-json\/wp\/v2\/posts\/21608\/revisions"}],"predecessor-version":[{"id":21612,"href":"https:\/\/diarioprincipios.com\/index.php\/wp-json\/wp\/v2\/posts\/21608\/revisions\/21612"}],"wp:featuredmedia":[{"embeddable":true,"href":"https:\/\/diarioprincipios.com\/index.php\/wp-json\/wp\/v2\/media\/21611"}],"wp:attachment":[{"href":"https:\/\/diarioprincipios.com\/index.php\/wp-json\/wp\/v2\/media?parent=21608"}],"wp:term":[{"taxonomy":"category","embeddable":true,"href":"https:\/\/diarioprincipios.com\/index.php\/wp-json\/wp\/v2\/categories?post=21608"},{"taxonomy":"post_tag","embeddable":true,"href":"https:\/\/diarioprincipios.com\/index.php\/wp-json\/wp\/v2\/tags?post=21608"}],"curies":[{"name":"wp","href":"https:\/\/api.w.org\/{rel}","templated":true}]}}