{"id":21591,"date":"2024-04-17T21:06:24","date_gmt":"2024-04-18T00:06:24","guid":{"rendered":"http:\/\/diarioprincipios.com\/?p=21591"},"modified":"2024-04-17T21:06:27","modified_gmt":"2024-04-18T00:06:27","slug":"kicillof-inauguro-el-nuevo-edificio-del-instituto-de-formacion-docente-n-83-de-solano","status":"publish","type":"post","link":"https:\/\/diarioprincipios.com\/index.php\/2024\/04\/17\/kicillof-inauguro-el-nuevo-edificio-del-instituto-de-formacion-docente-n-83-de-solano\/","title":{"rendered":"Kicillof inaugur\u00f3 el nuevo edificio del Instituto de Formaci\u00f3n Docente N\u00b0 83 de Solano"},"content":{"rendered":"\n<p>El gobernador de la Provincia de Buenos Aires, Axel Kicillfof, inaugurar\u00f3 este mi\u00e9rcoles el nuevo edificio del Instituto Superior de Formaci\u00f3n Docente y T\u00e9cnica (ISFDT)\u00a0N\u00ba 83, ubicado en la calle 893 entre 843 y 844, en pleno centro de San Francisco Solano. Se trata de una iniciativa muy anhelada por la comunidad acad\u00e9mica, docentes y estudiantes, ya que es la primera vez en d\u00e9cadas que la entidad cuenta con un espacio propio.<\/p>\n\n\n\n<p>\u201cEstamos viviendo un momento hist\u00f3rico y un hecho que consagra el trabajo que estuvimos haciendo hace un poco m\u00e1s de cuatro a\u00f1os, cuando con la posibilidad y la confianza de la mayor\u00eda de los quilme\u00f1os y quilme\u00f1as, pudimos volver a reconfirmar que vamos a seguir trabajando por el progreso de Solano y de todo Quilmes, no importan las adversidades ni las dificultades con la que nos encontremos. Quiero que sepan como he dicho en m\u00e1s de una oportunidad, como militante pol\u00edtica e Intendenta, siempre me van a encontrar caminando junto a ustedes, al lado de mi comunidad\u201d, se\u00f1al\u00f3 Mayra Mendoza, intendenta de Quilmes que acompa\u00f1\u00f3 al Gobernador en el acto.<\/p>\n\n\n\n<p>Por su parte, Axel Kicillof destac\u00f3: \u201cEsta inauguraci\u00f3n es muy importante porque la concretamos en un momento muy dif\u00edcil para todos, que es consecuencia de un Gobierno Nacional que ha paralizado las obras en todo el pa\u00eds. Este es el edificio escolar n\u00famero 220 que sumamos en la provincia de Buenos Aires: hay que estar aqu\u00ed para entender que, cuando se cortan presupuestos para la educaci\u00f3n, se est\u00e1n cortando trayectorias, esperanzas, sue\u00f1os y futuro\u201d.<\/p>\n\n\n\n<figure class=\"wp-block-image size-large\"><img loading=\"lazy\" decoding=\"async\" width=\"1024\" height=\"682\" src=\"https:\/\/diarioprincipios.com\/wp-content\/uploads\/2024\/04\/MAYRA-Y-EL-GOBERNADOR-KICILLOF-INAUGURARON-EL-NUEVO-EDIFICIO-DEL-ISFDT-No-83-DE-SAN-FRANCISCO-SOLANO-2-1024x682.jpg\" alt=\"\" class=\"wp-image-21592\" srcset=\"https:\/\/diarioprincipios.com\/wp-content\/uploads\/2024\/04\/MAYRA-Y-EL-GOBERNADOR-KICILLOF-INAUGURARON-EL-NUEVO-EDIFICIO-DEL-ISFDT-No-83-DE-SAN-FRANCISCO-SOLANO-2-1024x682.jpg 1024w, https:\/\/diarioprincipios.com\/wp-content\/uploads\/2024\/04\/MAYRA-Y-EL-GOBERNADOR-KICILLOF-INAUGURARON-EL-NUEVO-EDIFICIO-DEL-ISFDT-No-83-DE-SAN-FRANCISCO-SOLANO-2-300x200.jpg 300w, https:\/\/diarioprincipios.com\/wp-content\/uploads\/2024\/04\/MAYRA-Y-EL-GOBERNADOR-KICILLOF-INAUGURARON-EL-NUEVO-EDIFICIO-DEL-ISFDT-No-83-DE-SAN-FRANCISCO-SOLANO-2-768x512.jpg 768w, https:\/\/diarioprincipios.com\/wp-content\/uploads\/2024\/04\/MAYRA-Y-EL-GOBERNADOR-KICILLOF-INAUGURARON-EL-NUEVO-EDIFICIO-DEL-ISFDT-No-83-DE-SAN-FRANCISCO-SOLANO-2-820x545.jpg 820w, https:\/\/diarioprincipios.com\/wp-content\/uploads\/2024\/04\/MAYRA-Y-EL-GOBERNADOR-KICILLOF-INAUGURARON-EL-NUEVO-EDIFICIO-DEL-ISFDT-No-83-DE-SAN-FRANCISCO-SOLANO-2-600x400.jpg 600w, https:\/\/diarioprincipios.com\/wp-content\/uploads\/2024\/04\/MAYRA-Y-EL-GOBERNADOR-KICILLOF-INAUGURARON-EL-NUEVO-EDIFICIO-DEL-ISFDT-No-83-DE-SAN-FRANCISCO-SOLANO-2.jpg 1280w\" sizes=\"auto, (max-width: 1024px) 100vw, 1024px\" \/><\/figure>\n\n\n\n<p>El Mandatario provincial expres\u00f3: \u201cLo que estamos haciendo hoy en Quilmes solamente se puede expresar en las palabras, las miradas y la alegr\u00eda de la comunidad educativa y de las y los vecinos de Solano. Cuando con mucha crueldad e ignorancia hablan de dinamitar al Estado, deber\u00edan comprender que el Estado es este instituto, sus docentes y sus estudiantes.&nbsp;Se suele decir que es dif\u00edcil construir y muy f\u00e1cil luego destruir. Hoy les decimos que si quieren destruir al sistema educativo tambi\u00e9n les va a costar bastante: vamos a llenar la plaza el 23 de abril para demostrar que la educaci\u00f3n y la universidad p\u00fablica no se venden, se defienden\u201d.<\/p>\n\n\n\n<p>Esta iniciativa se desarroll\u00f3 a trav\u00e9s de un convenio espec\u00edfico en conjunto entre el Municipio y el Gobierno Bonaerense, que busc\u00f3 mejorar la infraestructura de todos los establecimientos educativos del distrito, poniendo en valor las condiciones de trabajo y estudio tanto de los y las docentes as\u00ed como de los y las estudiantes y personal auxiliar que asisten a diario al establecimiento.&nbsp;<\/p>\n\n\n\n<p>El ISFDT N\u00ba 83 cuenta con una matr\u00edcula de 2.100 alumnos y alumnas, tiene un sal\u00f3n de usos m\u00faltiples (SUM), un comedor y un \u00e1rea administrativa. En las plantas superiores funcionan 24 \u00e1reas educativas que se componen de aulas, talleres, una biblioteca, salas de tecnolog\u00eda, \u00e1reas administrativas, cocina para personal, sala de profesores, preceptor\u00eda, sala de maternidad y una amplia terraza de uso com\u00fan en el \u00faltimo piso.<\/p>\n\n\n\n<p>El lugar garantiza una infraestructura segura, moderna y acorde a las necesidades del distrito. A su vez, permite que m\u00e1s personas accedan a un servicio educativo de calidad para que logren construir un futuro con mejores oportunidades laborales. No solo beneficia a los solanenses, sino tambi\u00e9n a los ciudadanos y ciudadanas de los diferentes barrios de Quilmes.<\/p>\n\n\n\n<p>Este edificio conforma un polo educativo en la manzana, junto a la Escuela de Educaci\u00f3n Secundaria N\u00ba 2 \u201cDon Luis Piedrabuena\u201d, donde la Comuna inaugur\u00f3 tres nuevas aulas y una sala maternal; adem\u00e1s de haber hecho una refacci\u00f3n integral de cubiertas, muros, pisos, electricidad, cloacas y gas; y all\u00ed recientemente se hizo una nueva cancha techada para el disfrute de las y los estudiantes.<\/p>\n\n\n\n<p><\/p>\n","protected":false},"excerpt":{"rendered":"<p>El gobernador de la Provincia de Buenos Aires, Axel Kicillfof, inaugurar\u00f3 este mi\u00e9rcoles el nuevo edificio del Instituto Superior de Formaci\u00f3n Docente y T\u00e9cnica (ISFDT)\u00a0N\u00ba 83, ubicado en la calle 893 entre 843 y 844, en pleno centro de San Francisco Solano. Se trata de una iniciativa muy anhelada por la comunidad acad\u00e9mica, docentes y&#8230;<\/p>\n","protected":false},"author":2,"featured_media":21593,"comment_status":"open","ping_status":"open","sticky":false,"template":"","format":"standard","meta":{"footnotes":""},"categories":[4,17],"tags":[],"class_list":["post-21591","post","type-post","status-publish","format-standard","has-post-thumbnail","hentry","category-quilmes","category-zona-sur"],"featured_image_src":"https:\/\/diarioprincipios.com\/wp-content\/uploads\/2024\/04\/MAYRA-Y-EL-GOBERNADOR-KICILLOF-INAUGURARON-EL-NUEVO-EDIFICIO-DEL-ISFDT-No-83-DE-SAN-FRANCISCO-SOLANO-1-1024x682.jpg","blog_images":{"medium":"https:\/\/diarioprincipios.com\/wp-content\/uploads\/2024\/04\/MAYRA-Y-EL-GOBERNADOR-KICILLOF-INAUGURARON-EL-NUEVO-EDIFICIO-DEL-ISFDT-No-83-DE-SAN-FRANCISCO-SOLANO-1-300x200.jpg","large":"https:\/\/diarioprincipios.com\/wp-content\/uploads\/2024\/04\/MAYRA-Y-EL-GOBERNADOR-KICILLOF-INAUGURARON-EL-NUEVO-EDIFICIO-DEL-ISFDT-No-83-DE-SAN-FRANCISCO-SOLANO-1-1024x682.jpg"},"ams_acf":[],"yoast_head":"<!-- This site is optimized with the Yoast SEO plugin v27.3 - https:\/\/yoast.com\/product\/yoast-seo-wordpress\/ -->\n<title>Kicillof inaugur\u00f3 el nuevo edificio del Instituto de Formaci\u00f3n Docente N\u00b0 83 de Solano - Principios<\/title>\n<meta name=\"robots\" content=\"index, follow, max-snippet:-1, max-image-preview:large, max-video-preview:-1\" \/>\n<link rel=\"canonical\" href=\"https:\/\/diarioprincipios.com\/index.php\/2024\/04\/17\/kicillof-inauguro-el-nuevo-edificio-del-instituto-de-formacion-docente-n-83-de-solano\/\" \/>\n<meta property=\"og:locale\" content=\"es_ES\" \/>\n<meta property=\"og:type\" content=\"article\" \/>\n<meta property=\"og:title\" content=\"Kicillof inaugur\u00f3 el nuevo edificio del Instituto de Formaci\u00f3n Docente N\u00b0 83 de Solano - Principios\" \/>\n<meta property=\"og:description\" content=\"El gobernador de la Provincia de Buenos Aires, Axel Kicillfof, inaugurar\u00f3 este mi\u00e9rcoles el nuevo edificio del Instituto Superior de Formaci\u00f3n Docente y T\u00e9cnica (ISFDT)\u00a0N\u00ba 83, ubicado en la calle 893 entre 843 y 844, en pleno centro de San Francisco Solano. Se trata de una iniciativa muy anhelada por la comunidad acad\u00e9mica, docentes y...\" \/>\n<meta property=\"og:url\" content=\"https:\/\/diarioprincipios.com\/index.php\/2024\/04\/17\/kicillof-inauguro-el-nuevo-edificio-del-instituto-de-formacion-docente-n-83-de-solano\/\" \/>\n<meta property=\"og:site_name\" content=\"Principios\" \/>\n<meta property=\"article:published_time\" content=\"2024-04-18T00:06:24+00:00\" \/>\n<meta property=\"article:modified_time\" content=\"2024-04-18T00:06:27+00:00\" \/>\n<meta property=\"og:image\" content=\"https:\/\/diarioprincipios.com\/wp-content\/uploads\/2024\/04\/MAYRA-Y-EL-GOBERNADOR-KICILLOF-INAUGURARON-EL-NUEVO-EDIFICIO-DEL-ISFDT-No-83-DE-SAN-FRANCISCO-SOLANO-1.jpg\" \/>\n\t<meta property=\"og:image:width\" content=\"1280\" \/>\n\t<meta property=\"og:image:height\" content=\"853\" \/>\n\t<meta property=\"og:image:type\" content=\"image\/jpeg\" \/>\n<meta name=\"author\" content=\"Hern\u00e1n L\u00f3pez\" \/>\n<meta name=\"twitter:card\" content=\"summary_large_image\" \/>\n<meta name=\"twitter:label1\" content=\"Escrito por\" \/>\n\t<meta name=\"twitter:data1\" content=\"Hern\u00e1n L\u00f3pez\" \/>\n\t<meta name=\"twitter:label2\" content=\"Tiempo de lectura\" \/>\n\t<meta name=\"twitter:data2\" content=\"4 minutos\" \/>\n<script type=\"application\/ld+json\" class=\"yoast-schema-graph\">{\"@context\":\"https:\\\/\\\/schema.org\",\"@graph\":[{\"@type\":\"Article\",\"@id\":\"https:\\\/\\\/diarioprincipios.com\\\/index.php\\\/2024\\\/04\\\/17\\\/kicillof-inauguro-el-nuevo-edificio-del-instituto-de-formacion-docente-n-83-de-solano\\\/#article\",\"isPartOf\":{\"@id\":\"https:\\\/\\\/diarioprincipios.com\\\/index.php\\\/2024\\\/04\\\/17\\\/kicillof-inauguro-el-nuevo-edificio-del-instituto-de-formacion-docente-n-83-de-solano\\\/\"},\"author\":{\"name\":\"Hern\u00e1n L\u00f3pez\",\"@id\":\"https:\\\/\\\/diarioprincipios.com\\\/#\\\/schema\\\/person\\\/436d5a1fd41a5e250e23ff5a6a7cb080\"},\"headline\":\"Kicillof inaugur\u00f3 el nuevo edificio del Instituto de Formaci\u00f3n Docente N\u00b0 83 de Solano\",\"datePublished\":\"2024-04-18T00:06:24+00:00\",\"dateModified\":\"2024-04-18T00:06:27+00:00\",\"mainEntityOfPage\":{\"@id\":\"https:\\\/\\\/diarioprincipios.com\\\/index.php\\\/2024\\\/04\\\/17\\\/kicillof-inauguro-el-nuevo-edificio-del-instituto-de-formacion-docente-n-83-de-solano\\\/\"},\"wordCount\":665,\"commentCount\":0,\"publisher\":{\"@id\":\"https:\\\/\\\/diarioprincipios.com\\\/#organization\"},\"image\":{\"@id\":\"https:\\\/\\\/diarioprincipios.com\\\/index.php\\\/2024\\\/04\\\/17\\\/kicillof-inauguro-el-nuevo-edificio-del-instituto-de-formacion-docente-n-83-de-solano\\\/#primaryimage\"},\"thumbnailUrl\":\"https:\\\/\\\/diarioprincipios.com\\\/wp-content\\\/uploads\\\/2024\\\/04\\\/MAYRA-Y-EL-GOBERNADOR-KICILLOF-INAUGURARON-EL-NUEVO-EDIFICIO-DEL-ISFDT-No-83-DE-SAN-FRANCISCO-SOLANO-1.jpg\",\"articleSection\":[\"Quilmes\",\"Zonar Sur\"],\"inLanguage\":\"es\",\"potentialAction\":[{\"@type\":\"CommentAction\",\"name\":\"Comment\",\"target\":[\"https:\\\/\\\/diarioprincipios.com\\\/index.php\\\/2024\\\/04\\\/17\\\/kicillof-inauguro-el-nuevo-edificio-del-instituto-de-formacion-docente-n-83-de-solano\\\/#respond\"]}]},{\"@type\":\"WebPage\",\"@id\":\"https:\\\/\\\/diarioprincipios.com\\\/index.php\\\/2024\\\/04\\\/17\\\/kicillof-inauguro-el-nuevo-edificio-del-instituto-de-formacion-docente-n-83-de-solano\\\/\",\"url\":\"https:\\\/\\\/diarioprincipios.com\\\/index.php\\\/2024\\\/04\\\/17\\\/kicillof-inauguro-el-nuevo-edificio-del-instituto-de-formacion-docente-n-83-de-solano\\\/\",\"name\":\"Kicillof inaugur\u00f3 el nuevo edificio del Instituto de Formaci\u00f3n Docente N\u00b0 83 de Solano - Principios\",\"isPartOf\":{\"@id\":\"https:\\\/\\\/diarioprincipios.com\\\/#website\"},\"primaryImageOfPage\":{\"@id\":\"https:\\\/\\\/diarioprincipios.com\\\/index.php\\\/2024\\\/04\\\/17\\\/kicillof-inauguro-el-nuevo-edificio-del-instituto-de-formacion-docente-n-83-de-solano\\\/#primaryimage\"},\"image\":{\"@id\":\"https:\\\/\\\/diarioprincipios.com\\\/index.php\\\/2024\\\/04\\\/17\\\/kicillof-inauguro-el-nuevo-edificio-del-instituto-de-formacion-docente-n-83-de-solano\\\/#primaryimage\"},\"thumbnailUrl\":\"https:\\\/\\\/diarioprincipios.com\\\/wp-content\\\/uploads\\\/2024\\\/04\\\/MAYRA-Y-EL-GOBERNADOR-KICILLOF-INAUGURARON-EL-NUEVO-EDIFICIO-DEL-ISFDT-No-83-DE-SAN-FRANCISCO-SOLANO-1.jpg\",\"datePublished\":\"2024-04-18T00:06:24+00:00\",\"dateModified\":\"2024-04-18T00:06:27+00:00\",\"breadcrumb\":{\"@id\":\"https:\\\/\\\/diarioprincipios.com\\\/index.php\\\/2024\\\/04\\\/17\\\/kicillof-inauguro-el-nuevo-edificio-del-instituto-de-formacion-docente-n-83-de-solano\\\/#breadcrumb\"},\"inLanguage\":\"es\",\"potentialAction\":[{\"@type\":\"ReadAction\",\"target\":[\"https:\\\/\\\/diarioprincipios.com\\\/index.php\\\/2024\\\/04\\\/17\\\/kicillof-inauguro-el-nuevo-edificio-del-instituto-de-formacion-docente-n-83-de-solano\\\/\"]}]},{\"@type\":\"ImageObject\",\"inLanguage\":\"es\",\"@id\":\"https:\\\/\\\/diarioprincipios.com\\\/index.php\\\/2024\\\/04\\\/17\\\/kicillof-inauguro-el-nuevo-edificio-del-instituto-de-formacion-docente-n-83-de-solano\\\/#primaryimage\",\"url\":\"https:\\\/\\\/diarioprincipios.com\\\/wp-content\\\/uploads\\\/2024\\\/04\\\/MAYRA-Y-EL-GOBERNADOR-KICILLOF-INAUGURARON-EL-NUEVO-EDIFICIO-DEL-ISFDT-No-83-DE-SAN-FRANCISCO-SOLANO-1.jpg\",\"contentUrl\":\"https:\\\/\\\/diarioprincipios.com\\\/wp-content\\\/uploads\\\/2024\\\/04\\\/MAYRA-Y-EL-GOBERNADOR-KICILLOF-INAUGURARON-EL-NUEVO-EDIFICIO-DEL-ISFDT-No-83-DE-SAN-FRANCISCO-SOLANO-1.jpg\",\"width\":1280,\"height\":853},{\"@type\":\"BreadcrumbList\",\"@id\":\"https:\\\/\\\/diarioprincipios.com\\\/index.php\\\/2024\\\/04\\\/17\\\/kicillof-inauguro-el-nuevo-edificio-del-instituto-de-formacion-docente-n-83-de-solano\\\/#breadcrumb\",\"itemListElement\":[{\"@type\":\"ListItem\",\"position\":1,\"name\":\"Portada\",\"item\":\"https:\\\/\\\/diarioprincipios.com\\\/\"},{\"@type\":\"ListItem\",\"position\":2,\"name\":\"Kicillof inaugur\u00f3 el nuevo edificio del Instituto de Formaci\u00f3n Docente N\u00b0 83 de Solano\"}]},{\"@type\":\"WebSite\",\"@id\":\"https:\\\/\\\/diarioprincipios.com\\\/#website\",\"url\":\"https:\\\/\\\/diarioprincipios.com\\\/\",\"name\":\"Principios\",\"description\":\"Principios Diario\",\"publisher\":{\"@id\":\"https:\\\/\\\/diarioprincipios.com\\\/#organization\"},\"potentialAction\":[{\"@type\":\"SearchAction\",\"target\":{\"@type\":\"EntryPoint\",\"urlTemplate\":\"https:\\\/\\\/diarioprincipios.com\\\/?s={search_term_string}\"},\"query-input\":{\"@type\":\"PropertyValueSpecification\",\"valueRequired\":true,\"valueName\":\"search_term_string\"}}],\"inLanguage\":\"es\"},{\"@type\":\"Organization\",\"@id\":\"https:\\\/\\\/diarioprincipios.com\\\/#organization\",\"name\":\"Principios\",\"url\":\"https:\\\/\\\/diarioprincipios.com\\\/\",\"logo\":{\"@type\":\"ImageObject\",\"inLanguage\":\"es\",\"@id\":\"https:\\\/\\\/diarioprincipios.com\\\/#\\\/schema\\\/logo\\\/image\\\/\",\"url\":\"https:\\\/\\\/diarioprincipios.com\\\/wp-content\\\/uploads\\\/2024\\\/04\\\/cropped-www.diarioprincipios.com_-1.png\",\"contentUrl\":\"https:\\\/\\\/diarioprincipios.com\\\/wp-content\\\/uploads\\\/2024\\\/04\\\/cropped-www.diarioprincipios.com_-1.png\",\"width\":5325,\"height\":1454,\"caption\":\"Principios\"},\"image\":{\"@id\":\"https:\\\/\\\/diarioprincipios.com\\\/#\\\/schema\\\/logo\\\/image\\\/\"}},{\"@type\":\"Person\",\"@id\":\"https:\\\/\\\/diarioprincipios.com\\\/#\\\/schema\\\/person\\\/436d5a1fd41a5e250e23ff5a6a7cb080\",\"name\":\"Hern\u00e1n L\u00f3pez\",\"image\":{\"@type\":\"ImageObject\",\"inLanguage\":\"es\",\"@id\":\"https:\\\/\\\/diarioprincipios.com\\\/wp-content\\\/litespeed\\\/avatar\\\/11ddfe5610ff3bd100522525b2571f48.jpg?ver=1777048341\",\"url\":\"https:\\\/\\\/diarioprincipios.com\\\/wp-content\\\/litespeed\\\/avatar\\\/11ddfe5610ff3bd100522525b2571f48.jpg?ver=1777048341\",\"contentUrl\":\"https:\\\/\\\/diarioprincipios.com\\\/wp-content\\\/litespeed\\\/avatar\\\/11ddfe5610ff3bd100522525b2571f48.jpg?ver=1777048341\",\"caption\":\"Hern\u00e1n L\u00f3pez\"},\"url\":\"https:\\\/\\\/diarioprincipios.com\\\/index.php\\\/author\\\/hernan\\\/\"}]}<\/script>\n<!-- \/ Yoast SEO plugin. -->","yoast_head_json":{"title":"Kicillof inaugur\u00f3 el nuevo edificio del Instituto de Formaci\u00f3n Docente N\u00b0 83 de Solano - Principios","robots":{"index":"index","follow":"follow","max-snippet":"max-snippet:-1","max-image-preview":"max-image-preview:large","max-video-preview":"max-video-preview:-1"},"canonical":"https:\/\/diarioprincipios.com\/index.php\/2024\/04\/17\/kicillof-inauguro-el-nuevo-edificio-del-instituto-de-formacion-docente-n-83-de-solano\/","og_locale":"es_ES","og_type":"article","og_title":"Kicillof inaugur\u00f3 el nuevo edificio del Instituto de Formaci\u00f3n Docente N\u00b0 83 de Solano - Principios","og_description":"El gobernador de la Provincia de Buenos Aires, Axel Kicillfof, inaugurar\u00f3 este mi\u00e9rcoles el nuevo edificio del Instituto Superior de Formaci\u00f3n Docente y T\u00e9cnica (ISFDT)\u00a0N\u00ba 83, ubicado en la calle 893 entre 843 y 844, en pleno centro de San Francisco Solano. Se trata de una iniciativa muy anhelada por la comunidad acad\u00e9mica, docentes y...","og_url":"https:\/\/diarioprincipios.com\/index.php\/2024\/04\/17\/kicillof-inauguro-el-nuevo-edificio-del-instituto-de-formacion-docente-n-83-de-solano\/","og_site_name":"Principios","article_published_time":"2024-04-18T00:06:24+00:00","article_modified_time":"2024-04-18T00:06:27+00:00","og_image":[{"width":1280,"height":853,"url":"https:\/\/diarioprincipios.com\/wp-content\/uploads\/2024\/04\/MAYRA-Y-EL-GOBERNADOR-KICILLOF-INAUGURARON-EL-NUEVO-EDIFICIO-DEL-ISFDT-No-83-DE-SAN-FRANCISCO-SOLANO-1.jpg","type":"image\/jpeg"}],"author":"Hern\u00e1n L\u00f3pez","twitter_card":"summary_large_image","twitter_misc":{"Escrito por":"Hern\u00e1n L\u00f3pez","Tiempo de lectura":"4 minutos"},"schema":{"@context":"https:\/\/schema.org","@graph":[{"@type":"Article","@id":"https:\/\/diarioprincipios.com\/index.php\/2024\/04\/17\/kicillof-inauguro-el-nuevo-edificio-del-instituto-de-formacion-docente-n-83-de-solano\/#article","isPartOf":{"@id":"https:\/\/diarioprincipios.com\/index.php\/2024\/04\/17\/kicillof-inauguro-el-nuevo-edificio-del-instituto-de-formacion-docente-n-83-de-solano\/"},"author":{"name":"Hern\u00e1n L\u00f3pez","@id":"https:\/\/diarioprincipios.com\/#\/schema\/person\/436d5a1fd41a5e250e23ff5a6a7cb080"},"headline":"Kicillof inaugur\u00f3 el nuevo edificio del Instituto de Formaci\u00f3n Docente N\u00b0 83 de Solano","datePublished":"2024-04-18T00:06:24+00:00","dateModified":"2024-04-18T00:06:27+00:00","mainEntityOfPage":{"@id":"https:\/\/diarioprincipios.com\/index.php\/2024\/04\/17\/kicillof-inauguro-el-nuevo-edificio-del-instituto-de-formacion-docente-n-83-de-solano\/"},"wordCount":665,"commentCount":0,"publisher":{"@id":"https:\/\/diarioprincipios.com\/#organization"},"image":{"@id":"https:\/\/diarioprincipios.com\/index.php\/2024\/04\/17\/kicillof-inauguro-el-nuevo-edificio-del-instituto-de-formacion-docente-n-83-de-solano\/#primaryimage"},"thumbnailUrl":"https:\/\/diarioprincipios.com\/wp-content\/uploads\/2024\/04\/MAYRA-Y-EL-GOBERNADOR-KICILLOF-INAUGURARON-EL-NUEVO-EDIFICIO-DEL-ISFDT-No-83-DE-SAN-FRANCISCO-SOLANO-1.jpg","articleSection":["Quilmes","Zonar Sur"],"inLanguage":"es","potentialAction":[{"@type":"CommentAction","name":"Comment","target":["https:\/\/diarioprincipios.com\/index.php\/2024\/04\/17\/kicillof-inauguro-el-nuevo-edificio-del-instituto-de-formacion-docente-n-83-de-solano\/#respond"]}]},{"@type":"WebPage","@id":"https:\/\/diarioprincipios.com\/index.php\/2024\/04\/17\/kicillof-inauguro-el-nuevo-edificio-del-instituto-de-formacion-docente-n-83-de-solano\/","url":"https:\/\/diarioprincipios.com\/index.php\/2024\/04\/17\/kicillof-inauguro-el-nuevo-edificio-del-instituto-de-formacion-docente-n-83-de-solano\/","name":"Kicillof inaugur\u00f3 el nuevo edificio del Instituto de Formaci\u00f3n Docente N\u00b0 83 de Solano - Principios","isPartOf":{"@id":"https:\/\/diarioprincipios.com\/#website"},"primaryImageOfPage":{"@id":"https:\/\/diarioprincipios.com\/index.php\/2024\/04\/17\/kicillof-inauguro-el-nuevo-edificio-del-instituto-de-formacion-docente-n-83-de-solano\/#primaryimage"},"image":{"@id":"https:\/\/diarioprincipios.com\/index.php\/2024\/04\/17\/kicillof-inauguro-el-nuevo-edificio-del-instituto-de-formacion-docente-n-83-de-solano\/#primaryimage"},"thumbnailUrl":"https:\/\/diarioprincipios.com\/wp-content\/uploads\/2024\/04\/MAYRA-Y-EL-GOBERNADOR-KICILLOF-INAUGURARON-EL-NUEVO-EDIFICIO-DEL-ISFDT-No-83-DE-SAN-FRANCISCO-SOLANO-1.jpg","datePublished":"2024-04-18T00:06:24+00:00","dateModified":"2024-04-18T00:06:27+00:00","breadcrumb":{"@id":"https:\/\/diarioprincipios.com\/index.php\/2024\/04\/17\/kicillof-inauguro-el-nuevo-edificio-del-instituto-de-formacion-docente-n-83-de-solano\/#breadcrumb"},"inLanguage":"es","potentialAction":[{"@type":"ReadAction","target":["https:\/\/diarioprincipios.com\/index.php\/2024\/04\/17\/kicillof-inauguro-el-nuevo-edificio-del-instituto-de-formacion-docente-n-83-de-solano\/"]}]},{"@type":"ImageObject","inLanguage":"es","@id":"https:\/\/diarioprincipios.com\/index.php\/2024\/04\/17\/kicillof-inauguro-el-nuevo-edificio-del-instituto-de-formacion-docente-n-83-de-solano\/#primaryimage","url":"https:\/\/diarioprincipios.com\/wp-content\/uploads\/2024\/04\/MAYRA-Y-EL-GOBERNADOR-KICILLOF-INAUGURARON-EL-NUEVO-EDIFICIO-DEL-ISFDT-No-83-DE-SAN-FRANCISCO-SOLANO-1.jpg","contentUrl":"https:\/\/diarioprincipios.com\/wp-content\/uploads\/2024\/04\/MAYRA-Y-EL-GOBERNADOR-KICILLOF-INAUGURARON-EL-NUEVO-EDIFICIO-DEL-ISFDT-No-83-DE-SAN-FRANCISCO-SOLANO-1.jpg","width":1280,"height":853},{"@type":"BreadcrumbList","@id":"https:\/\/diarioprincipios.com\/index.php\/2024\/04\/17\/kicillof-inauguro-el-nuevo-edificio-del-instituto-de-formacion-docente-n-83-de-solano\/#breadcrumb","itemListElement":[{"@type":"ListItem","position":1,"name":"Portada","item":"https:\/\/diarioprincipios.com\/"},{"@type":"ListItem","position":2,"name":"Kicillof inaugur\u00f3 el nuevo edificio del Instituto de Formaci\u00f3n Docente N\u00b0 83 de Solano"}]},{"@type":"WebSite","@id":"https:\/\/diarioprincipios.com\/#website","url":"https:\/\/diarioprincipios.com\/","name":"Principios","description":"Principios Diario","publisher":{"@id":"https:\/\/diarioprincipios.com\/#organization"},"potentialAction":[{"@type":"SearchAction","target":{"@type":"EntryPoint","urlTemplate":"https:\/\/diarioprincipios.com\/?s={search_term_string}"},"query-input":{"@type":"PropertyValueSpecification","valueRequired":true,"valueName":"search_term_string"}}],"inLanguage":"es"},{"@type":"Organization","@id":"https:\/\/diarioprincipios.com\/#organization","name":"Principios","url":"https:\/\/diarioprincipios.com\/","logo":{"@type":"ImageObject","inLanguage":"es","@id":"https:\/\/diarioprincipios.com\/#\/schema\/logo\/image\/","url":"https:\/\/diarioprincipios.com\/wp-content\/uploads\/2024\/04\/cropped-www.diarioprincipios.com_-1.png","contentUrl":"https:\/\/diarioprincipios.com\/wp-content\/uploads\/2024\/04\/cropped-www.diarioprincipios.com_-1.png","width":5325,"height":1454,"caption":"Principios"},"image":{"@id":"https:\/\/diarioprincipios.com\/#\/schema\/logo\/image\/"}},{"@type":"Person","@id":"https:\/\/diarioprincipios.com\/#\/schema\/person\/436d5a1fd41a5e250e23ff5a6a7cb080","name":"Hern\u00e1n L\u00f3pez","image":{"@type":"ImageObject","inLanguage":"es","@id":"https:\/\/diarioprincipios.com\/wp-content\/litespeed\/avatar\/11ddfe5610ff3bd100522525b2571f48.jpg?ver=1777048341","url":"https:\/\/diarioprincipios.com\/wp-content\/litespeed\/avatar\/11ddfe5610ff3bd100522525b2571f48.jpg?ver=1777048341","contentUrl":"https:\/\/diarioprincipios.com\/wp-content\/litespeed\/avatar\/11ddfe5610ff3bd100522525b2571f48.jpg?ver=1777048341","caption":"Hern\u00e1n L\u00f3pez"},"url":"https:\/\/diarioprincipios.com\/index.php\/author\/hernan\/"}]}},"jetpack_featured_media_url":"https:\/\/diarioprincipios.com\/wp-content\/uploads\/2024\/04\/MAYRA-Y-EL-GOBERNADOR-KICILLOF-INAUGURARON-EL-NUEVO-EDIFICIO-DEL-ISFDT-No-83-DE-SAN-FRANCISCO-SOLANO-1.jpg","_links":{"self":[{"href":"https:\/\/diarioprincipios.com\/index.php\/wp-json\/wp\/v2\/posts\/21591","targetHints":{"allow":["GET"]}}],"collection":[{"href":"https:\/\/diarioprincipios.com\/index.php\/wp-json\/wp\/v2\/posts"}],"about":[{"href":"https:\/\/diarioprincipios.com\/index.php\/wp-json\/wp\/v2\/types\/post"}],"author":[{"embeddable":true,"href":"https:\/\/diarioprincipios.com\/index.php\/wp-json\/wp\/v2\/users\/2"}],"replies":[{"embeddable":true,"href":"https:\/\/diarioprincipios.com\/index.php\/wp-json\/wp\/v2\/comments?post=21591"}],"version-history":[{"count":1,"href":"https:\/\/diarioprincipios.com\/index.php\/wp-json\/wp\/v2\/posts\/21591\/revisions"}],"predecessor-version":[{"id":21594,"href":"https:\/\/diarioprincipios.com\/index.php\/wp-json\/wp\/v2\/posts\/21591\/revisions\/21594"}],"wp:featuredmedia":[{"embeddable":true,"href":"https:\/\/diarioprincipios.com\/index.php\/wp-json\/wp\/v2\/media\/21593"}],"wp:attachment":[{"href":"https:\/\/diarioprincipios.com\/index.php\/wp-json\/wp\/v2\/media?parent=21591"}],"wp:term":[{"taxonomy":"category","embeddable":true,"href":"https:\/\/diarioprincipios.com\/index.php\/wp-json\/wp\/v2\/categories?post=21591"},{"taxonomy":"post_tag","embeddable":true,"href":"https:\/\/diarioprincipios.com\/index.php\/wp-json\/wp\/v2\/tags?post=21591"}],"curies":[{"name":"wp","href":"https:\/\/api.w.org\/{rel}","templated":true}]}}