{"id":21578,"date":"2024-04-17T11:31:41","date_gmt":"2024-04-17T14:31:41","guid":{"rendered":"http:\/\/diarioprincipios.com\/?p=21578"},"modified":"2024-04-18T00:09:19","modified_gmt":"2024-04-18T03:09:19","slug":"nueva-recomposicion-salarial-para-municipales-de-berazategui","status":"publish","type":"post","link":"https:\/\/diarioprincipios.com\/index.php\/2024\/04\/17\/nueva-recomposicion-salarial-para-municipales-de-berazategui\/","title":{"rendered":"Nueva recomposici\u00f3n salarial para Municipales de Berazategui"},"content":{"rendered":"\n<p>Como fruto del acuerdo entre el Municipio y el Sindicato de Trabajadores Municipales de Berazategui este mes de abril los trabajadores recibir\u00e1n una nueva recomposici\u00f3n salarial, en este caso del 11% para todas las escalas.<br>Es importante destacar que el porcentaje de aumento ser\u00e1 calculado en base al sueldo b\u00e1sico del mes de marzo.<br>En declaraciones a la prensa, Gabriel Carril Campusano destac\u00f3 que \u00bb estamos en un contexto nacional extremadamente complicado, incluso con la lamentable p\u00e9rdida de puestos de trabajo en todo el pa\u00eds, por eso este esfuerzo que hace el Municipio de Berazategui lo valoramos\u00bb.<br>Sostuvo finalmente que \u00aben esta oportunidad destacamos que la recomposici\u00f3n es para todos los trabajadores, vamos a seguir dialogando y trabajando a la altura que imponen las circunstancias actuales\u00bb.<\/p>\n","protected":false},"excerpt":{"rendered":"<p>Como fruto del acuerdo entre el Municipio y el Sindicato de Trabajadores Municipales de Berazategui este mes de abril los trabajadores recibir\u00e1n una nueva recomposici\u00f3n salarial, en este caso del 11% para todas las escalas.Es importante destacar que el porcentaje de aumento ser\u00e1 calculado en base al sueldo b\u00e1sico del mes de marzo.En declaraciones a&#8230;<\/p>\n","protected":false},"author":2,"featured_media":21579,"comment_status":"open","ping_status":"open","sticky":false,"template":"","format":"standard","meta":{"footnotes":""},"categories":[3,21],"tags":[],"class_list":["post-21578","post","type-post","status-publish","format-standard","has-post-thumbnail","hentry","category-berazategui","category-gremiales"],"featured_image_src":"https:\/\/diarioprincipios.com\/wp-content\/uploads\/2024\/04\/Screenshot_20240417_112811_Gallery-1024x712.jpg","blog_images":{"medium":"https:\/\/diarioprincipios.com\/wp-content\/uploads\/2024\/04\/Screenshot_20240417_112811_Gallery-300x209.jpg","large":"https:\/\/diarioprincipios.com\/wp-content\/uploads\/2024\/04\/Screenshot_20240417_112811_Gallery-1024x712.jpg"},"ams_acf":[],"yoast_head":"<!-- This site is optimized with the Yoast SEO plugin v27.3 - https:\/\/yoast.com\/product\/yoast-seo-wordpress\/ -->\n<title>Nueva recomposici\u00f3n salarial para Municipales de Berazategui - Principios<\/title>\n<meta name=\"robots\" content=\"index, follow, max-snippet:-1, max-image-preview:large, max-video-preview:-1\" \/>\n<link rel=\"canonical\" href=\"https:\/\/diarioprincipios.com\/index.php\/2024\/04\/17\/nueva-recomposicion-salarial-para-municipales-de-berazategui\/\" \/>\n<meta property=\"og:locale\" content=\"es_ES\" \/>\n<meta property=\"og:type\" content=\"article\" \/>\n<meta property=\"og:title\" content=\"Nueva recomposici\u00f3n salarial para Municipales de Berazategui - Principios\" \/>\n<meta property=\"og:description\" content=\"Como fruto del acuerdo entre el Municipio y el Sindicato de Trabajadores Municipales de Berazategui este mes de abril los trabajadores recibir\u00e1n una nueva recomposici\u00f3n salarial, en este caso del 11% para todas las escalas.Es importante destacar que el porcentaje de aumento ser\u00e1 calculado en base al sueldo b\u00e1sico del mes de marzo.En declaraciones a...\" \/>\n<meta property=\"og:url\" content=\"https:\/\/diarioprincipios.com\/index.php\/2024\/04\/17\/nueva-recomposicion-salarial-para-municipales-de-berazategui\/\" \/>\n<meta property=\"og:site_name\" content=\"Principios\" \/>\n<meta property=\"article:published_time\" content=\"2024-04-17T14:31:41+00:00\" \/>\n<meta property=\"article:modified_time\" content=\"2024-04-18T03:09:19+00:00\" \/>\n<meta property=\"og:image\" content=\"https:\/\/diarioprincipios.com\/wp-content\/uploads\/2024\/04\/Screenshot_20240417_112811_Gallery.jpg\" \/>\n\t<meta property=\"og:image:width\" content=\"1079\" \/>\n\t<meta property=\"og:image:height\" content=\"750\" \/>\n\t<meta property=\"og:image:type\" content=\"image\/jpeg\" \/>\n<meta name=\"author\" content=\"Hern\u00e1n L\u00f3pez\" \/>\n<meta name=\"twitter:card\" content=\"summary_large_image\" \/>\n<meta name=\"twitter:label1\" content=\"Escrito por\" \/>\n\t<meta name=\"twitter:data1\" content=\"Hern\u00e1n L\u00f3pez\" \/>\n\t<meta name=\"twitter:label2\" content=\"Tiempo de lectura\" \/>\n\t<meta name=\"twitter:data2\" content=\"1 minuto\" \/>\n<script type=\"application\/ld+json\" class=\"yoast-schema-graph\">{\"@context\":\"https:\\\/\\\/schema.org\",\"@graph\":[{\"@type\":\"Article\",\"@id\":\"https:\\\/\\\/diarioprincipios.com\\\/index.php\\\/2024\\\/04\\\/17\\\/nueva-recomposicion-salarial-para-municipales-de-berazategui\\\/#article\",\"isPartOf\":{\"@id\":\"https:\\\/\\\/diarioprincipios.com\\\/index.php\\\/2024\\\/04\\\/17\\\/nueva-recomposicion-salarial-para-municipales-de-berazategui\\\/\"},\"author\":{\"name\":\"Hern\u00e1n L\u00f3pez\",\"@id\":\"https:\\\/\\\/diarioprincipios.com\\\/#\\\/schema\\\/person\\\/436d5a1fd41a5e250e23ff5a6a7cb080\"},\"headline\":\"Nueva recomposici\u00f3n salarial para Municipales de Berazategui\",\"datePublished\":\"2024-04-17T14:31:41+00:00\",\"dateModified\":\"2024-04-18T03:09:19+00:00\",\"mainEntityOfPage\":{\"@id\":\"https:\\\/\\\/diarioprincipios.com\\\/index.php\\\/2024\\\/04\\\/17\\\/nueva-recomposicion-salarial-para-municipales-de-berazategui\\\/\"},\"wordCount\":138,\"commentCount\":0,\"publisher\":{\"@id\":\"https:\\\/\\\/diarioprincipios.com\\\/#organization\"},\"image\":{\"@id\":\"https:\\\/\\\/diarioprincipios.com\\\/index.php\\\/2024\\\/04\\\/17\\\/nueva-recomposicion-salarial-para-municipales-de-berazategui\\\/#primaryimage\"},\"thumbnailUrl\":\"https:\\\/\\\/diarioprincipios.com\\\/wp-content\\\/uploads\\\/2024\\\/04\\\/Screenshot_20240417_112811_Gallery.jpg\",\"articleSection\":[\"Berazategui\",\"Gremiales\"],\"inLanguage\":\"es\",\"potentialAction\":[{\"@type\":\"CommentAction\",\"name\":\"Comment\",\"target\":[\"https:\\\/\\\/diarioprincipios.com\\\/index.php\\\/2024\\\/04\\\/17\\\/nueva-recomposicion-salarial-para-municipales-de-berazategui\\\/#respond\"]}]},{\"@type\":\"WebPage\",\"@id\":\"https:\\\/\\\/diarioprincipios.com\\\/index.php\\\/2024\\\/04\\\/17\\\/nueva-recomposicion-salarial-para-municipales-de-berazategui\\\/\",\"url\":\"https:\\\/\\\/diarioprincipios.com\\\/index.php\\\/2024\\\/04\\\/17\\\/nueva-recomposicion-salarial-para-municipales-de-berazategui\\\/\",\"name\":\"Nueva recomposici\u00f3n salarial para Municipales de Berazategui - Principios\",\"isPartOf\":{\"@id\":\"https:\\\/\\\/diarioprincipios.com\\\/#website\"},\"primaryImageOfPage\":{\"@id\":\"https:\\\/\\\/diarioprincipios.com\\\/index.php\\\/2024\\\/04\\\/17\\\/nueva-recomposicion-salarial-para-municipales-de-berazategui\\\/#primaryimage\"},\"image\":{\"@id\":\"https:\\\/\\\/diarioprincipios.com\\\/index.php\\\/2024\\\/04\\\/17\\\/nueva-recomposicion-salarial-para-municipales-de-berazategui\\\/#primaryimage\"},\"thumbnailUrl\":\"https:\\\/\\\/diarioprincipios.com\\\/wp-content\\\/uploads\\\/2024\\\/04\\\/Screenshot_20240417_112811_Gallery.jpg\",\"datePublished\":\"2024-04-17T14:31:41+00:00\",\"dateModified\":\"2024-04-18T03:09:19+00:00\",\"breadcrumb\":{\"@id\":\"https:\\\/\\\/diarioprincipios.com\\\/index.php\\\/2024\\\/04\\\/17\\\/nueva-recomposicion-salarial-para-municipales-de-berazategui\\\/#breadcrumb\"},\"inLanguage\":\"es\",\"potentialAction\":[{\"@type\":\"ReadAction\",\"target\":[\"https:\\\/\\\/diarioprincipios.com\\\/index.php\\\/2024\\\/04\\\/17\\\/nueva-recomposicion-salarial-para-municipales-de-berazategui\\\/\"]}]},{\"@type\":\"ImageObject\",\"inLanguage\":\"es\",\"@id\":\"https:\\\/\\\/diarioprincipios.com\\\/index.php\\\/2024\\\/04\\\/17\\\/nueva-recomposicion-salarial-para-municipales-de-berazategui\\\/#primaryimage\",\"url\":\"https:\\\/\\\/diarioprincipios.com\\\/wp-content\\\/uploads\\\/2024\\\/04\\\/Screenshot_20240417_112811_Gallery.jpg\",\"contentUrl\":\"https:\\\/\\\/diarioprincipios.com\\\/wp-content\\\/uploads\\\/2024\\\/04\\\/Screenshot_20240417_112811_Gallery.jpg\",\"width\":1079,\"height\":750},{\"@type\":\"BreadcrumbList\",\"@id\":\"https:\\\/\\\/diarioprincipios.com\\\/index.php\\\/2024\\\/04\\\/17\\\/nueva-recomposicion-salarial-para-municipales-de-berazategui\\\/#breadcrumb\",\"itemListElement\":[{\"@type\":\"ListItem\",\"position\":1,\"name\":\"Portada\",\"item\":\"https:\\\/\\\/diarioprincipios.com\\\/\"},{\"@type\":\"ListItem\",\"position\":2,\"name\":\"Nueva recomposici\u00f3n salarial para Municipales de Berazategui\"}]},{\"@type\":\"WebSite\",\"@id\":\"https:\\\/\\\/diarioprincipios.com\\\/#website\",\"url\":\"https:\\\/\\\/diarioprincipios.com\\\/\",\"name\":\"Principios\",\"description\":\"Principios Diario\",\"publisher\":{\"@id\":\"https:\\\/\\\/diarioprincipios.com\\\/#organization\"},\"potentialAction\":[{\"@type\":\"SearchAction\",\"target\":{\"@type\":\"EntryPoint\",\"urlTemplate\":\"https:\\\/\\\/diarioprincipios.com\\\/?s={search_term_string}\"},\"query-input\":{\"@type\":\"PropertyValueSpecification\",\"valueRequired\":true,\"valueName\":\"search_term_string\"}}],\"inLanguage\":\"es\"},{\"@type\":\"Organization\",\"@id\":\"https:\\\/\\\/diarioprincipios.com\\\/#organization\",\"name\":\"Principios\",\"url\":\"https:\\\/\\\/diarioprincipios.com\\\/\",\"logo\":{\"@type\":\"ImageObject\",\"inLanguage\":\"es\",\"@id\":\"https:\\\/\\\/diarioprincipios.com\\\/#\\\/schema\\\/logo\\\/image\\\/\",\"url\":\"https:\\\/\\\/diarioprincipios.com\\\/wp-content\\\/uploads\\\/2024\\\/04\\\/cropped-www.diarioprincipios.com_-1.png\",\"contentUrl\":\"https:\\\/\\\/diarioprincipios.com\\\/wp-content\\\/uploads\\\/2024\\\/04\\\/cropped-www.diarioprincipios.com_-1.png\",\"width\":5325,\"height\":1454,\"caption\":\"Principios\"},\"image\":{\"@id\":\"https:\\\/\\\/diarioprincipios.com\\\/#\\\/schema\\\/logo\\\/image\\\/\"}},{\"@type\":\"Person\",\"@id\":\"https:\\\/\\\/diarioprincipios.com\\\/#\\\/schema\\\/person\\\/436d5a1fd41a5e250e23ff5a6a7cb080\",\"name\":\"Hern\u00e1n L\u00f3pez\",\"image\":{\"@type\":\"ImageObject\",\"inLanguage\":\"es\",\"@id\":\"https:\\\/\\\/diarioprincipios.com\\\/wp-content\\\/litespeed\\\/avatar\\\/11ddfe5610ff3bd100522525b2571f48.jpg?ver=1777048341\",\"url\":\"https:\\\/\\\/diarioprincipios.com\\\/wp-content\\\/litespeed\\\/avatar\\\/11ddfe5610ff3bd100522525b2571f48.jpg?ver=1777048341\",\"contentUrl\":\"https:\\\/\\\/diarioprincipios.com\\\/wp-content\\\/litespeed\\\/avatar\\\/11ddfe5610ff3bd100522525b2571f48.jpg?ver=1777048341\",\"caption\":\"Hern\u00e1n L\u00f3pez\"},\"url\":\"https:\\\/\\\/diarioprincipios.com\\\/index.php\\\/author\\\/hernan\\\/\"}]}<\/script>\n<!-- \/ Yoast SEO plugin. -->","yoast_head_json":{"title":"Nueva recomposici\u00f3n salarial para Municipales de Berazategui - Principios","robots":{"index":"index","follow":"follow","max-snippet":"max-snippet:-1","max-image-preview":"max-image-preview:large","max-video-preview":"max-video-preview:-1"},"canonical":"https:\/\/diarioprincipios.com\/index.php\/2024\/04\/17\/nueva-recomposicion-salarial-para-municipales-de-berazategui\/","og_locale":"es_ES","og_type":"article","og_title":"Nueva recomposici\u00f3n salarial para Municipales de Berazategui - Principios","og_description":"Como fruto del acuerdo entre el Municipio y el Sindicato de Trabajadores Municipales de Berazategui este mes de abril los trabajadores recibir\u00e1n una nueva recomposici\u00f3n salarial, en este caso del 11% para todas las escalas.Es importante destacar que el porcentaje de aumento ser\u00e1 calculado en base al sueldo b\u00e1sico del mes de marzo.En declaraciones a...","og_url":"https:\/\/diarioprincipios.com\/index.php\/2024\/04\/17\/nueva-recomposicion-salarial-para-municipales-de-berazategui\/","og_site_name":"Principios","article_published_time":"2024-04-17T14:31:41+00:00","article_modified_time":"2024-04-18T03:09:19+00:00","og_image":[{"width":1079,"height":750,"url":"https:\/\/diarioprincipios.com\/wp-content\/uploads\/2024\/04\/Screenshot_20240417_112811_Gallery.jpg","type":"image\/jpeg"}],"author":"Hern\u00e1n L\u00f3pez","twitter_card":"summary_large_image","twitter_misc":{"Escrito por":"Hern\u00e1n L\u00f3pez","Tiempo de lectura":"1 minuto"},"schema":{"@context":"https:\/\/schema.org","@graph":[{"@type":"Article","@id":"https:\/\/diarioprincipios.com\/index.php\/2024\/04\/17\/nueva-recomposicion-salarial-para-municipales-de-berazategui\/#article","isPartOf":{"@id":"https:\/\/diarioprincipios.com\/index.php\/2024\/04\/17\/nueva-recomposicion-salarial-para-municipales-de-berazategui\/"},"author":{"name":"Hern\u00e1n L\u00f3pez","@id":"https:\/\/diarioprincipios.com\/#\/schema\/person\/436d5a1fd41a5e250e23ff5a6a7cb080"},"headline":"Nueva recomposici\u00f3n salarial para Municipales de Berazategui","datePublished":"2024-04-17T14:31:41+00:00","dateModified":"2024-04-18T03:09:19+00:00","mainEntityOfPage":{"@id":"https:\/\/diarioprincipios.com\/index.php\/2024\/04\/17\/nueva-recomposicion-salarial-para-municipales-de-berazategui\/"},"wordCount":138,"commentCount":0,"publisher":{"@id":"https:\/\/diarioprincipios.com\/#organization"},"image":{"@id":"https:\/\/diarioprincipios.com\/index.php\/2024\/04\/17\/nueva-recomposicion-salarial-para-municipales-de-berazategui\/#primaryimage"},"thumbnailUrl":"https:\/\/diarioprincipios.com\/wp-content\/uploads\/2024\/04\/Screenshot_20240417_112811_Gallery.jpg","articleSection":["Berazategui","Gremiales"],"inLanguage":"es","potentialAction":[{"@type":"CommentAction","name":"Comment","target":["https:\/\/diarioprincipios.com\/index.php\/2024\/04\/17\/nueva-recomposicion-salarial-para-municipales-de-berazategui\/#respond"]}]},{"@type":"WebPage","@id":"https:\/\/diarioprincipios.com\/index.php\/2024\/04\/17\/nueva-recomposicion-salarial-para-municipales-de-berazategui\/","url":"https:\/\/diarioprincipios.com\/index.php\/2024\/04\/17\/nueva-recomposicion-salarial-para-municipales-de-berazategui\/","name":"Nueva recomposici\u00f3n salarial para Municipales de Berazategui - Principios","isPartOf":{"@id":"https:\/\/diarioprincipios.com\/#website"},"primaryImageOfPage":{"@id":"https:\/\/diarioprincipios.com\/index.php\/2024\/04\/17\/nueva-recomposicion-salarial-para-municipales-de-berazategui\/#primaryimage"},"image":{"@id":"https:\/\/diarioprincipios.com\/index.php\/2024\/04\/17\/nueva-recomposicion-salarial-para-municipales-de-berazategui\/#primaryimage"},"thumbnailUrl":"https:\/\/diarioprincipios.com\/wp-content\/uploads\/2024\/04\/Screenshot_20240417_112811_Gallery.jpg","datePublished":"2024-04-17T14:31:41+00:00","dateModified":"2024-04-18T03:09:19+00:00","breadcrumb":{"@id":"https:\/\/diarioprincipios.com\/index.php\/2024\/04\/17\/nueva-recomposicion-salarial-para-municipales-de-berazategui\/#breadcrumb"},"inLanguage":"es","potentialAction":[{"@type":"ReadAction","target":["https:\/\/diarioprincipios.com\/index.php\/2024\/04\/17\/nueva-recomposicion-salarial-para-municipales-de-berazategui\/"]}]},{"@type":"ImageObject","inLanguage":"es","@id":"https:\/\/diarioprincipios.com\/index.php\/2024\/04\/17\/nueva-recomposicion-salarial-para-municipales-de-berazategui\/#primaryimage","url":"https:\/\/diarioprincipios.com\/wp-content\/uploads\/2024\/04\/Screenshot_20240417_112811_Gallery.jpg","contentUrl":"https:\/\/diarioprincipios.com\/wp-content\/uploads\/2024\/04\/Screenshot_20240417_112811_Gallery.jpg","width":1079,"height":750},{"@type":"BreadcrumbList","@id":"https:\/\/diarioprincipios.com\/index.php\/2024\/04\/17\/nueva-recomposicion-salarial-para-municipales-de-berazategui\/#breadcrumb","itemListElement":[{"@type":"ListItem","position":1,"name":"Portada","item":"https:\/\/diarioprincipios.com\/"},{"@type":"ListItem","position":2,"name":"Nueva recomposici\u00f3n salarial para Municipales de Berazategui"}]},{"@type":"WebSite","@id":"https:\/\/diarioprincipios.com\/#website","url":"https:\/\/diarioprincipios.com\/","name":"Principios","description":"Principios Diario","publisher":{"@id":"https:\/\/diarioprincipios.com\/#organization"},"potentialAction":[{"@type":"SearchAction","target":{"@type":"EntryPoint","urlTemplate":"https:\/\/diarioprincipios.com\/?s={search_term_string}"},"query-input":{"@type":"PropertyValueSpecification","valueRequired":true,"valueName":"search_term_string"}}],"inLanguage":"es"},{"@type":"Organization","@id":"https:\/\/diarioprincipios.com\/#organization","name":"Principios","url":"https:\/\/diarioprincipios.com\/","logo":{"@type":"ImageObject","inLanguage":"es","@id":"https:\/\/diarioprincipios.com\/#\/schema\/logo\/image\/","url":"https:\/\/diarioprincipios.com\/wp-content\/uploads\/2024\/04\/cropped-www.diarioprincipios.com_-1.png","contentUrl":"https:\/\/diarioprincipios.com\/wp-content\/uploads\/2024\/04\/cropped-www.diarioprincipios.com_-1.png","width":5325,"height":1454,"caption":"Principios"},"image":{"@id":"https:\/\/diarioprincipios.com\/#\/schema\/logo\/image\/"}},{"@type":"Person","@id":"https:\/\/diarioprincipios.com\/#\/schema\/person\/436d5a1fd41a5e250e23ff5a6a7cb080","name":"Hern\u00e1n L\u00f3pez","image":{"@type":"ImageObject","inLanguage":"es","@id":"https:\/\/diarioprincipios.com\/wp-content\/litespeed\/avatar\/11ddfe5610ff3bd100522525b2571f48.jpg?ver=1777048341","url":"https:\/\/diarioprincipios.com\/wp-content\/litespeed\/avatar\/11ddfe5610ff3bd100522525b2571f48.jpg?ver=1777048341","contentUrl":"https:\/\/diarioprincipios.com\/wp-content\/litespeed\/avatar\/11ddfe5610ff3bd100522525b2571f48.jpg?ver=1777048341","caption":"Hern\u00e1n L\u00f3pez"},"url":"https:\/\/diarioprincipios.com\/index.php\/author\/hernan\/"}]}},"jetpack_featured_media_url":"https:\/\/diarioprincipios.com\/wp-content\/uploads\/2024\/04\/Screenshot_20240417_112811_Gallery.jpg","_links":{"self":[{"href":"https:\/\/diarioprincipios.com\/index.php\/wp-json\/wp\/v2\/posts\/21578","targetHints":{"allow":["GET"]}}],"collection":[{"href":"https:\/\/diarioprincipios.com\/index.php\/wp-json\/wp\/v2\/posts"}],"about":[{"href":"https:\/\/diarioprincipios.com\/index.php\/wp-json\/wp\/v2\/types\/post"}],"author":[{"embeddable":true,"href":"https:\/\/diarioprincipios.com\/index.php\/wp-json\/wp\/v2\/users\/2"}],"replies":[{"embeddable":true,"href":"https:\/\/diarioprincipios.com\/index.php\/wp-json\/wp\/v2\/comments?post=21578"}],"version-history":[{"count":1,"href":"https:\/\/diarioprincipios.com\/index.php\/wp-json\/wp\/v2\/posts\/21578\/revisions"}],"predecessor-version":[{"id":21580,"href":"https:\/\/diarioprincipios.com\/index.php\/wp-json\/wp\/v2\/posts\/21578\/revisions\/21580"}],"wp:featuredmedia":[{"embeddable":true,"href":"https:\/\/diarioprincipios.com\/index.php\/wp-json\/wp\/v2\/media\/21579"}],"wp:attachment":[{"href":"https:\/\/diarioprincipios.com\/index.php\/wp-json\/wp\/v2\/media?parent=21578"}],"wp:term":[{"taxonomy":"category","embeddable":true,"href":"https:\/\/diarioprincipios.com\/index.php\/wp-json\/wp\/v2\/categories?post=21578"},{"taxonomy":"post_tag","embeddable":true,"href":"https:\/\/diarioprincipios.com\/index.php\/wp-json\/wp\/v2\/tags?post=21578"}],"curies":[{"name":"wp","href":"https:\/\/api.w.org\/{rel}","templated":true}]}}