{"id":21573,"date":"2024-04-16T20:50:23","date_gmt":"2024-04-16T23:50:23","guid":{"rendered":"http:\/\/diarioprincipios.com\/?p=21573"},"modified":"2024-04-16T20:50:26","modified_gmt":"2024-04-16T23:50:26","slug":"crecen-los-emprendedores-gracias-a-las-politicas-publicas-impulsadas-por-el-municipio","status":"publish","type":"post","link":"https:\/\/diarioprincipios.com\/index.php\/2024\/04\/16\/crecen-los-emprendedores-gracias-a-las-politicas-publicas-impulsadas-por-el-municipio\/","title":{"rendered":"Crecen los Emprendedores gracias a las Pol\u00edticas P\u00fablicas impulsadas por el Municipio"},"content":{"rendered":"\n<p><strong>Cientos de berazateguenses participan de las pol\u00edticas p\u00fablicas que impulsa el intendente Juan Jos\u00e9 Mussi para que sus proyectos crezcan. En el marco del D\u00eda Mundial del Emprendimiento, que se celebra cada 16 de Abril, el Municipio sigue invirtiendo en el desarrollo de emprendedores locales.<\/strong><br>Todo comenz\u00f3 con la Feria Municipal Emprender, que se realiz\u00f3 por primera vez en 2015, en la Estaci\u00f3n de Ranelagh, con la participaci\u00f3n de 40 emprendedores locales. Ese a\u00f1o se aprob\u00f3 la Ordenanza Municipal N\u00b0 5336 para impulsar institucionalmente esa iniciativa. Se trata de una feria donde las y los vecinos pueden acceder a art\u00edculos muy variados y de excelente calidad. Hasta la fecha, participaron m\u00e1s de 650 emprendedores y muchos municipios replicaron su modalidad de ejecuci\u00f3n y administraci\u00f3n. La Feria se realiza seis d\u00edas al mes en la Plaza Rigolleau.<\/p>\n\n\n\n<figure class=\"wp-block-image size-large\"><img loading=\"lazy\" decoding=\"async\" width=\"1024\" height=\"683\" src=\"https:\/\/diarioprincipios.com\/wp-content\/uploads\/2024\/04\/EN-BERAZATEGUI-CRECEN-LOS-EMPRENDEDORES-GRACIAS-A-LAS-POLITICAS-PUBLICAS3-1024x683.jpg\" alt=\"\" class=\"wp-image-21574\" srcset=\"https:\/\/diarioprincipios.com\/wp-content\/uploads\/2024\/04\/EN-BERAZATEGUI-CRECEN-LOS-EMPRENDEDORES-GRACIAS-A-LAS-POLITICAS-PUBLICAS3-1024x683.jpg 1024w, https:\/\/diarioprincipios.com\/wp-content\/uploads\/2024\/04\/EN-BERAZATEGUI-CRECEN-LOS-EMPRENDEDORES-GRACIAS-A-LAS-POLITICAS-PUBLICAS3-300x200.jpg 300w, https:\/\/diarioprincipios.com\/wp-content\/uploads\/2024\/04\/EN-BERAZATEGUI-CRECEN-LOS-EMPRENDEDORES-GRACIAS-A-LAS-POLITICAS-PUBLICAS3-768x512.jpg 768w, https:\/\/diarioprincipios.com\/wp-content\/uploads\/2024\/04\/EN-BERAZATEGUI-CRECEN-LOS-EMPRENDEDORES-GRACIAS-A-LAS-POLITICAS-PUBLICAS3-1536x1024.jpg 1536w, https:\/\/diarioprincipios.com\/wp-content\/uploads\/2024\/04\/EN-BERAZATEGUI-CRECEN-LOS-EMPRENDEDORES-GRACIAS-A-LAS-POLITICAS-PUBLICAS3-600x400.jpg 600w, https:\/\/diarioprincipios.com\/wp-content\/uploads\/2024\/04\/EN-BERAZATEGUI-CRECEN-LOS-EMPRENDEDORES-GRACIAS-A-LAS-POLITICAS-PUBLICAS3.jpg 1920w\" sizes=\"auto, (max-width: 1024px) 100vw, 1024px\" \/><\/figure>\n\n\n\n<p><br>En 2016 se cre\u00f3 el Programa de Gesti\u00f3n Municipal Emprender, con el objetivo de estimular y fortalecer las capacidades laborales de los emprendedores locales. Actualmente desarrollan diversos proyectos para favorecer a la comunidad emprendedora berazateguense y as\u00ed, a la Feria Emprender se les sum\u00f3 la Escuela de Emprendedores y Capacitaciones, entrega de subsidios; y la m\u00e1s reciente de estas iniciativas: el Polo Emprendedor Berazategui.<br>En este espacio ubicado en la calle 413 y 455 de la localidad de Guti\u00e9rrez, las y los emprendedores reciben capacitaciones y, adem\u00e1s, pueden confeccionar sus productos en el caso de que requieran herramientas con las que no cuentan. Asimismo, los mi\u00e9rcoles y jueves, de 9.00 a 14.00, all\u00ed se realiza la Feria Emprender.<\/p>\n\n\n\n<figure class=\"wp-block-image size-large\"><img loading=\"lazy\" decoding=\"async\" width=\"1024\" height=\"683\" src=\"https:\/\/diarioprincipios.com\/wp-content\/uploads\/2024\/04\/EN-BERAZATEGUI-CRECEN-LOS-EMPRENDEDORES-GRACIAS-A-LAS-POLITICAS-PUBLICAS2-1024x683.jpg\" alt=\"\" class=\"wp-image-21575\" srcset=\"https:\/\/diarioprincipios.com\/wp-content\/uploads\/2024\/04\/EN-BERAZATEGUI-CRECEN-LOS-EMPRENDEDORES-GRACIAS-A-LAS-POLITICAS-PUBLICAS2-1024x683.jpg 1024w, https:\/\/diarioprincipios.com\/wp-content\/uploads\/2024\/04\/EN-BERAZATEGUI-CRECEN-LOS-EMPRENDEDORES-GRACIAS-A-LAS-POLITICAS-PUBLICAS2-300x200.jpg 300w, https:\/\/diarioprincipios.com\/wp-content\/uploads\/2024\/04\/EN-BERAZATEGUI-CRECEN-LOS-EMPRENDEDORES-GRACIAS-A-LAS-POLITICAS-PUBLICAS2-768x512.jpg 768w, https:\/\/diarioprincipios.com\/wp-content\/uploads\/2024\/04\/EN-BERAZATEGUI-CRECEN-LOS-EMPRENDEDORES-GRACIAS-A-LAS-POLITICAS-PUBLICAS2-1536x1024.jpg 1536w, https:\/\/diarioprincipios.com\/wp-content\/uploads\/2024\/04\/EN-BERAZATEGUI-CRECEN-LOS-EMPRENDEDORES-GRACIAS-A-LAS-POLITICAS-PUBLICAS2-600x400.jpg 600w, https:\/\/diarioprincipios.com\/wp-content\/uploads\/2024\/04\/EN-BERAZATEGUI-CRECEN-LOS-EMPRENDEDORES-GRACIAS-A-LAS-POLITICAS-PUBLICAS2.jpg 1920w\" sizes=\"auto, (max-width: 1024px) 100vw, 1024px\" \/><\/figure>\n\n\n\n<p><br>\u201cEstamos super agradecidos de tener otro lugar para vender, adem\u00e1s de la Plaza Rigolleau, donde tambi\u00e9n participo. Es important\u00edsimo para m\u00ed y mis compa\u00f1eros\u201d, expres\u00f3 al respecto Nadia Ruiz. Adem\u00e1s, agreg\u00f3: \u201cParticularmente, estoy a cargo de Nadine Creaciones. Hago productos de marroquiner\u00eda, como cartucheras y neceseres\u201d.<br>Estas iniciativas tienen el objetivo de fomentar el consumo interno y fortalecer la econom\u00eda local. Quienes est\u00e9n interesados en participar de las capacitaciones o sumarse con su emprendimiento, pueden solicitar m\u00e1s informaci\u00f3n a trav\u00e9s del correo electr\u00f3nico\u00a0<a href=\"mailto:programaemprender@berazategui.gob.ar\" target=\"_blank\" rel=\"noreferrer noopener\">programaemprender@berazategui.gob.ar<\/a>\u00a0o llamando al 4356-9200 (Int. 2280 \/ 2282).<\/p>\n","protected":false},"excerpt":{"rendered":"<p>Cientos de berazateguenses participan de las pol\u00edticas p\u00fablicas que impulsa el intendente Juan Jos\u00e9 Mussi para que sus proyectos crezcan. En el marco del D\u00eda Mundial del Emprendimiento, que se celebra cada 16 de Abril, el Municipio sigue invirtiendo en el desarrollo de emprendedores locales.Todo comenz\u00f3 con la Feria Municipal Emprender, que se realiz\u00f3 por&#8230;<\/p>\n","protected":false},"author":2,"featured_media":21576,"comment_status":"open","ping_status":"open","sticky":false,"template":"","format":"standard","meta":{"footnotes":""},"categories":[3,18],"tags":[],"class_list":["post-21573","post","type-post","status-publish","format-standard","has-post-thumbnail","hentry","category-berazategui","category-comercio-industria"],"featured_image_src":"https:\/\/diarioprincipios.com\/wp-content\/uploads\/2024\/04\/EN-BERAZATEGUI-CRECEN-LOS-EMPRENDEDORES-GRACIAS-A-LAS-POLITICAS-PUBLICAS5-1024x683.jpg","blog_images":{"medium":"https:\/\/diarioprincipios.com\/wp-content\/uploads\/2024\/04\/EN-BERAZATEGUI-CRECEN-LOS-EMPRENDEDORES-GRACIAS-A-LAS-POLITICAS-PUBLICAS5-300x200.jpg","large":"https:\/\/diarioprincipios.com\/wp-content\/uploads\/2024\/04\/EN-BERAZATEGUI-CRECEN-LOS-EMPRENDEDORES-GRACIAS-A-LAS-POLITICAS-PUBLICAS5-1024x683.jpg"},"ams_acf":[],"yoast_head":"<!-- This site is optimized with the Yoast SEO plugin v27.3 - https:\/\/yoast.com\/product\/yoast-seo-wordpress\/ -->\n<title>Crecen los Emprendedores gracias a las Pol\u00edticas P\u00fablicas impulsadas por el Municipio - Principios<\/title>\n<meta name=\"robots\" content=\"index, follow, max-snippet:-1, max-image-preview:large, max-video-preview:-1\" \/>\n<link rel=\"canonical\" href=\"https:\/\/diarioprincipios.com\/index.php\/2024\/04\/16\/crecen-los-emprendedores-gracias-a-las-politicas-publicas-impulsadas-por-el-municipio\/\" \/>\n<meta property=\"og:locale\" content=\"es_ES\" \/>\n<meta property=\"og:type\" content=\"article\" \/>\n<meta property=\"og:title\" content=\"Crecen los Emprendedores gracias a las Pol\u00edticas P\u00fablicas impulsadas por el Municipio - Principios\" \/>\n<meta property=\"og:description\" content=\"Cientos de berazateguenses participan de las pol\u00edticas p\u00fablicas que impulsa el intendente Juan Jos\u00e9 Mussi para que sus proyectos crezcan. En el marco del D\u00eda Mundial del Emprendimiento, que se celebra cada 16 de Abril, el Municipio sigue invirtiendo en el desarrollo de emprendedores locales.Todo comenz\u00f3 con la Feria Municipal Emprender, que se realiz\u00f3 por...\" \/>\n<meta property=\"og:url\" content=\"https:\/\/diarioprincipios.com\/index.php\/2024\/04\/16\/crecen-los-emprendedores-gracias-a-las-politicas-publicas-impulsadas-por-el-municipio\/\" \/>\n<meta property=\"og:site_name\" content=\"Principios\" \/>\n<meta property=\"article:published_time\" content=\"2024-04-16T23:50:23+00:00\" \/>\n<meta property=\"article:modified_time\" content=\"2024-04-16T23:50:26+00:00\" \/>\n<meta property=\"og:image\" content=\"https:\/\/diarioprincipios.com\/wp-content\/uploads\/2024\/04\/EN-BERAZATEGUI-CRECEN-LOS-EMPRENDEDORES-GRACIAS-A-LAS-POLITICAS-PUBLICAS5.jpg\" \/>\n\t<meta property=\"og:image:width\" content=\"1920\" \/>\n\t<meta property=\"og:image:height\" content=\"1280\" \/>\n\t<meta property=\"og:image:type\" content=\"image\/jpeg\" \/>\n<meta name=\"author\" content=\"Hern\u00e1n L\u00f3pez\" \/>\n<meta name=\"twitter:card\" content=\"summary_large_image\" \/>\n<meta name=\"twitter:label1\" content=\"Escrito por\" \/>\n\t<meta name=\"twitter:data1\" content=\"Hern\u00e1n L\u00f3pez\" \/>\n\t<meta name=\"twitter:label2\" content=\"Tiempo de lectura\" \/>\n\t<meta name=\"twitter:data2\" content=\"3 minutos\" \/>\n<script type=\"application\/ld+json\" class=\"yoast-schema-graph\">{\"@context\":\"https:\\\/\\\/schema.org\",\"@graph\":[{\"@type\":\"Article\",\"@id\":\"https:\\\/\\\/diarioprincipios.com\\\/index.php\\\/2024\\\/04\\\/16\\\/crecen-los-emprendedores-gracias-a-las-politicas-publicas-impulsadas-por-el-municipio\\\/#article\",\"isPartOf\":{\"@id\":\"https:\\\/\\\/diarioprincipios.com\\\/index.php\\\/2024\\\/04\\\/16\\\/crecen-los-emprendedores-gracias-a-las-politicas-publicas-impulsadas-por-el-municipio\\\/\"},\"author\":{\"name\":\"Hern\u00e1n L\u00f3pez\",\"@id\":\"https:\\\/\\\/diarioprincipios.com\\\/#\\\/schema\\\/person\\\/436d5a1fd41a5e250e23ff5a6a7cb080\"},\"headline\":\"Crecen los Emprendedores gracias a las Pol\u00edticas P\u00fablicas impulsadas por el Municipio\",\"datePublished\":\"2024-04-16T23:50:23+00:00\",\"dateModified\":\"2024-04-16T23:50:26+00:00\",\"mainEntityOfPage\":{\"@id\":\"https:\\\/\\\/diarioprincipios.com\\\/index.php\\\/2024\\\/04\\\/16\\\/crecen-los-emprendedores-gracias-a-las-politicas-publicas-impulsadas-por-el-municipio\\\/\"},\"wordCount\":378,\"commentCount\":0,\"publisher\":{\"@id\":\"https:\\\/\\\/diarioprincipios.com\\\/#organization\"},\"image\":{\"@id\":\"https:\\\/\\\/diarioprincipios.com\\\/index.php\\\/2024\\\/04\\\/16\\\/crecen-los-emprendedores-gracias-a-las-politicas-publicas-impulsadas-por-el-municipio\\\/#primaryimage\"},\"thumbnailUrl\":\"https:\\\/\\\/diarioprincipios.com\\\/wp-content\\\/uploads\\\/2024\\\/04\\\/EN-BERAZATEGUI-CRECEN-LOS-EMPRENDEDORES-GRACIAS-A-LAS-POLITICAS-PUBLICAS5.jpg\",\"articleSection\":[\"Berazategui\",\"Comercio e Industria\"],\"inLanguage\":\"es\",\"potentialAction\":[{\"@type\":\"CommentAction\",\"name\":\"Comment\",\"target\":[\"https:\\\/\\\/diarioprincipios.com\\\/index.php\\\/2024\\\/04\\\/16\\\/crecen-los-emprendedores-gracias-a-las-politicas-publicas-impulsadas-por-el-municipio\\\/#respond\"]}]},{\"@type\":\"WebPage\",\"@id\":\"https:\\\/\\\/diarioprincipios.com\\\/index.php\\\/2024\\\/04\\\/16\\\/crecen-los-emprendedores-gracias-a-las-politicas-publicas-impulsadas-por-el-municipio\\\/\",\"url\":\"https:\\\/\\\/diarioprincipios.com\\\/index.php\\\/2024\\\/04\\\/16\\\/crecen-los-emprendedores-gracias-a-las-politicas-publicas-impulsadas-por-el-municipio\\\/\",\"name\":\"Crecen los Emprendedores gracias a las Pol\u00edticas P\u00fablicas impulsadas por el Municipio - Principios\",\"isPartOf\":{\"@id\":\"https:\\\/\\\/diarioprincipios.com\\\/#website\"},\"primaryImageOfPage\":{\"@id\":\"https:\\\/\\\/diarioprincipios.com\\\/index.php\\\/2024\\\/04\\\/16\\\/crecen-los-emprendedores-gracias-a-las-politicas-publicas-impulsadas-por-el-municipio\\\/#primaryimage\"},\"image\":{\"@id\":\"https:\\\/\\\/diarioprincipios.com\\\/index.php\\\/2024\\\/04\\\/16\\\/crecen-los-emprendedores-gracias-a-las-politicas-publicas-impulsadas-por-el-municipio\\\/#primaryimage\"},\"thumbnailUrl\":\"https:\\\/\\\/diarioprincipios.com\\\/wp-content\\\/uploads\\\/2024\\\/04\\\/EN-BERAZATEGUI-CRECEN-LOS-EMPRENDEDORES-GRACIAS-A-LAS-POLITICAS-PUBLICAS5.jpg\",\"datePublished\":\"2024-04-16T23:50:23+00:00\",\"dateModified\":\"2024-04-16T23:50:26+00:00\",\"breadcrumb\":{\"@id\":\"https:\\\/\\\/diarioprincipios.com\\\/index.php\\\/2024\\\/04\\\/16\\\/crecen-los-emprendedores-gracias-a-las-politicas-publicas-impulsadas-por-el-municipio\\\/#breadcrumb\"},\"inLanguage\":\"es\",\"potentialAction\":[{\"@type\":\"ReadAction\",\"target\":[\"https:\\\/\\\/diarioprincipios.com\\\/index.php\\\/2024\\\/04\\\/16\\\/crecen-los-emprendedores-gracias-a-las-politicas-publicas-impulsadas-por-el-municipio\\\/\"]}]},{\"@type\":\"ImageObject\",\"inLanguage\":\"es\",\"@id\":\"https:\\\/\\\/diarioprincipios.com\\\/index.php\\\/2024\\\/04\\\/16\\\/crecen-los-emprendedores-gracias-a-las-politicas-publicas-impulsadas-por-el-municipio\\\/#primaryimage\",\"url\":\"https:\\\/\\\/diarioprincipios.com\\\/wp-content\\\/uploads\\\/2024\\\/04\\\/EN-BERAZATEGUI-CRECEN-LOS-EMPRENDEDORES-GRACIAS-A-LAS-POLITICAS-PUBLICAS5.jpg\",\"contentUrl\":\"https:\\\/\\\/diarioprincipios.com\\\/wp-content\\\/uploads\\\/2024\\\/04\\\/EN-BERAZATEGUI-CRECEN-LOS-EMPRENDEDORES-GRACIAS-A-LAS-POLITICAS-PUBLICAS5.jpg\",\"width\":1920,\"height\":1280},{\"@type\":\"BreadcrumbList\",\"@id\":\"https:\\\/\\\/diarioprincipios.com\\\/index.php\\\/2024\\\/04\\\/16\\\/crecen-los-emprendedores-gracias-a-las-politicas-publicas-impulsadas-por-el-municipio\\\/#breadcrumb\",\"itemListElement\":[{\"@type\":\"ListItem\",\"position\":1,\"name\":\"Portada\",\"item\":\"https:\\\/\\\/diarioprincipios.com\\\/\"},{\"@type\":\"ListItem\",\"position\":2,\"name\":\"Crecen los Emprendedores gracias a las Pol\u00edticas P\u00fablicas impulsadas por el Municipio\"}]},{\"@type\":\"WebSite\",\"@id\":\"https:\\\/\\\/diarioprincipios.com\\\/#website\",\"url\":\"https:\\\/\\\/diarioprincipios.com\\\/\",\"name\":\"Principios\",\"description\":\"Principios Diario\",\"publisher\":{\"@id\":\"https:\\\/\\\/diarioprincipios.com\\\/#organization\"},\"potentialAction\":[{\"@type\":\"SearchAction\",\"target\":{\"@type\":\"EntryPoint\",\"urlTemplate\":\"https:\\\/\\\/diarioprincipios.com\\\/?s={search_term_string}\"},\"query-input\":{\"@type\":\"PropertyValueSpecification\",\"valueRequired\":true,\"valueName\":\"search_term_string\"}}],\"inLanguage\":\"es\"},{\"@type\":\"Organization\",\"@id\":\"https:\\\/\\\/diarioprincipios.com\\\/#organization\",\"name\":\"Principios\",\"url\":\"https:\\\/\\\/diarioprincipios.com\\\/\",\"logo\":{\"@type\":\"ImageObject\",\"inLanguage\":\"es\",\"@id\":\"https:\\\/\\\/diarioprincipios.com\\\/#\\\/schema\\\/logo\\\/image\\\/\",\"url\":\"https:\\\/\\\/diarioprincipios.com\\\/wp-content\\\/uploads\\\/2024\\\/04\\\/cropped-www.diarioprincipios.com_-1.png\",\"contentUrl\":\"https:\\\/\\\/diarioprincipios.com\\\/wp-content\\\/uploads\\\/2024\\\/04\\\/cropped-www.diarioprincipios.com_-1.png\",\"width\":5325,\"height\":1454,\"caption\":\"Principios\"},\"image\":{\"@id\":\"https:\\\/\\\/diarioprincipios.com\\\/#\\\/schema\\\/logo\\\/image\\\/\"}},{\"@type\":\"Person\",\"@id\":\"https:\\\/\\\/diarioprincipios.com\\\/#\\\/schema\\\/person\\\/436d5a1fd41a5e250e23ff5a6a7cb080\",\"name\":\"Hern\u00e1n L\u00f3pez\",\"image\":{\"@type\":\"ImageObject\",\"inLanguage\":\"es\",\"@id\":\"https:\\\/\\\/diarioprincipios.com\\\/wp-content\\\/litespeed\\\/avatar\\\/11ddfe5610ff3bd100522525b2571f48.jpg?ver=1777048341\",\"url\":\"https:\\\/\\\/diarioprincipios.com\\\/wp-content\\\/litespeed\\\/avatar\\\/11ddfe5610ff3bd100522525b2571f48.jpg?ver=1777048341\",\"contentUrl\":\"https:\\\/\\\/diarioprincipios.com\\\/wp-content\\\/litespeed\\\/avatar\\\/11ddfe5610ff3bd100522525b2571f48.jpg?ver=1777048341\",\"caption\":\"Hern\u00e1n L\u00f3pez\"},\"url\":\"https:\\\/\\\/diarioprincipios.com\\\/index.php\\\/author\\\/hernan\\\/\"}]}<\/script>\n<!-- \/ Yoast SEO plugin. -->","yoast_head_json":{"title":"Crecen los Emprendedores gracias a las Pol\u00edticas P\u00fablicas impulsadas por el Municipio - Principios","robots":{"index":"index","follow":"follow","max-snippet":"max-snippet:-1","max-image-preview":"max-image-preview:large","max-video-preview":"max-video-preview:-1"},"canonical":"https:\/\/diarioprincipios.com\/index.php\/2024\/04\/16\/crecen-los-emprendedores-gracias-a-las-politicas-publicas-impulsadas-por-el-municipio\/","og_locale":"es_ES","og_type":"article","og_title":"Crecen los Emprendedores gracias a las Pol\u00edticas P\u00fablicas impulsadas por el Municipio - Principios","og_description":"Cientos de berazateguenses participan de las pol\u00edticas p\u00fablicas que impulsa el intendente Juan Jos\u00e9 Mussi para que sus proyectos crezcan. En el marco del D\u00eda Mundial del Emprendimiento, que se celebra cada 16 de Abril, el Municipio sigue invirtiendo en el desarrollo de emprendedores locales.Todo comenz\u00f3 con la Feria Municipal Emprender, que se realiz\u00f3 por...","og_url":"https:\/\/diarioprincipios.com\/index.php\/2024\/04\/16\/crecen-los-emprendedores-gracias-a-las-politicas-publicas-impulsadas-por-el-municipio\/","og_site_name":"Principios","article_published_time":"2024-04-16T23:50:23+00:00","article_modified_time":"2024-04-16T23:50:26+00:00","og_image":[{"width":1920,"height":1280,"url":"https:\/\/diarioprincipios.com\/wp-content\/uploads\/2024\/04\/EN-BERAZATEGUI-CRECEN-LOS-EMPRENDEDORES-GRACIAS-A-LAS-POLITICAS-PUBLICAS5.jpg","type":"image\/jpeg"}],"author":"Hern\u00e1n L\u00f3pez","twitter_card":"summary_large_image","twitter_misc":{"Escrito por":"Hern\u00e1n L\u00f3pez","Tiempo de lectura":"3 minutos"},"schema":{"@context":"https:\/\/schema.org","@graph":[{"@type":"Article","@id":"https:\/\/diarioprincipios.com\/index.php\/2024\/04\/16\/crecen-los-emprendedores-gracias-a-las-politicas-publicas-impulsadas-por-el-municipio\/#article","isPartOf":{"@id":"https:\/\/diarioprincipios.com\/index.php\/2024\/04\/16\/crecen-los-emprendedores-gracias-a-las-politicas-publicas-impulsadas-por-el-municipio\/"},"author":{"name":"Hern\u00e1n L\u00f3pez","@id":"https:\/\/diarioprincipios.com\/#\/schema\/person\/436d5a1fd41a5e250e23ff5a6a7cb080"},"headline":"Crecen los Emprendedores gracias a las Pol\u00edticas P\u00fablicas impulsadas por el Municipio","datePublished":"2024-04-16T23:50:23+00:00","dateModified":"2024-04-16T23:50:26+00:00","mainEntityOfPage":{"@id":"https:\/\/diarioprincipios.com\/index.php\/2024\/04\/16\/crecen-los-emprendedores-gracias-a-las-politicas-publicas-impulsadas-por-el-municipio\/"},"wordCount":378,"commentCount":0,"publisher":{"@id":"https:\/\/diarioprincipios.com\/#organization"},"image":{"@id":"https:\/\/diarioprincipios.com\/index.php\/2024\/04\/16\/crecen-los-emprendedores-gracias-a-las-politicas-publicas-impulsadas-por-el-municipio\/#primaryimage"},"thumbnailUrl":"https:\/\/diarioprincipios.com\/wp-content\/uploads\/2024\/04\/EN-BERAZATEGUI-CRECEN-LOS-EMPRENDEDORES-GRACIAS-A-LAS-POLITICAS-PUBLICAS5.jpg","articleSection":["Berazategui","Comercio e Industria"],"inLanguage":"es","potentialAction":[{"@type":"CommentAction","name":"Comment","target":["https:\/\/diarioprincipios.com\/index.php\/2024\/04\/16\/crecen-los-emprendedores-gracias-a-las-politicas-publicas-impulsadas-por-el-municipio\/#respond"]}]},{"@type":"WebPage","@id":"https:\/\/diarioprincipios.com\/index.php\/2024\/04\/16\/crecen-los-emprendedores-gracias-a-las-politicas-publicas-impulsadas-por-el-municipio\/","url":"https:\/\/diarioprincipios.com\/index.php\/2024\/04\/16\/crecen-los-emprendedores-gracias-a-las-politicas-publicas-impulsadas-por-el-municipio\/","name":"Crecen los Emprendedores gracias a las Pol\u00edticas P\u00fablicas impulsadas por el Municipio - Principios","isPartOf":{"@id":"https:\/\/diarioprincipios.com\/#website"},"primaryImageOfPage":{"@id":"https:\/\/diarioprincipios.com\/index.php\/2024\/04\/16\/crecen-los-emprendedores-gracias-a-las-politicas-publicas-impulsadas-por-el-municipio\/#primaryimage"},"image":{"@id":"https:\/\/diarioprincipios.com\/index.php\/2024\/04\/16\/crecen-los-emprendedores-gracias-a-las-politicas-publicas-impulsadas-por-el-municipio\/#primaryimage"},"thumbnailUrl":"https:\/\/diarioprincipios.com\/wp-content\/uploads\/2024\/04\/EN-BERAZATEGUI-CRECEN-LOS-EMPRENDEDORES-GRACIAS-A-LAS-POLITICAS-PUBLICAS5.jpg","datePublished":"2024-04-16T23:50:23+00:00","dateModified":"2024-04-16T23:50:26+00:00","breadcrumb":{"@id":"https:\/\/diarioprincipios.com\/index.php\/2024\/04\/16\/crecen-los-emprendedores-gracias-a-las-politicas-publicas-impulsadas-por-el-municipio\/#breadcrumb"},"inLanguage":"es","potentialAction":[{"@type":"ReadAction","target":["https:\/\/diarioprincipios.com\/index.php\/2024\/04\/16\/crecen-los-emprendedores-gracias-a-las-politicas-publicas-impulsadas-por-el-municipio\/"]}]},{"@type":"ImageObject","inLanguage":"es","@id":"https:\/\/diarioprincipios.com\/index.php\/2024\/04\/16\/crecen-los-emprendedores-gracias-a-las-politicas-publicas-impulsadas-por-el-municipio\/#primaryimage","url":"https:\/\/diarioprincipios.com\/wp-content\/uploads\/2024\/04\/EN-BERAZATEGUI-CRECEN-LOS-EMPRENDEDORES-GRACIAS-A-LAS-POLITICAS-PUBLICAS5.jpg","contentUrl":"https:\/\/diarioprincipios.com\/wp-content\/uploads\/2024\/04\/EN-BERAZATEGUI-CRECEN-LOS-EMPRENDEDORES-GRACIAS-A-LAS-POLITICAS-PUBLICAS5.jpg","width":1920,"height":1280},{"@type":"BreadcrumbList","@id":"https:\/\/diarioprincipios.com\/index.php\/2024\/04\/16\/crecen-los-emprendedores-gracias-a-las-politicas-publicas-impulsadas-por-el-municipio\/#breadcrumb","itemListElement":[{"@type":"ListItem","position":1,"name":"Portada","item":"https:\/\/diarioprincipios.com\/"},{"@type":"ListItem","position":2,"name":"Crecen los Emprendedores gracias a las Pol\u00edticas P\u00fablicas impulsadas por el Municipio"}]},{"@type":"WebSite","@id":"https:\/\/diarioprincipios.com\/#website","url":"https:\/\/diarioprincipios.com\/","name":"Principios","description":"Principios Diario","publisher":{"@id":"https:\/\/diarioprincipios.com\/#organization"},"potentialAction":[{"@type":"SearchAction","target":{"@type":"EntryPoint","urlTemplate":"https:\/\/diarioprincipios.com\/?s={search_term_string}"},"query-input":{"@type":"PropertyValueSpecification","valueRequired":true,"valueName":"search_term_string"}}],"inLanguage":"es"},{"@type":"Organization","@id":"https:\/\/diarioprincipios.com\/#organization","name":"Principios","url":"https:\/\/diarioprincipios.com\/","logo":{"@type":"ImageObject","inLanguage":"es","@id":"https:\/\/diarioprincipios.com\/#\/schema\/logo\/image\/","url":"https:\/\/diarioprincipios.com\/wp-content\/uploads\/2024\/04\/cropped-www.diarioprincipios.com_-1.png","contentUrl":"https:\/\/diarioprincipios.com\/wp-content\/uploads\/2024\/04\/cropped-www.diarioprincipios.com_-1.png","width":5325,"height":1454,"caption":"Principios"},"image":{"@id":"https:\/\/diarioprincipios.com\/#\/schema\/logo\/image\/"}},{"@type":"Person","@id":"https:\/\/diarioprincipios.com\/#\/schema\/person\/436d5a1fd41a5e250e23ff5a6a7cb080","name":"Hern\u00e1n L\u00f3pez","image":{"@type":"ImageObject","inLanguage":"es","@id":"https:\/\/diarioprincipios.com\/wp-content\/litespeed\/avatar\/11ddfe5610ff3bd100522525b2571f48.jpg?ver=1777048341","url":"https:\/\/diarioprincipios.com\/wp-content\/litespeed\/avatar\/11ddfe5610ff3bd100522525b2571f48.jpg?ver=1777048341","contentUrl":"https:\/\/diarioprincipios.com\/wp-content\/litespeed\/avatar\/11ddfe5610ff3bd100522525b2571f48.jpg?ver=1777048341","caption":"Hern\u00e1n L\u00f3pez"},"url":"https:\/\/diarioprincipios.com\/index.php\/author\/hernan\/"}]}},"jetpack_featured_media_url":"https:\/\/diarioprincipios.com\/wp-content\/uploads\/2024\/04\/EN-BERAZATEGUI-CRECEN-LOS-EMPRENDEDORES-GRACIAS-A-LAS-POLITICAS-PUBLICAS5.jpg","_links":{"self":[{"href":"https:\/\/diarioprincipios.com\/index.php\/wp-json\/wp\/v2\/posts\/21573","targetHints":{"allow":["GET"]}}],"collection":[{"href":"https:\/\/diarioprincipios.com\/index.php\/wp-json\/wp\/v2\/posts"}],"about":[{"href":"https:\/\/diarioprincipios.com\/index.php\/wp-json\/wp\/v2\/types\/post"}],"author":[{"embeddable":true,"href":"https:\/\/diarioprincipios.com\/index.php\/wp-json\/wp\/v2\/users\/2"}],"replies":[{"embeddable":true,"href":"https:\/\/diarioprincipios.com\/index.php\/wp-json\/wp\/v2\/comments?post=21573"}],"version-history":[{"count":1,"href":"https:\/\/diarioprincipios.com\/index.php\/wp-json\/wp\/v2\/posts\/21573\/revisions"}],"predecessor-version":[{"id":21577,"href":"https:\/\/diarioprincipios.com\/index.php\/wp-json\/wp\/v2\/posts\/21573\/revisions\/21577"}],"wp:featuredmedia":[{"embeddable":true,"href":"https:\/\/diarioprincipios.com\/index.php\/wp-json\/wp\/v2\/media\/21576"}],"wp:attachment":[{"href":"https:\/\/diarioprincipios.com\/index.php\/wp-json\/wp\/v2\/media?parent=21573"}],"wp:term":[{"taxonomy":"category","embeddable":true,"href":"https:\/\/diarioprincipios.com\/index.php\/wp-json\/wp\/v2\/categories?post=21573"},{"taxonomy":"post_tag","embeddable":true,"href":"https:\/\/diarioprincipios.com\/index.php\/wp-json\/wp\/v2\/tags?post=21573"}],"curies":[{"name":"wp","href":"https:\/\/api.w.org\/{rel}","templated":true}]}}