{"id":21556,"date":"2024-04-16T13:06:44","date_gmt":"2024-04-16T16:06:44","guid":{"rendered":"http:\/\/diarioprincipios.com\/?p=21556"},"modified":"2024-04-16T13:06:45","modified_gmt":"2024-04-16T16:06:45","slug":"brindaran-una-charla-sobre-derecho-de-familia","status":"publish","type":"post","link":"https:\/\/diarioprincipios.com\/index.php\/2024\/04\/16\/brindaran-una-charla-sobre-derecho-de-familia\/","title":{"rendered":"Brindar\u00e1n una Charla sobre Derecho de Familia"},"content":{"rendered":"\n<p><strong>Se dictar\u00e1 la charla \u201cDerecho de comunicaci\u00f3n con los hijos en el Derecho de Familia\u201d, en el marco del Ciclo de capacitaciones organizadas por la Municipalidad de Berazategui, el Colegio de Abogados de Quilmes y Abogac\u00eda Organizada de Berazategui Asociaci\u00f3n Civil. Ser\u00e1 el jueves 18 de abril, a las 16.30, en la Sala de Conferencias del Edificio Municipal (Av. 14 y 131). Estar\u00e1 destinada a abogados y estudiantes avanzados de la carrera de Abogac\u00eda.<\/strong><\/p>\n\n\n\n<figure class=\"wp-block-image size-large\"><img loading=\"lazy\" decoding=\"async\" width=\"1024\" height=\"576\" src=\"https:\/\/diarioprincipios.com\/wp-content\/uploads\/2024\/04\/IMG-20240416-WA0039-1024x576.jpg\" alt=\"\" class=\"wp-image-21557\" srcset=\"https:\/\/diarioprincipios.com\/wp-content\/uploads\/2024\/04\/IMG-20240416-WA0039-1024x576.jpg 1024w, https:\/\/diarioprincipios.com\/wp-content\/uploads\/2024\/04\/IMG-20240416-WA0039-300x169.jpg 300w, https:\/\/diarioprincipios.com\/wp-content\/uploads\/2024\/04\/IMG-20240416-WA0039-768x432.jpg 768w, https:\/\/diarioprincipios.com\/wp-content\/uploads\/2024\/04\/IMG-20240416-WA0039.jpg 1280w\" sizes=\"auto, (max-width: 1024px) 100vw, 1024px\" \/><\/figure>\n\n\n\n<p><br>En esta oportunidad, la charla estar\u00e1 encabezada por la jueza de Familia de Berazategui, Dra. Silvana Leone; y el juez de Familia de Berazategui, Dr. Walter Bianco. La inscripci\u00f3n se realizar\u00e1 a las siguientes casillas de e-mail:\u00a0<a href=\"mailto:abogaciaorganizadaberazategui@gmail.com\" target=\"_blank\" rel=\"noreferrer noopener\">abogaciaorganizadaberazategui@gmail.com<\/a>\u00a0y\u00a0<a href=\"mailto:coordinacioncjflia@berazategui.gov.ar\" target=\"_blank\" rel=\"noreferrer noopener\">coordinacioncjflia@berazategui.gov.ar<\/a>. La actividad es gratuita y se entregar\u00e1n certificados de asistencia.<br>Esteban Ayala, subsecretario de Asesor\u00eda Letrada municipal, a cargo de la Coordinaci\u00f3n de Cuestiones Jur\u00eddicas de Familia, inform\u00f3: \u201cYa hemos realizado anteriormente varias charlas, con temas referidos a Honorarios, Derecho Laboral y Penal. Estas capacitaciones las venimos realizando desde el a\u00f1o 2015, teniendo en cuenta la entrada en vigencia del nuevo C\u00f3digo Civil y Comercial. El objetivo es que nuestros colegas se perfeccionen y esto beneficie a las y los vecinos de Berazategui\u201d.<\/p>\n","protected":false},"excerpt":{"rendered":"<p>Se dictar\u00e1 la charla \u201cDerecho de comunicaci\u00f3n con los hijos en el Derecho de Familia\u201d, en el marco del Ciclo de capacitaciones organizadas por la Municipalidad de Berazategui, el Colegio de Abogados de Quilmes y Abogac\u00eda Organizada de Berazategui Asociaci\u00f3n Civil. Ser\u00e1 el jueves 18 de abril, a las 16.30, en la Sala de Conferencias&#8230;<\/p>\n","protected":false},"author":2,"featured_media":21558,"comment_status":"open","ping_status":"open","sticky":false,"template":"","format":"standard","meta":{"footnotes":""},"categories":[3],"tags":[],"class_list":["post-21556","post","type-post","status-publish","format-standard","has-post-thumbnail","hentry","category-berazategui"],"featured_image_src":"https:\/\/diarioprincipios.com\/wp-content\/uploads\/2024\/04\/IMG-20240416-WA0038-1024x768.jpg","blog_images":{"medium":"https:\/\/diarioprincipios.com\/wp-content\/uploads\/2024\/04\/IMG-20240416-WA0038-300x225.jpg","large":"https:\/\/diarioprincipios.com\/wp-content\/uploads\/2024\/04\/IMG-20240416-WA0038-1024x768.jpg"},"ams_acf":[],"yoast_head":"<!-- This site is optimized with the Yoast SEO plugin v27.3 - https:\/\/yoast.com\/product\/yoast-seo-wordpress\/ -->\n<title>Brindar\u00e1n una Charla sobre Derecho de Familia - Principios<\/title>\n<meta name=\"robots\" content=\"index, follow, max-snippet:-1, max-image-preview:large, max-video-preview:-1\" \/>\n<link rel=\"canonical\" href=\"https:\/\/diarioprincipios.com\/index.php\/2024\/04\/16\/brindaran-una-charla-sobre-derecho-de-familia\/\" \/>\n<meta property=\"og:locale\" content=\"es_ES\" \/>\n<meta property=\"og:type\" content=\"article\" \/>\n<meta property=\"og:title\" content=\"Brindar\u00e1n una Charla sobre Derecho de Familia - Principios\" \/>\n<meta property=\"og:description\" content=\"Se dictar\u00e1 la charla \u201cDerecho de comunicaci\u00f3n con los hijos en el Derecho de Familia\u201d, en el marco del Ciclo de capacitaciones organizadas por la Municipalidad de Berazategui, el Colegio de Abogados de Quilmes y Abogac\u00eda Organizada de Berazategui Asociaci\u00f3n Civil. Ser\u00e1 el jueves 18 de abril, a las 16.30, en la Sala de Conferencias...\" \/>\n<meta property=\"og:url\" content=\"https:\/\/diarioprincipios.com\/index.php\/2024\/04\/16\/brindaran-una-charla-sobre-derecho-de-familia\/\" \/>\n<meta property=\"og:site_name\" content=\"Principios\" \/>\n<meta property=\"article:published_time\" content=\"2024-04-16T16:06:44+00:00\" \/>\n<meta property=\"article:modified_time\" content=\"2024-04-16T16:06:45+00:00\" \/>\n<meta property=\"og:image\" content=\"https:\/\/diarioprincipios.com\/wp-content\/uploads\/2024\/04\/IMG-20240416-WA0038.jpg\" \/>\n\t<meta property=\"og:image:width\" content=\"1600\" \/>\n\t<meta property=\"og:image:height\" content=\"1200\" \/>\n\t<meta property=\"og:image:type\" content=\"image\/jpeg\" \/>\n<meta name=\"author\" content=\"Hern\u00e1n L\u00f3pez\" \/>\n<meta name=\"twitter:card\" content=\"summary_large_image\" \/>\n<meta name=\"twitter:label1\" content=\"Escrito por\" \/>\n\t<meta name=\"twitter:data1\" content=\"Hern\u00e1n L\u00f3pez\" \/>\n\t<meta name=\"twitter:label2\" content=\"Tiempo de lectura\" \/>\n\t<meta name=\"twitter:data2\" content=\"2 minutos\" \/>\n<script type=\"application\/ld+json\" class=\"yoast-schema-graph\">{\"@context\":\"https:\\\/\\\/schema.org\",\"@graph\":[{\"@type\":\"Article\",\"@id\":\"https:\\\/\\\/diarioprincipios.com\\\/index.php\\\/2024\\\/04\\\/16\\\/brindaran-una-charla-sobre-derecho-de-familia\\\/#article\",\"isPartOf\":{\"@id\":\"https:\\\/\\\/diarioprincipios.com\\\/index.php\\\/2024\\\/04\\\/16\\\/brindaran-una-charla-sobre-derecho-de-familia\\\/\"},\"author\":{\"name\":\"Hern\u00e1n L\u00f3pez\",\"@id\":\"https:\\\/\\\/diarioprincipios.com\\\/#\\\/schema\\\/person\\\/436d5a1fd41a5e250e23ff5a6a7cb080\"},\"headline\":\"Brindar\u00e1n una Charla sobre Derecho de Familia\",\"datePublished\":\"2024-04-16T16:06:44+00:00\",\"dateModified\":\"2024-04-16T16:06:45+00:00\",\"mainEntityOfPage\":{\"@id\":\"https:\\\/\\\/diarioprincipios.com\\\/index.php\\\/2024\\\/04\\\/16\\\/brindaran-una-charla-sobre-derecho-de-familia\\\/\"},\"wordCount\":216,\"commentCount\":0,\"publisher\":{\"@id\":\"https:\\\/\\\/diarioprincipios.com\\\/#organization\"},\"image\":{\"@id\":\"https:\\\/\\\/diarioprincipios.com\\\/index.php\\\/2024\\\/04\\\/16\\\/brindaran-una-charla-sobre-derecho-de-familia\\\/#primaryimage\"},\"thumbnailUrl\":\"https:\\\/\\\/diarioprincipios.com\\\/wp-content\\\/uploads\\\/2024\\\/04\\\/IMG-20240416-WA0038.jpg\",\"articleSection\":[\"Berazategui\"],\"inLanguage\":\"es\",\"potentialAction\":[{\"@type\":\"CommentAction\",\"name\":\"Comment\",\"target\":[\"https:\\\/\\\/diarioprincipios.com\\\/index.php\\\/2024\\\/04\\\/16\\\/brindaran-una-charla-sobre-derecho-de-familia\\\/#respond\"]}]},{\"@type\":\"WebPage\",\"@id\":\"https:\\\/\\\/diarioprincipios.com\\\/index.php\\\/2024\\\/04\\\/16\\\/brindaran-una-charla-sobre-derecho-de-familia\\\/\",\"url\":\"https:\\\/\\\/diarioprincipios.com\\\/index.php\\\/2024\\\/04\\\/16\\\/brindaran-una-charla-sobre-derecho-de-familia\\\/\",\"name\":\"Brindar\u00e1n una Charla sobre Derecho de Familia - Principios\",\"isPartOf\":{\"@id\":\"https:\\\/\\\/diarioprincipios.com\\\/#website\"},\"primaryImageOfPage\":{\"@id\":\"https:\\\/\\\/diarioprincipios.com\\\/index.php\\\/2024\\\/04\\\/16\\\/brindaran-una-charla-sobre-derecho-de-familia\\\/#primaryimage\"},\"image\":{\"@id\":\"https:\\\/\\\/diarioprincipios.com\\\/index.php\\\/2024\\\/04\\\/16\\\/brindaran-una-charla-sobre-derecho-de-familia\\\/#primaryimage\"},\"thumbnailUrl\":\"https:\\\/\\\/diarioprincipios.com\\\/wp-content\\\/uploads\\\/2024\\\/04\\\/IMG-20240416-WA0038.jpg\",\"datePublished\":\"2024-04-16T16:06:44+00:00\",\"dateModified\":\"2024-04-16T16:06:45+00:00\",\"breadcrumb\":{\"@id\":\"https:\\\/\\\/diarioprincipios.com\\\/index.php\\\/2024\\\/04\\\/16\\\/brindaran-una-charla-sobre-derecho-de-familia\\\/#breadcrumb\"},\"inLanguage\":\"es\",\"potentialAction\":[{\"@type\":\"ReadAction\",\"target\":[\"https:\\\/\\\/diarioprincipios.com\\\/index.php\\\/2024\\\/04\\\/16\\\/brindaran-una-charla-sobre-derecho-de-familia\\\/\"]}]},{\"@type\":\"ImageObject\",\"inLanguage\":\"es\",\"@id\":\"https:\\\/\\\/diarioprincipios.com\\\/index.php\\\/2024\\\/04\\\/16\\\/brindaran-una-charla-sobre-derecho-de-familia\\\/#primaryimage\",\"url\":\"https:\\\/\\\/diarioprincipios.com\\\/wp-content\\\/uploads\\\/2024\\\/04\\\/IMG-20240416-WA0038.jpg\",\"contentUrl\":\"https:\\\/\\\/diarioprincipios.com\\\/wp-content\\\/uploads\\\/2024\\\/04\\\/IMG-20240416-WA0038.jpg\",\"width\":1600,\"height\":1200},{\"@type\":\"BreadcrumbList\",\"@id\":\"https:\\\/\\\/diarioprincipios.com\\\/index.php\\\/2024\\\/04\\\/16\\\/brindaran-una-charla-sobre-derecho-de-familia\\\/#breadcrumb\",\"itemListElement\":[{\"@type\":\"ListItem\",\"position\":1,\"name\":\"Portada\",\"item\":\"https:\\\/\\\/diarioprincipios.com\\\/\"},{\"@type\":\"ListItem\",\"position\":2,\"name\":\"Brindar\u00e1n una Charla sobre Derecho de Familia\"}]},{\"@type\":\"WebSite\",\"@id\":\"https:\\\/\\\/diarioprincipios.com\\\/#website\",\"url\":\"https:\\\/\\\/diarioprincipios.com\\\/\",\"name\":\"Principios\",\"description\":\"Principios Diario\",\"publisher\":{\"@id\":\"https:\\\/\\\/diarioprincipios.com\\\/#organization\"},\"potentialAction\":[{\"@type\":\"SearchAction\",\"target\":{\"@type\":\"EntryPoint\",\"urlTemplate\":\"https:\\\/\\\/diarioprincipios.com\\\/?s={search_term_string}\"},\"query-input\":{\"@type\":\"PropertyValueSpecification\",\"valueRequired\":true,\"valueName\":\"search_term_string\"}}],\"inLanguage\":\"es\"},{\"@type\":\"Organization\",\"@id\":\"https:\\\/\\\/diarioprincipios.com\\\/#organization\",\"name\":\"Principios\",\"url\":\"https:\\\/\\\/diarioprincipios.com\\\/\",\"logo\":{\"@type\":\"ImageObject\",\"inLanguage\":\"es\",\"@id\":\"https:\\\/\\\/diarioprincipios.com\\\/#\\\/schema\\\/logo\\\/image\\\/\",\"url\":\"https:\\\/\\\/diarioprincipios.com\\\/wp-content\\\/uploads\\\/2024\\\/04\\\/cropped-www.diarioprincipios.com_-1.png\",\"contentUrl\":\"https:\\\/\\\/diarioprincipios.com\\\/wp-content\\\/uploads\\\/2024\\\/04\\\/cropped-www.diarioprincipios.com_-1.png\",\"width\":5325,\"height\":1454,\"caption\":\"Principios\"},\"image\":{\"@id\":\"https:\\\/\\\/diarioprincipios.com\\\/#\\\/schema\\\/logo\\\/image\\\/\"}},{\"@type\":\"Person\",\"@id\":\"https:\\\/\\\/diarioprincipios.com\\\/#\\\/schema\\\/person\\\/436d5a1fd41a5e250e23ff5a6a7cb080\",\"name\":\"Hern\u00e1n L\u00f3pez\",\"image\":{\"@type\":\"ImageObject\",\"inLanguage\":\"es\",\"@id\":\"https:\\\/\\\/diarioprincipios.com\\\/wp-content\\\/litespeed\\\/avatar\\\/11ddfe5610ff3bd100522525b2571f48.jpg?ver=1777048341\",\"url\":\"https:\\\/\\\/diarioprincipios.com\\\/wp-content\\\/litespeed\\\/avatar\\\/11ddfe5610ff3bd100522525b2571f48.jpg?ver=1777048341\",\"contentUrl\":\"https:\\\/\\\/diarioprincipios.com\\\/wp-content\\\/litespeed\\\/avatar\\\/11ddfe5610ff3bd100522525b2571f48.jpg?ver=1777048341\",\"caption\":\"Hern\u00e1n L\u00f3pez\"},\"url\":\"https:\\\/\\\/diarioprincipios.com\\\/index.php\\\/author\\\/hernan\\\/\"}]}<\/script>\n<!-- \/ Yoast SEO plugin. -->","yoast_head_json":{"title":"Brindar\u00e1n una Charla sobre Derecho de Familia - Principios","robots":{"index":"index","follow":"follow","max-snippet":"max-snippet:-1","max-image-preview":"max-image-preview:large","max-video-preview":"max-video-preview:-1"},"canonical":"https:\/\/diarioprincipios.com\/index.php\/2024\/04\/16\/brindaran-una-charla-sobre-derecho-de-familia\/","og_locale":"es_ES","og_type":"article","og_title":"Brindar\u00e1n una Charla sobre Derecho de Familia - Principios","og_description":"Se dictar\u00e1 la charla \u201cDerecho de comunicaci\u00f3n con los hijos en el Derecho de Familia\u201d, en el marco del Ciclo de capacitaciones organizadas por la Municipalidad de Berazategui, el Colegio de Abogados de Quilmes y Abogac\u00eda Organizada de Berazategui Asociaci\u00f3n Civil. Ser\u00e1 el jueves 18 de abril, a las 16.30, en la Sala de Conferencias...","og_url":"https:\/\/diarioprincipios.com\/index.php\/2024\/04\/16\/brindaran-una-charla-sobre-derecho-de-familia\/","og_site_name":"Principios","article_published_time":"2024-04-16T16:06:44+00:00","article_modified_time":"2024-04-16T16:06:45+00:00","og_image":[{"width":1600,"height":1200,"url":"https:\/\/diarioprincipios.com\/wp-content\/uploads\/2024\/04\/IMG-20240416-WA0038.jpg","type":"image\/jpeg"}],"author":"Hern\u00e1n L\u00f3pez","twitter_card":"summary_large_image","twitter_misc":{"Escrito por":"Hern\u00e1n L\u00f3pez","Tiempo de lectura":"2 minutos"},"schema":{"@context":"https:\/\/schema.org","@graph":[{"@type":"Article","@id":"https:\/\/diarioprincipios.com\/index.php\/2024\/04\/16\/brindaran-una-charla-sobre-derecho-de-familia\/#article","isPartOf":{"@id":"https:\/\/diarioprincipios.com\/index.php\/2024\/04\/16\/brindaran-una-charla-sobre-derecho-de-familia\/"},"author":{"name":"Hern\u00e1n L\u00f3pez","@id":"https:\/\/diarioprincipios.com\/#\/schema\/person\/436d5a1fd41a5e250e23ff5a6a7cb080"},"headline":"Brindar\u00e1n una Charla sobre Derecho de Familia","datePublished":"2024-04-16T16:06:44+00:00","dateModified":"2024-04-16T16:06:45+00:00","mainEntityOfPage":{"@id":"https:\/\/diarioprincipios.com\/index.php\/2024\/04\/16\/brindaran-una-charla-sobre-derecho-de-familia\/"},"wordCount":216,"commentCount":0,"publisher":{"@id":"https:\/\/diarioprincipios.com\/#organization"},"image":{"@id":"https:\/\/diarioprincipios.com\/index.php\/2024\/04\/16\/brindaran-una-charla-sobre-derecho-de-familia\/#primaryimage"},"thumbnailUrl":"https:\/\/diarioprincipios.com\/wp-content\/uploads\/2024\/04\/IMG-20240416-WA0038.jpg","articleSection":["Berazategui"],"inLanguage":"es","potentialAction":[{"@type":"CommentAction","name":"Comment","target":["https:\/\/diarioprincipios.com\/index.php\/2024\/04\/16\/brindaran-una-charla-sobre-derecho-de-familia\/#respond"]}]},{"@type":"WebPage","@id":"https:\/\/diarioprincipios.com\/index.php\/2024\/04\/16\/brindaran-una-charla-sobre-derecho-de-familia\/","url":"https:\/\/diarioprincipios.com\/index.php\/2024\/04\/16\/brindaran-una-charla-sobre-derecho-de-familia\/","name":"Brindar\u00e1n una Charla sobre Derecho de Familia - Principios","isPartOf":{"@id":"https:\/\/diarioprincipios.com\/#website"},"primaryImageOfPage":{"@id":"https:\/\/diarioprincipios.com\/index.php\/2024\/04\/16\/brindaran-una-charla-sobre-derecho-de-familia\/#primaryimage"},"image":{"@id":"https:\/\/diarioprincipios.com\/index.php\/2024\/04\/16\/brindaran-una-charla-sobre-derecho-de-familia\/#primaryimage"},"thumbnailUrl":"https:\/\/diarioprincipios.com\/wp-content\/uploads\/2024\/04\/IMG-20240416-WA0038.jpg","datePublished":"2024-04-16T16:06:44+00:00","dateModified":"2024-04-16T16:06:45+00:00","breadcrumb":{"@id":"https:\/\/diarioprincipios.com\/index.php\/2024\/04\/16\/brindaran-una-charla-sobre-derecho-de-familia\/#breadcrumb"},"inLanguage":"es","potentialAction":[{"@type":"ReadAction","target":["https:\/\/diarioprincipios.com\/index.php\/2024\/04\/16\/brindaran-una-charla-sobre-derecho-de-familia\/"]}]},{"@type":"ImageObject","inLanguage":"es","@id":"https:\/\/diarioprincipios.com\/index.php\/2024\/04\/16\/brindaran-una-charla-sobre-derecho-de-familia\/#primaryimage","url":"https:\/\/diarioprincipios.com\/wp-content\/uploads\/2024\/04\/IMG-20240416-WA0038.jpg","contentUrl":"https:\/\/diarioprincipios.com\/wp-content\/uploads\/2024\/04\/IMG-20240416-WA0038.jpg","width":1600,"height":1200},{"@type":"BreadcrumbList","@id":"https:\/\/diarioprincipios.com\/index.php\/2024\/04\/16\/brindaran-una-charla-sobre-derecho-de-familia\/#breadcrumb","itemListElement":[{"@type":"ListItem","position":1,"name":"Portada","item":"https:\/\/diarioprincipios.com\/"},{"@type":"ListItem","position":2,"name":"Brindar\u00e1n una Charla sobre Derecho de Familia"}]},{"@type":"WebSite","@id":"https:\/\/diarioprincipios.com\/#website","url":"https:\/\/diarioprincipios.com\/","name":"Principios","description":"Principios Diario","publisher":{"@id":"https:\/\/diarioprincipios.com\/#organization"},"potentialAction":[{"@type":"SearchAction","target":{"@type":"EntryPoint","urlTemplate":"https:\/\/diarioprincipios.com\/?s={search_term_string}"},"query-input":{"@type":"PropertyValueSpecification","valueRequired":true,"valueName":"search_term_string"}}],"inLanguage":"es"},{"@type":"Organization","@id":"https:\/\/diarioprincipios.com\/#organization","name":"Principios","url":"https:\/\/diarioprincipios.com\/","logo":{"@type":"ImageObject","inLanguage":"es","@id":"https:\/\/diarioprincipios.com\/#\/schema\/logo\/image\/","url":"https:\/\/diarioprincipios.com\/wp-content\/uploads\/2024\/04\/cropped-www.diarioprincipios.com_-1.png","contentUrl":"https:\/\/diarioprincipios.com\/wp-content\/uploads\/2024\/04\/cropped-www.diarioprincipios.com_-1.png","width":5325,"height":1454,"caption":"Principios"},"image":{"@id":"https:\/\/diarioprincipios.com\/#\/schema\/logo\/image\/"}},{"@type":"Person","@id":"https:\/\/diarioprincipios.com\/#\/schema\/person\/436d5a1fd41a5e250e23ff5a6a7cb080","name":"Hern\u00e1n L\u00f3pez","image":{"@type":"ImageObject","inLanguage":"es","@id":"https:\/\/diarioprincipios.com\/wp-content\/litespeed\/avatar\/11ddfe5610ff3bd100522525b2571f48.jpg?ver=1777048341","url":"https:\/\/diarioprincipios.com\/wp-content\/litespeed\/avatar\/11ddfe5610ff3bd100522525b2571f48.jpg?ver=1777048341","contentUrl":"https:\/\/diarioprincipios.com\/wp-content\/litespeed\/avatar\/11ddfe5610ff3bd100522525b2571f48.jpg?ver=1777048341","caption":"Hern\u00e1n L\u00f3pez"},"url":"https:\/\/diarioprincipios.com\/index.php\/author\/hernan\/"}]}},"jetpack_featured_media_url":"https:\/\/diarioprincipios.com\/wp-content\/uploads\/2024\/04\/IMG-20240416-WA0038.jpg","_links":{"self":[{"href":"https:\/\/diarioprincipios.com\/index.php\/wp-json\/wp\/v2\/posts\/21556","targetHints":{"allow":["GET"]}}],"collection":[{"href":"https:\/\/diarioprincipios.com\/index.php\/wp-json\/wp\/v2\/posts"}],"about":[{"href":"https:\/\/diarioprincipios.com\/index.php\/wp-json\/wp\/v2\/types\/post"}],"author":[{"embeddable":true,"href":"https:\/\/diarioprincipios.com\/index.php\/wp-json\/wp\/v2\/users\/2"}],"replies":[{"embeddable":true,"href":"https:\/\/diarioprincipios.com\/index.php\/wp-json\/wp\/v2\/comments?post=21556"}],"version-history":[{"count":1,"href":"https:\/\/diarioprincipios.com\/index.php\/wp-json\/wp\/v2\/posts\/21556\/revisions"}],"predecessor-version":[{"id":21559,"href":"https:\/\/diarioprincipios.com\/index.php\/wp-json\/wp\/v2\/posts\/21556\/revisions\/21559"}],"wp:featuredmedia":[{"embeddable":true,"href":"https:\/\/diarioprincipios.com\/index.php\/wp-json\/wp\/v2\/media\/21558"}],"wp:attachment":[{"href":"https:\/\/diarioprincipios.com\/index.php\/wp-json\/wp\/v2\/media?parent=21556"}],"wp:term":[{"taxonomy":"category","embeddable":true,"href":"https:\/\/diarioprincipios.com\/index.php\/wp-json\/wp\/v2\/categories?post=21556"},{"taxonomy":"post_tag","embeddable":true,"href":"https:\/\/diarioprincipios.com\/index.php\/wp-json\/wp\/v2\/tags?post=21556"}],"curies":[{"name":"wp","href":"https:\/\/api.w.org\/{rel}","templated":true}]}}