{"id":21542,"date":"2024-04-16T09:37:05","date_gmt":"2024-04-16T12:37:05","guid":{"rendered":"http:\/\/diarioprincipios.com\/?p=21542"},"modified":"2024-04-16T09:37:07","modified_gmt":"2024-04-16T12:37:07","slug":"multitudinaria-jornada-de-salud-integral-en-pereyra","status":"publish","type":"post","link":"https:\/\/diarioprincipios.com\/index.php\/2024\/04\/16\/multitudinaria-jornada-de-salud-integral-en-pereyra\/","title":{"rendered":"Multitudinaria Jornada de Salud Integral en Pereyra"},"content":{"rendered":"\n<p><strong>Se realiz\u00f3 una Jornada de Salud Integral gratuita en la localidad de Pereyra, en las inmediaciones del Jard\u00edn de Infantes N\u00b0 936, la Escuela Primaria N\u00b0 19 y la Agraria N\u00b0 1. Fue organizada por la Municipalidad de Berazategui, con la colaboraci\u00f3n del Gobierno de la provincia de Buenos Aires. Estuvo destinada a las comunidades rural y educativa de la zona, quienes se acercaron a participar masivamente.<\/strong><\/p>\n\n\n\n<figure class=\"wp-block-image size-large\"><img loading=\"lazy\" decoding=\"async\" width=\"1024\" height=\"683\" src=\"https:\/\/diarioprincipios.com\/wp-content\/uploads\/2024\/04\/MULTITUDINARIA-JORNADA-DE-SALUD-INTEGRAL-EN-PEREYRA2-1024x683.jpg\" alt=\"\" class=\"wp-image-21543\" srcset=\"https:\/\/diarioprincipios.com\/wp-content\/uploads\/2024\/04\/MULTITUDINARIA-JORNADA-DE-SALUD-INTEGRAL-EN-PEREYRA2-1024x683.jpg 1024w, https:\/\/diarioprincipios.com\/wp-content\/uploads\/2024\/04\/MULTITUDINARIA-JORNADA-DE-SALUD-INTEGRAL-EN-PEREYRA2-300x200.jpg 300w, https:\/\/diarioprincipios.com\/wp-content\/uploads\/2024\/04\/MULTITUDINARIA-JORNADA-DE-SALUD-INTEGRAL-EN-PEREYRA2-768x512.jpg 768w, https:\/\/diarioprincipios.com\/wp-content\/uploads\/2024\/04\/MULTITUDINARIA-JORNADA-DE-SALUD-INTEGRAL-EN-PEREYRA2-1536x1024.jpg 1536w, https:\/\/diarioprincipios.com\/wp-content\/uploads\/2024\/04\/MULTITUDINARIA-JORNADA-DE-SALUD-INTEGRAL-EN-PEREYRA2-600x400.jpg 600w, https:\/\/diarioprincipios.com\/wp-content\/uploads\/2024\/04\/MULTITUDINARIA-JORNADA-DE-SALUD-INTEGRAL-EN-PEREYRA2.jpg 1920w\" sizes=\"auto, (max-width: 1024px) 100vw, 1024px\" \/><\/figure>\n\n\n\n<p><br>Durante la jornada se brindaron los servicios de detecci\u00f3n de pacientes con factores de riesgo y toma de tensi\u00f3n arterial, peso, talla e \u00edndice de masa corporal; atenci\u00f3n cl\u00ednica, obst\u00e9trica y pedi\u00e1trica; atenci\u00f3n de la Red de Salud Mental y SEDRONAR; consejer\u00eda de alimentaci\u00f3n saludable, salud sexual y reproductiva; firma de libretas sanitarias (AUH); vacunaci\u00f3n de Calendario Nacional y COVID-19, capacitaci\u00f3n en RCP y uso de DEA; test r\u00e1pido de VIH \/ S\u00edfilis; control de salud bucal para ni\u00f1os y ni\u00f1as de 1er grado; y prueba para detecci\u00f3n de HPV &#8211; a cargo del Instituto Provincial del C\u00e1ncer-.<\/p>\n\n\n\n<figure class=\"wp-block-image size-large\"><img loading=\"lazy\" decoding=\"async\" width=\"1024\" height=\"683\" src=\"https:\/\/diarioprincipios.com\/wp-content\/uploads\/2024\/04\/MULTITUDINARIA-JORNADA-DE-SALUD-INTEGRAL-EN-PEREYRA-1024x683.jpg\" alt=\"\" class=\"wp-image-21544\" srcset=\"https:\/\/diarioprincipios.com\/wp-content\/uploads\/2024\/04\/MULTITUDINARIA-JORNADA-DE-SALUD-INTEGRAL-EN-PEREYRA-1024x683.jpg 1024w, https:\/\/diarioprincipios.com\/wp-content\/uploads\/2024\/04\/MULTITUDINARIA-JORNADA-DE-SALUD-INTEGRAL-EN-PEREYRA-300x200.jpg 300w, https:\/\/diarioprincipios.com\/wp-content\/uploads\/2024\/04\/MULTITUDINARIA-JORNADA-DE-SALUD-INTEGRAL-EN-PEREYRA-768x512.jpg 768w, https:\/\/diarioprincipios.com\/wp-content\/uploads\/2024\/04\/MULTITUDINARIA-JORNADA-DE-SALUD-INTEGRAL-EN-PEREYRA-1536x1024.jpg 1536w, https:\/\/diarioprincipios.com\/wp-content\/uploads\/2024\/04\/MULTITUDINARIA-JORNADA-DE-SALUD-INTEGRAL-EN-PEREYRA-600x400.jpg 600w, https:\/\/diarioprincipios.com\/wp-content\/uploads\/2024\/04\/MULTITUDINARIA-JORNADA-DE-SALUD-INTEGRAL-EN-PEREYRA.jpg 1920w\" sizes=\"auto, (max-width: 1024px) 100vw, 1024px\" \/><\/figure>\n\n\n\n<p><br>Carola R\u00edos, auxiliar de la Escuela Agraria N\u00b0 1, particip\u00f3 de la iniciativa y expres\u00f3: \u201cLa jornada fue muy beneficiosa para todos, tanto chicos como adultos. Estuvo buena, porque hab\u00eda para hacerse estudios de todo tipo y te los daban en el momento\u201d.<br>Por iniciativa del intendente Juan Jos\u00e9 Mussi, durante todo el a\u00f1o se realizan estas jornadas en diferentes barrios de Berazategui, con el objetivo de descentralizar la salud p\u00fablica y acercar servicios a los vecinos y vecinas. Para conocer d\u00f3nde se llevar\u00e1n a cabo las pr\u00f3ximas, se puede ingresar en\u00a0<a href=\"http:\/\/berazategui.gob.ar\/salud\" target=\"_blank\" rel=\"noreferrer noopener\">berazategui.gob.ar\/salud<\/a>.<\/p>\n","protected":false},"excerpt":{"rendered":"<p>Se realiz\u00f3 una Jornada de Salud Integral gratuita en la localidad de Pereyra, en las inmediaciones del Jard\u00edn de Infantes N\u00b0 936, la Escuela Primaria N\u00b0 19 y la Agraria N\u00b0 1. Fue organizada por la Municipalidad de Berazategui, con la colaboraci\u00f3n del Gobierno de la provincia de Buenos Aires. Estuvo destinada a las comunidades&#8230;<\/p>\n","protected":false},"author":2,"featured_media":21545,"comment_status":"open","ping_status":"open","sticky":false,"template":"","format":"standard","meta":{"footnotes":""},"categories":[3,20],"tags":[],"class_list":["post-21542","post","type-post","status-publish","format-standard","has-post-thumbnail","hentry","category-berazategui","category-salud-ambiente"],"featured_image_src":"https:\/\/diarioprincipios.com\/wp-content\/uploads\/2024\/04\/MULTITUDINARIA-JORNADA-DE-SALUD-INTEGRAL-EN-PEREYRA4-1024x683.jpg","blog_images":{"medium":"https:\/\/diarioprincipios.com\/wp-content\/uploads\/2024\/04\/MULTITUDINARIA-JORNADA-DE-SALUD-INTEGRAL-EN-PEREYRA4-300x200.jpg","large":"https:\/\/diarioprincipios.com\/wp-content\/uploads\/2024\/04\/MULTITUDINARIA-JORNADA-DE-SALUD-INTEGRAL-EN-PEREYRA4-1024x683.jpg"},"ams_acf":[],"yoast_head":"<!-- This site is optimized with the Yoast SEO plugin v27.3 - https:\/\/yoast.com\/product\/yoast-seo-wordpress\/ -->\n<title>Multitudinaria Jornada de Salud Integral en Pereyra - Principios<\/title>\n<meta name=\"robots\" content=\"index, follow, max-snippet:-1, max-image-preview:large, max-video-preview:-1\" \/>\n<link rel=\"canonical\" href=\"https:\/\/diarioprincipios.com\/index.php\/2024\/04\/16\/multitudinaria-jornada-de-salud-integral-en-pereyra\/\" \/>\n<meta property=\"og:locale\" content=\"es_ES\" \/>\n<meta property=\"og:type\" content=\"article\" \/>\n<meta property=\"og:title\" content=\"Multitudinaria Jornada de Salud Integral en Pereyra - Principios\" \/>\n<meta property=\"og:description\" content=\"Se realiz\u00f3 una Jornada de Salud Integral gratuita en la localidad de Pereyra, en las inmediaciones del Jard\u00edn de Infantes N\u00b0 936, la Escuela Primaria N\u00b0 19 y la Agraria N\u00b0 1. Fue organizada por la Municipalidad de Berazategui, con la colaboraci\u00f3n del Gobierno de la provincia de Buenos Aires. Estuvo destinada a las comunidades...\" \/>\n<meta property=\"og:url\" content=\"https:\/\/diarioprincipios.com\/index.php\/2024\/04\/16\/multitudinaria-jornada-de-salud-integral-en-pereyra\/\" \/>\n<meta property=\"og:site_name\" content=\"Principios\" \/>\n<meta property=\"article:published_time\" content=\"2024-04-16T12:37:05+00:00\" \/>\n<meta property=\"article:modified_time\" content=\"2024-04-16T12:37:07+00:00\" \/>\n<meta property=\"og:image\" content=\"https:\/\/diarioprincipios.com\/wp-content\/uploads\/2024\/04\/MULTITUDINARIA-JORNADA-DE-SALUD-INTEGRAL-EN-PEREYRA4.jpg\" \/>\n\t<meta property=\"og:image:width\" content=\"1920\" \/>\n\t<meta property=\"og:image:height\" content=\"1280\" \/>\n\t<meta property=\"og:image:type\" content=\"image\/jpeg\" \/>\n<meta name=\"author\" content=\"Hern\u00e1n L\u00f3pez\" \/>\n<meta name=\"twitter:card\" content=\"summary_large_image\" \/>\n<meta name=\"twitter:label1\" content=\"Escrito por\" \/>\n\t<meta name=\"twitter:data1\" content=\"Hern\u00e1n L\u00f3pez\" \/>\n\t<meta name=\"twitter:label2\" content=\"Tiempo de lectura\" \/>\n\t<meta name=\"twitter:data2\" content=\"2 minutos\" \/>\n<script type=\"application\/ld+json\" class=\"yoast-schema-graph\">{\"@context\":\"https:\\\/\\\/schema.org\",\"@graph\":[{\"@type\":\"Article\",\"@id\":\"https:\\\/\\\/diarioprincipios.com\\\/index.php\\\/2024\\\/04\\\/16\\\/multitudinaria-jornada-de-salud-integral-en-pereyra\\\/#article\",\"isPartOf\":{\"@id\":\"https:\\\/\\\/diarioprincipios.com\\\/index.php\\\/2024\\\/04\\\/16\\\/multitudinaria-jornada-de-salud-integral-en-pereyra\\\/\"},\"author\":{\"name\":\"Hern\u00e1n L\u00f3pez\",\"@id\":\"https:\\\/\\\/diarioprincipios.com\\\/#\\\/schema\\\/person\\\/436d5a1fd41a5e250e23ff5a6a7cb080\"},\"headline\":\"Multitudinaria Jornada de Salud Integral en Pereyra\",\"datePublished\":\"2024-04-16T12:37:05+00:00\",\"dateModified\":\"2024-04-16T12:37:07+00:00\",\"mainEntityOfPage\":{\"@id\":\"https:\\\/\\\/diarioprincipios.com\\\/index.php\\\/2024\\\/04\\\/16\\\/multitudinaria-jornada-de-salud-integral-en-pereyra\\\/\"},\"wordCount\":289,\"commentCount\":0,\"publisher\":{\"@id\":\"https:\\\/\\\/diarioprincipios.com\\\/#organization\"},\"image\":{\"@id\":\"https:\\\/\\\/diarioprincipios.com\\\/index.php\\\/2024\\\/04\\\/16\\\/multitudinaria-jornada-de-salud-integral-en-pereyra\\\/#primaryimage\"},\"thumbnailUrl\":\"https:\\\/\\\/diarioprincipios.com\\\/wp-content\\\/uploads\\\/2024\\\/04\\\/MULTITUDINARIA-JORNADA-DE-SALUD-INTEGRAL-EN-PEREYRA4.jpg\",\"articleSection\":[\"Berazategui\",\"Salud y Ambiente\"],\"inLanguage\":\"es\",\"potentialAction\":[{\"@type\":\"CommentAction\",\"name\":\"Comment\",\"target\":[\"https:\\\/\\\/diarioprincipios.com\\\/index.php\\\/2024\\\/04\\\/16\\\/multitudinaria-jornada-de-salud-integral-en-pereyra\\\/#respond\"]}]},{\"@type\":\"WebPage\",\"@id\":\"https:\\\/\\\/diarioprincipios.com\\\/index.php\\\/2024\\\/04\\\/16\\\/multitudinaria-jornada-de-salud-integral-en-pereyra\\\/\",\"url\":\"https:\\\/\\\/diarioprincipios.com\\\/index.php\\\/2024\\\/04\\\/16\\\/multitudinaria-jornada-de-salud-integral-en-pereyra\\\/\",\"name\":\"Multitudinaria Jornada de Salud Integral en Pereyra - Principios\",\"isPartOf\":{\"@id\":\"https:\\\/\\\/diarioprincipios.com\\\/#website\"},\"primaryImageOfPage\":{\"@id\":\"https:\\\/\\\/diarioprincipios.com\\\/index.php\\\/2024\\\/04\\\/16\\\/multitudinaria-jornada-de-salud-integral-en-pereyra\\\/#primaryimage\"},\"image\":{\"@id\":\"https:\\\/\\\/diarioprincipios.com\\\/index.php\\\/2024\\\/04\\\/16\\\/multitudinaria-jornada-de-salud-integral-en-pereyra\\\/#primaryimage\"},\"thumbnailUrl\":\"https:\\\/\\\/diarioprincipios.com\\\/wp-content\\\/uploads\\\/2024\\\/04\\\/MULTITUDINARIA-JORNADA-DE-SALUD-INTEGRAL-EN-PEREYRA4.jpg\",\"datePublished\":\"2024-04-16T12:37:05+00:00\",\"dateModified\":\"2024-04-16T12:37:07+00:00\",\"breadcrumb\":{\"@id\":\"https:\\\/\\\/diarioprincipios.com\\\/index.php\\\/2024\\\/04\\\/16\\\/multitudinaria-jornada-de-salud-integral-en-pereyra\\\/#breadcrumb\"},\"inLanguage\":\"es\",\"potentialAction\":[{\"@type\":\"ReadAction\",\"target\":[\"https:\\\/\\\/diarioprincipios.com\\\/index.php\\\/2024\\\/04\\\/16\\\/multitudinaria-jornada-de-salud-integral-en-pereyra\\\/\"]}]},{\"@type\":\"ImageObject\",\"inLanguage\":\"es\",\"@id\":\"https:\\\/\\\/diarioprincipios.com\\\/index.php\\\/2024\\\/04\\\/16\\\/multitudinaria-jornada-de-salud-integral-en-pereyra\\\/#primaryimage\",\"url\":\"https:\\\/\\\/diarioprincipios.com\\\/wp-content\\\/uploads\\\/2024\\\/04\\\/MULTITUDINARIA-JORNADA-DE-SALUD-INTEGRAL-EN-PEREYRA4.jpg\",\"contentUrl\":\"https:\\\/\\\/diarioprincipios.com\\\/wp-content\\\/uploads\\\/2024\\\/04\\\/MULTITUDINARIA-JORNADA-DE-SALUD-INTEGRAL-EN-PEREYRA4.jpg\",\"width\":1920,\"height\":1280},{\"@type\":\"BreadcrumbList\",\"@id\":\"https:\\\/\\\/diarioprincipios.com\\\/index.php\\\/2024\\\/04\\\/16\\\/multitudinaria-jornada-de-salud-integral-en-pereyra\\\/#breadcrumb\",\"itemListElement\":[{\"@type\":\"ListItem\",\"position\":1,\"name\":\"Portada\",\"item\":\"https:\\\/\\\/diarioprincipios.com\\\/\"},{\"@type\":\"ListItem\",\"position\":2,\"name\":\"Multitudinaria Jornada de Salud Integral en Pereyra\"}]},{\"@type\":\"WebSite\",\"@id\":\"https:\\\/\\\/diarioprincipios.com\\\/#website\",\"url\":\"https:\\\/\\\/diarioprincipios.com\\\/\",\"name\":\"Principios\",\"description\":\"Principios Diario\",\"publisher\":{\"@id\":\"https:\\\/\\\/diarioprincipios.com\\\/#organization\"},\"potentialAction\":[{\"@type\":\"SearchAction\",\"target\":{\"@type\":\"EntryPoint\",\"urlTemplate\":\"https:\\\/\\\/diarioprincipios.com\\\/?s={search_term_string}\"},\"query-input\":{\"@type\":\"PropertyValueSpecification\",\"valueRequired\":true,\"valueName\":\"search_term_string\"}}],\"inLanguage\":\"es\"},{\"@type\":\"Organization\",\"@id\":\"https:\\\/\\\/diarioprincipios.com\\\/#organization\",\"name\":\"Principios\",\"url\":\"https:\\\/\\\/diarioprincipios.com\\\/\",\"logo\":{\"@type\":\"ImageObject\",\"inLanguage\":\"es\",\"@id\":\"https:\\\/\\\/diarioprincipios.com\\\/#\\\/schema\\\/logo\\\/image\\\/\",\"url\":\"https:\\\/\\\/diarioprincipios.com\\\/wp-content\\\/uploads\\\/2024\\\/04\\\/cropped-www.diarioprincipios.com_-1.png\",\"contentUrl\":\"https:\\\/\\\/diarioprincipios.com\\\/wp-content\\\/uploads\\\/2024\\\/04\\\/cropped-www.diarioprincipios.com_-1.png\",\"width\":5325,\"height\":1454,\"caption\":\"Principios\"},\"image\":{\"@id\":\"https:\\\/\\\/diarioprincipios.com\\\/#\\\/schema\\\/logo\\\/image\\\/\"}},{\"@type\":\"Person\",\"@id\":\"https:\\\/\\\/diarioprincipios.com\\\/#\\\/schema\\\/person\\\/436d5a1fd41a5e250e23ff5a6a7cb080\",\"name\":\"Hern\u00e1n L\u00f3pez\",\"image\":{\"@type\":\"ImageObject\",\"inLanguage\":\"es\",\"@id\":\"https:\\\/\\\/diarioprincipios.com\\\/wp-content\\\/litespeed\\\/avatar\\\/11ddfe5610ff3bd100522525b2571f48.jpg?ver=1777048341\",\"url\":\"https:\\\/\\\/diarioprincipios.com\\\/wp-content\\\/litespeed\\\/avatar\\\/11ddfe5610ff3bd100522525b2571f48.jpg?ver=1777048341\",\"contentUrl\":\"https:\\\/\\\/diarioprincipios.com\\\/wp-content\\\/litespeed\\\/avatar\\\/11ddfe5610ff3bd100522525b2571f48.jpg?ver=1777048341\",\"caption\":\"Hern\u00e1n L\u00f3pez\"},\"url\":\"https:\\\/\\\/diarioprincipios.com\\\/index.php\\\/author\\\/hernan\\\/\"}]}<\/script>\n<!-- \/ Yoast SEO plugin. -->","yoast_head_json":{"title":"Multitudinaria Jornada de Salud Integral en Pereyra - Principios","robots":{"index":"index","follow":"follow","max-snippet":"max-snippet:-1","max-image-preview":"max-image-preview:large","max-video-preview":"max-video-preview:-1"},"canonical":"https:\/\/diarioprincipios.com\/index.php\/2024\/04\/16\/multitudinaria-jornada-de-salud-integral-en-pereyra\/","og_locale":"es_ES","og_type":"article","og_title":"Multitudinaria Jornada de Salud Integral en Pereyra - Principios","og_description":"Se realiz\u00f3 una Jornada de Salud Integral gratuita en la localidad de Pereyra, en las inmediaciones del Jard\u00edn de Infantes N\u00b0 936, la Escuela Primaria N\u00b0 19 y la Agraria N\u00b0 1. Fue organizada por la Municipalidad de Berazategui, con la colaboraci\u00f3n del Gobierno de la provincia de Buenos Aires. Estuvo destinada a las comunidades...","og_url":"https:\/\/diarioprincipios.com\/index.php\/2024\/04\/16\/multitudinaria-jornada-de-salud-integral-en-pereyra\/","og_site_name":"Principios","article_published_time":"2024-04-16T12:37:05+00:00","article_modified_time":"2024-04-16T12:37:07+00:00","og_image":[{"width":1920,"height":1280,"url":"https:\/\/diarioprincipios.com\/wp-content\/uploads\/2024\/04\/MULTITUDINARIA-JORNADA-DE-SALUD-INTEGRAL-EN-PEREYRA4.jpg","type":"image\/jpeg"}],"author":"Hern\u00e1n L\u00f3pez","twitter_card":"summary_large_image","twitter_misc":{"Escrito por":"Hern\u00e1n L\u00f3pez","Tiempo de lectura":"2 minutos"},"schema":{"@context":"https:\/\/schema.org","@graph":[{"@type":"Article","@id":"https:\/\/diarioprincipios.com\/index.php\/2024\/04\/16\/multitudinaria-jornada-de-salud-integral-en-pereyra\/#article","isPartOf":{"@id":"https:\/\/diarioprincipios.com\/index.php\/2024\/04\/16\/multitudinaria-jornada-de-salud-integral-en-pereyra\/"},"author":{"name":"Hern\u00e1n L\u00f3pez","@id":"https:\/\/diarioprincipios.com\/#\/schema\/person\/436d5a1fd41a5e250e23ff5a6a7cb080"},"headline":"Multitudinaria Jornada de Salud Integral en Pereyra","datePublished":"2024-04-16T12:37:05+00:00","dateModified":"2024-04-16T12:37:07+00:00","mainEntityOfPage":{"@id":"https:\/\/diarioprincipios.com\/index.php\/2024\/04\/16\/multitudinaria-jornada-de-salud-integral-en-pereyra\/"},"wordCount":289,"commentCount":0,"publisher":{"@id":"https:\/\/diarioprincipios.com\/#organization"},"image":{"@id":"https:\/\/diarioprincipios.com\/index.php\/2024\/04\/16\/multitudinaria-jornada-de-salud-integral-en-pereyra\/#primaryimage"},"thumbnailUrl":"https:\/\/diarioprincipios.com\/wp-content\/uploads\/2024\/04\/MULTITUDINARIA-JORNADA-DE-SALUD-INTEGRAL-EN-PEREYRA4.jpg","articleSection":["Berazategui","Salud y Ambiente"],"inLanguage":"es","potentialAction":[{"@type":"CommentAction","name":"Comment","target":["https:\/\/diarioprincipios.com\/index.php\/2024\/04\/16\/multitudinaria-jornada-de-salud-integral-en-pereyra\/#respond"]}]},{"@type":"WebPage","@id":"https:\/\/diarioprincipios.com\/index.php\/2024\/04\/16\/multitudinaria-jornada-de-salud-integral-en-pereyra\/","url":"https:\/\/diarioprincipios.com\/index.php\/2024\/04\/16\/multitudinaria-jornada-de-salud-integral-en-pereyra\/","name":"Multitudinaria Jornada de Salud Integral en Pereyra - Principios","isPartOf":{"@id":"https:\/\/diarioprincipios.com\/#website"},"primaryImageOfPage":{"@id":"https:\/\/diarioprincipios.com\/index.php\/2024\/04\/16\/multitudinaria-jornada-de-salud-integral-en-pereyra\/#primaryimage"},"image":{"@id":"https:\/\/diarioprincipios.com\/index.php\/2024\/04\/16\/multitudinaria-jornada-de-salud-integral-en-pereyra\/#primaryimage"},"thumbnailUrl":"https:\/\/diarioprincipios.com\/wp-content\/uploads\/2024\/04\/MULTITUDINARIA-JORNADA-DE-SALUD-INTEGRAL-EN-PEREYRA4.jpg","datePublished":"2024-04-16T12:37:05+00:00","dateModified":"2024-04-16T12:37:07+00:00","breadcrumb":{"@id":"https:\/\/diarioprincipios.com\/index.php\/2024\/04\/16\/multitudinaria-jornada-de-salud-integral-en-pereyra\/#breadcrumb"},"inLanguage":"es","potentialAction":[{"@type":"ReadAction","target":["https:\/\/diarioprincipios.com\/index.php\/2024\/04\/16\/multitudinaria-jornada-de-salud-integral-en-pereyra\/"]}]},{"@type":"ImageObject","inLanguage":"es","@id":"https:\/\/diarioprincipios.com\/index.php\/2024\/04\/16\/multitudinaria-jornada-de-salud-integral-en-pereyra\/#primaryimage","url":"https:\/\/diarioprincipios.com\/wp-content\/uploads\/2024\/04\/MULTITUDINARIA-JORNADA-DE-SALUD-INTEGRAL-EN-PEREYRA4.jpg","contentUrl":"https:\/\/diarioprincipios.com\/wp-content\/uploads\/2024\/04\/MULTITUDINARIA-JORNADA-DE-SALUD-INTEGRAL-EN-PEREYRA4.jpg","width":1920,"height":1280},{"@type":"BreadcrumbList","@id":"https:\/\/diarioprincipios.com\/index.php\/2024\/04\/16\/multitudinaria-jornada-de-salud-integral-en-pereyra\/#breadcrumb","itemListElement":[{"@type":"ListItem","position":1,"name":"Portada","item":"https:\/\/diarioprincipios.com\/"},{"@type":"ListItem","position":2,"name":"Multitudinaria Jornada de Salud Integral en Pereyra"}]},{"@type":"WebSite","@id":"https:\/\/diarioprincipios.com\/#website","url":"https:\/\/diarioprincipios.com\/","name":"Principios","description":"Principios Diario","publisher":{"@id":"https:\/\/diarioprincipios.com\/#organization"},"potentialAction":[{"@type":"SearchAction","target":{"@type":"EntryPoint","urlTemplate":"https:\/\/diarioprincipios.com\/?s={search_term_string}"},"query-input":{"@type":"PropertyValueSpecification","valueRequired":true,"valueName":"search_term_string"}}],"inLanguage":"es"},{"@type":"Organization","@id":"https:\/\/diarioprincipios.com\/#organization","name":"Principios","url":"https:\/\/diarioprincipios.com\/","logo":{"@type":"ImageObject","inLanguage":"es","@id":"https:\/\/diarioprincipios.com\/#\/schema\/logo\/image\/","url":"https:\/\/diarioprincipios.com\/wp-content\/uploads\/2024\/04\/cropped-www.diarioprincipios.com_-1.png","contentUrl":"https:\/\/diarioprincipios.com\/wp-content\/uploads\/2024\/04\/cropped-www.diarioprincipios.com_-1.png","width":5325,"height":1454,"caption":"Principios"},"image":{"@id":"https:\/\/diarioprincipios.com\/#\/schema\/logo\/image\/"}},{"@type":"Person","@id":"https:\/\/diarioprincipios.com\/#\/schema\/person\/436d5a1fd41a5e250e23ff5a6a7cb080","name":"Hern\u00e1n L\u00f3pez","image":{"@type":"ImageObject","inLanguage":"es","@id":"https:\/\/diarioprincipios.com\/wp-content\/litespeed\/avatar\/11ddfe5610ff3bd100522525b2571f48.jpg?ver=1777048341","url":"https:\/\/diarioprincipios.com\/wp-content\/litespeed\/avatar\/11ddfe5610ff3bd100522525b2571f48.jpg?ver=1777048341","contentUrl":"https:\/\/diarioprincipios.com\/wp-content\/litespeed\/avatar\/11ddfe5610ff3bd100522525b2571f48.jpg?ver=1777048341","caption":"Hern\u00e1n L\u00f3pez"},"url":"https:\/\/diarioprincipios.com\/index.php\/author\/hernan\/"}]}},"jetpack_featured_media_url":"https:\/\/diarioprincipios.com\/wp-content\/uploads\/2024\/04\/MULTITUDINARIA-JORNADA-DE-SALUD-INTEGRAL-EN-PEREYRA4.jpg","_links":{"self":[{"href":"https:\/\/diarioprincipios.com\/index.php\/wp-json\/wp\/v2\/posts\/21542","targetHints":{"allow":["GET"]}}],"collection":[{"href":"https:\/\/diarioprincipios.com\/index.php\/wp-json\/wp\/v2\/posts"}],"about":[{"href":"https:\/\/diarioprincipios.com\/index.php\/wp-json\/wp\/v2\/types\/post"}],"author":[{"embeddable":true,"href":"https:\/\/diarioprincipios.com\/index.php\/wp-json\/wp\/v2\/users\/2"}],"replies":[{"embeddable":true,"href":"https:\/\/diarioprincipios.com\/index.php\/wp-json\/wp\/v2\/comments?post=21542"}],"version-history":[{"count":1,"href":"https:\/\/diarioprincipios.com\/index.php\/wp-json\/wp\/v2\/posts\/21542\/revisions"}],"predecessor-version":[{"id":21546,"href":"https:\/\/diarioprincipios.com\/index.php\/wp-json\/wp\/v2\/posts\/21542\/revisions\/21546"}],"wp:featuredmedia":[{"embeddable":true,"href":"https:\/\/diarioprincipios.com\/index.php\/wp-json\/wp\/v2\/media\/21545"}],"wp:attachment":[{"href":"https:\/\/diarioprincipios.com\/index.php\/wp-json\/wp\/v2\/media?parent=21542"}],"wp:term":[{"taxonomy":"category","embeddable":true,"href":"https:\/\/diarioprincipios.com\/index.php\/wp-json\/wp\/v2\/categories?post=21542"},{"taxonomy":"post_tag","embeddable":true,"href":"https:\/\/diarioprincipios.com\/index.php\/wp-json\/wp\/v2\/tags?post=21542"}],"curies":[{"name":"wp","href":"https:\/\/api.w.org\/{rel}","templated":true}]}}