{"id":21523,"date":"2024-04-15T10:00:20","date_gmt":"2024-04-15T13:00:20","guid":{"rendered":"http:\/\/diarioprincipios.com\/?p=21523"},"modified":"2024-04-15T10:00:22","modified_gmt":"2024-04-15T13:00:22","slug":"con-participacion-record-de-76-equipos-arranco-el-torneo-de-la-asociacion-de-voley","status":"publish","type":"post","link":"https:\/\/diarioprincipios.com\/index.php\/2024\/04\/15\/con-participacion-record-de-76-equipos-arranco-el-torneo-de-la-asociacion-de-voley\/","title":{"rendered":"Con participaci\u00f3n r\u00e9cord de 76 equipos arranc\u00f3 el Torneo de la Asociaci\u00f3n de V\u00f3ley"},"content":{"rendered":"\n<p>El pasado s\u00e1bado, con la participaci\u00f3n r\u00e9cord de 76 equipos empez\u00f3 el Torneo Apertura de la Asociaci\u00f3n de Voley Capital Nacional del Vidrio.<br>El mismo se disput\u00f3 en las sedes dispuestas en Berazategui, Quilmes y Avellaneda, especificamente en Wilde y Sarand\u00ed.<\/p>\n\n\n\n<figure class=\"wp-block-image size-large\"><img loading=\"lazy\" decoding=\"async\" width=\"1024\" height=\"896\" src=\"https:\/\/diarioprincipios.com\/wp-content\/uploads\/2024\/04\/IMG-20240415-WA0038-1024x896.jpg\" alt=\"\" class=\"wp-image-21524\" srcset=\"https:\/\/diarioprincipios.com\/wp-content\/uploads\/2024\/04\/IMG-20240415-WA0038-1024x896.jpg 1024w, https:\/\/diarioprincipios.com\/wp-content\/uploads\/2024\/04\/IMG-20240415-WA0038-300x263.jpg 300w, https:\/\/diarioprincipios.com\/wp-content\/uploads\/2024\/04\/IMG-20240415-WA0038-768x672.jpg 768w, https:\/\/diarioprincipios.com\/wp-content\/uploads\/2024\/04\/IMG-20240415-WA0038-1536x1344.jpg 1536w, https:\/\/diarioprincipios.com\/wp-content\/uploads\/2024\/04\/IMG-20240415-WA0038-2048x1792.jpg 2048w\" sizes=\"auto, (max-width: 1024px) 100vw, 1024px\" \/><\/figure>\n\n\n\n<p><br>Con gran \u00e9xito y transmisi\u00f3n en vivo todos los fines de semana por Instagram, facebook y YouTube comenz\u00f3 la disputa en todas las Categor\u00edas: Sub 14 , 16 , 18 y 21 damas; Sub 14 , 16 , 18 y 21 caballeros, adem\u00e1s de Mayores Damas y Mayores Caballeros.<\/p>\n\n\n\n<figure class=\"wp-block-image size-large\"><img loading=\"lazy\" decoding=\"async\" width=\"1024\" height=\"576\" src=\"https:\/\/diarioprincipios.com\/wp-content\/uploads\/2024\/04\/IMG-20240415-WA0050-1024x576.jpg\" alt=\"\" class=\"wp-image-21525\" srcset=\"https:\/\/diarioprincipios.com\/wp-content\/uploads\/2024\/04\/IMG-20240415-WA0050-1024x576.jpg 1024w, https:\/\/diarioprincipios.com\/wp-content\/uploads\/2024\/04\/IMG-20240415-WA0050-300x169.jpg 300w, https:\/\/diarioprincipios.com\/wp-content\/uploads\/2024\/04\/IMG-20240415-WA0050-768x432.jpg 768w, https:\/\/diarioprincipios.com\/wp-content\/uploads\/2024\/04\/IMG-20240415-WA0050-1536x864.jpg 1536w, https:\/\/diarioprincipios.com\/wp-content\/uploads\/2024\/04\/IMG-20240415-WA0050-2048x1152.jpg 2048w\" sizes=\"auto, (max-width: 1024px) 100vw, 1024px\" \/><\/figure>\n\n\n\n<p><br>Celia Cabrera; presidenta de la Asociaci\u00f3n de V\u00f3ley destac\u00f3 que \u00abestamos muy contentos de haber iniciado con total \u00e9xito un nuevo Torneo y sobre todo por la mayor participaci\u00f3n, a\u00f1o a a\u00f1o se suman equipos y en la actualidad llegamos a la cifra r\u00e9cord de 76 participantes\u00bb.<\/p>\n\n\n\n<figure class=\"wp-block-image size-large\"><img loading=\"lazy\" decoding=\"async\" width=\"1024\" height=\"962\" src=\"https:\/\/diarioprincipios.com\/wp-content\/uploads\/2024\/04\/IMG-20240415-WA0040-1024x962.jpg\" alt=\"\" class=\"wp-image-21526\" srcset=\"https:\/\/diarioprincipios.com\/wp-content\/uploads\/2024\/04\/IMG-20240415-WA0040-1024x962.jpg 1024w, https:\/\/diarioprincipios.com\/wp-content\/uploads\/2024\/04\/IMG-20240415-WA0040-300x282.jpg 300w, https:\/\/diarioprincipios.com\/wp-content\/uploads\/2024\/04\/IMG-20240415-WA0040-768x722.jpg 768w, https:\/\/diarioprincipios.com\/wp-content\/uploads\/2024\/04\/IMG-20240415-WA0040-1536x1444.jpg 1536w, https:\/\/diarioprincipios.com\/wp-content\/uploads\/2024\/04\/IMG-20240415-WA0040-2048x1925.jpg 2048w\" sizes=\"auto, (max-width: 1024px) 100vw, 1024px\" \/><\/figure>\n\n\n\n<p><br>Adem\u00e1s resalt\u00f3 que \u00abotro gran orgullo es la formaci\u00f3n de \u00e1rbitros y planilleros propios, la mayor\u00eda de ellos j\u00f3venes estudiantes que encontraron la posibilidad de generarse un ingreso, de hecho en este Torneo debutan varios \u00e1rbitros recientemente egresados de nuestros cursos\u00bb.<\/p>\n\n\n\n<figure class=\"wp-block-image size-large\"><img loading=\"lazy\" decoding=\"async\" width=\"1024\" height=\"785\" src=\"https:\/\/diarioprincipios.com\/wp-content\/uploads\/2024\/04\/IMG-20240415-WA0034-1024x785.jpg\" alt=\"\" class=\"wp-image-21527\" srcset=\"https:\/\/diarioprincipios.com\/wp-content\/uploads\/2024\/04\/IMG-20240415-WA0034-1024x785.jpg 1024w, https:\/\/diarioprincipios.com\/wp-content\/uploads\/2024\/04\/IMG-20240415-WA0034-300x230.jpg 300w, https:\/\/diarioprincipios.com\/wp-content\/uploads\/2024\/04\/IMG-20240415-WA0034-768x588.jpg 768w, https:\/\/diarioprincipios.com\/wp-content\/uploads\/2024\/04\/IMG-20240415-WA0034-1536x1177.jpg 1536w, https:\/\/diarioprincipios.com\/wp-content\/uploads\/2024\/04\/IMG-20240415-WA0034-2048x1569.jpg 2048w\" sizes=\"auto, (max-width: 1024px) 100vw, 1024px\" \/><\/figure>\n\n\n\n<p><br>Record\u00f3 que \u00abcomenzamos en el a\u00f1o 2018 con 10 equipos y hoy estamos con 76, el crecimiento ha sido notable y eso es fruto del abnegado trabajo de todo nuestro equipo al que le quiero agradecer, nuestra tarea ha sido reconocida hace poco en Mar Del Plata y nos felicitan desde distintas partes del pa\u00eds\u00bb, agradeciendo adem\u00e1s \u00abel apoyo de Horacio Valdez, secretario general de los vidrieros y el Intendente Dr. Juan Jos\u00e9 Mussi, quienes como amantes del deporte nos han apoyado mucho desde los mismos comienzos de la Asociaci\u00f3n\u00bb.<\/p>\n\n\n\n<figure class=\"wp-block-image size-large\"><img loading=\"lazy\" decoding=\"async\" width=\"1024\" height=\"576\" src=\"https:\/\/diarioprincipios.com\/wp-content\/uploads\/2024\/04\/IMG-20240415-WA0017-1024x576.jpg\" alt=\"\" class=\"wp-image-21528\" srcset=\"https:\/\/diarioprincipios.com\/wp-content\/uploads\/2024\/04\/IMG-20240415-WA0017-1024x576.jpg 1024w, https:\/\/diarioprincipios.com\/wp-content\/uploads\/2024\/04\/IMG-20240415-WA0017-300x169.jpg 300w, https:\/\/diarioprincipios.com\/wp-content\/uploads\/2024\/04\/IMG-20240415-WA0017-768x432.jpg 768w, https:\/\/diarioprincipios.com\/wp-content\/uploads\/2024\/04\/IMG-20240415-WA0017.jpg 1280w\" sizes=\"auto, (max-width: 1024px) 100vw, 1024px\" \/><\/figure>\n\n\n\n<p><br>Por \u00faltimo sostuvo que \u00aben 6 a\u00f1os hemos logrado much\u00edsimo, no nos detuvo ni la pandemia de 2020\/21 porque aprovechamos ese tiempo para capacitarnos y eso ha sido fundamental, adem\u00e1s desde la Asociaci\u00f3n hemos colaborado con los clubes para que puedan crecer, y tambi\u00e9n formado muchos j\u00f3venes, estamos realmente felices y agradecidos\u00bb.<\/p>\n","protected":false},"excerpt":{"rendered":"<p>El pasado s\u00e1bado, con la participaci\u00f3n r\u00e9cord de 76 equipos empez\u00f3 el Torneo Apertura de la Asociaci\u00f3n de Voley Capital Nacional del Vidrio.El mismo se disput\u00f3 en las sedes dispuestas en Berazategui, Quilmes y Avellaneda, especificamente en Wilde y Sarand\u00ed. Con gran \u00e9xito y transmisi\u00f3n en vivo todos los fines de semana por Instagram, facebook&#8230;<\/p>\n","protected":false},"author":2,"featured_media":21529,"comment_status":"open","ping_status":"open","sticky":false,"template":"","format":"standard","meta":{"footnotes":""},"categories":[6],"tags":[],"class_list":["post-21523","post","type-post","status-publish","format-standard","has-post-thumbnail","hentry","category-deportes"],"featured_image_src":"https:\/\/diarioprincipios.com\/wp-content\/uploads\/2024\/04\/IMG-20240304-WA0160-768x1024.jpg","blog_images":{"medium":"https:\/\/diarioprincipios.com\/wp-content\/uploads\/2024\/04\/IMG-20240304-WA0160-225x300.jpg","large":"https:\/\/diarioprincipios.com\/wp-content\/uploads\/2024\/04\/IMG-20240304-WA0160-768x1024.jpg"},"ams_acf":[],"yoast_head":"<!-- This site is optimized with the Yoast SEO plugin v27.3 - https:\/\/yoast.com\/product\/yoast-seo-wordpress\/ -->\n<title>Con participaci\u00f3n r\u00e9cord de 76 equipos arranc\u00f3 el Torneo de la Asociaci\u00f3n de V\u00f3ley - Principios<\/title>\n<meta name=\"robots\" content=\"index, follow, max-snippet:-1, max-image-preview:large, max-video-preview:-1\" \/>\n<link rel=\"canonical\" href=\"https:\/\/diarioprincipios.com\/index.php\/2024\/04\/15\/con-participacion-record-de-76-equipos-arranco-el-torneo-de-la-asociacion-de-voley\/\" \/>\n<meta property=\"og:locale\" content=\"es_ES\" \/>\n<meta property=\"og:type\" content=\"article\" \/>\n<meta property=\"og:title\" content=\"Con participaci\u00f3n r\u00e9cord de 76 equipos arranc\u00f3 el Torneo de la Asociaci\u00f3n de V\u00f3ley - Principios\" \/>\n<meta property=\"og:description\" content=\"El pasado s\u00e1bado, con la participaci\u00f3n r\u00e9cord de 76 equipos empez\u00f3 el Torneo Apertura de la Asociaci\u00f3n de Voley Capital Nacional del Vidrio.El mismo se disput\u00f3 en las sedes dispuestas en Berazategui, Quilmes y Avellaneda, especificamente en Wilde y Sarand\u00ed. Con gran \u00e9xito y transmisi\u00f3n en vivo todos los fines de semana por Instagram, facebook...\" \/>\n<meta property=\"og:url\" content=\"https:\/\/diarioprincipios.com\/index.php\/2024\/04\/15\/con-participacion-record-de-76-equipos-arranco-el-torneo-de-la-asociacion-de-voley\/\" \/>\n<meta property=\"og:site_name\" content=\"Principios\" \/>\n<meta property=\"article:published_time\" content=\"2024-04-15T13:00:20+00:00\" \/>\n<meta property=\"article:modified_time\" content=\"2024-04-15T13:00:22+00:00\" \/>\n<meta property=\"og:image\" content=\"https:\/\/diarioprincipios.com\/wp-content\/uploads\/2024\/04\/IMG-20240304-WA0160.jpg\" \/>\n\t<meta property=\"og:image:width\" content=\"960\" \/>\n\t<meta property=\"og:image:height\" content=\"1280\" \/>\n\t<meta property=\"og:image:type\" content=\"image\/jpeg\" \/>\n<meta name=\"author\" content=\"Hern\u00e1n L\u00f3pez\" \/>\n<meta name=\"twitter:card\" content=\"summary_large_image\" \/>\n<meta name=\"twitter:label1\" content=\"Escrito por\" \/>\n\t<meta name=\"twitter:data1\" content=\"Hern\u00e1n L\u00f3pez\" \/>\n\t<meta name=\"twitter:label2\" content=\"Tiempo de lectura\" \/>\n\t<meta name=\"twitter:data2\" content=\"3 minutos\" \/>\n<script type=\"application\/ld+json\" class=\"yoast-schema-graph\">{\"@context\":\"https:\\\/\\\/schema.org\",\"@graph\":[{\"@type\":\"Article\",\"@id\":\"https:\\\/\\\/diarioprincipios.com\\\/index.php\\\/2024\\\/04\\\/15\\\/con-participacion-record-de-76-equipos-arranco-el-torneo-de-la-asociacion-de-voley\\\/#article\",\"isPartOf\":{\"@id\":\"https:\\\/\\\/diarioprincipios.com\\\/index.php\\\/2024\\\/04\\\/15\\\/con-participacion-record-de-76-equipos-arranco-el-torneo-de-la-asociacion-de-voley\\\/\"},\"author\":{\"name\":\"Hern\u00e1n L\u00f3pez\",\"@id\":\"https:\\\/\\\/diarioprincipios.com\\\/#\\\/schema\\\/person\\\/436d5a1fd41a5e250e23ff5a6a7cb080\"},\"headline\":\"Con participaci\u00f3n r\u00e9cord de 76 equipos arranc\u00f3 el Torneo de la Asociaci\u00f3n de V\u00f3ley\",\"datePublished\":\"2024-04-15T13:00:20+00:00\",\"dateModified\":\"2024-04-15T13:00:22+00:00\",\"mainEntityOfPage\":{\"@id\":\"https:\\\/\\\/diarioprincipios.com\\\/index.php\\\/2024\\\/04\\\/15\\\/con-participacion-record-de-76-equipos-arranco-el-torneo-de-la-asociacion-de-voley\\\/\"},\"wordCount\":345,\"commentCount\":0,\"publisher\":{\"@id\":\"https:\\\/\\\/diarioprincipios.com\\\/#organization\"},\"image\":{\"@id\":\"https:\\\/\\\/diarioprincipios.com\\\/index.php\\\/2024\\\/04\\\/15\\\/con-participacion-record-de-76-equipos-arranco-el-torneo-de-la-asociacion-de-voley\\\/#primaryimage\"},\"thumbnailUrl\":\"https:\\\/\\\/diarioprincipios.com\\\/wp-content\\\/uploads\\\/2024\\\/04\\\/IMG-20240304-WA0160.jpg\",\"articleSection\":[\"Deportes\"],\"inLanguage\":\"es\",\"potentialAction\":[{\"@type\":\"CommentAction\",\"name\":\"Comment\",\"target\":[\"https:\\\/\\\/diarioprincipios.com\\\/index.php\\\/2024\\\/04\\\/15\\\/con-participacion-record-de-76-equipos-arranco-el-torneo-de-la-asociacion-de-voley\\\/#respond\"]}]},{\"@type\":\"WebPage\",\"@id\":\"https:\\\/\\\/diarioprincipios.com\\\/index.php\\\/2024\\\/04\\\/15\\\/con-participacion-record-de-76-equipos-arranco-el-torneo-de-la-asociacion-de-voley\\\/\",\"url\":\"https:\\\/\\\/diarioprincipios.com\\\/index.php\\\/2024\\\/04\\\/15\\\/con-participacion-record-de-76-equipos-arranco-el-torneo-de-la-asociacion-de-voley\\\/\",\"name\":\"Con participaci\u00f3n r\u00e9cord de 76 equipos arranc\u00f3 el Torneo de la Asociaci\u00f3n de V\u00f3ley - Principios\",\"isPartOf\":{\"@id\":\"https:\\\/\\\/diarioprincipios.com\\\/#website\"},\"primaryImageOfPage\":{\"@id\":\"https:\\\/\\\/diarioprincipios.com\\\/index.php\\\/2024\\\/04\\\/15\\\/con-participacion-record-de-76-equipos-arranco-el-torneo-de-la-asociacion-de-voley\\\/#primaryimage\"},\"image\":{\"@id\":\"https:\\\/\\\/diarioprincipios.com\\\/index.php\\\/2024\\\/04\\\/15\\\/con-participacion-record-de-76-equipos-arranco-el-torneo-de-la-asociacion-de-voley\\\/#primaryimage\"},\"thumbnailUrl\":\"https:\\\/\\\/diarioprincipios.com\\\/wp-content\\\/uploads\\\/2024\\\/04\\\/IMG-20240304-WA0160.jpg\",\"datePublished\":\"2024-04-15T13:00:20+00:00\",\"dateModified\":\"2024-04-15T13:00:22+00:00\",\"breadcrumb\":{\"@id\":\"https:\\\/\\\/diarioprincipios.com\\\/index.php\\\/2024\\\/04\\\/15\\\/con-participacion-record-de-76-equipos-arranco-el-torneo-de-la-asociacion-de-voley\\\/#breadcrumb\"},\"inLanguage\":\"es\",\"potentialAction\":[{\"@type\":\"ReadAction\",\"target\":[\"https:\\\/\\\/diarioprincipios.com\\\/index.php\\\/2024\\\/04\\\/15\\\/con-participacion-record-de-76-equipos-arranco-el-torneo-de-la-asociacion-de-voley\\\/\"]}]},{\"@type\":\"ImageObject\",\"inLanguage\":\"es\",\"@id\":\"https:\\\/\\\/diarioprincipios.com\\\/index.php\\\/2024\\\/04\\\/15\\\/con-participacion-record-de-76-equipos-arranco-el-torneo-de-la-asociacion-de-voley\\\/#primaryimage\",\"url\":\"https:\\\/\\\/diarioprincipios.com\\\/wp-content\\\/uploads\\\/2024\\\/04\\\/IMG-20240304-WA0160.jpg\",\"contentUrl\":\"https:\\\/\\\/diarioprincipios.com\\\/wp-content\\\/uploads\\\/2024\\\/04\\\/IMG-20240304-WA0160.jpg\",\"width\":960,\"height\":1280},{\"@type\":\"BreadcrumbList\",\"@id\":\"https:\\\/\\\/diarioprincipios.com\\\/index.php\\\/2024\\\/04\\\/15\\\/con-participacion-record-de-76-equipos-arranco-el-torneo-de-la-asociacion-de-voley\\\/#breadcrumb\",\"itemListElement\":[{\"@type\":\"ListItem\",\"position\":1,\"name\":\"Portada\",\"item\":\"https:\\\/\\\/diarioprincipios.com\\\/\"},{\"@type\":\"ListItem\",\"position\":2,\"name\":\"Con participaci\u00f3n r\u00e9cord de 76 equipos arranc\u00f3 el Torneo de la Asociaci\u00f3n de V\u00f3ley\"}]},{\"@type\":\"WebSite\",\"@id\":\"https:\\\/\\\/diarioprincipios.com\\\/#website\",\"url\":\"https:\\\/\\\/diarioprincipios.com\\\/\",\"name\":\"Principios\",\"description\":\"Principios Diario\",\"publisher\":{\"@id\":\"https:\\\/\\\/diarioprincipios.com\\\/#organization\"},\"potentialAction\":[{\"@type\":\"SearchAction\",\"target\":{\"@type\":\"EntryPoint\",\"urlTemplate\":\"https:\\\/\\\/diarioprincipios.com\\\/?s={search_term_string}\"},\"query-input\":{\"@type\":\"PropertyValueSpecification\",\"valueRequired\":true,\"valueName\":\"search_term_string\"}}],\"inLanguage\":\"es\"},{\"@type\":\"Organization\",\"@id\":\"https:\\\/\\\/diarioprincipios.com\\\/#organization\",\"name\":\"Principios\",\"url\":\"https:\\\/\\\/diarioprincipios.com\\\/\",\"logo\":{\"@type\":\"ImageObject\",\"inLanguage\":\"es\",\"@id\":\"https:\\\/\\\/diarioprincipios.com\\\/#\\\/schema\\\/logo\\\/image\\\/\",\"url\":\"https:\\\/\\\/diarioprincipios.com\\\/wp-content\\\/uploads\\\/2024\\\/04\\\/cropped-www.diarioprincipios.com_-1.png\",\"contentUrl\":\"https:\\\/\\\/diarioprincipios.com\\\/wp-content\\\/uploads\\\/2024\\\/04\\\/cropped-www.diarioprincipios.com_-1.png\",\"width\":5325,\"height\":1454,\"caption\":\"Principios\"},\"image\":{\"@id\":\"https:\\\/\\\/diarioprincipios.com\\\/#\\\/schema\\\/logo\\\/image\\\/\"}},{\"@type\":\"Person\",\"@id\":\"https:\\\/\\\/diarioprincipios.com\\\/#\\\/schema\\\/person\\\/436d5a1fd41a5e250e23ff5a6a7cb080\",\"name\":\"Hern\u00e1n L\u00f3pez\",\"image\":{\"@type\":\"ImageObject\",\"inLanguage\":\"es\",\"@id\":\"https:\\\/\\\/diarioprincipios.com\\\/wp-content\\\/litespeed\\\/avatar\\\/11ddfe5610ff3bd100522525b2571f48.jpg?ver=1777048341\",\"url\":\"https:\\\/\\\/diarioprincipios.com\\\/wp-content\\\/litespeed\\\/avatar\\\/11ddfe5610ff3bd100522525b2571f48.jpg?ver=1777048341\",\"contentUrl\":\"https:\\\/\\\/diarioprincipios.com\\\/wp-content\\\/litespeed\\\/avatar\\\/11ddfe5610ff3bd100522525b2571f48.jpg?ver=1777048341\",\"caption\":\"Hern\u00e1n L\u00f3pez\"},\"url\":\"https:\\\/\\\/diarioprincipios.com\\\/index.php\\\/author\\\/hernan\\\/\"}]}<\/script>\n<!-- \/ Yoast SEO plugin. -->","yoast_head_json":{"title":"Con participaci\u00f3n r\u00e9cord de 76 equipos arranc\u00f3 el Torneo de la Asociaci\u00f3n de V\u00f3ley - Principios","robots":{"index":"index","follow":"follow","max-snippet":"max-snippet:-1","max-image-preview":"max-image-preview:large","max-video-preview":"max-video-preview:-1"},"canonical":"https:\/\/diarioprincipios.com\/index.php\/2024\/04\/15\/con-participacion-record-de-76-equipos-arranco-el-torneo-de-la-asociacion-de-voley\/","og_locale":"es_ES","og_type":"article","og_title":"Con participaci\u00f3n r\u00e9cord de 76 equipos arranc\u00f3 el Torneo de la Asociaci\u00f3n de V\u00f3ley - Principios","og_description":"El pasado s\u00e1bado, con la participaci\u00f3n r\u00e9cord de 76 equipos empez\u00f3 el Torneo Apertura de la Asociaci\u00f3n de Voley Capital Nacional del Vidrio.El mismo se disput\u00f3 en las sedes dispuestas en Berazategui, Quilmes y Avellaneda, especificamente en Wilde y Sarand\u00ed. Con gran \u00e9xito y transmisi\u00f3n en vivo todos los fines de semana por Instagram, facebook...","og_url":"https:\/\/diarioprincipios.com\/index.php\/2024\/04\/15\/con-participacion-record-de-76-equipos-arranco-el-torneo-de-la-asociacion-de-voley\/","og_site_name":"Principios","article_published_time":"2024-04-15T13:00:20+00:00","article_modified_time":"2024-04-15T13:00:22+00:00","og_image":[{"width":960,"height":1280,"url":"https:\/\/diarioprincipios.com\/wp-content\/uploads\/2024\/04\/IMG-20240304-WA0160.jpg","type":"image\/jpeg"}],"author":"Hern\u00e1n L\u00f3pez","twitter_card":"summary_large_image","twitter_misc":{"Escrito por":"Hern\u00e1n L\u00f3pez","Tiempo de lectura":"3 minutos"},"schema":{"@context":"https:\/\/schema.org","@graph":[{"@type":"Article","@id":"https:\/\/diarioprincipios.com\/index.php\/2024\/04\/15\/con-participacion-record-de-76-equipos-arranco-el-torneo-de-la-asociacion-de-voley\/#article","isPartOf":{"@id":"https:\/\/diarioprincipios.com\/index.php\/2024\/04\/15\/con-participacion-record-de-76-equipos-arranco-el-torneo-de-la-asociacion-de-voley\/"},"author":{"name":"Hern\u00e1n L\u00f3pez","@id":"https:\/\/diarioprincipios.com\/#\/schema\/person\/436d5a1fd41a5e250e23ff5a6a7cb080"},"headline":"Con participaci\u00f3n r\u00e9cord de 76 equipos arranc\u00f3 el Torneo de la Asociaci\u00f3n de V\u00f3ley","datePublished":"2024-04-15T13:00:20+00:00","dateModified":"2024-04-15T13:00:22+00:00","mainEntityOfPage":{"@id":"https:\/\/diarioprincipios.com\/index.php\/2024\/04\/15\/con-participacion-record-de-76-equipos-arranco-el-torneo-de-la-asociacion-de-voley\/"},"wordCount":345,"commentCount":0,"publisher":{"@id":"https:\/\/diarioprincipios.com\/#organization"},"image":{"@id":"https:\/\/diarioprincipios.com\/index.php\/2024\/04\/15\/con-participacion-record-de-76-equipos-arranco-el-torneo-de-la-asociacion-de-voley\/#primaryimage"},"thumbnailUrl":"https:\/\/diarioprincipios.com\/wp-content\/uploads\/2024\/04\/IMG-20240304-WA0160.jpg","articleSection":["Deportes"],"inLanguage":"es","potentialAction":[{"@type":"CommentAction","name":"Comment","target":["https:\/\/diarioprincipios.com\/index.php\/2024\/04\/15\/con-participacion-record-de-76-equipos-arranco-el-torneo-de-la-asociacion-de-voley\/#respond"]}]},{"@type":"WebPage","@id":"https:\/\/diarioprincipios.com\/index.php\/2024\/04\/15\/con-participacion-record-de-76-equipos-arranco-el-torneo-de-la-asociacion-de-voley\/","url":"https:\/\/diarioprincipios.com\/index.php\/2024\/04\/15\/con-participacion-record-de-76-equipos-arranco-el-torneo-de-la-asociacion-de-voley\/","name":"Con participaci\u00f3n r\u00e9cord de 76 equipos arranc\u00f3 el Torneo de la Asociaci\u00f3n de V\u00f3ley - Principios","isPartOf":{"@id":"https:\/\/diarioprincipios.com\/#website"},"primaryImageOfPage":{"@id":"https:\/\/diarioprincipios.com\/index.php\/2024\/04\/15\/con-participacion-record-de-76-equipos-arranco-el-torneo-de-la-asociacion-de-voley\/#primaryimage"},"image":{"@id":"https:\/\/diarioprincipios.com\/index.php\/2024\/04\/15\/con-participacion-record-de-76-equipos-arranco-el-torneo-de-la-asociacion-de-voley\/#primaryimage"},"thumbnailUrl":"https:\/\/diarioprincipios.com\/wp-content\/uploads\/2024\/04\/IMG-20240304-WA0160.jpg","datePublished":"2024-04-15T13:00:20+00:00","dateModified":"2024-04-15T13:00:22+00:00","breadcrumb":{"@id":"https:\/\/diarioprincipios.com\/index.php\/2024\/04\/15\/con-participacion-record-de-76-equipos-arranco-el-torneo-de-la-asociacion-de-voley\/#breadcrumb"},"inLanguage":"es","potentialAction":[{"@type":"ReadAction","target":["https:\/\/diarioprincipios.com\/index.php\/2024\/04\/15\/con-participacion-record-de-76-equipos-arranco-el-torneo-de-la-asociacion-de-voley\/"]}]},{"@type":"ImageObject","inLanguage":"es","@id":"https:\/\/diarioprincipios.com\/index.php\/2024\/04\/15\/con-participacion-record-de-76-equipos-arranco-el-torneo-de-la-asociacion-de-voley\/#primaryimage","url":"https:\/\/diarioprincipios.com\/wp-content\/uploads\/2024\/04\/IMG-20240304-WA0160.jpg","contentUrl":"https:\/\/diarioprincipios.com\/wp-content\/uploads\/2024\/04\/IMG-20240304-WA0160.jpg","width":960,"height":1280},{"@type":"BreadcrumbList","@id":"https:\/\/diarioprincipios.com\/index.php\/2024\/04\/15\/con-participacion-record-de-76-equipos-arranco-el-torneo-de-la-asociacion-de-voley\/#breadcrumb","itemListElement":[{"@type":"ListItem","position":1,"name":"Portada","item":"https:\/\/diarioprincipios.com\/"},{"@type":"ListItem","position":2,"name":"Con participaci\u00f3n r\u00e9cord de 76 equipos arranc\u00f3 el Torneo de la Asociaci\u00f3n de V\u00f3ley"}]},{"@type":"WebSite","@id":"https:\/\/diarioprincipios.com\/#website","url":"https:\/\/diarioprincipios.com\/","name":"Principios","description":"Principios Diario","publisher":{"@id":"https:\/\/diarioprincipios.com\/#organization"},"potentialAction":[{"@type":"SearchAction","target":{"@type":"EntryPoint","urlTemplate":"https:\/\/diarioprincipios.com\/?s={search_term_string}"},"query-input":{"@type":"PropertyValueSpecification","valueRequired":true,"valueName":"search_term_string"}}],"inLanguage":"es"},{"@type":"Organization","@id":"https:\/\/diarioprincipios.com\/#organization","name":"Principios","url":"https:\/\/diarioprincipios.com\/","logo":{"@type":"ImageObject","inLanguage":"es","@id":"https:\/\/diarioprincipios.com\/#\/schema\/logo\/image\/","url":"https:\/\/diarioprincipios.com\/wp-content\/uploads\/2024\/04\/cropped-www.diarioprincipios.com_-1.png","contentUrl":"https:\/\/diarioprincipios.com\/wp-content\/uploads\/2024\/04\/cropped-www.diarioprincipios.com_-1.png","width":5325,"height":1454,"caption":"Principios"},"image":{"@id":"https:\/\/diarioprincipios.com\/#\/schema\/logo\/image\/"}},{"@type":"Person","@id":"https:\/\/diarioprincipios.com\/#\/schema\/person\/436d5a1fd41a5e250e23ff5a6a7cb080","name":"Hern\u00e1n L\u00f3pez","image":{"@type":"ImageObject","inLanguage":"es","@id":"https:\/\/diarioprincipios.com\/wp-content\/litespeed\/avatar\/11ddfe5610ff3bd100522525b2571f48.jpg?ver=1777048341","url":"https:\/\/diarioprincipios.com\/wp-content\/litespeed\/avatar\/11ddfe5610ff3bd100522525b2571f48.jpg?ver=1777048341","contentUrl":"https:\/\/diarioprincipios.com\/wp-content\/litespeed\/avatar\/11ddfe5610ff3bd100522525b2571f48.jpg?ver=1777048341","caption":"Hern\u00e1n L\u00f3pez"},"url":"https:\/\/diarioprincipios.com\/index.php\/author\/hernan\/"}]}},"jetpack_featured_media_url":"https:\/\/diarioprincipios.com\/wp-content\/uploads\/2024\/04\/IMG-20240304-WA0160.jpg","_links":{"self":[{"href":"https:\/\/diarioprincipios.com\/index.php\/wp-json\/wp\/v2\/posts\/21523","targetHints":{"allow":["GET"]}}],"collection":[{"href":"https:\/\/diarioprincipios.com\/index.php\/wp-json\/wp\/v2\/posts"}],"about":[{"href":"https:\/\/diarioprincipios.com\/index.php\/wp-json\/wp\/v2\/types\/post"}],"author":[{"embeddable":true,"href":"https:\/\/diarioprincipios.com\/index.php\/wp-json\/wp\/v2\/users\/2"}],"replies":[{"embeddable":true,"href":"https:\/\/diarioprincipios.com\/index.php\/wp-json\/wp\/v2\/comments?post=21523"}],"version-history":[{"count":1,"href":"https:\/\/diarioprincipios.com\/index.php\/wp-json\/wp\/v2\/posts\/21523\/revisions"}],"predecessor-version":[{"id":21530,"href":"https:\/\/diarioprincipios.com\/index.php\/wp-json\/wp\/v2\/posts\/21523\/revisions\/21530"}],"wp:featuredmedia":[{"embeddable":true,"href":"https:\/\/diarioprincipios.com\/index.php\/wp-json\/wp\/v2\/media\/21529"}],"wp:attachment":[{"href":"https:\/\/diarioprincipios.com\/index.php\/wp-json\/wp\/v2\/media?parent=21523"}],"wp:term":[{"taxonomy":"category","embeddable":true,"href":"https:\/\/diarioprincipios.com\/index.php\/wp-json\/wp\/v2\/categories?post=21523"},{"taxonomy":"post_tag","embeddable":true,"href":"https:\/\/diarioprincipios.com\/index.php\/wp-json\/wp\/v2\/tags?post=21523"}],"curies":[{"name":"wp","href":"https:\/\/api.w.org\/{rel}","templated":true}]}}