{"id":2152,"date":"2020-05-26T16:40:37","date_gmt":"2020-05-26T19:40:37","guid":{"rendered":"http:\/\/diarioprincipios.com\/?p=2152"},"modified":"2020-05-26T16:40:54","modified_gmt":"2020-05-26T19:40:54","slug":"policia-acusado-de-matar-a-un-joven-en-berazategui-dijo-que-se-defendio-de-un-intento-de-robo","status":"publish","type":"post","link":"https:\/\/diarioprincipios.com\/index.php\/2020\/05\/26\/policia-acusado-de-matar-a-un-joven-en-berazategui-dijo-que-se-defendio-de-un-intento-de-robo\/","title":{"rendered":"Polic\u00eda acusado de matar a un joven en Berazategui dijo que se defendi\u00f3 de un intento de robo"},"content":{"rendered":"\n<p>El efectivo de la Polic\u00eda Federal Argentina (PFA) acusado del crimen de un joven de 19 a\u00f1os, asesinado de un balazo por la espalda el domingo pasado en el partido bonaerense de Berazategui, declar\u00f3 hoy ante el fiscal de la causa que \u00e9l se defendi\u00f3 de un intento de robo, a pesar de lo cual seguir\u00e1 detenido, informaron fuentes judiciales.<\/p>\n\n\n\n<p>Se trata del cabo primero Germ\u00e1n Bentos (30), quien esta tarde fue indagado por el fiscal Daniel Ichazo, quien le imput\u00f3 el homicidio agravado de Alan Maidana (19).<\/p>\n\n\n\n<p>Fuentes judiciales informaron a T\u00e9lam que el acusado, que cont\u00f3 con un defensor particular, reconoci\u00f3 haber estado en la escena del crimen al momento del mismo y que dispar\u00f3 para defenderse de un intento de robo por parte de la v\u00edctima y quienes la acompa\u00f1aban.<\/p>\n\n\n\n<p>El efectivo dijo que ante esta situaci\u00f3n, tras recibir el impacto de una piedra o botella contra el auto en el que se desplazaba, realiz\u00f3 disparos para amedrentar a los presuntos delincuentes aunque como estaba asustado no recordaba si tir\u00f3 al aire o hacia el piso, dijeron los informantes.<\/p>\n\n\n\n<p>A preguntas de la fiscal\u00eda, el imputado indic\u00f3 que \u00e9l alcanz\u00f3 a ver que uno de los j\u00f3venes ten\u00eda un rev\u00f3lver y a\u00f1adi\u00f3 que abandon\u00f3 el lugar del hecho y no realiz\u00f3 la denuncia por temor a represalias ya que entre los involucrados identific\u00f3 a un vecino suyo, detallaron los voceros.<\/p>\n\n\n\n<p>\u00abNo pudo explicar por qu\u00e9 retrocedi\u00f3 con el auto despu\u00e9s del impacto que recibi\u00f3 en la parte de atr\u00e1s del veh\u00edculo y para enfrentar a los j\u00f3venes, ni por qu\u00e9 dispar\u00f3 cuando los chicos estaban escapando\u00bb, se\u00f1al\u00f3 a T\u00e9lam una fuente judicial.<\/p>\n\n\n\n<p>Tras la indagatoria, el Juzgado de Garant\u00edas 4 de Berazategui dispuso, a pedido de la fiscal\u00eda, que el acusado siga detenido mientras se resuelve su situaci\u00f3n procesal.<\/p>\n\n\n\n<p>En tanto, ayer se conocieron los resultados preliminares de la autopsia al cuerpo de Maidana que revel\u00f3 que recibi\u00f3 un disparo que ingres\u00f3 por su espalda, del lado izquierdo del om\u00f3plato, y se aloj\u00f3 en la nuca, producto de un rebote en la columna.<\/p>\n\n\n\n<p>Seg\u00fan los peritos, la trayectoria del disparo fue de atr\u00e1s hacia adelante y ligeramente ascendente.<\/p>\n\n\n\n<p>El hecho ocurri\u00f3 cerca de las 6.30 de la madrugada del domingo en la avenida Florencio Varela y calle 114, en la localidad de Berazategui, cuando Maidana se encontraba con un grupo de amigos a la salida de un cumplea\u00f1os y uno de ellos comenz\u00f3 a arrojar botellas y piedras.<\/p>\n\n\n\n<p>Aparentemente, en ese momento una piedra peg\u00f3 en el Peugeot 207 rojo que era conducido por Bentos, quien al escuchar el impacto en su veh\u00edculo, fren\u00f3 la marcha y dispar\u00f3 hacia el grupo de personas, hiriendo de muerte a Maidana, tras lo cual se dio a la fuga.<\/p>\n\n\n\n<p>Horas m\u00e1s tarde, Bentos fue detenido y se le secuestr\u00f3 una pistola calibre 9 mil\u00edmetros marca Bersa Thunder provista por la fuerza con cargador y 13 municiones, adem\u00e1s del auto.<\/p>\n\n\n\n<p>Por su parte, los peritos de la Polic\u00eda Cient\u00edfica secuestraron en la escena del crimen 4 vainas servidas.<\/p>\n","protected":false},"excerpt":{"rendered":"<p>El efectivo de la Polic\u00eda Federal Argentina (PFA) acusado del crimen de un joven de 19 a\u00f1os, asesinado de un balazo por la espalda el domingo pasado en el partido bonaerense de Berazategui, declar\u00f3 hoy ante el fiscal de la causa que \u00e9l se defendi\u00f3 de un intento de robo, a pesar de lo cual&#8230;<\/p>\n","protected":false},"author":2,"featured_media":2101,"comment_status":"open","ping_status":"open","sticky":false,"template":"","format":"standard","meta":{"footnotes":""},"categories":[3],"tags":[],"class_list":["post-2152","post","type-post","status-publish","format-standard","has-post-thumbnail","hentry","category-berazategui"],"featured_image_src":"https:\/\/diarioprincipios.com\/wp-content\/uploads\/2020\/05\/varelad.jpg","blog_images":{"medium":"https:\/\/diarioprincipios.com\/wp-content\/uploads\/2020\/05\/varelad-300x169.jpg","large":"https:\/\/diarioprincipios.com\/wp-content\/uploads\/2020\/05\/varelad.jpg"},"ams_acf":[],"yoast_head":"<!-- This site is optimized with the Yoast SEO plugin v27.3 - https:\/\/yoast.com\/product\/yoast-seo-wordpress\/ -->\n<title>Polic\u00eda acusado de matar a un joven en Berazategui dijo que se defendi\u00f3 de un intento de robo - Principios<\/title>\n<meta name=\"robots\" content=\"index, follow, max-snippet:-1, max-image-preview:large, max-video-preview:-1\" \/>\n<link rel=\"canonical\" href=\"https:\/\/diarioprincipios.com\/index.php\/2020\/05\/26\/policia-acusado-de-matar-a-un-joven-en-berazategui-dijo-que-se-defendio-de-un-intento-de-robo\/\" \/>\n<meta property=\"og:locale\" content=\"es_ES\" \/>\n<meta property=\"og:type\" content=\"article\" \/>\n<meta property=\"og:title\" content=\"Polic\u00eda acusado de matar a un joven en Berazategui dijo que se defendi\u00f3 de un intento de robo - Principios\" \/>\n<meta property=\"og:description\" content=\"El efectivo de la Polic\u00eda Federal Argentina (PFA) acusado del crimen de un joven de 19 a\u00f1os, asesinado de un balazo por la espalda el domingo pasado en el partido bonaerense de Berazategui, declar\u00f3 hoy ante el fiscal de la causa que \u00e9l se defendi\u00f3 de un intento de robo, a pesar de lo cual...\" \/>\n<meta property=\"og:url\" content=\"https:\/\/diarioprincipios.com\/index.php\/2020\/05\/26\/policia-acusado-de-matar-a-un-joven-en-berazategui-dijo-que-se-defendio-de-un-intento-de-robo\/\" \/>\n<meta property=\"og:site_name\" content=\"Principios\" \/>\n<meta property=\"article:published_time\" content=\"2020-05-26T19:40:37+00:00\" \/>\n<meta property=\"article:modified_time\" content=\"2020-05-26T19:40:54+00:00\" \/>\n<meta property=\"og:image\" content=\"https:\/\/diarioprincipios.com\/wp-content\/uploads\/2020\/05\/varelad.jpg\" \/>\n\t<meta property=\"og:image:width\" content=\"800\" \/>\n\t<meta property=\"og:image:height\" content=\"450\" \/>\n\t<meta property=\"og:image:type\" content=\"image\/jpeg\" \/>\n<meta name=\"author\" content=\"Hern\u00e1n L\u00f3pez\" \/>\n<meta name=\"twitter:card\" content=\"summary_large_image\" \/>\n<meta name=\"twitter:label1\" content=\"Escrito por\" \/>\n\t<meta name=\"twitter:data1\" content=\"Hern\u00e1n L\u00f3pez\" \/>\n\t<meta name=\"twitter:label2\" content=\"Tiempo de lectura\" \/>\n\t<meta name=\"twitter:data2\" content=\"3 minutos\" \/>\n<script type=\"application\/ld+json\" class=\"yoast-schema-graph\">{\"@context\":\"https:\\\/\\\/schema.org\",\"@graph\":[{\"@type\":\"Article\",\"@id\":\"https:\\\/\\\/diarioprincipios.com\\\/index.php\\\/2020\\\/05\\\/26\\\/policia-acusado-de-matar-a-un-joven-en-berazategui-dijo-que-se-defendio-de-un-intento-de-robo\\\/#article\",\"isPartOf\":{\"@id\":\"https:\\\/\\\/diarioprincipios.com\\\/index.php\\\/2020\\\/05\\\/26\\\/policia-acusado-de-matar-a-un-joven-en-berazategui-dijo-que-se-defendio-de-un-intento-de-robo\\\/\"},\"author\":{\"name\":\"Hern\u00e1n L\u00f3pez\",\"@id\":\"https:\\\/\\\/diarioprincipios.com\\\/#\\\/schema\\\/person\\\/436d5a1fd41a5e250e23ff5a6a7cb080\"},\"headline\":\"Polic\u00eda acusado de matar a un joven en Berazategui dijo que se defendi\u00f3 de un intento de robo\",\"datePublished\":\"2020-05-26T19:40:37+00:00\",\"dateModified\":\"2020-05-26T19:40:54+00:00\",\"mainEntityOfPage\":{\"@id\":\"https:\\\/\\\/diarioprincipios.com\\\/index.php\\\/2020\\\/05\\\/26\\\/policia-acusado-de-matar-a-un-joven-en-berazategui-dijo-que-se-defendio-de-un-intento-de-robo\\\/\"},\"wordCount\":547,\"commentCount\":0,\"publisher\":{\"@id\":\"https:\\\/\\\/diarioprincipios.com\\\/#organization\"},\"image\":{\"@id\":\"https:\\\/\\\/diarioprincipios.com\\\/index.php\\\/2020\\\/05\\\/26\\\/policia-acusado-de-matar-a-un-joven-en-berazategui-dijo-que-se-defendio-de-un-intento-de-robo\\\/#primaryimage\"},\"thumbnailUrl\":\"https:\\\/\\\/diarioprincipios.com\\\/wp-content\\\/uploads\\\/2020\\\/05\\\/varelad.jpg\",\"articleSection\":[\"Berazategui\"],\"inLanguage\":\"es\",\"potentialAction\":[{\"@type\":\"CommentAction\",\"name\":\"Comment\",\"target\":[\"https:\\\/\\\/diarioprincipios.com\\\/index.php\\\/2020\\\/05\\\/26\\\/policia-acusado-de-matar-a-un-joven-en-berazategui-dijo-que-se-defendio-de-un-intento-de-robo\\\/#respond\"]}]},{\"@type\":\"WebPage\",\"@id\":\"https:\\\/\\\/diarioprincipios.com\\\/index.php\\\/2020\\\/05\\\/26\\\/policia-acusado-de-matar-a-un-joven-en-berazategui-dijo-que-se-defendio-de-un-intento-de-robo\\\/\",\"url\":\"https:\\\/\\\/diarioprincipios.com\\\/index.php\\\/2020\\\/05\\\/26\\\/policia-acusado-de-matar-a-un-joven-en-berazategui-dijo-que-se-defendio-de-un-intento-de-robo\\\/\",\"name\":\"Polic\u00eda acusado de matar a un joven en Berazategui dijo que se defendi\u00f3 de un intento de robo - Principios\",\"isPartOf\":{\"@id\":\"https:\\\/\\\/diarioprincipios.com\\\/#website\"},\"primaryImageOfPage\":{\"@id\":\"https:\\\/\\\/diarioprincipios.com\\\/index.php\\\/2020\\\/05\\\/26\\\/policia-acusado-de-matar-a-un-joven-en-berazategui-dijo-que-se-defendio-de-un-intento-de-robo\\\/#primaryimage\"},\"image\":{\"@id\":\"https:\\\/\\\/diarioprincipios.com\\\/index.php\\\/2020\\\/05\\\/26\\\/policia-acusado-de-matar-a-un-joven-en-berazategui-dijo-que-se-defendio-de-un-intento-de-robo\\\/#primaryimage\"},\"thumbnailUrl\":\"https:\\\/\\\/diarioprincipios.com\\\/wp-content\\\/uploads\\\/2020\\\/05\\\/varelad.jpg\",\"datePublished\":\"2020-05-26T19:40:37+00:00\",\"dateModified\":\"2020-05-26T19:40:54+00:00\",\"breadcrumb\":{\"@id\":\"https:\\\/\\\/diarioprincipios.com\\\/index.php\\\/2020\\\/05\\\/26\\\/policia-acusado-de-matar-a-un-joven-en-berazategui-dijo-que-se-defendio-de-un-intento-de-robo\\\/#breadcrumb\"},\"inLanguage\":\"es\",\"potentialAction\":[{\"@type\":\"ReadAction\",\"target\":[\"https:\\\/\\\/diarioprincipios.com\\\/index.php\\\/2020\\\/05\\\/26\\\/policia-acusado-de-matar-a-un-joven-en-berazategui-dijo-que-se-defendio-de-un-intento-de-robo\\\/\"]}]},{\"@type\":\"ImageObject\",\"inLanguage\":\"es\",\"@id\":\"https:\\\/\\\/diarioprincipios.com\\\/index.php\\\/2020\\\/05\\\/26\\\/policia-acusado-de-matar-a-un-joven-en-berazategui-dijo-que-se-defendio-de-un-intento-de-robo\\\/#primaryimage\",\"url\":\"https:\\\/\\\/diarioprincipios.com\\\/wp-content\\\/uploads\\\/2020\\\/05\\\/varelad.jpg\",\"contentUrl\":\"https:\\\/\\\/diarioprincipios.com\\\/wp-content\\\/uploads\\\/2020\\\/05\\\/varelad.jpg\",\"width\":800,\"height\":450},{\"@type\":\"BreadcrumbList\",\"@id\":\"https:\\\/\\\/diarioprincipios.com\\\/index.php\\\/2020\\\/05\\\/26\\\/policia-acusado-de-matar-a-un-joven-en-berazategui-dijo-que-se-defendio-de-un-intento-de-robo\\\/#breadcrumb\",\"itemListElement\":[{\"@type\":\"ListItem\",\"position\":1,\"name\":\"Portada\",\"item\":\"https:\\\/\\\/diarioprincipios.com\\\/\"},{\"@type\":\"ListItem\",\"position\":2,\"name\":\"Polic\u00eda acusado de matar a un joven en Berazategui dijo que se defendi\u00f3 de un intento de robo\"}]},{\"@type\":\"WebSite\",\"@id\":\"https:\\\/\\\/diarioprincipios.com\\\/#website\",\"url\":\"https:\\\/\\\/diarioprincipios.com\\\/\",\"name\":\"Principios\",\"description\":\"Principios Diario\",\"publisher\":{\"@id\":\"https:\\\/\\\/diarioprincipios.com\\\/#organization\"},\"potentialAction\":[{\"@type\":\"SearchAction\",\"target\":{\"@type\":\"EntryPoint\",\"urlTemplate\":\"https:\\\/\\\/diarioprincipios.com\\\/?s={search_term_string}\"},\"query-input\":{\"@type\":\"PropertyValueSpecification\",\"valueRequired\":true,\"valueName\":\"search_term_string\"}}],\"inLanguage\":\"es\"},{\"@type\":\"Organization\",\"@id\":\"https:\\\/\\\/diarioprincipios.com\\\/#organization\",\"name\":\"Principios\",\"url\":\"https:\\\/\\\/diarioprincipios.com\\\/\",\"logo\":{\"@type\":\"ImageObject\",\"inLanguage\":\"es\",\"@id\":\"https:\\\/\\\/diarioprincipios.com\\\/#\\\/schema\\\/logo\\\/image\\\/\",\"url\":\"https:\\\/\\\/diarioprincipios.com\\\/wp-content\\\/uploads\\\/2024\\\/04\\\/cropped-www.diarioprincipios.com_-1.png\",\"contentUrl\":\"https:\\\/\\\/diarioprincipios.com\\\/wp-content\\\/uploads\\\/2024\\\/04\\\/cropped-www.diarioprincipios.com_-1.png\",\"width\":5325,\"height\":1454,\"caption\":\"Principios\"},\"image\":{\"@id\":\"https:\\\/\\\/diarioprincipios.com\\\/#\\\/schema\\\/logo\\\/image\\\/\"}},{\"@type\":\"Person\",\"@id\":\"https:\\\/\\\/diarioprincipios.com\\\/#\\\/schema\\\/person\\\/436d5a1fd41a5e250e23ff5a6a7cb080\",\"name\":\"Hern\u00e1n L\u00f3pez\",\"image\":{\"@type\":\"ImageObject\",\"inLanguage\":\"es\",\"@id\":\"https:\\\/\\\/diarioprincipios.com\\\/wp-content\\\/litespeed\\\/avatar\\\/11ddfe5610ff3bd100522525b2571f48.jpg?ver=1777653193\",\"url\":\"https:\\\/\\\/diarioprincipios.com\\\/wp-content\\\/litespeed\\\/avatar\\\/11ddfe5610ff3bd100522525b2571f48.jpg?ver=1777653193\",\"contentUrl\":\"https:\\\/\\\/diarioprincipios.com\\\/wp-content\\\/litespeed\\\/avatar\\\/11ddfe5610ff3bd100522525b2571f48.jpg?ver=1777653193\",\"caption\":\"Hern\u00e1n L\u00f3pez\"},\"url\":\"https:\\\/\\\/diarioprincipios.com\\\/index.php\\\/author\\\/hernan\\\/\"}]}<\/script>\n<!-- \/ Yoast SEO plugin. -->","yoast_head_json":{"title":"Polic\u00eda acusado de matar a un joven en Berazategui dijo que se defendi\u00f3 de un intento de robo - Principios","robots":{"index":"index","follow":"follow","max-snippet":"max-snippet:-1","max-image-preview":"max-image-preview:large","max-video-preview":"max-video-preview:-1"},"canonical":"https:\/\/diarioprincipios.com\/index.php\/2020\/05\/26\/policia-acusado-de-matar-a-un-joven-en-berazategui-dijo-que-se-defendio-de-un-intento-de-robo\/","og_locale":"es_ES","og_type":"article","og_title":"Polic\u00eda acusado de matar a un joven en Berazategui dijo que se defendi\u00f3 de un intento de robo - Principios","og_description":"El efectivo de la Polic\u00eda Federal Argentina (PFA) acusado del crimen de un joven de 19 a\u00f1os, asesinado de un balazo por la espalda el domingo pasado en el partido bonaerense de Berazategui, declar\u00f3 hoy ante el fiscal de la causa que \u00e9l se defendi\u00f3 de un intento de robo, a pesar de lo cual...","og_url":"https:\/\/diarioprincipios.com\/index.php\/2020\/05\/26\/policia-acusado-de-matar-a-un-joven-en-berazategui-dijo-que-se-defendio-de-un-intento-de-robo\/","og_site_name":"Principios","article_published_time":"2020-05-26T19:40:37+00:00","article_modified_time":"2020-05-26T19:40:54+00:00","og_image":[{"width":800,"height":450,"url":"https:\/\/diarioprincipios.com\/wp-content\/uploads\/2020\/05\/varelad.jpg","type":"image\/jpeg"}],"author":"Hern\u00e1n L\u00f3pez","twitter_card":"summary_large_image","twitter_misc":{"Escrito por":"Hern\u00e1n L\u00f3pez","Tiempo de lectura":"3 minutos"},"schema":{"@context":"https:\/\/schema.org","@graph":[{"@type":"Article","@id":"https:\/\/diarioprincipios.com\/index.php\/2020\/05\/26\/policia-acusado-de-matar-a-un-joven-en-berazategui-dijo-que-se-defendio-de-un-intento-de-robo\/#article","isPartOf":{"@id":"https:\/\/diarioprincipios.com\/index.php\/2020\/05\/26\/policia-acusado-de-matar-a-un-joven-en-berazategui-dijo-que-se-defendio-de-un-intento-de-robo\/"},"author":{"name":"Hern\u00e1n L\u00f3pez","@id":"https:\/\/diarioprincipios.com\/#\/schema\/person\/436d5a1fd41a5e250e23ff5a6a7cb080"},"headline":"Polic\u00eda acusado de matar a un joven en Berazategui dijo que se defendi\u00f3 de un intento de robo","datePublished":"2020-05-26T19:40:37+00:00","dateModified":"2020-05-26T19:40:54+00:00","mainEntityOfPage":{"@id":"https:\/\/diarioprincipios.com\/index.php\/2020\/05\/26\/policia-acusado-de-matar-a-un-joven-en-berazategui-dijo-que-se-defendio-de-un-intento-de-robo\/"},"wordCount":547,"commentCount":0,"publisher":{"@id":"https:\/\/diarioprincipios.com\/#organization"},"image":{"@id":"https:\/\/diarioprincipios.com\/index.php\/2020\/05\/26\/policia-acusado-de-matar-a-un-joven-en-berazategui-dijo-que-se-defendio-de-un-intento-de-robo\/#primaryimage"},"thumbnailUrl":"https:\/\/diarioprincipios.com\/wp-content\/uploads\/2020\/05\/varelad.jpg","articleSection":["Berazategui"],"inLanguage":"es","potentialAction":[{"@type":"CommentAction","name":"Comment","target":["https:\/\/diarioprincipios.com\/index.php\/2020\/05\/26\/policia-acusado-de-matar-a-un-joven-en-berazategui-dijo-que-se-defendio-de-un-intento-de-robo\/#respond"]}]},{"@type":"WebPage","@id":"https:\/\/diarioprincipios.com\/index.php\/2020\/05\/26\/policia-acusado-de-matar-a-un-joven-en-berazategui-dijo-que-se-defendio-de-un-intento-de-robo\/","url":"https:\/\/diarioprincipios.com\/index.php\/2020\/05\/26\/policia-acusado-de-matar-a-un-joven-en-berazategui-dijo-que-se-defendio-de-un-intento-de-robo\/","name":"Polic\u00eda acusado de matar a un joven en Berazategui dijo que se defendi\u00f3 de un intento de robo - Principios","isPartOf":{"@id":"https:\/\/diarioprincipios.com\/#website"},"primaryImageOfPage":{"@id":"https:\/\/diarioprincipios.com\/index.php\/2020\/05\/26\/policia-acusado-de-matar-a-un-joven-en-berazategui-dijo-que-se-defendio-de-un-intento-de-robo\/#primaryimage"},"image":{"@id":"https:\/\/diarioprincipios.com\/index.php\/2020\/05\/26\/policia-acusado-de-matar-a-un-joven-en-berazategui-dijo-que-se-defendio-de-un-intento-de-robo\/#primaryimage"},"thumbnailUrl":"https:\/\/diarioprincipios.com\/wp-content\/uploads\/2020\/05\/varelad.jpg","datePublished":"2020-05-26T19:40:37+00:00","dateModified":"2020-05-26T19:40:54+00:00","breadcrumb":{"@id":"https:\/\/diarioprincipios.com\/index.php\/2020\/05\/26\/policia-acusado-de-matar-a-un-joven-en-berazategui-dijo-que-se-defendio-de-un-intento-de-robo\/#breadcrumb"},"inLanguage":"es","potentialAction":[{"@type":"ReadAction","target":["https:\/\/diarioprincipios.com\/index.php\/2020\/05\/26\/policia-acusado-de-matar-a-un-joven-en-berazategui-dijo-que-se-defendio-de-un-intento-de-robo\/"]}]},{"@type":"ImageObject","inLanguage":"es","@id":"https:\/\/diarioprincipios.com\/index.php\/2020\/05\/26\/policia-acusado-de-matar-a-un-joven-en-berazategui-dijo-que-se-defendio-de-un-intento-de-robo\/#primaryimage","url":"https:\/\/diarioprincipios.com\/wp-content\/uploads\/2020\/05\/varelad.jpg","contentUrl":"https:\/\/diarioprincipios.com\/wp-content\/uploads\/2020\/05\/varelad.jpg","width":800,"height":450},{"@type":"BreadcrumbList","@id":"https:\/\/diarioprincipios.com\/index.php\/2020\/05\/26\/policia-acusado-de-matar-a-un-joven-en-berazategui-dijo-que-se-defendio-de-un-intento-de-robo\/#breadcrumb","itemListElement":[{"@type":"ListItem","position":1,"name":"Portada","item":"https:\/\/diarioprincipios.com\/"},{"@type":"ListItem","position":2,"name":"Polic\u00eda acusado de matar a un joven en Berazategui dijo que se defendi\u00f3 de un intento de robo"}]},{"@type":"WebSite","@id":"https:\/\/diarioprincipios.com\/#website","url":"https:\/\/diarioprincipios.com\/","name":"Principios","description":"Principios Diario","publisher":{"@id":"https:\/\/diarioprincipios.com\/#organization"},"potentialAction":[{"@type":"SearchAction","target":{"@type":"EntryPoint","urlTemplate":"https:\/\/diarioprincipios.com\/?s={search_term_string}"},"query-input":{"@type":"PropertyValueSpecification","valueRequired":true,"valueName":"search_term_string"}}],"inLanguage":"es"},{"@type":"Organization","@id":"https:\/\/diarioprincipios.com\/#organization","name":"Principios","url":"https:\/\/diarioprincipios.com\/","logo":{"@type":"ImageObject","inLanguage":"es","@id":"https:\/\/diarioprincipios.com\/#\/schema\/logo\/image\/","url":"https:\/\/diarioprincipios.com\/wp-content\/uploads\/2024\/04\/cropped-www.diarioprincipios.com_-1.png","contentUrl":"https:\/\/diarioprincipios.com\/wp-content\/uploads\/2024\/04\/cropped-www.diarioprincipios.com_-1.png","width":5325,"height":1454,"caption":"Principios"},"image":{"@id":"https:\/\/diarioprincipios.com\/#\/schema\/logo\/image\/"}},{"@type":"Person","@id":"https:\/\/diarioprincipios.com\/#\/schema\/person\/436d5a1fd41a5e250e23ff5a6a7cb080","name":"Hern\u00e1n L\u00f3pez","image":{"@type":"ImageObject","inLanguage":"es","@id":"https:\/\/diarioprincipios.com\/wp-content\/litespeed\/avatar\/11ddfe5610ff3bd100522525b2571f48.jpg?ver=1777653193","url":"https:\/\/diarioprincipios.com\/wp-content\/litespeed\/avatar\/11ddfe5610ff3bd100522525b2571f48.jpg?ver=1777653193","contentUrl":"https:\/\/diarioprincipios.com\/wp-content\/litespeed\/avatar\/11ddfe5610ff3bd100522525b2571f48.jpg?ver=1777653193","caption":"Hern\u00e1n L\u00f3pez"},"url":"https:\/\/diarioprincipios.com\/index.php\/author\/hernan\/"}]}},"jetpack_featured_media_url":"https:\/\/diarioprincipios.com\/wp-content\/uploads\/2020\/05\/varelad.jpg","_links":{"self":[{"href":"https:\/\/diarioprincipios.com\/index.php\/wp-json\/wp\/v2\/posts\/2152","targetHints":{"allow":["GET"]}}],"collection":[{"href":"https:\/\/diarioprincipios.com\/index.php\/wp-json\/wp\/v2\/posts"}],"about":[{"href":"https:\/\/diarioprincipios.com\/index.php\/wp-json\/wp\/v2\/types\/post"}],"author":[{"embeddable":true,"href":"https:\/\/diarioprincipios.com\/index.php\/wp-json\/wp\/v2\/users\/2"}],"replies":[{"embeddable":true,"href":"https:\/\/diarioprincipios.com\/index.php\/wp-json\/wp\/v2\/comments?post=2152"}],"version-history":[{"count":1,"href":"https:\/\/diarioprincipios.com\/index.php\/wp-json\/wp\/v2\/posts\/2152\/revisions"}],"predecessor-version":[{"id":2153,"href":"https:\/\/diarioprincipios.com\/index.php\/wp-json\/wp\/v2\/posts\/2152\/revisions\/2153"}],"wp:featuredmedia":[{"embeddable":true,"href":"https:\/\/diarioprincipios.com\/index.php\/wp-json\/wp\/v2\/media\/2101"}],"wp:attachment":[{"href":"https:\/\/diarioprincipios.com\/index.php\/wp-json\/wp\/v2\/media?parent=2152"}],"wp:term":[{"taxonomy":"category","embeddable":true,"href":"https:\/\/diarioprincipios.com\/index.php\/wp-json\/wp\/v2\/categories?post=2152"},{"taxonomy":"post_tag","embeddable":true,"href":"https:\/\/diarioprincipios.com\/index.php\/wp-json\/wp\/v2\/tags?post=2152"}],"curies":[{"name":"wp","href":"https:\/\/api.w.org\/{rel}","templated":true}]}}