{"id":21508,"date":"2024-04-14T13:00:48","date_gmt":"2024-04-14T16:00:48","guid":{"rendered":"http:\/\/diarioprincipios.com\/?p=21508"},"modified":"2024-04-14T13:00:50","modified_gmt":"2024-04-14T16:00:50","slug":"asamblea-de-concejales-y-mayores-contribuyentes-de-quilmes-aprobaron-reformas-al-codigo-tributario","status":"publish","type":"post","link":"https:\/\/diarioprincipios.com\/index.php\/2024\/04\/14\/asamblea-de-concejales-y-mayores-contribuyentes-de-quilmes-aprobaron-reformas-al-codigo-tributario\/","title":{"rendered":"Asamblea de Concejales y Mayores Contribuyentes de Quilmes aprobaron reformas al C\u00f3digo Tributario"},"content":{"rendered":"\n<p>De esta manera se incorpora la Tasa por Mantenimiento de la Red Vial, el Fondo para la Preservaci\u00f3n del Teatro Municipal y una Contribuci\u00f3n Especial para los Cursos de Manipulaci\u00f3n de Alimentos.<\/p>\n\n\n\n<p><strong>Votaci\u00f3n<\/strong><\/p>\n\n\n\n<p>De los 22 concejales presentes, 13 votaron en forma afirmativa en general y en particular, en tanto que de los 19 Mayores Contribuyentes presentes, 18 votaron a favor de la iniciativa y s\u00f3lo 1 en forma negativa.<\/p>\n\n\n\n<p><strong>Mantenimiento Red Vial<\/strong><\/p>\n\n\n\n<p>Se incorpora al C\u00f3digo Tributario la Tasa por Mantenimiento de la Red Vial Municipal que implicar\u00e1 un 2% sobre el expendio de combustibles l\u00edquidos y GNC (que se adquiera en estaciones de servicio del Partido de Quilmes) cuyo destino ser\u00e1 la prestaci\u00f3n que demande el mantenimiento, conservaci\u00f3n, se\u00f1alizaci\u00f3n, construcci\u00f3n, reconstrucci\u00f3n y mejorado de todo el trazado que integra la red vial municipal, incluyendo calles y nudos viales, entre otros.<\/p>\n\n\n\n<p><strong>Fondo para la Preservaci\u00f3n del Teatro Municipal<\/strong><\/p>\n\n\n\n<p>Asimismo, se crea el Fondo para la Preservaci\u00f3n del Teatro Municipal, el que ser\u00e1 utilizado para la conservaci\u00f3n y mantenimiento del mismo. Este fondo ser\u00e1 devengado del cobro de entradas, cuyo valor ser\u00e1 fijado por el Departamento Ejecutivo Municipal de acuerdo a los distintos espect\u00e1culos. Tambi\u00e9n se atender\u00e1 la funci\u00f3n social y no de lucro del espacio disponiendo la gratuidad cuando sea necesario.<\/p>\n\n\n\n<p><strong>Contribuci\u00f3n Especial<\/strong><\/p>\n\n\n\n<p>Finalmente se crea y se incorpora al C\u00f3digo Tributario la Contribuci\u00f3n Especial por dictado del Curso de Manipulaci\u00f3n de Alimentos, que ser\u00e1 abonada por aquellas empresas que requieran el dictado del mismo para todos sus empleados y empleadas en el lugar de producci\u00f3n, venta y\/o manipulaci\u00f3n de alimentos que realice la empresa y se fijar\u00e1 por m\u00f3dulo de hasta treinta (30) participantes, estableci\u00e9ndose su valor en pesos sesenta mil ($ 60.000). El monto total de la Tasa estar\u00e1 determinado por la suma de los m\u00f3dulos resultantes en funci\u00f3n de la cantidad de participantes inscriptos.<\/p>\n\n\n\n<p><strong>La Palabra de una Mayor Contribuyente<\/strong><\/p>\n\n\n\n<p>Luego de la exposici\u00f3n de los concejales, una de las Mayores Contribuyentes pidi\u00f3 la palabra que fue otorgada por el presidente del Concejo Deliberante Fabio Baez,&nbsp; para expresar su opini\u00f3n acerca de los dichos de uno de los ediles, \u201cEstoy consternada por la situaci\u00f3n que est\u00e1 pasando el pa\u00eds, el ajuste brutal hacia los trabajadores y las trabajadoras, el desfinanciamiento que hay del sistema&nbsp; educativo en su conjunto y la sangr\u00eda que hay hacia la educaci\u00f3n privada con el voucher y con todas las pol\u00edticas que se llevan adelante. El desfinanciamiento que est\u00e1 sucediendo en las universidades, soy consejera departamental de la Universidad Nacional de Quilmes, la verdad que estamos a punto de cerrar las cortinas de las universidades, es una situaci\u00f3n muy preocupante\u201d, se\u00f1al\u00f3 la vecina quilme\u00f1a y a\u00f1adi\u00f3, \u201cNo estar\u00edamos discutiendo si&nbsp; votamos o no una tasa del 2% si no estuviera en el gobierno nacional Javier Milei, que lleg\u00f3 al gobierno apoyado por Mauricio Macri\u201d.<\/p>\n","protected":false},"excerpt":{"rendered":"<p>De esta manera se incorpora la Tasa por Mantenimiento de la Red Vial, el Fondo para la Preservaci\u00f3n del Teatro Municipal y una Contribuci\u00f3n Especial para los Cursos de Manipulaci\u00f3n de Alimentos. Votaci\u00f3n De los 22 concejales presentes, 13 votaron en forma afirmativa en general y en particular, en tanto que de los 19 Mayores&#8230;<\/p>\n","protected":false},"author":2,"featured_media":21509,"comment_status":"open","ping_status":"open","sticky":false,"template":"","format":"standard","meta":{"footnotes":""},"categories":[17],"tags":[],"class_list":["post-21508","post","type-post","status-publish","format-standard","has-post-thumbnail","hentry","category-zona-sur"],"featured_image_src":"https:\/\/diarioprincipios.com\/wp-content\/uploads\/2024\/04\/foto-1024x345.jpg","blog_images":{"medium":"https:\/\/diarioprincipios.com\/wp-content\/uploads\/2024\/04\/foto-300x101.jpg","large":"https:\/\/diarioprincipios.com\/wp-content\/uploads\/2024\/04\/foto-1024x345.jpg"},"ams_acf":[],"yoast_head":"<!-- This site is optimized with the Yoast SEO plugin v27.3 - https:\/\/yoast.com\/product\/yoast-seo-wordpress\/ -->\n<title>Asamblea de Concejales y Mayores Contribuyentes de Quilmes aprobaron reformas al C\u00f3digo Tributario - Principios<\/title>\n<meta name=\"robots\" content=\"index, follow, max-snippet:-1, max-image-preview:large, max-video-preview:-1\" \/>\n<link rel=\"canonical\" href=\"https:\/\/diarioprincipios.com\/index.php\/2024\/04\/14\/asamblea-de-concejales-y-mayores-contribuyentes-de-quilmes-aprobaron-reformas-al-codigo-tributario\/\" \/>\n<meta property=\"og:locale\" content=\"es_ES\" \/>\n<meta property=\"og:type\" content=\"article\" \/>\n<meta property=\"og:title\" content=\"Asamblea de Concejales y Mayores Contribuyentes de Quilmes aprobaron reformas al C\u00f3digo Tributario - Principios\" \/>\n<meta property=\"og:description\" content=\"De esta manera se incorpora la Tasa por Mantenimiento de la Red Vial, el Fondo para la Preservaci\u00f3n del Teatro Municipal y una Contribuci\u00f3n Especial para los Cursos de Manipulaci\u00f3n de Alimentos. Votaci\u00f3n De los 22 concejales presentes, 13 votaron en forma afirmativa en general y en particular, en tanto que de los 19 Mayores...\" \/>\n<meta property=\"og:url\" content=\"https:\/\/diarioprincipios.com\/index.php\/2024\/04\/14\/asamblea-de-concejales-y-mayores-contribuyentes-de-quilmes-aprobaron-reformas-al-codigo-tributario\/\" \/>\n<meta property=\"og:site_name\" content=\"Principios\" \/>\n<meta property=\"article:published_time\" content=\"2024-04-14T16:00:48+00:00\" \/>\n<meta property=\"article:modified_time\" content=\"2024-04-14T16:00:50+00:00\" \/>\n<meta property=\"og:image\" content=\"https:\/\/diarioprincipios.com\/wp-content\/uploads\/2024\/04\/foto.jpg\" \/>\n\t<meta property=\"og:image:width\" content=\"1280\" \/>\n\t<meta property=\"og:image:height\" content=\"431\" \/>\n\t<meta property=\"og:image:type\" content=\"image\/jpeg\" \/>\n<meta name=\"author\" content=\"Hern\u00e1n L\u00f3pez\" \/>\n<meta name=\"twitter:card\" content=\"summary_large_image\" \/>\n<meta name=\"twitter:label1\" content=\"Escrito por\" \/>\n\t<meta name=\"twitter:data1\" content=\"Hern\u00e1n L\u00f3pez\" \/>\n\t<meta name=\"twitter:label2\" content=\"Tiempo de lectura\" \/>\n\t<meta name=\"twitter:data2\" content=\"3 minutos\" \/>\n<script type=\"application\/ld+json\" class=\"yoast-schema-graph\">{\"@context\":\"https:\\\/\\\/schema.org\",\"@graph\":[{\"@type\":\"Article\",\"@id\":\"https:\\\/\\\/diarioprincipios.com\\\/index.php\\\/2024\\\/04\\\/14\\\/asamblea-de-concejales-y-mayores-contribuyentes-de-quilmes-aprobaron-reformas-al-codigo-tributario\\\/#article\",\"isPartOf\":{\"@id\":\"https:\\\/\\\/diarioprincipios.com\\\/index.php\\\/2024\\\/04\\\/14\\\/asamblea-de-concejales-y-mayores-contribuyentes-de-quilmes-aprobaron-reformas-al-codigo-tributario\\\/\"},\"author\":{\"name\":\"Hern\u00e1n L\u00f3pez\",\"@id\":\"https:\\\/\\\/diarioprincipios.com\\\/#\\\/schema\\\/person\\\/436d5a1fd41a5e250e23ff5a6a7cb080\"},\"headline\":\"Asamblea de Concejales y Mayores Contribuyentes de Quilmes aprobaron reformas al C\u00f3digo Tributario\",\"datePublished\":\"2024-04-14T16:00:48+00:00\",\"dateModified\":\"2024-04-14T16:00:50+00:00\",\"mainEntityOfPage\":{\"@id\":\"https:\\\/\\\/diarioprincipios.com\\\/index.php\\\/2024\\\/04\\\/14\\\/asamblea-de-concejales-y-mayores-contribuyentes-de-quilmes-aprobaron-reformas-al-codigo-tributario\\\/\"},\"wordCount\":521,\"commentCount\":0,\"publisher\":{\"@id\":\"https:\\\/\\\/diarioprincipios.com\\\/#organization\"},\"image\":{\"@id\":\"https:\\\/\\\/diarioprincipios.com\\\/index.php\\\/2024\\\/04\\\/14\\\/asamblea-de-concejales-y-mayores-contribuyentes-de-quilmes-aprobaron-reformas-al-codigo-tributario\\\/#primaryimage\"},\"thumbnailUrl\":\"https:\\\/\\\/diarioprincipios.com\\\/wp-content\\\/uploads\\\/2024\\\/04\\\/foto.jpg\",\"articleSection\":[\"Zonar Sur\"],\"inLanguage\":\"es\",\"potentialAction\":[{\"@type\":\"CommentAction\",\"name\":\"Comment\",\"target\":[\"https:\\\/\\\/diarioprincipios.com\\\/index.php\\\/2024\\\/04\\\/14\\\/asamblea-de-concejales-y-mayores-contribuyentes-de-quilmes-aprobaron-reformas-al-codigo-tributario\\\/#respond\"]}]},{\"@type\":\"WebPage\",\"@id\":\"https:\\\/\\\/diarioprincipios.com\\\/index.php\\\/2024\\\/04\\\/14\\\/asamblea-de-concejales-y-mayores-contribuyentes-de-quilmes-aprobaron-reformas-al-codigo-tributario\\\/\",\"url\":\"https:\\\/\\\/diarioprincipios.com\\\/index.php\\\/2024\\\/04\\\/14\\\/asamblea-de-concejales-y-mayores-contribuyentes-de-quilmes-aprobaron-reformas-al-codigo-tributario\\\/\",\"name\":\"Asamblea de Concejales y Mayores Contribuyentes de Quilmes aprobaron reformas al C\u00f3digo Tributario - Principios\",\"isPartOf\":{\"@id\":\"https:\\\/\\\/diarioprincipios.com\\\/#website\"},\"primaryImageOfPage\":{\"@id\":\"https:\\\/\\\/diarioprincipios.com\\\/index.php\\\/2024\\\/04\\\/14\\\/asamblea-de-concejales-y-mayores-contribuyentes-de-quilmes-aprobaron-reformas-al-codigo-tributario\\\/#primaryimage\"},\"image\":{\"@id\":\"https:\\\/\\\/diarioprincipios.com\\\/index.php\\\/2024\\\/04\\\/14\\\/asamblea-de-concejales-y-mayores-contribuyentes-de-quilmes-aprobaron-reformas-al-codigo-tributario\\\/#primaryimage\"},\"thumbnailUrl\":\"https:\\\/\\\/diarioprincipios.com\\\/wp-content\\\/uploads\\\/2024\\\/04\\\/foto.jpg\",\"datePublished\":\"2024-04-14T16:00:48+00:00\",\"dateModified\":\"2024-04-14T16:00:50+00:00\",\"breadcrumb\":{\"@id\":\"https:\\\/\\\/diarioprincipios.com\\\/index.php\\\/2024\\\/04\\\/14\\\/asamblea-de-concejales-y-mayores-contribuyentes-de-quilmes-aprobaron-reformas-al-codigo-tributario\\\/#breadcrumb\"},\"inLanguage\":\"es\",\"potentialAction\":[{\"@type\":\"ReadAction\",\"target\":[\"https:\\\/\\\/diarioprincipios.com\\\/index.php\\\/2024\\\/04\\\/14\\\/asamblea-de-concejales-y-mayores-contribuyentes-de-quilmes-aprobaron-reformas-al-codigo-tributario\\\/\"]}]},{\"@type\":\"ImageObject\",\"inLanguage\":\"es\",\"@id\":\"https:\\\/\\\/diarioprincipios.com\\\/index.php\\\/2024\\\/04\\\/14\\\/asamblea-de-concejales-y-mayores-contribuyentes-de-quilmes-aprobaron-reformas-al-codigo-tributario\\\/#primaryimage\",\"url\":\"https:\\\/\\\/diarioprincipios.com\\\/wp-content\\\/uploads\\\/2024\\\/04\\\/foto.jpg\",\"contentUrl\":\"https:\\\/\\\/diarioprincipios.com\\\/wp-content\\\/uploads\\\/2024\\\/04\\\/foto.jpg\",\"width\":1280,\"height\":431},{\"@type\":\"BreadcrumbList\",\"@id\":\"https:\\\/\\\/diarioprincipios.com\\\/index.php\\\/2024\\\/04\\\/14\\\/asamblea-de-concejales-y-mayores-contribuyentes-de-quilmes-aprobaron-reformas-al-codigo-tributario\\\/#breadcrumb\",\"itemListElement\":[{\"@type\":\"ListItem\",\"position\":1,\"name\":\"Portada\",\"item\":\"https:\\\/\\\/diarioprincipios.com\\\/\"},{\"@type\":\"ListItem\",\"position\":2,\"name\":\"Asamblea de Concejales y Mayores Contribuyentes de Quilmes aprobaron reformas al C\u00f3digo Tributario\"}]},{\"@type\":\"WebSite\",\"@id\":\"https:\\\/\\\/diarioprincipios.com\\\/#website\",\"url\":\"https:\\\/\\\/diarioprincipios.com\\\/\",\"name\":\"Principios\",\"description\":\"Principios Diario\",\"publisher\":{\"@id\":\"https:\\\/\\\/diarioprincipios.com\\\/#organization\"},\"potentialAction\":[{\"@type\":\"SearchAction\",\"target\":{\"@type\":\"EntryPoint\",\"urlTemplate\":\"https:\\\/\\\/diarioprincipios.com\\\/?s={search_term_string}\"},\"query-input\":{\"@type\":\"PropertyValueSpecification\",\"valueRequired\":true,\"valueName\":\"search_term_string\"}}],\"inLanguage\":\"es\"},{\"@type\":\"Organization\",\"@id\":\"https:\\\/\\\/diarioprincipios.com\\\/#organization\",\"name\":\"Principios\",\"url\":\"https:\\\/\\\/diarioprincipios.com\\\/\",\"logo\":{\"@type\":\"ImageObject\",\"inLanguage\":\"es\",\"@id\":\"https:\\\/\\\/diarioprincipios.com\\\/#\\\/schema\\\/logo\\\/image\\\/\",\"url\":\"https:\\\/\\\/diarioprincipios.com\\\/wp-content\\\/uploads\\\/2024\\\/04\\\/cropped-www.diarioprincipios.com_-1.png\",\"contentUrl\":\"https:\\\/\\\/diarioprincipios.com\\\/wp-content\\\/uploads\\\/2024\\\/04\\\/cropped-www.diarioprincipios.com_-1.png\",\"width\":5325,\"height\":1454,\"caption\":\"Principios\"},\"image\":{\"@id\":\"https:\\\/\\\/diarioprincipios.com\\\/#\\\/schema\\\/logo\\\/image\\\/\"}},{\"@type\":\"Person\",\"@id\":\"https:\\\/\\\/diarioprincipios.com\\\/#\\\/schema\\\/person\\\/436d5a1fd41a5e250e23ff5a6a7cb080\",\"name\":\"Hern\u00e1n L\u00f3pez\",\"image\":{\"@type\":\"ImageObject\",\"inLanguage\":\"es\",\"@id\":\"https:\\\/\\\/diarioprincipios.com\\\/wp-content\\\/litespeed\\\/avatar\\\/11ddfe5610ff3bd100522525b2571f48.jpg?ver=1777048341\",\"url\":\"https:\\\/\\\/diarioprincipios.com\\\/wp-content\\\/litespeed\\\/avatar\\\/11ddfe5610ff3bd100522525b2571f48.jpg?ver=1777048341\",\"contentUrl\":\"https:\\\/\\\/diarioprincipios.com\\\/wp-content\\\/litespeed\\\/avatar\\\/11ddfe5610ff3bd100522525b2571f48.jpg?ver=1777048341\",\"caption\":\"Hern\u00e1n L\u00f3pez\"},\"url\":\"https:\\\/\\\/diarioprincipios.com\\\/index.php\\\/author\\\/hernan\\\/\"}]}<\/script>\n<!-- \/ Yoast SEO plugin. -->","yoast_head_json":{"title":"Asamblea de Concejales y Mayores Contribuyentes de Quilmes aprobaron reformas al C\u00f3digo Tributario - Principios","robots":{"index":"index","follow":"follow","max-snippet":"max-snippet:-1","max-image-preview":"max-image-preview:large","max-video-preview":"max-video-preview:-1"},"canonical":"https:\/\/diarioprincipios.com\/index.php\/2024\/04\/14\/asamblea-de-concejales-y-mayores-contribuyentes-de-quilmes-aprobaron-reformas-al-codigo-tributario\/","og_locale":"es_ES","og_type":"article","og_title":"Asamblea de Concejales y Mayores Contribuyentes de Quilmes aprobaron reformas al C\u00f3digo Tributario - Principios","og_description":"De esta manera se incorpora la Tasa por Mantenimiento de la Red Vial, el Fondo para la Preservaci\u00f3n del Teatro Municipal y una Contribuci\u00f3n Especial para los Cursos de Manipulaci\u00f3n de Alimentos. Votaci\u00f3n De los 22 concejales presentes, 13 votaron en forma afirmativa en general y en particular, en tanto que de los 19 Mayores...","og_url":"https:\/\/diarioprincipios.com\/index.php\/2024\/04\/14\/asamblea-de-concejales-y-mayores-contribuyentes-de-quilmes-aprobaron-reformas-al-codigo-tributario\/","og_site_name":"Principios","article_published_time":"2024-04-14T16:00:48+00:00","article_modified_time":"2024-04-14T16:00:50+00:00","og_image":[{"width":1280,"height":431,"url":"https:\/\/diarioprincipios.com\/wp-content\/uploads\/2024\/04\/foto.jpg","type":"image\/jpeg"}],"author":"Hern\u00e1n L\u00f3pez","twitter_card":"summary_large_image","twitter_misc":{"Escrito por":"Hern\u00e1n L\u00f3pez","Tiempo de lectura":"3 minutos"},"schema":{"@context":"https:\/\/schema.org","@graph":[{"@type":"Article","@id":"https:\/\/diarioprincipios.com\/index.php\/2024\/04\/14\/asamblea-de-concejales-y-mayores-contribuyentes-de-quilmes-aprobaron-reformas-al-codigo-tributario\/#article","isPartOf":{"@id":"https:\/\/diarioprincipios.com\/index.php\/2024\/04\/14\/asamblea-de-concejales-y-mayores-contribuyentes-de-quilmes-aprobaron-reformas-al-codigo-tributario\/"},"author":{"name":"Hern\u00e1n L\u00f3pez","@id":"https:\/\/diarioprincipios.com\/#\/schema\/person\/436d5a1fd41a5e250e23ff5a6a7cb080"},"headline":"Asamblea de Concejales y Mayores Contribuyentes de Quilmes aprobaron reformas al C\u00f3digo Tributario","datePublished":"2024-04-14T16:00:48+00:00","dateModified":"2024-04-14T16:00:50+00:00","mainEntityOfPage":{"@id":"https:\/\/diarioprincipios.com\/index.php\/2024\/04\/14\/asamblea-de-concejales-y-mayores-contribuyentes-de-quilmes-aprobaron-reformas-al-codigo-tributario\/"},"wordCount":521,"commentCount":0,"publisher":{"@id":"https:\/\/diarioprincipios.com\/#organization"},"image":{"@id":"https:\/\/diarioprincipios.com\/index.php\/2024\/04\/14\/asamblea-de-concejales-y-mayores-contribuyentes-de-quilmes-aprobaron-reformas-al-codigo-tributario\/#primaryimage"},"thumbnailUrl":"https:\/\/diarioprincipios.com\/wp-content\/uploads\/2024\/04\/foto.jpg","articleSection":["Zonar Sur"],"inLanguage":"es","potentialAction":[{"@type":"CommentAction","name":"Comment","target":["https:\/\/diarioprincipios.com\/index.php\/2024\/04\/14\/asamblea-de-concejales-y-mayores-contribuyentes-de-quilmes-aprobaron-reformas-al-codigo-tributario\/#respond"]}]},{"@type":"WebPage","@id":"https:\/\/diarioprincipios.com\/index.php\/2024\/04\/14\/asamblea-de-concejales-y-mayores-contribuyentes-de-quilmes-aprobaron-reformas-al-codigo-tributario\/","url":"https:\/\/diarioprincipios.com\/index.php\/2024\/04\/14\/asamblea-de-concejales-y-mayores-contribuyentes-de-quilmes-aprobaron-reformas-al-codigo-tributario\/","name":"Asamblea de Concejales y Mayores Contribuyentes de Quilmes aprobaron reformas al C\u00f3digo Tributario - Principios","isPartOf":{"@id":"https:\/\/diarioprincipios.com\/#website"},"primaryImageOfPage":{"@id":"https:\/\/diarioprincipios.com\/index.php\/2024\/04\/14\/asamblea-de-concejales-y-mayores-contribuyentes-de-quilmes-aprobaron-reformas-al-codigo-tributario\/#primaryimage"},"image":{"@id":"https:\/\/diarioprincipios.com\/index.php\/2024\/04\/14\/asamblea-de-concejales-y-mayores-contribuyentes-de-quilmes-aprobaron-reformas-al-codigo-tributario\/#primaryimage"},"thumbnailUrl":"https:\/\/diarioprincipios.com\/wp-content\/uploads\/2024\/04\/foto.jpg","datePublished":"2024-04-14T16:00:48+00:00","dateModified":"2024-04-14T16:00:50+00:00","breadcrumb":{"@id":"https:\/\/diarioprincipios.com\/index.php\/2024\/04\/14\/asamblea-de-concejales-y-mayores-contribuyentes-de-quilmes-aprobaron-reformas-al-codigo-tributario\/#breadcrumb"},"inLanguage":"es","potentialAction":[{"@type":"ReadAction","target":["https:\/\/diarioprincipios.com\/index.php\/2024\/04\/14\/asamblea-de-concejales-y-mayores-contribuyentes-de-quilmes-aprobaron-reformas-al-codigo-tributario\/"]}]},{"@type":"ImageObject","inLanguage":"es","@id":"https:\/\/diarioprincipios.com\/index.php\/2024\/04\/14\/asamblea-de-concejales-y-mayores-contribuyentes-de-quilmes-aprobaron-reformas-al-codigo-tributario\/#primaryimage","url":"https:\/\/diarioprincipios.com\/wp-content\/uploads\/2024\/04\/foto.jpg","contentUrl":"https:\/\/diarioprincipios.com\/wp-content\/uploads\/2024\/04\/foto.jpg","width":1280,"height":431},{"@type":"BreadcrumbList","@id":"https:\/\/diarioprincipios.com\/index.php\/2024\/04\/14\/asamblea-de-concejales-y-mayores-contribuyentes-de-quilmes-aprobaron-reformas-al-codigo-tributario\/#breadcrumb","itemListElement":[{"@type":"ListItem","position":1,"name":"Portada","item":"https:\/\/diarioprincipios.com\/"},{"@type":"ListItem","position":2,"name":"Asamblea de Concejales y Mayores Contribuyentes de Quilmes aprobaron reformas al C\u00f3digo Tributario"}]},{"@type":"WebSite","@id":"https:\/\/diarioprincipios.com\/#website","url":"https:\/\/diarioprincipios.com\/","name":"Principios","description":"Principios Diario","publisher":{"@id":"https:\/\/diarioprincipios.com\/#organization"},"potentialAction":[{"@type":"SearchAction","target":{"@type":"EntryPoint","urlTemplate":"https:\/\/diarioprincipios.com\/?s={search_term_string}"},"query-input":{"@type":"PropertyValueSpecification","valueRequired":true,"valueName":"search_term_string"}}],"inLanguage":"es"},{"@type":"Organization","@id":"https:\/\/diarioprincipios.com\/#organization","name":"Principios","url":"https:\/\/diarioprincipios.com\/","logo":{"@type":"ImageObject","inLanguage":"es","@id":"https:\/\/diarioprincipios.com\/#\/schema\/logo\/image\/","url":"https:\/\/diarioprincipios.com\/wp-content\/uploads\/2024\/04\/cropped-www.diarioprincipios.com_-1.png","contentUrl":"https:\/\/diarioprincipios.com\/wp-content\/uploads\/2024\/04\/cropped-www.diarioprincipios.com_-1.png","width":5325,"height":1454,"caption":"Principios"},"image":{"@id":"https:\/\/diarioprincipios.com\/#\/schema\/logo\/image\/"}},{"@type":"Person","@id":"https:\/\/diarioprincipios.com\/#\/schema\/person\/436d5a1fd41a5e250e23ff5a6a7cb080","name":"Hern\u00e1n L\u00f3pez","image":{"@type":"ImageObject","inLanguage":"es","@id":"https:\/\/diarioprincipios.com\/wp-content\/litespeed\/avatar\/11ddfe5610ff3bd100522525b2571f48.jpg?ver=1777048341","url":"https:\/\/diarioprincipios.com\/wp-content\/litespeed\/avatar\/11ddfe5610ff3bd100522525b2571f48.jpg?ver=1777048341","contentUrl":"https:\/\/diarioprincipios.com\/wp-content\/litespeed\/avatar\/11ddfe5610ff3bd100522525b2571f48.jpg?ver=1777048341","caption":"Hern\u00e1n L\u00f3pez"},"url":"https:\/\/diarioprincipios.com\/index.php\/author\/hernan\/"}]}},"jetpack_featured_media_url":"https:\/\/diarioprincipios.com\/wp-content\/uploads\/2024\/04\/foto.jpg","_links":{"self":[{"href":"https:\/\/diarioprincipios.com\/index.php\/wp-json\/wp\/v2\/posts\/21508","targetHints":{"allow":["GET"]}}],"collection":[{"href":"https:\/\/diarioprincipios.com\/index.php\/wp-json\/wp\/v2\/posts"}],"about":[{"href":"https:\/\/diarioprincipios.com\/index.php\/wp-json\/wp\/v2\/types\/post"}],"author":[{"embeddable":true,"href":"https:\/\/diarioprincipios.com\/index.php\/wp-json\/wp\/v2\/users\/2"}],"replies":[{"embeddable":true,"href":"https:\/\/diarioprincipios.com\/index.php\/wp-json\/wp\/v2\/comments?post=21508"}],"version-history":[{"count":1,"href":"https:\/\/diarioprincipios.com\/index.php\/wp-json\/wp\/v2\/posts\/21508\/revisions"}],"predecessor-version":[{"id":21510,"href":"https:\/\/diarioprincipios.com\/index.php\/wp-json\/wp\/v2\/posts\/21508\/revisions\/21510"}],"wp:featuredmedia":[{"embeddable":true,"href":"https:\/\/diarioprincipios.com\/index.php\/wp-json\/wp\/v2\/media\/21509"}],"wp:attachment":[{"href":"https:\/\/diarioprincipios.com\/index.php\/wp-json\/wp\/v2\/media?parent=21508"}],"wp:term":[{"taxonomy":"category","embeddable":true,"href":"https:\/\/diarioprincipios.com\/index.php\/wp-json\/wp\/v2\/categories?post=21508"},{"taxonomy":"post_tag","embeddable":true,"href":"https:\/\/diarioprincipios.com\/index.php\/wp-json\/wp\/v2\/tags?post=21508"}],"curies":[{"name":"wp","href":"https:\/\/api.w.org\/{rel}","templated":true}]}}