{"id":21501,"date":"2024-04-13T22:29:35","date_gmt":"2024-04-14T01:29:35","guid":{"rendered":"http:\/\/diarioprincipios.com\/?p=21501"},"modified":"2024-04-13T22:29:45","modified_gmt":"2024-04-14T01:29:45","slug":"la-historia-de-berazategui-en-cada-esquina-del-paseo-de-las-artes","status":"publish","type":"post","link":"https:\/\/diarioprincipios.com\/index.php\/2024\/04\/13\/la-historia-de-berazategui-en-cada-esquina-del-paseo-de-las-artes\/","title":{"rendered":"La historia de Berazategui en cada esquina del Paseo de las Artes"},"content":{"rendered":"\n<p><strong>El 15 de abril se celebra el D\u00eda Mundial del Arte, que busca promover el desarrollo, la difusi\u00f3n y la promoci\u00f3n de este medio de expresi\u00f3n. De esta manera, la Municipalidad de Berazategui -a cargo del intendente Juan Jos\u00e9 Mussi- sigue plasmando distintas expresiones de arte gr\u00e1fico en sus calles, lugares comunes de convergencia para la sociedad.<\/strong>\u00a0Una de ellas es la 148, donde desde la Av. 14 hasta la Diagonal Obispo Jorge Novak se lucen diferentes intervenciones que conforman el Paseo de las Artes -inaugurado en 2008- para deleite de los y las transe\u00fantes.<\/p>\n\n\n\n<figure class=\"wp-block-image size-large\"><img loading=\"lazy\" decoding=\"async\" width=\"1024\" height=\"768\" src=\"https:\/\/diarioprincipios.com\/wp-content\/uploads\/2024\/04\/LA-HISTORIA-DE-BERAZATEGUI-EN-CADA-ESQUINA-DEL-PASEO-DE-LAS-ARTES2-1-1024x768.jpg\" alt=\"\" class=\"wp-image-21503\" srcset=\"https:\/\/diarioprincipios.com\/wp-content\/uploads\/2024\/04\/LA-HISTORIA-DE-BERAZATEGUI-EN-CADA-ESQUINA-DEL-PASEO-DE-LAS-ARTES2-1-1024x768.jpg 1024w, https:\/\/diarioprincipios.com\/wp-content\/uploads\/2024\/04\/LA-HISTORIA-DE-BERAZATEGUI-EN-CADA-ESQUINA-DEL-PASEO-DE-LAS-ARTES2-1-300x225.jpg 300w, https:\/\/diarioprincipios.com\/wp-content\/uploads\/2024\/04\/LA-HISTORIA-DE-BERAZATEGUI-EN-CADA-ESQUINA-DEL-PASEO-DE-LAS-ARTES2-1-768x576.jpg 768w, https:\/\/diarioprincipios.com\/wp-content\/uploads\/2024\/04\/LA-HISTORIA-DE-BERAZATEGUI-EN-CADA-ESQUINA-DEL-PASEO-DE-LAS-ARTES2-1-1536x1152.jpg 1536w, https:\/\/diarioprincipios.com\/wp-content\/uploads\/2024\/04\/LA-HISTORIA-DE-BERAZATEGUI-EN-CADA-ESQUINA-DEL-PASEO-DE-LAS-ARTES2-1.jpg 1920w\" sizes=\"auto, (max-width: 1024px) 100vw, 1024px\" \/><\/figure>\n\n\n\n<p><br>Es as\u00ed que, con el objetivo de reflejar la historia y el presente de Berazategui, el \u00e1rea de Arte P\u00fablico de la Secretar\u00eda de Cultura y Educaci\u00f3n, adem\u00e1s de artistas locales y regionales, embellecieron los ordenadores peatonales de las esquinas del Paseo con obras gr\u00e1ficas caladas en chapa, esculturas en cemento y hierro, falso vitraux, cer\u00e1mica, pinturas murales y arte con venecitas -todas ellas aplicadas al mobiliario urbano-.\u00a0<\/p>\n\n\n\n<figure class=\"wp-block-image size-large\"><img loading=\"lazy\" decoding=\"async\" width=\"1024\" height=\"768\" src=\"https:\/\/diarioprincipios.com\/wp-content\/uploads\/2024\/04\/LA-HISTORIA-DE-BERAZATEGUI-EN-CADA-ESQUINA-DEL-PASEO-DE-LAS-ARTES3-1024x768.jpg\" alt=\"\" class=\"wp-image-21504\" srcset=\"https:\/\/diarioprincipios.com\/wp-content\/uploads\/2024\/04\/LA-HISTORIA-DE-BERAZATEGUI-EN-CADA-ESQUINA-DEL-PASEO-DE-LAS-ARTES3-1024x768.jpg 1024w, https:\/\/diarioprincipios.com\/wp-content\/uploads\/2024\/04\/LA-HISTORIA-DE-BERAZATEGUI-EN-CADA-ESQUINA-DEL-PASEO-DE-LAS-ARTES3-300x225.jpg 300w, https:\/\/diarioprincipios.com\/wp-content\/uploads\/2024\/04\/LA-HISTORIA-DE-BERAZATEGUI-EN-CADA-ESQUINA-DEL-PASEO-DE-LAS-ARTES3-768x576.jpg 768w, https:\/\/diarioprincipios.com\/wp-content\/uploads\/2024\/04\/LA-HISTORIA-DE-BERAZATEGUI-EN-CADA-ESQUINA-DEL-PASEO-DE-LAS-ARTES3-1536x1152.jpg 1536w, https:\/\/diarioprincipios.com\/wp-content\/uploads\/2024\/04\/LA-HISTORIA-DE-BERAZATEGUI-EN-CADA-ESQUINA-DEL-PASEO-DE-LAS-ARTES3.jpg 1920w\" sizes=\"auto, (max-width: 1024px) 100vw, 1024px\" \/><\/figure>\n\n\n\n<p><br>Estas manifestaciones populares reflejan tem\u00e1ticas diversas en representaci\u00f3n de la identidad local, organizadas en ejes conceptuales y filtradas por las cosmovisiones de cada artista.<\/p>\n\n\n\n<figure class=\"wp-block-image size-large\"><img loading=\"lazy\" decoding=\"async\" width=\"1024\" height=\"768\" src=\"https:\/\/diarioprincipios.com\/wp-content\/uploads\/2024\/04\/LA-HISTORIA-DE-BERAZATEGUI-EN-CADA-ESQUINA-DEL-PASEO-DE-LAS-ARTES1-1024x768.jpg\" alt=\"\" class=\"wp-image-21505\" srcset=\"https:\/\/diarioprincipios.com\/wp-content\/uploads\/2024\/04\/LA-HISTORIA-DE-BERAZATEGUI-EN-CADA-ESQUINA-DEL-PASEO-DE-LAS-ARTES1-1024x768.jpg 1024w, https:\/\/diarioprincipios.com\/wp-content\/uploads\/2024\/04\/LA-HISTORIA-DE-BERAZATEGUI-EN-CADA-ESQUINA-DEL-PASEO-DE-LAS-ARTES1-300x225.jpg 300w, https:\/\/diarioprincipios.com\/wp-content\/uploads\/2024\/04\/LA-HISTORIA-DE-BERAZATEGUI-EN-CADA-ESQUINA-DEL-PASEO-DE-LAS-ARTES1-768x576.jpg 768w, https:\/\/diarioprincipios.com\/wp-content\/uploads\/2024\/04\/LA-HISTORIA-DE-BERAZATEGUI-EN-CADA-ESQUINA-DEL-PASEO-DE-LAS-ARTES1-1536x1152.jpg 1536w, https:\/\/diarioprincipios.com\/wp-content\/uploads\/2024\/04\/LA-HISTORIA-DE-BERAZATEGUI-EN-CADA-ESQUINA-DEL-PASEO-DE-LAS-ARTES1.jpg 1920w\" sizes=\"auto, (max-width: 1024px) 100vw, 1024px\" \/><\/figure>\n\n\n\n<p><br>Algunos de esos ejes refieren al territorio del vidrio, la industria y el trabajo; el encuentro y el deporte en los barrios; la costa del R\u00edo de la Plata, la recreaci\u00f3n, el fuego como elemento transformador y su relaci\u00f3n con el arte; la cultura asociativa y las conquistas colectivas, entre otros. Sin dudas, se trata de un Paseo para recorrer en familia o con amigos, un espacio para disfrutar de diversas manifestaciones de creatividad que hacen vibrar Berazategui.<br>Para conocer m\u00e1s acerca de la gesti\u00f3n municipal en materia de Cultura y Educaci\u00f3n, se puede ingresar en\u00a0<a href=\"http:\/\/berazategui.gob.ar\/cultura\" target=\"_blank\" rel=\"noreferrer noopener\">berazategui.gob.ar\/cultura<\/a>.\u00a0<\/p>\n","protected":false},"excerpt":{"rendered":"<p>El 15 de abril se celebra el D\u00eda Mundial del Arte, que busca promover el desarrollo, la difusi\u00f3n y la promoci\u00f3n de este medio de expresi\u00f3n. De esta manera, la Municipalidad de Berazategui -a cargo del intendente Juan Jos\u00e9 Mussi- sigue plasmando distintas expresiones de arte gr\u00e1fico en sus calles, lugares comunes de convergencia para&#8230;<\/p>\n","protected":false},"author":2,"featured_media":21506,"comment_status":"open","ping_status":"open","sticky":false,"template":"","format":"standard","meta":{"footnotes":""},"categories":[19],"tags":[],"class_list":["post-21501","post","type-post","status-publish","format-standard","has-post-thumbnail","hentry","category-cultura-educacion"],"featured_image_src":"https:\/\/diarioprincipios.com\/wp-content\/uploads\/2024\/04\/LA-HISTORIA-DE-BERAZATEGUI-EN-CADA-ESQUINA-DEL-PASEO-DE-LAS-ARTES-1024x768.jpg","blog_images":{"medium":"https:\/\/diarioprincipios.com\/wp-content\/uploads\/2024\/04\/LA-HISTORIA-DE-BERAZATEGUI-EN-CADA-ESQUINA-DEL-PASEO-DE-LAS-ARTES-300x225.jpg","large":"https:\/\/diarioprincipios.com\/wp-content\/uploads\/2024\/04\/LA-HISTORIA-DE-BERAZATEGUI-EN-CADA-ESQUINA-DEL-PASEO-DE-LAS-ARTES-1024x768.jpg"},"ams_acf":[],"yoast_head":"<!-- This site is optimized with the Yoast SEO plugin v27.3 - https:\/\/yoast.com\/product\/yoast-seo-wordpress\/ -->\n<title>La historia de Berazategui en cada esquina del Paseo de las Artes - Principios<\/title>\n<meta name=\"robots\" content=\"index, follow, max-snippet:-1, max-image-preview:large, max-video-preview:-1\" \/>\n<link rel=\"canonical\" href=\"https:\/\/diarioprincipios.com\/index.php\/2024\/04\/13\/la-historia-de-berazategui-en-cada-esquina-del-paseo-de-las-artes\/\" \/>\n<meta property=\"og:locale\" content=\"es_ES\" \/>\n<meta property=\"og:type\" content=\"article\" \/>\n<meta property=\"og:title\" content=\"La historia de Berazategui en cada esquina del Paseo de las Artes - Principios\" \/>\n<meta property=\"og:description\" content=\"El 15 de abril se celebra el D\u00eda Mundial del Arte, que busca promover el desarrollo, la difusi\u00f3n y la promoci\u00f3n de este medio de expresi\u00f3n. De esta manera, la Municipalidad de Berazategui -a cargo del intendente Juan Jos\u00e9 Mussi- sigue plasmando distintas expresiones de arte gr\u00e1fico en sus calles, lugares comunes de convergencia para...\" \/>\n<meta property=\"og:url\" content=\"https:\/\/diarioprincipios.com\/index.php\/2024\/04\/13\/la-historia-de-berazategui-en-cada-esquina-del-paseo-de-las-artes\/\" \/>\n<meta property=\"og:site_name\" content=\"Principios\" \/>\n<meta property=\"article:published_time\" content=\"2024-04-14T01:29:35+00:00\" \/>\n<meta property=\"article:modified_time\" content=\"2024-04-14T01:29:45+00:00\" \/>\n<meta property=\"og:image\" content=\"https:\/\/diarioprincipios.com\/wp-content\/uploads\/2024\/04\/LA-HISTORIA-DE-BERAZATEGUI-EN-CADA-ESQUINA-DEL-PASEO-DE-LAS-ARTES.jpg\" \/>\n\t<meta property=\"og:image:width\" content=\"1920\" \/>\n\t<meta property=\"og:image:height\" content=\"1440\" \/>\n\t<meta property=\"og:image:type\" content=\"image\/jpeg\" \/>\n<meta name=\"author\" content=\"Hern\u00e1n L\u00f3pez\" \/>\n<meta name=\"twitter:card\" content=\"summary_large_image\" \/>\n<meta name=\"twitter:label1\" content=\"Escrito por\" \/>\n\t<meta name=\"twitter:data1\" content=\"Hern\u00e1n L\u00f3pez\" \/>\n\t<meta name=\"twitter:label2\" content=\"Tiempo de lectura\" \/>\n\t<meta name=\"twitter:data2\" content=\"3 minutos\" \/>\n<script type=\"application\/ld+json\" class=\"yoast-schema-graph\">{\"@context\":\"https:\\\/\\\/schema.org\",\"@graph\":[{\"@type\":\"Article\",\"@id\":\"https:\\\/\\\/diarioprincipios.com\\\/index.php\\\/2024\\\/04\\\/13\\\/la-historia-de-berazategui-en-cada-esquina-del-paseo-de-las-artes\\\/#article\",\"isPartOf\":{\"@id\":\"https:\\\/\\\/diarioprincipios.com\\\/index.php\\\/2024\\\/04\\\/13\\\/la-historia-de-berazategui-en-cada-esquina-del-paseo-de-las-artes\\\/\"},\"author\":{\"name\":\"Hern\u00e1n L\u00f3pez\",\"@id\":\"https:\\\/\\\/diarioprincipios.com\\\/#\\\/schema\\\/person\\\/436d5a1fd41a5e250e23ff5a6a7cb080\"},\"headline\":\"La historia de Berazategui en cada esquina del Paseo de las Artes\",\"datePublished\":\"2024-04-14T01:29:35+00:00\",\"dateModified\":\"2024-04-14T01:29:45+00:00\",\"mainEntityOfPage\":{\"@id\":\"https:\\\/\\\/diarioprincipios.com\\\/index.php\\\/2024\\\/04\\\/13\\\/la-historia-de-berazategui-en-cada-esquina-del-paseo-de-las-artes\\\/\"},\"wordCount\":316,\"commentCount\":0,\"publisher\":{\"@id\":\"https:\\\/\\\/diarioprincipios.com\\\/#organization\"},\"image\":{\"@id\":\"https:\\\/\\\/diarioprincipios.com\\\/index.php\\\/2024\\\/04\\\/13\\\/la-historia-de-berazategui-en-cada-esquina-del-paseo-de-las-artes\\\/#primaryimage\"},\"thumbnailUrl\":\"https:\\\/\\\/diarioprincipios.com\\\/wp-content\\\/uploads\\\/2024\\\/04\\\/LA-HISTORIA-DE-BERAZATEGUI-EN-CADA-ESQUINA-DEL-PASEO-DE-LAS-ARTES.jpg\",\"articleSection\":[\"Cultura y Educaci\u00f3n\"],\"inLanguage\":\"es\",\"potentialAction\":[{\"@type\":\"CommentAction\",\"name\":\"Comment\",\"target\":[\"https:\\\/\\\/diarioprincipios.com\\\/index.php\\\/2024\\\/04\\\/13\\\/la-historia-de-berazategui-en-cada-esquina-del-paseo-de-las-artes\\\/#respond\"]}]},{\"@type\":\"WebPage\",\"@id\":\"https:\\\/\\\/diarioprincipios.com\\\/index.php\\\/2024\\\/04\\\/13\\\/la-historia-de-berazategui-en-cada-esquina-del-paseo-de-las-artes\\\/\",\"url\":\"https:\\\/\\\/diarioprincipios.com\\\/index.php\\\/2024\\\/04\\\/13\\\/la-historia-de-berazategui-en-cada-esquina-del-paseo-de-las-artes\\\/\",\"name\":\"La historia de Berazategui en cada esquina del Paseo de las Artes - Principios\",\"isPartOf\":{\"@id\":\"https:\\\/\\\/diarioprincipios.com\\\/#website\"},\"primaryImageOfPage\":{\"@id\":\"https:\\\/\\\/diarioprincipios.com\\\/index.php\\\/2024\\\/04\\\/13\\\/la-historia-de-berazategui-en-cada-esquina-del-paseo-de-las-artes\\\/#primaryimage\"},\"image\":{\"@id\":\"https:\\\/\\\/diarioprincipios.com\\\/index.php\\\/2024\\\/04\\\/13\\\/la-historia-de-berazategui-en-cada-esquina-del-paseo-de-las-artes\\\/#primaryimage\"},\"thumbnailUrl\":\"https:\\\/\\\/diarioprincipios.com\\\/wp-content\\\/uploads\\\/2024\\\/04\\\/LA-HISTORIA-DE-BERAZATEGUI-EN-CADA-ESQUINA-DEL-PASEO-DE-LAS-ARTES.jpg\",\"datePublished\":\"2024-04-14T01:29:35+00:00\",\"dateModified\":\"2024-04-14T01:29:45+00:00\",\"breadcrumb\":{\"@id\":\"https:\\\/\\\/diarioprincipios.com\\\/index.php\\\/2024\\\/04\\\/13\\\/la-historia-de-berazategui-en-cada-esquina-del-paseo-de-las-artes\\\/#breadcrumb\"},\"inLanguage\":\"es\",\"potentialAction\":[{\"@type\":\"ReadAction\",\"target\":[\"https:\\\/\\\/diarioprincipios.com\\\/index.php\\\/2024\\\/04\\\/13\\\/la-historia-de-berazategui-en-cada-esquina-del-paseo-de-las-artes\\\/\"]}]},{\"@type\":\"ImageObject\",\"inLanguage\":\"es\",\"@id\":\"https:\\\/\\\/diarioprincipios.com\\\/index.php\\\/2024\\\/04\\\/13\\\/la-historia-de-berazategui-en-cada-esquina-del-paseo-de-las-artes\\\/#primaryimage\",\"url\":\"https:\\\/\\\/diarioprincipios.com\\\/wp-content\\\/uploads\\\/2024\\\/04\\\/LA-HISTORIA-DE-BERAZATEGUI-EN-CADA-ESQUINA-DEL-PASEO-DE-LAS-ARTES.jpg\",\"contentUrl\":\"https:\\\/\\\/diarioprincipios.com\\\/wp-content\\\/uploads\\\/2024\\\/04\\\/LA-HISTORIA-DE-BERAZATEGUI-EN-CADA-ESQUINA-DEL-PASEO-DE-LAS-ARTES.jpg\",\"width\":1920,\"height\":1440},{\"@type\":\"BreadcrumbList\",\"@id\":\"https:\\\/\\\/diarioprincipios.com\\\/index.php\\\/2024\\\/04\\\/13\\\/la-historia-de-berazategui-en-cada-esquina-del-paseo-de-las-artes\\\/#breadcrumb\",\"itemListElement\":[{\"@type\":\"ListItem\",\"position\":1,\"name\":\"Portada\",\"item\":\"https:\\\/\\\/diarioprincipios.com\\\/\"},{\"@type\":\"ListItem\",\"position\":2,\"name\":\"La historia de Berazategui en cada esquina del Paseo de las Artes\"}]},{\"@type\":\"WebSite\",\"@id\":\"https:\\\/\\\/diarioprincipios.com\\\/#website\",\"url\":\"https:\\\/\\\/diarioprincipios.com\\\/\",\"name\":\"Principios\",\"description\":\"Principios Diario\",\"publisher\":{\"@id\":\"https:\\\/\\\/diarioprincipios.com\\\/#organization\"},\"potentialAction\":[{\"@type\":\"SearchAction\",\"target\":{\"@type\":\"EntryPoint\",\"urlTemplate\":\"https:\\\/\\\/diarioprincipios.com\\\/?s={search_term_string}\"},\"query-input\":{\"@type\":\"PropertyValueSpecification\",\"valueRequired\":true,\"valueName\":\"search_term_string\"}}],\"inLanguage\":\"es\"},{\"@type\":\"Organization\",\"@id\":\"https:\\\/\\\/diarioprincipios.com\\\/#organization\",\"name\":\"Principios\",\"url\":\"https:\\\/\\\/diarioprincipios.com\\\/\",\"logo\":{\"@type\":\"ImageObject\",\"inLanguage\":\"es\",\"@id\":\"https:\\\/\\\/diarioprincipios.com\\\/#\\\/schema\\\/logo\\\/image\\\/\",\"url\":\"https:\\\/\\\/diarioprincipios.com\\\/wp-content\\\/uploads\\\/2024\\\/04\\\/cropped-www.diarioprincipios.com_-1.png\",\"contentUrl\":\"https:\\\/\\\/diarioprincipios.com\\\/wp-content\\\/uploads\\\/2024\\\/04\\\/cropped-www.diarioprincipios.com_-1.png\",\"width\":5325,\"height\":1454,\"caption\":\"Principios\"},\"image\":{\"@id\":\"https:\\\/\\\/diarioprincipios.com\\\/#\\\/schema\\\/logo\\\/image\\\/\"}},{\"@type\":\"Person\",\"@id\":\"https:\\\/\\\/diarioprincipios.com\\\/#\\\/schema\\\/person\\\/436d5a1fd41a5e250e23ff5a6a7cb080\",\"name\":\"Hern\u00e1n L\u00f3pez\",\"image\":{\"@type\":\"ImageObject\",\"inLanguage\":\"es\",\"@id\":\"https:\\\/\\\/diarioprincipios.com\\\/wp-content\\\/litespeed\\\/avatar\\\/11ddfe5610ff3bd100522525b2571f48.jpg?ver=1777048341\",\"url\":\"https:\\\/\\\/diarioprincipios.com\\\/wp-content\\\/litespeed\\\/avatar\\\/11ddfe5610ff3bd100522525b2571f48.jpg?ver=1777048341\",\"contentUrl\":\"https:\\\/\\\/diarioprincipios.com\\\/wp-content\\\/litespeed\\\/avatar\\\/11ddfe5610ff3bd100522525b2571f48.jpg?ver=1777048341\",\"caption\":\"Hern\u00e1n L\u00f3pez\"},\"url\":\"https:\\\/\\\/diarioprincipios.com\\\/index.php\\\/author\\\/hernan\\\/\"}]}<\/script>\n<!-- \/ Yoast SEO plugin. -->","yoast_head_json":{"title":"La historia de Berazategui en cada esquina del Paseo de las Artes - Principios","robots":{"index":"index","follow":"follow","max-snippet":"max-snippet:-1","max-image-preview":"max-image-preview:large","max-video-preview":"max-video-preview:-1"},"canonical":"https:\/\/diarioprincipios.com\/index.php\/2024\/04\/13\/la-historia-de-berazategui-en-cada-esquina-del-paseo-de-las-artes\/","og_locale":"es_ES","og_type":"article","og_title":"La historia de Berazategui en cada esquina del Paseo de las Artes - Principios","og_description":"El 15 de abril se celebra el D\u00eda Mundial del Arte, que busca promover el desarrollo, la difusi\u00f3n y la promoci\u00f3n de este medio de expresi\u00f3n. De esta manera, la Municipalidad de Berazategui -a cargo del intendente Juan Jos\u00e9 Mussi- sigue plasmando distintas expresiones de arte gr\u00e1fico en sus calles, lugares comunes de convergencia para...","og_url":"https:\/\/diarioprincipios.com\/index.php\/2024\/04\/13\/la-historia-de-berazategui-en-cada-esquina-del-paseo-de-las-artes\/","og_site_name":"Principios","article_published_time":"2024-04-14T01:29:35+00:00","article_modified_time":"2024-04-14T01:29:45+00:00","og_image":[{"width":1920,"height":1440,"url":"https:\/\/diarioprincipios.com\/wp-content\/uploads\/2024\/04\/LA-HISTORIA-DE-BERAZATEGUI-EN-CADA-ESQUINA-DEL-PASEO-DE-LAS-ARTES.jpg","type":"image\/jpeg"}],"author":"Hern\u00e1n L\u00f3pez","twitter_card":"summary_large_image","twitter_misc":{"Escrito por":"Hern\u00e1n L\u00f3pez","Tiempo de lectura":"3 minutos"},"schema":{"@context":"https:\/\/schema.org","@graph":[{"@type":"Article","@id":"https:\/\/diarioprincipios.com\/index.php\/2024\/04\/13\/la-historia-de-berazategui-en-cada-esquina-del-paseo-de-las-artes\/#article","isPartOf":{"@id":"https:\/\/diarioprincipios.com\/index.php\/2024\/04\/13\/la-historia-de-berazategui-en-cada-esquina-del-paseo-de-las-artes\/"},"author":{"name":"Hern\u00e1n L\u00f3pez","@id":"https:\/\/diarioprincipios.com\/#\/schema\/person\/436d5a1fd41a5e250e23ff5a6a7cb080"},"headline":"La historia de Berazategui en cada esquina del Paseo de las Artes","datePublished":"2024-04-14T01:29:35+00:00","dateModified":"2024-04-14T01:29:45+00:00","mainEntityOfPage":{"@id":"https:\/\/diarioprincipios.com\/index.php\/2024\/04\/13\/la-historia-de-berazategui-en-cada-esquina-del-paseo-de-las-artes\/"},"wordCount":316,"commentCount":0,"publisher":{"@id":"https:\/\/diarioprincipios.com\/#organization"},"image":{"@id":"https:\/\/diarioprincipios.com\/index.php\/2024\/04\/13\/la-historia-de-berazategui-en-cada-esquina-del-paseo-de-las-artes\/#primaryimage"},"thumbnailUrl":"https:\/\/diarioprincipios.com\/wp-content\/uploads\/2024\/04\/LA-HISTORIA-DE-BERAZATEGUI-EN-CADA-ESQUINA-DEL-PASEO-DE-LAS-ARTES.jpg","articleSection":["Cultura y Educaci\u00f3n"],"inLanguage":"es","potentialAction":[{"@type":"CommentAction","name":"Comment","target":["https:\/\/diarioprincipios.com\/index.php\/2024\/04\/13\/la-historia-de-berazategui-en-cada-esquina-del-paseo-de-las-artes\/#respond"]}]},{"@type":"WebPage","@id":"https:\/\/diarioprincipios.com\/index.php\/2024\/04\/13\/la-historia-de-berazategui-en-cada-esquina-del-paseo-de-las-artes\/","url":"https:\/\/diarioprincipios.com\/index.php\/2024\/04\/13\/la-historia-de-berazategui-en-cada-esquina-del-paseo-de-las-artes\/","name":"La historia de Berazategui en cada esquina del Paseo de las Artes - Principios","isPartOf":{"@id":"https:\/\/diarioprincipios.com\/#website"},"primaryImageOfPage":{"@id":"https:\/\/diarioprincipios.com\/index.php\/2024\/04\/13\/la-historia-de-berazategui-en-cada-esquina-del-paseo-de-las-artes\/#primaryimage"},"image":{"@id":"https:\/\/diarioprincipios.com\/index.php\/2024\/04\/13\/la-historia-de-berazategui-en-cada-esquina-del-paseo-de-las-artes\/#primaryimage"},"thumbnailUrl":"https:\/\/diarioprincipios.com\/wp-content\/uploads\/2024\/04\/LA-HISTORIA-DE-BERAZATEGUI-EN-CADA-ESQUINA-DEL-PASEO-DE-LAS-ARTES.jpg","datePublished":"2024-04-14T01:29:35+00:00","dateModified":"2024-04-14T01:29:45+00:00","breadcrumb":{"@id":"https:\/\/diarioprincipios.com\/index.php\/2024\/04\/13\/la-historia-de-berazategui-en-cada-esquina-del-paseo-de-las-artes\/#breadcrumb"},"inLanguage":"es","potentialAction":[{"@type":"ReadAction","target":["https:\/\/diarioprincipios.com\/index.php\/2024\/04\/13\/la-historia-de-berazategui-en-cada-esquina-del-paseo-de-las-artes\/"]}]},{"@type":"ImageObject","inLanguage":"es","@id":"https:\/\/diarioprincipios.com\/index.php\/2024\/04\/13\/la-historia-de-berazategui-en-cada-esquina-del-paseo-de-las-artes\/#primaryimage","url":"https:\/\/diarioprincipios.com\/wp-content\/uploads\/2024\/04\/LA-HISTORIA-DE-BERAZATEGUI-EN-CADA-ESQUINA-DEL-PASEO-DE-LAS-ARTES.jpg","contentUrl":"https:\/\/diarioprincipios.com\/wp-content\/uploads\/2024\/04\/LA-HISTORIA-DE-BERAZATEGUI-EN-CADA-ESQUINA-DEL-PASEO-DE-LAS-ARTES.jpg","width":1920,"height":1440},{"@type":"BreadcrumbList","@id":"https:\/\/diarioprincipios.com\/index.php\/2024\/04\/13\/la-historia-de-berazategui-en-cada-esquina-del-paseo-de-las-artes\/#breadcrumb","itemListElement":[{"@type":"ListItem","position":1,"name":"Portada","item":"https:\/\/diarioprincipios.com\/"},{"@type":"ListItem","position":2,"name":"La historia de Berazategui en cada esquina del Paseo de las Artes"}]},{"@type":"WebSite","@id":"https:\/\/diarioprincipios.com\/#website","url":"https:\/\/diarioprincipios.com\/","name":"Principios","description":"Principios Diario","publisher":{"@id":"https:\/\/diarioprincipios.com\/#organization"},"potentialAction":[{"@type":"SearchAction","target":{"@type":"EntryPoint","urlTemplate":"https:\/\/diarioprincipios.com\/?s={search_term_string}"},"query-input":{"@type":"PropertyValueSpecification","valueRequired":true,"valueName":"search_term_string"}}],"inLanguage":"es"},{"@type":"Organization","@id":"https:\/\/diarioprincipios.com\/#organization","name":"Principios","url":"https:\/\/diarioprincipios.com\/","logo":{"@type":"ImageObject","inLanguage":"es","@id":"https:\/\/diarioprincipios.com\/#\/schema\/logo\/image\/","url":"https:\/\/diarioprincipios.com\/wp-content\/uploads\/2024\/04\/cropped-www.diarioprincipios.com_-1.png","contentUrl":"https:\/\/diarioprincipios.com\/wp-content\/uploads\/2024\/04\/cropped-www.diarioprincipios.com_-1.png","width":5325,"height":1454,"caption":"Principios"},"image":{"@id":"https:\/\/diarioprincipios.com\/#\/schema\/logo\/image\/"}},{"@type":"Person","@id":"https:\/\/diarioprincipios.com\/#\/schema\/person\/436d5a1fd41a5e250e23ff5a6a7cb080","name":"Hern\u00e1n L\u00f3pez","image":{"@type":"ImageObject","inLanguage":"es","@id":"https:\/\/diarioprincipios.com\/wp-content\/litespeed\/avatar\/11ddfe5610ff3bd100522525b2571f48.jpg?ver=1777048341","url":"https:\/\/diarioprincipios.com\/wp-content\/litespeed\/avatar\/11ddfe5610ff3bd100522525b2571f48.jpg?ver=1777048341","contentUrl":"https:\/\/diarioprincipios.com\/wp-content\/litespeed\/avatar\/11ddfe5610ff3bd100522525b2571f48.jpg?ver=1777048341","caption":"Hern\u00e1n L\u00f3pez"},"url":"https:\/\/diarioprincipios.com\/index.php\/author\/hernan\/"}]}},"jetpack_featured_media_url":"https:\/\/diarioprincipios.com\/wp-content\/uploads\/2024\/04\/LA-HISTORIA-DE-BERAZATEGUI-EN-CADA-ESQUINA-DEL-PASEO-DE-LAS-ARTES.jpg","_links":{"self":[{"href":"https:\/\/diarioprincipios.com\/index.php\/wp-json\/wp\/v2\/posts\/21501","targetHints":{"allow":["GET"]}}],"collection":[{"href":"https:\/\/diarioprincipios.com\/index.php\/wp-json\/wp\/v2\/posts"}],"about":[{"href":"https:\/\/diarioprincipios.com\/index.php\/wp-json\/wp\/v2\/types\/post"}],"author":[{"embeddable":true,"href":"https:\/\/diarioprincipios.com\/index.php\/wp-json\/wp\/v2\/users\/2"}],"replies":[{"embeddable":true,"href":"https:\/\/diarioprincipios.com\/index.php\/wp-json\/wp\/v2\/comments?post=21501"}],"version-history":[{"count":1,"href":"https:\/\/diarioprincipios.com\/index.php\/wp-json\/wp\/v2\/posts\/21501\/revisions"}],"predecessor-version":[{"id":21507,"href":"https:\/\/diarioprincipios.com\/index.php\/wp-json\/wp\/v2\/posts\/21501\/revisions\/21507"}],"wp:featuredmedia":[{"embeddable":true,"href":"https:\/\/diarioprincipios.com\/index.php\/wp-json\/wp\/v2\/media\/21506"}],"wp:attachment":[{"href":"https:\/\/diarioprincipios.com\/index.php\/wp-json\/wp\/v2\/media?parent=21501"}],"wp:term":[{"taxonomy":"category","embeddable":true,"href":"https:\/\/diarioprincipios.com\/index.php\/wp-json\/wp\/v2\/categories?post=21501"},{"taxonomy":"post_tag","embeddable":true,"href":"https:\/\/diarioprincipios.com\/index.php\/wp-json\/wp\/v2\/tags?post=21501"}],"curies":[{"name":"wp","href":"https:\/\/api.w.org\/{rel}","templated":true}]}}