{"id":21485,"date":"2024-04-12T11:31:57","date_gmt":"2024-04-12T14:31:57","guid":{"rendered":"http:\/\/diarioprincipios.com\/?p=21485"},"modified":"2024-04-12T11:32:00","modified_gmt":"2024-04-12T14:32:00","slug":"ferraresi-reinauguro-una-plaza-en-barrio-azul","status":"publish","type":"post","link":"https:\/\/diarioprincipios.com\/index.php\/2024\/04\/12\/ferraresi-reinauguro-una-plaza-en-barrio-azul\/","title":{"rendered":"Ferraresi reinaugur\u00f3 una plaza en Barrio Azul"},"content":{"rendered":"\n<p>El intendente y la jefa de Gabinete, Magdalena Sierra participaron tambi\u00e9n de la apertura de un almac\u00e9n cooperativo para el barrio.<\/p>\n\n\n\n<p>El jefe comunal de Avellaneda, Jorge Ferraresi, particip\u00f3 de la reinauguraci\u00f3n del parque bautizado por decisi\u00f3n vecinal como \u201cGuillermo Dami\u00e1n Noceto\u201d, en reconocimiento al dirigente y militante social que mucho trabaj\u00f3 y luch\u00f3 por la urbanizaci\u00f3n de los barrios de Avellaneda.<\/p>\n\n\n\n<figure class=\"wp-block-image size-large\"><img loading=\"lazy\" decoding=\"async\" width=\"1024\" height=\"681\" src=\"https:\/\/diarioprincipios.com\/wp-content\/uploads\/2024\/04\/434930920_971359531016782_4119654842198728426_n-1024x681.jpg\" alt=\"\" class=\"wp-image-21486\" srcset=\"https:\/\/diarioprincipios.com\/wp-content\/uploads\/2024\/04\/434930920_971359531016782_4119654842198728426_n-1024x681.jpg 1024w, https:\/\/diarioprincipios.com\/wp-content\/uploads\/2024\/04\/434930920_971359531016782_4119654842198728426_n-300x200.jpg 300w, https:\/\/diarioprincipios.com\/wp-content\/uploads\/2024\/04\/434930920_971359531016782_4119654842198728426_n-768x511.jpg 768w, https:\/\/diarioprincipios.com\/wp-content\/uploads\/2024\/04\/434930920_971359531016782_4119654842198728426_n-1536x1021.jpg 1536w, https:\/\/diarioprincipios.com\/wp-content\/uploads\/2024\/04\/434930920_971359531016782_4119654842198728426_n-820x545.jpg 820w, https:\/\/diarioprincipios.com\/wp-content\/uploads\/2024\/04\/434930920_971359531016782_4119654842198728426_n-600x400.jpg 600w, https:\/\/diarioprincipios.com\/wp-content\/uploads\/2024\/04\/434930920_971359531016782_4119654842198728426_n.jpg 1600w\" sizes=\"auto, (max-width: 1024px) 100vw, 1024px\" \/><\/figure>\n\n\n\n<p>Luego del emotivo acto en donde estuvo presente su familia, allegados y vecinos, se descubri\u00f3 un mural conmemorativo realizado por el artista Diego Surueta.<\/p>\n\n\n\n<figure class=\"wp-block-image size-large\"><img loading=\"lazy\" decoding=\"async\" width=\"1024\" height=\"681\" src=\"https:\/\/diarioprincipios.com\/wp-content\/uploads\/2024\/04\/434936200_971379507681451_2544193848374784978_n-1024x681.jpg\" alt=\"\" class=\"wp-image-21487\" srcset=\"https:\/\/diarioprincipios.com\/wp-content\/uploads\/2024\/04\/434936200_971379507681451_2544193848374784978_n-1024x681.jpg 1024w, https:\/\/diarioprincipios.com\/wp-content\/uploads\/2024\/04\/434936200_971379507681451_2544193848374784978_n-300x200.jpg 300w, https:\/\/diarioprincipios.com\/wp-content\/uploads\/2024\/04\/434936200_971379507681451_2544193848374784978_n-768x511.jpg 768w, https:\/\/diarioprincipios.com\/wp-content\/uploads\/2024\/04\/434936200_971379507681451_2544193848374784978_n-1536x1021.jpg 1536w, https:\/\/diarioprincipios.com\/wp-content\/uploads\/2024\/04\/434936200_971379507681451_2544193848374784978_n-820x545.jpg 820w, https:\/\/diarioprincipios.com\/wp-content\/uploads\/2024\/04\/434936200_971379507681451_2544193848374784978_n-600x400.jpg 600w, https:\/\/diarioprincipios.com\/wp-content\/uploads\/2024\/04\/434936200_971379507681451_2544193848374784978_n.jpg 1600w\" sizes=\"auto, (max-width: 1024px) 100vw, 1024px\" \/><\/figure>\n\n\n\n<p>Tambi\u00e9n, dentro del barrio, se abrieron las puertas del nuevo almac\u00e9n popular \u201cSemillas de la Patria\u201d que fue impulsado desde la cooperativa La G\u00fcemes. De dicho acto tambi\u00e9n particip\u00f3 el dirigente social Luis D\u2019Elia.<\/p>\n","protected":false},"excerpt":{"rendered":"<p>El intendente y la jefa de Gabinete, Magdalena Sierra participaron tambi\u00e9n de la apertura de un almac\u00e9n cooperativo para el barrio. El jefe comunal de Avellaneda, Jorge Ferraresi, particip\u00f3 de la reinauguraci\u00f3n del parque bautizado por decisi\u00f3n vecinal como \u201cGuillermo Dami\u00e1n Noceto\u201d, en reconocimiento al dirigente y militante social que mucho trabaj\u00f3 y luch\u00f3 por&#8230;<\/p>\n","protected":false},"author":2,"featured_media":21488,"comment_status":"open","ping_status":"open","sticky":false,"template":"","format":"standard","meta":{"footnotes":""},"categories":[5,17],"tags":[],"class_list":["post-21485","post","type-post","status-publish","format-standard","has-post-thumbnail","hentry","category-avellaneda","category-zona-sur"],"featured_image_src":"https:\/\/diarioprincipios.com\/wp-content\/uploads\/2024\/04\/434562403_971379477681454_8720696005431714847_n-1024x681.jpg","blog_images":{"medium":"https:\/\/diarioprincipios.com\/wp-content\/uploads\/2024\/04\/434562403_971379477681454_8720696005431714847_n-300x200.jpg","large":"https:\/\/diarioprincipios.com\/wp-content\/uploads\/2024\/04\/434562403_971379477681454_8720696005431714847_n-1024x681.jpg"},"ams_acf":[],"yoast_head":"<!-- This site is optimized with the Yoast SEO plugin v27.3 - https:\/\/yoast.com\/product\/yoast-seo-wordpress\/ -->\n<title>Ferraresi reinaugur\u00f3 una plaza en Barrio Azul - Principios<\/title>\n<meta name=\"robots\" content=\"index, follow, max-snippet:-1, max-image-preview:large, max-video-preview:-1\" \/>\n<link rel=\"canonical\" href=\"https:\/\/diarioprincipios.com\/index.php\/2024\/04\/12\/ferraresi-reinauguro-una-plaza-en-barrio-azul\/\" \/>\n<meta property=\"og:locale\" content=\"es_ES\" \/>\n<meta property=\"og:type\" content=\"article\" \/>\n<meta property=\"og:title\" content=\"Ferraresi reinaugur\u00f3 una plaza en Barrio Azul - Principios\" \/>\n<meta property=\"og:description\" content=\"El intendente y la jefa de Gabinete, Magdalena Sierra participaron tambi\u00e9n de la apertura de un almac\u00e9n cooperativo para el barrio. El jefe comunal de Avellaneda, Jorge Ferraresi, particip\u00f3 de la reinauguraci\u00f3n del parque bautizado por decisi\u00f3n vecinal como \u201cGuillermo Dami\u00e1n Noceto\u201d, en reconocimiento al dirigente y militante social que mucho trabaj\u00f3 y luch\u00f3 por...\" \/>\n<meta property=\"og:url\" content=\"https:\/\/diarioprincipios.com\/index.php\/2024\/04\/12\/ferraresi-reinauguro-una-plaza-en-barrio-azul\/\" \/>\n<meta property=\"og:site_name\" content=\"Principios\" \/>\n<meta property=\"article:published_time\" content=\"2024-04-12T14:31:57+00:00\" \/>\n<meta property=\"article:modified_time\" content=\"2024-04-12T14:32:00+00:00\" \/>\n<meta property=\"og:image\" content=\"https:\/\/diarioprincipios.com\/wp-content\/uploads\/2024\/04\/434562403_971379477681454_8720696005431714847_n.jpg\" \/>\n\t<meta property=\"og:image:width\" content=\"1600\" \/>\n\t<meta property=\"og:image:height\" content=\"1064\" \/>\n\t<meta property=\"og:image:type\" content=\"image\/jpeg\" \/>\n<meta name=\"author\" content=\"Hern\u00e1n L\u00f3pez\" \/>\n<meta name=\"twitter:card\" content=\"summary_large_image\" \/>\n<meta name=\"twitter:label1\" content=\"Escrito por\" \/>\n\t<meta name=\"twitter:data1\" content=\"Hern\u00e1n L\u00f3pez\" \/>\n\t<meta name=\"twitter:label2\" content=\"Tiempo de lectura\" \/>\n\t<meta name=\"twitter:data2\" content=\"2 minutos\" \/>\n<script type=\"application\/ld+json\" class=\"yoast-schema-graph\">{\"@context\":\"https:\\\/\\\/schema.org\",\"@graph\":[{\"@type\":\"Article\",\"@id\":\"https:\\\/\\\/diarioprincipios.com\\\/index.php\\\/2024\\\/04\\\/12\\\/ferraresi-reinauguro-una-plaza-en-barrio-azul\\\/#article\",\"isPartOf\":{\"@id\":\"https:\\\/\\\/diarioprincipios.com\\\/index.php\\\/2024\\\/04\\\/12\\\/ferraresi-reinauguro-una-plaza-en-barrio-azul\\\/\"},\"author\":{\"name\":\"Hern\u00e1n L\u00f3pez\",\"@id\":\"https:\\\/\\\/diarioprincipios.com\\\/#\\\/schema\\\/person\\\/436d5a1fd41a5e250e23ff5a6a7cb080\"},\"headline\":\"Ferraresi reinaugur\u00f3 una plaza en Barrio Azul\",\"datePublished\":\"2024-04-12T14:31:57+00:00\",\"dateModified\":\"2024-04-12T14:32:00+00:00\",\"mainEntityOfPage\":{\"@id\":\"https:\\\/\\\/diarioprincipios.com\\\/index.php\\\/2024\\\/04\\\/12\\\/ferraresi-reinauguro-una-plaza-en-barrio-azul\\\/\"},\"wordCount\":138,\"commentCount\":0,\"publisher\":{\"@id\":\"https:\\\/\\\/diarioprincipios.com\\\/#organization\"},\"image\":{\"@id\":\"https:\\\/\\\/diarioprincipios.com\\\/index.php\\\/2024\\\/04\\\/12\\\/ferraresi-reinauguro-una-plaza-en-barrio-azul\\\/#primaryimage\"},\"thumbnailUrl\":\"https:\\\/\\\/diarioprincipios.com\\\/wp-content\\\/uploads\\\/2024\\\/04\\\/434562403_971379477681454_8720696005431714847_n.jpg\",\"articleSection\":[\"Avellaneda\",\"Zonar Sur\"],\"inLanguage\":\"es\",\"potentialAction\":[{\"@type\":\"CommentAction\",\"name\":\"Comment\",\"target\":[\"https:\\\/\\\/diarioprincipios.com\\\/index.php\\\/2024\\\/04\\\/12\\\/ferraresi-reinauguro-una-plaza-en-barrio-azul\\\/#respond\"]}]},{\"@type\":\"WebPage\",\"@id\":\"https:\\\/\\\/diarioprincipios.com\\\/index.php\\\/2024\\\/04\\\/12\\\/ferraresi-reinauguro-una-plaza-en-barrio-azul\\\/\",\"url\":\"https:\\\/\\\/diarioprincipios.com\\\/index.php\\\/2024\\\/04\\\/12\\\/ferraresi-reinauguro-una-plaza-en-barrio-azul\\\/\",\"name\":\"Ferraresi reinaugur\u00f3 una plaza en Barrio Azul - Principios\",\"isPartOf\":{\"@id\":\"https:\\\/\\\/diarioprincipios.com\\\/#website\"},\"primaryImageOfPage\":{\"@id\":\"https:\\\/\\\/diarioprincipios.com\\\/index.php\\\/2024\\\/04\\\/12\\\/ferraresi-reinauguro-una-plaza-en-barrio-azul\\\/#primaryimage\"},\"image\":{\"@id\":\"https:\\\/\\\/diarioprincipios.com\\\/index.php\\\/2024\\\/04\\\/12\\\/ferraresi-reinauguro-una-plaza-en-barrio-azul\\\/#primaryimage\"},\"thumbnailUrl\":\"https:\\\/\\\/diarioprincipios.com\\\/wp-content\\\/uploads\\\/2024\\\/04\\\/434562403_971379477681454_8720696005431714847_n.jpg\",\"datePublished\":\"2024-04-12T14:31:57+00:00\",\"dateModified\":\"2024-04-12T14:32:00+00:00\",\"breadcrumb\":{\"@id\":\"https:\\\/\\\/diarioprincipios.com\\\/index.php\\\/2024\\\/04\\\/12\\\/ferraresi-reinauguro-una-plaza-en-barrio-azul\\\/#breadcrumb\"},\"inLanguage\":\"es\",\"potentialAction\":[{\"@type\":\"ReadAction\",\"target\":[\"https:\\\/\\\/diarioprincipios.com\\\/index.php\\\/2024\\\/04\\\/12\\\/ferraresi-reinauguro-una-plaza-en-barrio-azul\\\/\"]}]},{\"@type\":\"ImageObject\",\"inLanguage\":\"es\",\"@id\":\"https:\\\/\\\/diarioprincipios.com\\\/index.php\\\/2024\\\/04\\\/12\\\/ferraresi-reinauguro-una-plaza-en-barrio-azul\\\/#primaryimage\",\"url\":\"https:\\\/\\\/diarioprincipios.com\\\/wp-content\\\/uploads\\\/2024\\\/04\\\/434562403_971379477681454_8720696005431714847_n.jpg\",\"contentUrl\":\"https:\\\/\\\/diarioprincipios.com\\\/wp-content\\\/uploads\\\/2024\\\/04\\\/434562403_971379477681454_8720696005431714847_n.jpg\",\"width\":1600,\"height\":1064},{\"@type\":\"BreadcrumbList\",\"@id\":\"https:\\\/\\\/diarioprincipios.com\\\/index.php\\\/2024\\\/04\\\/12\\\/ferraresi-reinauguro-una-plaza-en-barrio-azul\\\/#breadcrumb\",\"itemListElement\":[{\"@type\":\"ListItem\",\"position\":1,\"name\":\"Portada\",\"item\":\"https:\\\/\\\/diarioprincipios.com\\\/\"},{\"@type\":\"ListItem\",\"position\":2,\"name\":\"Ferraresi reinaugur\u00f3 una plaza en Barrio Azul\"}]},{\"@type\":\"WebSite\",\"@id\":\"https:\\\/\\\/diarioprincipios.com\\\/#website\",\"url\":\"https:\\\/\\\/diarioprincipios.com\\\/\",\"name\":\"Principios\",\"description\":\"Principios Diario\",\"publisher\":{\"@id\":\"https:\\\/\\\/diarioprincipios.com\\\/#organization\"},\"potentialAction\":[{\"@type\":\"SearchAction\",\"target\":{\"@type\":\"EntryPoint\",\"urlTemplate\":\"https:\\\/\\\/diarioprincipios.com\\\/?s={search_term_string}\"},\"query-input\":{\"@type\":\"PropertyValueSpecification\",\"valueRequired\":true,\"valueName\":\"search_term_string\"}}],\"inLanguage\":\"es\"},{\"@type\":\"Organization\",\"@id\":\"https:\\\/\\\/diarioprincipios.com\\\/#organization\",\"name\":\"Principios\",\"url\":\"https:\\\/\\\/diarioprincipios.com\\\/\",\"logo\":{\"@type\":\"ImageObject\",\"inLanguage\":\"es\",\"@id\":\"https:\\\/\\\/diarioprincipios.com\\\/#\\\/schema\\\/logo\\\/image\\\/\",\"url\":\"https:\\\/\\\/diarioprincipios.com\\\/wp-content\\\/uploads\\\/2024\\\/04\\\/cropped-www.diarioprincipios.com_-1.png\",\"contentUrl\":\"https:\\\/\\\/diarioprincipios.com\\\/wp-content\\\/uploads\\\/2024\\\/04\\\/cropped-www.diarioprincipios.com_-1.png\",\"width\":5325,\"height\":1454,\"caption\":\"Principios\"},\"image\":{\"@id\":\"https:\\\/\\\/diarioprincipios.com\\\/#\\\/schema\\\/logo\\\/image\\\/\"}},{\"@type\":\"Person\",\"@id\":\"https:\\\/\\\/diarioprincipios.com\\\/#\\\/schema\\\/person\\\/436d5a1fd41a5e250e23ff5a6a7cb080\",\"name\":\"Hern\u00e1n L\u00f3pez\",\"image\":{\"@type\":\"ImageObject\",\"inLanguage\":\"es\",\"@id\":\"https:\\\/\\\/diarioprincipios.com\\\/wp-content\\\/litespeed\\\/avatar\\\/11ddfe5610ff3bd100522525b2571f48.jpg?ver=1777048341\",\"url\":\"https:\\\/\\\/diarioprincipios.com\\\/wp-content\\\/litespeed\\\/avatar\\\/11ddfe5610ff3bd100522525b2571f48.jpg?ver=1777048341\",\"contentUrl\":\"https:\\\/\\\/diarioprincipios.com\\\/wp-content\\\/litespeed\\\/avatar\\\/11ddfe5610ff3bd100522525b2571f48.jpg?ver=1777048341\",\"caption\":\"Hern\u00e1n L\u00f3pez\"},\"url\":\"https:\\\/\\\/diarioprincipios.com\\\/index.php\\\/author\\\/hernan\\\/\"}]}<\/script>\n<!-- \/ Yoast SEO plugin. -->","yoast_head_json":{"title":"Ferraresi reinaugur\u00f3 una plaza en Barrio Azul - Principios","robots":{"index":"index","follow":"follow","max-snippet":"max-snippet:-1","max-image-preview":"max-image-preview:large","max-video-preview":"max-video-preview:-1"},"canonical":"https:\/\/diarioprincipios.com\/index.php\/2024\/04\/12\/ferraresi-reinauguro-una-plaza-en-barrio-azul\/","og_locale":"es_ES","og_type":"article","og_title":"Ferraresi reinaugur\u00f3 una plaza en Barrio Azul - Principios","og_description":"El intendente y la jefa de Gabinete, Magdalena Sierra participaron tambi\u00e9n de la apertura de un almac\u00e9n cooperativo para el barrio. El jefe comunal de Avellaneda, Jorge Ferraresi, particip\u00f3 de la reinauguraci\u00f3n del parque bautizado por decisi\u00f3n vecinal como \u201cGuillermo Dami\u00e1n Noceto\u201d, en reconocimiento al dirigente y militante social que mucho trabaj\u00f3 y luch\u00f3 por...","og_url":"https:\/\/diarioprincipios.com\/index.php\/2024\/04\/12\/ferraresi-reinauguro-una-plaza-en-barrio-azul\/","og_site_name":"Principios","article_published_time":"2024-04-12T14:31:57+00:00","article_modified_time":"2024-04-12T14:32:00+00:00","og_image":[{"width":1600,"height":1064,"url":"https:\/\/diarioprincipios.com\/wp-content\/uploads\/2024\/04\/434562403_971379477681454_8720696005431714847_n.jpg","type":"image\/jpeg"}],"author":"Hern\u00e1n L\u00f3pez","twitter_card":"summary_large_image","twitter_misc":{"Escrito por":"Hern\u00e1n L\u00f3pez","Tiempo de lectura":"2 minutos"},"schema":{"@context":"https:\/\/schema.org","@graph":[{"@type":"Article","@id":"https:\/\/diarioprincipios.com\/index.php\/2024\/04\/12\/ferraresi-reinauguro-una-plaza-en-barrio-azul\/#article","isPartOf":{"@id":"https:\/\/diarioprincipios.com\/index.php\/2024\/04\/12\/ferraresi-reinauguro-una-plaza-en-barrio-azul\/"},"author":{"name":"Hern\u00e1n L\u00f3pez","@id":"https:\/\/diarioprincipios.com\/#\/schema\/person\/436d5a1fd41a5e250e23ff5a6a7cb080"},"headline":"Ferraresi reinaugur\u00f3 una plaza en Barrio Azul","datePublished":"2024-04-12T14:31:57+00:00","dateModified":"2024-04-12T14:32:00+00:00","mainEntityOfPage":{"@id":"https:\/\/diarioprincipios.com\/index.php\/2024\/04\/12\/ferraresi-reinauguro-una-plaza-en-barrio-azul\/"},"wordCount":138,"commentCount":0,"publisher":{"@id":"https:\/\/diarioprincipios.com\/#organization"},"image":{"@id":"https:\/\/diarioprincipios.com\/index.php\/2024\/04\/12\/ferraresi-reinauguro-una-plaza-en-barrio-azul\/#primaryimage"},"thumbnailUrl":"https:\/\/diarioprincipios.com\/wp-content\/uploads\/2024\/04\/434562403_971379477681454_8720696005431714847_n.jpg","articleSection":["Avellaneda","Zonar Sur"],"inLanguage":"es","potentialAction":[{"@type":"CommentAction","name":"Comment","target":["https:\/\/diarioprincipios.com\/index.php\/2024\/04\/12\/ferraresi-reinauguro-una-plaza-en-barrio-azul\/#respond"]}]},{"@type":"WebPage","@id":"https:\/\/diarioprincipios.com\/index.php\/2024\/04\/12\/ferraresi-reinauguro-una-plaza-en-barrio-azul\/","url":"https:\/\/diarioprincipios.com\/index.php\/2024\/04\/12\/ferraresi-reinauguro-una-plaza-en-barrio-azul\/","name":"Ferraresi reinaugur\u00f3 una plaza en Barrio Azul - Principios","isPartOf":{"@id":"https:\/\/diarioprincipios.com\/#website"},"primaryImageOfPage":{"@id":"https:\/\/diarioprincipios.com\/index.php\/2024\/04\/12\/ferraresi-reinauguro-una-plaza-en-barrio-azul\/#primaryimage"},"image":{"@id":"https:\/\/diarioprincipios.com\/index.php\/2024\/04\/12\/ferraresi-reinauguro-una-plaza-en-barrio-azul\/#primaryimage"},"thumbnailUrl":"https:\/\/diarioprincipios.com\/wp-content\/uploads\/2024\/04\/434562403_971379477681454_8720696005431714847_n.jpg","datePublished":"2024-04-12T14:31:57+00:00","dateModified":"2024-04-12T14:32:00+00:00","breadcrumb":{"@id":"https:\/\/diarioprincipios.com\/index.php\/2024\/04\/12\/ferraresi-reinauguro-una-plaza-en-barrio-azul\/#breadcrumb"},"inLanguage":"es","potentialAction":[{"@type":"ReadAction","target":["https:\/\/diarioprincipios.com\/index.php\/2024\/04\/12\/ferraresi-reinauguro-una-plaza-en-barrio-azul\/"]}]},{"@type":"ImageObject","inLanguage":"es","@id":"https:\/\/diarioprincipios.com\/index.php\/2024\/04\/12\/ferraresi-reinauguro-una-plaza-en-barrio-azul\/#primaryimage","url":"https:\/\/diarioprincipios.com\/wp-content\/uploads\/2024\/04\/434562403_971379477681454_8720696005431714847_n.jpg","contentUrl":"https:\/\/diarioprincipios.com\/wp-content\/uploads\/2024\/04\/434562403_971379477681454_8720696005431714847_n.jpg","width":1600,"height":1064},{"@type":"BreadcrumbList","@id":"https:\/\/diarioprincipios.com\/index.php\/2024\/04\/12\/ferraresi-reinauguro-una-plaza-en-barrio-azul\/#breadcrumb","itemListElement":[{"@type":"ListItem","position":1,"name":"Portada","item":"https:\/\/diarioprincipios.com\/"},{"@type":"ListItem","position":2,"name":"Ferraresi reinaugur\u00f3 una plaza en Barrio Azul"}]},{"@type":"WebSite","@id":"https:\/\/diarioprincipios.com\/#website","url":"https:\/\/diarioprincipios.com\/","name":"Principios","description":"Principios Diario","publisher":{"@id":"https:\/\/diarioprincipios.com\/#organization"},"potentialAction":[{"@type":"SearchAction","target":{"@type":"EntryPoint","urlTemplate":"https:\/\/diarioprincipios.com\/?s={search_term_string}"},"query-input":{"@type":"PropertyValueSpecification","valueRequired":true,"valueName":"search_term_string"}}],"inLanguage":"es"},{"@type":"Organization","@id":"https:\/\/diarioprincipios.com\/#organization","name":"Principios","url":"https:\/\/diarioprincipios.com\/","logo":{"@type":"ImageObject","inLanguage":"es","@id":"https:\/\/diarioprincipios.com\/#\/schema\/logo\/image\/","url":"https:\/\/diarioprincipios.com\/wp-content\/uploads\/2024\/04\/cropped-www.diarioprincipios.com_-1.png","contentUrl":"https:\/\/diarioprincipios.com\/wp-content\/uploads\/2024\/04\/cropped-www.diarioprincipios.com_-1.png","width":5325,"height":1454,"caption":"Principios"},"image":{"@id":"https:\/\/diarioprincipios.com\/#\/schema\/logo\/image\/"}},{"@type":"Person","@id":"https:\/\/diarioprincipios.com\/#\/schema\/person\/436d5a1fd41a5e250e23ff5a6a7cb080","name":"Hern\u00e1n L\u00f3pez","image":{"@type":"ImageObject","inLanguage":"es","@id":"https:\/\/diarioprincipios.com\/wp-content\/litespeed\/avatar\/11ddfe5610ff3bd100522525b2571f48.jpg?ver=1777048341","url":"https:\/\/diarioprincipios.com\/wp-content\/litespeed\/avatar\/11ddfe5610ff3bd100522525b2571f48.jpg?ver=1777048341","contentUrl":"https:\/\/diarioprincipios.com\/wp-content\/litespeed\/avatar\/11ddfe5610ff3bd100522525b2571f48.jpg?ver=1777048341","caption":"Hern\u00e1n L\u00f3pez"},"url":"https:\/\/diarioprincipios.com\/index.php\/author\/hernan\/"}]}},"jetpack_featured_media_url":"https:\/\/diarioprincipios.com\/wp-content\/uploads\/2024\/04\/434562403_971379477681454_8720696005431714847_n.jpg","_links":{"self":[{"href":"https:\/\/diarioprincipios.com\/index.php\/wp-json\/wp\/v2\/posts\/21485","targetHints":{"allow":["GET"]}}],"collection":[{"href":"https:\/\/diarioprincipios.com\/index.php\/wp-json\/wp\/v2\/posts"}],"about":[{"href":"https:\/\/diarioprincipios.com\/index.php\/wp-json\/wp\/v2\/types\/post"}],"author":[{"embeddable":true,"href":"https:\/\/diarioprincipios.com\/index.php\/wp-json\/wp\/v2\/users\/2"}],"replies":[{"embeddable":true,"href":"https:\/\/diarioprincipios.com\/index.php\/wp-json\/wp\/v2\/comments?post=21485"}],"version-history":[{"count":1,"href":"https:\/\/diarioprincipios.com\/index.php\/wp-json\/wp\/v2\/posts\/21485\/revisions"}],"predecessor-version":[{"id":21489,"href":"https:\/\/diarioprincipios.com\/index.php\/wp-json\/wp\/v2\/posts\/21485\/revisions\/21489"}],"wp:featuredmedia":[{"embeddable":true,"href":"https:\/\/diarioprincipios.com\/index.php\/wp-json\/wp\/v2\/media\/21488"}],"wp:attachment":[{"href":"https:\/\/diarioprincipios.com\/index.php\/wp-json\/wp\/v2\/media?parent=21485"}],"wp:term":[{"taxonomy":"category","embeddable":true,"href":"https:\/\/diarioprincipios.com\/index.php\/wp-json\/wp\/v2\/categories?post=21485"},{"taxonomy":"post_tag","embeddable":true,"href":"https:\/\/diarioprincipios.com\/index.php\/wp-json\/wp\/v2\/tags?post=21485"}],"curies":[{"name":"wp","href":"https:\/\/api.w.org\/{rel}","templated":true}]}}