{"id":21480,"date":"2024-04-12T11:23:09","date_gmt":"2024-04-12T14:23:09","guid":{"rendered":"http:\/\/diarioprincipios.com\/?p=21480"},"modified":"2024-04-12T11:23:12","modified_gmt":"2024-04-12T14:23:12","slug":"puesta-en-valor-del-microestadio-presidente-nestor-kirchner-ingresa-en-su-etapa-final","status":"publish","type":"post","link":"https:\/\/diarioprincipios.com\/index.php\/2024\/04\/12\/puesta-en-valor-del-microestadio-presidente-nestor-kirchner-ingresa-en-su-etapa-final\/","title":{"rendered":"Puesta en valor del Microestadio Presidente N\u00e9stor Kirchner ingresa en su etapa final"},"content":{"rendered":"\n<p>Desde la Secretar\u00eda de Desarrollo Urbano y Obra P\u00fablica local, a cargo de Ceci Soler, el microestadio est\u00e1 en un avance del 95 por ciento. En los \u00faltimos d\u00edas se realizaron trabajos el\u00e9ctricos adem\u00e1s de diversas tareas en la plaza de acceso y en el hall de entrada. A su vez, en la cancha multideporte, con el sellado e impermeabilizaci\u00f3n de sus tribunas, las labores han finalizado.<\/p>\n\n\n\n<figure class=\"wp-block-image size-full\"><img loading=\"lazy\" decoding=\"async\" width=\"567\" height=\"378\" src=\"https:\/\/diarioprincipios.com\/wp-content\/uploads\/2024\/04\/LA-OBRA-DE-PUESTA-EN-VALOR-DEL-MICROESTADIO-PRESIDENTE-NESTOR-KIRCHNER-INGRESA-EN-SU-ETAPA-FINAL-2.jpg\" alt=\"\" class=\"wp-image-21481\" srcset=\"https:\/\/diarioprincipios.com\/wp-content\/uploads\/2024\/04\/LA-OBRA-DE-PUESTA-EN-VALOR-DEL-MICROESTADIO-PRESIDENTE-NESTOR-KIRCHNER-INGRESA-EN-SU-ETAPA-FINAL-2.jpg 567w, https:\/\/diarioprincipios.com\/wp-content\/uploads\/2024\/04\/LA-OBRA-DE-PUESTA-EN-VALOR-DEL-MICROESTADIO-PRESIDENTE-NESTOR-KIRCHNER-INGRESA-EN-SU-ETAPA-FINAL-2-300x200.jpg 300w\" sizes=\"auto, (max-width: 567px) 100vw, 567px\" \/><\/figure>\n\n\n\n<p>En este marco, en el microestadio Presidente N\u00e9stor Kirchner se concretaron obras en los vestuarios locales (tambi\u00e9n en el sector visitante, bajo la tribuna), los anexos, la plaza de acceso principal al mismo, los desag\u00fces cloacales, entre otras acciones como la instalaci\u00f3n de bancos, cestos de residuos, luminarias LED, forestaci\u00f3n y parquizaci\u00f3n con plantas, 600m2 de c\u00e9sped y \u00e1rboles.<\/p>\n\n\n\n<figure class=\"wp-block-image size-full\"><img loading=\"lazy\" decoding=\"async\" width=\"567\" height=\"378\" src=\"https:\/\/diarioprincipios.com\/wp-content\/uploads\/2024\/04\/LA-OBRA-DE-PUESTA-EN-VALOR-DEL-MICROESTADIO-PRESIDENTE-NESTOR-KIRCHNER-INGRESA-EN-SU-ETAPA-FINAL-3.jpg\" alt=\"\" class=\"wp-image-21482\" srcset=\"https:\/\/diarioprincipios.com\/wp-content\/uploads\/2024\/04\/LA-OBRA-DE-PUESTA-EN-VALOR-DEL-MICROESTADIO-PRESIDENTE-NESTOR-KIRCHNER-INGRESA-EN-SU-ETAPA-FINAL-3.jpg 567w, https:\/\/diarioprincipios.com\/wp-content\/uploads\/2024\/04\/LA-OBRA-DE-PUESTA-EN-VALOR-DEL-MICROESTADIO-PRESIDENTE-NESTOR-KIRCHNER-INGRESA-EN-SU-ETAPA-FINAL-3-300x200.jpg 300w\" sizes=\"auto, (max-width: 567px) 100vw, 567px\" \/><\/figure>\n\n\n\n<p>Adem\u00e1s, el edificio va a contar con un hall de entrada con sectores de oficinas de trabajo, boleter\u00edas para la atenci\u00f3n de quienes asistan al lugar, una cafeter\u00eda en planta alta y otro espacio de oficinas para el personal del \u00e1rea de Deportes del Municipio.<\/p>\n","protected":false},"excerpt":{"rendered":"<p>Desde la Secretar\u00eda de Desarrollo Urbano y Obra P\u00fablica local, a cargo de Ceci Soler, el microestadio est\u00e1 en un avance del 95 por ciento. En los \u00faltimos d\u00edas se realizaron trabajos el\u00e9ctricos adem\u00e1s de diversas tareas en la plaza de acceso y en el hall de entrada. A su vez, en la cancha multideporte,&#8230;<\/p>\n","protected":false},"author":2,"featured_media":21483,"comment_status":"open","ping_status":"open","sticky":false,"template":"","format":"standard","meta":{"footnotes":""},"categories":[4,17],"tags":[],"class_list":["post-21480","post","type-post","status-publish","format-standard","has-post-thumbnail","hentry","category-quilmes","category-zona-sur"],"featured_image_src":"https:\/\/diarioprincipios.com\/wp-content\/uploads\/2024\/04\/LA-OBRA-DE-PUESTA-EN-VALOR-DEL-MICROESTADIO-PRESIDENTE-NESTOR-KIRCHNER-INGRESA-EN-SU-ETAPA-FINAL-1.jpg","blog_images":{"medium":"https:\/\/diarioprincipios.com\/wp-content\/uploads\/2024\/04\/LA-OBRA-DE-PUESTA-EN-VALOR-DEL-MICROESTADIO-PRESIDENTE-NESTOR-KIRCHNER-INGRESA-EN-SU-ETAPA-FINAL-1-300x200.jpg","large":"https:\/\/diarioprincipios.com\/wp-content\/uploads\/2024\/04\/LA-OBRA-DE-PUESTA-EN-VALOR-DEL-MICROESTADIO-PRESIDENTE-NESTOR-KIRCHNER-INGRESA-EN-SU-ETAPA-FINAL-1.jpg"},"ams_acf":[],"yoast_head":"<!-- This site is optimized with the Yoast SEO plugin v27.3 - https:\/\/yoast.com\/product\/yoast-seo-wordpress\/ -->\n<title>Puesta en valor del Microestadio Presidente N\u00e9stor Kirchner ingresa en su etapa final - Principios<\/title>\n<meta name=\"robots\" content=\"index, follow, max-snippet:-1, max-image-preview:large, max-video-preview:-1\" \/>\n<link rel=\"canonical\" href=\"https:\/\/diarioprincipios.com\/index.php\/2024\/04\/12\/puesta-en-valor-del-microestadio-presidente-nestor-kirchner-ingresa-en-su-etapa-final\/\" \/>\n<meta property=\"og:locale\" content=\"es_ES\" \/>\n<meta property=\"og:type\" content=\"article\" \/>\n<meta property=\"og:title\" content=\"Puesta en valor del Microestadio Presidente N\u00e9stor Kirchner ingresa en su etapa final - Principios\" \/>\n<meta property=\"og:description\" content=\"Desde la Secretar\u00eda de Desarrollo Urbano y Obra P\u00fablica local, a cargo de Ceci Soler, el microestadio est\u00e1 en un avance del 95 por ciento. En los \u00faltimos d\u00edas se realizaron trabajos el\u00e9ctricos adem\u00e1s de diversas tareas en la plaza de acceso y en el hall de entrada. A su vez, en la cancha multideporte,...\" \/>\n<meta property=\"og:url\" content=\"https:\/\/diarioprincipios.com\/index.php\/2024\/04\/12\/puesta-en-valor-del-microestadio-presidente-nestor-kirchner-ingresa-en-su-etapa-final\/\" \/>\n<meta property=\"og:site_name\" content=\"Principios\" \/>\n<meta property=\"article:published_time\" content=\"2024-04-12T14:23:09+00:00\" \/>\n<meta property=\"article:modified_time\" content=\"2024-04-12T14:23:12+00:00\" \/>\n<meta property=\"og:image\" content=\"https:\/\/diarioprincipios.com\/wp-content\/uploads\/2024\/04\/LA-OBRA-DE-PUESTA-EN-VALOR-DEL-MICROESTADIO-PRESIDENTE-NESTOR-KIRCHNER-INGRESA-EN-SU-ETAPA-FINAL-1.jpg\" \/>\n\t<meta property=\"og:image:width\" content=\"567\" \/>\n\t<meta property=\"og:image:height\" content=\"378\" \/>\n\t<meta property=\"og:image:type\" content=\"image\/jpeg\" \/>\n<meta name=\"author\" content=\"Hern\u00e1n L\u00f3pez\" \/>\n<meta name=\"twitter:card\" content=\"summary_large_image\" \/>\n<meta name=\"twitter:label1\" content=\"Escrito por\" \/>\n\t<meta name=\"twitter:data1\" content=\"Hern\u00e1n L\u00f3pez\" \/>\n\t<meta name=\"twitter:label2\" content=\"Tiempo de lectura\" \/>\n\t<meta name=\"twitter:data2\" content=\"2 minutos\" \/>\n<script type=\"application\/ld+json\" class=\"yoast-schema-graph\">{\"@context\":\"https:\\\/\\\/schema.org\",\"@graph\":[{\"@type\":\"Article\",\"@id\":\"https:\\\/\\\/diarioprincipios.com\\\/index.php\\\/2024\\\/04\\\/12\\\/puesta-en-valor-del-microestadio-presidente-nestor-kirchner-ingresa-en-su-etapa-final\\\/#article\",\"isPartOf\":{\"@id\":\"https:\\\/\\\/diarioprincipios.com\\\/index.php\\\/2024\\\/04\\\/12\\\/puesta-en-valor-del-microestadio-presidente-nestor-kirchner-ingresa-en-su-etapa-final\\\/\"},\"author\":{\"name\":\"Hern\u00e1n L\u00f3pez\",\"@id\":\"https:\\\/\\\/diarioprincipios.com\\\/#\\\/schema\\\/person\\\/436d5a1fd41a5e250e23ff5a6a7cb080\"},\"headline\":\"Puesta en valor del Microestadio Presidente N\u00e9stor Kirchner ingresa en su etapa final\",\"datePublished\":\"2024-04-12T14:23:09+00:00\",\"dateModified\":\"2024-04-12T14:23:12+00:00\",\"mainEntityOfPage\":{\"@id\":\"https:\\\/\\\/diarioprincipios.com\\\/index.php\\\/2024\\\/04\\\/12\\\/puesta-en-valor-del-microestadio-presidente-nestor-kirchner-ingresa-en-su-etapa-final\\\/\"},\"wordCount\":201,\"commentCount\":0,\"publisher\":{\"@id\":\"https:\\\/\\\/diarioprincipios.com\\\/#organization\"},\"image\":{\"@id\":\"https:\\\/\\\/diarioprincipios.com\\\/index.php\\\/2024\\\/04\\\/12\\\/puesta-en-valor-del-microestadio-presidente-nestor-kirchner-ingresa-en-su-etapa-final\\\/#primaryimage\"},\"thumbnailUrl\":\"https:\\\/\\\/diarioprincipios.com\\\/wp-content\\\/uploads\\\/2024\\\/04\\\/LA-OBRA-DE-PUESTA-EN-VALOR-DEL-MICROESTADIO-PRESIDENTE-NESTOR-KIRCHNER-INGRESA-EN-SU-ETAPA-FINAL-1.jpg\",\"articleSection\":[\"Quilmes\",\"Zonar Sur\"],\"inLanguage\":\"es\",\"potentialAction\":[{\"@type\":\"CommentAction\",\"name\":\"Comment\",\"target\":[\"https:\\\/\\\/diarioprincipios.com\\\/index.php\\\/2024\\\/04\\\/12\\\/puesta-en-valor-del-microestadio-presidente-nestor-kirchner-ingresa-en-su-etapa-final\\\/#respond\"]}]},{\"@type\":\"WebPage\",\"@id\":\"https:\\\/\\\/diarioprincipios.com\\\/index.php\\\/2024\\\/04\\\/12\\\/puesta-en-valor-del-microestadio-presidente-nestor-kirchner-ingresa-en-su-etapa-final\\\/\",\"url\":\"https:\\\/\\\/diarioprincipios.com\\\/index.php\\\/2024\\\/04\\\/12\\\/puesta-en-valor-del-microestadio-presidente-nestor-kirchner-ingresa-en-su-etapa-final\\\/\",\"name\":\"Puesta en valor del Microestadio Presidente N\u00e9stor Kirchner ingresa en su etapa final - Principios\",\"isPartOf\":{\"@id\":\"https:\\\/\\\/diarioprincipios.com\\\/#website\"},\"primaryImageOfPage\":{\"@id\":\"https:\\\/\\\/diarioprincipios.com\\\/index.php\\\/2024\\\/04\\\/12\\\/puesta-en-valor-del-microestadio-presidente-nestor-kirchner-ingresa-en-su-etapa-final\\\/#primaryimage\"},\"image\":{\"@id\":\"https:\\\/\\\/diarioprincipios.com\\\/index.php\\\/2024\\\/04\\\/12\\\/puesta-en-valor-del-microestadio-presidente-nestor-kirchner-ingresa-en-su-etapa-final\\\/#primaryimage\"},\"thumbnailUrl\":\"https:\\\/\\\/diarioprincipios.com\\\/wp-content\\\/uploads\\\/2024\\\/04\\\/LA-OBRA-DE-PUESTA-EN-VALOR-DEL-MICROESTADIO-PRESIDENTE-NESTOR-KIRCHNER-INGRESA-EN-SU-ETAPA-FINAL-1.jpg\",\"datePublished\":\"2024-04-12T14:23:09+00:00\",\"dateModified\":\"2024-04-12T14:23:12+00:00\",\"breadcrumb\":{\"@id\":\"https:\\\/\\\/diarioprincipios.com\\\/index.php\\\/2024\\\/04\\\/12\\\/puesta-en-valor-del-microestadio-presidente-nestor-kirchner-ingresa-en-su-etapa-final\\\/#breadcrumb\"},\"inLanguage\":\"es\",\"potentialAction\":[{\"@type\":\"ReadAction\",\"target\":[\"https:\\\/\\\/diarioprincipios.com\\\/index.php\\\/2024\\\/04\\\/12\\\/puesta-en-valor-del-microestadio-presidente-nestor-kirchner-ingresa-en-su-etapa-final\\\/\"]}]},{\"@type\":\"ImageObject\",\"inLanguage\":\"es\",\"@id\":\"https:\\\/\\\/diarioprincipios.com\\\/index.php\\\/2024\\\/04\\\/12\\\/puesta-en-valor-del-microestadio-presidente-nestor-kirchner-ingresa-en-su-etapa-final\\\/#primaryimage\",\"url\":\"https:\\\/\\\/diarioprincipios.com\\\/wp-content\\\/uploads\\\/2024\\\/04\\\/LA-OBRA-DE-PUESTA-EN-VALOR-DEL-MICROESTADIO-PRESIDENTE-NESTOR-KIRCHNER-INGRESA-EN-SU-ETAPA-FINAL-1.jpg\",\"contentUrl\":\"https:\\\/\\\/diarioprincipios.com\\\/wp-content\\\/uploads\\\/2024\\\/04\\\/LA-OBRA-DE-PUESTA-EN-VALOR-DEL-MICROESTADIO-PRESIDENTE-NESTOR-KIRCHNER-INGRESA-EN-SU-ETAPA-FINAL-1.jpg\",\"width\":567,\"height\":378},{\"@type\":\"BreadcrumbList\",\"@id\":\"https:\\\/\\\/diarioprincipios.com\\\/index.php\\\/2024\\\/04\\\/12\\\/puesta-en-valor-del-microestadio-presidente-nestor-kirchner-ingresa-en-su-etapa-final\\\/#breadcrumb\",\"itemListElement\":[{\"@type\":\"ListItem\",\"position\":1,\"name\":\"Portada\",\"item\":\"https:\\\/\\\/diarioprincipios.com\\\/\"},{\"@type\":\"ListItem\",\"position\":2,\"name\":\"Puesta en valor del Microestadio Presidente N\u00e9stor Kirchner ingresa en su etapa final\"}]},{\"@type\":\"WebSite\",\"@id\":\"https:\\\/\\\/diarioprincipios.com\\\/#website\",\"url\":\"https:\\\/\\\/diarioprincipios.com\\\/\",\"name\":\"Principios\",\"description\":\"Principios Diario\",\"publisher\":{\"@id\":\"https:\\\/\\\/diarioprincipios.com\\\/#organization\"},\"potentialAction\":[{\"@type\":\"SearchAction\",\"target\":{\"@type\":\"EntryPoint\",\"urlTemplate\":\"https:\\\/\\\/diarioprincipios.com\\\/?s={search_term_string}\"},\"query-input\":{\"@type\":\"PropertyValueSpecification\",\"valueRequired\":true,\"valueName\":\"search_term_string\"}}],\"inLanguage\":\"es\"},{\"@type\":\"Organization\",\"@id\":\"https:\\\/\\\/diarioprincipios.com\\\/#organization\",\"name\":\"Principios\",\"url\":\"https:\\\/\\\/diarioprincipios.com\\\/\",\"logo\":{\"@type\":\"ImageObject\",\"inLanguage\":\"es\",\"@id\":\"https:\\\/\\\/diarioprincipios.com\\\/#\\\/schema\\\/logo\\\/image\\\/\",\"url\":\"https:\\\/\\\/diarioprincipios.com\\\/wp-content\\\/uploads\\\/2024\\\/04\\\/cropped-www.diarioprincipios.com_-1.png\",\"contentUrl\":\"https:\\\/\\\/diarioprincipios.com\\\/wp-content\\\/uploads\\\/2024\\\/04\\\/cropped-www.diarioprincipios.com_-1.png\",\"width\":5325,\"height\":1454,\"caption\":\"Principios\"},\"image\":{\"@id\":\"https:\\\/\\\/diarioprincipios.com\\\/#\\\/schema\\\/logo\\\/image\\\/\"}},{\"@type\":\"Person\",\"@id\":\"https:\\\/\\\/diarioprincipios.com\\\/#\\\/schema\\\/person\\\/436d5a1fd41a5e250e23ff5a6a7cb080\",\"name\":\"Hern\u00e1n L\u00f3pez\",\"image\":{\"@type\":\"ImageObject\",\"inLanguage\":\"es\",\"@id\":\"https:\\\/\\\/diarioprincipios.com\\\/wp-content\\\/litespeed\\\/avatar\\\/11ddfe5610ff3bd100522525b2571f48.jpg?ver=1777048341\",\"url\":\"https:\\\/\\\/diarioprincipios.com\\\/wp-content\\\/litespeed\\\/avatar\\\/11ddfe5610ff3bd100522525b2571f48.jpg?ver=1777048341\",\"contentUrl\":\"https:\\\/\\\/diarioprincipios.com\\\/wp-content\\\/litespeed\\\/avatar\\\/11ddfe5610ff3bd100522525b2571f48.jpg?ver=1777048341\",\"caption\":\"Hern\u00e1n L\u00f3pez\"},\"url\":\"https:\\\/\\\/diarioprincipios.com\\\/index.php\\\/author\\\/hernan\\\/\"}]}<\/script>\n<!-- \/ Yoast SEO plugin. -->","yoast_head_json":{"title":"Puesta en valor del Microestadio Presidente N\u00e9stor Kirchner ingresa en su etapa final - Principios","robots":{"index":"index","follow":"follow","max-snippet":"max-snippet:-1","max-image-preview":"max-image-preview:large","max-video-preview":"max-video-preview:-1"},"canonical":"https:\/\/diarioprincipios.com\/index.php\/2024\/04\/12\/puesta-en-valor-del-microestadio-presidente-nestor-kirchner-ingresa-en-su-etapa-final\/","og_locale":"es_ES","og_type":"article","og_title":"Puesta en valor del Microestadio Presidente N\u00e9stor Kirchner ingresa en su etapa final - Principios","og_description":"Desde la Secretar\u00eda de Desarrollo Urbano y Obra P\u00fablica local, a cargo de Ceci Soler, el microestadio est\u00e1 en un avance del 95 por ciento. En los \u00faltimos d\u00edas se realizaron trabajos el\u00e9ctricos adem\u00e1s de diversas tareas en la plaza de acceso y en el hall de entrada. A su vez, en la cancha multideporte,...","og_url":"https:\/\/diarioprincipios.com\/index.php\/2024\/04\/12\/puesta-en-valor-del-microestadio-presidente-nestor-kirchner-ingresa-en-su-etapa-final\/","og_site_name":"Principios","article_published_time":"2024-04-12T14:23:09+00:00","article_modified_time":"2024-04-12T14:23:12+00:00","og_image":[{"width":567,"height":378,"url":"https:\/\/diarioprincipios.com\/wp-content\/uploads\/2024\/04\/LA-OBRA-DE-PUESTA-EN-VALOR-DEL-MICROESTADIO-PRESIDENTE-NESTOR-KIRCHNER-INGRESA-EN-SU-ETAPA-FINAL-1.jpg","type":"image\/jpeg"}],"author":"Hern\u00e1n L\u00f3pez","twitter_card":"summary_large_image","twitter_misc":{"Escrito por":"Hern\u00e1n L\u00f3pez","Tiempo de lectura":"2 minutos"},"schema":{"@context":"https:\/\/schema.org","@graph":[{"@type":"Article","@id":"https:\/\/diarioprincipios.com\/index.php\/2024\/04\/12\/puesta-en-valor-del-microestadio-presidente-nestor-kirchner-ingresa-en-su-etapa-final\/#article","isPartOf":{"@id":"https:\/\/diarioprincipios.com\/index.php\/2024\/04\/12\/puesta-en-valor-del-microestadio-presidente-nestor-kirchner-ingresa-en-su-etapa-final\/"},"author":{"name":"Hern\u00e1n L\u00f3pez","@id":"https:\/\/diarioprincipios.com\/#\/schema\/person\/436d5a1fd41a5e250e23ff5a6a7cb080"},"headline":"Puesta en valor del Microestadio Presidente N\u00e9stor Kirchner ingresa en su etapa final","datePublished":"2024-04-12T14:23:09+00:00","dateModified":"2024-04-12T14:23:12+00:00","mainEntityOfPage":{"@id":"https:\/\/diarioprincipios.com\/index.php\/2024\/04\/12\/puesta-en-valor-del-microestadio-presidente-nestor-kirchner-ingresa-en-su-etapa-final\/"},"wordCount":201,"commentCount":0,"publisher":{"@id":"https:\/\/diarioprincipios.com\/#organization"},"image":{"@id":"https:\/\/diarioprincipios.com\/index.php\/2024\/04\/12\/puesta-en-valor-del-microestadio-presidente-nestor-kirchner-ingresa-en-su-etapa-final\/#primaryimage"},"thumbnailUrl":"https:\/\/diarioprincipios.com\/wp-content\/uploads\/2024\/04\/LA-OBRA-DE-PUESTA-EN-VALOR-DEL-MICROESTADIO-PRESIDENTE-NESTOR-KIRCHNER-INGRESA-EN-SU-ETAPA-FINAL-1.jpg","articleSection":["Quilmes","Zonar Sur"],"inLanguage":"es","potentialAction":[{"@type":"CommentAction","name":"Comment","target":["https:\/\/diarioprincipios.com\/index.php\/2024\/04\/12\/puesta-en-valor-del-microestadio-presidente-nestor-kirchner-ingresa-en-su-etapa-final\/#respond"]}]},{"@type":"WebPage","@id":"https:\/\/diarioprincipios.com\/index.php\/2024\/04\/12\/puesta-en-valor-del-microestadio-presidente-nestor-kirchner-ingresa-en-su-etapa-final\/","url":"https:\/\/diarioprincipios.com\/index.php\/2024\/04\/12\/puesta-en-valor-del-microestadio-presidente-nestor-kirchner-ingresa-en-su-etapa-final\/","name":"Puesta en valor del Microestadio Presidente N\u00e9stor Kirchner ingresa en su etapa final - Principios","isPartOf":{"@id":"https:\/\/diarioprincipios.com\/#website"},"primaryImageOfPage":{"@id":"https:\/\/diarioprincipios.com\/index.php\/2024\/04\/12\/puesta-en-valor-del-microestadio-presidente-nestor-kirchner-ingresa-en-su-etapa-final\/#primaryimage"},"image":{"@id":"https:\/\/diarioprincipios.com\/index.php\/2024\/04\/12\/puesta-en-valor-del-microestadio-presidente-nestor-kirchner-ingresa-en-su-etapa-final\/#primaryimage"},"thumbnailUrl":"https:\/\/diarioprincipios.com\/wp-content\/uploads\/2024\/04\/LA-OBRA-DE-PUESTA-EN-VALOR-DEL-MICROESTADIO-PRESIDENTE-NESTOR-KIRCHNER-INGRESA-EN-SU-ETAPA-FINAL-1.jpg","datePublished":"2024-04-12T14:23:09+00:00","dateModified":"2024-04-12T14:23:12+00:00","breadcrumb":{"@id":"https:\/\/diarioprincipios.com\/index.php\/2024\/04\/12\/puesta-en-valor-del-microestadio-presidente-nestor-kirchner-ingresa-en-su-etapa-final\/#breadcrumb"},"inLanguage":"es","potentialAction":[{"@type":"ReadAction","target":["https:\/\/diarioprincipios.com\/index.php\/2024\/04\/12\/puesta-en-valor-del-microestadio-presidente-nestor-kirchner-ingresa-en-su-etapa-final\/"]}]},{"@type":"ImageObject","inLanguage":"es","@id":"https:\/\/diarioprincipios.com\/index.php\/2024\/04\/12\/puesta-en-valor-del-microestadio-presidente-nestor-kirchner-ingresa-en-su-etapa-final\/#primaryimage","url":"https:\/\/diarioprincipios.com\/wp-content\/uploads\/2024\/04\/LA-OBRA-DE-PUESTA-EN-VALOR-DEL-MICROESTADIO-PRESIDENTE-NESTOR-KIRCHNER-INGRESA-EN-SU-ETAPA-FINAL-1.jpg","contentUrl":"https:\/\/diarioprincipios.com\/wp-content\/uploads\/2024\/04\/LA-OBRA-DE-PUESTA-EN-VALOR-DEL-MICROESTADIO-PRESIDENTE-NESTOR-KIRCHNER-INGRESA-EN-SU-ETAPA-FINAL-1.jpg","width":567,"height":378},{"@type":"BreadcrumbList","@id":"https:\/\/diarioprincipios.com\/index.php\/2024\/04\/12\/puesta-en-valor-del-microestadio-presidente-nestor-kirchner-ingresa-en-su-etapa-final\/#breadcrumb","itemListElement":[{"@type":"ListItem","position":1,"name":"Portada","item":"https:\/\/diarioprincipios.com\/"},{"@type":"ListItem","position":2,"name":"Puesta en valor del Microestadio Presidente N\u00e9stor Kirchner ingresa en su etapa final"}]},{"@type":"WebSite","@id":"https:\/\/diarioprincipios.com\/#website","url":"https:\/\/diarioprincipios.com\/","name":"Principios","description":"Principios Diario","publisher":{"@id":"https:\/\/diarioprincipios.com\/#organization"},"potentialAction":[{"@type":"SearchAction","target":{"@type":"EntryPoint","urlTemplate":"https:\/\/diarioprincipios.com\/?s={search_term_string}"},"query-input":{"@type":"PropertyValueSpecification","valueRequired":true,"valueName":"search_term_string"}}],"inLanguage":"es"},{"@type":"Organization","@id":"https:\/\/diarioprincipios.com\/#organization","name":"Principios","url":"https:\/\/diarioprincipios.com\/","logo":{"@type":"ImageObject","inLanguage":"es","@id":"https:\/\/diarioprincipios.com\/#\/schema\/logo\/image\/","url":"https:\/\/diarioprincipios.com\/wp-content\/uploads\/2024\/04\/cropped-www.diarioprincipios.com_-1.png","contentUrl":"https:\/\/diarioprincipios.com\/wp-content\/uploads\/2024\/04\/cropped-www.diarioprincipios.com_-1.png","width":5325,"height":1454,"caption":"Principios"},"image":{"@id":"https:\/\/diarioprincipios.com\/#\/schema\/logo\/image\/"}},{"@type":"Person","@id":"https:\/\/diarioprincipios.com\/#\/schema\/person\/436d5a1fd41a5e250e23ff5a6a7cb080","name":"Hern\u00e1n L\u00f3pez","image":{"@type":"ImageObject","inLanguage":"es","@id":"https:\/\/diarioprincipios.com\/wp-content\/litespeed\/avatar\/11ddfe5610ff3bd100522525b2571f48.jpg?ver=1777048341","url":"https:\/\/diarioprincipios.com\/wp-content\/litespeed\/avatar\/11ddfe5610ff3bd100522525b2571f48.jpg?ver=1777048341","contentUrl":"https:\/\/diarioprincipios.com\/wp-content\/litespeed\/avatar\/11ddfe5610ff3bd100522525b2571f48.jpg?ver=1777048341","caption":"Hern\u00e1n L\u00f3pez"},"url":"https:\/\/diarioprincipios.com\/index.php\/author\/hernan\/"}]}},"jetpack_featured_media_url":"https:\/\/diarioprincipios.com\/wp-content\/uploads\/2024\/04\/LA-OBRA-DE-PUESTA-EN-VALOR-DEL-MICROESTADIO-PRESIDENTE-NESTOR-KIRCHNER-INGRESA-EN-SU-ETAPA-FINAL-1.jpg","_links":{"self":[{"href":"https:\/\/diarioprincipios.com\/index.php\/wp-json\/wp\/v2\/posts\/21480","targetHints":{"allow":["GET"]}}],"collection":[{"href":"https:\/\/diarioprincipios.com\/index.php\/wp-json\/wp\/v2\/posts"}],"about":[{"href":"https:\/\/diarioprincipios.com\/index.php\/wp-json\/wp\/v2\/types\/post"}],"author":[{"embeddable":true,"href":"https:\/\/diarioprincipios.com\/index.php\/wp-json\/wp\/v2\/users\/2"}],"replies":[{"embeddable":true,"href":"https:\/\/diarioprincipios.com\/index.php\/wp-json\/wp\/v2\/comments?post=21480"}],"version-history":[{"count":1,"href":"https:\/\/diarioprincipios.com\/index.php\/wp-json\/wp\/v2\/posts\/21480\/revisions"}],"predecessor-version":[{"id":21484,"href":"https:\/\/diarioprincipios.com\/index.php\/wp-json\/wp\/v2\/posts\/21480\/revisions\/21484"}],"wp:featuredmedia":[{"embeddable":true,"href":"https:\/\/diarioprincipios.com\/index.php\/wp-json\/wp\/v2\/media\/21483"}],"wp:attachment":[{"href":"https:\/\/diarioprincipios.com\/index.php\/wp-json\/wp\/v2\/media?parent=21480"}],"wp:term":[{"taxonomy":"category","embeddable":true,"href":"https:\/\/diarioprincipios.com\/index.php\/wp-json\/wp\/v2\/categories?post=21480"},{"taxonomy":"post_tag","embeddable":true,"href":"https:\/\/diarioprincipios.com\/index.php\/wp-json\/wp\/v2\/tags?post=21480"}],"curies":[{"name":"wp","href":"https:\/\/api.w.org\/{rel}","templated":true}]}}