{"id":21468,"date":"2024-04-11T12:07:11","date_gmt":"2024-04-11T15:07:11","guid":{"rendered":"http:\/\/diarioprincipios.com\/?p=21468"},"modified":"2024-04-11T12:07:14","modified_gmt":"2024-04-11T15:07:14","slug":"el-parque-industrial-platanos-festejo-su-20-aniversario","status":"publish","type":"post","link":"https:\/\/diarioprincipios.com\/index.php\/2024\/04\/11\/el-parque-industrial-platanos-festejo-su-20-aniversario\/","title":{"rendered":"El Parque Industrial Pl\u00e1tanos festej\u00f3 su 20\u00b0 Aniversario"},"content":{"rendered":"\n<p><strong>Se cumplieron 20 a\u00f1os de la inauguraci\u00f3n del Parque Industrial Pl\u00e1tanos (PIP). El intendente de Berazategui, Juan Jos\u00e9 Mussi, particip\u00f3 de la celebraci\u00f3n, junto a la subsecretaria bonaerense de Industria y Pymes, Mariela Bembi; y el presidente del PIP, Daniel Rosato.<\/strong><\/p>\n\n\n\n<p>El evento se realiz\u00f3 en el predio de la Papelera Rosato y cont\u00f3 con la asistencia de industriales, proveedores, cooperativistas, representantes del Parque e integrantes del Gabinete Municipal. Durante la celebraci\u00f3n, el Jefe Comunal, la Cooperativa Hormigas Podadoras y la Uni\u00f3n Industrial Berazategui (UIB) recibieron diferentes reconocimientos.<\/p>\n\n\n\n<figure class=\"wp-block-image size-large\"><img loading=\"lazy\" decoding=\"async\" width=\"1024\" height=\"683\" src=\"https:\/\/diarioprincipios.com\/wp-content\/uploads\/2024\/04\/EL-PARQUE-INDUSTRIAL-PLATANOS-FESTEJO-SU-20\u00b0-ANIVERSARIO-3-1024x683.jpg\" alt=\"\" class=\"wp-image-21469\" srcset=\"https:\/\/diarioprincipios.com\/wp-content\/uploads\/2024\/04\/EL-PARQUE-INDUSTRIAL-PLATANOS-FESTEJO-SU-20\u00b0-ANIVERSARIO-3-1024x683.jpg 1024w, https:\/\/diarioprincipios.com\/wp-content\/uploads\/2024\/04\/EL-PARQUE-INDUSTRIAL-PLATANOS-FESTEJO-SU-20\u00b0-ANIVERSARIO-3-300x200.jpg 300w, https:\/\/diarioprincipios.com\/wp-content\/uploads\/2024\/04\/EL-PARQUE-INDUSTRIAL-PLATANOS-FESTEJO-SU-20\u00b0-ANIVERSARIO-3-768x512.jpg 768w, https:\/\/diarioprincipios.com\/wp-content\/uploads\/2024\/04\/EL-PARQUE-INDUSTRIAL-PLATANOS-FESTEJO-SU-20\u00b0-ANIVERSARIO-3-1536x1024.jpg 1536w, https:\/\/diarioprincipios.com\/wp-content\/uploads\/2024\/04\/EL-PARQUE-INDUSTRIAL-PLATANOS-FESTEJO-SU-20\u00b0-ANIVERSARIO-3-600x400.jpg 600w, https:\/\/diarioprincipios.com\/wp-content\/uploads\/2024\/04\/EL-PARQUE-INDUSTRIAL-PLATANOS-FESTEJO-SU-20\u00b0-ANIVERSARIO-3.jpg 1920w\" sizes=\"auto, (max-width: 1024px) 100vw, 1024px\" \/><\/figure>\n\n\n\n<p>\u201cCada vez nos emocionamos m\u00e1s con estas cosas, porque recordamos todo el recorrido que hicimos unidos. En el medio, hubo un mont\u00f3n de cosas que tuvimos que sortear, pero la uni\u00f3n con los industriales fue clave. Quiero que los j\u00f3venes sigan este ejemplo y que tengan en cuenta que no hay salida posible sin trabajo. No quiero m\u00e1s planes; quiero que la gente viva producto de su esfuerzo\u201d, destac\u00f3 Mussi. Y agreg\u00f3: \u201cAgradezco la presencia de la Provincia. Estoy convencido de que el gobernador Axel Kicillof no le va a soltar las manos a las pymes, porque sabe que la \u00fanica salida es a trav\u00e9s de estas industrias\u201d.<\/p>\n\n\n\n<figure class=\"wp-block-image size-large\"><img loading=\"lazy\" decoding=\"async\" width=\"1024\" height=\"683\" src=\"https:\/\/diarioprincipios.com\/wp-content\/uploads\/2024\/04\/EL-PARQUE-INDUSTRIAL-PLATANOS-FESTEJO-SU-20\u00b0-ANIVERSARIO-4-1024x683.jpg\" alt=\"\" class=\"wp-image-21470\" srcset=\"https:\/\/diarioprincipios.com\/wp-content\/uploads\/2024\/04\/EL-PARQUE-INDUSTRIAL-PLATANOS-FESTEJO-SU-20\u00b0-ANIVERSARIO-4-1024x683.jpg 1024w, https:\/\/diarioprincipios.com\/wp-content\/uploads\/2024\/04\/EL-PARQUE-INDUSTRIAL-PLATANOS-FESTEJO-SU-20\u00b0-ANIVERSARIO-4-300x200.jpg 300w, https:\/\/diarioprincipios.com\/wp-content\/uploads\/2024\/04\/EL-PARQUE-INDUSTRIAL-PLATANOS-FESTEJO-SU-20\u00b0-ANIVERSARIO-4-768x512.jpg 768w, https:\/\/diarioprincipios.com\/wp-content\/uploads\/2024\/04\/EL-PARQUE-INDUSTRIAL-PLATANOS-FESTEJO-SU-20\u00b0-ANIVERSARIO-4-1536x1025.jpg 1536w, https:\/\/diarioprincipios.com\/wp-content\/uploads\/2024\/04\/EL-PARQUE-INDUSTRIAL-PLATANOS-FESTEJO-SU-20\u00b0-ANIVERSARIO-4-600x400.jpg 600w, https:\/\/diarioprincipios.com\/wp-content\/uploads\/2024\/04\/EL-PARQUE-INDUSTRIAL-PLATANOS-FESTEJO-SU-20\u00b0-ANIVERSARIO-4.jpg 1920w\" sizes=\"auto, (max-width: 1024px) 100vw, 1024px\" \/><\/figure>\n\n\n\n<p>Por su parte, Mariela Bembi expres\u00f3: \u201cEn estos cuatro a\u00f1os hemos trabajado con muchos municipios de todo el territorio bonaerense. El gobernador Kicillof hizo hincapi\u00e9 en que el modelo para la Provincia debe tener a la producci\u00f3n, el trabajo, los parques industriales y las pymes en el centro de cualquier pol\u00edtica de crecimiento\u201d.<\/p>\n\n\n\n<p>Finalmente, Rosato declar\u00f3:\u201d La historia del PIP se resume en la uni\u00f3n de los industriales con el Municipio de Berazategui, en un momento muy dif\u00edcil del pa\u00eds, en el que cerraban empresas o se iban al exterior. La confianza mutua que generamos es un ejemplo a nivel municipal, provincial y nacional. A partir de este lugar, logramos que el distrito tenga 13 parques industriales\u201d<\/p>\n\n\n\n<figure class=\"wp-block-image size-large\"><img loading=\"lazy\" decoding=\"async\" width=\"1024\" height=\"683\" src=\"https:\/\/diarioprincipios.com\/wp-content\/uploads\/2024\/04\/EL-PARQUE-INDUSTRIAL-PLATANOS-FESTEJO-SU-20\u00b0-ANIVERSARIO-1-1024x683.jpg\" alt=\"\" class=\"wp-image-21471\" srcset=\"https:\/\/diarioprincipios.com\/wp-content\/uploads\/2024\/04\/EL-PARQUE-INDUSTRIAL-PLATANOS-FESTEJO-SU-20\u00b0-ANIVERSARIO-1-1024x683.jpg 1024w, https:\/\/diarioprincipios.com\/wp-content\/uploads\/2024\/04\/EL-PARQUE-INDUSTRIAL-PLATANOS-FESTEJO-SU-20\u00b0-ANIVERSARIO-1-300x200.jpg 300w, https:\/\/diarioprincipios.com\/wp-content\/uploads\/2024\/04\/EL-PARQUE-INDUSTRIAL-PLATANOS-FESTEJO-SU-20\u00b0-ANIVERSARIO-1-768x512.jpg 768w, https:\/\/diarioprincipios.com\/wp-content\/uploads\/2024\/04\/EL-PARQUE-INDUSTRIAL-PLATANOS-FESTEJO-SU-20\u00b0-ANIVERSARIO-1-1536x1024.jpg 1536w, https:\/\/diarioprincipios.com\/wp-content\/uploads\/2024\/04\/EL-PARQUE-INDUSTRIAL-PLATANOS-FESTEJO-SU-20\u00b0-ANIVERSARIO-1-600x400.jpg 600w, https:\/\/diarioprincipios.com\/wp-content\/uploads\/2024\/04\/EL-PARQUE-INDUSTRIAL-PLATANOS-FESTEJO-SU-20\u00b0-ANIVERSARIO-1.jpg 1920w\" sizes=\"auto, (max-width: 1024px) 100vw, 1024px\" \/><\/figure>\n\n\n\n<p>El Parque fue inaugurado el 31 de marzo de 2004, con nueve empresas funcionando. Actualmente, suman un total de 56 f\u00e1bricas. El 39% de las industrias radicadas corresponde al sector metal\u00fargico; el 15% al del cuero\/caucho; el 13% al del papel y cart\u00f3n; y el resto, al qu\u00edmico, de alimentaci\u00f3n, vidrio y textil. Este espacio gener\u00f3 m\u00e1s de 1400 puestos de empleo directo. Un 45% de las empresas que lo integran concretaron exportaciones en los \u00faltimos tres a\u00f1os y los productos han llegado a 24 pa\u00edses. El 40% de estas industrias compra su materia prima, insumos y repuestos en Berazategui.<\/p>\n\n\n\n<p>El jueves 4 de abril, el Honorable Concejo Deliberante de Berazategui (HCD) sancion\u00f3 la Ordenanza Municipal N\u00b0 6504 que declara al 31 de Marzo (fecha inaugural del PIP) como el D\u00eda de los Parques Industriales de Berazategui. El Parque Industrial Berazategui es uno de los 13 Parques y Miniparques industriales y tecnol\u00f3gicos que funcionan en el distrito, gracias a la decisi\u00f3n pol\u00edtica firme del intendente Mussi de impulsar el desarrollo productivo y crecimiento de la ciudad.<\/p>\n","protected":false},"excerpt":{"rendered":"<p>Se cumplieron 20 a\u00f1os de la inauguraci\u00f3n del Parque Industrial Pl\u00e1tanos (PIP). El intendente de Berazategui, Juan Jos\u00e9 Mussi, particip\u00f3 de la celebraci\u00f3n, junto a la subsecretaria bonaerense de Industria y Pymes, Mariela Bembi; y el presidente del PIP, Daniel Rosato. El evento se realiz\u00f3 en el predio de la Papelera Rosato y cont\u00f3 con&#8230;<\/p>\n","protected":false},"author":2,"featured_media":21472,"comment_status":"open","ping_status":"open","sticky":false,"template":"","format":"standard","meta":{"footnotes":""},"categories":[3,18],"tags":[],"class_list":["post-21468","post","type-post","status-publish","format-standard","has-post-thumbnail","hentry","category-berazategui","category-comercio-industria"],"featured_image_src":"https:\/\/diarioprincipios.com\/wp-content\/uploads\/2024\/04\/EL-PARQUE-INDUSTRIAL-PLATANOS-FESTEJO-SU-20\u00b0-ANIVERSARIO-2-1024x683.jpg","blog_images":{"medium":"https:\/\/diarioprincipios.com\/wp-content\/uploads\/2024\/04\/EL-PARQUE-INDUSTRIAL-PLATANOS-FESTEJO-SU-20\u00b0-ANIVERSARIO-2-300x200.jpg","large":"https:\/\/diarioprincipios.com\/wp-content\/uploads\/2024\/04\/EL-PARQUE-INDUSTRIAL-PLATANOS-FESTEJO-SU-20\u00b0-ANIVERSARIO-2-1024x683.jpg"},"ams_acf":[],"yoast_head":"<!-- This site is optimized with the Yoast SEO plugin v27.3 - https:\/\/yoast.com\/product\/yoast-seo-wordpress\/ -->\n<title>El Parque Industrial Pl\u00e1tanos festej\u00f3 su 20\u00b0 Aniversario - Principios<\/title>\n<meta name=\"robots\" content=\"index, follow, max-snippet:-1, max-image-preview:large, max-video-preview:-1\" \/>\n<link rel=\"canonical\" href=\"https:\/\/diarioprincipios.com\/index.php\/2024\/04\/11\/el-parque-industrial-platanos-festejo-su-20-aniversario\/\" \/>\n<meta property=\"og:locale\" content=\"es_ES\" \/>\n<meta property=\"og:type\" content=\"article\" \/>\n<meta property=\"og:title\" content=\"El Parque Industrial Pl\u00e1tanos festej\u00f3 su 20\u00b0 Aniversario - Principios\" \/>\n<meta property=\"og:description\" content=\"Se cumplieron 20 a\u00f1os de la inauguraci\u00f3n del Parque Industrial Pl\u00e1tanos (PIP). El intendente de Berazategui, Juan Jos\u00e9 Mussi, particip\u00f3 de la celebraci\u00f3n, junto a la subsecretaria bonaerense de Industria y Pymes, Mariela Bembi; y el presidente del PIP, Daniel Rosato. El evento se realiz\u00f3 en el predio de la Papelera Rosato y cont\u00f3 con...\" \/>\n<meta property=\"og:url\" content=\"https:\/\/diarioprincipios.com\/index.php\/2024\/04\/11\/el-parque-industrial-platanos-festejo-su-20-aniversario\/\" \/>\n<meta property=\"og:site_name\" content=\"Principios\" \/>\n<meta property=\"article:published_time\" content=\"2024-04-11T15:07:11+00:00\" \/>\n<meta property=\"article:modified_time\" content=\"2024-04-11T15:07:14+00:00\" \/>\n<meta property=\"og:image\" content=\"https:\/\/diarioprincipios.com\/wp-content\/uploads\/2024\/04\/EL-PARQUE-INDUSTRIAL-PLATANOS-FESTEJO-SU-20\u00b0-ANIVERSARIO-2.jpg\" \/>\n\t<meta property=\"og:image:width\" content=\"1920\" \/>\n\t<meta property=\"og:image:height\" content=\"1280\" \/>\n\t<meta property=\"og:image:type\" content=\"image\/jpeg\" \/>\n<meta name=\"author\" content=\"Hern\u00e1n L\u00f3pez\" \/>\n<meta name=\"twitter:card\" content=\"summary_large_image\" \/>\n<meta name=\"twitter:label1\" content=\"Escrito por\" \/>\n\t<meta name=\"twitter:data1\" content=\"Hern\u00e1n L\u00f3pez\" \/>\n\t<meta name=\"twitter:label2\" content=\"Tiempo de lectura\" \/>\n\t<meta name=\"twitter:data2\" content=\"4 minutos\" \/>\n<script type=\"application\/ld+json\" class=\"yoast-schema-graph\">{\"@context\":\"https:\\\/\\\/schema.org\",\"@graph\":[{\"@type\":\"Article\",\"@id\":\"https:\\\/\\\/diarioprincipios.com\\\/index.php\\\/2024\\\/04\\\/11\\\/el-parque-industrial-platanos-festejo-su-20-aniversario\\\/#article\",\"isPartOf\":{\"@id\":\"https:\\\/\\\/diarioprincipios.com\\\/index.php\\\/2024\\\/04\\\/11\\\/el-parque-industrial-platanos-festejo-su-20-aniversario\\\/\"},\"author\":{\"name\":\"Hern\u00e1n L\u00f3pez\",\"@id\":\"https:\\\/\\\/diarioprincipios.com\\\/#\\\/schema\\\/person\\\/436d5a1fd41a5e250e23ff5a6a7cb080\"},\"headline\":\"El Parque Industrial Pl\u00e1tanos festej\u00f3 su 20\u00b0 Aniversario\",\"datePublished\":\"2024-04-11T15:07:11+00:00\",\"dateModified\":\"2024-04-11T15:07:14+00:00\",\"mainEntityOfPage\":{\"@id\":\"https:\\\/\\\/diarioprincipios.com\\\/index.php\\\/2024\\\/04\\\/11\\\/el-parque-industrial-platanos-festejo-su-20-aniversario\\\/\"},\"wordCount\":512,\"commentCount\":0,\"publisher\":{\"@id\":\"https:\\\/\\\/diarioprincipios.com\\\/#organization\"},\"image\":{\"@id\":\"https:\\\/\\\/diarioprincipios.com\\\/index.php\\\/2024\\\/04\\\/11\\\/el-parque-industrial-platanos-festejo-su-20-aniversario\\\/#primaryimage\"},\"thumbnailUrl\":\"https:\\\/\\\/diarioprincipios.com\\\/wp-content\\\/uploads\\\/2024\\\/04\\\/EL-PARQUE-INDUSTRIAL-PLATANOS-FESTEJO-SU-20\u00b0-ANIVERSARIO-2.jpg\",\"articleSection\":[\"Berazategui\",\"Comercio e Industria\"],\"inLanguage\":\"es\",\"potentialAction\":[{\"@type\":\"CommentAction\",\"name\":\"Comment\",\"target\":[\"https:\\\/\\\/diarioprincipios.com\\\/index.php\\\/2024\\\/04\\\/11\\\/el-parque-industrial-platanos-festejo-su-20-aniversario\\\/#respond\"]}]},{\"@type\":\"WebPage\",\"@id\":\"https:\\\/\\\/diarioprincipios.com\\\/index.php\\\/2024\\\/04\\\/11\\\/el-parque-industrial-platanos-festejo-su-20-aniversario\\\/\",\"url\":\"https:\\\/\\\/diarioprincipios.com\\\/index.php\\\/2024\\\/04\\\/11\\\/el-parque-industrial-platanos-festejo-su-20-aniversario\\\/\",\"name\":\"El Parque Industrial Pl\u00e1tanos festej\u00f3 su 20\u00b0 Aniversario - Principios\",\"isPartOf\":{\"@id\":\"https:\\\/\\\/diarioprincipios.com\\\/#website\"},\"primaryImageOfPage\":{\"@id\":\"https:\\\/\\\/diarioprincipios.com\\\/index.php\\\/2024\\\/04\\\/11\\\/el-parque-industrial-platanos-festejo-su-20-aniversario\\\/#primaryimage\"},\"image\":{\"@id\":\"https:\\\/\\\/diarioprincipios.com\\\/index.php\\\/2024\\\/04\\\/11\\\/el-parque-industrial-platanos-festejo-su-20-aniversario\\\/#primaryimage\"},\"thumbnailUrl\":\"https:\\\/\\\/diarioprincipios.com\\\/wp-content\\\/uploads\\\/2024\\\/04\\\/EL-PARQUE-INDUSTRIAL-PLATANOS-FESTEJO-SU-20\u00b0-ANIVERSARIO-2.jpg\",\"datePublished\":\"2024-04-11T15:07:11+00:00\",\"dateModified\":\"2024-04-11T15:07:14+00:00\",\"breadcrumb\":{\"@id\":\"https:\\\/\\\/diarioprincipios.com\\\/index.php\\\/2024\\\/04\\\/11\\\/el-parque-industrial-platanos-festejo-su-20-aniversario\\\/#breadcrumb\"},\"inLanguage\":\"es\",\"potentialAction\":[{\"@type\":\"ReadAction\",\"target\":[\"https:\\\/\\\/diarioprincipios.com\\\/index.php\\\/2024\\\/04\\\/11\\\/el-parque-industrial-platanos-festejo-su-20-aniversario\\\/\"]}]},{\"@type\":\"ImageObject\",\"inLanguage\":\"es\",\"@id\":\"https:\\\/\\\/diarioprincipios.com\\\/index.php\\\/2024\\\/04\\\/11\\\/el-parque-industrial-platanos-festejo-su-20-aniversario\\\/#primaryimage\",\"url\":\"https:\\\/\\\/diarioprincipios.com\\\/wp-content\\\/uploads\\\/2024\\\/04\\\/EL-PARQUE-INDUSTRIAL-PLATANOS-FESTEJO-SU-20\u00b0-ANIVERSARIO-2.jpg\",\"contentUrl\":\"https:\\\/\\\/diarioprincipios.com\\\/wp-content\\\/uploads\\\/2024\\\/04\\\/EL-PARQUE-INDUSTRIAL-PLATANOS-FESTEJO-SU-20\u00b0-ANIVERSARIO-2.jpg\",\"width\":1920,\"height\":1280},{\"@type\":\"BreadcrumbList\",\"@id\":\"https:\\\/\\\/diarioprincipios.com\\\/index.php\\\/2024\\\/04\\\/11\\\/el-parque-industrial-platanos-festejo-su-20-aniversario\\\/#breadcrumb\",\"itemListElement\":[{\"@type\":\"ListItem\",\"position\":1,\"name\":\"Portada\",\"item\":\"https:\\\/\\\/diarioprincipios.com\\\/\"},{\"@type\":\"ListItem\",\"position\":2,\"name\":\"El Parque Industrial Pl\u00e1tanos festej\u00f3 su 20\u00b0 Aniversario\"}]},{\"@type\":\"WebSite\",\"@id\":\"https:\\\/\\\/diarioprincipios.com\\\/#website\",\"url\":\"https:\\\/\\\/diarioprincipios.com\\\/\",\"name\":\"Principios\",\"description\":\"Principios Diario\",\"publisher\":{\"@id\":\"https:\\\/\\\/diarioprincipios.com\\\/#organization\"},\"potentialAction\":[{\"@type\":\"SearchAction\",\"target\":{\"@type\":\"EntryPoint\",\"urlTemplate\":\"https:\\\/\\\/diarioprincipios.com\\\/?s={search_term_string}\"},\"query-input\":{\"@type\":\"PropertyValueSpecification\",\"valueRequired\":true,\"valueName\":\"search_term_string\"}}],\"inLanguage\":\"es\"},{\"@type\":\"Organization\",\"@id\":\"https:\\\/\\\/diarioprincipios.com\\\/#organization\",\"name\":\"Principios\",\"url\":\"https:\\\/\\\/diarioprincipios.com\\\/\",\"logo\":{\"@type\":\"ImageObject\",\"inLanguage\":\"es\",\"@id\":\"https:\\\/\\\/diarioprincipios.com\\\/#\\\/schema\\\/logo\\\/image\\\/\",\"url\":\"https:\\\/\\\/diarioprincipios.com\\\/wp-content\\\/uploads\\\/2024\\\/04\\\/cropped-www.diarioprincipios.com_-1.png\",\"contentUrl\":\"https:\\\/\\\/diarioprincipios.com\\\/wp-content\\\/uploads\\\/2024\\\/04\\\/cropped-www.diarioprincipios.com_-1.png\",\"width\":5325,\"height\":1454,\"caption\":\"Principios\"},\"image\":{\"@id\":\"https:\\\/\\\/diarioprincipios.com\\\/#\\\/schema\\\/logo\\\/image\\\/\"}},{\"@type\":\"Person\",\"@id\":\"https:\\\/\\\/diarioprincipios.com\\\/#\\\/schema\\\/person\\\/436d5a1fd41a5e250e23ff5a6a7cb080\",\"name\":\"Hern\u00e1n L\u00f3pez\",\"image\":{\"@type\":\"ImageObject\",\"inLanguage\":\"es\",\"@id\":\"https:\\\/\\\/diarioprincipios.com\\\/wp-content\\\/litespeed\\\/avatar\\\/11ddfe5610ff3bd100522525b2571f48.jpg?ver=1777048341\",\"url\":\"https:\\\/\\\/diarioprincipios.com\\\/wp-content\\\/litespeed\\\/avatar\\\/11ddfe5610ff3bd100522525b2571f48.jpg?ver=1777048341\",\"contentUrl\":\"https:\\\/\\\/diarioprincipios.com\\\/wp-content\\\/litespeed\\\/avatar\\\/11ddfe5610ff3bd100522525b2571f48.jpg?ver=1777048341\",\"caption\":\"Hern\u00e1n L\u00f3pez\"},\"url\":\"https:\\\/\\\/diarioprincipios.com\\\/index.php\\\/author\\\/hernan\\\/\"}]}<\/script>\n<!-- \/ Yoast SEO plugin. -->","yoast_head_json":{"title":"El Parque Industrial Pl\u00e1tanos festej\u00f3 su 20\u00b0 Aniversario - Principios","robots":{"index":"index","follow":"follow","max-snippet":"max-snippet:-1","max-image-preview":"max-image-preview:large","max-video-preview":"max-video-preview:-1"},"canonical":"https:\/\/diarioprincipios.com\/index.php\/2024\/04\/11\/el-parque-industrial-platanos-festejo-su-20-aniversario\/","og_locale":"es_ES","og_type":"article","og_title":"El Parque Industrial Pl\u00e1tanos festej\u00f3 su 20\u00b0 Aniversario - Principios","og_description":"Se cumplieron 20 a\u00f1os de la inauguraci\u00f3n del Parque Industrial Pl\u00e1tanos (PIP). El intendente de Berazategui, Juan Jos\u00e9 Mussi, particip\u00f3 de la celebraci\u00f3n, junto a la subsecretaria bonaerense de Industria y Pymes, Mariela Bembi; y el presidente del PIP, Daniel Rosato. El evento se realiz\u00f3 en el predio de la Papelera Rosato y cont\u00f3 con...","og_url":"https:\/\/diarioprincipios.com\/index.php\/2024\/04\/11\/el-parque-industrial-platanos-festejo-su-20-aniversario\/","og_site_name":"Principios","article_published_time":"2024-04-11T15:07:11+00:00","article_modified_time":"2024-04-11T15:07:14+00:00","og_image":[{"width":1920,"height":1280,"url":"https:\/\/diarioprincipios.com\/wp-content\/uploads\/2024\/04\/EL-PARQUE-INDUSTRIAL-PLATANOS-FESTEJO-SU-20\u00b0-ANIVERSARIO-2.jpg","type":"image\/jpeg"}],"author":"Hern\u00e1n L\u00f3pez","twitter_card":"summary_large_image","twitter_misc":{"Escrito por":"Hern\u00e1n L\u00f3pez","Tiempo de lectura":"4 minutos"},"schema":{"@context":"https:\/\/schema.org","@graph":[{"@type":"Article","@id":"https:\/\/diarioprincipios.com\/index.php\/2024\/04\/11\/el-parque-industrial-platanos-festejo-su-20-aniversario\/#article","isPartOf":{"@id":"https:\/\/diarioprincipios.com\/index.php\/2024\/04\/11\/el-parque-industrial-platanos-festejo-su-20-aniversario\/"},"author":{"name":"Hern\u00e1n L\u00f3pez","@id":"https:\/\/diarioprincipios.com\/#\/schema\/person\/436d5a1fd41a5e250e23ff5a6a7cb080"},"headline":"El Parque Industrial Pl\u00e1tanos festej\u00f3 su 20\u00b0 Aniversario","datePublished":"2024-04-11T15:07:11+00:00","dateModified":"2024-04-11T15:07:14+00:00","mainEntityOfPage":{"@id":"https:\/\/diarioprincipios.com\/index.php\/2024\/04\/11\/el-parque-industrial-platanos-festejo-su-20-aniversario\/"},"wordCount":512,"commentCount":0,"publisher":{"@id":"https:\/\/diarioprincipios.com\/#organization"},"image":{"@id":"https:\/\/diarioprincipios.com\/index.php\/2024\/04\/11\/el-parque-industrial-platanos-festejo-su-20-aniversario\/#primaryimage"},"thumbnailUrl":"https:\/\/diarioprincipios.com\/wp-content\/uploads\/2024\/04\/EL-PARQUE-INDUSTRIAL-PLATANOS-FESTEJO-SU-20\u00b0-ANIVERSARIO-2.jpg","articleSection":["Berazategui","Comercio e Industria"],"inLanguage":"es","potentialAction":[{"@type":"CommentAction","name":"Comment","target":["https:\/\/diarioprincipios.com\/index.php\/2024\/04\/11\/el-parque-industrial-platanos-festejo-su-20-aniversario\/#respond"]}]},{"@type":"WebPage","@id":"https:\/\/diarioprincipios.com\/index.php\/2024\/04\/11\/el-parque-industrial-platanos-festejo-su-20-aniversario\/","url":"https:\/\/diarioprincipios.com\/index.php\/2024\/04\/11\/el-parque-industrial-platanos-festejo-su-20-aniversario\/","name":"El Parque Industrial Pl\u00e1tanos festej\u00f3 su 20\u00b0 Aniversario - Principios","isPartOf":{"@id":"https:\/\/diarioprincipios.com\/#website"},"primaryImageOfPage":{"@id":"https:\/\/diarioprincipios.com\/index.php\/2024\/04\/11\/el-parque-industrial-platanos-festejo-su-20-aniversario\/#primaryimage"},"image":{"@id":"https:\/\/diarioprincipios.com\/index.php\/2024\/04\/11\/el-parque-industrial-platanos-festejo-su-20-aniversario\/#primaryimage"},"thumbnailUrl":"https:\/\/diarioprincipios.com\/wp-content\/uploads\/2024\/04\/EL-PARQUE-INDUSTRIAL-PLATANOS-FESTEJO-SU-20\u00b0-ANIVERSARIO-2.jpg","datePublished":"2024-04-11T15:07:11+00:00","dateModified":"2024-04-11T15:07:14+00:00","breadcrumb":{"@id":"https:\/\/diarioprincipios.com\/index.php\/2024\/04\/11\/el-parque-industrial-platanos-festejo-su-20-aniversario\/#breadcrumb"},"inLanguage":"es","potentialAction":[{"@type":"ReadAction","target":["https:\/\/diarioprincipios.com\/index.php\/2024\/04\/11\/el-parque-industrial-platanos-festejo-su-20-aniversario\/"]}]},{"@type":"ImageObject","inLanguage":"es","@id":"https:\/\/diarioprincipios.com\/index.php\/2024\/04\/11\/el-parque-industrial-platanos-festejo-su-20-aniversario\/#primaryimage","url":"https:\/\/diarioprincipios.com\/wp-content\/uploads\/2024\/04\/EL-PARQUE-INDUSTRIAL-PLATANOS-FESTEJO-SU-20\u00b0-ANIVERSARIO-2.jpg","contentUrl":"https:\/\/diarioprincipios.com\/wp-content\/uploads\/2024\/04\/EL-PARQUE-INDUSTRIAL-PLATANOS-FESTEJO-SU-20\u00b0-ANIVERSARIO-2.jpg","width":1920,"height":1280},{"@type":"BreadcrumbList","@id":"https:\/\/diarioprincipios.com\/index.php\/2024\/04\/11\/el-parque-industrial-platanos-festejo-su-20-aniversario\/#breadcrumb","itemListElement":[{"@type":"ListItem","position":1,"name":"Portada","item":"https:\/\/diarioprincipios.com\/"},{"@type":"ListItem","position":2,"name":"El Parque Industrial Pl\u00e1tanos festej\u00f3 su 20\u00b0 Aniversario"}]},{"@type":"WebSite","@id":"https:\/\/diarioprincipios.com\/#website","url":"https:\/\/diarioprincipios.com\/","name":"Principios","description":"Principios Diario","publisher":{"@id":"https:\/\/diarioprincipios.com\/#organization"},"potentialAction":[{"@type":"SearchAction","target":{"@type":"EntryPoint","urlTemplate":"https:\/\/diarioprincipios.com\/?s={search_term_string}"},"query-input":{"@type":"PropertyValueSpecification","valueRequired":true,"valueName":"search_term_string"}}],"inLanguage":"es"},{"@type":"Organization","@id":"https:\/\/diarioprincipios.com\/#organization","name":"Principios","url":"https:\/\/diarioprincipios.com\/","logo":{"@type":"ImageObject","inLanguage":"es","@id":"https:\/\/diarioprincipios.com\/#\/schema\/logo\/image\/","url":"https:\/\/diarioprincipios.com\/wp-content\/uploads\/2024\/04\/cropped-www.diarioprincipios.com_-1.png","contentUrl":"https:\/\/diarioprincipios.com\/wp-content\/uploads\/2024\/04\/cropped-www.diarioprincipios.com_-1.png","width":5325,"height":1454,"caption":"Principios"},"image":{"@id":"https:\/\/diarioprincipios.com\/#\/schema\/logo\/image\/"}},{"@type":"Person","@id":"https:\/\/diarioprincipios.com\/#\/schema\/person\/436d5a1fd41a5e250e23ff5a6a7cb080","name":"Hern\u00e1n L\u00f3pez","image":{"@type":"ImageObject","inLanguage":"es","@id":"https:\/\/diarioprincipios.com\/wp-content\/litespeed\/avatar\/11ddfe5610ff3bd100522525b2571f48.jpg?ver=1777048341","url":"https:\/\/diarioprincipios.com\/wp-content\/litespeed\/avatar\/11ddfe5610ff3bd100522525b2571f48.jpg?ver=1777048341","contentUrl":"https:\/\/diarioprincipios.com\/wp-content\/litespeed\/avatar\/11ddfe5610ff3bd100522525b2571f48.jpg?ver=1777048341","caption":"Hern\u00e1n L\u00f3pez"},"url":"https:\/\/diarioprincipios.com\/index.php\/author\/hernan\/"}]}},"jetpack_featured_media_url":"https:\/\/diarioprincipios.com\/wp-content\/uploads\/2024\/04\/EL-PARQUE-INDUSTRIAL-PLATANOS-FESTEJO-SU-20\u00b0-ANIVERSARIO-2.jpg","_links":{"self":[{"href":"https:\/\/diarioprincipios.com\/index.php\/wp-json\/wp\/v2\/posts\/21468","targetHints":{"allow":["GET"]}}],"collection":[{"href":"https:\/\/diarioprincipios.com\/index.php\/wp-json\/wp\/v2\/posts"}],"about":[{"href":"https:\/\/diarioprincipios.com\/index.php\/wp-json\/wp\/v2\/types\/post"}],"author":[{"embeddable":true,"href":"https:\/\/diarioprincipios.com\/index.php\/wp-json\/wp\/v2\/users\/2"}],"replies":[{"embeddable":true,"href":"https:\/\/diarioprincipios.com\/index.php\/wp-json\/wp\/v2\/comments?post=21468"}],"version-history":[{"count":1,"href":"https:\/\/diarioprincipios.com\/index.php\/wp-json\/wp\/v2\/posts\/21468\/revisions"}],"predecessor-version":[{"id":21473,"href":"https:\/\/diarioprincipios.com\/index.php\/wp-json\/wp\/v2\/posts\/21468\/revisions\/21473"}],"wp:featuredmedia":[{"embeddable":true,"href":"https:\/\/diarioprincipios.com\/index.php\/wp-json\/wp\/v2\/media\/21472"}],"wp:attachment":[{"href":"https:\/\/diarioprincipios.com\/index.php\/wp-json\/wp\/v2\/media?parent=21468"}],"wp:term":[{"taxonomy":"category","embeddable":true,"href":"https:\/\/diarioprincipios.com\/index.php\/wp-json\/wp\/v2\/categories?post=21468"},{"taxonomy":"post_tag","embeddable":true,"href":"https:\/\/diarioprincipios.com\/index.php\/wp-json\/wp\/v2\/tags?post=21468"}],"curies":[{"name":"wp","href":"https:\/\/api.w.org\/{rel}","templated":true}]}}