{"id":21463,"date":"2024-04-11T11:00:16","date_gmt":"2024-04-11T14:00:16","guid":{"rendered":"http:\/\/diarioprincipios.com\/?p=21463"},"modified":"2024-04-11T11:00:18","modified_gmt":"2024-04-11T14:00:18","slug":"positiva-reunion-en-la-subsecretaria-de-relaciones-sindicales-con-el-secretario-general-de-empleados-del-vidrio","status":"publish","type":"post","link":"https:\/\/diarioprincipios.com\/index.php\/2024\/04\/11\/positiva-reunion-en-la-subsecretaria-de-relaciones-sindicales-con-el-secretario-general-de-empleados-del-vidrio\/","title":{"rendered":"Positiva reuni\u00f3n en la Subsecretaria de Relaciones Sindicales con el Secretario General de Empleados del Vidrio"},"content":{"rendered":"\n<p>Dias atr\u00e1s fue recibido en la Subsecretar\u00eda de Relaciones Sindicales de la Municipalidad de Berazategui Ricardo Fabi\u00e1n Sasso, secretario general de SEIVARA (Sindicato de Empleados del Vidrio de Berazategui, Quilmes, Florencio Varela y La Plata).<\/p>\n\n\n\n<figure class=\"wp-block-image size-large\"><img loading=\"lazy\" decoding=\"async\" width=\"1024\" height=\"768\" src=\"https:\/\/diarioprincipios.com\/wp-content\/uploads\/2024\/04\/IMG-20240411-WA0009-1024x768.jpg\" alt=\"\" class=\"wp-image-21464\" srcset=\"https:\/\/diarioprincipios.com\/wp-content\/uploads\/2024\/04\/IMG-20240411-WA0009-1024x768.jpg 1024w, https:\/\/diarioprincipios.com\/wp-content\/uploads\/2024\/04\/IMG-20240411-WA0009-300x225.jpg 300w, https:\/\/diarioprincipios.com\/wp-content\/uploads\/2024\/04\/IMG-20240411-WA0009-768x576.jpg 768w, https:\/\/diarioprincipios.com\/wp-content\/uploads\/2024\/04\/IMG-20240411-WA0009-1536x1152.jpg 1536w, https:\/\/diarioprincipios.com\/wp-content\/uploads\/2024\/04\/IMG-20240411-WA0009.jpg 1600w\" sizes=\"auto, (max-width: 1024px) 100vw, 1024px\" \/><\/figure>\n\n\n\n<p><br>En la charla el subsecretario Christian Rearte y el l\u00edder sindical acordaron diferentes temas gremiales y adem\u00e1s interesantes propuestas para la capacitaci\u00f3n de los trabajadores.<br>En este sentido se profundiz\u00f3 en la posibilidad de poder realizar en conjunto, con el aporte del Municipio a trav\u00e9s de los profesores de Vidriado de la Secretar\u00eda de Cultura; actividades de perfeccionamiento del tratado y manejo del vidrio para los afiliados del Gremio, con el fin de aportar a la capacitaci\u00f3n que permite desarrollar una mejor calidad de trabajo\u00bb.<\/p>\n\n\n\n<figure class=\"wp-block-image size-large\"><img loading=\"lazy\" decoding=\"async\" width=\"1024\" height=\"768\" src=\"https:\/\/diarioprincipios.com\/wp-content\/uploads\/2024\/04\/IMG-20240411-WA0010-1024x768.jpg\" alt=\"\" class=\"wp-image-21465\" srcset=\"https:\/\/diarioprincipios.com\/wp-content\/uploads\/2024\/04\/IMG-20240411-WA0010-1024x768.jpg 1024w, https:\/\/diarioprincipios.com\/wp-content\/uploads\/2024\/04\/IMG-20240411-WA0010-300x225.jpg 300w, https:\/\/diarioprincipios.com\/wp-content\/uploads\/2024\/04\/IMG-20240411-WA0010-768x576.jpg 768w, https:\/\/diarioprincipios.com\/wp-content\/uploads\/2024\/04\/IMG-20240411-WA0010-1536x1152.jpg 1536w, https:\/\/diarioprincipios.com\/wp-content\/uploads\/2024\/04\/IMG-20240411-WA0010.jpg 1600w\" sizes=\"auto, (max-width: 1024px) 100vw, 1024px\" \/><\/figure>\n\n\n\n<p><br>Desde la Subsecretar\u00eda a cargo de Christian Rearte destacaron que \u00abpor iniciativa de nuestro intendente, el doctor Juan Jos\u00e9 Mussi continuaremos conversando con los representantes de los diferentes gremios de la regi\u00f3n con el fin de trabajar juntos y brindar nuestro apoyo a los trabajadores en estos tiempos dif\u00edciles\u00bb.<\/p>\n","protected":false},"excerpt":{"rendered":"<p>Dias atr\u00e1s fue recibido en la Subsecretar\u00eda de Relaciones Sindicales de la Municipalidad de Berazategui Ricardo Fabi\u00e1n Sasso, secretario general de SEIVARA (Sindicato de Empleados del Vidrio de Berazategui, Quilmes, Florencio Varela y La Plata). En la charla el subsecretario Christian Rearte y el l\u00edder sindical acordaron diferentes temas gremiales y adem\u00e1s interesantes propuestas para&#8230;<\/p>\n","protected":false},"author":2,"featured_media":21466,"comment_status":"open","ping_status":"open","sticky":false,"template":"","format":"standard","meta":{"footnotes":""},"categories":[3,21],"tags":[],"class_list":["post-21463","post","type-post","status-publish","format-standard","has-post-thumbnail","hentry","category-berazategui","category-gremiales"],"featured_image_src":"https:\/\/diarioprincipios.com\/wp-content\/uploads\/2024\/04\/IMG-20240411-WA0011-1024x768.jpg","blog_images":{"medium":"https:\/\/diarioprincipios.com\/wp-content\/uploads\/2024\/04\/IMG-20240411-WA0011-300x225.jpg","large":"https:\/\/diarioprincipios.com\/wp-content\/uploads\/2024\/04\/IMG-20240411-WA0011-1024x768.jpg"},"ams_acf":[],"yoast_head":"<!-- This site is optimized with the Yoast SEO plugin v27.3 - https:\/\/yoast.com\/product\/yoast-seo-wordpress\/ -->\n<title>Positiva reuni\u00f3n en la Subsecretaria de Relaciones Sindicales con el Secretario General de Empleados del Vidrio - Principios<\/title>\n<meta name=\"robots\" content=\"index, follow, max-snippet:-1, max-image-preview:large, max-video-preview:-1\" \/>\n<link rel=\"canonical\" href=\"https:\/\/diarioprincipios.com\/index.php\/2024\/04\/11\/positiva-reunion-en-la-subsecretaria-de-relaciones-sindicales-con-el-secretario-general-de-empleados-del-vidrio\/\" \/>\n<meta property=\"og:locale\" content=\"es_ES\" \/>\n<meta property=\"og:type\" content=\"article\" \/>\n<meta property=\"og:title\" content=\"Positiva reuni\u00f3n en la Subsecretaria de Relaciones Sindicales con el Secretario General de Empleados del Vidrio - Principios\" \/>\n<meta property=\"og:description\" content=\"Dias atr\u00e1s fue recibido en la Subsecretar\u00eda de Relaciones Sindicales de la Municipalidad de Berazategui Ricardo Fabi\u00e1n Sasso, secretario general de SEIVARA (Sindicato de Empleados del Vidrio de Berazategui, Quilmes, Florencio Varela y La Plata). En la charla el subsecretario Christian Rearte y el l\u00edder sindical acordaron diferentes temas gremiales y adem\u00e1s interesantes propuestas para...\" \/>\n<meta property=\"og:url\" content=\"https:\/\/diarioprincipios.com\/index.php\/2024\/04\/11\/positiva-reunion-en-la-subsecretaria-de-relaciones-sindicales-con-el-secretario-general-de-empleados-del-vidrio\/\" \/>\n<meta property=\"og:site_name\" content=\"Principios\" \/>\n<meta property=\"article:published_time\" content=\"2024-04-11T14:00:16+00:00\" \/>\n<meta property=\"article:modified_time\" content=\"2024-04-11T14:00:18+00:00\" \/>\n<meta property=\"og:image\" content=\"https:\/\/diarioprincipios.com\/wp-content\/uploads\/2024\/04\/IMG-20240411-WA0011.jpg\" \/>\n\t<meta property=\"og:image:width\" content=\"1600\" \/>\n\t<meta property=\"og:image:height\" content=\"1200\" \/>\n\t<meta property=\"og:image:type\" content=\"image\/jpeg\" \/>\n<meta name=\"author\" content=\"Hern\u00e1n L\u00f3pez\" \/>\n<meta name=\"twitter:card\" content=\"summary_large_image\" \/>\n<meta name=\"twitter:label1\" content=\"Escrito por\" \/>\n\t<meta name=\"twitter:data1\" content=\"Hern\u00e1n L\u00f3pez\" \/>\n\t<meta name=\"twitter:label2\" content=\"Tiempo de lectura\" \/>\n\t<meta name=\"twitter:data2\" content=\"2 minutos\" \/>\n<script type=\"application\/ld+json\" class=\"yoast-schema-graph\">{\"@context\":\"https:\\\/\\\/schema.org\",\"@graph\":[{\"@type\":\"Article\",\"@id\":\"https:\\\/\\\/diarioprincipios.com\\\/index.php\\\/2024\\\/04\\\/11\\\/positiva-reunion-en-la-subsecretaria-de-relaciones-sindicales-con-el-secretario-general-de-empleados-del-vidrio\\\/#article\",\"isPartOf\":{\"@id\":\"https:\\\/\\\/diarioprincipios.com\\\/index.php\\\/2024\\\/04\\\/11\\\/positiva-reunion-en-la-subsecretaria-de-relaciones-sindicales-con-el-secretario-general-de-empleados-del-vidrio\\\/\"},\"author\":{\"name\":\"Hern\u00e1n L\u00f3pez\",\"@id\":\"https:\\\/\\\/diarioprincipios.com\\\/#\\\/schema\\\/person\\\/436d5a1fd41a5e250e23ff5a6a7cb080\"},\"headline\":\"Positiva reuni\u00f3n en la Subsecretaria de Relaciones Sindicales con el Secretario General de Empleados del Vidrio\",\"datePublished\":\"2024-04-11T14:00:16+00:00\",\"dateModified\":\"2024-04-11T14:00:18+00:00\",\"mainEntityOfPage\":{\"@id\":\"https:\\\/\\\/diarioprincipios.com\\\/index.php\\\/2024\\\/04\\\/11\\\/positiva-reunion-en-la-subsecretaria-de-relaciones-sindicales-con-el-secretario-general-de-empleados-del-vidrio\\\/\"},\"wordCount\":198,\"commentCount\":0,\"publisher\":{\"@id\":\"https:\\\/\\\/diarioprincipios.com\\\/#organization\"},\"image\":{\"@id\":\"https:\\\/\\\/diarioprincipios.com\\\/index.php\\\/2024\\\/04\\\/11\\\/positiva-reunion-en-la-subsecretaria-de-relaciones-sindicales-con-el-secretario-general-de-empleados-del-vidrio\\\/#primaryimage\"},\"thumbnailUrl\":\"https:\\\/\\\/diarioprincipios.com\\\/wp-content\\\/uploads\\\/2024\\\/04\\\/IMG-20240411-WA0011.jpg\",\"articleSection\":[\"Berazategui\",\"Gremiales\"],\"inLanguage\":\"es\",\"potentialAction\":[{\"@type\":\"CommentAction\",\"name\":\"Comment\",\"target\":[\"https:\\\/\\\/diarioprincipios.com\\\/index.php\\\/2024\\\/04\\\/11\\\/positiva-reunion-en-la-subsecretaria-de-relaciones-sindicales-con-el-secretario-general-de-empleados-del-vidrio\\\/#respond\"]}]},{\"@type\":\"WebPage\",\"@id\":\"https:\\\/\\\/diarioprincipios.com\\\/index.php\\\/2024\\\/04\\\/11\\\/positiva-reunion-en-la-subsecretaria-de-relaciones-sindicales-con-el-secretario-general-de-empleados-del-vidrio\\\/\",\"url\":\"https:\\\/\\\/diarioprincipios.com\\\/index.php\\\/2024\\\/04\\\/11\\\/positiva-reunion-en-la-subsecretaria-de-relaciones-sindicales-con-el-secretario-general-de-empleados-del-vidrio\\\/\",\"name\":\"Positiva reuni\u00f3n en la Subsecretaria de Relaciones Sindicales con el Secretario General de Empleados del Vidrio - Principios\",\"isPartOf\":{\"@id\":\"https:\\\/\\\/diarioprincipios.com\\\/#website\"},\"primaryImageOfPage\":{\"@id\":\"https:\\\/\\\/diarioprincipios.com\\\/index.php\\\/2024\\\/04\\\/11\\\/positiva-reunion-en-la-subsecretaria-de-relaciones-sindicales-con-el-secretario-general-de-empleados-del-vidrio\\\/#primaryimage\"},\"image\":{\"@id\":\"https:\\\/\\\/diarioprincipios.com\\\/index.php\\\/2024\\\/04\\\/11\\\/positiva-reunion-en-la-subsecretaria-de-relaciones-sindicales-con-el-secretario-general-de-empleados-del-vidrio\\\/#primaryimage\"},\"thumbnailUrl\":\"https:\\\/\\\/diarioprincipios.com\\\/wp-content\\\/uploads\\\/2024\\\/04\\\/IMG-20240411-WA0011.jpg\",\"datePublished\":\"2024-04-11T14:00:16+00:00\",\"dateModified\":\"2024-04-11T14:00:18+00:00\",\"breadcrumb\":{\"@id\":\"https:\\\/\\\/diarioprincipios.com\\\/index.php\\\/2024\\\/04\\\/11\\\/positiva-reunion-en-la-subsecretaria-de-relaciones-sindicales-con-el-secretario-general-de-empleados-del-vidrio\\\/#breadcrumb\"},\"inLanguage\":\"es\",\"potentialAction\":[{\"@type\":\"ReadAction\",\"target\":[\"https:\\\/\\\/diarioprincipios.com\\\/index.php\\\/2024\\\/04\\\/11\\\/positiva-reunion-en-la-subsecretaria-de-relaciones-sindicales-con-el-secretario-general-de-empleados-del-vidrio\\\/\"]}]},{\"@type\":\"ImageObject\",\"inLanguage\":\"es\",\"@id\":\"https:\\\/\\\/diarioprincipios.com\\\/index.php\\\/2024\\\/04\\\/11\\\/positiva-reunion-en-la-subsecretaria-de-relaciones-sindicales-con-el-secretario-general-de-empleados-del-vidrio\\\/#primaryimage\",\"url\":\"https:\\\/\\\/diarioprincipios.com\\\/wp-content\\\/uploads\\\/2024\\\/04\\\/IMG-20240411-WA0011.jpg\",\"contentUrl\":\"https:\\\/\\\/diarioprincipios.com\\\/wp-content\\\/uploads\\\/2024\\\/04\\\/IMG-20240411-WA0011.jpg\",\"width\":1600,\"height\":1200},{\"@type\":\"BreadcrumbList\",\"@id\":\"https:\\\/\\\/diarioprincipios.com\\\/index.php\\\/2024\\\/04\\\/11\\\/positiva-reunion-en-la-subsecretaria-de-relaciones-sindicales-con-el-secretario-general-de-empleados-del-vidrio\\\/#breadcrumb\",\"itemListElement\":[{\"@type\":\"ListItem\",\"position\":1,\"name\":\"Portada\",\"item\":\"https:\\\/\\\/diarioprincipios.com\\\/\"},{\"@type\":\"ListItem\",\"position\":2,\"name\":\"Positiva reuni\u00f3n en la Subsecretaria de Relaciones Sindicales con el Secretario General de Empleados del Vidrio\"}]},{\"@type\":\"WebSite\",\"@id\":\"https:\\\/\\\/diarioprincipios.com\\\/#website\",\"url\":\"https:\\\/\\\/diarioprincipios.com\\\/\",\"name\":\"Principios\",\"description\":\"Principios Diario\",\"publisher\":{\"@id\":\"https:\\\/\\\/diarioprincipios.com\\\/#organization\"},\"potentialAction\":[{\"@type\":\"SearchAction\",\"target\":{\"@type\":\"EntryPoint\",\"urlTemplate\":\"https:\\\/\\\/diarioprincipios.com\\\/?s={search_term_string}\"},\"query-input\":{\"@type\":\"PropertyValueSpecification\",\"valueRequired\":true,\"valueName\":\"search_term_string\"}}],\"inLanguage\":\"es\"},{\"@type\":\"Organization\",\"@id\":\"https:\\\/\\\/diarioprincipios.com\\\/#organization\",\"name\":\"Principios\",\"url\":\"https:\\\/\\\/diarioprincipios.com\\\/\",\"logo\":{\"@type\":\"ImageObject\",\"inLanguage\":\"es\",\"@id\":\"https:\\\/\\\/diarioprincipios.com\\\/#\\\/schema\\\/logo\\\/image\\\/\",\"url\":\"https:\\\/\\\/diarioprincipios.com\\\/wp-content\\\/uploads\\\/2024\\\/04\\\/cropped-www.diarioprincipios.com_-1.png\",\"contentUrl\":\"https:\\\/\\\/diarioprincipios.com\\\/wp-content\\\/uploads\\\/2024\\\/04\\\/cropped-www.diarioprincipios.com_-1.png\",\"width\":5325,\"height\":1454,\"caption\":\"Principios\"},\"image\":{\"@id\":\"https:\\\/\\\/diarioprincipios.com\\\/#\\\/schema\\\/logo\\\/image\\\/\"}},{\"@type\":\"Person\",\"@id\":\"https:\\\/\\\/diarioprincipios.com\\\/#\\\/schema\\\/person\\\/436d5a1fd41a5e250e23ff5a6a7cb080\",\"name\":\"Hern\u00e1n L\u00f3pez\",\"image\":{\"@type\":\"ImageObject\",\"inLanguage\":\"es\",\"@id\":\"https:\\\/\\\/diarioprincipios.com\\\/wp-content\\\/litespeed\\\/avatar\\\/11ddfe5610ff3bd100522525b2571f48.jpg?ver=1777048341\",\"url\":\"https:\\\/\\\/diarioprincipios.com\\\/wp-content\\\/litespeed\\\/avatar\\\/11ddfe5610ff3bd100522525b2571f48.jpg?ver=1777048341\",\"contentUrl\":\"https:\\\/\\\/diarioprincipios.com\\\/wp-content\\\/litespeed\\\/avatar\\\/11ddfe5610ff3bd100522525b2571f48.jpg?ver=1777048341\",\"caption\":\"Hern\u00e1n L\u00f3pez\"},\"url\":\"https:\\\/\\\/diarioprincipios.com\\\/index.php\\\/author\\\/hernan\\\/\"}]}<\/script>\n<!-- \/ Yoast SEO plugin. -->","yoast_head_json":{"title":"Positiva reuni\u00f3n en la Subsecretaria de Relaciones Sindicales con el Secretario General de Empleados del Vidrio - Principios","robots":{"index":"index","follow":"follow","max-snippet":"max-snippet:-1","max-image-preview":"max-image-preview:large","max-video-preview":"max-video-preview:-1"},"canonical":"https:\/\/diarioprincipios.com\/index.php\/2024\/04\/11\/positiva-reunion-en-la-subsecretaria-de-relaciones-sindicales-con-el-secretario-general-de-empleados-del-vidrio\/","og_locale":"es_ES","og_type":"article","og_title":"Positiva reuni\u00f3n en la Subsecretaria de Relaciones Sindicales con el Secretario General de Empleados del Vidrio - Principios","og_description":"Dias atr\u00e1s fue recibido en la Subsecretar\u00eda de Relaciones Sindicales de la Municipalidad de Berazategui Ricardo Fabi\u00e1n Sasso, secretario general de SEIVARA (Sindicato de Empleados del Vidrio de Berazategui, Quilmes, Florencio Varela y La Plata). En la charla el subsecretario Christian Rearte y el l\u00edder sindical acordaron diferentes temas gremiales y adem\u00e1s interesantes propuestas para...","og_url":"https:\/\/diarioprincipios.com\/index.php\/2024\/04\/11\/positiva-reunion-en-la-subsecretaria-de-relaciones-sindicales-con-el-secretario-general-de-empleados-del-vidrio\/","og_site_name":"Principios","article_published_time":"2024-04-11T14:00:16+00:00","article_modified_time":"2024-04-11T14:00:18+00:00","og_image":[{"width":1600,"height":1200,"url":"https:\/\/diarioprincipios.com\/wp-content\/uploads\/2024\/04\/IMG-20240411-WA0011.jpg","type":"image\/jpeg"}],"author":"Hern\u00e1n L\u00f3pez","twitter_card":"summary_large_image","twitter_misc":{"Escrito por":"Hern\u00e1n L\u00f3pez","Tiempo de lectura":"2 minutos"},"schema":{"@context":"https:\/\/schema.org","@graph":[{"@type":"Article","@id":"https:\/\/diarioprincipios.com\/index.php\/2024\/04\/11\/positiva-reunion-en-la-subsecretaria-de-relaciones-sindicales-con-el-secretario-general-de-empleados-del-vidrio\/#article","isPartOf":{"@id":"https:\/\/diarioprincipios.com\/index.php\/2024\/04\/11\/positiva-reunion-en-la-subsecretaria-de-relaciones-sindicales-con-el-secretario-general-de-empleados-del-vidrio\/"},"author":{"name":"Hern\u00e1n L\u00f3pez","@id":"https:\/\/diarioprincipios.com\/#\/schema\/person\/436d5a1fd41a5e250e23ff5a6a7cb080"},"headline":"Positiva reuni\u00f3n en la Subsecretaria de Relaciones Sindicales con el Secretario General de Empleados del Vidrio","datePublished":"2024-04-11T14:00:16+00:00","dateModified":"2024-04-11T14:00:18+00:00","mainEntityOfPage":{"@id":"https:\/\/diarioprincipios.com\/index.php\/2024\/04\/11\/positiva-reunion-en-la-subsecretaria-de-relaciones-sindicales-con-el-secretario-general-de-empleados-del-vidrio\/"},"wordCount":198,"commentCount":0,"publisher":{"@id":"https:\/\/diarioprincipios.com\/#organization"},"image":{"@id":"https:\/\/diarioprincipios.com\/index.php\/2024\/04\/11\/positiva-reunion-en-la-subsecretaria-de-relaciones-sindicales-con-el-secretario-general-de-empleados-del-vidrio\/#primaryimage"},"thumbnailUrl":"https:\/\/diarioprincipios.com\/wp-content\/uploads\/2024\/04\/IMG-20240411-WA0011.jpg","articleSection":["Berazategui","Gremiales"],"inLanguage":"es","potentialAction":[{"@type":"CommentAction","name":"Comment","target":["https:\/\/diarioprincipios.com\/index.php\/2024\/04\/11\/positiva-reunion-en-la-subsecretaria-de-relaciones-sindicales-con-el-secretario-general-de-empleados-del-vidrio\/#respond"]}]},{"@type":"WebPage","@id":"https:\/\/diarioprincipios.com\/index.php\/2024\/04\/11\/positiva-reunion-en-la-subsecretaria-de-relaciones-sindicales-con-el-secretario-general-de-empleados-del-vidrio\/","url":"https:\/\/diarioprincipios.com\/index.php\/2024\/04\/11\/positiva-reunion-en-la-subsecretaria-de-relaciones-sindicales-con-el-secretario-general-de-empleados-del-vidrio\/","name":"Positiva reuni\u00f3n en la Subsecretaria de Relaciones Sindicales con el Secretario General de Empleados del Vidrio - Principios","isPartOf":{"@id":"https:\/\/diarioprincipios.com\/#website"},"primaryImageOfPage":{"@id":"https:\/\/diarioprincipios.com\/index.php\/2024\/04\/11\/positiva-reunion-en-la-subsecretaria-de-relaciones-sindicales-con-el-secretario-general-de-empleados-del-vidrio\/#primaryimage"},"image":{"@id":"https:\/\/diarioprincipios.com\/index.php\/2024\/04\/11\/positiva-reunion-en-la-subsecretaria-de-relaciones-sindicales-con-el-secretario-general-de-empleados-del-vidrio\/#primaryimage"},"thumbnailUrl":"https:\/\/diarioprincipios.com\/wp-content\/uploads\/2024\/04\/IMG-20240411-WA0011.jpg","datePublished":"2024-04-11T14:00:16+00:00","dateModified":"2024-04-11T14:00:18+00:00","breadcrumb":{"@id":"https:\/\/diarioprincipios.com\/index.php\/2024\/04\/11\/positiva-reunion-en-la-subsecretaria-de-relaciones-sindicales-con-el-secretario-general-de-empleados-del-vidrio\/#breadcrumb"},"inLanguage":"es","potentialAction":[{"@type":"ReadAction","target":["https:\/\/diarioprincipios.com\/index.php\/2024\/04\/11\/positiva-reunion-en-la-subsecretaria-de-relaciones-sindicales-con-el-secretario-general-de-empleados-del-vidrio\/"]}]},{"@type":"ImageObject","inLanguage":"es","@id":"https:\/\/diarioprincipios.com\/index.php\/2024\/04\/11\/positiva-reunion-en-la-subsecretaria-de-relaciones-sindicales-con-el-secretario-general-de-empleados-del-vidrio\/#primaryimage","url":"https:\/\/diarioprincipios.com\/wp-content\/uploads\/2024\/04\/IMG-20240411-WA0011.jpg","contentUrl":"https:\/\/diarioprincipios.com\/wp-content\/uploads\/2024\/04\/IMG-20240411-WA0011.jpg","width":1600,"height":1200},{"@type":"BreadcrumbList","@id":"https:\/\/diarioprincipios.com\/index.php\/2024\/04\/11\/positiva-reunion-en-la-subsecretaria-de-relaciones-sindicales-con-el-secretario-general-de-empleados-del-vidrio\/#breadcrumb","itemListElement":[{"@type":"ListItem","position":1,"name":"Portada","item":"https:\/\/diarioprincipios.com\/"},{"@type":"ListItem","position":2,"name":"Positiva reuni\u00f3n en la Subsecretaria de Relaciones Sindicales con el Secretario General de Empleados del Vidrio"}]},{"@type":"WebSite","@id":"https:\/\/diarioprincipios.com\/#website","url":"https:\/\/diarioprincipios.com\/","name":"Principios","description":"Principios Diario","publisher":{"@id":"https:\/\/diarioprincipios.com\/#organization"},"potentialAction":[{"@type":"SearchAction","target":{"@type":"EntryPoint","urlTemplate":"https:\/\/diarioprincipios.com\/?s={search_term_string}"},"query-input":{"@type":"PropertyValueSpecification","valueRequired":true,"valueName":"search_term_string"}}],"inLanguage":"es"},{"@type":"Organization","@id":"https:\/\/diarioprincipios.com\/#organization","name":"Principios","url":"https:\/\/diarioprincipios.com\/","logo":{"@type":"ImageObject","inLanguage":"es","@id":"https:\/\/diarioprincipios.com\/#\/schema\/logo\/image\/","url":"https:\/\/diarioprincipios.com\/wp-content\/uploads\/2024\/04\/cropped-www.diarioprincipios.com_-1.png","contentUrl":"https:\/\/diarioprincipios.com\/wp-content\/uploads\/2024\/04\/cropped-www.diarioprincipios.com_-1.png","width":5325,"height":1454,"caption":"Principios"},"image":{"@id":"https:\/\/diarioprincipios.com\/#\/schema\/logo\/image\/"}},{"@type":"Person","@id":"https:\/\/diarioprincipios.com\/#\/schema\/person\/436d5a1fd41a5e250e23ff5a6a7cb080","name":"Hern\u00e1n L\u00f3pez","image":{"@type":"ImageObject","inLanguage":"es","@id":"https:\/\/diarioprincipios.com\/wp-content\/litespeed\/avatar\/11ddfe5610ff3bd100522525b2571f48.jpg?ver=1777048341","url":"https:\/\/diarioprincipios.com\/wp-content\/litespeed\/avatar\/11ddfe5610ff3bd100522525b2571f48.jpg?ver=1777048341","contentUrl":"https:\/\/diarioprincipios.com\/wp-content\/litespeed\/avatar\/11ddfe5610ff3bd100522525b2571f48.jpg?ver=1777048341","caption":"Hern\u00e1n L\u00f3pez"},"url":"https:\/\/diarioprincipios.com\/index.php\/author\/hernan\/"}]}},"jetpack_featured_media_url":"https:\/\/diarioprincipios.com\/wp-content\/uploads\/2024\/04\/IMG-20240411-WA0011.jpg","_links":{"self":[{"href":"https:\/\/diarioprincipios.com\/index.php\/wp-json\/wp\/v2\/posts\/21463","targetHints":{"allow":["GET"]}}],"collection":[{"href":"https:\/\/diarioprincipios.com\/index.php\/wp-json\/wp\/v2\/posts"}],"about":[{"href":"https:\/\/diarioprincipios.com\/index.php\/wp-json\/wp\/v2\/types\/post"}],"author":[{"embeddable":true,"href":"https:\/\/diarioprincipios.com\/index.php\/wp-json\/wp\/v2\/users\/2"}],"replies":[{"embeddable":true,"href":"https:\/\/diarioprincipios.com\/index.php\/wp-json\/wp\/v2\/comments?post=21463"}],"version-history":[{"count":1,"href":"https:\/\/diarioprincipios.com\/index.php\/wp-json\/wp\/v2\/posts\/21463\/revisions"}],"predecessor-version":[{"id":21467,"href":"https:\/\/diarioprincipios.com\/index.php\/wp-json\/wp\/v2\/posts\/21463\/revisions\/21467"}],"wp:featuredmedia":[{"embeddable":true,"href":"https:\/\/diarioprincipios.com\/index.php\/wp-json\/wp\/v2\/media\/21466"}],"wp:attachment":[{"href":"https:\/\/diarioprincipios.com\/index.php\/wp-json\/wp\/v2\/media?parent=21463"}],"wp:term":[{"taxonomy":"category","embeddable":true,"href":"https:\/\/diarioprincipios.com\/index.php\/wp-json\/wp\/v2\/categories?post=21463"},{"taxonomy":"post_tag","embeddable":true,"href":"https:\/\/diarioprincipios.com\/index.php\/wp-json\/wp\/v2\/tags?post=21463"}],"curies":[{"name":"wp","href":"https:\/\/api.w.org\/{rel}","templated":true}]}}