{"id":21456,"date":"2024-04-11T10:48:46","date_gmt":"2024-04-11T13:48:46","guid":{"rendered":"http:\/\/diarioprincipios.com\/?p=21456"},"modified":"2024-04-11T10:48:48","modified_gmt":"2024-04-11T13:48:48","slug":"la-mesa-politico-sindical-peronista-17-de-octubre-en-estado-de-alerta","status":"publish","type":"post","link":"https:\/\/diarioprincipios.com\/index.php\/2024\/04\/11\/la-mesa-politico-sindical-peronista-17-de-octubre-en-estado-de-alerta\/","title":{"rendered":"La Mesa Pol\u00edtico Sindical Peronista 17 de Octubre en estado de alerta"},"content":{"rendered":"\n<p>Durante la tarde del mi\u00e9rcoles 10 de Abril y en las instalaciones del S.T.M.B. (Sindicato de Trabajadores Municipales de Berazategui) se llev\u00f3 a cabo una nueva reuni\u00f3n de la Mesa Pol\u00edtico Sindical Peronista \u00ab17 de Octubre\u00bb donde se trataron diferentes temas pol\u00edticos y gremiales. <\/p>\n\n\n\n<figure class=\"wp-block-image size-large\"><img loading=\"lazy\" decoding=\"async\" width=\"1024\" height=\"768\" src=\"https:\/\/diarioprincipios.com\/wp-content\/uploads\/2024\/04\/IMG-20240411-WA0017-1024x768.jpg\" alt=\"\" class=\"wp-image-21457\" srcset=\"https:\/\/diarioprincipios.com\/wp-content\/uploads\/2024\/04\/IMG-20240411-WA0017-1024x768.jpg 1024w, https:\/\/diarioprincipios.com\/wp-content\/uploads\/2024\/04\/IMG-20240411-WA0017-300x225.jpg 300w, https:\/\/diarioprincipios.com\/wp-content\/uploads\/2024\/04\/IMG-20240411-WA0017-768x576.jpg 768w, https:\/\/diarioprincipios.com\/wp-content\/uploads\/2024\/04\/IMG-20240411-WA0017.jpg 1280w\" sizes=\"auto, (max-width: 1024px) 100vw, 1024px\" \/><\/figure>\n\n\n\n<p>Entre los temas pol\u00edticos, se estableci\u00f3 un diagn\u00f3stico de la situaci\u00f3n actual referente al rechazo del DNU 70\/23 y las nuevas propuestas en la denominada Ley Omnibus, ya que entre otros art\u00edculos, vuelven a la carga con una reforma laboral salvaje, la cual pretende quitar derechos de  los trabajadores.<\/p>\n\n\n\n<figure class=\"wp-block-image size-large\"><img loading=\"lazy\" decoding=\"async\" width=\"1024\" height=\"768\" src=\"https:\/\/diarioprincipios.com\/wp-content\/uploads\/2024\/04\/IMG-20240411-WA0019-1024x768.jpg\" alt=\"\" class=\"wp-image-21458\" srcset=\"https:\/\/diarioprincipios.com\/wp-content\/uploads\/2024\/04\/IMG-20240411-WA0019-1024x768.jpg 1024w, https:\/\/diarioprincipios.com\/wp-content\/uploads\/2024\/04\/IMG-20240411-WA0019-300x225.jpg 300w, https:\/\/diarioprincipios.com\/wp-content\/uploads\/2024\/04\/IMG-20240411-WA0019-768x576.jpg 768w, https:\/\/diarioprincipios.com\/wp-content\/uploads\/2024\/04\/IMG-20240411-WA0019.jpg 1280w\" sizes=\"auto, (max-width: 1024px) 100vw, 1024px\" \/><\/figure>\n\n\n\n<p><br>En lo referente a la situaci\u00f3n gremial, \u00abse estableci\u00f3 un diagrama de alerta ya que, hay gremios hermanos que est\u00e1n padeciendo los embates de la Secretaria (antes Ministerio) de Trabajo de Naci\u00f3n, no permitiendo desarrollar actos de elecci\u00f3n de autoridades y por el contrario, habilitando a pseudos dirigentes a competir en listas opositoras, claramente, \u00e9ste gobierno pretende desestabilizar a las Organizaciones Gremiales\u00bb.<\/p>\n\n\n\n<figure class=\"wp-block-image size-large\"><img loading=\"lazy\" decoding=\"async\" width=\"1024\" height=\"768\" src=\"https:\/\/diarioprincipios.com\/wp-content\/uploads\/2024\/04\/IMG-20240411-WA0018-1024x768.jpg\" alt=\"\" class=\"wp-image-21459\" srcset=\"https:\/\/diarioprincipios.com\/wp-content\/uploads\/2024\/04\/IMG-20240411-WA0018-1024x768.jpg 1024w, https:\/\/diarioprincipios.com\/wp-content\/uploads\/2024\/04\/IMG-20240411-WA0018-300x225.jpg 300w, https:\/\/diarioprincipios.com\/wp-content\/uploads\/2024\/04\/IMG-20240411-WA0018-768x576.jpg 768w, https:\/\/diarioprincipios.com\/wp-content\/uploads\/2024\/04\/IMG-20240411-WA0018.jpg 1280w\" sizes=\"auto, (max-width: 1024px) 100vw, 1024px\" \/><\/figure>\n\n\n\n<p><br>Tambi\u00e9n hubo acuerdo de la mayor\u00eda de los asistentes a la reuni\u00f3n, a continuar trabajando en la unidad del Movimiento Obrero Organizado regional.<br>Las integrantes y los integrantes de la Mesa Pol\u00edtico Sindical, manifiestan su \u00abgran preocupaci\u00f3n por los incesantes despidos en el sector p\u00fablico como asi tambi\u00e9n las suspensiones en el sector privado y repudian la total arbitrariedad y falta de sensibilidad con las y los trabajadores\u00bb.<br>Estado de alerta permanente es la consigna.<\/p>\n","protected":false},"excerpt":{"rendered":"<p>Durante la tarde del mi\u00e9rcoles 10 de Abril y en las instalaciones del S.T.M.B. (Sindicato de Trabajadores Municipales de Berazategui) se llev\u00f3 a cabo una nueva reuni\u00f3n de la Mesa Pol\u00edtico Sindical Peronista \u00ab17 de Octubre\u00bb donde se trataron diferentes temas pol\u00edticos y gremiales. Entre los temas pol\u00edticos, se estableci\u00f3 un diagn\u00f3stico de la situaci\u00f3n&#8230;<\/p>\n","protected":false},"author":2,"featured_media":21460,"comment_status":"open","ping_status":"open","sticky":false,"template":"","format":"standard","meta":{"footnotes":""},"categories":[21],"tags":[],"class_list":["post-21456","post","type-post","status-publish","format-standard","has-post-thumbnail","hentry","category-gremiales"],"featured_image_src":"https:\/\/diarioprincipios.com\/wp-content\/uploads\/2024\/04\/IMG-20240411-WA0016-1024x768.jpg","blog_images":{"medium":"https:\/\/diarioprincipios.com\/wp-content\/uploads\/2024\/04\/IMG-20240411-WA0016-300x225.jpg","large":"https:\/\/diarioprincipios.com\/wp-content\/uploads\/2024\/04\/IMG-20240411-WA0016-1024x768.jpg"},"ams_acf":[],"yoast_head":"<!-- This site is optimized with the Yoast SEO plugin v27.3 - https:\/\/yoast.com\/product\/yoast-seo-wordpress\/ -->\n<title>La Mesa Pol\u00edtico Sindical Peronista 17 de Octubre en estado de alerta - Principios<\/title>\n<meta name=\"robots\" content=\"index, follow, max-snippet:-1, max-image-preview:large, max-video-preview:-1\" \/>\n<link rel=\"canonical\" href=\"https:\/\/diarioprincipios.com\/index.php\/2024\/04\/11\/la-mesa-politico-sindical-peronista-17-de-octubre-en-estado-de-alerta\/\" \/>\n<meta property=\"og:locale\" content=\"es_ES\" \/>\n<meta property=\"og:type\" content=\"article\" \/>\n<meta property=\"og:title\" content=\"La Mesa Pol\u00edtico Sindical Peronista 17 de Octubre en estado de alerta - Principios\" \/>\n<meta property=\"og:description\" content=\"Durante la tarde del mi\u00e9rcoles 10 de Abril y en las instalaciones del S.T.M.B. (Sindicato de Trabajadores Municipales de Berazategui) se llev\u00f3 a cabo una nueva reuni\u00f3n de la Mesa Pol\u00edtico Sindical Peronista \u00ab17 de Octubre\u00bb donde se trataron diferentes temas pol\u00edticos y gremiales. Entre los temas pol\u00edticos, se estableci\u00f3 un diagn\u00f3stico de la situaci\u00f3n...\" \/>\n<meta property=\"og:url\" content=\"https:\/\/diarioprincipios.com\/index.php\/2024\/04\/11\/la-mesa-politico-sindical-peronista-17-de-octubre-en-estado-de-alerta\/\" \/>\n<meta property=\"og:site_name\" content=\"Principios\" \/>\n<meta property=\"article:published_time\" content=\"2024-04-11T13:48:46+00:00\" \/>\n<meta property=\"article:modified_time\" content=\"2024-04-11T13:48:48+00:00\" \/>\n<meta property=\"og:image\" content=\"https:\/\/diarioprincipios.com\/wp-content\/uploads\/2024\/04\/IMG-20240411-WA0016.jpg\" \/>\n\t<meta property=\"og:image:width\" content=\"1280\" \/>\n\t<meta property=\"og:image:height\" content=\"960\" \/>\n\t<meta property=\"og:image:type\" content=\"image\/jpeg\" \/>\n<meta name=\"author\" content=\"Hern\u00e1n L\u00f3pez\" \/>\n<meta name=\"twitter:card\" content=\"summary_large_image\" \/>\n<meta name=\"twitter:label1\" content=\"Escrito por\" \/>\n\t<meta name=\"twitter:data1\" content=\"Hern\u00e1n L\u00f3pez\" \/>\n\t<meta name=\"twitter:label2\" content=\"Tiempo de lectura\" \/>\n\t<meta name=\"twitter:data2\" content=\"2 minutos\" \/>\n<script type=\"application\/ld+json\" class=\"yoast-schema-graph\">{\"@context\":\"https:\\\/\\\/schema.org\",\"@graph\":[{\"@type\":\"Article\",\"@id\":\"https:\\\/\\\/diarioprincipios.com\\\/index.php\\\/2024\\\/04\\\/11\\\/la-mesa-politico-sindical-peronista-17-de-octubre-en-estado-de-alerta\\\/#article\",\"isPartOf\":{\"@id\":\"https:\\\/\\\/diarioprincipios.com\\\/index.php\\\/2024\\\/04\\\/11\\\/la-mesa-politico-sindical-peronista-17-de-octubre-en-estado-de-alerta\\\/\"},\"author\":{\"name\":\"Hern\u00e1n L\u00f3pez\",\"@id\":\"https:\\\/\\\/diarioprincipios.com\\\/#\\\/schema\\\/person\\\/436d5a1fd41a5e250e23ff5a6a7cb080\"},\"headline\":\"La Mesa Pol\u00edtico Sindical Peronista 17 de Octubre en estado de alerta\",\"datePublished\":\"2024-04-11T13:48:46+00:00\",\"dateModified\":\"2024-04-11T13:48:48+00:00\",\"mainEntityOfPage\":{\"@id\":\"https:\\\/\\\/diarioprincipios.com\\\/index.php\\\/2024\\\/04\\\/11\\\/la-mesa-politico-sindical-peronista-17-de-octubre-en-estado-de-alerta\\\/\"},\"wordCount\":261,\"commentCount\":0,\"publisher\":{\"@id\":\"https:\\\/\\\/diarioprincipios.com\\\/#organization\"},\"image\":{\"@id\":\"https:\\\/\\\/diarioprincipios.com\\\/index.php\\\/2024\\\/04\\\/11\\\/la-mesa-politico-sindical-peronista-17-de-octubre-en-estado-de-alerta\\\/#primaryimage\"},\"thumbnailUrl\":\"https:\\\/\\\/diarioprincipios.com\\\/wp-content\\\/uploads\\\/2024\\\/04\\\/IMG-20240411-WA0016.jpg\",\"articleSection\":[\"Gremiales\"],\"inLanguage\":\"es\",\"potentialAction\":[{\"@type\":\"CommentAction\",\"name\":\"Comment\",\"target\":[\"https:\\\/\\\/diarioprincipios.com\\\/index.php\\\/2024\\\/04\\\/11\\\/la-mesa-politico-sindical-peronista-17-de-octubre-en-estado-de-alerta\\\/#respond\"]}]},{\"@type\":\"WebPage\",\"@id\":\"https:\\\/\\\/diarioprincipios.com\\\/index.php\\\/2024\\\/04\\\/11\\\/la-mesa-politico-sindical-peronista-17-de-octubre-en-estado-de-alerta\\\/\",\"url\":\"https:\\\/\\\/diarioprincipios.com\\\/index.php\\\/2024\\\/04\\\/11\\\/la-mesa-politico-sindical-peronista-17-de-octubre-en-estado-de-alerta\\\/\",\"name\":\"La Mesa Pol\u00edtico Sindical Peronista 17 de Octubre en estado de alerta - Principios\",\"isPartOf\":{\"@id\":\"https:\\\/\\\/diarioprincipios.com\\\/#website\"},\"primaryImageOfPage\":{\"@id\":\"https:\\\/\\\/diarioprincipios.com\\\/index.php\\\/2024\\\/04\\\/11\\\/la-mesa-politico-sindical-peronista-17-de-octubre-en-estado-de-alerta\\\/#primaryimage\"},\"image\":{\"@id\":\"https:\\\/\\\/diarioprincipios.com\\\/index.php\\\/2024\\\/04\\\/11\\\/la-mesa-politico-sindical-peronista-17-de-octubre-en-estado-de-alerta\\\/#primaryimage\"},\"thumbnailUrl\":\"https:\\\/\\\/diarioprincipios.com\\\/wp-content\\\/uploads\\\/2024\\\/04\\\/IMG-20240411-WA0016.jpg\",\"datePublished\":\"2024-04-11T13:48:46+00:00\",\"dateModified\":\"2024-04-11T13:48:48+00:00\",\"breadcrumb\":{\"@id\":\"https:\\\/\\\/diarioprincipios.com\\\/index.php\\\/2024\\\/04\\\/11\\\/la-mesa-politico-sindical-peronista-17-de-octubre-en-estado-de-alerta\\\/#breadcrumb\"},\"inLanguage\":\"es\",\"potentialAction\":[{\"@type\":\"ReadAction\",\"target\":[\"https:\\\/\\\/diarioprincipios.com\\\/index.php\\\/2024\\\/04\\\/11\\\/la-mesa-politico-sindical-peronista-17-de-octubre-en-estado-de-alerta\\\/\"]}]},{\"@type\":\"ImageObject\",\"inLanguage\":\"es\",\"@id\":\"https:\\\/\\\/diarioprincipios.com\\\/index.php\\\/2024\\\/04\\\/11\\\/la-mesa-politico-sindical-peronista-17-de-octubre-en-estado-de-alerta\\\/#primaryimage\",\"url\":\"https:\\\/\\\/diarioprincipios.com\\\/wp-content\\\/uploads\\\/2024\\\/04\\\/IMG-20240411-WA0016.jpg\",\"contentUrl\":\"https:\\\/\\\/diarioprincipios.com\\\/wp-content\\\/uploads\\\/2024\\\/04\\\/IMG-20240411-WA0016.jpg\",\"width\":1280,\"height\":960},{\"@type\":\"BreadcrumbList\",\"@id\":\"https:\\\/\\\/diarioprincipios.com\\\/index.php\\\/2024\\\/04\\\/11\\\/la-mesa-politico-sindical-peronista-17-de-octubre-en-estado-de-alerta\\\/#breadcrumb\",\"itemListElement\":[{\"@type\":\"ListItem\",\"position\":1,\"name\":\"Portada\",\"item\":\"https:\\\/\\\/diarioprincipios.com\\\/\"},{\"@type\":\"ListItem\",\"position\":2,\"name\":\"La Mesa Pol\u00edtico Sindical Peronista 17 de Octubre en estado de alerta\"}]},{\"@type\":\"WebSite\",\"@id\":\"https:\\\/\\\/diarioprincipios.com\\\/#website\",\"url\":\"https:\\\/\\\/diarioprincipios.com\\\/\",\"name\":\"Principios\",\"description\":\"Principios Diario\",\"publisher\":{\"@id\":\"https:\\\/\\\/diarioprincipios.com\\\/#organization\"},\"potentialAction\":[{\"@type\":\"SearchAction\",\"target\":{\"@type\":\"EntryPoint\",\"urlTemplate\":\"https:\\\/\\\/diarioprincipios.com\\\/?s={search_term_string}\"},\"query-input\":{\"@type\":\"PropertyValueSpecification\",\"valueRequired\":true,\"valueName\":\"search_term_string\"}}],\"inLanguage\":\"es\"},{\"@type\":\"Organization\",\"@id\":\"https:\\\/\\\/diarioprincipios.com\\\/#organization\",\"name\":\"Principios\",\"url\":\"https:\\\/\\\/diarioprincipios.com\\\/\",\"logo\":{\"@type\":\"ImageObject\",\"inLanguage\":\"es\",\"@id\":\"https:\\\/\\\/diarioprincipios.com\\\/#\\\/schema\\\/logo\\\/image\\\/\",\"url\":\"https:\\\/\\\/diarioprincipios.com\\\/wp-content\\\/uploads\\\/2024\\\/04\\\/cropped-www.diarioprincipios.com_-1.png\",\"contentUrl\":\"https:\\\/\\\/diarioprincipios.com\\\/wp-content\\\/uploads\\\/2024\\\/04\\\/cropped-www.diarioprincipios.com_-1.png\",\"width\":5325,\"height\":1454,\"caption\":\"Principios\"},\"image\":{\"@id\":\"https:\\\/\\\/diarioprincipios.com\\\/#\\\/schema\\\/logo\\\/image\\\/\"}},{\"@type\":\"Person\",\"@id\":\"https:\\\/\\\/diarioprincipios.com\\\/#\\\/schema\\\/person\\\/436d5a1fd41a5e250e23ff5a6a7cb080\",\"name\":\"Hern\u00e1n L\u00f3pez\",\"image\":{\"@type\":\"ImageObject\",\"inLanguage\":\"es\",\"@id\":\"https:\\\/\\\/diarioprincipios.com\\\/wp-content\\\/litespeed\\\/avatar\\\/11ddfe5610ff3bd100522525b2571f48.jpg?ver=1777653193\",\"url\":\"https:\\\/\\\/diarioprincipios.com\\\/wp-content\\\/litespeed\\\/avatar\\\/11ddfe5610ff3bd100522525b2571f48.jpg?ver=1777653193\",\"contentUrl\":\"https:\\\/\\\/diarioprincipios.com\\\/wp-content\\\/litespeed\\\/avatar\\\/11ddfe5610ff3bd100522525b2571f48.jpg?ver=1777653193\",\"caption\":\"Hern\u00e1n L\u00f3pez\"},\"url\":\"https:\\\/\\\/diarioprincipios.com\\\/index.php\\\/author\\\/hernan\\\/\"}]}<\/script>\n<!-- \/ Yoast SEO plugin. -->","yoast_head_json":{"title":"La Mesa Pol\u00edtico Sindical Peronista 17 de Octubre en estado de alerta - Principios","robots":{"index":"index","follow":"follow","max-snippet":"max-snippet:-1","max-image-preview":"max-image-preview:large","max-video-preview":"max-video-preview:-1"},"canonical":"https:\/\/diarioprincipios.com\/index.php\/2024\/04\/11\/la-mesa-politico-sindical-peronista-17-de-octubre-en-estado-de-alerta\/","og_locale":"es_ES","og_type":"article","og_title":"La Mesa Pol\u00edtico Sindical Peronista 17 de Octubre en estado de alerta - Principios","og_description":"Durante la tarde del mi\u00e9rcoles 10 de Abril y en las instalaciones del S.T.M.B. (Sindicato de Trabajadores Municipales de Berazategui) se llev\u00f3 a cabo una nueva reuni\u00f3n de la Mesa Pol\u00edtico Sindical Peronista \u00ab17 de Octubre\u00bb donde se trataron diferentes temas pol\u00edticos y gremiales. Entre los temas pol\u00edticos, se estableci\u00f3 un diagn\u00f3stico de la situaci\u00f3n...","og_url":"https:\/\/diarioprincipios.com\/index.php\/2024\/04\/11\/la-mesa-politico-sindical-peronista-17-de-octubre-en-estado-de-alerta\/","og_site_name":"Principios","article_published_time":"2024-04-11T13:48:46+00:00","article_modified_time":"2024-04-11T13:48:48+00:00","og_image":[{"width":1280,"height":960,"url":"https:\/\/diarioprincipios.com\/wp-content\/uploads\/2024\/04\/IMG-20240411-WA0016.jpg","type":"image\/jpeg"}],"author":"Hern\u00e1n L\u00f3pez","twitter_card":"summary_large_image","twitter_misc":{"Escrito por":"Hern\u00e1n L\u00f3pez","Tiempo de lectura":"2 minutos"},"schema":{"@context":"https:\/\/schema.org","@graph":[{"@type":"Article","@id":"https:\/\/diarioprincipios.com\/index.php\/2024\/04\/11\/la-mesa-politico-sindical-peronista-17-de-octubre-en-estado-de-alerta\/#article","isPartOf":{"@id":"https:\/\/diarioprincipios.com\/index.php\/2024\/04\/11\/la-mesa-politico-sindical-peronista-17-de-octubre-en-estado-de-alerta\/"},"author":{"name":"Hern\u00e1n L\u00f3pez","@id":"https:\/\/diarioprincipios.com\/#\/schema\/person\/436d5a1fd41a5e250e23ff5a6a7cb080"},"headline":"La Mesa Pol\u00edtico Sindical Peronista 17 de Octubre en estado de alerta","datePublished":"2024-04-11T13:48:46+00:00","dateModified":"2024-04-11T13:48:48+00:00","mainEntityOfPage":{"@id":"https:\/\/diarioprincipios.com\/index.php\/2024\/04\/11\/la-mesa-politico-sindical-peronista-17-de-octubre-en-estado-de-alerta\/"},"wordCount":261,"commentCount":0,"publisher":{"@id":"https:\/\/diarioprincipios.com\/#organization"},"image":{"@id":"https:\/\/diarioprincipios.com\/index.php\/2024\/04\/11\/la-mesa-politico-sindical-peronista-17-de-octubre-en-estado-de-alerta\/#primaryimage"},"thumbnailUrl":"https:\/\/diarioprincipios.com\/wp-content\/uploads\/2024\/04\/IMG-20240411-WA0016.jpg","articleSection":["Gremiales"],"inLanguage":"es","potentialAction":[{"@type":"CommentAction","name":"Comment","target":["https:\/\/diarioprincipios.com\/index.php\/2024\/04\/11\/la-mesa-politico-sindical-peronista-17-de-octubre-en-estado-de-alerta\/#respond"]}]},{"@type":"WebPage","@id":"https:\/\/diarioprincipios.com\/index.php\/2024\/04\/11\/la-mesa-politico-sindical-peronista-17-de-octubre-en-estado-de-alerta\/","url":"https:\/\/diarioprincipios.com\/index.php\/2024\/04\/11\/la-mesa-politico-sindical-peronista-17-de-octubre-en-estado-de-alerta\/","name":"La Mesa Pol\u00edtico Sindical Peronista 17 de Octubre en estado de alerta - Principios","isPartOf":{"@id":"https:\/\/diarioprincipios.com\/#website"},"primaryImageOfPage":{"@id":"https:\/\/diarioprincipios.com\/index.php\/2024\/04\/11\/la-mesa-politico-sindical-peronista-17-de-octubre-en-estado-de-alerta\/#primaryimage"},"image":{"@id":"https:\/\/diarioprincipios.com\/index.php\/2024\/04\/11\/la-mesa-politico-sindical-peronista-17-de-octubre-en-estado-de-alerta\/#primaryimage"},"thumbnailUrl":"https:\/\/diarioprincipios.com\/wp-content\/uploads\/2024\/04\/IMG-20240411-WA0016.jpg","datePublished":"2024-04-11T13:48:46+00:00","dateModified":"2024-04-11T13:48:48+00:00","breadcrumb":{"@id":"https:\/\/diarioprincipios.com\/index.php\/2024\/04\/11\/la-mesa-politico-sindical-peronista-17-de-octubre-en-estado-de-alerta\/#breadcrumb"},"inLanguage":"es","potentialAction":[{"@type":"ReadAction","target":["https:\/\/diarioprincipios.com\/index.php\/2024\/04\/11\/la-mesa-politico-sindical-peronista-17-de-octubre-en-estado-de-alerta\/"]}]},{"@type":"ImageObject","inLanguage":"es","@id":"https:\/\/diarioprincipios.com\/index.php\/2024\/04\/11\/la-mesa-politico-sindical-peronista-17-de-octubre-en-estado-de-alerta\/#primaryimage","url":"https:\/\/diarioprincipios.com\/wp-content\/uploads\/2024\/04\/IMG-20240411-WA0016.jpg","contentUrl":"https:\/\/diarioprincipios.com\/wp-content\/uploads\/2024\/04\/IMG-20240411-WA0016.jpg","width":1280,"height":960},{"@type":"BreadcrumbList","@id":"https:\/\/diarioprincipios.com\/index.php\/2024\/04\/11\/la-mesa-politico-sindical-peronista-17-de-octubre-en-estado-de-alerta\/#breadcrumb","itemListElement":[{"@type":"ListItem","position":1,"name":"Portada","item":"https:\/\/diarioprincipios.com\/"},{"@type":"ListItem","position":2,"name":"La Mesa Pol\u00edtico Sindical Peronista 17 de Octubre en estado de alerta"}]},{"@type":"WebSite","@id":"https:\/\/diarioprincipios.com\/#website","url":"https:\/\/diarioprincipios.com\/","name":"Principios","description":"Principios Diario","publisher":{"@id":"https:\/\/diarioprincipios.com\/#organization"},"potentialAction":[{"@type":"SearchAction","target":{"@type":"EntryPoint","urlTemplate":"https:\/\/diarioprincipios.com\/?s={search_term_string}"},"query-input":{"@type":"PropertyValueSpecification","valueRequired":true,"valueName":"search_term_string"}}],"inLanguage":"es"},{"@type":"Organization","@id":"https:\/\/diarioprincipios.com\/#organization","name":"Principios","url":"https:\/\/diarioprincipios.com\/","logo":{"@type":"ImageObject","inLanguage":"es","@id":"https:\/\/diarioprincipios.com\/#\/schema\/logo\/image\/","url":"https:\/\/diarioprincipios.com\/wp-content\/uploads\/2024\/04\/cropped-www.diarioprincipios.com_-1.png","contentUrl":"https:\/\/diarioprincipios.com\/wp-content\/uploads\/2024\/04\/cropped-www.diarioprincipios.com_-1.png","width":5325,"height":1454,"caption":"Principios"},"image":{"@id":"https:\/\/diarioprincipios.com\/#\/schema\/logo\/image\/"}},{"@type":"Person","@id":"https:\/\/diarioprincipios.com\/#\/schema\/person\/436d5a1fd41a5e250e23ff5a6a7cb080","name":"Hern\u00e1n L\u00f3pez","image":{"@type":"ImageObject","inLanguage":"es","@id":"https:\/\/diarioprincipios.com\/wp-content\/litespeed\/avatar\/11ddfe5610ff3bd100522525b2571f48.jpg?ver=1777653193","url":"https:\/\/diarioprincipios.com\/wp-content\/litespeed\/avatar\/11ddfe5610ff3bd100522525b2571f48.jpg?ver=1777653193","contentUrl":"https:\/\/diarioprincipios.com\/wp-content\/litespeed\/avatar\/11ddfe5610ff3bd100522525b2571f48.jpg?ver=1777653193","caption":"Hern\u00e1n L\u00f3pez"},"url":"https:\/\/diarioprincipios.com\/index.php\/author\/hernan\/"}]}},"jetpack_featured_media_url":"https:\/\/diarioprincipios.com\/wp-content\/uploads\/2024\/04\/IMG-20240411-WA0016.jpg","_links":{"self":[{"href":"https:\/\/diarioprincipios.com\/index.php\/wp-json\/wp\/v2\/posts\/21456","targetHints":{"allow":["GET"]}}],"collection":[{"href":"https:\/\/diarioprincipios.com\/index.php\/wp-json\/wp\/v2\/posts"}],"about":[{"href":"https:\/\/diarioprincipios.com\/index.php\/wp-json\/wp\/v2\/types\/post"}],"author":[{"embeddable":true,"href":"https:\/\/diarioprincipios.com\/index.php\/wp-json\/wp\/v2\/users\/2"}],"replies":[{"embeddable":true,"href":"https:\/\/diarioprincipios.com\/index.php\/wp-json\/wp\/v2\/comments?post=21456"}],"version-history":[{"count":1,"href":"https:\/\/diarioprincipios.com\/index.php\/wp-json\/wp\/v2\/posts\/21456\/revisions"}],"predecessor-version":[{"id":21461,"href":"https:\/\/diarioprincipios.com\/index.php\/wp-json\/wp\/v2\/posts\/21456\/revisions\/21461"}],"wp:featuredmedia":[{"embeddable":true,"href":"https:\/\/diarioprincipios.com\/index.php\/wp-json\/wp\/v2\/media\/21460"}],"wp:attachment":[{"href":"https:\/\/diarioprincipios.com\/index.php\/wp-json\/wp\/v2\/media?parent=21456"}],"wp:term":[{"taxonomy":"category","embeddable":true,"href":"https:\/\/diarioprincipios.com\/index.php\/wp-json\/wp\/v2\/categories?post=21456"},{"taxonomy":"post_tag","embeddable":true,"href":"https:\/\/diarioprincipios.com\/index.php\/wp-json\/wp\/v2\/tags?post=21456"}],"curies":[{"name":"wp","href":"https:\/\/api.w.org\/{rel}","templated":true}]}}