{"id":2138,"date":"2020-05-26T13:28:27","date_gmt":"2020-05-26T16:28:27","guid":{"rendered":"http:\/\/diarioprincipios.com\/?p=2138"},"modified":"2020-05-26T18:25:07","modified_gmt":"2020-05-26T21:25:07","slug":"chile-supera-los-800-fallecidos-por-coronavirus-tras-repetir-el-record-de-45-muertes-diarias","status":"publish","type":"post","link":"https:\/\/diarioprincipios.com\/index.php\/2020\/05\/26\/chile-supera-los-800-fallecidos-por-coronavirus-tras-repetir-el-record-de-45-muertes-diarias\/","title":{"rendered":"Chile supera los 800 fallecidos por coronavirus tras repetir el r\u00e9cord de 45 muertes diarias"},"content":{"rendered":"\n<p>Chile registr\u00f3 hoy 45 nuevos fallecidos en las \u00faltimas 24 horas, la mayor cifra de v\u00edctimas mortales que s\u00f3lo se hab\u00eda alcanzado el 21 de mayo, mientras que el n\u00famero de decesos total supera los 800 y los contagios se mantienen cerca de los 4.000 nuevos casos diarios, pese a cumplirse diez d\u00edas de cuarentena en la capital.<\/p>\n\n\n\n<p>Seg\u00fan inform\u00f3 la subsecretaria de Salud, Paula Daza, la mayor\u00eda de las 45 nuevas muertes son \u00abadultos mayores con enfermedades cr\u00f3nicas importantes\u00bb, lo que eleva el n\u00famero de decesos a 806.<\/p>\n\n\n\n<p>La funcionaria detall\u00f3 que se reportaron 3.964 nuevos casos, con 3.618 pacientes que presentaron s\u00edntomas y otros 346 que no lo hicieron, mientras que ya se registran 30.915 recuperados.<\/p>\n\n\n\n<p>Por su parte, el subsecretario de Redes Asistenciales, Arturo Z\u00fa\u00f1iga, inform\u00f3 que hay 1.202 pacientes en unidad de cuidados intensivos, con 1.029 conectados a ventilaci\u00f3n mec\u00e1nica y otros 229 en estado cr\u00edtico, en un sistema de salud con un 95% de ocupaci\u00f3n de camas cr\u00edticas en la capital chilena y 86% a nivel nacional.<\/p>\n\n\n\n<p>Entre tanto, el ministro de Energ\u00eda, Juan Carlos Jobet, inform\u00f3 que contrajo Covid-19, por lo que entrar\u00e1 en cuarentena tras dar positivo al examen PCR, uno de los 13.074 que se realizaron el lunes, que ya suman 501.125 pruebas.<\/p>\n\n\n\n<p>\u00abHoy di positivo por Covid-19. Como indica la autoridad sanitaria estar\u00e9 en cuarentena para no contagiar a los dem\u00e1s. Gracias a todos por sus mensajes y su preocupaci\u00f3n\u00bb, escribi\u00f3 el ministro en Twitter.<\/p>\n\n\n\n<p>De este modo, Jobet es el segundo miembro de Gabinete contagiado por coronavirus, el primero fue el ministro de Obras P\u00fablicas chileno, Alfredo Moreno.<\/p>\n\n\n\n<p>Chile vive desde el 18 de marzo un Estado de Excepci\u00f3n Constitucional por Cat\u00e1strofe por 90 d\u00edas, implementado por el gobierno en medio de la crisis sanitaria generada por el coronavirus.<\/p>\n","protected":false},"excerpt":{"rendered":"<p>Chile registr\u00f3 hoy 45 nuevos fallecidos en las \u00faltimas 24 horas, la mayor cifra de v\u00edctimas mortales que s\u00f3lo se hab\u00eda alcanzado el 21 de mayo, mientras que el n\u00famero de decesos total supera los 800 y los contagios se mantienen cerca de los 4.000 nuevos casos diarios, pese a cumplirse diez d\u00edas de cuarentena&#8230;<\/p>\n","protected":false},"author":2,"featured_media":2158,"comment_status":"open","ping_status":"open","sticky":false,"template":"","format":"standard","meta":{"footnotes":""},"categories":[1],"tags":[],"class_list":["post-2138","post","type-post","status-publish","format-standard","has-post-thumbnail","hentry","category-uncategorized"],"featured_image_src":"https:\/\/diarioprincipios.com\/wp-content\/uploads\/2020\/05\/Pin\u0303era-1-1200x647-1-1024x552.jpg","blog_images":{"medium":"https:\/\/diarioprincipios.com\/wp-content\/uploads\/2020\/05\/Pin\u0303era-1-1200x647-1-300x162.jpg","large":"https:\/\/diarioprincipios.com\/wp-content\/uploads\/2020\/05\/Pin\u0303era-1-1200x647-1-1024x552.jpg"},"ams_acf":[],"yoast_head":"<!-- This site is optimized with the Yoast SEO plugin v27.3 - https:\/\/yoast.com\/product\/yoast-seo-wordpress\/ -->\n<title>Chile supera los 800 fallecidos por coronavirus tras repetir el r\u00e9cord de 45 muertes diarias - Principios<\/title>\n<meta name=\"robots\" content=\"index, follow, max-snippet:-1, max-image-preview:large, max-video-preview:-1\" \/>\n<link rel=\"canonical\" href=\"https:\/\/diarioprincipios.com\/index.php\/2020\/05\/26\/chile-supera-los-800-fallecidos-por-coronavirus-tras-repetir-el-record-de-45-muertes-diarias\/\" \/>\n<meta property=\"og:locale\" content=\"es_ES\" \/>\n<meta property=\"og:type\" content=\"article\" \/>\n<meta property=\"og:title\" content=\"Chile supera los 800 fallecidos por coronavirus tras repetir el r\u00e9cord de 45 muertes diarias - Principios\" \/>\n<meta property=\"og:description\" content=\"Chile registr\u00f3 hoy 45 nuevos fallecidos en las \u00faltimas 24 horas, la mayor cifra de v\u00edctimas mortales que s\u00f3lo se hab\u00eda alcanzado el 21 de mayo, mientras que el n\u00famero de decesos total supera los 800 y los contagios se mantienen cerca de los 4.000 nuevos casos diarios, pese a cumplirse diez d\u00edas de cuarentena...\" \/>\n<meta property=\"og:url\" content=\"https:\/\/diarioprincipios.com\/index.php\/2020\/05\/26\/chile-supera-los-800-fallecidos-por-coronavirus-tras-repetir-el-record-de-45-muertes-diarias\/\" \/>\n<meta property=\"og:site_name\" content=\"Principios\" \/>\n<meta property=\"article:published_time\" content=\"2020-05-26T16:28:27+00:00\" \/>\n<meta property=\"article:modified_time\" content=\"2020-05-26T21:25:07+00:00\" \/>\n<meta property=\"og:image\" content=\"https:\/\/diarioprincipios.com\/wp-content\/uploads\/2020\/05\/Pin\u0303era-1-1200x647-1.jpg\" \/>\n\t<meta property=\"og:image:width\" content=\"1200\" \/>\n\t<meta property=\"og:image:height\" content=\"647\" \/>\n\t<meta property=\"og:image:type\" content=\"image\/jpeg\" \/>\n<meta name=\"author\" content=\"Hern\u00e1n L\u00f3pez\" \/>\n<meta name=\"twitter:card\" content=\"summary_large_image\" \/>\n<meta name=\"twitter:label1\" content=\"Escrito por\" \/>\n\t<meta name=\"twitter:data1\" content=\"Hern\u00e1n L\u00f3pez\" \/>\n\t<meta name=\"twitter:label2\" content=\"Tiempo de lectura\" \/>\n\t<meta name=\"twitter:data2\" content=\"2 minutos\" \/>\n<script type=\"application\/ld+json\" class=\"yoast-schema-graph\">{\"@context\":\"https:\\\/\\\/schema.org\",\"@graph\":[{\"@type\":\"Article\",\"@id\":\"https:\\\/\\\/diarioprincipios.com\\\/index.php\\\/2020\\\/05\\\/26\\\/chile-supera-los-800-fallecidos-por-coronavirus-tras-repetir-el-record-de-45-muertes-diarias\\\/#article\",\"isPartOf\":{\"@id\":\"https:\\\/\\\/diarioprincipios.com\\\/index.php\\\/2020\\\/05\\\/26\\\/chile-supera-los-800-fallecidos-por-coronavirus-tras-repetir-el-record-de-45-muertes-diarias\\\/\"},\"author\":{\"name\":\"Hern\u00e1n L\u00f3pez\",\"@id\":\"https:\\\/\\\/diarioprincipios.com\\\/#\\\/schema\\\/person\\\/436d5a1fd41a5e250e23ff5a6a7cb080\"},\"headline\":\"Chile supera los 800 fallecidos por coronavirus tras repetir el r\u00e9cord de 45 muertes diarias\",\"datePublished\":\"2020-05-26T16:28:27+00:00\",\"dateModified\":\"2020-05-26T21:25:07+00:00\",\"mainEntityOfPage\":{\"@id\":\"https:\\\/\\\/diarioprincipios.com\\\/index.php\\\/2020\\\/05\\\/26\\\/chile-supera-los-800-fallecidos-por-coronavirus-tras-repetir-el-record-de-45-muertes-diarias\\\/\"},\"wordCount\":316,\"commentCount\":0,\"publisher\":{\"@id\":\"https:\\\/\\\/diarioprincipios.com\\\/#organization\"},\"image\":{\"@id\":\"https:\\\/\\\/diarioprincipios.com\\\/index.php\\\/2020\\\/05\\\/26\\\/chile-supera-los-800-fallecidos-por-coronavirus-tras-repetir-el-record-de-45-muertes-diarias\\\/#primaryimage\"},\"thumbnailUrl\":\"https:\\\/\\\/diarioprincipios.com\\\/wp-content\\\/uploads\\\/2020\\\/05\\\/Pin\u0303era-1-1200x647-1.jpg\",\"articleSection\":[\"Uncategorized\"],\"inLanguage\":\"es\",\"potentialAction\":[{\"@type\":\"CommentAction\",\"name\":\"Comment\",\"target\":[\"https:\\\/\\\/diarioprincipios.com\\\/index.php\\\/2020\\\/05\\\/26\\\/chile-supera-los-800-fallecidos-por-coronavirus-tras-repetir-el-record-de-45-muertes-diarias\\\/#respond\"]}]},{\"@type\":\"WebPage\",\"@id\":\"https:\\\/\\\/diarioprincipios.com\\\/index.php\\\/2020\\\/05\\\/26\\\/chile-supera-los-800-fallecidos-por-coronavirus-tras-repetir-el-record-de-45-muertes-diarias\\\/\",\"url\":\"https:\\\/\\\/diarioprincipios.com\\\/index.php\\\/2020\\\/05\\\/26\\\/chile-supera-los-800-fallecidos-por-coronavirus-tras-repetir-el-record-de-45-muertes-diarias\\\/\",\"name\":\"Chile supera los 800 fallecidos por coronavirus tras repetir el r\u00e9cord de 45 muertes diarias - Principios\",\"isPartOf\":{\"@id\":\"https:\\\/\\\/diarioprincipios.com\\\/#website\"},\"primaryImageOfPage\":{\"@id\":\"https:\\\/\\\/diarioprincipios.com\\\/index.php\\\/2020\\\/05\\\/26\\\/chile-supera-los-800-fallecidos-por-coronavirus-tras-repetir-el-record-de-45-muertes-diarias\\\/#primaryimage\"},\"image\":{\"@id\":\"https:\\\/\\\/diarioprincipios.com\\\/index.php\\\/2020\\\/05\\\/26\\\/chile-supera-los-800-fallecidos-por-coronavirus-tras-repetir-el-record-de-45-muertes-diarias\\\/#primaryimage\"},\"thumbnailUrl\":\"https:\\\/\\\/diarioprincipios.com\\\/wp-content\\\/uploads\\\/2020\\\/05\\\/Pin\u0303era-1-1200x647-1.jpg\",\"datePublished\":\"2020-05-26T16:28:27+00:00\",\"dateModified\":\"2020-05-26T21:25:07+00:00\",\"breadcrumb\":{\"@id\":\"https:\\\/\\\/diarioprincipios.com\\\/index.php\\\/2020\\\/05\\\/26\\\/chile-supera-los-800-fallecidos-por-coronavirus-tras-repetir-el-record-de-45-muertes-diarias\\\/#breadcrumb\"},\"inLanguage\":\"es\",\"potentialAction\":[{\"@type\":\"ReadAction\",\"target\":[\"https:\\\/\\\/diarioprincipios.com\\\/index.php\\\/2020\\\/05\\\/26\\\/chile-supera-los-800-fallecidos-por-coronavirus-tras-repetir-el-record-de-45-muertes-diarias\\\/\"]}]},{\"@type\":\"ImageObject\",\"inLanguage\":\"es\",\"@id\":\"https:\\\/\\\/diarioprincipios.com\\\/index.php\\\/2020\\\/05\\\/26\\\/chile-supera-los-800-fallecidos-por-coronavirus-tras-repetir-el-record-de-45-muertes-diarias\\\/#primaryimage\",\"url\":\"https:\\\/\\\/diarioprincipios.com\\\/wp-content\\\/uploads\\\/2020\\\/05\\\/Pin\u0303era-1-1200x647-1.jpg\",\"contentUrl\":\"https:\\\/\\\/diarioprincipios.com\\\/wp-content\\\/uploads\\\/2020\\\/05\\\/Pin\u0303era-1-1200x647-1.jpg\",\"width\":1200,\"height\":647},{\"@type\":\"BreadcrumbList\",\"@id\":\"https:\\\/\\\/diarioprincipios.com\\\/index.php\\\/2020\\\/05\\\/26\\\/chile-supera-los-800-fallecidos-por-coronavirus-tras-repetir-el-record-de-45-muertes-diarias\\\/#breadcrumb\",\"itemListElement\":[{\"@type\":\"ListItem\",\"position\":1,\"name\":\"Portada\",\"item\":\"https:\\\/\\\/diarioprincipios.com\\\/\"},{\"@type\":\"ListItem\",\"position\":2,\"name\":\"Chile supera los 800 fallecidos por coronavirus tras repetir el r\u00e9cord de 45 muertes diarias\"}]},{\"@type\":\"WebSite\",\"@id\":\"https:\\\/\\\/diarioprincipios.com\\\/#website\",\"url\":\"https:\\\/\\\/diarioprincipios.com\\\/\",\"name\":\"Principios\",\"description\":\"Principios Diario\",\"publisher\":{\"@id\":\"https:\\\/\\\/diarioprincipios.com\\\/#organization\"},\"potentialAction\":[{\"@type\":\"SearchAction\",\"target\":{\"@type\":\"EntryPoint\",\"urlTemplate\":\"https:\\\/\\\/diarioprincipios.com\\\/?s={search_term_string}\"},\"query-input\":{\"@type\":\"PropertyValueSpecification\",\"valueRequired\":true,\"valueName\":\"search_term_string\"}}],\"inLanguage\":\"es\"},{\"@type\":\"Organization\",\"@id\":\"https:\\\/\\\/diarioprincipios.com\\\/#organization\",\"name\":\"Principios\",\"url\":\"https:\\\/\\\/diarioprincipios.com\\\/\",\"logo\":{\"@type\":\"ImageObject\",\"inLanguage\":\"es\",\"@id\":\"https:\\\/\\\/diarioprincipios.com\\\/#\\\/schema\\\/logo\\\/image\\\/\",\"url\":\"https:\\\/\\\/diarioprincipios.com\\\/wp-content\\\/uploads\\\/2024\\\/04\\\/cropped-www.diarioprincipios.com_-1.png\",\"contentUrl\":\"https:\\\/\\\/diarioprincipios.com\\\/wp-content\\\/uploads\\\/2024\\\/04\\\/cropped-www.diarioprincipios.com_-1.png\",\"width\":5325,\"height\":1454,\"caption\":\"Principios\"},\"image\":{\"@id\":\"https:\\\/\\\/diarioprincipios.com\\\/#\\\/schema\\\/logo\\\/image\\\/\"}},{\"@type\":\"Person\",\"@id\":\"https:\\\/\\\/diarioprincipios.com\\\/#\\\/schema\\\/person\\\/436d5a1fd41a5e250e23ff5a6a7cb080\",\"name\":\"Hern\u00e1n L\u00f3pez\",\"image\":{\"@type\":\"ImageObject\",\"inLanguage\":\"es\",\"@id\":\"https:\\\/\\\/diarioprincipios.com\\\/wp-content\\\/litespeed\\\/avatar\\\/11ddfe5610ff3bd100522525b2571f48.jpg?ver=1777653193\",\"url\":\"https:\\\/\\\/diarioprincipios.com\\\/wp-content\\\/litespeed\\\/avatar\\\/11ddfe5610ff3bd100522525b2571f48.jpg?ver=1777653193\",\"contentUrl\":\"https:\\\/\\\/diarioprincipios.com\\\/wp-content\\\/litespeed\\\/avatar\\\/11ddfe5610ff3bd100522525b2571f48.jpg?ver=1777653193\",\"caption\":\"Hern\u00e1n L\u00f3pez\"},\"url\":\"https:\\\/\\\/diarioprincipios.com\\\/index.php\\\/author\\\/hernan\\\/\"}]}<\/script>\n<!-- \/ Yoast SEO plugin. -->","yoast_head_json":{"title":"Chile supera los 800 fallecidos por coronavirus tras repetir el r\u00e9cord de 45 muertes diarias - Principios","robots":{"index":"index","follow":"follow","max-snippet":"max-snippet:-1","max-image-preview":"max-image-preview:large","max-video-preview":"max-video-preview:-1"},"canonical":"https:\/\/diarioprincipios.com\/index.php\/2020\/05\/26\/chile-supera-los-800-fallecidos-por-coronavirus-tras-repetir-el-record-de-45-muertes-diarias\/","og_locale":"es_ES","og_type":"article","og_title":"Chile supera los 800 fallecidos por coronavirus tras repetir el r\u00e9cord de 45 muertes diarias - Principios","og_description":"Chile registr\u00f3 hoy 45 nuevos fallecidos en las \u00faltimas 24 horas, la mayor cifra de v\u00edctimas mortales que s\u00f3lo se hab\u00eda alcanzado el 21 de mayo, mientras que el n\u00famero de decesos total supera los 800 y los contagios se mantienen cerca de los 4.000 nuevos casos diarios, pese a cumplirse diez d\u00edas de cuarentena...","og_url":"https:\/\/diarioprincipios.com\/index.php\/2020\/05\/26\/chile-supera-los-800-fallecidos-por-coronavirus-tras-repetir-el-record-de-45-muertes-diarias\/","og_site_name":"Principios","article_published_time":"2020-05-26T16:28:27+00:00","article_modified_time":"2020-05-26T21:25:07+00:00","og_image":[{"width":1200,"height":647,"url":"https:\/\/diarioprincipios.com\/wp-content\/uploads\/2020\/05\/Pin\u0303era-1-1200x647-1.jpg","type":"image\/jpeg"}],"author":"Hern\u00e1n L\u00f3pez","twitter_card":"summary_large_image","twitter_misc":{"Escrito por":"Hern\u00e1n L\u00f3pez","Tiempo de lectura":"2 minutos"},"schema":{"@context":"https:\/\/schema.org","@graph":[{"@type":"Article","@id":"https:\/\/diarioprincipios.com\/index.php\/2020\/05\/26\/chile-supera-los-800-fallecidos-por-coronavirus-tras-repetir-el-record-de-45-muertes-diarias\/#article","isPartOf":{"@id":"https:\/\/diarioprincipios.com\/index.php\/2020\/05\/26\/chile-supera-los-800-fallecidos-por-coronavirus-tras-repetir-el-record-de-45-muertes-diarias\/"},"author":{"name":"Hern\u00e1n L\u00f3pez","@id":"https:\/\/diarioprincipios.com\/#\/schema\/person\/436d5a1fd41a5e250e23ff5a6a7cb080"},"headline":"Chile supera los 800 fallecidos por coronavirus tras repetir el r\u00e9cord de 45 muertes diarias","datePublished":"2020-05-26T16:28:27+00:00","dateModified":"2020-05-26T21:25:07+00:00","mainEntityOfPage":{"@id":"https:\/\/diarioprincipios.com\/index.php\/2020\/05\/26\/chile-supera-los-800-fallecidos-por-coronavirus-tras-repetir-el-record-de-45-muertes-diarias\/"},"wordCount":316,"commentCount":0,"publisher":{"@id":"https:\/\/diarioprincipios.com\/#organization"},"image":{"@id":"https:\/\/diarioprincipios.com\/index.php\/2020\/05\/26\/chile-supera-los-800-fallecidos-por-coronavirus-tras-repetir-el-record-de-45-muertes-diarias\/#primaryimage"},"thumbnailUrl":"https:\/\/diarioprincipios.com\/wp-content\/uploads\/2020\/05\/Pin\u0303era-1-1200x647-1.jpg","articleSection":["Uncategorized"],"inLanguage":"es","potentialAction":[{"@type":"CommentAction","name":"Comment","target":["https:\/\/diarioprincipios.com\/index.php\/2020\/05\/26\/chile-supera-los-800-fallecidos-por-coronavirus-tras-repetir-el-record-de-45-muertes-diarias\/#respond"]}]},{"@type":"WebPage","@id":"https:\/\/diarioprincipios.com\/index.php\/2020\/05\/26\/chile-supera-los-800-fallecidos-por-coronavirus-tras-repetir-el-record-de-45-muertes-diarias\/","url":"https:\/\/diarioprincipios.com\/index.php\/2020\/05\/26\/chile-supera-los-800-fallecidos-por-coronavirus-tras-repetir-el-record-de-45-muertes-diarias\/","name":"Chile supera los 800 fallecidos por coronavirus tras repetir el r\u00e9cord de 45 muertes diarias - Principios","isPartOf":{"@id":"https:\/\/diarioprincipios.com\/#website"},"primaryImageOfPage":{"@id":"https:\/\/diarioprincipios.com\/index.php\/2020\/05\/26\/chile-supera-los-800-fallecidos-por-coronavirus-tras-repetir-el-record-de-45-muertes-diarias\/#primaryimage"},"image":{"@id":"https:\/\/diarioprincipios.com\/index.php\/2020\/05\/26\/chile-supera-los-800-fallecidos-por-coronavirus-tras-repetir-el-record-de-45-muertes-diarias\/#primaryimage"},"thumbnailUrl":"https:\/\/diarioprincipios.com\/wp-content\/uploads\/2020\/05\/Pin\u0303era-1-1200x647-1.jpg","datePublished":"2020-05-26T16:28:27+00:00","dateModified":"2020-05-26T21:25:07+00:00","breadcrumb":{"@id":"https:\/\/diarioprincipios.com\/index.php\/2020\/05\/26\/chile-supera-los-800-fallecidos-por-coronavirus-tras-repetir-el-record-de-45-muertes-diarias\/#breadcrumb"},"inLanguage":"es","potentialAction":[{"@type":"ReadAction","target":["https:\/\/diarioprincipios.com\/index.php\/2020\/05\/26\/chile-supera-los-800-fallecidos-por-coronavirus-tras-repetir-el-record-de-45-muertes-diarias\/"]}]},{"@type":"ImageObject","inLanguage":"es","@id":"https:\/\/diarioprincipios.com\/index.php\/2020\/05\/26\/chile-supera-los-800-fallecidos-por-coronavirus-tras-repetir-el-record-de-45-muertes-diarias\/#primaryimage","url":"https:\/\/diarioprincipios.com\/wp-content\/uploads\/2020\/05\/Pin\u0303era-1-1200x647-1.jpg","contentUrl":"https:\/\/diarioprincipios.com\/wp-content\/uploads\/2020\/05\/Pin\u0303era-1-1200x647-1.jpg","width":1200,"height":647},{"@type":"BreadcrumbList","@id":"https:\/\/diarioprincipios.com\/index.php\/2020\/05\/26\/chile-supera-los-800-fallecidos-por-coronavirus-tras-repetir-el-record-de-45-muertes-diarias\/#breadcrumb","itemListElement":[{"@type":"ListItem","position":1,"name":"Portada","item":"https:\/\/diarioprincipios.com\/"},{"@type":"ListItem","position":2,"name":"Chile supera los 800 fallecidos por coronavirus tras repetir el r\u00e9cord de 45 muertes diarias"}]},{"@type":"WebSite","@id":"https:\/\/diarioprincipios.com\/#website","url":"https:\/\/diarioprincipios.com\/","name":"Principios","description":"Principios Diario","publisher":{"@id":"https:\/\/diarioprincipios.com\/#organization"},"potentialAction":[{"@type":"SearchAction","target":{"@type":"EntryPoint","urlTemplate":"https:\/\/diarioprincipios.com\/?s={search_term_string}"},"query-input":{"@type":"PropertyValueSpecification","valueRequired":true,"valueName":"search_term_string"}}],"inLanguage":"es"},{"@type":"Organization","@id":"https:\/\/diarioprincipios.com\/#organization","name":"Principios","url":"https:\/\/diarioprincipios.com\/","logo":{"@type":"ImageObject","inLanguage":"es","@id":"https:\/\/diarioprincipios.com\/#\/schema\/logo\/image\/","url":"https:\/\/diarioprincipios.com\/wp-content\/uploads\/2024\/04\/cropped-www.diarioprincipios.com_-1.png","contentUrl":"https:\/\/diarioprincipios.com\/wp-content\/uploads\/2024\/04\/cropped-www.diarioprincipios.com_-1.png","width":5325,"height":1454,"caption":"Principios"},"image":{"@id":"https:\/\/diarioprincipios.com\/#\/schema\/logo\/image\/"}},{"@type":"Person","@id":"https:\/\/diarioprincipios.com\/#\/schema\/person\/436d5a1fd41a5e250e23ff5a6a7cb080","name":"Hern\u00e1n L\u00f3pez","image":{"@type":"ImageObject","inLanguage":"es","@id":"https:\/\/diarioprincipios.com\/wp-content\/litespeed\/avatar\/11ddfe5610ff3bd100522525b2571f48.jpg?ver=1777653193","url":"https:\/\/diarioprincipios.com\/wp-content\/litespeed\/avatar\/11ddfe5610ff3bd100522525b2571f48.jpg?ver=1777653193","contentUrl":"https:\/\/diarioprincipios.com\/wp-content\/litespeed\/avatar\/11ddfe5610ff3bd100522525b2571f48.jpg?ver=1777653193","caption":"Hern\u00e1n L\u00f3pez"},"url":"https:\/\/diarioprincipios.com\/index.php\/author\/hernan\/"}]}},"jetpack_featured_media_url":"https:\/\/diarioprincipios.com\/wp-content\/uploads\/2020\/05\/Pin\u0303era-1-1200x647-1.jpg","_links":{"self":[{"href":"https:\/\/diarioprincipios.com\/index.php\/wp-json\/wp\/v2\/posts\/2138","targetHints":{"allow":["GET"]}}],"collection":[{"href":"https:\/\/diarioprincipios.com\/index.php\/wp-json\/wp\/v2\/posts"}],"about":[{"href":"https:\/\/diarioprincipios.com\/index.php\/wp-json\/wp\/v2\/types\/post"}],"author":[{"embeddable":true,"href":"https:\/\/diarioprincipios.com\/index.php\/wp-json\/wp\/v2\/users\/2"}],"replies":[{"embeddable":true,"href":"https:\/\/diarioprincipios.com\/index.php\/wp-json\/wp\/v2\/comments?post=2138"}],"version-history":[{"count":1,"href":"https:\/\/diarioprincipios.com\/index.php\/wp-json\/wp\/v2\/posts\/2138\/revisions"}],"predecessor-version":[{"id":2140,"href":"https:\/\/diarioprincipios.com\/index.php\/wp-json\/wp\/v2\/posts\/2138\/revisions\/2140"}],"wp:featuredmedia":[{"embeddable":true,"href":"https:\/\/diarioprincipios.com\/index.php\/wp-json\/wp\/v2\/media\/2158"}],"wp:attachment":[{"href":"https:\/\/diarioprincipios.com\/index.php\/wp-json\/wp\/v2\/media?parent=2138"}],"wp:term":[{"taxonomy":"category","embeddable":true,"href":"https:\/\/diarioprincipios.com\/index.php\/wp-json\/wp\/v2\/categories?post=2138"},{"taxonomy":"post_tag","embeddable":true,"href":"https:\/\/diarioprincipios.com\/index.php\/wp-json\/wp\/v2\/tags?post=2138"}],"curies":[{"name":"wp","href":"https:\/\/api.w.org\/{rel}","templated":true}]}}