{"id":21370,"date":"2024-04-07T23:24:25","date_gmt":"2024-04-08T02:24:25","guid":{"rendered":"http:\/\/diarioprincipios.com\/?p=21370"},"modified":"2024-04-07T23:24:27","modified_gmt":"2024-04-08T02:24:27","slug":"se-realizo-un-acto-conmemorativo-por-la-gesta-de-malvinas-en-la-rotonda-heroes-de-malvinas","status":"publish","type":"post","link":"https:\/\/diarioprincipios.com\/index.php\/2024\/04\/07\/se-realizo-un-acto-conmemorativo-por-la-gesta-de-malvinas-en-la-rotonda-heroes-de-malvinas\/","title":{"rendered":"Se realiz\u00f3 un acto conmemorativo por la Gesta de Malvinas en la Rotonda H\u00e9roes de Malvinas"},"content":{"rendered":"\n<p><strong>El martes 2 de abril se realiz\u00f3 un acto conmemorativo por la Gesta de Malvinas en la Rotonda H\u00e9roes de Malvinas (Barrio Mar\u00edtimo), en homenaje a los soldados berazateguenses que perdieron la vida en combate. El intendente municipal, Juan Jos\u00e9 Mussi, encabez\u00f3 la ceremonia.<\/strong><\/p>\n\n\n\n<p>\u201cHay que seguir educando con Malvinas; todos los a\u00f1os se tiene que hablar de las Islas. No hay que aflojar con esto, de ninguna manera. Lo peor que les podr\u00eda pasar a los h\u00e9roes es el olvido. Berazategui es malvinera, eso nos hace sentir muy orgullosos\u201d, asegur\u00f3 Mussi.<\/p>\n\n\n\n<figure class=\"wp-block-image size-large\"><img loading=\"lazy\" decoding=\"async\" width=\"1024\" height=\"683\" src=\"https:\/\/diarioprincipios.com\/wp-content\/uploads\/2024\/04\/CONMEMORACION-POR-EL-DIA-DEL-VETERANO-Y-LOS-CAIDOS-EN-MALVINAS-2-1024x683.jpg\" alt=\"\" class=\"wp-image-21371\" srcset=\"https:\/\/diarioprincipios.com\/wp-content\/uploads\/2024\/04\/CONMEMORACION-POR-EL-DIA-DEL-VETERANO-Y-LOS-CAIDOS-EN-MALVINAS-2-1024x683.jpg 1024w, https:\/\/diarioprincipios.com\/wp-content\/uploads\/2024\/04\/CONMEMORACION-POR-EL-DIA-DEL-VETERANO-Y-LOS-CAIDOS-EN-MALVINAS-2-300x200.jpg 300w, https:\/\/diarioprincipios.com\/wp-content\/uploads\/2024\/04\/CONMEMORACION-POR-EL-DIA-DEL-VETERANO-Y-LOS-CAIDOS-EN-MALVINAS-2-768x512.jpg 768w, https:\/\/diarioprincipios.com\/wp-content\/uploads\/2024\/04\/CONMEMORACION-POR-EL-DIA-DEL-VETERANO-Y-LOS-CAIDOS-EN-MALVINAS-2-1536x1024.jpg 1536w, https:\/\/diarioprincipios.com\/wp-content\/uploads\/2024\/04\/CONMEMORACION-POR-EL-DIA-DEL-VETERANO-Y-LOS-CAIDOS-EN-MALVINAS-2-600x400.jpg 600w, https:\/\/diarioprincipios.com\/wp-content\/uploads\/2024\/04\/CONMEMORACION-POR-EL-DIA-DEL-VETERANO-Y-LOS-CAIDOS-EN-MALVINAS-2.jpg 1920w\" sizes=\"auto, (max-width: 1024px) 100vw, 1024px\" \/><\/figure>\n\n\n\n<p>Por su parte, el presidente de la Agrupaci\u00f3n H\u00e9roes de Malvinas, Daniel Alfonso, expres\u00f3: \u201cMe pone muy feliz que hoy haya chicos ac\u00e1, porque en el futuro van a tener que levantar la bandera de la soberan\u00eda\u201d. Y agreg\u00f3: \u201cEste es un Municipio muy malvinizador gracias al Intendente\u201d.<\/p>\n\n\n\n<p>Durante el homenaje, organizado por la Liga de Amas de Casa del distrito, se colocaron coronas de laureles y ofrendas de honor para los Ca\u00eddos en el Monte Longdon: el Cabo 1\u00b0 Dar\u00edo Rolando R\u00edos y el soldado Elbio Eduardo Araujo; as\u00ed como para los Ca\u00eddos en el hundimiento del Crucero ARA General Belgrano: Ra\u00fal Leguizamo y Miguel \u00c1ngel Escudero -quienes tuvieron el cargo de Cabo 1\u00b0-; el Cabo 2\u00b0 Isa\u00edas Quilahueque y el Marinero 1\u00b0 H\u00e9ctor R\u00edos. Por otro lado, Mussi entreg\u00f3 eximiciones de tasas a excombatientes.<\/p>\n","protected":false},"excerpt":{"rendered":"<p>El martes 2 de abril se realiz\u00f3 un acto conmemorativo por la Gesta de Malvinas en la Rotonda H\u00e9roes de Malvinas (Barrio Mar\u00edtimo), en homenaje a los soldados berazateguenses que perdieron la vida en combate. El intendente municipal, Juan Jos\u00e9 Mussi, encabez\u00f3 la ceremonia. \u201cHay que seguir educando con Malvinas; todos los a\u00f1os se tiene&#8230;<\/p>\n","protected":false},"author":2,"featured_media":21372,"comment_status":"open","ping_status":"open","sticky":false,"template":"","format":"standard","meta":{"footnotes":""},"categories":[3],"tags":[],"class_list":["post-21370","post","type-post","status-publish","format-standard","has-post-thumbnail","hentry","category-berazategui"],"featured_image_src":"https:\/\/diarioprincipios.com\/wp-content\/uploads\/2024\/04\/CONMEMORACION-POR-EL-DIA-DEL-VETERANO-Y-LOS-CAIDOS-EN-MALVINAS-1-1024x683.jpg","blog_images":{"medium":"https:\/\/diarioprincipios.com\/wp-content\/uploads\/2024\/04\/CONMEMORACION-POR-EL-DIA-DEL-VETERANO-Y-LOS-CAIDOS-EN-MALVINAS-1-300x200.jpg","large":"https:\/\/diarioprincipios.com\/wp-content\/uploads\/2024\/04\/CONMEMORACION-POR-EL-DIA-DEL-VETERANO-Y-LOS-CAIDOS-EN-MALVINAS-1-1024x683.jpg"},"ams_acf":[],"yoast_head":"<!-- This site is optimized with the Yoast SEO plugin v27.3 - https:\/\/yoast.com\/product\/yoast-seo-wordpress\/ -->\n<title>Se realiz\u00f3 un acto conmemorativo por la Gesta de Malvinas en la Rotonda H\u00e9roes de Malvinas - Principios<\/title>\n<meta name=\"robots\" content=\"index, follow, max-snippet:-1, max-image-preview:large, max-video-preview:-1\" \/>\n<link rel=\"canonical\" href=\"https:\/\/diarioprincipios.com\/index.php\/2024\/04\/07\/se-realizo-un-acto-conmemorativo-por-la-gesta-de-malvinas-en-la-rotonda-heroes-de-malvinas\/\" \/>\n<meta property=\"og:locale\" content=\"es_ES\" \/>\n<meta property=\"og:type\" content=\"article\" \/>\n<meta property=\"og:title\" content=\"Se realiz\u00f3 un acto conmemorativo por la Gesta de Malvinas en la Rotonda H\u00e9roes de Malvinas - Principios\" \/>\n<meta property=\"og:description\" content=\"El martes 2 de abril se realiz\u00f3 un acto conmemorativo por la Gesta de Malvinas en la Rotonda H\u00e9roes de Malvinas (Barrio Mar\u00edtimo), en homenaje a los soldados berazateguenses que perdieron la vida en combate. El intendente municipal, Juan Jos\u00e9 Mussi, encabez\u00f3 la ceremonia. \u201cHay que seguir educando con Malvinas; todos los a\u00f1os se tiene...\" \/>\n<meta property=\"og:url\" content=\"https:\/\/diarioprincipios.com\/index.php\/2024\/04\/07\/se-realizo-un-acto-conmemorativo-por-la-gesta-de-malvinas-en-la-rotonda-heroes-de-malvinas\/\" \/>\n<meta property=\"og:site_name\" content=\"Principios\" \/>\n<meta property=\"article:published_time\" content=\"2024-04-08T02:24:25+00:00\" \/>\n<meta property=\"article:modified_time\" content=\"2024-04-08T02:24:27+00:00\" \/>\n<meta property=\"og:image\" content=\"https:\/\/diarioprincipios.com\/wp-content\/uploads\/2024\/04\/CONMEMORACION-POR-EL-DIA-DEL-VETERANO-Y-LOS-CAIDOS-EN-MALVINAS-1.jpg\" \/>\n\t<meta property=\"og:image:width\" content=\"1920\" \/>\n\t<meta property=\"og:image:height\" content=\"1280\" \/>\n\t<meta property=\"og:image:type\" content=\"image\/jpeg\" \/>\n<meta name=\"author\" content=\"Hern\u00e1n L\u00f3pez\" \/>\n<meta name=\"twitter:card\" content=\"summary_large_image\" \/>\n<meta name=\"twitter:label1\" content=\"Escrito por\" \/>\n\t<meta name=\"twitter:data1\" content=\"Hern\u00e1n L\u00f3pez\" \/>\n\t<meta name=\"twitter:label2\" content=\"Tiempo de lectura\" \/>\n\t<meta name=\"twitter:data2\" content=\"2 minutos\" \/>\n<script type=\"application\/ld+json\" class=\"yoast-schema-graph\">{\"@context\":\"https:\\\/\\\/schema.org\",\"@graph\":[{\"@type\":\"Article\",\"@id\":\"https:\\\/\\\/diarioprincipios.com\\\/index.php\\\/2024\\\/04\\\/07\\\/se-realizo-un-acto-conmemorativo-por-la-gesta-de-malvinas-en-la-rotonda-heroes-de-malvinas\\\/#article\",\"isPartOf\":{\"@id\":\"https:\\\/\\\/diarioprincipios.com\\\/index.php\\\/2024\\\/04\\\/07\\\/se-realizo-un-acto-conmemorativo-por-la-gesta-de-malvinas-en-la-rotonda-heroes-de-malvinas\\\/\"},\"author\":{\"name\":\"Hern\u00e1n L\u00f3pez\",\"@id\":\"https:\\\/\\\/diarioprincipios.com\\\/#\\\/schema\\\/person\\\/436d5a1fd41a5e250e23ff5a6a7cb080\"},\"headline\":\"Se realiz\u00f3 un acto conmemorativo por la Gesta de Malvinas en la Rotonda H\u00e9roes de Malvinas\",\"datePublished\":\"2024-04-08T02:24:25+00:00\",\"dateModified\":\"2024-04-08T02:24:27+00:00\",\"mainEntityOfPage\":{\"@id\":\"https:\\\/\\\/diarioprincipios.com\\\/index.php\\\/2024\\\/04\\\/07\\\/se-realizo-un-acto-conmemorativo-por-la-gesta-de-malvinas-en-la-rotonda-heroes-de-malvinas\\\/\"},\"wordCount\":257,\"commentCount\":0,\"publisher\":{\"@id\":\"https:\\\/\\\/diarioprincipios.com\\\/#organization\"},\"image\":{\"@id\":\"https:\\\/\\\/diarioprincipios.com\\\/index.php\\\/2024\\\/04\\\/07\\\/se-realizo-un-acto-conmemorativo-por-la-gesta-de-malvinas-en-la-rotonda-heroes-de-malvinas\\\/#primaryimage\"},\"thumbnailUrl\":\"https:\\\/\\\/diarioprincipios.com\\\/wp-content\\\/uploads\\\/2024\\\/04\\\/CONMEMORACION-POR-EL-DIA-DEL-VETERANO-Y-LOS-CAIDOS-EN-MALVINAS-1.jpg\",\"articleSection\":[\"Berazategui\"],\"inLanguage\":\"es\",\"potentialAction\":[{\"@type\":\"CommentAction\",\"name\":\"Comment\",\"target\":[\"https:\\\/\\\/diarioprincipios.com\\\/index.php\\\/2024\\\/04\\\/07\\\/se-realizo-un-acto-conmemorativo-por-la-gesta-de-malvinas-en-la-rotonda-heroes-de-malvinas\\\/#respond\"]}]},{\"@type\":\"WebPage\",\"@id\":\"https:\\\/\\\/diarioprincipios.com\\\/index.php\\\/2024\\\/04\\\/07\\\/se-realizo-un-acto-conmemorativo-por-la-gesta-de-malvinas-en-la-rotonda-heroes-de-malvinas\\\/\",\"url\":\"https:\\\/\\\/diarioprincipios.com\\\/index.php\\\/2024\\\/04\\\/07\\\/se-realizo-un-acto-conmemorativo-por-la-gesta-de-malvinas-en-la-rotonda-heroes-de-malvinas\\\/\",\"name\":\"Se realiz\u00f3 un acto conmemorativo por la Gesta de Malvinas en la Rotonda H\u00e9roes de Malvinas - Principios\",\"isPartOf\":{\"@id\":\"https:\\\/\\\/diarioprincipios.com\\\/#website\"},\"primaryImageOfPage\":{\"@id\":\"https:\\\/\\\/diarioprincipios.com\\\/index.php\\\/2024\\\/04\\\/07\\\/se-realizo-un-acto-conmemorativo-por-la-gesta-de-malvinas-en-la-rotonda-heroes-de-malvinas\\\/#primaryimage\"},\"image\":{\"@id\":\"https:\\\/\\\/diarioprincipios.com\\\/index.php\\\/2024\\\/04\\\/07\\\/se-realizo-un-acto-conmemorativo-por-la-gesta-de-malvinas-en-la-rotonda-heroes-de-malvinas\\\/#primaryimage\"},\"thumbnailUrl\":\"https:\\\/\\\/diarioprincipios.com\\\/wp-content\\\/uploads\\\/2024\\\/04\\\/CONMEMORACION-POR-EL-DIA-DEL-VETERANO-Y-LOS-CAIDOS-EN-MALVINAS-1.jpg\",\"datePublished\":\"2024-04-08T02:24:25+00:00\",\"dateModified\":\"2024-04-08T02:24:27+00:00\",\"breadcrumb\":{\"@id\":\"https:\\\/\\\/diarioprincipios.com\\\/index.php\\\/2024\\\/04\\\/07\\\/se-realizo-un-acto-conmemorativo-por-la-gesta-de-malvinas-en-la-rotonda-heroes-de-malvinas\\\/#breadcrumb\"},\"inLanguage\":\"es\",\"potentialAction\":[{\"@type\":\"ReadAction\",\"target\":[\"https:\\\/\\\/diarioprincipios.com\\\/index.php\\\/2024\\\/04\\\/07\\\/se-realizo-un-acto-conmemorativo-por-la-gesta-de-malvinas-en-la-rotonda-heroes-de-malvinas\\\/\"]}]},{\"@type\":\"ImageObject\",\"inLanguage\":\"es\",\"@id\":\"https:\\\/\\\/diarioprincipios.com\\\/index.php\\\/2024\\\/04\\\/07\\\/se-realizo-un-acto-conmemorativo-por-la-gesta-de-malvinas-en-la-rotonda-heroes-de-malvinas\\\/#primaryimage\",\"url\":\"https:\\\/\\\/diarioprincipios.com\\\/wp-content\\\/uploads\\\/2024\\\/04\\\/CONMEMORACION-POR-EL-DIA-DEL-VETERANO-Y-LOS-CAIDOS-EN-MALVINAS-1.jpg\",\"contentUrl\":\"https:\\\/\\\/diarioprincipios.com\\\/wp-content\\\/uploads\\\/2024\\\/04\\\/CONMEMORACION-POR-EL-DIA-DEL-VETERANO-Y-LOS-CAIDOS-EN-MALVINAS-1.jpg\",\"width\":1920,\"height\":1280},{\"@type\":\"BreadcrumbList\",\"@id\":\"https:\\\/\\\/diarioprincipios.com\\\/index.php\\\/2024\\\/04\\\/07\\\/se-realizo-un-acto-conmemorativo-por-la-gesta-de-malvinas-en-la-rotonda-heroes-de-malvinas\\\/#breadcrumb\",\"itemListElement\":[{\"@type\":\"ListItem\",\"position\":1,\"name\":\"Portada\",\"item\":\"https:\\\/\\\/diarioprincipios.com\\\/\"},{\"@type\":\"ListItem\",\"position\":2,\"name\":\"Se realiz\u00f3 un acto conmemorativo por la Gesta de Malvinas en la Rotonda H\u00e9roes de Malvinas\"}]},{\"@type\":\"WebSite\",\"@id\":\"https:\\\/\\\/diarioprincipios.com\\\/#website\",\"url\":\"https:\\\/\\\/diarioprincipios.com\\\/\",\"name\":\"Principios\",\"description\":\"Principios Diario\",\"publisher\":{\"@id\":\"https:\\\/\\\/diarioprincipios.com\\\/#organization\"},\"potentialAction\":[{\"@type\":\"SearchAction\",\"target\":{\"@type\":\"EntryPoint\",\"urlTemplate\":\"https:\\\/\\\/diarioprincipios.com\\\/?s={search_term_string}\"},\"query-input\":{\"@type\":\"PropertyValueSpecification\",\"valueRequired\":true,\"valueName\":\"search_term_string\"}}],\"inLanguage\":\"es\"},{\"@type\":\"Organization\",\"@id\":\"https:\\\/\\\/diarioprincipios.com\\\/#organization\",\"name\":\"Principios\",\"url\":\"https:\\\/\\\/diarioprincipios.com\\\/\",\"logo\":{\"@type\":\"ImageObject\",\"inLanguage\":\"es\",\"@id\":\"https:\\\/\\\/diarioprincipios.com\\\/#\\\/schema\\\/logo\\\/image\\\/\",\"url\":\"https:\\\/\\\/diarioprincipios.com\\\/wp-content\\\/uploads\\\/2024\\\/04\\\/cropped-www.diarioprincipios.com_-1.png\",\"contentUrl\":\"https:\\\/\\\/diarioprincipios.com\\\/wp-content\\\/uploads\\\/2024\\\/04\\\/cropped-www.diarioprincipios.com_-1.png\",\"width\":5325,\"height\":1454,\"caption\":\"Principios\"},\"image\":{\"@id\":\"https:\\\/\\\/diarioprincipios.com\\\/#\\\/schema\\\/logo\\\/image\\\/\"}},{\"@type\":\"Person\",\"@id\":\"https:\\\/\\\/diarioprincipios.com\\\/#\\\/schema\\\/person\\\/436d5a1fd41a5e250e23ff5a6a7cb080\",\"name\":\"Hern\u00e1n L\u00f3pez\",\"image\":{\"@type\":\"ImageObject\",\"inLanguage\":\"es\",\"@id\":\"https:\\\/\\\/diarioprincipios.com\\\/wp-content\\\/litespeed\\\/avatar\\\/11ddfe5610ff3bd100522525b2571f48.jpg?ver=1777048341\",\"url\":\"https:\\\/\\\/diarioprincipios.com\\\/wp-content\\\/litespeed\\\/avatar\\\/11ddfe5610ff3bd100522525b2571f48.jpg?ver=1777048341\",\"contentUrl\":\"https:\\\/\\\/diarioprincipios.com\\\/wp-content\\\/litespeed\\\/avatar\\\/11ddfe5610ff3bd100522525b2571f48.jpg?ver=1777048341\",\"caption\":\"Hern\u00e1n L\u00f3pez\"},\"url\":\"https:\\\/\\\/diarioprincipios.com\\\/index.php\\\/author\\\/hernan\\\/\"}]}<\/script>\n<!-- \/ Yoast SEO plugin. -->","yoast_head_json":{"title":"Se realiz\u00f3 un acto conmemorativo por la Gesta de Malvinas en la Rotonda H\u00e9roes de Malvinas - Principios","robots":{"index":"index","follow":"follow","max-snippet":"max-snippet:-1","max-image-preview":"max-image-preview:large","max-video-preview":"max-video-preview:-1"},"canonical":"https:\/\/diarioprincipios.com\/index.php\/2024\/04\/07\/se-realizo-un-acto-conmemorativo-por-la-gesta-de-malvinas-en-la-rotonda-heroes-de-malvinas\/","og_locale":"es_ES","og_type":"article","og_title":"Se realiz\u00f3 un acto conmemorativo por la Gesta de Malvinas en la Rotonda H\u00e9roes de Malvinas - Principios","og_description":"El martes 2 de abril se realiz\u00f3 un acto conmemorativo por la Gesta de Malvinas en la Rotonda H\u00e9roes de Malvinas (Barrio Mar\u00edtimo), en homenaje a los soldados berazateguenses que perdieron la vida en combate. El intendente municipal, Juan Jos\u00e9 Mussi, encabez\u00f3 la ceremonia. \u201cHay que seguir educando con Malvinas; todos los a\u00f1os se tiene...","og_url":"https:\/\/diarioprincipios.com\/index.php\/2024\/04\/07\/se-realizo-un-acto-conmemorativo-por-la-gesta-de-malvinas-en-la-rotonda-heroes-de-malvinas\/","og_site_name":"Principios","article_published_time":"2024-04-08T02:24:25+00:00","article_modified_time":"2024-04-08T02:24:27+00:00","og_image":[{"width":1920,"height":1280,"url":"https:\/\/diarioprincipios.com\/wp-content\/uploads\/2024\/04\/CONMEMORACION-POR-EL-DIA-DEL-VETERANO-Y-LOS-CAIDOS-EN-MALVINAS-1.jpg","type":"image\/jpeg"}],"author":"Hern\u00e1n L\u00f3pez","twitter_card":"summary_large_image","twitter_misc":{"Escrito por":"Hern\u00e1n L\u00f3pez","Tiempo de lectura":"2 minutos"},"schema":{"@context":"https:\/\/schema.org","@graph":[{"@type":"Article","@id":"https:\/\/diarioprincipios.com\/index.php\/2024\/04\/07\/se-realizo-un-acto-conmemorativo-por-la-gesta-de-malvinas-en-la-rotonda-heroes-de-malvinas\/#article","isPartOf":{"@id":"https:\/\/diarioprincipios.com\/index.php\/2024\/04\/07\/se-realizo-un-acto-conmemorativo-por-la-gesta-de-malvinas-en-la-rotonda-heroes-de-malvinas\/"},"author":{"name":"Hern\u00e1n L\u00f3pez","@id":"https:\/\/diarioprincipios.com\/#\/schema\/person\/436d5a1fd41a5e250e23ff5a6a7cb080"},"headline":"Se realiz\u00f3 un acto conmemorativo por la Gesta de Malvinas en la Rotonda H\u00e9roes de Malvinas","datePublished":"2024-04-08T02:24:25+00:00","dateModified":"2024-04-08T02:24:27+00:00","mainEntityOfPage":{"@id":"https:\/\/diarioprincipios.com\/index.php\/2024\/04\/07\/se-realizo-un-acto-conmemorativo-por-la-gesta-de-malvinas-en-la-rotonda-heroes-de-malvinas\/"},"wordCount":257,"commentCount":0,"publisher":{"@id":"https:\/\/diarioprincipios.com\/#organization"},"image":{"@id":"https:\/\/diarioprincipios.com\/index.php\/2024\/04\/07\/se-realizo-un-acto-conmemorativo-por-la-gesta-de-malvinas-en-la-rotonda-heroes-de-malvinas\/#primaryimage"},"thumbnailUrl":"https:\/\/diarioprincipios.com\/wp-content\/uploads\/2024\/04\/CONMEMORACION-POR-EL-DIA-DEL-VETERANO-Y-LOS-CAIDOS-EN-MALVINAS-1.jpg","articleSection":["Berazategui"],"inLanguage":"es","potentialAction":[{"@type":"CommentAction","name":"Comment","target":["https:\/\/diarioprincipios.com\/index.php\/2024\/04\/07\/se-realizo-un-acto-conmemorativo-por-la-gesta-de-malvinas-en-la-rotonda-heroes-de-malvinas\/#respond"]}]},{"@type":"WebPage","@id":"https:\/\/diarioprincipios.com\/index.php\/2024\/04\/07\/se-realizo-un-acto-conmemorativo-por-la-gesta-de-malvinas-en-la-rotonda-heroes-de-malvinas\/","url":"https:\/\/diarioprincipios.com\/index.php\/2024\/04\/07\/se-realizo-un-acto-conmemorativo-por-la-gesta-de-malvinas-en-la-rotonda-heroes-de-malvinas\/","name":"Se realiz\u00f3 un acto conmemorativo por la Gesta de Malvinas en la Rotonda H\u00e9roes de Malvinas - Principios","isPartOf":{"@id":"https:\/\/diarioprincipios.com\/#website"},"primaryImageOfPage":{"@id":"https:\/\/diarioprincipios.com\/index.php\/2024\/04\/07\/se-realizo-un-acto-conmemorativo-por-la-gesta-de-malvinas-en-la-rotonda-heroes-de-malvinas\/#primaryimage"},"image":{"@id":"https:\/\/diarioprincipios.com\/index.php\/2024\/04\/07\/se-realizo-un-acto-conmemorativo-por-la-gesta-de-malvinas-en-la-rotonda-heroes-de-malvinas\/#primaryimage"},"thumbnailUrl":"https:\/\/diarioprincipios.com\/wp-content\/uploads\/2024\/04\/CONMEMORACION-POR-EL-DIA-DEL-VETERANO-Y-LOS-CAIDOS-EN-MALVINAS-1.jpg","datePublished":"2024-04-08T02:24:25+00:00","dateModified":"2024-04-08T02:24:27+00:00","breadcrumb":{"@id":"https:\/\/diarioprincipios.com\/index.php\/2024\/04\/07\/se-realizo-un-acto-conmemorativo-por-la-gesta-de-malvinas-en-la-rotonda-heroes-de-malvinas\/#breadcrumb"},"inLanguage":"es","potentialAction":[{"@type":"ReadAction","target":["https:\/\/diarioprincipios.com\/index.php\/2024\/04\/07\/se-realizo-un-acto-conmemorativo-por-la-gesta-de-malvinas-en-la-rotonda-heroes-de-malvinas\/"]}]},{"@type":"ImageObject","inLanguage":"es","@id":"https:\/\/diarioprincipios.com\/index.php\/2024\/04\/07\/se-realizo-un-acto-conmemorativo-por-la-gesta-de-malvinas-en-la-rotonda-heroes-de-malvinas\/#primaryimage","url":"https:\/\/diarioprincipios.com\/wp-content\/uploads\/2024\/04\/CONMEMORACION-POR-EL-DIA-DEL-VETERANO-Y-LOS-CAIDOS-EN-MALVINAS-1.jpg","contentUrl":"https:\/\/diarioprincipios.com\/wp-content\/uploads\/2024\/04\/CONMEMORACION-POR-EL-DIA-DEL-VETERANO-Y-LOS-CAIDOS-EN-MALVINAS-1.jpg","width":1920,"height":1280},{"@type":"BreadcrumbList","@id":"https:\/\/diarioprincipios.com\/index.php\/2024\/04\/07\/se-realizo-un-acto-conmemorativo-por-la-gesta-de-malvinas-en-la-rotonda-heroes-de-malvinas\/#breadcrumb","itemListElement":[{"@type":"ListItem","position":1,"name":"Portada","item":"https:\/\/diarioprincipios.com\/"},{"@type":"ListItem","position":2,"name":"Se realiz\u00f3 un acto conmemorativo por la Gesta de Malvinas en la Rotonda H\u00e9roes de Malvinas"}]},{"@type":"WebSite","@id":"https:\/\/diarioprincipios.com\/#website","url":"https:\/\/diarioprincipios.com\/","name":"Principios","description":"Principios Diario","publisher":{"@id":"https:\/\/diarioprincipios.com\/#organization"},"potentialAction":[{"@type":"SearchAction","target":{"@type":"EntryPoint","urlTemplate":"https:\/\/diarioprincipios.com\/?s={search_term_string}"},"query-input":{"@type":"PropertyValueSpecification","valueRequired":true,"valueName":"search_term_string"}}],"inLanguage":"es"},{"@type":"Organization","@id":"https:\/\/diarioprincipios.com\/#organization","name":"Principios","url":"https:\/\/diarioprincipios.com\/","logo":{"@type":"ImageObject","inLanguage":"es","@id":"https:\/\/diarioprincipios.com\/#\/schema\/logo\/image\/","url":"https:\/\/diarioprincipios.com\/wp-content\/uploads\/2024\/04\/cropped-www.diarioprincipios.com_-1.png","contentUrl":"https:\/\/diarioprincipios.com\/wp-content\/uploads\/2024\/04\/cropped-www.diarioprincipios.com_-1.png","width":5325,"height":1454,"caption":"Principios"},"image":{"@id":"https:\/\/diarioprincipios.com\/#\/schema\/logo\/image\/"}},{"@type":"Person","@id":"https:\/\/diarioprincipios.com\/#\/schema\/person\/436d5a1fd41a5e250e23ff5a6a7cb080","name":"Hern\u00e1n L\u00f3pez","image":{"@type":"ImageObject","inLanguage":"es","@id":"https:\/\/diarioprincipios.com\/wp-content\/litespeed\/avatar\/11ddfe5610ff3bd100522525b2571f48.jpg?ver=1777048341","url":"https:\/\/diarioprincipios.com\/wp-content\/litespeed\/avatar\/11ddfe5610ff3bd100522525b2571f48.jpg?ver=1777048341","contentUrl":"https:\/\/diarioprincipios.com\/wp-content\/litespeed\/avatar\/11ddfe5610ff3bd100522525b2571f48.jpg?ver=1777048341","caption":"Hern\u00e1n L\u00f3pez"},"url":"https:\/\/diarioprincipios.com\/index.php\/author\/hernan\/"}]}},"jetpack_featured_media_url":"https:\/\/diarioprincipios.com\/wp-content\/uploads\/2024\/04\/CONMEMORACION-POR-EL-DIA-DEL-VETERANO-Y-LOS-CAIDOS-EN-MALVINAS-1.jpg","_links":{"self":[{"href":"https:\/\/diarioprincipios.com\/index.php\/wp-json\/wp\/v2\/posts\/21370","targetHints":{"allow":["GET"]}}],"collection":[{"href":"https:\/\/diarioprincipios.com\/index.php\/wp-json\/wp\/v2\/posts"}],"about":[{"href":"https:\/\/diarioprincipios.com\/index.php\/wp-json\/wp\/v2\/types\/post"}],"author":[{"embeddable":true,"href":"https:\/\/diarioprincipios.com\/index.php\/wp-json\/wp\/v2\/users\/2"}],"replies":[{"embeddable":true,"href":"https:\/\/diarioprincipios.com\/index.php\/wp-json\/wp\/v2\/comments?post=21370"}],"version-history":[{"count":1,"href":"https:\/\/diarioprincipios.com\/index.php\/wp-json\/wp\/v2\/posts\/21370\/revisions"}],"predecessor-version":[{"id":21373,"href":"https:\/\/diarioprincipios.com\/index.php\/wp-json\/wp\/v2\/posts\/21370\/revisions\/21373"}],"wp:featuredmedia":[{"embeddable":true,"href":"https:\/\/diarioprincipios.com\/index.php\/wp-json\/wp\/v2\/media\/21372"}],"wp:attachment":[{"href":"https:\/\/diarioprincipios.com\/index.php\/wp-json\/wp\/v2\/media?parent=21370"}],"wp:term":[{"taxonomy":"category","embeddable":true,"href":"https:\/\/diarioprincipios.com\/index.php\/wp-json\/wp\/v2\/categories?post=21370"},{"taxonomy":"post_tag","embeddable":true,"href":"https:\/\/diarioprincipios.com\/index.php\/wp-json\/wp\/v2\/tags?post=21370"}],"curies":[{"name":"wp","href":"https:\/\/api.w.org\/{rel}","templated":true}]}}