{"id":2135,"date":"2020-05-26T12:57:32","date_gmt":"2020-05-26T15:57:32","guid":{"rendered":"http:\/\/diarioprincipios.com\/?p=2135"},"modified":"2020-05-26T12:57:36","modified_gmt":"2020-05-26T15:57:36","slug":"intendentes-peronistas-del-conurbano-afirman-que-esta-etapa-requiere-estar-mas-unidos-que-nunca","status":"publish","type":"post","link":"https:\/\/diarioprincipios.com\/index.php\/2020\/05\/26\/intendentes-peronistas-del-conurbano-afirman-que-esta-etapa-requiere-estar-mas-unidos-que-nunca\/","title":{"rendered":"Intendentes peronistas del conurbano afirman que esta etapa requiere \u00abestar m\u00e1s unidos que nunca\u00bb"},"content":{"rendered":"\n<p>Los intendentes peronistas de la tercera secci\u00f3n electoral afirmaron hoy que esta etapa del aislamiento social por coronavirus requiere estar \u00abm\u00e1s unidos\u00bb y ser \u00abm\u00e1s responsables que nunca\u201d, y cuestionaron la decisi\u00f3n del gobierno de la ciudad de Buenos Aires de haber habilitado la apertura de nuevos comercios y actividades \u00abunilateralmente\u00bb, medida que ahora se retrotrajo.<\/p>\n\n\n\n<p>\u00abEstamos entrando en la etapa m\u00e1s dif\u00edcil dado que el impacto de la pandemia se est\u00e1 haciendo sentir m\u00e1s fuertemente en t\u00e9rminos de contagios en el AMBA, lo que requiere que estemos m\u00e1s unidos y seamos m\u00e1s responsables que nunca\u201d, sostuvieron.<\/p>\n\n\n\n<p>As\u00ed lo expresaron en un comunicado tras haber mantenido ayer una videoconferencia con el gobernador de la provincia de Buenos Aires, Axel Kicillof, y el diputado nacional M\u00e1ximo Kirchner.<\/p>\n\n\n\n<p>Por otro lado, se\u00f1alaron que \u201cexisten grandes diferencias presupuestarias entre la Ciudad de Buenos Aires y los distritos del conurbano, lo cual implica tambi\u00e9n diferentes capacidades a la hora de implementar pol\u00edticas p\u00fablicas en este contexto\u201d.<\/p>\n\n\n\n<p>A su vez, indicaron que \u201ca la diferencia en t\u00e9rminos de presupuesto se suma otra que tambi\u00e9n es muy peligrosa: la diferencia en el tratamiento medi\u00e1tico, reflejada en la cobertura del aumento de contagios en los distritos del conurbano con respecto a la cobertura del distrito que m\u00e1s casos registra actualmente, la Ciudad de Buenos Aires\u201d.<\/p>\n\n\n\n<p>En ese marco, los intendentes sostuvieron que les llama la atenci\u00f3n \u00abel especial \u00e9nfasis puesto por los principales medios nacionales en la situaci\u00f3n de los distritos del conurbano\u00bb.<\/p>\n\n\n\n<p>\u00abLos hechos que est\u00e1n empezando a suceder en los barrios de todo el AMBA, y que pueden replicarse en m\u00e1s barrios todav\u00eda, no son independientes de la decisi\u00f3n de la Ciudad de abrir nuevos comercios y actividades unilateralmente\u00bb, expusieron.<\/p>\n\n\n\n<p>En ese sentido, los dirigentes recordaron que ya hab\u00edan advertido sobre el \u00abenorme peligro\u00bb que representaba para todo el AMBA esa decisi\u00f3n de la Ciudad debido a que \u00abgran parte de los trabajadores de los comercios recientemente habilitados en la Ciudad viven en el conurbano, y que por lo tanto aumentar la circulaci\u00f3n de personas entre estas dos regiones era una bomba de tiempo cuyos efectos est\u00e1n reci\u00e9n empezando a observarse\u00bb.<\/p>\n\n\n\n<p>\u201cHoy m\u00e1s que nunca debemos ser responsables. Tenemos que estar m\u00e1s unidos que nunca para poder cuidar lo conseguido\u201d, cerraron los jefes comunales de la tercera secci\u00f3n.<\/p>\n","protected":false},"excerpt":{"rendered":"<p>Los intendentes peronistas de la tercera secci\u00f3n electoral afirmaron hoy que esta etapa del aislamiento social por coronavirus requiere estar \u00abm\u00e1s unidos\u00bb y ser \u00abm\u00e1s responsables que nunca\u201d, y cuestionaron la decisi\u00f3n del gobierno de la ciudad de Buenos Aires de haber habilitado la apertura de nuevos comercios y actividades \u00abunilateralmente\u00bb, medida que ahora se&#8230;<\/p>\n","protected":false},"author":2,"featured_media":2136,"comment_status":"open","ping_status":"open","sticky":false,"template":"","format":"standard","meta":{"footnotes":""},"categories":[7],"tags":[],"class_list":["post-2135","post","type-post","status-publish","format-standard","has-post-thumbnail","hentry","category-provincia"],"featured_image_src":"https:\/\/diarioprincipios.com\/wp-content\/uploads\/2020\/05\/INTENDENTES.jpeg","blog_images":{"medium":"https:\/\/diarioprincipios.com\/wp-content\/uploads\/2020\/05\/INTENDENTES-300x200.jpeg","large":"https:\/\/diarioprincipios.com\/wp-content\/uploads\/2020\/05\/INTENDENTES.jpeg"},"ams_acf":[],"yoast_head":"<!-- This site is optimized with the Yoast SEO plugin v27.3 - https:\/\/yoast.com\/product\/yoast-seo-wordpress\/ -->\n<title>Intendentes peronistas del conurbano afirman que esta etapa requiere &quot;estar m\u00e1s unidos que nunca&quot; - Principios<\/title>\n<meta name=\"robots\" content=\"index, follow, max-snippet:-1, max-image-preview:large, max-video-preview:-1\" \/>\n<link rel=\"canonical\" href=\"https:\/\/diarioprincipios.com\/index.php\/2020\/05\/26\/intendentes-peronistas-del-conurbano-afirman-que-esta-etapa-requiere-estar-mas-unidos-que-nunca\/\" \/>\n<meta property=\"og:locale\" content=\"es_ES\" \/>\n<meta property=\"og:type\" content=\"article\" \/>\n<meta property=\"og:title\" content=\"Intendentes peronistas del conurbano afirman que esta etapa requiere &quot;estar m\u00e1s unidos que nunca&quot; - Principios\" \/>\n<meta property=\"og:description\" content=\"Los intendentes peronistas de la tercera secci\u00f3n electoral afirmaron hoy que esta etapa del aislamiento social por coronavirus requiere estar \u00abm\u00e1s unidos\u00bb y ser \u00abm\u00e1s responsables que nunca\u201d, y cuestionaron la decisi\u00f3n del gobierno de la ciudad de Buenos Aires de haber habilitado la apertura de nuevos comercios y actividades \u00abunilateralmente\u00bb, medida que ahora se...\" \/>\n<meta property=\"og:url\" content=\"https:\/\/diarioprincipios.com\/index.php\/2020\/05\/26\/intendentes-peronistas-del-conurbano-afirman-que-esta-etapa-requiere-estar-mas-unidos-que-nunca\/\" \/>\n<meta property=\"og:site_name\" content=\"Principios\" \/>\n<meta property=\"article:published_time\" content=\"2020-05-26T15:57:32+00:00\" \/>\n<meta property=\"article:modified_time\" content=\"2020-05-26T15:57:36+00:00\" \/>\n<meta property=\"og:image\" content=\"https:\/\/diarioprincipios.com\/wp-content\/uploads\/2020\/05\/INTENDENTES.jpeg\" \/>\n\t<meta property=\"og:image:width\" content=\"828\" \/>\n\t<meta property=\"og:image:height\" content=\"553\" \/>\n\t<meta property=\"og:image:type\" content=\"image\/jpeg\" \/>\n<meta name=\"author\" content=\"Hern\u00e1n L\u00f3pez\" \/>\n<meta name=\"twitter:card\" content=\"summary_large_image\" \/>\n<meta name=\"twitter:label1\" content=\"Escrito por\" \/>\n\t<meta name=\"twitter:data1\" content=\"Hern\u00e1n L\u00f3pez\" \/>\n\t<meta name=\"twitter:label2\" content=\"Tiempo de lectura\" \/>\n\t<meta name=\"twitter:data2\" content=\"2 minutos\" \/>\n<script type=\"application\/ld+json\" class=\"yoast-schema-graph\">{\"@context\":\"https:\\\/\\\/schema.org\",\"@graph\":[{\"@type\":\"Article\",\"@id\":\"https:\\\/\\\/diarioprincipios.com\\\/index.php\\\/2020\\\/05\\\/26\\\/intendentes-peronistas-del-conurbano-afirman-que-esta-etapa-requiere-estar-mas-unidos-que-nunca\\\/#article\",\"isPartOf\":{\"@id\":\"https:\\\/\\\/diarioprincipios.com\\\/index.php\\\/2020\\\/05\\\/26\\\/intendentes-peronistas-del-conurbano-afirman-que-esta-etapa-requiere-estar-mas-unidos-que-nunca\\\/\"},\"author\":{\"name\":\"Hern\u00e1n L\u00f3pez\",\"@id\":\"https:\\\/\\\/diarioprincipios.com\\\/#\\\/schema\\\/person\\\/436d5a1fd41a5e250e23ff5a6a7cb080\"},\"headline\":\"Intendentes peronistas del conurbano afirman que esta etapa requiere \u00abestar m\u00e1s unidos que nunca\u00bb\",\"datePublished\":\"2020-05-26T15:57:32+00:00\",\"dateModified\":\"2020-05-26T15:57:36+00:00\",\"mainEntityOfPage\":{\"@id\":\"https:\\\/\\\/diarioprincipios.com\\\/index.php\\\/2020\\\/05\\\/26\\\/intendentes-peronistas-del-conurbano-afirman-que-esta-etapa-requiere-estar-mas-unidos-que-nunca\\\/\"},\"wordCount\":431,\"commentCount\":0,\"publisher\":{\"@id\":\"https:\\\/\\\/diarioprincipios.com\\\/#organization\"},\"image\":{\"@id\":\"https:\\\/\\\/diarioprincipios.com\\\/index.php\\\/2020\\\/05\\\/26\\\/intendentes-peronistas-del-conurbano-afirman-que-esta-etapa-requiere-estar-mas-unidos-que-nunca\\\/#primaryimage\"},\"thumbnailUrl\":\"https:\\\/\\\/diarioprincipios.com\\\/wp-content\\\/uploads\\\/2020\\\/05\\\/INTENDENTES.jpeg\",\"articleSection\":[\"Provincia\"],\"inLanguage\":\"es\",\"potentialAction\":[{\"@type\":\"CommentAction\",\"name\":\"Comment\",\"target\":[\"https:\\\/\\\/diarioprincipios.com\\\/index.php\\\/2020\\\/05\\\/26\\\/intendentes-peronistas-del-conurbano-afirman-que-esta-etapa-requiere-estar-mas-unidos-que-nunca\\\/#respond\"]}]},{\"@type\":\"WebPage\",\"@id\":\"https:\\\/\\\/diarioprincipios.com\\\/index.php\\\/2020\\\/05\\\/26\\\/intendentes-peronistas-del-conurbano-afirman-que-esta-etapa-requiere-estar-mas-unidos-que-nunca\\\/\",\"url\":\"https:\\\/\\\/diarioprincipios.com\\\/index.php\\\/2020\\\/05\\\/26\\\/intendentes-peronistas-del-conurbano-afirman-que-esta-etapa-requiere-estar-mas-unidos-que-nunca\\\/\",\"name\":\"Intendentes peronistas del conurbano afirman que esta etapa requiere \\\"estar m\u00e1s unidos que nunca\\\" - Principios\",\"isPartOf\":{\"@id\":\"https:\\\/\\\/diarioprincipios.com\\\/#website\"},\"primaryImageOfPage\":{\"@id\":\"https:\\\/\\\/diarioprincipios.com\\\/index.php\\\/2020\\\/05\\\/26\\\/intendentes-peronistas-del-conurbano-afirman-que-esta-etapa-requiere-estar-mas-unidos-que-nunca\\\/#primaryimage\"},\"image\":{\"@id\":\"https:\\\/\\\/diarioprincipios.com\\\/index.php\\\/2020\\\/05\\\/26\\\/intendentes-peronistas-del-conurbano-afirman-que-esta-etapa-requiere-estar-mas-unidos-que-nunca\\\/#primaryimage\"},\"thumbnailUrl\":\"https:\\\/\\\/diarioprincipios.com\\\/wp-content\\\/uploads\\\/2020\\\/05\\\/INTENDENTES.jpeg\",\"datePublished\":\"2020-05-26T15:57:32+00:00\",\"dateModified\":\"2020-05-26T15:57:36+00:00\",\"breadcrumb\":{\"@id\":\"https:\\\/\\\/diarioprincipios.com\\\/index.php\\\/2020\\\/05\\\/26\\\/intendentes-peronistas-del-conurbano-afirman-que-esta-etapa-requiere-estar-mas-unidos-que-nunca\\\/#breadcrumb\"},\"inLanguage\":\"es\",\"potentialAction\":[{\"@type\":\"ReadAction\",\"target\":[\"https:\\\/\\\/diarioprincipios.com\\\/index.php\\\/2020\\\/05\\\/26\\\/intendentes-peronistas-del-conurbano-afirman-que-esta-etapa-requiere-estar-mas-unidos-que-nunca\\\/\"]}]},{\"@type\":\"ImageObject\",\"inLanguage\":\"es\",\"@id\":\"https:\\\/\\\/diarioprincipios.com\\\/index.php\\\/2020\\\/05\\\/26\\\/intendentes-peronistas-del-conurbano-afirman-que-esta-etapa-requiere-estar-mas-unidos-que-nunca\\\/#primaryimage\",\"url\":\"https:\\\/\\\/diarioprincipios.com\\\/wp-content\\\/uploads\\\/2020\\\/05\\\/INTENDENTES.jpeg\",\"contentUrl\":\"https:\\\/\\\/diarioprincipios.com\\\/wp-content\\\/uploads\\\/2020\\\/05\\\/INTENDENTES.jpeg\",\"width\":828,\"height\":553},{\"@type\":\"BreadcrumbList\",\"@id\":\"https:\\\/\\\/diarioprincipios.com\\\/index.php\\\/2020\\\/05\\\/26\\\/intendentes-peronistas-del-conurbano-afirman-que-esta-etapa-requiere-estar-mas-unidos-que-nunca\\\/#breadcrumb\",\"itemListElement\":[{\"@type\":\"ListItem\",\"position\":1,\"name\":\"Portada\",\"item\":\"https:\\\/\\\/diarioprincipios.com\\\/\"},{\"@type\":\"ListItem\",\"position\":2,\"name\":\"Intendentes peronistas del conurbano afirman que esta etapa requiere \u00abestar m\u00e1s unidos que nunca\u00bb\"}]},{\"@type\":\"WebSite\",\"@id\":\"https:\\\/\\\/diarioprincipios.com\\\/#website\",\"url\":\"https:\\\/\\\/diarioprincipios.com\\\/\",\"name\":\"Principios\",\"description\":\"Principios Diario\",\"publisher\":{\"@id\":\"https:\\\/\\\/diarioprincipios.com\\\/#organization\"},\"potentialAction\":[{\"@type\":\"SearchAction\",\"target\":{\"@type\":\"EntryPoint\",\"urlTemplate\":\"https:\\\/\\\/diarioprincipios.com\\\/?s={search_term_string}\"},\"query-input\":{\"@type\":\"PropertyValueSpecification\",\"valueRequired\":true,\"valueName\":\"search_term_string\"}}],\"inLanguage\":\"es\"},{\"@type\":\"Organization\",\"@id\":\"https:\\\/\\\/diarioprincipios.com\\\/#organization\",\"name\":\"Principios\",\"url\":\"https:\\\/\\\/diarioprincipios.com\\\/\",\"logo\":{\"@type\":\"ImageObject\",\"inLanguage\":\"es\",\"@id\":\"https:\\\/\\\/diarioprincipios.com\\\/#\\\/schema\\\/logo\\\/image\\\/\",\"url\":\"https:\\\/\\\/diarioprincipios.com\\\/wp-content\\\/uploads\\\/2024\\\/04\\\/cropped-www.diarioprincipios.com_-1.png\",\"contentUrl\":\"https:\\\/\\\/diarioprincipios.com\\\/wp-content\\\/uploads\\\/2024\\\/04\\\/cropped-www.diarioprincipios.com_-1.png\",\"width\":5325,\"height\":1454,\"caption\":\"Principios\"},\"image\":{\"@id\":\"https:\\\/\\\/diarioprincipios.com\\\/#\\\/schema\\\/logo\\\/image\\\/\"}},{\"@type\":\"Person\",\"@id\":\"https:\\\/\\\/diarioprincipios.com\\\/#\\\/schema\\\/person\\\/436d5a1fd41a5e250e23ff5a6a7cb080\",\"name\":\"Hern\u00e1n L\u00f3pez\",\"image\":{\"@type\":\"ImageObject\",\"inLanguage\":\"es\",\"@id\":\"https:\\\/\\\/diarioprincipios.com\\\/wp-content\\\/litespeed\\\/avatar\\\/11ddfe5610ff3bd100522525b2571f48.jpg?ver=1777653193\",\"url\":\"https:\\\/\\\/diarioprincipios.com\\\/wp-content\\\/litespeed\\\/avatar\\\/11ddfe5610ff3bd100522525b2571f48.jpg?ver=1777653193\",\"contentUrl\":\"https:\\\/\\\/diarioprincipios.com\\\/wp-content\\\/litespeed\\\/avatar\\\/11ddfe5610ff3bd100522525b2571f48.jpg?ver=1777653193\",\"caption\":\"Hern\u00e1n L\u00f3pez\"},\"url\":\"https:\\\/\\\/diarioprincipios.com\\\/index.php\\\/author\\\/hernan\\\/\"}]}<\/script>\n<!-- \/ Yoast SEO plugin. -->","yoast_head_json":{"title":"Intendentes peronistas del conurbano afirman que esta etapa requiere \"estar m\u00e1s unidos que nunca\" - Principios","robots":{"index":"index","follow":"follow","max-snippet":"max-snippet:-1","max-image-preview":"max-image-preview:large","max-video-preview":"max-video-preview:-1"},"canonical":"https:\/\/diarioprincipios.com\/index.php\/2020\/05\/26\/intendentes-peronistas-del-conurbano-afirman-que-esta-etapa-requiere-estar-mas-unidos-que-nunca\/","og_locale":"es_ES","og_type":"article","og_title":"Intendentes peronistas del conurbano afirman que esta etapa requiere \"estar m\u00e1s unidos que nunca\" - Principios","og_description":"Los intendentes peronistas de la tercera secci\u00f3n electoral afirmaron hoy que esta etapa del aislamiento social por coronavirus requiere estar \u00abm\u00e1s unidos\u00bb y ser \u00abm\u00e1s responsables que nunca\u201d, y cuestionaron la decisi\u00f3n del gobierno de la ciudad de Buenos Aires de haber habilitado la apertura de nuevos comercios y actividades \u00abunilateralmente\u00bb, medida que ahora se...","og_url":"https:\/\/diarioprincipios.com\/index.php\/2020\/05\/26\/intendentes-peronistas-del-conurbano-afirman-que-esta-etapa-requiere-estar-mas-unidos-que-nunca\/","og_site_name":"Principios","article_published_time":"2020-05-26T15:57:32+00:00","article_modified_time":"2020-05-26T15:57:36+00:00","og_image":[{"width":828,"height":553,"url":"https:\/\/diarioprincipios.com\/wp-content\/uploads\/2020\/05\/INTENDENTES.jpeg","type":"image\/jpeg"}],"author":"Hern\u00e1n L\u00f3pez","twitter_card":"summary_large_image","twitter_misc":{"Escrito por":"Hern\u00e1n L\u00f3pez","Tiempo de lectura":"2 minutos"},"schema":{"@context":"https:\/\/schema.org","@graph":[{"@type":"Article","@id":"https:\/\/diarioprincipios.com\/index.php\/2020\/05\/26\/intendentes-peronistas-del-conurbano-afirman-que-esta-etapa-requiere-estar-mas-unidos-que-nunca\/#article","isPartOf":{"@id":"https:\/\/diarioprincipios.com\/index.php\/2020\/05\/26\/intendentes-peronistas-del-conurbano-afirman-que-esta-etapa-requiere-estar-mas-unidos-que-nunca\/"},"author":{"name":"Hern\u00e1n L\u00f3pez","@id":"https:\/\/diarioprincipios.com\/#\/schema\/person\/436d5a1fd41a5e250e23ff5a6a7cb080"},"headline":"Intendentes peronistas del conurbano afirman que esta etapa requiere \u00abestar m\u00e1s unidos que nunca\u00bb","datePublished":"2020-05-26T15:57:32+00:00","dateModified":"2020-05-26T15:57:36+00:00","mainEntityOfPage":{"@id":"https:\/\/diarioprincipios.com\/index.php\/2020\/05\/26\/intendentes-peronistas-del-conurbano-afirman-que-esta-etapa-requiere-estar-mas-unidos-que-nunca\/"},"wordCount":431,"commentCount":0,"publisher":{"@id":"https:\/\/diarioprincipios.com\/#organization"},"image":{"@id":"https:\/\/diarioprincipios.com\/index.php\/2020\/05\/26\/intendentes-peronistas-del-conurbano-afirman-que-esta-etapa-requiere-estar-mas-unidos-que-nunca\/#primaryimage"},"thumbnailUrl":"https:\/\/diarioprincipios.com\/wp-content\/uploads\/2020\/05\/INTENDENTES.jpeg","articleSection":["Provincia"],"inLanguage":"es","potentialAction":[{"@type":"CommentAction","name":"Comment","target":["https:\/\/diarioprincipios.com\/index.php\/2020\/05\/26\/intendentes-peronistas-del-conurbano-afirman-que-esta-etapa-requiere-estar-mas-unidos-que-nunca\/#respond"]}]},{"@type":"WebPage","@id":"https:\/\/diarioprincipios.com\/index.php\/2020\/05\/26\/intendentes-peronistas-del-conurbano-afirman-que-esta-etapa-requiere-estar-mas-unidos-que-nunca\/","url":"https:\/\/diarioprincipios.com\/index.php\/2020\/05\/26\/intendentes-peronistas-del-conurbano-afirman-que-esta-etapa-requiere-estar-mas-unidos-que-nunca\/","name":"Intendentes peronistas del conurbano afirman que esta etapa requiere \"estar m\u00e1s unidos que nunca\" - Principios","isPartOf":{"@id":"https:\/\/diarioprincipios.com\/#website"},"primaryImageOfPage":{"@id":"https:\/\/diarioprincipios.com\/index.php\/2020\/05\/26\/intendentes-peronistas-del-conurbano-afirman-que-esta-etapa-requiere-estar-mas-unidos-que-nunca\/#primaryimage"},"image":{"@id":"https:\/\/diarioprincipios.com\/index.php\/2020\/05\/26\/intendentes-peronistas-del-conurbano-afirman-que-esta-etapa-requiere-estar-mas-unidos-que-nunca\/#primaryimage"},"thumbnailUrl":"https:\/\/diarioprincipios.com\/wp-content\/uploads\/2020\/05\/INTENDENTES.jpeg","datePublished":"2020-05-26T15:57:32+00:00","dateModified":"2020-05-26T15:57:36+00:00","breadcrumb":{"@id":"https:\/\/diarioprincipios.com\/index.php\/2020\/05\/26\/intendentes-peronistas-del-conurbano-afirman-que-esta-etapa-requiere-estar-mas-unidos-que-nunca\/#breadcrumb"},"inLanguage":"es","potentialAction":[{"@type":"ReadAction","target":["https:\/\/diarioprincipios.com\/index.php\/2020\/05\/26\/intendentes-peronistas-del-conurbano-afirman-que-esta-etapa-requiere-estar-mas-unidos-que-nunca\/"]}]},{"@type":"ImageObject","inLanguage":"es","@id":"https:\/\/diarioprincipios.com\/index.php\/2020\/05\/26\/intendentes-peronistas-del-conurbano-afirman-que-esta-etapa-requiere-estar-mas-unidos-que-nunca\/#primaryimage","url":"https:\/\/diarioprincipios.com\/wp-content\/uploads\/2020\/05\/INTENDENTES.jpeg","contentUrl":"https:\/\/diarioprincipios.com\/wp-content\/uploads\/2020\/05\/INTENDENTES.jpeg","width":828,"height":553},{"@type":"BreadcrumbList","@id":"https:\/\/diarioprincipios.com\/index.php\/2020\/05\/26\/intendentes-peronistas-del-conurbano-afirman-que-esta-etapa-requiere-estar-mas-unidos-que-nunca\/#breadcrumb","itemListElement":[{"@type":"ListItem","position":1,"name":"Portada","item":"https:\/\/diarioprincipios.com\/"},{"@type":"ListItem","position":2,"name":"Intendentes peronistas del conurbano afirman que esta etapa requiere \u00abestar m\u00e1s unidos que nunca\u00bb"}]},{"@type":"WebSite","@id":"https:\/\/diarioprincipios.com\/#website","url":"https:\/\/diarioprincipios.com\/","name":"Principios","description":"Principios Diario","publisher":{"@id":"https:\/\/diarioprincipios.com\/#organization"},"potentialAction":[{"@type":"SearchAction","target":{"@type":"EntryPoint","urlTemplate":"https:\/\/diarioprincipios.com\/?s={search_term_string}"},"query-input":{"@type":"PropertyValueSpecification","valueRequired":true,"valueName":"search_term_string"}}],"inLanguage":"es"},{"@type":"Organization","@id":"https:\/\/diarioprincipios.com\/#organization","name":"Principios","url":"https:\/\/diarioprincipios.com\/","logo":{"@type":"ImageObject","inLanguage":"es","@id":"https:\/\/diarioprincipios.com\/#\/schema\/logo\/image\/","url":"https:\/\/diarioprincipios.com\/wp-content\/uploads\/2024\/04\/cropped-www.diarioprincipios.com_-1.png","contentUrl":"https:\/\/diarioprincipios.com\/wp-content\/uploads\/2024\/04\/cropped-www.diarioprincipios.com_-1.png","width":5325,"height":1454,"caption":"Principios"},"image":{"@id":"https:\/\/diarioprincipios.com\/#\/schema\/logo\/image\/"}},{"@type":"Person","@id":"https:\/\/diarioprincipios.com\/#\/schema\/person\/436d5a1fd41a5e250e23ff5a6a7cb080","name":"Hern\u00e1n L\u00f3pez","image":{"@type":"ImageObject","inLanguage":"es","@id":"https:\/\/diarioprincipios.com\/wp-content\/litespeed\/avatar\/11ddfe5610ff3bd100522525b2571f48.jpg?ver=1777653193","url":"https:\/\/diarioprincipios.com\/wp-content\/litespeed\/avatar\/11ddfe5610ff3bd100522525b2571f48.jpg?ver=1777653193","contentUrl":"https:\/\/diarioprincipios.com\/wp-content\/litespeed\/avatar\/11ddfe5610ff3bd100522525b2571f48.jpg?ver=1777653193","caption":"Hern\u00e1n L\u00f3pez"},"url":"https:\/\/diarioprincipios.com\/index.php\/author\/hernan\/"}]}},"jetpack_featured_media_url":"https:\/\/diarioprincipios.com\/wp-content\/uploads\/2020\/05\/INTENDENTES.jpeg","_links":{"self":[{"href":"https:\/\/diarioprincipios.com\/index.php\/wp-json\/wp\/v2\/posts\/2135","targetHints":{"allow":["GET"]}}],"collection":[{"href":"https:\/\/diarioprincipios.com\/index.php\/wp-json\/wp\/v2\/posts"}],"about":[{"href":"https:\/\/diarioprincipios.com\/index.php\/wp-json\/wp\/v2\/types\/post"}],"author":[{"embeddable":true,"href":"https:\/\/diarioprincipios.com\/index.php\/wp-json\/wp\/v2\/users\/2"}],"replies":[{"embeddable":true,"href":"https:\/\/diarioprincipios.com\/index.php\/wp-json\/wp\/v2\/comments?post=2135"}],"version-history":[{"count":1,"href":"https:\/\/diarioprincipios.com\/index.php\/wp-json\/wp\/v2\/posts\/2135\/revisions"}],"predecessor-version":[{"id":2137,"href":"https:\/\/diarioprincipios.com\/index.php\/wp-json\/wp\/v2\/posts\/2135\/revisions\/2137"}],"wp:featuredmedia":[{"embeddable":true,"href":"https:\/\/diarioprincipios.com\/index.php\/wp-json\/wp\/v2\/media\/2136"}],"wp:attachment":[{"href":"https:\/\/diarioprincipios.com\/index.php\/wp-json\/wp\/v2\/media?parent=2135"}],"wp:term":[{"taxonomy":"category","embeddable":true,"href":"https:\/\/diarioprincipios.com\/index.php\/wp-json\/wp\/v2\/categories?post=2135"},{"taxonomy":"post_tag","embeddable":true,"href":"https:\/\/diarioprincipios.com\/index.php\/wp-json\/wp\/v2\/tags?post=2135"}],"curies":[{"name":"wp","href":"https:\/\/api.w.org\/{rel}","templated":true}]}}