{"id":21312,"date":"2024-04-03T23:08:50","date_gmt":"2024-04-04T02:08:50","guid":{"rendered":"http:\/\/diarioprincipios.com\/?p=21312"},"modified":"2024-04-03T23:10:32","modified_gmt":"2024-04-04T02:10:32","slug":"vigilia-por-el-dia-del-veterano-y-de-los-caidos-en-malvinas","status":"publish","type":"post","link":"https:\/\/diarioprincipios.com\/index.php\/2024\/04\/03\/vigilia-por-el-dia-del-veterano-y-de-los-caidos-en-malvinas\/","title":{"rendered":"Vigilia por el D\u00eda del Veterano y de los Ca\u00eddos en Malvinas"},"content":{"rendered":"\n<p><strong>En conmemoraci\u00f3n del 42\u00b0 aniversario del comienzo de la Guerra de Malvinas, se llev\u00f3 a cabo la tradicional vigilia, esta vez en el Aeroclub R\u00edo de la Plata, pr\u00f3ximamente Aer\u00f3dromo Berazategui \u201cAlas de Malvinas\u201d. Lo organiz\u00f3 la Agrupaci\u00f3n H\u00e9roes de Malvinas y cont\u00f3 con la presencia del intendente Juan Jos\u00e9 Mussi.<\/strong><\/p>\n\n\n\n<figure class=\"wp-block-image size-large\"><img loading=\"lazy\" decoding=\"async\" width=\"1024\" height=\"683\" src=\"https:\/\/diarioprincipios.com\/wp-content\/uploads\/2024\/04\/VIGILIA-POR-EL-DIA-DEL-VETERANO-Y-DE-LOS-CAIDOS-EN-MALVINAS-3-1024x683.jpg\" alt=\"\" class=\"wp-image-21313\" srcset=\"https:\/\/diarioprincipios.com\/wp-content\/uploads\/2024\/04\/VIGILIA-POR-EL-DIA-DEL-VETERANO-Y-DE-LOS-CAIDOS-EN-MALVINAS-3-1024x683.jpg 1024w, https:\/\/diarioprincipios.com\/wp-content\/uploads\/2024\/04\/VIGILIA-POR-EL-DIA-DEL-VETERANO-Y-DE-LOS-CAIDOS-EN-MALVINAS-3-300x200.jpg 300w, https:\/\/diarioprincipios.com\/wp-content\/uploads\/2024\/04\/VIGILIA-POR-EL-DIA-DEL-VETERANO-Y-DE-LOS-CAIDOS-EN-MALVINAS-3-768x512.jpg 768w, https:\/\/diarioprincipios.com\/wp-content\/uploads\/2024\/04\/VIGILIA-POR-EL-DIA-DEL-VETERANO-Y-DE-LOS-CAIDOS-EN-MALVINAS-3-1536x1024.jpg 1536w, https:\/\/diarioprincipios.com\/wp-content\/uploads\/2024\/04\/VIGILIA-POR-EL-DIA-DEL-VETERANO-Y-DE-LOS-CAIDOS-EN-MALVINAS-3.jpg 1920w\" sizes=\"auto, (max-width: 1024px) 100vw, 1024px\" \/><\/figure>\n\n\n\n<p>\u201cRecuerdo cuando volvieron nuestros ex combatientes y no los reconoc\u00edan, quer\u00edan desmalvinizar. Por eso es muy bueno esto de hoy. Quiero agradecer a la gente del Aeroclub por haber propuesto ponerle el nombre Berazategui \u2018Alas de Malvinas\u2019 al Aer\u00f3dromo\u201d, afirm\u00f3 Mussi.<\/p>\n\n\n\n<figure class=\"wp-block-image size-large\"><img loading=\"lazy\" decoding=\"async\" width=\"1024\" height=\"683\" src=\"https:\/\/diarioprincipios.com\/wp-content\/uploads\/2024\/04\/VIGILIA-POR-EL-DIA-DEL-VETERANO-Y-DE-LOS-CAIDOS-EN-MALVINAS-1-1024x683.jpg\" alt=\"\" class=\"wp-image-21314\" srcset=\"https:\/\/diarioprincipios.com\/wp-content\/uploads\/2024\/04\/VIGILIA-POR-EL-DIA-DEL-VETERANO-Y-DE-LOS-CAIDOS-EN-MALVINAS-1-1024x683.jpg 1024w, https:\/\/diarioprincipios.com\/wp-content\/uploads\/2024\/04\/VIGILIA-POR-EL-DIA-DEL-VETERANO-Y-DE-LOS-CAIDOS-EN-MALVINAS-1-300x200.jpg 300w, https:\/\/diarioprincipios.com\/wp-content\/uploads\/2024\/04\/VIGILIA-POR-EL-DIA-DEL-VETERANO-Y-DE-LOS-CAIDOS-EN-MALVINAS-1-768x512.jpg 768w, https:\/\/diarioprincipios.com\/wp-content\/uploads\/2024\/04\/VIGILIA-POR-EL-DIA-DEL-VETERANO-Y-DE-LOS-CAIDOS-EN-MALVINAS-1-1536x1024.jpg 1536w, https:\/\/diarioprincipios.com\/wp-content\/uploads\/2024\/04\/VIGILIA-POR-EL-DIA-DEL-VETERANO-Y-DE-LOS-CAIDOS-EN-MALVINAS-1.jpg 1920w\" sizes=\"auto, (max-width: 1024px) 100vw, 1024px\" \/><\/figure>\n\n\n\n<p>Adem\u00e1s, a\u00f1adi\u00f3: \u201cLa peor derrota hubiera sido el olvido y no tenemos que permitirlo. Le pido a la gente: sigamos reconociendo a los h\u00e9roes. A la Patria no se renuncia nunca, ellos no renunciaron. Cada vez hay que malvinizar m\u00e1s\u201d.<\/p>\n\n\n\n<figure class=\"wp-block-image size-large\"><img loading=\"lazy\" decoding=\"async\" width=\"1024\" height=\"470\" src=\"https:\/\/diarioprincipios.com\/wp-content\/uploads\/2024\/04\/IMG-20240403-WA0058-1024x470.jpg\" alt=\"\" class=\"wp-image-21315\" srcset=\"https:\/\/diarioprincipios.com\/wp-content\/uploads\/2024\/04\/IMG-20240403-WA0058-1024x470.jpg 1024w, https:\/\/diarioprincipios.com\/wp-content\/uploads\/2024\/04\/IMG-20240403-WA0058-300x138.jpg 300w, https:\/\/diarioprincipios.com\/wp-content\/uploads\/2024\/04\/IMG-20240403-WA0058-768x352.jpg 768w, https:\/\/diarioprincipios.com\/wp-content\/uploads\/2024\/04\/IMG-20240403-WA0058-1536x705.jpg 1536w, https:\/\/diarioprincipios.com\/wp-content\/uploads\/2024\/04\/IMG-20240403-WA0058.jpg 1587w\" sizes=\"auto, (max-width: 1024px) 100vw, 1024px\" \/><\/figure>\n\n\n\n<p>Seguidamente, el presidente de la Agrupaci\u00f3n H\u00e9roes de Malvinas, Daniel Alfonso, asegur\u00f3: \u201cUn hecho como este, de renombrar el aer\u00f3dromo, reivindica la gesta. Es fundamental, m\u00e1s en un momento como el que estamos viviendo. Agradecemos al Aeroclub y al Intendente municipal, que es una persona que tiene mucho arraigo por la causa Malvinas\u201d.<\/p>\n\n\n\n<figure class=\"wp-block-image size-full\"><img loading=\"lazy\" decoding=\"async\" width=\"798\" height=\"837\" src=\"https:\/\/diarioprincipios.com\/wp-content\/uploads\/2024\/04\/IMG-20240403-WA0060.jpg\" alt=\"\" class=\"wp-image-21316\" srcset=\"https:\/\/diarioprincipios.com\/wp-content\/uploads\/2024\/04\/IMG-20240403-WA0060.jpg 798w, https:\/\/diarioprincipios.com\/wp-content\/uploads\/2024\/04\/IMG-20240403-WA0060-286x300.jpg 286w, https:\/\/diarioprincipios.com\/wp-content\/uploads\/2024\/04\/IMG-20240403-WA0060-768x806.jpg 768w\" sizes=\"auto, (max-width: 798px) 100vw, 798px\" \/><\/figure>\n\n\n\n<p>En tanto, el presidente del Aeroclub, Marcos Cornejo, explic\u00f3: \u201cNos sumamos a la idea de los h\u00e9roes de Berazategui, de realizar la vigilia en el Aeroclub y sentir lo que es Malvinas\u201d. Y agreg\u00f3: \u201cTambi\u00e9n sent\u00edamos una deuda con la ciudad porque el Aer\u00f3dromo se llamaba Ezpeleta, as\u00ed que la Comisi\u00f3n directiva decidi\u00f3 rebautizarlo: Berazategui. Y como todos los aer\u00f3dromos detr\u00e1s de su localidad tienen un nombre especial, decidimos ponerle \u2018Alas de Malvinas\u2019\u201d.<\/p>\n\n\n\n<figure class=\"wp-block-image size-large\"><img loading=\"lazy\" decoding=\"async\" width=\"885\" height=\"1024\" src=\"https:\/\/diarioprincipios.com\/wp-content\/uploads\/2024\/04\/Screenshot_20240403_184938_WhatsApp-885x1024.jpg\" alt=\"\" class=\"wp-image-21317\" srcset=\"https:\/\/diarioprincipios.com\/wp-content\/uploads\/2024\/04\/Screenshot_20240403_184938_WhatsApp-885x1024.jpg 885w, https:\/\/diarioprincipios.com\/wp-content\/uploads\/2024\/04\/Screenshot_20240403_184938_WhatsApp-259x300.jpg 259w, https:\/\/diarioprincipios.com\/wp-content\/uploads\/2024\/04\/Screenshot_20240403_184938_WhatsApp-768x889.jpg 768w, https:\/\/diarioprincipios.com\/wp-content\/uploads\/2024\/04\/Screenshot_20240403_184938_WhatsApp.jpg 1079w\" sizes=\"auto, (max-width: 885px) 100vw, 885px\" \/><\/figure>\n\n\n\n<p>Durante el encuentro, adem\u00e1s, se inaugur\u00f3 el balizamiento de la pista de la instituci\u00f3n. Asimismo, se descubri\u00f3 el cartel \u201cLas Islas Malvinas siempre argentinas\u201d y un cuadro donado por la Fuerza A\u00e9rea a Adolfo Orozco, excombatiente asignado en Aeropuerto Malvinas.<\/p>\n","protected":false},"excerpt":{"rendered":"<p>En conmemoraci\u00f3n del 42\u00b0 aniversario del comienzo de la Guerra de Malvinas, se llev\u00f3 a cabo la tradicional vigilia, esta vez en el Aeroclub R\u00edo de la Plata, pr\u00f3ximamente Aer\u00f3dromo Berazategui \u201cAlas de Malvinas\u201d. Lo organiz\u00f3 la Agrupaci\u00f3n H\u00e9roes de Malvinas y cont\u00f3 con la presencia del intendente Juan Jos\u00e9 Mussi. \u201cRecuerdo cuando volvieron nuestros&#8230;<\/p>\n","protected":false},"author":2,"featured_media":21319,"comment_status":"open","ping_status":"open","sticky":false,"template":"","format":"standard","meta":{"footnotes":""},"categories":[3],"tags":[],"class_list":["post-21312","post","type-post","status-publish","format-standard","has-post-thumbnail","hentry","category-berazategui"],"featured_image_src":"https:\/\/diarioprincipios.com\/wp-content\/uploads\/2024\/04\/VIGILIA-POR-EL-DIA-DEL-VETERANO-Y-DE-LOS-CAIDOS-EN-MALVINAS-5-1024x683.jpg","blog_images":{"medium":"https:\/\/diarioprincipios.com\/wp-content\/uploads\/2024\/04\/VIGILIA-POR-EL-DIA-DEL-VETERANO-Y-DE-LOS-CAIDOS-EN-MALVINAS-5-300x200.jpg","large":"https:\/\/diarioprincipios.com\/wp-content\/uploads\/2024\/04\/VIGILIA-POR-EL-DIA-DEL-VETERANO-Y-DE-LOS-CAIDOS-EN-MALVINAS-5-1024x683.jpg"},"ams_acf":[],"yoast_head":"<!-- This site is optimized with the Yoast SEO plugin v27.3 - https:\/\/yoast.com\/product\/yoast-seo-wordpress\/ -->\n<title>Vigilia por el D\u00eda del Veterano y de los Ca\u00eddos en Malvinas - Principios<\/title>\n<meta name=\"robots\" content=\"index, follow, max-snippet:-1, max-image-preview:large, max-video-preview:-1\" \/>\n<link rel=\"canonical\" href=\"https:\/\/diarioprincipios.com\/index.php\/2024\/04\/03\/vigilia-por-el-dia-del-veterano-y-de-los-caidos-en-malvinas\/\" \/>\n<meta property=\"og:locale\" content=\"es_ES\" \/>\n<meta property=\"og:type\" content=\"article\" \/>\n<meta property=\"og:title\" content=\"Vigilia por el D\u00eda del Veterano y de los Ca\u00eddos en Malvinas - Principios\" \/>\n<meta property=\"og:description\" content=\"En conmemoraci\u00f3n del 42\u00b0 aniversario del comienzo de la Guerra de Malvinas, se llev\u00f3 a cabo la tradicional vigilia, esta vez en el Aeroclub R\u00edo de la Plata, pr\u00f3ximamente Aer\u00f3dromo Berazategui \u201cAlas de Malvinas\u201d. Lo organiz\u00f3 la Agrupaci\u00f3n H\u00e9roes de Malvinas y cont\u00f3 con la presencia del intendente Juan Jos\u00e9 Mussi. \u201cRecuerdo cuando volvieron nuestros...\" \/>\n<meta property=\"og:url\" content=\"https:\/\/diarioprincipios.com\/index.php\/2024\/04\/03\/vigilia-por-el-dia-del-veterano-y-de-los-caidos-en-malvinas\/\" \/>\n<meta property=\"og:site_name\" content=\"Principios\" \/>\n<meta property=\"article:published_time\" content=\"2024-04-04T02:08:50+00:00\" \/>\n<meta property=\"article:modified_time\" content=\"2024-04-04T02:10:32+00:00\" \/>\n<meta property=\"og:image\" content=\"https:\/\/diarioprincipios.com\/wp-content\/uploads\/2024\/04\/VIGILIA-POR-EL-DIA-DEL-VETERANO-Y-DE-LOS-CAIDOS-EN-MALVINAS-5.jpg\" \/>\n\t<meta property=\"og:image:width\" content=\"1920\" \/>\n\t<meta property=\"og:image:height\" content=\"1280\" \/>\n\t<meta property=\"og:image:type\" content=\"image\/jpeg\" \/>\n<meta name=\"author\" content=\"Hern\u00e1n L\u00f3pez\" \/>\n<meta name=\"twitter:card\" content=\"summary_large_image\" \/>\n<meta name=\"twitter:label1\" content=\"Escrito por\" \/>\n\t<meta name=\"twitter:data1\" content=\"Hern\u00e1n L\u00f3pez\" \/>\n\t<meta name=\"twitter:label2\" content=\"Tiempo de lectura\" \/>\n\t<meta name=\"twitter:data2\" content=\"3 minutos\" \/>\n<script type=\"application\/ld+json\" class=\"yoast-schema-graph\">{\"@context\":\"https:\\\/\\\/schema.org\",\"@graph\":[{\"@type\":\"Article\",\"@id\":\"https:\\\/\\\/diarioprincipios.com\\\/index.php\\\/2024\\\/04\\\/03\\\/vigilia-por-el-dia-del-veterano-y-de-los-caidos-en-malvinas\\\/#article\",\"isPartOf\":{\"@id\":\"https:\\\/\\\/diarioprincipios.com\\\/index.php\\\/2024\\\/04\\\/03\\\/vigilia-por-el-dia-del-veterano-y-de-los-caidos-en-malvinas\\\/\"},\"author\":{\"name\":\"Hern\u00e1n L\u00f3pez\",\"@id\":\"https:\\\/\\\/diarioprincipios.com\\\/#\\\/schema\\\/person\\\/436d5a1fd41a5e250e23ff5a6a7cb080\"},\"headline\":\"Vigilia por el D\u00eda del Veterano y de los Ca\u00eddos en Malvinas\",\"datePublished\":\"2024-04-04T02:08:50+00:00\",\"dateModified\":\"2024-04-04T02:10:32+00:00\",\"mainEntityOfPage\":{\"@id\":\"https:\\\/\\\/diarioprincipios.com\\\/index.php\\\/2024\\\/04\\\/03\\\/vigilia-por-el-dia-del-veterano-y-de-los-caidos-en-malvinas\\\/\"},\"wordCount\":338,\"commentCount\":0,\"publisher\":{\"@id\":\"https:\\\/\\\/diarioprincipios.com\\\/#organization\"},\"image\":{\"@id\":\"https:\\\/\\\/diarioprincipios.com\\\/index.php\\\/2024\\\/04\\\/03\\\/vigilia-por-el-dia-del-veterano-y-de-los-caidos-en-malvinas\\\/#primaryimage\"},\"thumbnailUrl\":\"https:\\\/\\\/diarioprincipios.com\\\/wp-content\\\/uploads\\\/2024\\\/04\\\/VIGILIA-POR-EL-DIA-DEL-VETERANO-Y-DE-LOS-CAIDOS-EN-MALVINAS-5.jpg\",\"articleSection\":[\"Berazategui\"],\"inLanguage\":\"es\",\"potentialAction\":[{\"@type\":\"CommentAction\",\"name\":\"Comment\",\"target\":[\"https:\\\/\\\/diarioprincipios.com\\\/index.php\\\/2024\\\/04\\\/03\\\/vigilia-por-el-dia-del-veterano-y-de-los-caidos-en-malvinas\\\/#respond\"]}]},{\"@type\":\"WebPage\",\"@id\":\"https:\\\/\\\/diarioprincipios.com\\\/index.php\\\/2024\\\/04\\\/03\\\/vigilia-por-el-dia-del-veterano-y-de-los-caidos-en-malvinas\\\/\",\"url\":\"https:\\\/\\\/diarioprincipios.com\\\/index.php\\\/2024\\\/04\\\/03\\\/vigilia-por-el-dia-del-veterano-y-de-los-caidos-en-malvinas\\\/\",\"name\":\"Vigilia por el D\u00eda del Veterano y de los Ca\u00eddos en Malvinas - Principios\",\"isPartOf\":{\"@id\":\"https:\\\/\\\/diarioprincipios.com\\\/#website\"},\"primaryImageOfPage\":{\"@id\":\"https:\\\/\\\/diarioprincipios.com\\\/index.php\\\/2024\\\/04\\\/03\\\/vigilia-por-el-dia-del-veterano-y-de-los-caidos-en-malvinas\\\/#primaryimage\"},\"image\":{\"@id\":\"https:\\\/\\\/diarioprincipios.com\\\/index.php\\\/2024\\\/04\\\/03\\\/vigilia-por-el-dia-del-veterano-y-de-los-caidos-en-malvinas\\\/#primaryimage\"},\"thumbnailUrl\":\"https:\\\/\\\/diarioprincipios.com\\\/wp-content\\\/uploads\\\/2024\\\/04\\\/VIGILIA-POR-EL-DIA-DEL-VETERANO-Y-DE-LOS-CAIDOS-EN-MALVINAS-5.jpg\",\"datePublished\":\"2024-04-04T02:08:50+00:00\",\"dateModified\":\"2024-04-04T02:10:32+00:00\",\"breadcrumb\":{\"@id\":\"https:\\\/\\\/diarioprincipios.com\\\/index.php\\\/2024\\\/04\\\/03\\\/vigilia-por-el-dia-del-veterano-y-de-los-caidos-en-malvinas\\\/#breadcrumb\"},\"inLanguage\":\"es\",\"potentialAction\":[{\"@type\":\"ReadAction\",\"target\":[\"https:\\\/\\\/diarioprincipios.com\\\/index.php\\\/2024\\\/04\\\/03\\\/vigilia-por-el-dia-del-veterano-y-de-los-caidos-en-malvinas\\\/\"]}]},{\"@type\":\"ImageObject\",\"inLanguage\":\"es\",\"@id\":\"https:\\\/\\\/diarioprincipios.com\\\/index.php\\\/2024\\\/04\\\/03\\\/vigilia-por-el-dia-del-veterano-y-de-los-caidos-en-malvinas\\\/#primaryimage\",\"url\":\"https:\\\/\\\/diarioprincipios.com\\\/wp-content\\\/uploads\\\/2024\\\/04\\\/VIGILIA-POR-EL-DIA-DEL-VETERANO-Y-DE-LOS-CAIDOS-EN-MALVINAS-5.jpg\",\"contentUrl\":\"https:\\\/\\\/diarioprincipios.com\\\/wp-content\\\/uploads\\\/2024\\\/04\\\/VIGILIA-POR-EL-DIA-DEL-VETERANO-Y-DE-LOS-CAIDOS-EN-MALVINAS-5.jpg\",\"width\":1920,\"height\":1280},{\"@type\":\"BreadcrumbList\",\"@id\":\"https:\\\/\\\/diarioprincipios.com\\\/index.php\\\/2024\\\/04\\\/03\\\/vigilia-por-el-dia-del-veterano-y-de-los-caidos-en-malvinas\\\/#breadcrumb\",\"itemListElement\":[{\"@type\":\"ListItem\",\"position\":1,\"name\":\"Portada\",\"item\":\"https:\\\/\\\/diarioprincipios.com\\\/\"},{\"@type\":\"ListItem\",\"position\":2,\"name\":\"Vigilia por el D\u00eda del Veterano y de los Ca\u00eddos en Malvinas\"}]},{\"@type\":\"WebSite\",\"@id\":\"https:\\\/\\\/diarioprincipios.com\\\/#website\",\"url\":\"https:\\\/\\\/diarioprincipios.com\\\/\",\"name\":\"Principios\",\"description\":\"Principios Diario\",\"publisher\":{\"@id\":\"https:\\\/\\\/diarioprincipios.com\\\/#organization\"},\"potentialAction\":[{\"@type\":\"SearchAction\",\"target\":{\"@type\":\"EntryPoint\",\"urlTemplate\":\"https:\\\/\\\/diarioprincipios.com\\\/?s={search_term_string}\"},\"query-input\":{\"@type\":\"PropertyValueSpecification\",\"valueRequired\":true,\"valueName\":\"search_term_string\"}}],\"inLanguage\":\"es\"},{\"@type\":\"Organization\",\"@id\":\"https:\\\/\\\/diarioprincipios.com\\\/#organization\",\"name\":\"Principios\",\"url\":\"https:\\\/\\\/diarioprincipios.com\\\/\",\"logo\":{\"@type\":\"ImageObject\",\"inLanguage\":\"es\",\"@id\":\"https:\\\/\\\/diarioprincipios.com\\\/#\\\/schema\\\/logo\\\/image\\\/\",\"url\":\"https:\\\/\\\/diarioprincipios.com\\\/wp-content\\\/uploads\\\/2024\\\/04\\\/cropped-www.diarioprincipios.com_-1.png\",\"contentUrl\":\"https:\\\/\\\/diarioprincipios.com\\\/wp-content\\\/uploads\\\/2024\\\/04\\\/cropped-www.diarioprincipios.com_-1.png\",\"width\":5325,\"height\":1454,\"caption\":\"Principios\"},\"image\":{\"@id\":\"https:\\\/\\\/diarioprincipios.com\\\/#\\\/schema\\\/logo\\\/image\\\/\"}},{\"@type\":\"Person\",\"@id\":\"https:\\\/\\\/diarioprincipios.com\\\/#\\\/schema\\\/person\\\/436d5a1fd41a5e250e23ff5a6a7cb080\",\"name\":\"Hern\u00e1n L\u00f3pez\",\"image\":{\"@type\":\"ImageObject\",\"inLanguage\":\"es\",\"@id\":\"https:\\\/\\\/diarioprincipios.com\\\/wp-content\\\/litespeed\\\/avatar\\\/11ddfe5610ff3bd100522525b2571f48.jpg?ver=1777048341\",\"url\":\"https:\\\/\\\/diarioprincipios.com\\\/wp-content\\\/litespeed\\\/avatar\\\/11ddfe5610ff3bd100522525b2571f48.jpg?ver=1777048341\",\"contentUrl\":\"https:\\\/\\\/diarioprincipios.com\\\/wp-content\\\/litespeed\\\/avatar\\\/11ddfe5610ff3bd100522525b2571f48.jpg?ver=1777048341\",\"caption\":\"Hern\u00e1n L\u00f3pez\"},\"url\":\"https:\\\/\\\/diarioprincipios.com\\\/index.php\\\/author\\\/hernan\\\/\"}]}<\/script>\n<!-- \/ Yoast SEO plugin. -->","yoast_head_json":{"title":"Vigilia por el D\u00eda del Veterano y de los Ca\u00eddos en Malvinas - Principios","robots":{"index":"index","follow":"follow","max-snippet":"max-snippet:-1","max-image-preview":"max-image-preview:large","max-video-preview":"max-video-preview:-1"},"canonical":"https:\/\/diarioprincipios.com\/index.php\/2024\/04\/03\/vigilia-por-el-dia-del-veterano-y-de-los-caidos-en-malvinas\/","og_locale":"es_ES","og_type":"article","og_title":"Vigilia por el D\u00eda del Veterano y de los Ca\u00eddos en Malvinas - Principios","og_description":"En conmemoraci\u00f3n del 42\u00b0 aniversario del comienzo de la Guerra de Malvinas, se llev\u00f3 a cabo la tradicional vigilia, esta vez en el Aeroclub R\u00edo de la Plata, pr\u00f3ximamente Aer\u00f3dromo Berazategui \u201cAlas de Malvinas\u201d. Lo organiz\u00f3 la Agrupaci\u00f3n H\u00e9roes de Malvinas y cont\u00f3 con la presencia del intendente Juan Jos\u00e9 Mussi. \u201cRecuerdo cuando volvieron nuestros...","og_url":"https:\/\/diarioprincipios.com\/index.php\/2024\/04\/03\/vigilia-por-el-dia-del-veterano-y-de-los-caidos-en-malvinas\/","og_site_name":"Principios","article_published_time":"2024-04-04T02:08:50+00:00","article_modified_time":"2024-04-04T02:10:32+00:00","og_image":[{"width":1920,"height":1280,"url":"https:\/\/diarioprincipios.com\/wp-content\/uploads\/2024\/04\/VIGILIA-POR-EL-DIA-DEL-VETERANO-Y-DE-LOS-CAIDOS-EN-MALVINAS-5.jpg","type":"image\/jpeg"}],"author":"Hern\u00e1n L\u00f3pez","twitter_card":"summary_large_image","twitter_misc":{"Escrito por":"Hern\u00e1n L\u00f3pez","Tiempo de lectura":"3 minutos"},"schema":{"@context":"https:\/\/schema.org","@graph":[{"@type":"Article","@id":"https:\/\/diarioprincipios.com\/index.php\/2024\/04\/03\/vigilia-por-el-dia-del-veterano-y-de-los-caidos-en-malvinas\/#article","isPartOf":{"@id":"https:\/\/diarioprincipios.com\/index.php\/2024\/04\/03\/vigilia-por-el-dia-del-veterano-y-de-los-caidos-en-malvinas\/"},"author":{"name":"Hern\u00e1n L\u00f3pez","@id":"https:\/\/diarioprincipios.com\/#\/schema\/person\/436d5a1fd41a5e250e23ff5a6a7cb080"},"headline":"Vigilia por el D\u00eda del Veterano y de los Ca\u00eddos en Malvinas","datePublished":"2024-04-04T02:08:50+00:00","dateModified":"2024-04-04T02:10:32+00:00","mainEntityOfPage":{"@id":"https:\/\/diarioprincipios.com\/index.php\/2024\/04\/03\/vigilia-por-el-dia-del-veterano-y-de-los-caidos-en-malvinas\/"},"wordCount":338,"commentCount":0,"publisher":{"@id":"https:\/\/diarioprincipios.com\/#organization"},"image":{"@id":"https:\/\/diarioprincipios.com\/index.php\/2024\/04\/03\/vigilia-por-el-dia-del-veterano-y-de-los-caidos-en-malvinas\/#primaryimage"},"thumbnailUrl":"https:\/\/diarioprincipios.com\/wp-content\/uploads\/2024\/04\/VIGILIA-POR-EL-DIA-DEL-VETERANO-Y-DE-LOS-CAIDOS-EN-MALVINAS-5.jpg","articleSection":["Berazategui"],"inLanguage":"es","potentialAction":[{"@type":"CommentAction","name":"Comment","target":["https:\/\/diarioprincipios.com\/index.php\/2024\/04\/03\/vigilia-por-el-dia-del-veterano-y-de-los-caidos-en-malvinas\/#respond"]}]},{"@type":"WebPage","@id":"https:\/\/diarioprincipios.com\/index.php\/2024\/04\/03\/vigilia-por-el-dia-del-veterano-y-de-los-caidos-en-malvinas\/","url":"https:\/\/diarioprincipios.com\/index.php\/2024\/04\/03\/vigilia-por-el-dia-del-veterano-y-de-los-caidos-en-malvinas\/","name":"Vigilia por el D\u00eda del Veterano y de los Ca\u00eddos en Malvinas - Principios","isPartOf":{"@id":"https:\/\/diarioprincipios.com\/#website"},"primaryImageOfPage":{"@id":"https:\/\/diarioprincipios.com\/index.php\/2024\/04\/03\/vigilia-por-el-dia-del-veterano-y-de-los-caidos-en-malvinas\/#primaryimage"},"image":{"@id":"https:\/\/diarioprincipios.com\/index.php\/2024\/04\/03\/vigilia-por-el-dia-del-veterano-y-de-los-caidos-en-malvinas\/#primaryimage"},"thumbnailUrl":"https:\/\/diarioprincipios.com\/wp-content\/uploads\/2024\/04\/VIGILIA-POR-EL-DIA-DEL-VETERANO-Y-DE-LOS-CAIDOS-EN-MALVINAS-5.jpg","datePublished":"2024-04-04T02:08:50+00:00","dateModified":"2024-04-04T02:10:32+00:00","breadcrumb":{"@id":"https:\/\/diarioprincipios.com\/index.php\/2024\/04\/03\/vigilia-por-el-dia-del-veterano-y-de-los-caidos-en-malvinas\/#breadcrumb"},"inLanguage":"es","potentialAction":[{"@type":"ReadAction","target":["https:\/\/diarioprincipios.com\/index.php\/2024\/04\/03\/vigilia-por-el-dia-del-veterano-y-de-los-caidos-en-malvinas\/"]}]},{"@type":"ImageObject","inLanguage":"es","@id":"https:\/\/diarioprincipios.com\/index.php\/2024\/04\/03\/vigilia-por-el-dia-del-veterano-y-de-los-caidos-en-malvinas\/#primaryimage","url":"https:\/\/diarioprincipios.com\/wp-content\/uploads\/2024\/04\/VIGILIA-POR-EL-DIA-DEL-VETERANO-Y-DE-LOS-CAIDOS-EN-MALVINAS-5.jpg","contentUrl":"https:\/\/diarioprincipios.com\/wp-content\/uploads\/2024\/04\/VIGILIA-POR-EL-DIA-DEL-VETERANO-Y-DE-LOS-CAIDOS-EN-MALVINAS-5.jpg","width":1920,"height":1280},{"@type":"BreadcrumbList","@id":"https:\/\/diarioprincipios.com\/index.php\/2024\/04\/03\/vigilia-por-el-dia-del-veterano-y-de-los-caidos-en-malvinas\/#breadcrumb","itemListElement":[{"@type":"ListItem","position":1,"name":"Portada","item":"https:\/\/diarioprincipios.com\/"},{"@type":"ListItem","position":2,"name":"Vigilia por el D\u00eda del Veterano y de los Ca\u00eddos en Malvinas"}]},{"@type":"WebSite","@id":"https:\/\/diarioprincipios.com\/#website","url":"https:\/\/diarioprincipios.com\/","name":"Principios","description":"Principios Diario","publisher":{"@id":"https:\/\/diarioprincipios.com\/#organization"},"potentialAction":[{"@type":"SearchAction","target":{"@type":"EntryPoint","urlTemplate":"https:\/\/diarioprincipios.com\/?s={search_term_string}"},"query-input":{"@type":"PropertyValueSpecification","valueRequired":true,"valueName":"search_term_string"}}],"inLanguage":"es"},{"@type":"Organization","@id":"https:\/\/diarioprincipios.com\/#organization","name":"Principios","url":"https:\/\/diarioprincipios.com\/","logo":{"@type":"ImageObject","inLanguage":"es","@id":"https:\/\/diarioprincipios.com\/#\/schema\/logo\/image\/","url":"https:\/\/diarioprincipios.com\/wp-content\/uploads\/2024\/04\/cropped-www.diarioprincipios.com_-1.png","contentUrl":"https:\/\/diarioprincipios.com\/wp-content\/uploads\/2024\/04\/cropped-www.diarioprincipios.com_-1.png","width":5325,"height":1454,"caption":"Principios"},"image":{"@id":"https:\/\/diarioprincipios.com\/#\/schema\/logo\/image\/"}},{"@type":"Person","@id":"https:\/\/diarioprincipios.com\/#\/schema\/person\/436d5a1fd41a5e250e23ff5a6a7cb080","name":"Hern\u00e1n L\u00f3pez","image":{"@type":"ImageObject","inLanguage":"es","@id":"https:\/\/diarioprincipios.com\/wp-content\/litespeed\/avatar\/11ddfe5610ff3bd100522525b2571f48.jpg?ver=1777048341","url":"https:\/\/diarioprincipios.com\/wp-content\/litespeed\/avatar\/11ddfe5610ff3bd100522525b2571f48.jpg?ver=1777048341","contentUrl":"https:\/\/diarioprincipios.com\/wp-content\/litespeed\/avatar\/11ddfe5610ff3bd100522525b2571f48.jpg?ver=1777048341","caption":"Hern\u00e1n L\u00f3pez"},"url":"https:\/\/diarioprincipios.com\/index.php\/author\/hernan\/"}]}},"jetpack_featured_media_url":"https:\/\/diarioprincipios.com\/wp-content\/uploads\/2024\/04\/VIGILIA-POR-EL-DIA-DEL-VETERANO-Y-DE-LOS-CAIDOS-EN-MALVINAS-5.jpg","_links":{"self":[{"href":"https:\/\/diarioprincipios.com\/index.php\/wp-json\/wp\/v2\/posts\/21312","targetHints":{"allow":["GET"]}}],"collection":[{"href":"https:\/\/diarioprincipios.com\/index.php\/wp-json\/wp\/v2\/posts"}],"about":[{"href":"https:\/\/diarioprincipios.com\/index.php\/wp-json\/wp\/v2\/types\/post"}],"author":[{"embeddable":true,"href":"https:\/\/diarioprincipios.com\/index.php\/wp-json\/wp\/v2\/users\/2"}],"replies":[{"embeddable":true,"href":"https:\/\/diarioprincipios.com\/index.php\/wp-json\/wp\/v2\/comments?post=21312"}],"version-history":[{"count":1,"href":"https:\/\/diarioprincipios.com\/index.php\/wp-json\/wp\/v2\/posts\/21312\/revisions"}],"predecessor-version":[{"id":21318,"href":"https:\/\/diarioprincipios.com\/index.php\/wp-json\/wp\/v2\/posts\/21312\/revisions\/21318"}],"wp:featuredmedia":[{"embeddable":true,"href":"https:\/\/diarioprincipios.com\/index.php\/wp-json\/wp\/v2\/media\/21319"}],"wp:attachment":[{"href":"https:\/\/diarioprincipios.com\/index.php\/wp-json\/wp\/v2\/media?parent=21312"}],"wp:term":[{"taxonomy":"category","embeddable":true,"href":"https:\/\/diarioprincipios.com\/index.php\/wp-json\/wp\/v2\/categories?post=21312"},{"taxonomy":"post_tag","embeddable":true,"href":"https:\/\/diarioprincipios.com\/index.php\/wp-json\/wp\/v2\/tags?post=21312"}],"curies":[{"name":"wp","href":"https:\/\/api.w.org\/{rel}","templated":true}]}}