{"id":213,"date":"2020-03-06T19:14:32","date_gmt":"2020-03-06T19:14:32","guid":{"rendered":"http:\/\/diarioprincipios.com\/?p=213"},"modified":"2020-03-06T19:14:34","modified_gmt":"2020-03-06T19:14:34","slug":"el-complejo-municipal-el-patio-celebro-20-anos","status":"publish","type":"post","link":"https:\/\/diarioprincipios.com\/index.php\/2020\/03\/06\/el-complejo-municipal-el-patio-celebro-20-anos\/","title":{"rendered":"El Complejo Municipal El Patio celebr\u00f3 20 a\u00f1os"},"content":{"rendered":"\n<p><strong>Este espacio municipal situado en 149 entre 15 y 15 A, en Berazategui, \u00a0celebr\u00f3 su 20\u00b0 aniversario con m\u00fasica en vivo y una muestra fotogr\u00e1fica hist\u00f3rica, entre otros atractivos. El intendente, Juan Jos\u00e9 Mussi, particip\u00f3 de la fiesta, a la que asistieron cientos de vecinos, y destac\u00f3 la importancia de la inversi\u00f3n en cultura.<\/strong><\/p>\n\n\n\n<p>\u201cEl que se acerca a la cultura tiene libertad espiritual y psicol\u00f3gicamente se siente bien. Tiene un estado de bienestar ps\u00edquico y social\u201d, destac\u00f3 Mussi y remarc\u00f3: \u201cEl Patio es un hermoso lugar que genera alegr\u00eda y diversi\u00f3n en los vecinos. Siempre en las crisis crecimos en cultura y en esta que estamos viviendo no va a ser la excepci\u00f3n. No vamos a aflojar\u201d.<\/p>\n\n\n\n<p>En tanto, el secretario de Cultura y Educaci\u00f3n, Federico L\u00f3pez, asegur\u00f3: \u201cEl Patio es una realidad por la decisi\u00f3n pol\u00edtica de Juan Jos\u00e9 Mussi cuando era ministro de Salud bonaerense y consigui\u00f3 el financiamiento para la compra del inmueble. Hoy lo visitan y transitan un mont\u00f3n de vecinos y vecinas de Berazategui, y de otros distritos, a trav\u00e9s de muestras, talleres y espect\u00e1culos\u201d.<\/p>\n\n\n\n<p>Por su parte, una vecina que disfruta del Complejo habitualmente, Beatriz Gonz\u00e1lez, afirm\u00f3: \u201c20 a\u00f1os de El Patio, 20 a\u00f1os hace que vengo. Estoy muy agradecida con todo lo que ofrecen ac\u00e1, se hace un trabajo excelente. No creo que en otros lados exista la dedicaci\u00f3n que Berazategui le da a la cultura\u201d.<\/p>\n\n\n\n<p>Durante la fiesta, los asistentes pudieron visitar la tienda&nbsp;<a rel=\"noreferrer noopener\" target=\"_blank\" href=\"https:\/\/www.facebook.com\/hashtag\/regal%C3%A1cultura?source=feed_text&amp;epa=HASHTAG&amp;__xts__%5B0%5D=68.ARBAOnJdxAoD9e3DsMjblf-2t6dTPfYnbvhW3CJn-zTdz-rJlwyK5etVH4vhVI5v8-8vzVP7MTLOE2NVWVgXf1UcZsVSWzMMmXCJwbFDk54W1l2Hf72ii7vuGkCmnZQaC1zDuMUcp3H0LS7FafiDwuIfroBoMGigNrcR9u443__9xlK1pynk8-_HqKRZK9nG8aVOqlWT6YNvHUOuDPCdVn0rVbaNuGeQqcXN3hrJdZEEwOatzOdXGHw8KrutXNjRhrVvGACH1EifrVsLD2TvC1un17DZkocqqgco7P8LPeRFEGBDEJzwL5s1gHsE5on32_7MZ__L32ZaBC4A-lIE&amp;__tn__=%2ANK-R\">Regal\u00e1 Cultura<\/a>, donde pudieron encontrar objetos \u00fanicos de producci\u00f3n local. Tambi\u00e9n, estuvo \u201cCultura<\/p>\n\n\n\n<p>Colectiva\u201d con actividades y talleres junto al Centro Cultural M\u00f3vil, se estamparon remeras, y hubo una oferta gastron\u00f3mica para degustar mientras se apreciaban las actividades.<\/p>\n\n\n\n<p>Estuvieron presentes tambi\u00e9n, la secretaria de Desarrollo Social y Comunitario, Mar\u00eda Laura Lacava; la subsecretaria de Cultura y Educaci\u00f3n, Mar\u00eda In\u00e9s Criado; el asesor de la Secretar\u00eda de Pol\u00edticas Socio \u2013 Educativas, Remo Salve; el director de Eventos Culturales, Marcelo Silva; el director de Log\u00edstica, Ernesto Ponce; la directora general de Patrimonio y Pol\u00edticas de Identidad, Liliana Porfiri; la directora de la Escuela de Artesan\u00edas, Dora Esteves; y el ex secretario de Cultura y Educaci\u00f3n, Ariel L\u00f3pez.<\/p>\n\n\n\n<p><strong>Historia<\/strong><\/p>\n\n\n\n<p>En 1999, por medio de un subsidio gestionado por el entonces ministro de Salud de la provincia de Buenos Aires, Juan Jos\u00e9 Mussi, para la Cooperadora de los Centros Culturales, la Municipalidad de Berazategui se hace acreedora de un edificio ubicado calle 149 entre 15 y 15 A, en el centro de la ciudad.<\/p>\n\n\n\n<p>Desde entonces, El Patio es un Complejo cultural que contiene diferentes actividades referidas a las \u00e1reas educativas, como as\u00ed tambi\u00e9n la Escuela Municipal de Artesan\u00edas y espect\u00e1culos de todo tipo.<\/p>\n","protected":false},"excerpt":{"rendered":"<p>Este espacio municipal situado en 149 entre 15 y 15 A, en Berazategui, \u00a0celebr\u00f3 su 20\u00b0 aniversario con m\u00fasica en vivo y una muestra fotogr\u00e1fica hist\u00f3rica, entre otros atractivos. El intendente, Juan Jos\u00e9 Mussi, particip\u00f3 de la fiesta, a la que asistieron cientos de vecinos, y destac\u00f3 la importancia de la inversi\u00f3n en cultura. \u201cEl&#8230;<\/p>\n","protected":false},"author":2,"featured_media":214,"comment_status":"open","ping_status":"open","sticky":false,"template":"","format":"standard","meta":{"footnotes":""},"categories":[3],"tags":[],"class_list":["post-213","post","type-post","status-publish","format-standard","has-post-thumbnail","hentry","category-berazategui"],"featured_image_src":"https:\/\/diarioprincipios.com\/wp-content\/uploads\/2020\/03\/20200229_20_Aniversario_El_Patio_NM_058-1024x683.jpg","blog_images":{"medium":"https:\/\/diarioprincipios.com\/wp-content\/uploads\/2020\/03\/20200229_20_Aniversario_El_Patio_NM_058-300x200.jpg","large":"https:\/\/diarioprincipios.com\/wp-content\/uploads\/2020\/03\/20200229_20_Aniversario_El_Patio_NM_058-1024x683.jpg"},"ams_acf":[],"yoast_head":"<!-- This site is optimized with the Yoast SEO plugin v27.3 - https:\/\/yoast.com\/product\/yoast-seo-wordpress\/ -->\n<title>El Complejo Municipal El Patio celebr\u00f3 20 a\u00f1os - Principios<\/title>\n<meta name=\"robots\" content=\"index, follow, max-snippet:-1, max-image-preview:large, max-video-preview:-1\" \/>\n<link rel=\"canonical\" href=\"https:\/\/diarioprincipios.com\/index.php\/2020\/03\/06\/el-complejo-municipal-el-patio-celebro-20-anos\/\" \/>\n<meta property=\"og:locale\" content=\"es_ES\" \/>\n<meta property=\"og:type\" content=\"article\" \/>\n<meta property=\"og:title\" content=\"El Complejo Municipal El Patio celebr\u00f3 20 a\u00f1os - Principios\" \/>\n<meta property=\"og:description\" content=\"Este espacio municipal situado en 149 entre 15 y 15 A, en Berazategui, \u00a0celebr\u00f3 su 20\u00b0 aniversario con m\u00fasica en vivo y una muestra fotogr\u00e1fica hist\u00f3rica, entre otros atractivos. El intendente, Juan Jos\u00e9 Mussi, particip\u00f3 de la fiesta, a la que asistieron cientos de vecinos, y destac\u00f3 la importancia de la inversi\u00f3n en cultura. \u201cEl...\" \/>\n<meta property=\"og:url\" content=\"https:\/\/diarioprincipios.com\/index.php\/2020\/03\/06\/el-complejo-municipal-el-patio-celebro-20-anos\/\" \/>\n<meta property=\"og:site_name\" content=\"Principios\" \/>\n<meta property=\"article:published_time\" content=\"2020-03-06T19:14:32+00:00\" \/>\n<meta property=\"article:modified_time\" content=\"2020-03-06T19:14:34+00:00\" \/>\n<meta property=\"og:image\" content=\"https:\/\/diarioprincipios.com\/wp-content\/uploads\/2020\/03\/20200229_20_Aniversario_El_Patio_NM_058.jpg\" \/>\n\t<meta property=\"og:image:width\" content=\"1920\" \/>\n\t<meta property=\"og:image:height\" content=\"1280\" \/>\n\t<meta property=\"og:image:type\" content=\"image\/jpeg\" \/>\n<meta name=\"author\" content=\"Hern\u00e1n L\u00f3pez\" \/>\n<meta name=\"twitter:card\" content=\"summary_large_image\" \/>\n<meta name=\"twitter:label1\" content=\"Escrito por\" \/>\n\t<meta name=\"twitter:data1\" content=\"Hern\u00e1n L\u00f3pez\" \/>\n\t<meta name=\"twitter:label2\" content=\"Tiempo de lectura\" \/>\n\t<meta name=\"twitter:data2\" content=\"2 minutos\" \/>\n<script type=\"application\/ld+json\" class=\"yoast-schema-graph\">{\"@context\":\"https:\\\/\\\/schema.org\",\"@graph\":[{\"@type\":\"Article\",\"@id\":\"https:\\\/\\\/diarioprincipios.com\\\/index.php\\\/2020\\\/03\\\/06\\\/el-complejo-municipal-el-patio-celebro-20-anos\\\/#article\",\"isPartOf\":{\"@id\":\"https:\\\/\\\/diarioprincipios.com\\\/index.php\\\/2020\\\/03\\\/06\\\/el-complejo-municipal-el-patio-celebro-20-anos\\\/\"},\"author\":{\"name\":\"Hern\u00e1n L\u00f3pez\",\"@id\":\"https:\\\/\\\/diarioprincipios.com\\\/#\\\/schema\\\/person\\\/436d5a1fd41a5e250e23ff5a6a7cb080\"},\"headline\":\"El Complejo Municipal El Patio celebr\u00f3 20 a\u00f1os\",\"datePublished\":\"2020-03-06T19:14:32+00:00\",\"dateModified\":\"2020-03-06T19:14:34+00:00\",\"mainEntityOfPage\":{\"@id\":\"https:\\\/\\\/diarioprincipios.com\\\/index.php\\\/2020\\\/03\\\/06\\\/el-complejo-municipal-el-patio-celebro-20-anos\\\/\"},\"wordCount\":480,\"commentCount\":0,\"publisher\":{\"@id\":\"https:\\\/\\\/diarioprincipios.com\\\/#organization\"},\"image\":{\"@id\":\"https:\\\/\\\/diarioprincipios.com\\\/index.php\\\/2020\\\/03\\\/06\\\/el-complejo-municipal-el-patio-celebro-20-anos\\\/#primaryimage\"},\"thumbnailUrl\":\"https:\\\/\\\/diarioprincipios.com\\\/wp-content\\\/uploads\\\/2020\\\/03\\\/20200229_20_Aniversario_El_Patio_NM_058.jpg\",\"articleSection\":[\"Berazategui\"],\"inLanguage\":\"es\",\"potentialAction\":[{\"@type\":\"CommentAction\",\"name\":\"Comment\",\"target\":[\"https:\\\/\\\/diarioprincipios.com\\\/index.php\\\/2020\\\/03\\\/06\\\/el-complejo-municipal-el-patio-celebro-20-anos\\\/#respond\"]}]},{\"@type\":\"WebPage\",\"@id\":\"https:\\\/\\\/diarioprincipios.com\\\/index.php\\\/2020\\\/03\\\/06\\\/el-complejo-municipal-el-patio-celebro-20-anos\\\/\",\"url\":\"https:\\\/\\\/diarioprincipios.com\\\/index.php\\\/2020\\\/03\\\/06\\\/el-complejo-municipal-el-patio-celebro-20-anos\\\/\",\"name\":\"El Complejo Municipal El Patio celebr\u00f3 20 a\u00f1os - Principios\",\"isPartOf\":{\"@id\":\"https:\\\/\\\/diarioprincipios.com\\\/#website\"},\"primaryImageOfPage\":{\"@id\":\"https:\\\/\\\/diarioprincipios.com\\\/index.php\\\/2020\\\/03\\\/06\\\/el-complejo-municipal-el-patio-celebro-20-anos\\\/#primaryimage\"},\"image\":{\"@id\":\"https:\\\/\\\/diarioprincipios.com\\\/index.php\\\/2020\\\/03\\\/06\\\/el-complejo-municipal-el-patio-celebro-20-anos\\\/#primaryimage\"},\"thumbnailUrl\":\"https:\\\/\\\/diarioprincipios.com\\\/wp-content\\\/uploads\\\/2020\\\/03\\\/20200229_20_Aniversario_El_Patio_NM_058.jpg\",\"datePublished\":\"2020-03-06T19:14:32+00:00\",\"dateModified\":\"2020-03-06T19:14:34+00:00\",\"breadcrumb\":{\"@id\":\"https:\\\/\\\/diarioprincipios.com\\\/index.php\\\/2020\\\/03\\\/06\\\/el-complejo-municipal-el-patio-celebro-20-anos\\\/#breadcrumb\"},\"inLanguage\":\"es\",\"potentialAction\":[{\"@type\":\"ReadAction\",\"target\":[\"https:\\\/\\\/diarioprincipios.com\\\/index.php\\\/2020\\\/03\\\/06\\\/el-complejo-municipal-el-patio-celebro-20-anos\\\/\"]}]},{\"@type\":\"ImageObject\",\"inLanguage\":\"es\",\"@id\":\"https:\\\/\\\/diarioprincipios.com\\\/index.php\\\/2020\\\/03\\\/06\\\/el-complejo-municipal-el-patio-celebro-20-anos\\\/#primaryimage\",\"url\":\"https:\\\/\\\/diarioprincipios.com\\\/wp-content\\\/uploads\\\/2020\\\/03\\\/20200229_20_Aniversario_El_Patio_NM_058.jpg\",\"contentUrl\":\"https:\\\/\\\/diarioprincipios.com\\\/wp-content\\\/uploads\\\/2020\\\/03\\\/20200229_20_Aniversario_El_Patio_NM_058.jpg\",\"width\":1920,\"height\":1280},{\"@type\":\"BreadcrumbList\",\"@id\":\"https:\\\/\\\/diarioprincipios.com\\\/index.php\\\/2020\\\/03\\\/06\\\/el-complejo-municipal-el-patio-celebro-20-anos\\\/#breadcrumb\",\"itemListElement\":[{\"@type\":\"ListItem\",\"position\":1,\"name\":\"Portada\",\"item\":\"https:\\\/\\\/diarioprincipios.com\\\/\"},{\"@type\":\"ListItem\",\"position\":2,\"name\":\"El Complejo Municipal El Patio celebr\u00f3 20 a\u00f1os\"}]},{\"@type\":\"WebSite\",\"@id\":\"https:\\\/\\\/diarioprincipios.com\\\/#website\",\"url\":\"https:\\\/\\\/diarioprincipios.com\\\/\",\"name\":\"Principios\",\"description\":\"Principios Diario\",\"publisher\":{\"@id\":\"https:\\\/\\\/diarioprincipios.com\\\/#organization\"},\"potentialAction\":[{\"@type\":\"SearchAction\",\"target\":{\"@type\":\"EntryPoint\",\"urlTemplate\":\"https:\\\/\\\/diarioprincipios.com\\\/?s={search_term_string}\"},\"query-input\":{\"@type\":\"PropertyValueSpecification\",\"valueRequired\":true,\"valueName\":\"search_term_string\"}}],\"inLanguage\":\"es\"},{\"@type\":\"Organization\",\"@id\":\"https:\\\/\\\/diarioprincipios.com\\\/#organization\",\"name\":\"Principios\",\"url\":\"https:\\\/\\\/diarioprincipios.com\\\/\",\"logo\":{\"@type\":\"ImageObject\",\"inLanguage\":\"es\",\"@id\":\"https:\\\/\\\/diarioprincipios.com\\\/#\\\/schema\\\/logo\\\/image\\\/\",\"url\":\"https:\\\/\\\/diarioprincipios.com\\\/wp-content\\\/uploads\\\/2024\\\/04\\\/cropped-www.diarioprincipios.com_-1.png\",\"contentUrl\":\"https:\\\/\\\/diarioprincipios.com\\\/wp-content\\\/uploads\\\/2024\\\/04\\\/cropped-www.diarioprincipios.com_-1.png\",\"width\":5325,\"height\":1454,\"caption\":\"Principios\"},\"image\":{\"@id\":\"https:\\\/\\\/diarioprincipios.com\\\/#\\\/schema\\\/logo\\\/image\\\/\"}},{\"@type\":\"Person\",\"@id\":\"https:\\\/\\\/diarioprincipios.com\\\/#\\\/schema\\\/person\\\/436d5a1fd41a5e250e23ff5a6a7cb080\",\"name\":\"Hern\u00e1n L\u00f3pez\",\"image\":{\"@type\":\"ImageObject\",\"inLanguage\":\"es\",\"@id\":\"https:\\\/\\\/diarioprincipios.com\\\/wp-content\\\/litespeed\\\/avatar\\\/11ddfe5610ff3bd100522525b2571f48.jpg?ver=1777653193\",\"url\":\"https:\\\/\\\/diarioprincipios.com\\\/wp-content\\\/litespeed\\\/avatar\\\/11ddfe5610ff3bd100522525b2571f48.jpg?ver=1777653193\",\"contentUrl\":\"https:\\\/\\\/diarioprincipios.com\\\/wp-content\\\/litespeed\\\/avatar\\\/11ddfe5610ff3bd100522525b2571f48.jpg?ver=1777653193\",\"caption\":\"Hern\u00e1n L\u00f3pez\"},\"url\":\"https:\\\/\\\/diarioprincipios.com\\\/index.php\\\/author\\\/hernan\\\/\"}]}<\/script>\n<!-- \/ Yoast SEO plugin. -->","yoast_head_json":{"title":"El Complejo Municipal El Patio celebr\u00f3 20 a\u00f1os - Principios","robots":{"index":"index","follow":"follow","max-snippet":"max-snippet:-1","max-image-preview":"max-image-preview:large","max-video-preview":"max-video-preview:-1"},"canonical":"https:\/\/diarioprincipios.com\/index.php\/2020\/03\/06\/el-complejo-municipal-el-patio-celebro-20-anos\/","og_locale":"es_ES","og_type":"article","og_title":"El Complejo Municipal El Patio celebr\u00f3 20 a\u00f1os - Principios","og_description":"Este espacio municipal situado en 149 entre 15 y 15 A, en Berazategui, \u00a0celebr\u00f3 su 20\u00b0 aniversario con m\u00fasica en vivo y una muestra fotogr\u00e1fica hist\u00f3rica, entre otros atractivos. El intendente, Juan Jos\u00e9 Mussi, particip\u00f3 de la fiesta, a la que asistieron cientos de vecinos, y destac\u00f3 la importancia de la inversi\u00f3n en cultura. \u201cEl...","og_url":"https:\/\/diarioprincipios.com\/index.php\/2020\/03\/06\/el-complejo-municipal-el-patio-celebro-20-anos\/","og_site_name":"Principios","article_published_time":"2020-03-06T19:14:32+00:00","article_modified_time":"2020-03-06T19:14:34+00:00","og_image":[{"width":1920,"height":1280,"url":"https:\/\/diarioprincipios.com\/wp-content\/uploads\/2020\/03\/20200229_20_Aniversario_El_Patio_NM_058.jpg","type":"image\/jpeg"}],"author":"Hern\u00e1n L\u00f3pez","twitter_card":"summary_large_image","twitter_misc":{"Escrito por":"Hern\u00e1n L\u00f3pez","Tiempo de lectura":"2 minutos"},"schema":{"@context":"https:\/\/schema.org","@graph":[{"@type":"Article","@id":"https:\/\/diarioprincipios.com\/index.php\/2020\/03\/06\/el-complejo-municipal-el-patio-celebro-20-anos\/#article","isPartOf":{"@id":"https:\/\/diarioprincipios.com\/index.php\/2020\/03\/06\/el-complejo-municipal-el-patio-celebro-20-anos\/"},"author":{"name":"Hern\u00e1n L\u00f3pez","@id":"https:\/\/diarioprincipios.com\/#\/schema\/person\/436d5a1fd41a5e250e23ff5a6a7cb080"},"headline":"El Complejo Municipal El Patio celebr\u00f3 20 a\u00f1os","datePublished":"2020-03-06T19:14:32+00:00","dateModified":"2020-03-06T19:14:34+00:00","mainEntityOfPage":{"@id":"https:\/\/diarioprincipios.com\/index.php\/2020\/03\/06\/el-complejo-municipal-el-patio-celebro-20-anos\/"},"wordCount":480,"commentCount":0,"publisher":{"@id":"https:\/\/diarioprincipios.com\/#organization"},"image":{"@id":"https:\/\/diarioprincipios.com\/index.php\/2020\/03\/06\/el-complejo-municipal-el-patio-celebro-20-anos\/#primaryimage"},"thumbnailUrl":"https:\/\/diarioprincipios.com\/wp-content\/uploads\/2020\/03\/20200229_20_Aniversario_El_Patio_NM_058.jpg","articleSection":["Berazategui"],"inLanguage":"es","potentialAction":[{"@type":"CommentAction","name":"Comment","target":["https:\/\/diarioprincipios.com\/index.php\/2020\/03\/06\/el-complejo-municipal-el-patio-celebro-20-anos\/#respond"]}]},{"@type":"WebPage","@id":"https:\/\/diarioprincipios.com\/index.php\/2020\/03\/06\/el-complejo-municipal-el-patio-celebro-20-anos\/","url":"https:\/\/diarioprincipios.com\/index.php\/2020\/03\/06\/el-complejo-municipal-el-patio-celebro-20-anos\/","name":"El Complejo Municipal El Patio celebr\u00f3 20 a\u00f1os - Principios","isPartOf":{"@id":"https:\/\/diarioprincipios.com\/#website"},"primaryImageOfPage":{"@id":"https:\/\/diarioprincipios.com\/index.php\/2020\/03\/06\/el-complejo-municipal-el-patio-celebro-20-anos\/#primaryimage"},"image":{"@id":"https:\/\/diarioprincipios.com\/index.php\/2020\/03\/06\/el-complejo-municipal-el-patio-celebro-20-anos\/#primaryimage"},"thumbnailUrl":"https:\/\/diarioprincipios.com\/wp-content\/uploads\/2020\/03\/20200229_20_Aniversario_El_Patio_NM_058.jpg","datePublished":"2020-03-06T19:14:32+00:00","dateModified":"2020-03-06T19:14:34+00:00","breadcrumb":{"@id":"https:\/\/diarioprincipios.com\/index.php\/2020\/03\/06\/el-complejo-municipal-el-patio-celebro-20-anos\/#breadcrumb"},"inLanguage":"es","potentialAction":[{"@type":"ReadAction","target":["https:\/\/diarioprincipios.com\/index.php\/2020\/03\/06\/el-complejo-municipal-el-patio-celebro-20-anos\/"]}]},{"@type":"ImageObject","inLanguage":"es","@id":"https:\/\/diarioprincipios.com\/index.php\/2020\/03\/06\/el-complejo-municipal-el-patio-celebro-20-anos\/#primaryimage","url":"https:\/\/diarioprincipios.com\/wp-content\/uploads\/2020\/03\/20200229_20_Aniversario_El_Patio_NM_058.jpg","contentUrl":"https:\/\/diarioprincipios.com\/wp-content\/uploads\/2020\/03\/20200229_20_Aniversario_El_Patio_NM_058.jpg","width":1920,"height":1280},{"@type":"BreadcrumbList","@id":"https:\/\/diarioprincipios.com\/index.php\/2020\/03\/06\/el-complejo-municipal-el-patio-celebro-20-anos\/#breadcrumb","itemListElement":[{"@type":"ListItem","position":1,"name":"Portada","item":"https:\/\/diarioprincipios.com\/"},{"@type":"ListItem","position":2,"name":"El Complejo Municipal El Patio celebr\u00f3 20 a\u00f1os"}]},{"@type":"WebSite","@id":"https:\/\/diarioprincipios.com\/#website","url":"https:\/\/diarioprincipios.com\/","name":"Principios","description":"Principios Diario","publisher":{"@id":"https:\/\/diarioprincipios.com\/#organization"},"potentialAction":[{"@type":"SearchAction","target":{"@type":"EntryPoint","urlTemplate":"https:\/\/diarioprincipios.com\/?s={search_term_string}"},"query-input":{"@type":"PropertyValueSpecification","valueRequired":true,"valueName":"search_term_string"}}],"inLanguage":"es"},{"@type":"Organization","@id":"https:\/\/diarioprincipios.com\/#organization","name":"Principios","url":"https:\/\/diarioprincipios.com\/","logo":{"@type":"ImageObject","inLanguage":"es","@id":"https:\/\/diarioprincipios.com\/#\/schema\/logo\/image\/","url":"https:\/\/diarioprincipios.com\/wp-content\/uploads\/2024\/04\/cropped-www.diarioprincipios.com_-1.png","contentUrl":"https:\/\/diarioprincipios.com\/wp-content\/uploads\/2024\/04\/cropped-www.diarioprincipios.com_-1.png","width":5325,"height":1454,"caption":"Principios"},"image":{"@id":"https:\/\/diarioprincipios.com\/#\/schema\/logo\/image\/"}},{"@type":"Person","@id":"https:\/\/diarioprincipios.com\/#\/schema\/person\/436d5a1fd41a5e250e23ff5a6a7cb080","name":"Hern\u00e1n L\u00f3pez","image":{"@type":"ImageObject","inLanguage":"es","@id":"https:\/\/diarioprincipios.com\/wp-content\/litespeed\/avatar\/11ddfe5610ff3bd100522525b2571f48.jpg?ver=1777653193","url":"https:\/\/diarioprincipios.com\/wp-content\/litespeed\/avatar\/11ddfe5610ff3bd100522525b2571f48.jpg?ver=1777653193","contentUrl":"https:\/\/diarioprincipios.com\/wp-content\/litespeed\/avatar\/11ddfe5610ff3bd100522525b2571f48.jpg?ver=1777653193","caption":"Hern\u00e1n L\u00f3pez"},"url":"https:\/\/diarioprincipios.com\/index.php\/author\/hernan\/"}]}},"jetpack_featured_media_url":"https:\/\/diarioprincipios.com\/wp-content\/uploads\/2020\/03\/20200229_20_Aniversario_El_Patio_NM_058.jpg","_links":{"self":[{"href":"https:\/\/diarioprincipios.com\/index.php\/wp-json\/wp\/v2\/posts\/213","targetHints":{"allow":["GET"]}}],"collection":[{"href":"https:\/\/diarioprincipios.com\/index.php\/wp-json\/wp\/v2\/posts"}],"about":[{"href":"https:\/\/diarioprincipios.com\/index.php\/wp-json\/wp\/v2\/types\/post"}],"author":[{"embeddable":true,"href":"https:\/\/diarioprincipios.com\/index.php\/wp-json\/wp\/v2\/users\/2"}],"replies":[{"embeddable":true,"href":"https:\/\/diarioprincipios.com\/index.php\/wp-json\/wp\/v2\/comments?post=213"}],"version-history":[{"count":1,"href":"https:\/\/diarioprincipios.com\/index.php\/wp-json\/wp\/v2\/posts\/213\/revisions"}],"predecessor-version":[{"id":215,"href":"https:\/\/diarioprincipios.com\/index.php\/wp-json\/wp\/v2\/posts\/213\/revisions\/215"}],"wp:featuredmedia":[{"embeddable":true,"href":"https:\/\/diarioprincipios.com\/index.php\/wp-json\/wp\/v2\/media\/214"}],"wp:attachment":[{"href":"https:\/\/diarioprincipios.com\/index.php\/wp-json\/wp\/v2\/media?parent=213"}],"wp:term":[{"taxonomy":"category","embeddable":true,"href":"https:\/\/diarioprincipios.com\/index.php\/wp-json\/wp\/v2\/categories?post=213"},{"taxonomy":"post_tag","embeddable":true,"href":"https:\/\/diarioprincipios.com\/index.php\/wp-json\/wp\/v2\/tags?post=213"}],"curies":[{"name":"wp","href":"https:\/\/api.w.org\/{rel}","templated":true}]}}