{"id":21290,"date":"2024-04-01T23:44:02","date_gmt":"2024-04-02T02:44:02","guid":{"rendered":"http:\/\/diarioprincipios.com\/?p=21290"},"modified":"2024-04-01T23:44:09","modified_gmt":"2024-04-02T02:44:09","slug":"iniciaron-las-obras-de-puesta-en-valor-de-ecas","status":"publish","type":"post","link":"https:\/\/diarioprincipios.com\/index.php\/2024\/04\/01\/iniciaron-las-obras-de-puesta-en-valor-de-ecas\/","title":{"rendered":"Iniciaron las Obras de puesta en valor de ECAS"},"content":{"rendered":"\n<p><strong>Comenzaron las obras de puesta de valor de la Estaci\u00f3n de Cr\u00eda de Animales Salvajes (ECAS), de la localidad de Pereyra. El intendente de Berazategui, Juan Jos\u00e9 Mussi; junto a los ministros bonaerenses de Infraestructura y Servicios P\u00fablicos, Gabriel Katopodis; y de Desarrollo Agrario, Javier Rodr\u00edguez, estuvieron presentes en el inicio de los trabajos que se realizan con financiamiento del Gobierno de la Provincia de Buenos Aires.<\/strong><\/p>\n\n\n\n<figure class=\"wp-block-image size-large\"><img loading=\"lazy\" decoding=\"async\" width=\"1024\" height=\"682\" src=\"https:\/\/diarioprincipios.com\/wp-content\/uploads\/2024\/04\/Screenshot_20240401_233354_Yahoo-Mail-1024x682.jpg\" alt=\"\" class=\"wp-image-21291\" srcset=\"https:\/\/diarioprincipios.com\/wp-content\/uploads\/2024\/04\/Screenshot_20240401_233354_Yahoo-Mail-1024x682.jpg 1024w, https:\/\/diarioprincipios.com\/wp-content\/uploads\/2024\/04\/Screenshot_20240401_233354_Yahoo-Mail-300x200.jpg 300w, https:\/\/diarioprincipios.com\/wp-content\/uploads\/2024\/04\/Screenshot_20240401_233354_Yahoo-Mail-768x512.jpg 768w, https:\/\/diarioprincipios.com\/wp-content\/uploads\/2024\/04\/Screenshot_20240401_233354_Yahoo-Mail.jpg 1079w\" sizes=\"auto, (max-width: 1024px) 100vw, 1024px\" \/><\/figure>\n\n\n\n<p><br>ECAS, que es un espacio dependiente del Ministerio de Desarrollo Agrario de la Provincia de Buenos Aires, fue\u00a0 inaugurado el 25 de julio de 1971. Se encuentra en el Parque Pereyra Iraola y cuenta con 230 hect\u00e1reas de superficie, donde se pueden observar animales de la fauna nativa y ex\u00f3tica transitar libremente. Adem\u00e1s, actualmente all\u00ed se llevan a cabo pr\u00e1cticas de investigaci\u00f3n y visitas educativas, entre otras actividades.<\/p>\n\n\n\n<figure class=\"wp-block-image size-large\"><img loading=\"lazy\" decoding=\"async\" width=\"1024\" height=\"667\" src=\"https:\/\/diarioprincipios.com\/wp-content\/uploads\/2024\/04\/Screenshot_20240401_233359_Yahoo-Mail-1024x667.jpg\" alt=\"\" class=\"wp-image-21292\" srcset=\"https:\/\/diarioprincipios.com\/wp-content\/uploads\/2024\/04\/Screenshot_20240401_233359_Yahoo-Mail-1024x667.jpg 1024w, https:\/\/diarioprincipios.com\/wp-content\/uploads\/2024\/04\/Screenshot_20240401_233359_Yahoo-Mail-300x195.jpg 300w, https:\/\/diarioprincipios.com\/wp-content\/uploads\/2024\/04\/Screenshot_20240401_233359_Yahoo-Mail-768x500.jpg 768w, https:\/\/diarioprincipios.com\/wp-content\/uploads\/2024\/04\/Screenshot_20240401_233359_Yahoo-Mail.jpg 1080w\" sizes=\"auto, (max-width: 1024px) 100vw, 1024px\" \/><\/figure>\n\n\n\n<p><br>Luego de la recorrida, Mussi indic\u00f3 en sus redes sociales: \u201cHoy arrancaron los trabajos -con fondos del Gobierno provincial- de puesta en valor en la Estaci\u00f3n de Cr\u00eda de Animales Silvestres, que consisten en recuperar y mejorar los caminos internos del predio\u201d.<\/p>\n\n\n\n<figure class=\"wp-block-image size-large\"><img loading=\"lazy\" decoding=\"async\" width=\"1024\" height=\"663\" src=\"https:\/\/diarioprincipios.com\/wp-content\/uploads\/2024\/04\/Screenshot_20240401_233335_Yahoo-Mail-1024x663.jpg\" alt=\"\" class=\"wp-image-21293\" srcset=\"https:\/\/diarioprincipios.com\/wp-content\/uploads\/2024\/04\/Screenshot_20240401_233335_Yahoo-Mail-1024x663.jpg 1024w, https:\/\/diarioprincipios.com\/wp-content\/uploads\/2024\/04\/Screenshot_20240401_233335_Yahoo-Mail-300x194.jpg 300w, https:\/\/diarioprincipios.com\/wp-content\/uploads\/2024\/04\/Screenshot_20240401_233335_Yahoo-Mail-768x497.jpg 768w, https:\/\/diarioprincipios.com\/wp-content\/uploads\/2024\/04\/Screenshot_20240401_233335_Yahoo-Mail.jpg 1080w\" sizes=\"auto, (max-width: 1024px) 100vw, 1024px\" \/><\/figure>\n\n\n\n<p><br>Por su parte, el coordinador de ECAS, Hern\u00e1n Am\u00e9ndola, asegur\u00f3: \u201cAsumimos hace tres a\u00f1os, con el objetivo de que el espacio tome un nuevo rumbo, recupere su identidad bonaerense y apunte a la educaci\u00f3n e interpretaci\u00f3n ambiental\u201d.<\/p>\n","protected":false},"excerpt":{"rendered":"<p>Comenzaron las obras de puesta de valor de la Estaci\u00f3n de Cr\u00eda de Animales Salvajes (ECAS), de la localidad de Pereyra. El intendente de Berazategui, Juan Jos\u00e9 Mussi; junto a los ministros bonaerenses de Infraestructura y Servicios P\u00fablicos, Gabriel Katopodis; y de Desarrollo Agrario, Javier Rodr\u00edguez, estuvieron presentes en el inicio de los trabajos que&#8230;<\/p>\n","protected":false},"author":2,"featured_media":21294,"comment_status":"open","ping_status":"open","sticky":false,"template":"","format":"standard","meta":{"footnotes":""},"categories":[3],"tags":[],"class_list":["post-21290","post","type-post","status-publish","format-standard","has-post-thumbnail","hentry","category-berazategui"],"featured_image_src":"https:\/\/diarioprincipios.com\/wp-content\/uploads\/2024\/04\/Screenshot_20240401_233339_Yahoo-Mail-1024x687.jpg","blog_images":{"medium":"https:\/\/diarioprincipios.com\/wp-content\/uploads\/2024\/04\/Screenshot_20240401_233339_Yahoo-Mail-300x201.jpg","large":"https:\/\/diarioprincipios.com\/wp-content\/uploads\/2024\/04\/Screenshot_20240401_233339_Yahoo-Mail-1024x687.jpg"},"ams_acf":[],"yoast_head":"<!-- This site is optimized with the Yoast SEO plugin v27.3 - https:\/\/yoast.com\/product\/yoast-seo-wordpress\/ -->\n<title>Iniciaron las Obras de puesta en valor de ECAS - Principios<\/title>\n<meta name=\"robots\" content=\"index, follow, max-snippet:-1, max-image-preview:large, max-video-preview:-1\" \/>\n<link rel=\"canonical\" href=\"https:\/\/diarioprincipios.com\/index.php\/2024\/04\/01\/iniciaron-las-obras-de-puesta-en-valor-de-ecas\/\" \/>\n<meta property=\"og:locale\" content=\"es_ES\" \/>\n<meta property=\"og:type\" content=\"article\" \/>\n<meta property=\"og:title\" content=\"Iniciaron las Obras de puesta en valor de ECAS - Principios\" \/>\n<meta property=\"og:description\" content=\"Comenzaron las obras de puesta de valor de la Estaci\u00f3n de Cr\u00eda de Animales Salvajes (ECAS), de la localidad de Pereyra. El intendente de Berazategui, Juan Jos\u00e9 Mussi; junto a los ministros bonaerenses de Infraestructura y Servicios P\u00fablicos, Gabriel Katopodis; y de Desarrollo Agrario, Javier Rodr\u00edguez, estuvieron presentes en el inicio de los trabajos que...\" \/>\n<meta property=\"og:url\" content=\"https:\/\/diarioprincipios.com\/index.php\/2024\/04\/01\/iniciaron-las-obras-de-puesta-en-valor-de-ecas\/\" \/>\n<meta property=\"og:site_name\" content=\"Principios\" \/>\n<meta property=\"article:published_time\" content=\"2024-04-02T02:44:02+00:00\" \/>\n<meta property=\"article:modified_time\" content=\"2024-04-02T02:44:09+00:00\" \/>\n<meta property=\"og:image\" content=\"https:\/\/diarioprincipios.com\/wp-content\/uploads\/2024\/04\/Screenshot_20240401_233339_Yahoo-Mail.jpg\" \/>\n\t<meta property=\"og:image:width\" content=\"1080\" \/>\n\t<meta property=\"og:image:height\" content=\"725\" \/>\n\t<meta property=\"og:image:type\" content=\"image\/jpeg\" \/>\n<meta name=\"author\" content=\"Hern\u00e1n L\u00f3pez\" \/>\n<meta name=\"twitter:card\" content=\"summary_large_image\" \/>\n<meta name=\"twitter:label1\" content=\"Escrito por\" \/>\n\t<meta name=\"twitter:data1\" content=\"Hern\u00e1n L\u00f3pez\" \/>\n\t<meta name=\"twitter:label2\" content=\"Tiempo de lectura\" \/>\n\t<meta name=\"twitter:data2\" content=\"2 minutos\" \/>\n<script type=\"application\/ld+json\" class=\"yoast-schema-graph\">{\"@context\":\"https:\\\/\\\/schema.org\",\"@graph\":[{\"@type\":\"Article\",\"@id\":\"https:\\\/\\\/diarioprincipios.com\\\/index.php\\\/2024\\\/04\\\/01\\\/iniciaron-las-obras-de-puesta-en-valor-de-ecas\\\/#article\",\"isPartOf\":{\"@id\":\"https:\\\/\\\/diarioprincipios.com\\\/index.php\\\/2024\\\/04\\\/01\\\/iniciaron-las-obras-de-puesta-en-valor-de-ecas\\\/\"},\"author\":{\"name\":\"Hern\u00e1n L\u00f3pez\",\"@id\":\"https:\\\/\\\/diarioprincipios.com\\\/#\\\/schema\\\/person\\\/436d5a1fd41a5e250e23ff5a6a7cb080\"},\"headline\":\"Iniciaron las Obras de puesta en valor de ECAS\",\"datePublished\":\"2024-04-02T02:44:02+00:00\",\"dateModified\":\"2024-04-02T02:44:09+00:00\",\"mainEntityOfPage\":{\"@id\":\"https:\\\/\\\/diarioprincipios.com\\\/index.php\\\/2024\\\/04\\\/01\\\/iniciaron-las-obras-de-puesta-en-valor-de-ecas\\\/\"},\"wordCount\":236,\"commentCount\":0,\"publisher\":{\"@id\":\"https:\\\/\\\/diarioprincipios.com\\\/#organization\"},\"image\":{\"@id\":\"https:\\\/\\\/diarioprincipios.com\\\/index.php\\\/2024\\\/04\\\/01\\\/iniciaron-las-obras-de-puesta-en-valor-de-ecas\\\/#primaryimage\"},\"thumbnailUrl\":\"https:\\\/\\\/diarioprincipios.com\\\/wp-content\\\/uploads\\\/2024\\\/04\\\/Screenshot_20240401_233339_Yahoo-Mail.jpg\",\"articleSection\":[\"Berazategui\"],\"inLanguage\":\"es\",\"potentialAction\":[{\"@type\":\"CommentAction\",\"name\":\"Comment\",\"target\":[\"https:\\\/\\\/diarioprincipios.com\\\/index.php\\\/2024\\\/04\\\/01\\\/iniciaron-las-obras-de-puesta-en-valor-de-ecas\\\/#respond\"]}]},{\"@type\":\"WebPage\",\"@id\":\"https:\\\/\\\/diarioprincipios.com\\\/index.php\\\/2024\\\/04\\\/01\\\/iniciaron-las-obras-de-puesta-en-valor-de-ecas\\\/\",\"url\":\"https:\\\/\\\/diarioprincipios.com\\\/index.php\\\/2024\\\/04\\\/01\\\/iniciaron-las-obras-de-puesta-en-valor-de-ecas\\\/\",\"name\":\"Iniciaron las Obras de puesta en valor de ECAS - Principios\",\"isPartOf\":{\"@id\":\"https:\\\/\\\/diarioprincipios.com\\\/#website\"},\"primaryImageOfPage\":{\"@id\":\"https:\\\/\\\/diarioprincipios.com\\\/index.php\\\/2024\\\/04\\\/01\\\/iniciaron-las-obras-de-puesta-en-valor-de-ecas\\\/#primaryimage\"},\"image\":{\"@id\":\"https:\\\/\\\/diarioprincipios.com\\\/index.php\\\/2024\\\/04\\\/01\\\/iniciaron-las-obras-de-puesta-en-valor-de-ecas\\\/#primaryimage\"},\"thumbnailUrl\":\"https:\\\/\\\/diarioprincipios.com\\\/wp-content\\\/uploads\\\/2024\\\/04\\\/Screenshot_20240401_233339_Yahoo-Mail.jpg\",\"datePublished\":\"2024-04-02T02:44:02+00:00\",\"dateModified\":\"2024-04-02T02:44:09+00:00\",\"breadcrumb\":{\"@id\":\"https:\\\/\\\/diarioprincipios.com\\\/index.php\\\/2024\\\/04\\\/01\\\/iniciaron-las-obras-de-puesta-en-valor-de-ecas\\\/#breadcrumb\"},\"inLanguage\":\"es\",\"potentialAction\":[{\"@type\":\"ReadAction\",\"target\":[\"https:\\\/\\\/diarioprincipios.com\\\/index.php\\\/2024\\\/04\\\/01\\\/iniciaron-las-obras-de-puesta-en-valor-de-ecas\\\/\"]}]},{\"@type\":\"ImageObject\",\"inLanguage\":\"es\",\"@id\":\"https:\\\/\\\/diarioprincipios.com\\\/index.php\\\/2024\\\/04\\\/01\\\/iniciaron-las-obras-de-puesta-en-valor-de-ecas\\\/#primaryimage\",\"url\":\"https:\\\/\\\/diarioprincipios.com\\\/wp-content\\\/uploads\\\/2024\\\/04\\\/Screenshot_20240401_233339_Yahoo-Mail.jpg\",\"contentUrl\":\"https:\\\/\\\/diarioprincipios.com\\\/wp-content\\\/uploads\\\/2024\\\/04\\\/Screenshot_20240401_233339_Yahoo-Mail.jpg\",\"width\":1080,\"height\":725},{\"@type\":\"BreadcrumbList\",\"@id\":\"https:\\\/\\\/diarioprincipios.com\\\/index.php\\\/2024\\\/04\\\/01\\\/iniciaron-las-obras-de-puesta-en-valor-de-ecas\\\/#breadcrumb\",\"itemListElement\":[{\"@type\":\"ListItem\",\"position\":1,\"name\":\"Portada\",\"item\":\"https:\\\/\\\/diarioprincipios.com\\\/\"},{\"@type\":\"ListItem\",\"position\":2,\"name\":\"Iniciaron las Obras de puesta en valor de ECAS\"}]},{\"@type\":\"WebSite\",\"@id\":\"https:\\\/\\\/diarioprincipios.com\\\/#website\",\"url\":\"https:\\\/\\\/diarioprincipios.com\\\/\",\"name\":\"Principios\",\"description\":\"Principios Diario\",\"publisher\":{\"@id\":\"https:\\\/\\\/diarioprincipios.com\\\/#organization\"},\"potentialAction\":[{\"@type\":\"SearchAction\",\"target\":{\"@type\":\"EntryPoint\",\"urlTemplate\":\"https:\\\/\\\/diarioprincipios.com\\\/?s={search_term_string}\"},\"query-input\":{\"@type\":\"PropertyValueSpecification\",\"valueRequired\":true,\"valueName\":\"search_term_string\"}}],\"inLanguage\":\"es\"},{\"@type\":\"Organization\",\"@id\":\"https:\\\/\\\/diarioprincipios.com\\\/#organization\",\"name\":\"Principios\",\"url\":\"https:\\\/\\\/diarioprincipios.com\\\/\",\"logo\":{\"@type\":\"ImageObject\",\"inLanguage\":\"es\",\"@id\":\"https:\\\/\\\/diarioprincipios.com\\\/#\\\/schema\\\/logo\\\/image\\\/\",\"url\":\"https:\\\/\\\/diarioprincipios.com\\\/wp-content\\\/uploads\\\/2024\\\/04\\\/cropped-www.diarioprincipios.com_-1.png\",\"contentUrl\":\"https:\\\/\\\/diarioprincipios.com\\\/wp-content\\\/uploads\\\/2024\\\/04\\\/cropped-www.diarioprincipios.com_-1.png\",\"width\":5325,\"height\":1454,\"caption\":\"Principios\"},\"image\":{\"@id\":\"https:\\\/\\\/diarioprincipios.com\\\/#\\\/schema\\\/logo\\\/image\\\/\"}},{\"@type\":\"Person\",\"@id\":\"https:\\\/\\\/diarioprincipios.com\\\/#\\\/schema\\\/person\\\/436d5a1fd41a5e250e23ff5a6a7cb080\",\"name\":\"Hern\u00e1n L\u00f3pez\",\"image\":{\"@type\":\"ImageObject\",\"inLanguage\":\"es\",\"@id\":\"https:\\\/\\\/diarioprincipios.com\\\/wp-content\\\/litespeed\\\/avatar\\\/11ddfe5610ff3bd100522525b2571f48.jpg?ver=1777653193\",\"url\":\"https:\\\/\\\/diarioprincipios.com\\\/wp-content\\\/litespeed\\\/avatar\\\/11ddfe5610ff3bd100522525b2571f48.jpg?ver=1777653193\",\"contentUrl\":\"https:\\\/\\\/diarioprincipios.com\\\/wp-content\\\/litespeed\\\/avatar\\\/11ddfe5610ff3bd100522525b2571f48.jpg?ver=1777653193\",\"caption\":\"Hern\u00e1n L\u00f3pez\"},\"url\":\"https:\\\/\\\/diarioprincipios.com\\\/index.php\\\/author\\\/hernan\\\/\"}]}<\/script>\n<!-- \/ Yoast SEO plugin. -->","yoast_head_json":{"title":"Iniciaron las Obras de puesta en valor de ECAS - Principios","robots":{"index":"index","follow":"follow","max-snippet":"max-snippet:-1","max-image-preview":"max-image-preview:large","max-video-preview":"max-video-preview:-1"},"canonical":"https:\/\/diarioprincipios.com\/index.php\/2024\/04\/01\/iniciaron-las-obras-de-puesta-en-valor-de-ecas\/","og_locale":"es_ES","og_type":"article","og_title":"Iniciaron las Obras de puesta en valor de ECAS - Principios","og_description":"Comenzaron las obras de puesta de valor de la Estaci\u00f3n de Cr\u00eda de Animales Salvajes (ECAS), de la localidad de Pereyra. El intendente de Berazategui, Juan Jos\u00e9 Mussi; junto a los ministros bonaerenses de Infraestructura y Servicios P\u00fablicos, Gabriel Katopodis; y de Desarrollo Agrario, Javier Rodr\u00edguez, estuvieron presentes en el inicio de los trabajos que...","og_url":"https:\/\/diarioprincipios.com\/index.php\/2024\/04\/01\/iniciaron-las-obras-de-puesta-en-valor-de-ecas\/","og_site_name":"Principios","article_published_time":"2024-04-02T02:44:02+00:00","article_modified_time":"2024-04-02T02:44:09+00:00","og_image":[{"width":1080,"height":725,"url":"https:\/\/diarioprincipios.com\/wp-content\/uploads\/2024\/04\/Screenshot_20240401_233339_Yahoo-Mail.jpg","type":"image\/jpeg"}],"author":"Hern\u00e1n L\u00f3pez","twitter_card":"summary_large_image","twitter_misc":{"Escrito por":"Hern\u00e1n L\u00f3pez","Tiempo de lectura":"2 minutos"},"schema":{"@context":"https:\/\/schema.org","@graph":[{"@type":"Article","@id":"https:\/\/diarioprincipios.com\/index.php\/2024\/04\/01\/iniciaron-las-obras-de-puesta-en-valor-de-ecas\/#article","isPartOf":{"@id":"https:\/\/diarioprincipios.com\/index.php\/2024\/04\/01\/iniciaron-las-obras-de-puesta-en-valor-de-ecas\/"},"author":{"name":"Hern\u00e1n L\u00f3pez","@id":"https:\/\/diarioprincipios.com\/#\/schema\/person\/436d5a1fd41a5e250e23ff5a6a7cb080"},"headline":"Iniciaron las Obras de puesta en valor de ECAS","datePublished":"2024-04-02T02:44:02+00:00","dateModified":"2024-04-02T02:44:09+00:00","mainEntityOfPage":{"@id":"https:\/\/diarioprincipios.com\/index.php\/2024\/04\/01\/iniciaron-las-obras-de-puesta-en-valor-de-ecas\/"},"wordCount":236,"commentCount":0,"publisher":{"@id":"https:\/\/diarioprincipios.com\/#organization"},"image":{"@id":"https:\/\/diarioprincipios.com\/index.php\/2024\/04\/01\/iniciaron-las-obras-de-puesta-en-valor-de-ecas\/#primaryimage"},"thumbnailUrl":"https:\/\/diarioprincipios.com\/wp-content\/uploads\/2024\/04\/Screenshot_20240401_233339_Yahoo-Mail.jpg","articleSection":["Berazategui"],"inLanguage":"es","potentialAction":[{"@type":"CommentAction","name":"Comment","target":["https:\/\/diarioprincipios.com\/index.php\/2024\/04\/01\/iniciaron-las-obras-de-puesta-en-valor-de-ecas\/#respond"]}]},{"@type":"WebPage","@id":"https:\/\/diarioprincipios.com\/index.php\/2024\/04\/01\/iniciaron-las-obras-de-puesta-en-valor-de-ecas\/","url":"https:\/\/diarioprincipios.com\/index.php\/2024\/04\/01\/iniciaron-las-obras-de-puesta-en-valor-de-ecas\/","name":"Iniciaron las Obras de puesta en valor de ECAS - Principios","isPartOf":{"@id":"https:\/\/diarioprincipios.com\/#website"},"primaryImageOfPage":{"@id":"https:\/\/diarioprincipios.com\/index.php\/2024\/04\/01\/iniciaron-las-obras-de-puesta-en-valor-de-ecas\/#primaryimage"},"image":{"@id":"https:\/\/diarioprincipios.com\/index.php\/2024\/04\/01\/iniciaron-las-obras-de-puesta-en-valor-de-ecas\/#primaryimage"},"thumbnailUrl":"https:\/\/diarioprincipios.com\/wp-content\/uploads\/2024\/04\/Screenshot_20240401_233339_Yahoo-Mail.jpg","datePublished":"2024-04-02T02:44:02+00:00","dateModified":"2024-04-02T02:44:09+00:00","breadcrumb":{"@id":"https:\/\/diarioprincipios.com\/index.php\/2024\/04\/01\/iniciaron-las-obras-de-puesta-en-valor-de-ecas\/#breadcrumb"},"inLanguage":"es","potentialAction":[{"@type":"ReadAction","target":["https:\/\/diarioprincipios.com\/index.php\/2024\/04\/01\/iniciaron-las-obras-de-puesta-en-valor-de-ecas\/"]}]},{"@type":"ImageObject","inLanguage":"es","@id":"https:\/\/diarioprincipios.com\/index.php\/2024\/04\/01\/iniciaron-las-obras-de-puesta-en-valor-de-ecas\/#primaryimage","url":"https:\/\/diarioprincipios.com\/wp-content\/uploads\/2024\/04\/Screenshot_20240401_233339_Yahoo-Mail.jpg","contentUrl":"https:\/\/diarioprincipios.com\/wp-content\/uploads\/2024\/04\/Screenshot_20240401_233339_Yahoo-Mail.jpg","width":1080,"height":725},{"@type":"BreadcrumbList","@id":"https:\/\/diarioprincipios.com\/index.php\/2024\/04\/01\/iniciaron-las-obras-de-puesta-en-valor-de-ecas\/#breadcrumb","itemListElement":[{"@type":"ListItem","position":1,"name":"Portada","item":"https:\/\/diarioprincipios.com\/"},{"@type":"ListItem","position":2,"name":"Iniciaron las Obras de puesta en valor de ECAS"}]},{"@type":"WebSite","@id":"https:\/\/diarioprincipios.com\/#website","url":"https:\/\/diarioprincipios.com\/","name":"Principios","description":"Principios Diario","publisher":{"@id":"https:\/\/diarioprincipios.com\/#organization"},"potentialAction":[{"@type":"SearchAction","target":{"@type":"EntryPoint","urlTemplate":"https:\/\/diarioprincipios.com\/?s={search_term_string}"},"query-input":{"@type":"PropertyValueSpecification","valueRequired":true,"valueName":"search_term_string"}}],"inLanguage":"es"},{"@type":"Organization","@id":"https:\/\/diarioprincipios.com\/#organization","name":"Principios","url":"https:\/\/diarioprincipios.com\/","logo":{"@type":"ImageObject","inLanguage":"es","@id":"https:\/\/diarioprincipios.com\/#\/schema\/logo\/image\/","url":"https:\/\/diarioprincipios.com\/wp-content\/uploads\/2024\/04\/cropped-www.diarioprincipios.com_-1.png","contentUrl":"https:\/\/diarioprincipios.com\/wp-content\/uploads\/2024\/04\/cropped-www.diarioprincipios.com_-1.png","width":5325,"height":1454,"caption":"Principios"},"image":{"@id":"https:\/\/diarioprincipios.com\/#\/schema\/logo\/image\/"}},{"@type":"Person","@id":"https:\/\/diarioprincipios.com\/#\/schema\/person\/436d5a1fd41a5e250e23ff5a6a7cb080","name":"Hern\u00e1n L\u00f3pez","image":{"@type":"ImageObject","inLanguage":"es","@id":"https:\/\/diarioprincipios.com\/wp-content\/litespeed\/avatar\/11ddfe5610ff3bd100522525b2571f48.jpg?ver=1777653193","url":"https:\/\/diarioprincipios.com\/wp-content\/litespeed\/avatar\/11ddfe5610ff3bd100522525b2571f48.jpg?ver=1777653193","contentUrl":"https:\/\/diarioprincipios.com\/wp-content\/litespeed\/avatar\/11ddfe5610ff3bd100522525b2571f48.jpg?ver=1777653193","caption":"Hern\u00e1n L\u00f3pez"},"url":"https:\/\/diarioprincipios.com\/index.php\/author\/hernan\/"}]}},"jetpack_featured_media_url":"https:\/\/diarioprincipios.com\/wp-content\/uploads\/2024\/04\/Screenshot_20240401_233339_Yahoo-Mail.jpg","_links":{"self":[{"href":"https:\/\/diarioprincipios.com\/index.php\/wp-json\/wp\/v2\/posts\/21290","targetHints":{"allow":["GET"]}}],"collection":[{"href":"https:\/\/diarioprincipios.com\/index.php\/wp-json\/wp\/v2\/posts"}],"about":[{"href":"https:\/\/diarioprincipios.com\/index.php\/wp-json\/wp\/v2\/types\/post"}],"author":[{"embeddable":true,"href":"https:\/\/diarioprincipios.com\/index.php\/wp-json\/wp\/v2\/users\/2"}],"replies":[{"embeddable":true,"href":"https:\/\/diarioprincipios.com\/index.php\/wp-json\/wp\/v2\/comments?post=21290"}],"version-history":[{"count":1,"href":"https:\/\/diarioprincipios.com\/index.php\/wp-json\/wp\/v2\/posts\/21290\/revisions"}],"predecessor-version":[{"id":21295,"href":"https:\/\/diarioprincipios.com\/index.php\/wp-json\/wp\/v2\/posts\/21290\/revisions\/21295"}],"wp:featuredmedia":[{"embeddable":true,"href":"https:\/\/diarioprincipios.com\/index.php\/wp-json\/wp\/v2\/media\/21294"}],"wp:attachment":[{"href":"https:\/\/diarioprincipios.com\/index.php\/wp-json\/wp\/v2\/media?parent=21290"}],"wp:term":[{"taxonomy":"category","embeddable":true,"href":"https:\/\/diarioprincipios.com\/index.php\/wp-json\/wp\/v2\/categories?post=21290"},{"taxonomy":"post_tag","embeddable":true,"href":"https:\/\/diarioprincipios.com\/index.php\/wp-json\/wp\/v2\/tags?post=21290"}],"curies":[{"name":"wp","href":"https:\/\/api.w.org\/{rel}","templated":true}]}}