{"id":2126,"date":"2020-05-26T11:16:20","date_gmt":"2020-05-26T14:16:20","guid":{"rendered":"http:\/\/diarioprincipios.com\/?p=2126"},"modified":"2020-05-26T11:16:23","modified_gmt":"2020-05-26T14:16:23","slug":"gollan-confirmo-que-hay-siete-casos-positivos-de-coronavirus-en-el-barrio-itati-de-quilmes","status":"publish","type":"post","link":"https:\/\/diarioprincipios.com\/index.php\/2020\/05\/26\/gollan-confirmo-que-hay-siete-casos-positivos-de-coronavirus-en-el-barrio-itati-de-quilmes\/","title":{"rendered":"Gollan confirm\u00f3 que hay siete casos positivos de coronavirus en el barrio Itat\u00ed de Quilmes"},"content":{"rendered":"\n<p>El ministro de Salud bonaerense, Daniel Gollan, inform\u00f3 esta ma\u00f1ana que en el barrio Itat\u00ed, en el partido de Quilmes, se confirmaron siete casos de coronavirus, y asegur\u00f3 que el pr\u00f3ximo jueves comenzar\u00e1 all\u00ed el Programa Detectar, que busca casos sospechosos y sus contactos estrechos para aislarlos y mitigar la propagaci\u00f3n de la Covid-19.<\/p>\n\n\n\n<p>\u00abEn Itat\u00ed tenemos siete casos de coronavirus que est\u00e1n dispersos, no como ac\u00e1 que (los casos) fueron por contacto masivo en un solo lugar\u00bb, dijo a la prensa Gollan en el barrio Villa Azul, que se asienta en los partidos de Quilmes y Avellandea, y es vecino de Itat\u00ed.<\/p>\n\n\n\n<p>En Villa Azul, que se encuentra en estricto aislamiento desde ayer, los diagn\u00f3sticos de coronavirus ascienden a 94 y se espera el resultado de otros 100 test realizados, confirm\u00f3 Goll\u00e1n.<\/p>\n\n\n\n<p>\u00abEstamos en un operativo de saturaci\u00f3n, visitando casa por casa, llevando alimentos y lo que necesiten para que la gente no salga. Le damos asistencia a las personas que tienen que salir a un hospital para realizar di\u00e1lisis o tratamientos oncol\u00f3gicos; el resto se atiende aca\u00bb, afirm\u00f3 Gollan sobre la acci\u00f3n del Gobierno bonaerense en el lugar.<\/p>\n\n\n\n<p>Por otro lado, asegur\u00f3 que el operativo Detectar (Dispositivo Estrat\u00e9gico de Testeo para Coronavirus en Terreno de Argentina) se extender\u00e1 por un \u00abm\u00ednimo de 14 d\u00edas\u00bb en Villa Azul porque \u00abtenemos que parar el foco que se incendi\u00f3 ac\u00e1\u00bb.<\/p>\n\n\n\n<p>El ministro bonaerense se\u00f1al\u00f3 que se trata de \u00abuna lucha tit\u00e1nica, estamos tratando de adelantarnos a la circulaci\u00f3n del virus\u00bb y refiri\u00f3 que a diferencia de los barrios populares de la ciudad de Buenos Aires \u00abque tienen mayor densidad de poblaci\u00f3n porque hay edificios de seis pisos; en la provincia los barrios son m\u00e1s extendidos, con menor densidad de poblaci\u00f3n\u00bb.<\/p>\n\n\n\n<p>\u00abEstamos formando r\u00e1pidamente a epidemi\u00f3logos porque necesitamos tener un grupo de profesionales con conocimiento b\u00e1sico para trazar estrategias de control en cada manzana y en cada barrio\u00bb, dijo Gollan sobre las estrategias adoptadas para mitigar la circulaci\u00f3n del virus.<\/p>\n\n\n\n<p>Y asever\u00f3 que esperan que \u00abesto sea m\u00e1s bien una onda, con un peque\u00f1o reflujo, y luego otra onda; y como dicen todos llegar hasta octubre\u00bb, al referirse a una probable evoluci\u00f3n de la curva de infectados de Covid-19.<\/p>\n\n\n\n<p>El ministro de Salud bonaerense destac\u00f3 que \u00abestamos dialogando todo el tiempo y hay una coordinaci\u00f3n permanente\u00bb con las autoridades de la ciudad de Buenos Aires.<\/p>\n","protected":false},"excerpt":{"rendered":"<p>El ministro de Salud bonaerense, Daniel Gollan, inform\u00f3 esta ma\u00f1ana que en el barrio Itat\u00ed, en el partido de Quilmes, se confirmaron siete casos de coronavirus, y asegur\u00f3 que el pr\u00f3ximo jueves comenzar\u00e1 all\u00ed el Programa Detectar, que busca casos sospechosos y sus contactos estrechos para aislarlos y mitigar la propagaci\u00f3n de la Covid-19. \u00abEn&#8230;<\/p>\n","protected":false},"author":2,"featured_media":2127,"comment_status":"open","ping_status":"open","sticky":false,"template":"","format":"standard","meta":{"footnotes":""},"categories":[4],"tags":[],"class_list":["post-2126","post","type-post","status-publish","format-standard","has-post-thumbnail","hentry","category-quilmes"],"featured_image_src":"https:\/\/diarioprincipios.com\/wp-content\/uploads\/2020\/05\/arton160592.jpg","blog_images":{"medium":"https:\/\/diarioprincipios.com\/wp-content\/uploads\/2020\/05\/arton160592-300x168.jpg","large":"https:\/\/diarioprincipios.com\/wp-content\/uploads\/2020\/05\/arton160592.jpg"},"ams_acf":[],"yoast_head":"<!-- This site is optimized with the Yoast SEO plugin v27.3 - https:\/\/yoast.com\/product\/yoast-seo-wordpress\/ -->\n<title>Gollan confirm\u00f3 que hay siete casos positivos de coronavirus en el barrio Itat\u00ed de Quilmes - Principios<\/title>\n<meta name=\"robots\" content=\"index, follow, max-snippet:-1, max-image-preview:large, max-video-preview:-1\" \/>\n<link rel=\"canonical\" href=\"https:\/\/diarioprincipios.com\/index.php\/2020\/05\/26\/gollan-confirmo-que-hay-siete-casos-positivos-de-coronavirus-en-el-barrio-itati-de-quilmes\/\" \/>\n<meta property=\"og:locale\" content=\"es_ES\" \/>\n<meta property=\"og:type\" content=\"article\" \/>\n<meta property=\"og:title\" content=\"Gollan confirm\u00f3 que hay siete casos positivos de coronavirus en el barrio Itat\u00ed de Quilmes - Principios\" \/>\n<meta property=\"og:description\" content=\"El ministro de Salud bonaerense, Daniel Gollan, inform\u00f3 esta ma\u00f1ana que en el barrio Itat\u00ed, en el partido de Quilmes, se confirmaron siete casos de coronavirus, y asegur\u00f3 que el pr\u00f3ximo jueves comenzar\u00e1 all\u00ed el Programa Detectar, que busca casos sospechosos y sus contactos estrechos para aislarlos y mitigar la propagaci\u00f3n de la Covid-19. \u00abEn...\" \/>\n<meta property=\"og:url\" content=\"https:\/\/diarioprincipios.com\/index.php\/2020\/05\/26\/gollan-confirmo-que-hay-siete-casos-positivos-de-coronavirus-en-el-barrio-itati-de-quilmes\/\" \/>\n<meta property=\"og:site_name\" content=\"Principios\" \/>\n<meta property=\"article:published_time\" content=\"2020-05-26T14:16:20+00:00\" \/>\n<meta property=\"article:modified_time\" content=\"2020-05-26T14:16:23+00:00\" \/>\n<meta property=\"og:image\" content=\"https:\/\/diarioprincipios.com\/wp-content\/uploads\/2020\/05\/arton160592.jpg\" \/>\n\t<meta property=\"og:image:width\" content=\"750\" \/>\n\t<meta property=\"og:image:height\" content=\"421\" \/>\n\t<meta property=\"og:image:type\" content=\"image\/jpeg\" \/>\n<meta name=\"author\" content=\"Hern\u00e1n L\u00f3pez\" \/>\n<meta name=\"twitter:card\" content=\"summary_large_image\" \/>\n<meta name=\"twitter:label1\" content=\"Escrito por\" \/>\n\t<meta name=\"twitter:data1\" content=\"Hern\u00e1n L\u00f3pez\" \/>\n\t<meta name=\"twitter:label2\" content=\"Tiempo de lectura\" \/>\n\t<meta name=\"twitter:data2\" content=\"2 minutos\" \/>\n<script type=\"application\/ld+json\" class=\"yoast-schema-graph\">{\"@context\":\"https:\\\/\\\/schema.org\",\"@graph\":[{\"@type\":\"Article\",\"@id\":\"https:\\\/\\\/diarioprincipios.com\\\/index.php\\\/2020\\\/05\\\/26\\\/gollan-confirmo-que-hay-siete-casos-positivos-de-coronavirus-en-el-barrio-itati-de-quilmes\\\/#article\",\"isPartOf\":{\"@id\":\"https:\\\/\\\/diarioprincipios.com\\\/index.php\\\/2020\\\/05\\\/26\\\/gollan-confirmo-que-hay-siete-casos-positivos-de-coronavirus-en-el-barrio-itati-de-quilmes\\\/\"},\"author\":{\"name\":\"Hern\u00e1n L\u00f3pez\",\"@id\":\"https:\\\/\\\/diarioprincipios.com\\\/#\\\/schema\\\/person\\\/436d5a1fd41a5e250e23ff5a6a7cb080\"},\"headline\":\"Gollan confirm\u00f3 que hay siete casos positivos de coronavirus en el barrio Itat\u00ed de Quilmes\",\"datePublished\":\"2020-05-26T14:16:20+00:00\",\"dateModified\":\"2020-05-26T14:16:23+00:00\",\"mainEntityOfPage\":{\"@id\":\"https:\\\/\\\/diarioprincipios.com\\\/index.php\\\/2020\\\/05\\\/26\\\/gollan-confirmo-que-hay-siete-casos-positivos-de-coronavirus-en-el-barrio-itati-de-quilmes\\\/\"},\"wordCount\":432,\"commentCount\":0,\"publisher\":{\"@id\":\"https:\\\/\\\/diarioprincipios.com\\\/#organization\"},\"image\":{\"@id\":\"https:\\\/\\\/diarioprincipios.com\\\/index.php\\\/2020\\\/05\\\/26\\\/gollan-confirmo-que-hay-siete-casos-positivos-de-coronavirus-en-el-barrio-itati-de-quilmes\\\/#primaryimage\"},\"thumbnailUrl\":\"https:\\\/\\\/diarioprincipios.com\\\/wp-content\\\/uploads\\\/2020\\\/05\\\/arton160592.jpg\",\"articleSection\":[\"Quilmes\"],\"inLanguage\":\"es\",\"potentialAction\":[{\"@type\":\"CommentAction\",\"name\":\"Comment\",\"target\":[\"https:\\\/\\\/diarioprincipios.com\\\/index.php\\\/2020\\\/05\\\/26\\\/gollan-confirmo-que-hay-siete-casos-positivos-de-coronavirus-en-el-barrio-itati-de-quilmes\\\/#respond\"]}]},{\"@type\":\"WebPage\",\"@id\":\"https:\\\/\\\/diarioprincipios.com\\\/index.php\\\/2020\\\/05\\\/26\\\/gollan-confirmo-que-hay-siete-casos-positivos-de-coronavirus-en-el-barrio-itati-de-quilmes\\\/\",\"url\":\"https:\\\/\\\/diarioprincipios.com\\\/index.php\\\/2020\\\/05\\\/26\\\/gollan-confirmo-que-hay-siete-casos-positivos-de-coronavirus-en-el-barrio-itati-de-quilmes\\\/\",\"name\":\"Gollan confirm\u00f3 que hay siete casos positivos de coronavirus en el barrio Itat\u00ed de Quilmes - Principios\",\"isPartOf\":{\"@id\":\"https:\\\/\\\/diarioprincipios.com\\\/#website\"},\"primaryImageOfPage\":{\"@id\":\"https:\\\/\\\/diarioprincipios.com\\\/index.php\\\/2020\\\/05\\\/26\\\/gollan-confirmo-que-hay-siete-casos-positivos-de-coronavirus-en-el-barrio-itati-de-quilmes\\\/#primaryimage\"},\"image\":{\"@id\":\"https:\\\/\\\/diarioprincipios.com\\\/index.php\\\/2020\\\/05\\\/26\\\/gollan-confirmo-que-hay-siete-casos-positivos-de-coronavirus-en-el-barrio-itati-de-quilmes\\\/#primaryimage\"},\"thumbnailUrl\":\"https:\\\/\\\/diarioprincipios.com\\\/wp-content\\\/uploads\\\/2020\\\/05\\\/arton160592.jpg\",\"datePublished\":\"2020-05-26T14:16:20+00:00\",\"dateModified\":\"2020-05-26T14:16:23+00:00\",\"breadcrumb\":{\"@id\":\"https:\\\/\\\/diarioprincipios.com\\\/index.php\\\/2020\\\/05\\\/26\\\/gollan-confirmo-que-hay-siete-casos-positivos-de-coronavirus-en-el-barrio-itati-de-quilmes\\\/#breadcrumb\"},\"inLanguage\":\"es\",\"potentialAction\":[{\"@type\":\"ReadAction\",\"target\":[\"https:\\\/\\\/diarioprincipios.com\\\/index.php\\\/2020\\\/05\\\/26\\\/gollan-confirmo-que-hay-siete-casos-positivos-de-coronavirus-en-el-barrio-itati-de-quilmes\\\/\"]}]},{\"@type\":\"ImageObject\",\"inLanguage\":\"es\",\"@id\":\"https:\\\/\\\/diarioprincipios.com\\\/index.php\\\/2020\\\/05\\\/26\\\/gollan-confirmo-que-hay-siete-casos-positivos-de-coronavirus-en-el-barrio-itati-de-quilmes\\\/#primaryimage\",\"url\":\"https:\\\/\\\/diarioprincipios.com\\\/wp-content\\\/uploads\\\/2020\\\/05\\\/arton160592.jpg\",\"contentUrl\":\"https:\\\/\\\/diarioprincipios.com\\\/wp-content\\\/uploads\\\/2020\\\/05\\\/arton160592.jpg\",\"width\":750,\"height\":421},{\"@type\":\"BreadcrumbList\",\"@id\":\"https:\\\/\\\/diarioprincipios.com\\\/index.php\\\/2020\\\/05\\\/26\\\/gollan-confirmo-que-hay-siete-casos-positivos-de-coronavirus-en-el-barrio-itati-de-quilmes\\\/#breadcrumb\",\"itemListElement\":[{\"@type\":\"ListItem\",\"position\":1,\"name\":\"Portada\",\"item\":\"https:\\\/\\\/diarioprincipios.com\\\/\"},{\"@type\":\"ListItem\",\"position\":2,\"name\":\"Gollan confirm\u00f3 que hay siete casos positivos de coronavirus en el barrio Itat\u00ed de Quilmes\"}]},{\"@type\":\"WebSite\",\"@id\":\"https:\\\/\\\/diarioprincipios.com\\\/#website\",\"url\":\"https:\\\/\\\/diarioprincipios.com\\\/\",\"name\":\"Principios\",\"description\":\"Principios Diario\",\"publisher\":{\"@id\":\"https:\\\/\\\/diarioprincipios.com\\\/#organization\"},\"potentialAction\":[{\"@type\":\"SearchAction\",\"target\":{\"@type\":\"EntryPoint\",\"urlTemplate\":\"https:\\\/\\\/diarioprincipios.com\\\/?s={search_term_string}\"},\"query-input\":{\"@type\":\"PropertyValueSpecification\",\"valueRequired\":true,\"valueName\":\"search_term_string\"}}],\"inLanguage\":\"es\"},{\"@type\":\"Organization\",\"@id\":\"https:\\\/\\\/diarioprincipios.com\\\/#organization\",\"name\":\"Principios\",\"url\":\"https:\\\/\\\/diarioprincipios.com\\\/\",\"logo\":{\"@type\":\"ImageObject\",\"inLanguage\":\"es\",\"@id\":\"https:\\\/\\\/diarioprincipios.com\\\/#\\\/schema\\\/logo\\\/image\\\/\",\"url\":\"https:\\\/\\\/diarioprincipios.com\\\/wp-content\\\/uploads\\\/2024\\\/04\\\/cropped-www.diarioprincipios.com_-1.png\",\"contentUrl\":\"https:\\\/\\\/diarioprincipios.com\\\/wp-content\\\/uploads\\\/2024\\\/04\\\/cropped-www.diarioprincipios.com_-1.png\",\"width\":5325,\"height\":1454,\"caption\":\"Principios\"},\"image\":{\"@id\":\"https:\\\/\\\/diarioprincipios.com\\\/#\\\/schema\\\/logo\\\/image\\\/\"}},{\"@type\":\"Person\",\"@id\":\"https:\\\/\\\/diarioprincipios.com\\\/#\\\/schema\\\/person\\\/436d5a1fd41a5e250e23ff5a6a7cb080\",\"name\":\"Hern\u00e1n L\u00f3pez\",\"image\":{\"@type\":\"ImageObject\",\"inLanguage\":\"es\",\"@id\":\"https:\\\/\\\/diarioprincipios.com\\\/wp-content\\\/litespeed\\\/avatar\\\/11ddfe5610ff3bd100522525b2571f48.jpg?ver=1777048341\",\"url\":\"https:\\\/\\\/diarioprincipios.com\\\/wp-content\\\/litespeed\\\/avatar\\\/11ddfe5610ff3bd100522525b2571f48.jpg?ver=1777048341\",\"contentUrl\":\"https:\\\/\\\/diarioprincipios.com\\\/wp-content\\\/litespeed\\\/avatar\\\/11ddfe5610ff3bd100522525b2571f48.jpg?ver=1777048341\",\"caption\":\"Hern\u00e1n L\u00f3pez\"},\"url\":\"https:\\\/\\\/diarioprincipios.com\\\/index.php\\\/author\\\/hernan\\\/\"}]}<\/script>\n<!-- \/ Yoast SEO plugin. -->","yoast_head_json":{"title":"Gollan confirm\u00f3 que hay siete casos positivos de coronavirus en el barrio Itat\u00ed de Quilmes - Principios","robots":{"index":"index","follow":"follow","max-snippet":"max-snippet:-1","max-image-preview":"max-image-preview:large","max-video-preview":"max-video-preview:-1"},"canonical":"https:\/\/diarioprincipios.com\/index.php\/2020\/05\/26\/gollan-confirmo-que-hay-siete-casos-positivos-de-coronavirus-en-el-barrio-itati-de-quilmes\/","og_locale":"es_ES","og_type":"article","og_title":"Gollan confirm\u00f3 que hay siete casos positivos de coronavirus en el barrio Itat\u00ed de Quilmes - Principios","og_description":"El ministro de Salud bonaerense, Daniel Gollan, inform\u00f3 esta ma\u00f1ana que en el barrio Itat\u00ed, en el partido de Quilmes, se confirmaron siete casos de coronavirus, y asegur\u00f3 que el pr\u00f3ximo jueves comenzar\u00e1 all\u00ed el Programa Detectar, que busca casos sospechosos y sus contactos estrechos para aislarlos y mitigar la propagaci\u00f3n de la Covid-19. \u00abEn...","og_url":"https:\/\/diarioprincipios.com\/index.php\/2020\/05\/26\/gollan-confirmo-que-hay-siete-casos-positivos-de-coronavirus-en-el-barrio-itati-de-quilmes\/","og_site_name":"Principios","article_published_time":"2020-05-26T14:16:20+00:00","article_modified_time":"2020-05-26T14:16:23+00:00","og_image":[{"width":750,"height":421,"url":"https:\/\/diarioprincipios.com\/wp-content\/uploads\/2020\/05\/arton160592.jpg","type":"image\/jpeg"}],"author":"Hern\u00e1n L\u00f3pez","twitter_card":"summary_large_image","twitter_misc":{"Escrito por":"Hern\u00e1n L\u00f3pez","Tiempo de lectura":"2 minutos"},"schema":{"@context":"https:\/\/schema.org","@graph":[{"@type":"Article","@id":"https:\/\/diarioprincipios.com\/index.php\/2020\/05\/26\/gollan-confirmo-que-hay-siete-casos-positivos-de-coronavirus-en-el-barrio-itati-de-quilmes\/#article","isPartOf":{"@id":"https:\/\/diarioprincipios.com\/index.php\/2020\/05\/26\/gollan-confirmo-que-hay-siete-casos-positivos-de-coronavirus-en-el-barrio-itati-de-quilmes\/"},"author":{"name":"Hern\u00e1n L\u00f3pez","@id":"https:\/\/diarioprincipios.com\/#\/schema\/person\/436d5a1fd41a5e250e23ff5a6a7cb080"},"headline":"Gollan confirm\u00f3 que hay siete casos positivos de coronavirus en el barrio Itat\u00ed de Quilmes","datePublished":"2020-05-26T14:16:20+00:00","dateModified":"2020-05-26T14:16:23+00:00","mainEntityOfPage":{"@id":"https:\/\/diarioprincipios.com\/index.php\/2020\/05\/26\/gollan-confirmo-que-hay-siete-casos-positivos-de-coronavirus-en-el-barrio-itati-de-quilmes\/"},"wordCount":432,"commentCount":0,"publisher":{"@id":"https:\/\/diarioprincipios.com\/#organization"},"image":{"@id":"https:\/\/diarioprincipios.com\/index.php\/2020\/05\/26\/gollan-confirmo-que-hay-siete-casos-positivos-de-coronavirus-en-el-barrio-itati-de-quilmes\/#primaryimage"},"thumbnailUrl":"https:\/\/diarioprincipios.com\/wp-content\/uploads\/2020\/05\/arton160592.jpg","articleSection":["Quilmes"],"inLanguage":"es","potentialAction":[{"@type":"CommentAction","name":"Comment","target":["https:\/\/diarioprincipios.com\/index.php\/2020\/05\/26\/gollan-confirmo-que-hay-siete-casos-positivos-de-coronavirus-en-el-barrio-itati-de-quilmes\/#respond"]}]},{"@type":"WebPage","@id":"https:\/\/diarioprincipios.com\/index.php\/2020\/05\/26\/gollan-confirmo-que-hay-siete-casos-positivos-de-coronavirus-en-el-barrio-itati-de-quilmes\/","url":"https:\/\/diarioprincipios.com\/index.php\/2020\/05\/26\/gollan-confirmo-que-hay-siete-casos-positivos-de-coronavirus-en-el-barrio-itati-de-quilmes\/","name":"Gollan confirm\u00f3 que hay siete casos positivos de coronavirus en el barrio Itat\u00ed de Quilmes - Principios","isPartOf":{"@id":"https:\/\/diarioprincipios.com\/#website"},"primaryImageOfPage":{"@id":"https:\/\/diarioprincipios.com\/index.php\/2020\/05\/26\/gollan-confirmo-que-hay-siete-casos-positivos-de-coronavirus-en-el-barrio-itati-de-quilmes\/#primaryimage"},"image":{"@id":"https:\/\/diarioprincipios.com\/index.php\/2020\/05\/26\/gollan-confirmo-que-hay-siete-casos-positivos-de-coronavirus-en-el-barrio-itati-de-quilmes\/#primaryimage"},"thumbnailUrl":"https:\/\/diarioprincipios.com\/wp-content\/uploads\/2020\/05\/arton160592.jpg","datePublished":"2020-05-26T14:16:20+00:00","dateModified":"2020-05-26T14:16:23+00:00","breadcrumb":{"@id":"https:\/\/diarioprincipios.com\/index.php\/2020\/05\/26\/gollan-confirmo-que-hay-siete-casos-positivos-de-coronavirus-en-el-barrio-itati-de-quilmes\/#breadcrumb"},"inLanguage":"es","potentialAction":[{"@type":"ReadAction","target":["https:\/\/diarioprincipios.com\/index.php\/2020\/05\/26\/gollan-confirmo-que-hay-siete-casos-positivos-de-coronavirus-en-el-barrio-itati-de-quilmes\/"]}]},{"@type":"ImageObject","inLanguage":"es","@id":"https:\/\/diarioprincipios.com\/index.php\/2020\/05\/26\/gollan-confirmo-que-hay-siete-casos-positivos-de-coronavirus-en-el-barrio-itati-de-quilmes\/#primaryimage","url":"https:\/\/diarioprincipios.com\/wp-content\/uploads\/2020\/05\/arton160592.jpg","contentUrl":"https:\/\/diarioprincipios.com\/wp-content\/uploads\/2020\/05\/arton160592.jpg","width":750,"height":421},{"@type":"BreadcrumbList","@id":"https:\/\/diarioprincipios.com\/index.php\/2020\/05\/26\/gollan-confirmo-que-hay-siete-casos-positivos-de-coronavirus-en-el-barrio-itati-de-quilmes\/#breadcrumb","itemListElement":[{"@type":"ListItem","position":1,"name":"Portada","item":"https:\/\/diarioprincipios.com\/"},{"@type":"ListItem","position":2,"name":"Gollan confirm\u00f3 que hay siete casos positivos de coronavirus en el barrio Itat\u00ed de Quilmes"}]},{"@type":"WebSite","@id":"https:\/\/diarioprincipios.com\/#website","url":"https:\/\/diarioprincipios.com\/","name":"Principios","description":"Principios Diario","publisher":{"@id":"https:\/\/diarioprincipios.com\/#organization"},"potentialAction":[{"@type":"SearchAction","target":{"@type":"EntryPoint","urlTemplate":"https:\/\/diarioprincipios.com\/?s={search_term_string}"},"query-input":{"@type":"PropertyValueSpecification","valueRequired":true,"valueName":"search_term_string"}}],"inLanguage":"es"},{"@type":"Organization","@id":"https:\/\/diarioprincipios.com\/#organization","name":"Principios","url":"https:\/\/diarioprincipios.com\/","logo":{"@type":"ImageObject","inLanguage":"es","@id":"https:\/\/diarioprincipios.com\/#\/schema\/logo\/image\/","url":"https:\/\/diarioprincipios.com\/wp-content\/uploads\/2024\/04\/cropped-www.diarioprincipios.com_-1.png","contentUrl":"https:\/\/diarioprincipios.com\/wp-content\/uploads\/2024\/04\/cropped-www.diarioprincipios.com_-1.png","width":5325,"height":1454,"caption":"Principios"},"image":{"@id":"https:\/\/diarioprincipios.com\/#\/schema\/logo\/image\/"}},{"@type":"Person","@id":"https:\/\/diarioprincipios.com\/#\/schema\/person\/436d5a1fd41a5e250e23ff5a6a7cb080","name":"Hern\u00e1n L\u00f3pez","image":{"@type":"ImageObject","inLanguage":"es","@id":"https:\/\/diarioprincipios.com\/wp-content\/litespeed\/avatar\/11ddfe5610ff3bd100522525b2571f48.jpg?ver=1777048341","url":"https:\/\/diarioprincipios.com\/wp-content\/litespeed\/avatar\/11ddfe5610ff3bd100522525b2571f48.jpg?ver=1777048341","contentUrl":"https:\/\/diarioprincipios.com\/wp-content\/litespeed\/avatar\/11ddfe5610ff3bd100522525b2571f48.jpg?ver=1777048341","caption":"Hern\u00e1n L\u00f3pez"},"url":"https:\/\/diarioprincipios.com\/index.php\/author\/hernan\/"}]}},"jetpack_featured_media_url":"https:\/\/diarioprincipios.com\/wp-content\/uploads\/2020\/05\/arton160592.jpg","_links":{"self":[{"href":"https:\/\/diarioprincipios.com\/index.php\/wp-json\/wp\/v2\/posts\/2126","targetHints":{"allow":["GET"]}}],"collection":[{"href":"https:\/\/diarioprincipios.com\/index.php\/wp-json\/wp\/v2\/posts"}],"about":[{"href":"https:\/\/diarioprincipios.com\/index.php\/wp-json\/wp\/v2\/types\/post"}],"author":[{"embeddable":true,"href":"https:\/\/diarioprincipios.com\/index.php\/wp-json\/wp\/v2\/users\/2"}],"replies":[{"embeddable":true,"href":"https:\/\/diarioprincipios.com\/index.php\/wp-json\/wp\/v2\/comments?post=2126"}],"version-history":[{"count":1,"href":"https:\/\/diarioprincipios.com\/index.php\/wp-json\/wp\/v2\/posts\/2126\/revisions"}],"predecessor-version":[{"id":2128,"href":"https:\/\/diarioprincipios.com\/index.php\/wp-json\/wp\/v2\/posts\/2126\/revisions\/2128"}],"wp:featuredmedia":[{"embeddable":true,"href":"https:\/\/diarioprincipios.com\/index.php\/wp-json\/wp\/v2\/media\/2127"}],"wp:attachment":[{"href":"https:\/\/diarioprincipios.com\/index.php\/wp-json\/wp\/v2\/media?parent=2126"}],"wp:term":[{"taxonomy":"category","embeddable":true,"href":"https:\/\/diarioprincipios.com\/index.php\/wp-json\/wp\/v2\/categories?post=2126"},{"taxonomy":"post_tag","embeddable":true,"href":"https:\/\/diarioprincipios.com\/index.php\/wp-json\/wp\/v2\/tags?post=2126"}],"curies":[{"name":"wp","href":"https:\/\/api.w.org\/{rel}","templated":true}]}}