{"id":21258,"date":"2024-03-26T20:38:55","date_gmt":"2024-03-26T23:38:55","guid":{"rendered":"http:\/\/diarioprincipios.com\/?p=21258"},"modified":"2024-03-26T20:39:00","modified_gmt":"2024-03-26T23:39:00","slug":"salud-bucodental-al-alcance-de-la-comunidad","status":"publish","type":"post","link":"https:\/\/diarioprincipios.com\/index.php\/2024\/03\/26\/salud-bucodental-al-alcance-de-la-comunidad\/","title":{"rendered":"Salud bucodental al alcance de la comunidad"},"content":{"rendered":"\n<p><strong>En Berazategui funciona el Centro Odontol\u00f3gico Municipal (Av. 14 e\/ 131 y 132) -impulsado por el intendente, Dr. Juan Jos\u00e9 Mussi-. Este espacio se destaca desde hace m\u00e1s de diez a\u00f1os por la excelencia en el cuidado de la salud bucodental de los vecinos y vecinas, mediante el m\u00e1s sofisticado y moderno equipamiento tecnol\u00f3gico.<\/strong><\/p>\n\n\n\n<figure class=\"wp-block-image size-large\"><img loading=\"lazy\" decoding=\"async\" width=\"1024\" height=\"683\" src=\"https:\/\/diarioprincipios.com\/wp-content\/uploads\/2024\/03\/SALUD-BUCODENTAL-AL-ALCANCE-DE-LA-COMUNIDAD3-1024x683.jpg\" alt=\"\" class=\"wp-image-21259\" srcset=\"https:\/\/diarioprincipios.com\/wp-content\/uploads\/2024\/03\/SALUD-BUCODENTAL-AL-ALCANCE-DE-LA-COMUNIDAD3-1024x683.jpg 1024w, https:\/\/diarioprincipios.com\/wp-content\/uploads\/2024\/03\/SALUD-BUCODENTAL-AL-ALCANCE-DE-LA-COMUNIDAD3-300x200.jpg 300w, https:\/\/diarioprincipios.com\/wp-content\/uploads\/2024\/03\/SALUD-BUCODENTAL-AL-ALCANCE-DE-LA-COMUNIDAD3-768x512.jpg 768w, https:\/\/diarioprincipios.com\/wp-content\/uploads\/2024\/03\/SALUD-BUCODENTAL-AL-ALCANCE-DE-LA-COMUNIDAD3-1536x1024.jpg 1536w, https:\/\/diarioprincipios.com\/wp-content\/uploads\/2024\/03\/SALUD-BUCODENTAL-AL-ALCANCE-DE-LA-COMUNIDAD3.jpg 1920w\" sizes=\"auto, (max-width: 1024px) 100vw, 1024px\" \/><\/figure>\n\n\n\n<p><br>Diariamente ofrece los siguientes servicios: odontolog\u00eda general, odontopediatr\u00eda, ortopedia, cirug\u00eda y endodoncia. Adem\u00e1s, se realizan cirug\u00edas maxilofaciales y se dispone de un laboratorio de pr\u00f3tesis dentales. Tambi\u00e9n, a trav\u00e9s de varias campa\u00f1as y actividades, apunta a concientizar en la prevenci\u00f3n de las enfermedades bucodentales.<br>La atenci\u00f3n se brinda con turnos, que pueden solicitarse al 0800-999-6366. Los y las pacientes sin obra social tambi\u00e9n lo pueden hacer a trav\u00e9s del portal digital Mi Argentina (la App se puede descargar en Google Play -Android- o App Store -iOS-).<\/p>\n\n\n\n<figure class=\"wp-block-image size-large\"><img loading=\"lazy\" decoding=\"async\" width=\"1024\" height=\"683\" src=\"https:\/\/diarioprincipios.com\/wp-content\/uploads\/2024\/03\/SALUD-BUCODENTAL-AL-ALCANCE-DE-LA-COMUNIDAD-1024x683.jpg\" alt=\"\" class=\"wp-image-21260\" srcset=\"https:\/\/diarioprincipios.com\/wp-content\/uploads\/2024\/03\/SALUD-BUCODENTAL-AL-ALCANCE-DE-LA-COMUNIDAD-1024x683.jpg 1024w, https:\/\/diarioprincipios.com\/wp-content\/uploads\/2024\/03\/SALUD-BUCODENTAL-AL-ALCANCE-DE-LA-COMUNIDAD-300x200.jpg 300w, https:\/\/diarioprincipios.com\/wp-content\/uploads\/2024\/03\/SALUD-BUCODENTAL-AL-ALCANCE-DE-LA-COMUNIDAD-768x512.jpg 768w, https:\/\/diarioprincipios.com\/wp-content\/uploads\/2024\/03\/SALUD-BUCODENTAL-AL-ALCANCE-DE-LA-COMUNIDAD-1536x1025.jpg 1536w, https:\/\/diarioprincipios.com\/wp-content\/uploads\/2024\/03\/SALUD-BUCODENTAL-AL-ALCANCE-DE-LA-COMUNIDAD.jpg 1920w\" sizes=\"auto, (max-width: 1024px) 100vw, 1024px\" \/><\/figure>\n\n\n\n<p> Tambi\u00e9n se puede acceder v\u00eda\u00a0<a href=\"http:\/\/mi.argentina.gob.ar\/\" target=\"_blank\" rel=\"noreferrer noopener\">mi.argentina.gob.ar<\/a>. Quienes se encuentren en situaci\u00f3n de urgencia (dolor intenso y continuo y\/o traumatismo), pueden acercarse directamente de lunes a viernes de 8.30 a 16.00.\u00a0<br>Este Centro funciona en articulaci\u00f3n con 11 Centros de Atenci\u00f3n Primaria de Salud (CAPS) que brindan el servicio de atenci\u00f3n bucodental. Estos componen una Red Odontol\u00f3gica municipal que funciona con el objetivo de descentralizar la salud p\u00fablica y acercarla a los barrios del distrito. Se trata de los CAPS N\u00b0 2, 3, 5, 10, 11, 12, 13, 14, 15, 25 y 26. Para m\u00e1s informaci\u00f3n, ingresar en\u00a0<a href=\"http:\/\/berazategui.gob.ar\/salud\" target=\"_blank\" rel=\"noreferrer noopener\">Berazategui.gob.ar\/salud<\/a>.<\/p>\n","protected":false},"excerpt":{"rendered":"<p>En Berazategui funciona el Centro Odontol\u00f3gico Municipal (Av. 14 e\/ 131 y 132) -impulsado por el intendente, Dr. Juan Jos\u00e9 Mussi-. Este espacio se destaca desde hace m\u00e1s de diez a\u00f1os por la excelencia en el cuidado de la salud bucodental de los vecinos y vecinas, mediante el m\u00e1s sofisticado y moderno equipamiento tecnol\u00f3gico. Diariamente&#8230;<\/p>\n","protected":false},"author":2,"featured_media":21261,"comment_status":"open","ping_status":"open","sticky":false,"template":"","format":"standard","meta":{"footnotes":""},"categories":[3],"tags":[],"class_list":["post-21258","post","type-post","status-publish","format-standard","has-post-thumbnail","hentry","category-berazategui"],"featured_image_src":"https:\/\/diarioprincipios.com\/wp-content\/uploads\/2024\/03\/SALUD-BUCODENTAL-AL-ALCANCE-DE-LA-COMUNIDAD1-1024x683.jpg","blog_images":{"medium":"https:\/\/diarioprincipios.com\/wp-content\/uploads\/2024\/03\/SALUD-BUCODENTAL-AL-ALCANCE-DE-LA-COMUNIDAD1-300x200.jpg","large":"https:\/\/diarioprincipios.com\/wp-content\/uploads\/2024\/03\/SALUD-BUCODENTAL-AL-ALCANCE-DE-LA-COMUNIDAD1-1024x683.jpg"},"ams_acf":[],"yoast_head":"<!-- This site is optimized with the Yoast SEO plugin v27.3 - https:\/\/yoast.com\/product\/yoast-seo-wordpress\/ -->\n<title>Salud bucodental al alcance de la comunidad - Principios<\/title>\n<meta name=\"robots\" content=\"index, follow, max-snippet:-1, max-image-preview:large, max-video-preview:-1\" \/>\n<link rel=\"canonical\" href=\"https:\/\/diarioprincipios.com\/index.php\/2024\/03\/26\/salud-bucodental-al-alcance-de-la-comunidad\/\" \/>\n<meta property=\"og:locale\" content=\"es_ES\" \/>\n<meta property=\"og:type\" content=\"article\" \/>\n<meta property=\"og:title\" content=\"Salud bucodental al alcance de la comunidad - Principios\" \/>\n<meta property=\"og:description\" content=\"En Berazategui funciona el Centro Odontol\u00f3gico Municipal (Av. 14 e\/ 131 y 132) -impulsado por el intendente, Dr. Juan Jos\u00e9 Mussi-. Este espacio se destaca desde hace m\u00e1s de diez a\u00f1os por la excelencia en el cuidado de la salud bucodental de los vecinos y vecinas, mediante el m\u00e1s sofisticado y moderno equipamiento tecnol\u00f3gico. Diariamente...\" \/>\n<meta property=\"og:url\" content=\"https:\/\/diarioprincipios.com\/index.php\/2024\/03\/26\/salud-bucodental-al-alcance-de-la-comunidad\/\" \/>\n<meta property=\"og:site_name\" content=\"Principios\" \/>\n<meta property=\"article:published_time\" content=\"2024-03-26T23:38:55+00:00\" \/>\n<meta property=\"article:modified_time\" content=\"2024-03-26T23:39:00+00:00\" \/>\n<meta property=\"og:image\" content=\"https:\/\/diarioprincipios.com\/wp-content\/uploads\/2024\/03\/SALUD-BUCODENTAL-AL-ALCANCE-DE-LA-COMUNIDAD1.jpg\" \/>\n\t<meta property=\"og:image:width\" content=\"1920\" \/>\n\t<meta property=\"og:image:height\" content=\"1280\" \/>\n\t<meta property=\"og:image:type\" content=\"image\/jpeg\" \/>\n<meta name=\"author\" content=\"Hern\u00e1n L\u00f3pez\" \/>\n<meta name=\"twitter:card\" content=\"summary_large_image\" \/>\n<meta name=\"twitter:label1\" content=\"Escrito por\" \/>\n\t<meta name=\"twitter:data1\" content=\"Hern\u00e1n L\u00f3pez\" \/>\n\t<meta name=\"twitter:label2\" content=\"Tiempo de lectura\" \/>\n\t<meta name=\"twitter:data2\" content=\"2 minutos\" \/>\n<script type=\"application\/ld+json\" class=\"yoast-schema-graph\">{\"@context\":\"https:\\\/\\\/schema.org\",\"@graph\":[{\"@type\":\"Article\",\"@id\":\"https:\\\/\\\/diarioprincipios.com\\\/index.php\\\/2024\\\/03\\\/26\\\/salud-bucodental-al-alcance-de-la-comunidad\\\/#article\",\"isPartOf\":{\"@id\":\"https:\\\/\\\/diarioprincipios.com\\\/index.php\\\/2024\\\/03\\\/26\\\/salud-bucodental-al-alcance-de-la-comunidad\\\/\"},\"author\":{\"name\":\"Hern\u00e1n L\u00f3pez\",\"@id\":\"https:\\\/\\\/diarioprincipios.com\\\/#\\\/schema\\\/person\\\/436d5a1fd41a5e250e23ff5a6a7cb080\"},\"headline\":\"Salud bucodental al alcance de la comunidad\",\"datePublished\":\"2024-03-26T23:38:55+00:00\",\"dateModified\":\"2024-03-26T23:39:00+00:00\",\"mainEntityOfPage\":{\"@id\":\"https:\\\/\\\/diarioprincipios.com\\\/index.php\\\/2024\\\/03\\\/26\\\/salud-bucodental-al-alcance-de-la-comunidad\\\/\"},\"wordCount\":264,\"commentCount\":0,\"publisher\":{\"@id\":\"https:\\\/\\\/diarioprincipios.com\\\/#organization\"},\"image\":{\"@id\":\"https:\\\/\\\/diarioprincipios.com\\\/index.php\\\/2024\\\/03\\\/26\\\/salud-bucodental-al-alcance-de-la-comunidad\\\/#primaryimage\"},\"thumbnailUrl\":\"https:\\\/\\\/diarioprincipios.com\\\/wp-content\\\/uploads\\\/2024\\\/03\\\/SALUD-BUCODENTAL-AL-ALCANCE-DE-LA-COMUNIDAD1.jpg\",\"articleSection\":[\"Berazategui\"],\"inLanguage\":\"es\",\"potentialAction\":[{\"@type\":\"CommentAction\",\"name\":\"Comment\",\"target\":[\"https:\\\/\\\/diarioprincipios.com\\\/index.php\\\/2024\\\/03\\\/26\\\/salud-bucodental-al-alcance-de-la-comunidad\\\/#respond\"]}]},{\"@type\":\"WebPage\",\"@id\":\"https:\\\/\\\/diarioprincipios.com\\\/index.php\\\/2024\\\/03\\\/26\\\/salud-bucodental-al-alcance-de-la-comunidad\\\/\",\"url\":\"https:\\\/\\\/diarioprincipios.com\\\/index.php\\\/2024\\\/03\\\/26\\\/salud-bucodental-al-alcance-de-la-comunidad\\\/\",\"name\":\"Salud bucodental al alcance de la comunidad - Principios\",\"isPartOf\":{\"@id\":\"https:\\\/\\\/diarioprincipios.com\\\/#website\"},\"primaryImageOfPage\":{\"@id\":\"https:\\\/\\\/diarioprincipios.com\\\/index.php\\\/2024\\\/03\\\/26\\\/salud-bucodental-al-alcance-de-la-comunidad\\\/#primaryimage\"},\"image\":{\"@id\":\"https:\\\/\\\/diarioprincipios.com\\\/index.php\\\/2024\\\/03\\\/26\\\/salud-bucodental-al-alcance-de-la-comunidad\\\/#primaryimage\"},\"thumbnailUrl\":\"https:\\\/\\\/diarioprincipios.com\\\/wp-content\\\/uploads\\\/2024\\\/03\\\/SALUD-BUCODENTAL-AL-ALCANCE-DE-LA-COMUNIDAD1.jpg\",\"datePublished\":\"2024-03-26T23:38:55+00:00\",\"dateModified\":\"2024-03-26T23:39:00+00:00\",\"breadcrumb\":{\"@id\":\"https:\\\/\\\/diarioprincipios.com\\\/index.php\\\/2024\\\/03\\\/26\\\/salud-bucodental-al-alcance-de-la-comunidad\\\/#breadcrumb\"},\"inLanguage\":\"es\",\"potentialAction\":[{\"@type\":\"ReadAction\",\"target\":[\"https:\\\/\\\/diarioprincipios.com\\\/index.php\\\/2024\\\/03\\\/26\\\/salud-bucodental-al-alcance-de-la-comunidad\\\/\"]}]},{\"@type\":\"ImageObject\",\"inLanguage\":\"es\",\"@id\":\"https:\\\/\\\/diarioprincipios.com\\\/index.php\\\/2024\\\/03\\\/26\\\/salud-bucodental-al-alcance-de-la-comunidad\\\/#primaryimage\",\"url\":\"https:\\\/\\\/diarioprincipios.com\\\/wp-content\\\/uploads\\\/2024\\\/03\\\/SALUD-BUCODENTAL-AL-ALCANCE-DE-LA-COMUNIDAD1.jpg\",\"contentUrl\":\"https:\\\/\\\/diarioprincipios.com\\\/wp-content\\\/uploads\\\/2024\\\/03\\\/SALUD-BUCODENTAL-AL-ALCANCE-DE-LA-COMUNIDAD1.jpg\",\"width\":1920,\"height\":1280},{\"@type\":\"BreadcrumbList\",\"@id\":\"https:\\\/\\\/diarioprincipios.com\\\/index.php\\\/2024\\\/03\\\/26\\\/salud-bucodental-al-alcance-de-la-comunidad\\\/#breadcrumb\",\"itemListElement\":[{\"@type\":\"ListItem\",\"position\":1,\"name\":\"Portada\",\"item\":\"https:\\\/\\\/diarioprincipios.com\\\/\"},{\"@type\":\"ListItem\",\"position\":2,\"name\":\"Salud bucodental al alcance de la comunidad\"}]},{\"@type\":\"WebSite\",\"@id\":\"https:\\\/\\\/diarioprincipios.com\\\/#website\",\"url\":\"https:\\\/\\\/diarioprincipios.com\\\/\",\"name\":\"Principios\",\"description\":\"Principios Diario\",\"publisher\":{\"@id\":\"https:\\\/\\\/diarioprincipios.com\\\/#organization\"},\"potentialAction\":[{\"@type\":\"SearchAction\",\"target\":{\"@type\":\"EntryPoint\",\"urlTemplate\":\"https:\\\/\\\/diarioprincipios.com\\\/?s={search_term_string}\"},\"query-input\":{\"@type\":\"PropertyValueSpecification\",\"valueRequired\":true,\"valueName\":\"search_term_string\"}}],\"inLanguage\":\"es\"},{\"@type\":\"Organization\",\"@id\":\"https:\\\/\\\/diarioprincipios.com\\\/#organization\",\"name\":\"Principios\",\"url\":\"https:\\\/\\\/diarioprincipios.com\\\/\",\"logo\":{\"@type\":\"ImageObject\",\"inLanguage\":\"es\",\"@id\":\"https:\\\/\\\/diarioprincipios.com\\\/#\\\/schema\\\/logo\\\/image\\\/\",\"url\":\"https:\\\/\\\/diarioprincipios.com\\\/wp-content\\\/uploads\\\/2024\\\/04\\\/cropped-www.diarioprincipios.com_-1.png\",\"contentUrl\":\"https:\\\/\\\/diarioprincipios.com\\\/wp-content\\\/uploads\\\/2024\\\/04\\\/cropped-www.diarioprincipios.com_-1.png\",\"width\":5325,\"height\":1454,\"caption\":\"Principios\"},\"image\":{\"@id\":\"https:\\\/\\\/diarioprincipios.com\\\/#\\\/schema\\\/logo\\\/image\\\/\"}},{\"@type\":\"Person\",\"@id\":\"https:\\\/\\\/diarioprincipios.com\\\/#\\\/schema\\\/person\\\/436d5a1fd41a5e250e23ff5a6a7cb080\",\"name\":\"Hern\u00e1n L\u00f3pez\",\"image\":{\"@type\":\"ImageObject\",\"inLanguage\":\"es\",\"@id\":\"https:\\\/\\\/diarioprincipios.com\\\/wp-content\\\/litespeed\\\/avatar\\\/11ddfe5610ff3bd100522525b2571f48.jpg?ver=1777048341\",\"url\":\"https:\\\/\\\/diarioprincipios.com\\\/wp-content\\\/litespeed\\\/avatar\\\/11ddfe5610ff3bd100522525b2571f48.jpg?ver=1777048341\",\"contentUrl\":\"https:\\\/\\\/diarioprincipios.com\\\/wp-content\\\/litespeed\\\/avatar\\\/11ddfe5610ff3bd100522525b2571f48.jpg?ver=1777048341\",\"caption\":\"Hern\u00e1n L\u00f3pez\"},\"url\":\"https:\\\/\\\/diarioprincipios.com\\\/index.php\\\/author\\\/hernan\\\/\"}]}<\/script>\n<!-- \/ Yoast SEO plugin. -->","yoast_head_json":{"title":"Salud bucodental al alcance de la comunidad - Principios","robots":{"index":"index","follow":"follow","max-snippet":"max-snippet:-1","max-image-preview":"max-image-preview:large","max-video-preview":"max-video-preview:-1"},"canonical":"https:\/\/diarioprincipios.com\/index.php\/2024\/03\/26\/salud-bucodental-al-alcance-de-la-comunidad\/","og_locale":"es_ES","og_type":"article","og_title":"Salud bucodental al alcance de la comunidad - Principios","og_description":"En Berazategui funciona el Centro Odontol\u00f3gico Municipal (Av. 14 e\/ 131 y 132) -impulsado por el intendente, Dr. Juan Jos\u00e9 Mussi-. Este espacio se destaca desde hace m\u00e1s de diez a\u00f1os por la excelencia en el cuidado de la salud bucodental de los vecinos y vecinas, mediante el m\u00e1s sofisticado y moderno equipamiento tecnol\u00f3gico. Diariamente...","og_url":"https:\/\/diarioprincipios.com\/index.php\/2024\/03\/26\/salud-bucodental-al-alcance-de-la-comunidad\/","og_site_name":"Principios","article_published_time":"2024-03-26T23:38:55+00:00","article_modified_time":"2024-03-26T23:39:00+00:00","og_image":[{"width":1920,"height":1280,"url":"https:\/\/diarioprincipios.com\/wp-content\/uploads\/2024\/03\/SALUD-BUCODENTAL-AL-ALCANCE-DE-LA-COMUNIDAD1.jpg","type":"image\/jpeg"}],"author":"Hern\u00e1n L\u00f3pez","twitter_card":"summary_large_image","twitter_misc":{"Escrito por":"Hern\u00e1n L\u00f3pez","Tiempo de lectura":"2 minutos"},"schema":{"@context":"https:\/\/schema.org","@graph":[{"@type":"Article","@id":"https:\/\/diarioprincipios.com\/index.php\/2024\/03\/26\/salud-bucodental-al-alcance-de-la-comunidad\/#article","isPartOf":{"@id":"https:\/\/diarioprincipios.com\/index.php\/2024\/03\/26\/salud-bucodental-al-alcance-de-la-comunidad\/"},"author":{"name":"Hern\u00e1n L\u00f3pez","@id":"https:\/\/diarioprincipios.com\/#\/schema\/person\/436d5a1fd41a5e250e23ff5a6a7cb080"},"headline":"Salud bucodental al alcance de la comunidad","datePublished":"2024-03-26T23:38:55+00:00","dateModified":"2024-03-26T23:39:00+00:00","mainEntityOfPage":{"@id":"https:\/\/diarioprincipios.com\/index.php\/2024\/03\/26\/salud-bucodental-al-alcance-de-la-comunidad\/"},"wordCount":264,"commentCount":0,"publisher":{"@id":"https:\/\/diarioprincipios.com\/#organization"},"image":{"@id":"https:\/\/diarioprincipios.com\/index.php\/2024\/03\/26\/salud-bucodental-al-alcance-de-la-comunidad\/#primaryimage"},"thumbnailUrl":"https:\/\/diarioprincipios.com\/wp-content\/uploads\/2024\/03\/SALUD-BUCODENTAL-AL-ALCANCE-DE-LA-COMUNIDAD1.jpg","articleSection":["Berazategui"],"inLanguage":"es","potentialAction":[{"@type":"CommentAction","name":"Comment","target":["https:\/\/diarioprincipios.com\/index.php\/2024\/03\/26\/salud-bucodental-al-alcance-de-la-comunidad\/#respond"]}]},{"@type":"WebPage","@id":"https:\/\/diarioprincipios.com\/index.php\/2024\/03\/26\/salud-bucodental-al-alcance-de-la-comunidad\/","url":"https:\/\/diarioprincipios.com\/index.php\/2024\/03\/26\/salud-bucodental-al-alcance-de-la-comunidad\/","name":"Salud bucodental al alcance de la comunidad - Principios","isPartOf":{"@id":"https:\/\/diarioprincipios.com\/#website"},"primaryImageOfPage":{"@id":"https:\/\/diarioprincipios.com\/index.php\/2024\/03\/26\/salud-bucodental-al-alcance-de-la-comunidad\/#primaryimage"},"image":{"@id":"https:\/\/diarioprincipios.com\/index.php\/2024\/03\/26\/salud-bucodental-al-alcance-de-la-comunidad\/#primaryimage"},"thumbnailUrl":"https:\/\/diarioprincipios.com\/wp-content\/uploads\/2024\/03\/SALUD-BUCODENTAL-AL-ALCANCE-DE-LA-COMUNIDAD1.jpg","datePublished":"2024-03-26T23:38:55+00:00","dateModified":"2024-03-26T23:39:00+00:00","breadcrumb":{"@id":"https:\/\/diarioprincipios.com\/index.php\/2024\/03\/26\/salud-bucodental-al-alcance-de-la-comunidad\/#breadcrumb"},"inLanguage":"es","potentialAction":[{"@type":"ReadAction","target":["https:\/\/diarioprincipios.com\/index.php\/2024\/03\/26\/salud-bucodental-al-alcance-de-la-comunidad\/"]}]},{"@type":"ImageObject","inLanguage":"es","@id":"https:\/\/diarioprincipios.com\/index.php\/2024\/03\/26\/salud-bucodental-al-alcance-de-la-comunidad\/#primaryimage","url":"https:\/\/diarioprincipios.com\/wp-content\/uploads\/2024\/03\/SALUD-BUCODENTAL-AL-ALCANCE-DE-LA-COMUNIDAD1.jpg","contentUrl":"https:\/\/diarioprincipios.com\/wp-content\/uploads\/2024\/03\/SALUD-BUCODENTAL-AL-ALCANCE-DE-LA-COMUNIDAD1.jpg","width":1920,"height":1280},{"@type":"BreadcrumbList","@id":"https:\/\/diarioprincipios.com\/index.php\/2024\/03\/26\/salud-bucodental-al-alcance-de-la-comunidad\/#breadcrumb","itemListElement":[{"@type":"ListItem","position":1,"name":"Portada","item":"https:\/\/diarioprincipios.com\/"},{"@type":"ListItem","position":2,"name":"Salud bucodental al alcance de la comunidad"}]},{"@type":"WebSite","@id":"https:\/\/diarioprincipios.com\/#website","url":"https:\/\/diarioprincipios.com\/","name":"Principios","description":"Principios Diario","publisher":{"@id":"https:\/\/diarioprincipios.com\/#organization"},"potentialAction":[{"@type":"SearchAction","target":{"@type":"EntryPoint","urlTemplate":"https:\/\/diarioprincipios.com\/?s={search_term_string}"},"query-input":{"@type":"PropertyValueSpecification","valueRequired":true,"valueName":"search_term_string"}}],"inLanguage":"es"},{"@type":"Organization","@id":"https:\/\/diarioprincipios.com\/#organization","name":"Principios","url":"https:\/\/diarioprincipios.com\/","logo":{"@type":"ImageObject","inLanguage":"es","@id":"https:\/\/diarioprincipios.com\/#\/schema\/logo\/image\/","url":"https:\/\/diarioprincipios.com\/wp-content\/uploads\/2024\/04\/cropped-www.diarioprincipios.com_-1.png","contentUrl":"https:\/\/diarioprincipios.com\/wp-content\/uploads\/2024\/04\/cropped-www.diarioprincipios.com_-1.png","width":5325,"height":1454,"caption":"Principios"},"image":{"@id":"https:\/\/diarioprincipios.com\/#\/schema\/logo\/image\/"}},{"@type":"Person","@id":"https:\/\/diarioprincipios.com\/#\/schema\/person\/436d5a1fd41a5e250e23ff5a6a7cb080","name":"Hern\u00e1n L\u00f3pez","image":{"@type":"ImageObject","inLanguage":"es","@id":"https:\/\/diarioprincipios.com\/wp-content\/litespeed\/avatar\/11ddfe5610ff3bd100522525b2571f48.jpg?ver=1777048341","url":"https:\/\/diarioprincipios.com\/wp-content\/litespeed\/avatar\/11ddfe5610ff3bd100522525b2571f48.jpg?ver=1777048341","contentUrl":"https:\/\/diarioprincipios.com\/wp-content\/litespeed\/avatar\/11ddfe5610ff3bd100522525b2571f48.jpg?ver=1777048341","caption":"Hern\u00e1n L\u00f3pez"},"url":"https:\/\/diarioprincipios.com\/index.php\/author\/hernan\/"}]}},"jetpack_featured_media_url":"https:\/\/diarioprincipios.com\/wp-content\/uploads\/2024\/03\/SALUD-BUCODENTAL-AL-ALCANCE-DE-LA-COMUNIDAD1.jpg","_links":{"self":[{"href":"https:\/\/diarioprincipios.com\/index.php\/wp-json\/wp\/v2\/posts\/21258","targetHints":{"allow":["GET"]}}],"collection":[{"href":"https:\/\/diarioprincipios.com\/index.php\/wp-json\/wp\/v2\/posts"}],"about":[{"href":"https:\/\/diarioprincipios.com\/index.php\/wp-json\/wp\/v2\/types\/post"}],"author":[{"embeddable":true,"href":"https:\/\/diarioprincipios.com\/index.php\/wp-json\/wp\/v2\/users\/2"}],"replies":[{"embeddable":true,"href":"https:\/\/diarioprincipios.com\/index.php\/wp-json\/wp\/v2\/comments?post=21258"}],"version-history":[{"count":1,"href":"https:\/\/diarioprincipios.com\/index.php\/wp-json\/wp\/v2\/posts\/21258\/revisions"}],"predecessor-version":[{"id":21262,"href":"https:\/\/diarioprincipios.com\/index.php\/wp-json\/wp\/v2\/posts\/21258\/revisions\/21262"}],"wp:featuredmedia":[{"embeddable":true,"href":"https:\/\/diarioprincipios.com\/index.php\/wp-json\/wp\/v2\/media\/21261"}],"wp:attachment":[{"href":"https:\/\/diarioprincipios.com\/index.php\/wp-json\/wp\/v2\/media?parent=21258"}],"wp:term":[{"taxonomy":"category","embeddable":true,"href":"https:\/\/diarioprincipios.com\/index.php\/wp-json\/wp\/v2\/categories?post=21258"},{"taxonomy":"post_tag","embeddable":true,"href":"https:\/\/diarioprincipios.com\/index.php\/wp-json\/wp\/v2\/tags?post=21258"}],"curies":[{"name":"wp","href":"https:\/\/api.w.org\/{rel}","templated":true}]}}