{"id":21247,"date":"2024-03-26T14:45:59","date_gmt":"2024-03-26T17:45:59","guid":{"rendered":"http:\/\/diarioprincipios.com\/?p=21247"},"modified":"2024-03-26T14:46:04","modified_gmt":"2024-03-26T17:46:04","slug":"un-tramo-de-la-calle-135-llevara-el-nombre-de-un-excombatiente-de-malvinas","status":"publish","type":"post","link":"https:\/\/diarioprincipios.com\/index.php\/2024\/03\/26\/un-tramo-de-la-calle-135-llevara-el-nombre-de-un-excombatiente-de-malvinas\/","title":{"rendered":"Un tramo de la calle 135 llevar\u00e1 el nombre de un Excombatiente de Malvinas"},"content":{"rendered":"\n<p><strong>Se design\u00f3 como \u201cVeterano de Guerra V\u00edctor Hugo Gonz\u00e1lez\u201d a la calle 135 entre 47 y 52, del barrio R\u00edo Encantado -en Hudson-, a trav\u00e9s de la Ordenanza Municipal N\u00b0 6494, sancionada por el Honorable Concejo Deliberante de Berazategui.<\/strong><\/p>\n\n\n\n<figure class=\"wp-block-image size-large\"><img loading=\"lazy\" decoding=\"async\" width=\"1024\" height=\"683\" src=\"https:\/\/diarioprincipios.com\/wp-content\/uploads\/2024\/03\/UN-TRAMO-DE-LA-CALLE-135-LLEVARA-EL-NOMBRE-DE-UN-EXCOMBATIENTE-DE-MALVINAS-1-1024x683.jpg\" alt=\"\" class=\"wp-image-21248\" srcset=\"https:\/\/diarioprincipios.com\/wp-content\/uploads\/2024\/03\/UN-TRAMO-DE-LA-CALLE-135-LLEVARA-EL-NOMBRE-DE-UN-EXCOMBATIENTE-DE-MALVINAS-1-1024x683.jpg 1024w, https:\/\/diarioprincipios.com\/wp-content\/uploads\/2024\/03\/UN-TRAMO-DE-LA-CALLE-135-LLEVARA-EL-NOMBRE-DE-UN-EXCOMBATIENTE-DE-MALVINAS-1-300x200.jpg 300w, https:\/\/diarioprincipios.com\/wp-content\/uploads\/2024\/03\/UN-TRAMO-DE-LA-CALLE-135-LLEVARA-EL-NOMBRE-DE-UN-EXCOMBATIENTE-DE-MALVINAS-1-768x512.jpg 768w, https:\/\/diarioprincipios.com\/wp-content\/uploads\/2024\/03\/UN-TRAMO-DE-LA-CALLE-135-LLEVARA-EL-NOMBRE-DE-UN-EXCOMBATIENTE-DE-MALVINAS-1-1536x1024.jpg 1536w, https:\/\/diarioprincipios.com\/wp-content\/uploads\/2024\/03\/UN-TRAMO-DE-LA-CALLE-135-LLEVARA-EL-NOMBRE-DE-UN-EXCOMBATIENTE-DE-MALVINAS-1.jpg 1920w\" sizes=\"auto, (max-width: 1024px) 100vw, 1024px\" \/><\/figure>\n\n\n\n<p>En este sentido, Silvia Noguera, viuda de V\u00edctor Gonz\u00e1lez, expres\u00f3: \u201cEstuvimos juntos durante 39 a\u00f1os. Era muy querido por sus vecinos y compa\u00f1eros de trabajo. Siempre dec\u00eda que, si llegaba a haber un nuevo conflicto armado, no iba a dudar en volver a las Islas. Llevaba muy adentro la causa Malvinas, estaba muy presente en su memoria. Siempre tuvo la convicci\u00f3n de que fueron, son y ser\u00e1n argentinas; y que hab\u00eda que defender cada pedacito de todo ese territorio\u201d.<\/p>\n\n\n\n<figure class=\"wp-block-image size-large\"><img loading=\"lazy\" decoding=\"async\" width=\"1024\" height=\"683\" src=\"https:\/\/diarioprincipios.com\/wp-content\/uploads\/2024\/03\/UN-TRAMO-DE-LA-CALLE-135-LLEVARA-EL-NOMBRE-DE-UN-EXCOMBATIENTE-DE-MALVINAS-2-1024x683.jpg\" alt=\"\" class=\"wp-image-21249\" srcset=\"https:\/\/diarioprincipios.com\/wp-content\/uploads\/2024\/03\/UN-TRAMO-DE-LA-CALLE-135-LLEVARA-EL-NOMBRE-DE-UN-EXCOMBATIENTE-DE-MALVINAS-2-1024x683.jpg 1024w, https:\/\/diarioprincipios.com\/wp-content\/uploads\/2024\/03\/UN-TRAMO-DE-LA-CALLE-135-LLEVARA-EL-NOMBRE-DE-UN-EXCOMBATIENTE-DE-MALVINAS-2-300x200.jpg 300w, https:\/\/diarioprincipios.com\/wp-content\/uploads\/2024\/03\/UN-TRAMO-DE-LA-CALLE-135-LLEVARA-EL-NOMBRE-DE-UN-EXCOMBATIENTE-DE-MALVINAS-2-768x512.jpg 768w, https:\/\/diarioprincipios.com\/wp-content\/uploads\/2024\/03\/UN-TRAMO-DE-LA-CALLE-135-LLEVARA-EL-NOMBRE-DE-UN-EXCOMBATIENTE-DE-MALVINAS-2-1536x1025.jpg 1536w, https:\/\/diarioprincipios.com\/wp-content\/uploads\/2024\/03\/UN-TRAMO-DE-LA-CALLE-135-LLEVARA-EL-NOMBRE-DE-UN-EXCOMBATIENTE-DE-MALVINAS-2.jpg 1920w\" sizes=\"auto, (max-width: 1024px) 100vw, 1024px\" \/><\/figure>\n\n\n\n<p>Berazategui es un municipio malvinero desde hace m\u00e1s de 30 a\u00f1os, por gesti\u00f3n del intendente Juan Jos\u00e9 Mussi. Para brindar homenaje a quienes defendieron la soberan\u00eda nacional sobre las Islas Malvinas, se tomaron diferentes acciones, como la eximici\u00f3n del pago de las tasas municipales, la prioridad en la atenci\u00f3n primaria de salud, adem\u00e1s del nombramiento de calles y espacios p\u00fablicos. Tambi\u00e9n, se construy\u00f3 un Camposanto -el primero en el pa\u00eds- exclusivo para los veteranos berazateguenses.<\/p>\n","protected":false},"excerpt":{"rendered":"<p>Se design\u00f3 como \u201cVeterano de Guerra V\u00edctor Hugo Gonz\u00e1lez\u201d a la calle 135 entre 47 y 52, del barrio R\u00edo Encantado -en Hudson-, a trav\u00e9s de la Ordenanza Municipal N\u00b0 6494, sancionada por el Honorable Concejo Deliberante de Berazategui. En este sentido, Silvia Noguera, viuda de V\u00edctor Gonz\u00e1lez, expres\u00f3: \u201cEstuvimos juntos durante 39 a\u00f1os. Era&#8230;<\/p>\n","protected":false},"author":2,"featured_media":21250,"comment_status":"open","ping_status":"open","sticky":false,"template":"","format":"standard","meta":{"footnotes":""},"categories":[3],"tags":[],"class_list":["post-21247","post","type-post","status-publish","format-standard","has-post-thumbnail","hentry","category-berazategui"],"featured_image_src":"https:\/\/diarioprincipios.com\/wp-content\/uploads\/2024\/03\/UN-TRAMO-DE-LA-CALLE-135-LLEVARA-EL-NOMBRE-DE-UN-EXCOMBATIENTE-DE-MALVINAS-3-1024x683.jpg","blog_images":{"medium":"https:\/\/diarioprincipios.com\/wp-content\/uploads\/2024\/03\/UN-TRAMO-DE-LA-CALLE-135-LLEVARA-EL-NOMBRE-DE-UN-EXCOMBATIENTE-DE-MALVINAS-3-300x200.jpg","large":"https:\/\/diarioprincipios.com\/wp-content\/uploads\/2024\/03\/UN-TRAMO-DE-LA-CALLE-135-LLEVARA-EL-NOMBRE-DE-UN-EXCOMBATIENTE-DE-MALVINAS-3-1024x683.jpg"},"ams_acf":[],"yoast_head":"<!-- This site is optimized with the Yoast SEO plugin v27.3 - https:\/\/yoast.com\/product\/yoast-seo-wordpress\/ -->\n<title>Un tramo de la calle 135 llevar\u00e1 el nombre de un Excombatiente de Malvinas - Principios<\/title>\n<meta name=\"robots\" content=\"index, follow, max-snippet:-1, max-image-preview:large, max-video-preview:-1\" \/>\n<link rel=\"canonical\" href=\"https:\/\/diarioprincipios.com\/index.php\/2024\/03\/26\/un-tramo-de-la-calle-135-llevara-el-nombre-de-un-excombatiente-de-malvinas\/\" \/>\n<meta property=\"og:locale\" content=\"es_ES\" \/>\n<meta property=\"og:type\" content=\"article\" \/>\n<meta property=\"og:title\" content=\"Un tramo de la calle 135 llevar\u00e1 el nombre de un Excombatiente de Malvinas - Principios\" \/>\n<meta property=\"og:description\" content=\"Se design\u00f3 como \u201cVeterano de Guerra V\u00edctor Hugo Gonz\u00e1lez\u201d a la calle 135 entre 47 y 52, del barrio R\u00edo Encantado -en Hudson-, a trav\u00e9s de la Ordenanza Municipal N\u00b0 6494, sancionada por el Honorable Concejo Deliberante de Berazategui. En este sentido, Silvia Noguera, viuda de V\u00edctor Gonz\u00e1lez, expres\u00f3: \u201cEstuvimos juntos durante 39 a\u00f1os. Era...\" \/>\n<meta property=\"og:url\" content=\"https:\/\/diarioprincipios.com\/index.php\/2024\/03\/26\/un-tramo-de-la-calle-135-llevara-el-nombre-de-un-excombatiente-de-malvinas\/\" \/>\n<meta property=\"og:site_name\" content=\"Principios\" \/>\n<meta property=\"article:published_time\" content=\"2024-03-26T17:45:59+00:00\" \/>\n<meta property=\"article:modified_time\" content=\"2024-03-26T17:46:04+00:00\" \/>\n<meta property=\"og:image\" content=\"https:\/\/diarioprincipios.com\/wp-content\/uploads\/2024\/03\/UN-TRAMO-DE-LA-CALLE-135-LLEVARA-EL-NOMBRE-DE-UN-EXCOMBATIENTE-DE-MALVINAS-3.jpg\" \/>\n\t<meta property=\"og:image:width\" content=\"1920\" \/>\n\t<meta property=\"og:image:height\" content=\"1280\" \/>\n\t<meta property=\"og:image:type\" content=\"image\/jpeg\" \/>\n<meta name=\"author\" content=\"Hern\u00e1n L\u00f3pez\" \/>\n<meta name=\"twitter:card\" content=\"summary_large_image\" \/>\n<meta name=\"twitter:label1\" content=\"Escrito por\" \/>\n\t<meta name=\"twitter:data1\" content=\"Hern\u00e1n L\u00f3pez\" \/>\n\t<meta name=\"twitter:label2\" content=\"Tiempo de lectura\" \/>\n\t<meta name=\"twitter:data2\" content=\"2 minutos\" \/>\n<script type=\"application\/ld+json\" class=\"yoast-schema-graph\">{\"@context\":\"https:\\\/\\\/schema.org\",\"@graph\":[{\"@type\":\"Article\",\"@id\":\"https:\\\/\\\/diarioprincipios.com\\\/index.php\\\/2024\\\/03\\\/26\\\/un-tramo-de-la-calle-135-llevara-el-nombre-de-un-excombatiente-de-malvinas\\\/#article\",\"isPartOf\":{\"@id\":\"https:\\\/\\\/diarioprincipios.com\\\/index.php\\\/2024\\\/03\\\/26\\\/un-tramo-de-la-calle-135-llevara-el-nombre-de-un-excombatiente-de-malvinas\\\/\"},\"author\":{\"name\":\"Hern\u00e1n L\u00f3pez\",\"@id\":\"https:\\\/\\\/diarioprincipios.com\\\/#\\\/schema\\\/person\\\/436d5a1fd41a5e250e23ff5a6a7cb080\"},\"headline\":\"Un tramo de la calle 135 llevar\u00e1 el nombre de un Excombatiente de Malvinas\",\"datePublished\":\"2024-03-26T17:45:59+00:00\",\"dateModified\":\"2024-03-26T17:46:04+00:00\",\"mainEntityOfPage\":{\"@id\":\"https:\\\/\\\/diarioprincipios.com\\\/index.php\\\/2024\\\/03\\\/26\\\/un-tramo-de-la-calle-135-llevara-el-nombre-de-un-excombatiente-de-malvinas\\\/\"},\"wordCount\":222,\"commentCount\":0,\"publisher\":{\"@id\":\"https:\\\/\\\/diarioprincipios.com\\\/#organization\"},\"image\":{\"@id\":\"https:\\\/\\\/diarioprincipios.com\\\/index.php\\\/2024\\\/03\\\/26\\\/un-tramo-de-la-calle-135-llevara-el-nombre-de-un-excombatiente-de-malvinas\\\/#primaryimage\"},\"thumbnailUrl\":\"https:\\\/\\\/diarioprincipios.com\\\/wp-content\\\/uploads\\\/2024\\\/03\\\/UN-TRAMO-DE-LA-CALLE-135-LLEVARA-EL-NOMBRE-DE-UN-EXCOMBATIENTE-DE-MALVINAS-3.jpg\",\"articleSection\":[\"Berazategui\"],\"inLanguage\":\"es\",\"potentialAction\":[{\"@type\":\"CommentAction\",\"name\":\"Comment\",\"target\":[\"https:\\\/\\\/diarioprincipios.com\\\/index.php\\\/2024\\\/03\\\/26\\\/un-tramo-de-la-calle-135-llevara-el-nombre-de-un-excombatiente-de-malvinas\\\/#respond\"]}]},{\"@type\":\"WebPage\",\"@id\":\"https:\\\/\\\/diarioprincipios.com\\\/index.php\\\/2024\\\/03\\\/26\\\/un-tramo-de-la-calle-135-llevara-el-nombre-de-un-excombatiente-de-malvinas\\\/\",\"url\":\"https:\\\/\\\/diarioprincipios.com\\\/index.php\\\/2024\\\/03\\\/26\\\/un-tramo-de-la-calle-135-llevara-el-nombre-de-un-excombatiente-de-malvinas\\\/\",\"name\":\"Un tramo de la calle 135 llevar\u00e1 el nombre de un Excombatiente de Malvinas - Principios\",\"isPartOf\":{\"@id\":\"https:\\\/\\\/diarioprincipios.com\\\/#website\"},\"primaryImageOfPage\":{\"@id\":\"https:\\\/\\\/diarioprincipios.com\\\/index.php\\\/2024\\\/03\\\/26\\\/un-tramo-de-la-calle-135-llevara-el-nombre-de-un-excombatiente-de-malvinas\\\/#primaryimage\"},\"image\":{\"@id\":\"https:\\\/\\\/diarioprincipios.com\\\/index.php\\\/2024\\\/03\\\/26\\\/un-tramo-de-la-calle-135-llevara-el-nombre-de-un-excombatiente-de-malvinas\\\/#primaryimage\"},\"thumbnailUrl\":\"https:\\\/\\\/diarioprincipios.com\\\/wp-content\\\/uploads\\\/2024\\\/03\\\/UN-TRAMO-DE-LA-CALLE-135-LLEVARA-EL-NOMBRE-DE-UN-EXCOMBATIENTE-DE-MALVINAS-3.jpg\",\"datePublished\":\"2024-03-26T17:45:59+00:00\",\"dateModified\":\"2024-03-26T17:46:04+00:00\",\"breadcrumb\":{\"@id\":\"https:\\\/\\\/diarioprincipios.com\\\/index.php\\\/2024\\\/03\\\/26\\\/un-tramo-de-la-calle-135-llevara-el-nombre-de-un-excombatiente-de-malvinas\\\/#breadcrumb\"},\"inLanguage\":\"es\",\"potentialAction\":[{\"@type\":\"ReadAction\",\"target\":[\"https:\\\/\\\/diarioprincipios.com\\\/index.php\\\/2024\\\/03\\\/26\\\/un-tramo-de-la-calle-135-llevara-el-nombre-de-un-excombatiente-de-malvinas\\\/\"]}]},{\"@type\":\"ImageObject\",\"inLanguage\":\"es\",\"@id\":\"https:\\\/\\\/diarioprincipios.com\\\/index.php\\\/2024\\\/03\\\/26\\\/un-tramo-de-la-calle-135-llevara-el-nombre-de-un-excombatiente-de-malvinas\\\/#primaryimage\",\"url\":\"https:\\\/\\\/diarioprincipios.com\\\/wp-content\\\/uploads\\\/2024\\\/03\\\/UN-TRAMO-DE-LA-CALLE-135-LLEVARA-EL-NOMBRE-DE-UN-EXCOMBATIENTE-DE-MALVINAS-3.jpg\",\"contentUrl\":\"https:\\\/\\\/diarioprincipios.com\\\/wp-content\\\/uploads\\\/2024\\\/03\\\/UN-TRAMO-DE-LA-CALLE-135-LLEVARA-EL-NOMBRE-DE-UN-EXCOMBATIENTE-DE-MALVINAS-3.jpg\",\"width\":1920,\"height\":1280},{\"@type\":\"BreadcrumbList\",\"@id\":\"https:\\\/\\\/diarioprincipios.com\\\/index.php\\\/2024\\\/03\\\/26\\\/un-tramo-de-la-calle-135-llevara-el-nombre-de-un-excombatiente-de-malvinas\\\/#breadcrumb\",\"itemListElement\":[{\"@type\":\"ListItem\",\"position\":1,\"name\":\"Portada\",\"item\":\"https:\\\/\\\/diarioprincipios.com\\\/\"},{\"@type\":\"ListItem\",\"position\":2,\"name\":\"Un tramo de la calle 135 llevar\u00e1 el nombre de un Excombatiente de Malvinas\"}]},{\"@type\":\"WebSite\",\"@id\":\"https:\\\/\\\/diarioprincipios.com\\\/#website\",\"url\":\"https:\\\/\\\/diarioprincipios.com\\\/\",\"name\":\"Principios\",\"description\":\"Principios Diario\",\"publisher\":{\"@id\":\"https:\\\/\\\/diarioprincipios.com\\\/#organization\"},\"potentialAction\":[{\"@type\":\"SearchAction\",\"target\":{\"@type\":\"EntryPoint\",\"urlTemplate\":\"https:\\\/\\\/diarioprincipios.com\\\/?s={search_term_string}\"},\"query-input\":{\"@type\":\"PropertyValueSpecification\",\"valueRequired\":true,\"valueName\":\"search_term_string\"}}],\"inLanguage\":\"es\"},{\"@type\":\"Organization\",\"@id\":\"https:\\\/\\\/diarioprincipios.com\\\/#organization\",\"name\":\"Principios\",\"url\":\"https:\\\/\\\/diarioprincipios.com\\\/\",\"logo\":{\"@type\":\"ImageObject\",\"inLanguage\":\"es\",\"@id\":\"https:\\\/\\\/diarioprincipios.com\\\/#\\\/schema\\\/logo\\\/image\\\/\",\"url\":\"https:\\\/\\\/diarioprincipios.com\\\/wp-content\\\/uploads\\\/2024\\\/04\\\/cropped-www.diarioprincipios.com_-1.png\",\"contentUrl\":\"https:\\\/\\\/diarioprincipios.com\\\/wp-content\\\/uploads\\\/2024\\\/04\\\/cropped-www.diarioprincipios.com_-1.png\",\"width\":5325,\"height\":1454,\"caption\":\"Principios\"},\"image\":{\"@id\":\"https:\\\/\\\/diarioprincipios.com\\\/#\\\/schema\\\/logo\\\/image\\\/\"}},{\"@type\":\"Person\",\"@id\":\"https:\\\/\\\/diarioprincipios.com\\\/#\\\/schema\\\/person\\\/436d5a1fd41a5e250e23ff5a6a7cb080\",\"name\":\"Hern\u00e1n L\u00f3pez\",\"image\":{\"@type\":\"ImageObject\",\"inLanguage\":\"es\",\"@id\":\"https:\\\/\\\/diarioprincipios.com\\\/wp-content\\\/litespeed\\\/avatar\\\/11ddfe5610ff3bd100522525b2571f48.jpg?ver=1777048341\",\"url\":\"https:\\\/\\\/diarioprincipios.com\\\/wp-content\\\/litespeed\\\/avatar\\\/11ddfe5610ff3bd100522525b2571f48.jpg?ver=1777048341\",\"contentUrl\":\"https:\\\/\\\/diarioprincipios.com\\\/wp-content\\\/litespeed\\\/avatar\\\/11ddfe5610ff3bd100522525b2571f48.jpg?ver=1777048341\",\"caption\":\"Hern\u00e1n L\u00f3pez\"},\"url\":\"https:\\\/\\\/diarioprincipios.com\\\/index.php\\\/author\\\/hernan\\\/\"}]}<\/script>\n<!-- \/ Yoast SEO plugin. -->","yoast_head_json":{"title":"Un tramo de la calle 135 llevar\u00e1 el nombre de un Excombatiente de Malvinas - Principios","robots":{"index":"index","follow":"follow","max-snippet":"max-snippet:-1","max-image-preview":"max-image-preview:large","max-video-preview":"max-video-preview:-1"},"canonical":"https:\/\/diarioprincipios.com\/index.php\/2024\/03\/26\/un-tramo-de-la-calle-135-llevara-el-nombre-de-un-excombatiente-de-malvinas\/","og_locale":"es_ES","og_type":"article","og_title":"Un tramo de la calle 135 llevar\u00e1 el nombre de un Excombatiente de Malvinas - Principios","og_description":"Se design\u00f3 como \u201cVeterano de Guerra V\u00edctor Hugo Gonz\u00e1lez\u201d a la calle 135 entre 47 y 52, del barrio R\u00edo Encantado -en Hudson-, a trav\u00e9s de la Ordenanza Municipal N\u00b0 6494, sancionada por el Honorable Concejo Deliberante de Berazategui. En este sentido, Silvia Noguera, viuda de V\u00edctor Gonz\u00e1lez, expres\u00f3: \u201cEstuvimos juntos durante 39 a\u00f1os. Era...","og_url":"https:\/\/diarioprincipios.com\/index.php\/2024\/03\/26\/un-tramo-de-la-calle-135-llevara-el-nombre-de-un-excombatiente-de-malvinas\/","og_site_name":"Principios","article_published_time":"2024-03-26T17:45:59+00:00","article_modified_time":"2024-03-26T17:46:04+00:00","og_image":[{"width":1920,"height":1280,"url":"https:\/\/diarioprincipios.com\/wp-content\/uploads\/2024\/03\/UN-TRAMO-DE-LA-CALLE-135-LLEVARA-EL-NOMBRE-DE-UN-EXCOMBATIENTE-DE-MALVINAS-3.jpg","type":"image\/jpeg"}],"author":"Hern\u00e1n L\u00f3pez","twitter_card":"summary_large_image","twitter_misc":{"Escrito por":"Hern\u00e1n L\u00f3pez","Tiempo de lectura":"2 minutos"},"schema":{"@context":"https:\/\/schema.org","@graph":[{"@type":"Article","@id":"https:\/\/diarioprincipios.com\/index.php\/2024\/03\/26\/un-tramo-de-la-calle-135-llevara-el-nombre-de-un-excombatiente-de-malvinas\/#article","isPartOf":{"@id":"https:\/\/diarioprincipios.com\/index.php\/2024\/03\/26\/un-tramo-de-la-calle-135-llevara-el-nombre-de-un-excombatiente-de-malvinas\/"},"author":{"name":"Hern\u00e1n L\u00f3pez","@id":"https:\/\/diarioprincipios.com\/#\/schema\/person\/436d5a1fd41a5e250e23ff5a6a7cb080"},"headline":"Un tramo de la calle 135 llevar\u00e1 el nombre de un Excombatiente de Malvinas","datePublished":"2024-03-26T17:45:59+00:00","dateModified":"2024-03-26T17:46:04+00:00","mainEntityOfPage":{"@id":"https:\/\/diarioprincipios.com\/index.php\/2024\/03\/26\/un-tramo-de-la-calle-135-llevara-el-nombre-de-un-excombatiente-de-malvinas\/"},"wordCount":222,"commentCount":0,"publisher":{"@id":"https:\/\/diarioprincipios.com\/#organization"},"image":{"@id":"https:\/\/diarioprincipios.com\/index.php\/2024\/03\/26\/un-tramo-de-la-calle-135-llevara-el-nombre-de-un-excombatiente-de-malvinas\/#primaryimage"},"thumbnailUrl":"https:\/\/diarioprincipios.com\/wp-content\/uploads\/2024\/03\/UN-TRAMO-DE-LA-CALLE-135-LLEVARA-EL-NOMBRE-DE-UN-EXCOMBATIENTE-DE-MALVINAS-3.jpg","articleSection":["Berazategui"],"inLanguage":"es","potentialAction":[{"@type":"CommentAction","name":"Comment","target":["https:\/\/diarioprincipios.com\/index.php\/2024\/03\/26\/un-tramo-de-la-calle-135-llevara-el-nombre-de-un-excombatiente-de-malvinas\/#respond"]}]},{"@type":"WebPage","@id":"https:\/\/diarioprincipios.com\/index.php\/2024\/03\/26\/un-tramo-de-la-calle-135-llevara-el-nombre-de-un-excombatiente-de-malvinas\/","url":"https:\/\/diarioprincipios.com\/index.php\/2024\/03\/26\/un-tramo-de-la-calle-135-llevara-el-nombre-de-un-excombatiente-de-malvinas\/","name":"Un tramo de la calle 135 llevar\u00e1 el nombre de un Excombatiente de Malvinas - Principios","isPartOf":{"@id":"https:\/\/diarioprincipios.com\/#website"},"primaryImageOfPage":{"@id":"https:\/\/diarioprincipios.com\/index.php\/2024\/03\/26\/un-tramo-de-la-calle-135-llevara-el-nombre-de-un-excombatiente-de-malvinas\/#primaryimage"},"image":{"@id":"https:\/\/diarioprincipios.com\/index.php\/2024\/03\/26\/un-tramo-de-la-calle-135-llevara-el-nombre-de-un-excombatiente-de-malvinas\/#primaryimage"},"thumbnailUrl":"https:\/\/diarioprincipios.com\/wp-content\/uploads\/2024\/03\/UN-TRAMO-DE-LA-CALLE-135-LLEVARA-EL-NOMBRE-DE-UN-EXCOMBATIENTE-DE-MALVINAS-3.jpg","datePublished":"2024-03-26T17:45:59+00:00","dateModified":"2024-03-26T17:46:04+00:00","breadcrumb":{"@id":"https:\/\/diarioprincipios.com\/index.php\/2024\/03\/26\/un-tramo-de-la-calle-135-llevara-el-nombre-de-un-excombatiente-de-malvinas\/#breadcrumb"},"inLanguage":"es","potentialAction":[{"@type":"ReadAction","target":["https:\/\/diarioprincipios.com\/index.php\/2024\/03\/26\/un-tramo-de-la-calle-135-llevara-el-nombre-de-un-excombatiente-de-malvinas\/"]}]},{"@type":"ImageObject","inLanguage":"es","@id":"https:\/\/diarioprincipios.com\/index.php\/2024\/03\/26\/un-tramo-de-la-calle-135-llevara-el-nombre-de-un-excombatiente-de-malvinas\/#primaryimage","url":"https:\/\/diarioprincipios.com\/wp-content\/uploads\/2024\/03\/UN-TRAMO-DE-LA-CALLE-135-LLEVARA-EL-NOMBRE-DE-UN-EXCOMBATIENTE-DE-MALVINAS-3.jpg","contentUrl":"https:\/\/diarioprincipios.com\/wp-content\/uploads\/2024\/03\/UN-TRAMO-DE-LA-CALLE-135-LLEVARA-EL-NOMBRE-DE-UN-EXCOMBATIENTE-DE-MALVINAS-3.jpg","width":1920,"height":1280},{"@type":"BreadcrumbList","@id":"https:\/\/diarioprincipios.com\/index.php\/2024\/03\/26\/un-tramo-de-la-calle-135-llevara-el-nombre-de-un-excombatiente-de-malvinas\/#breadcrumb","itemListElement":[{"@type":"ListItem","position":1,"name":"Portada","item":"https:\/\/diarioprincipios.com\/"},{"@type":"ListItem","position":2,"name":"Un tramo de la calle 135 llevar\u00e1 el nombre de un Excombatiente de Malvinas"}]},{"@type":"WebSite","@id":"https:\/\/diarioprincipios.com\/#website","url":"https:\/\/diarioprincipios.com\/","name":"Principios","description":"Principios Diario","publisher":{"@id":"https:\/\/diarioprincipios.com\/#organization"},"potentialAction":[{"@type":"SearchAction","target":{"@type":"EntryPoint","urlTemplate":"https:\/\/diarioprincipios.com\/?s={search_term_string}"},"query-input":{"@type":"PropertyValueSpecification","valueRequired":true,"valueName":"search_term_string"}}],"inLanguage":"es"},{"@type":"Organization","@id":"https:\/\/diarioprincipios.com\/#organization","name":"Principios","url":"https:\/\/diarioprincipios.com\/","logo":{"@type":"ImageObject","inLanguage":"es","@id":"https:\/\/diarioprincipios.com\/#\/schema\/logo\/image\/","url":"https:\/\/diarioprincipios.com\/wp-content\/uploads\/2024\/04\/cropped-www.diarioprincipios.com_-1.png","contentUrl":"https:\/\/diarioprincipios.com\/wp-content\/uploads\/2024\/04\/cropped-www.diarioprincipios.com_-1.png","width":5325,"height":1454,"caption":"Principios"},"image":{"@id":"https:\/\/diarioprincipios.com\/#\/schema\/logo\/image\/"}},{"@type":"Person","@id":"https:\/\/diarioprincipios.com\/#\/schema\/person\/436d5a1fd41a5e250e23ff5a6a7cb080","name":"Hern\u00e1n L\u00f3pez","image":{"@type":"ImageObject","inLanguage":"es","@id":"https:\/\/diarioprincipios.com\/wp-content\/litespeed\/avatar\/11ddfe5610ff3bd100522525b2571f48.jpg?ver=1777048341","url":"https:\/\/diarioprincipios.com\/wp-content\/litespeed\/avatar\/11ddfe5610ff3bd100522525b2571f48.jpg?ver=1777048341","contentUrl":"https:\/\/diarioprincipios.com\/wp-content\/litespeed\/avatar\/11ddfe5610ff3bd100522525b2571f48.jpg?ver=1777048341","caption":"Hern\u00e1n L\u00f3pez"},"url":"https:\/\/diarioprincipios.com\/index.php\/author\/hernan\/"}]}},"jetpack_featured_media_url":"https:\/\/diarioprincipios.com\/wp-content\/uploads\/2024\/03\/UN-TRAMO-DE-LA-CALLE-135-LLEVARA-EL-NOMBRE-DE-UN-EXCOMBATIENTE-DE-MALVINAS-3.jpg","_links":{"self":[{"href":"https:\/\/diarioprincipios.com\/index.php\/wp-json\/wp\/v2\/posts\/21247","targetHints":{"allow":["GET"]}}],"collection":[{"href":"https:\/\/diarioprincipios.com\/index.php\/wp-json\/wp\/v2\/posts"}],"about":[{"href":"https:\/\/diarioprincipios.com\/index.php\/wp-json\/wp\/v2\/types\/post"}],"author":[{"embeddable":true,"href":"https:\/\/diarioprincipios.com\/index.php\/wp-json\/wp\/v2\/users\/2"}],"replies":[{"embeddable":true,"href":"https:\/\/diarioprincipios.com\/index.php\/wp-json\/wp\/v2\/comments?post=21247"}],"version-history":[{"count":1,"href":"https:\/\/diarioprincipios.com\/index.php\/wp-json\/wp\/v2\/posts\/21247\/revisions"}],"predecessor-version":[{"id":21251,"href":"https:\/\/diarioprincipios.com\/index.php\/wp-json\/wp\/v2\/posts\/21247\/revisions\/21251"}],"wp:featuredmedia":[{"embeddable":true,"href":"https:\/\/diarioprincipios.com\/index.php\/wp-json\/wp\/v2\/media\/21250"}],"wp:attachment":[{"href":"https:\/\/diarioprincipios.com\/index.php\/wp-json\/wp\/v2\/media?parent=21247"}],"wp:term":[{"taxonomy":"category","embeddable":true,"href":"https:\/\/diarioprincipios.com\/index.php\/wp-json\/wp\/v2\/categories?post=21247"},{"taxonomy":"post_tag","embeddable":true,"href":"https:\/\/diarioprincipios.com\/index.php\/wp-json\/wp\/v2\/tags?post=21247"}],"curies":[{"name":"wp","href":"https:\/\/api.w.org\/{rel}","templated":true}]}}