{"id":21200,"date":"2024-03-19T17:28:38","date_gmt":"2024-03-19T20:28:38","guid":{"rendered":"http:\/\/diarioprincipios.com\/?p=21200"},"modified":"2024-03-19T17:28:40","modified_gmt":"2024-03-19T20:28:40","slug":"jornada-integral-de-salud-en-kennedy-norte","status":"publish","type":"post","link":"https:\/\/diarioprincipios.com\/index.php\/2024\/03\/19\/jornada-integral-de-salud-en-kennedy-norte\/","title":{"rendered":"Jornada Integral de Salud en Kennedy Norte"},"content":{"rendered":"\n<p><strong>Se har\u00e1 una jornada integral de salud en el barrio Kennedy Norte el mi\u00e9rcoles 20 de marzo, de 9.00 a 13.00, en el Sal\u00f3n de Usos M\u00faltiples \u201cPrimero Los Ni\u00f1os\u201d, ubicado en calle 125 entre 49 y 50.<\/strong><br>Este tipo de jornadas itinerantes son impulsadas por el intendente de Berazategui, Juan Jos\u00e9 Mussi. Su objetivo es descentralizar la salud p\u00fablica y acercarla a todos los barrios del distrito.<\/p>\n\n\n\n<figure class=\"wp-block-image size-large\"><img loading=\"lazy\" decoding=\"async\" width=\"1024\" height=\"683\" src=\"https:\/\/diarioprincipios.com\/wp-content\/uploads\/2024\/03\/NUEVA-JORNADA-INTEGRAL-DE-SALUD-EN-BERAZATEGUI-1024x683.jpg\" alt=\"\" class=\"wp-image-21203\" srcset=\"https:\/\/diarioprincipios.com\/wp-content\/uploads\/2024\/03\/NUEVA-JORNADA-INTEGRAL-DE-SALUD-EN-BERAZATEGUI-1024x683.jpg 1024w, https:\/\/diarioprincipios.com\/wp-content\/uploads\/2024\/03\/NUEVA-JORNADA-INTEGRAL-DE-SALUD-EN-BERAZATEGUI-300x200.jpg 300w, https:\/\/diarioprincipios.com\/wp-content\/uploads\/2024\/03\/NUEVA-JORNADA-INTEGRAL-DE-SALUD-EN-BERAZATEGUI-768x512.jpg 768w, https:\/\/diarioprincipios.com\/wp-content\/uploads\/2024\/03\/NUEVA-JORNADA-INTEGRAL-DE-SALUD-EN-BERAZATEGUI-1536x1024.jpg 1536w, https:\/\/diarioprincipios.com\/wp-content\/uploads\/2024\/03\/NUEVA-JORNADA-INTEGRAL-DE-SALUD-EN-BERAZATEGUI.jpg 1920w\" sizes=\"auto, (max-width: 1024px) 100vw, 1024px\" \/><\/figure>\n\n\n\n<figure class=\"wp-block-image size-large\"><img loading=\"lazy\" decoding=\"async\" width=\"1024\" height=\"683\" src=\"https:\/\/diarioprincipios.com\/wp-content\/uploads\/2024\/03\/NUEVA-JORNADA-INTEGRAL-DE-SALUD-EN-BERAZATEGUI2-1024x683.jpg\" alt=\"\" class=\"wp-image-21201\" srcset=\"https:\/\/diarioprincipios.com\/wp-content\/uploads\/2024\/03\/NUEVA-JORNADA-INTEGRAL-DE-SALUD-EN-BERAZATEGUI2-1024x683.jpg 1024w, https:\/\/diarioprincipios.com\/wp-content\/uploads\/2024\/03\/NUEVA-JORNADA-INTEGRAL-DE-SALUD-EN-BERAZATEGUI2-300x200.jpg 300w, https:\/\/diarioprincipios.com\/wp-content\/uploads\/2024\/03\/NUEVA-JORNADA-INTEGRAL-DE-SALUD-EN-BERAZATEGUI2-768x512.jpg 768w, https:\/\/diarioprincipios.com\/wp-content\/uploads\/2024\/03\/NUEVA-JORNADA-INTEGRAL-DE-SALUD-EN-BERAZATEGUI2-1536x1024.jpg 1536w, https:\/\/diarioprincipios.com\/wp-content\/uploads\/2024\/03\/NUEVA-JORNADA-INTEGRAL-DE-SALUD-EN-BERAZATEGUI2.jpg 1920w\" sizes=\"auto, (max-width: 1024px) 100vw, 1024px\" \/><\/figure>\n\n\n\n<p><br>Organizada por la Secretar\u00eda de Salud P\u00fablica e Higiene, en esta oportunidad se brindar\u00e1n las siguientes prestaciones, de manera gratuita:<br>\u00a0&#8211; Detecci\u00f3n de pacientes con factores de riesgo y toma de tensi\u00f3n arterial, peso, talla e \u00edndice de masa corporal.\u00a0&#8211; Atenci\u00f3n cl\u00ednica y pedi\u00e1trica.\u00a0&#8211; Atenci\u00f3n de la Red de Salud Mental y SEDRONAR.\u00a0&#8211; Consejer\u00eda de salud sexual y reproductiva.\u00a0&#8211; Firma de libretas AUH.\u00a0&#8211; Vacunaci\u00f3n de Calendario y COVID-19.\u00a0&#8211; Capacitaci\u00f3n en RCP y uso de DEA.\u00a0&#8211; Test r\u00e1pido de VIH \/ S\u00edfilis.\u00a0&#8211; Control de salud bucal, con entrega de certificado para el inicio escolar.<br>Para m\u00e1s informaci\u00f3n, se puede ingresar en\u00a0<a href=\"http:\/\/berazategui.gob.ar\/salud\" target=\"_blank\" rel=\"noreferrer noopener\">berazategui.gob.ar\/salud<\/a>.<\/p>\n","protected":false},"excerpt":{"rendered":"<p>Se har\u00e1 una jornada integral de salud en el barrio Kennedy Norte el mi\u00e9rcoles 20 de marzo, de 9.00 a 13.00, en el Sal\u00f3n de Usos M\u00faltiples \u201cPrimero Los Ni\u00f1os\u201d, ubicado en calle 125 entre 49 y 50.Este tipo de jornadas itinerantes son impulsadas por el intendente de Berazategui, Juan Jos\u00e9 Mussi. Su objetivo es&#8230;<\/p>\n","protected":false},"author":2,"featured_media":21202,"comment_status":"open","ping_status":"open","sticky":false,"template":"","format":"standard","meta":{"footnotes":""},"categories":[3],"tags":[],"class_list":["post-21200","post","type-post","status-publish","format-standard","has-post-thumbnail","hentry","category-berazategui"],"featured_image_src":"https:\/\/diarioprincipios.com\/wp-content\/uploads\/2024\/03\/NUEVA-JORNADA-INTEGRAL-DE-SALUD-EN-BERAZATEGUI1-1024x683.jpg","blog_images":{"medium":"https:\/\/diarioprincipios.com\/wp-content\/uploads\/2024\/03\/NUEVA-JORNADA-INTEGRAL-DE-SALUD-EN-BERAZATEGUI1-300x200.jpg","large":"https:\/\/diarioprincipios.com\/wp-content\/uploads\/2024\/03\/NUEVA-JORNADA-INTEGRAL-DE-SALUD-EN-BERAZATEGUI1-1024x683.jpg"},"ams_acf":[],"yoast_head":"<!-- This site is optimized with the Yoast SEO plugin v27.3 - https:\/\/yoast.com\/product\/yoast-seo-wordpress\/ -->\n<title>Jornada Integral de Salud en Kennedy Norte - Principios<\/title>\n<meta name=\"robots\" content=\"index, follow, max-snippet:-1, max-image-preview:large, max-video-preview:-1\" \/>\n<link rel=\"canonical\" href=\"https:\/\/diarioprincipios.com\/index.php\/2024\/03\/19\/jornada-integral-de-salud-en-kennedy-norte\/\" \/>\n<meta property=\"og:locale\" content=\"es_ES\" \/>\n<meta property=\"og:type\" content=\"article\" \/>\n<meta property=\"og:title\" content=\"Jornada Integral de Salud en Kennedy Norte - Principios\" \/>\n<meta property=\"og:description\" content=\"Se har\u00e1 una jornada integral de salud en el barrio Kennedy Norte el mi\u00e9rcoles 20 de marzo, de 9.00 a 13.00, en el Sal\u00f3n de Usos M\u00faltiples \u201cPrimero Los Ni\u00f1os\u201d, ubicado en calle 125 entre 49 y 50.Este tipo de jornadas itinerantes son impulsadas por el intendente de Berazategui, Juan Jos\u00e9 Mussi. Su objetivo es...\" \/>\n<meta property=\"og:url\" content=\"https:\/\/diarioprincipios.com\/index.php\/2024\/03\/19\/jornada-integral-de-salud-en-kennedy-norte\/\" \/>\n<meta property=\"og:site_name\" content=\"Principios\" \/>\n<meta property=\"article:published_time\" content=\"2024-03-19T20:28:38+00:00\" \/>\n<meta property=\"article:modified_time\" content=\"2024-03-19T20:28:40+00:00\" \/>\n<meta property=\"og:image\" content=\"https:\/\/diarioprincipios.com\/wp-content\/uploads\/2024\/03\/NUEVA-JORNADA-INTEGRAL-DE-SALUD-EN-BERAZATEGUI1.jpg\" \/>\n\t<meta property=\"og:image:width\" content=\"1920\" \/>\n\t<meta property=\"og:image:height\" content=\"1280\" \/>\n\t<meta property=\"og:image:type\" content=\"image\/jpeg\" \/>\n<meta name=\"author\" content=\"Hern\u00e1n L\u00f3pez\" \/>\n<meta name=\"twitter:card\" content=\"summary_large_image\" \/>\n<meta name=\"twitter:label1\" content=\"Escrito por\" \/>\n\t<meta name=\"twitter:data1\" content=\"Hern\u00e1n L\u00f3pez\" \/>\n\t<meta name=\"twitter:label2\" content=\"Tiempo de lectura\" \/>\n\t<meta name=\"twitter:data2\" content=\"2 minutos\" \/>\n<script type=\"application\/ld+json\" class=\"yoast-schema-graph\">{\"@context\":\"https:\\\/\\\/schema.org\",\"@graph\":[{\"@type\":\"Article\",\"@id\":\"https:\\\/\\\/diarioprincipios.com\\\/index.php\\\/2024\\\/03\\\/19\\\/jornada-integral-de-salud-en-kennedy-norte\\\/#article\",\"isPartOf\":{\"@id\":\"https:\\\/\\\/diarioprincipios.com\\\/index.php\\\/2024\\\/03\\\/19\\\/jornada-integral-de-salud-en-kennedy-norte\\\/\"},\"author\":{\"name\":\"Hern\u00e1n L\u00f3pez\",\"@id\":\"https:\\\/\\\/diarioprincipios.com\\\/#\\\/schema\\\/person\\\/436d5a1fd41a5e250e23ff5a6a7cb080\"},\"headline\":\"Jornada Integral de Salud en Kennedy Norte\",\"datePublished\":\"2024-03-19T20:28:38+00:00\",\"dateModified\":\"2024-03-19T20:28:40+00:00\",\"mainEntityOfPage\":{\"@id\":\"https:\\\/\\\/diarioprincipios.com\\\/index.php\\\/2024\\\/03\\\/19\\\/jornada-integral-de-salud-en-kennedy-norte\\\/\"},\"wordCount\":201,\"commentCount\":0,\"publisher\":{\"@id\":\"https:\\\/\\\/diarioprincipios.com\\\/#organization\"},\"image\":{\"@id\":\"https:\\\/\\\/diarioprincipios.com\\\/index.php\\\/2024\\\/03\\\/19\\\/jornada-integral-de-salud-en-kennedy-norte\\\/#primaryimage\"},\"thumbnailUrl\":\"https:\\\/\\\/diarioprincipios.com\\\/wp-content\\\/uploads\\\/2024\\\/03\\\/NUEVA-JORNADA-INTEGRAL-DE-SALUD-EN-BERAZATEGUI1.jpg\",\"articleSection\":[\"Berazategui\"],\"inLanguage\":\"es\",\"potentialAction\":[{\"@type\":\"CommentAction\",\"name\":\"Comment\",\"target\":[\"https:\\\/\\\/diarioprincipios.com\\\/index.php\\\/2024\\\/03\\\/19\\\/jornada-integral-de-salud-en-kennedy-norte\\\/#respond\"]}]},{\"@type\":\"WebPage\",\"@id\":\"https:\\\/\\\/diarioprincipios.com\\\/index.php\\\/2024\\\/03\\\/19\\\/jornada-integral-de-salud-en-kennedy-norte\\\/\",\"url\":\"https:\\\/\\\/diarioprincipios.com\\\/index.php\\\/2024\\\/03\\\/19\\\/jornada-integral-de-salud-en-kennedy-norte\\\/\",\"name\":\"Jornada Integral de Salud en Kennedy Norte - Principios\",\"isPartOf\":{\"@id\":\"https:\\\/\\\/diarioprincipios.com\\\/#website\"},\"primaryImageOfPage\":{\"@id\":\"https:\\\/\\\/diarioprincipios.com\\\/index.php\\\/2024\\\/03\\\/19\\\/jornada-integral-de-salud-en-kennedy-norte\\\/#primaryimage\"},\"image\":{\"@id\":\"https:\\\/\\\/diarioprincipios.com\\\/index.php\\\/2024\\\/03\\\/19\\\/jornada-integral-de-salud-en-kennedy-norte\\\/#primaryimage\"},\"thumbnailUrl\":\"https:\\\/\\\/diarioprincipios.com\\\/wp-content\\\/uploads\\\/2024\\\/03\\\/NUEVA-JORNADA-INTEGRAL-DE-SALUD-EN-BERAZATEGUI1.jpg\",\"datePublished\":\"2024-03-19T20:28:38+00:00\",\"dateModified\":\"2024-03-19T20:28:40+00:00\",\"breadcrumb\":{\"@id\":\"https:\\\/\\\/diarioprincipios.com\\\/index.php\\\/2024\\\/03\\\/19\\\/jornada-integral-de-salud-en-kennedy-norte\\\/#breadcrumb\"},\"inLanguage\":\"es\",\"potentialAction\":[{\"@type\":\"ReadAction\",\"target\":[\"https:\\\/\\\/diarioprincipios.com\\\/index.php\\\/2024\\\/03\\\/19\\\/jornada-integral-de-salud-en-kennedy-norte\\\/\"]}]},{\"@type\":\"ImageObject\",\"inLanguage\":\"es\",\"@id\":\"https:\\\/\\\/diarioprincipios.com\\\/index.php\\\/2024\\\/03\\\/19\\\/jornada-integral-de-salud-en-kennedy-norte\\\/#primaryimage\",\"url\":\"https:\\\/\\\/diarioprincipios.com\\\/wp-content\\\/uploads\\\/2024\\\/03\\\/NUEVA-JORNADA-INTEGRAL-DE-SALUD-EN-BERAZATEGUI1.jpg\",\"contentUrl\":\"https:\\\/\\\/diarioprincipios.com\\\/wp-content\\\/uploads\\\/2024\\\/03\\\/NUEVA-JORNADA-INTEGRAL-DE-SALUD-EN-BERAZATEGUI1.jpg\",\"width\":1920,\"height\":1280},{\"@type\":\"BreadcrumbList\",\"@id\":\"https:\\\/\\\/diarioprincipios.com\\\/index.php\\\/2024\\\/03\\\/19\\\/jornada-integral-de-salud-en-kennedy-norte\\\/#breadcrumb\",\"itemListElement\":[{\"@type\":\"ListItem\",\"position\":1,\"name\":\"Portada\",\"item\":\"https:\\\/\\\/diarioprincipios.com\\\/\"},{\"@type\":\"ListItem\",\"position\":2,\"name\":\"Jornada Integral de Salud en Kennedy Norte\"}]},{\"@type\":\"WebSite\",\"@id\":\"https:\\\/\\\/diarioprincipios.com\\\/#website\",\"url\":\"https:\\\/\\\/diarioprincipios.com\\\/\",\"name\":\"Principios\",\"description\":\"Principios Diario\",\"publisher\":{\"@id\":\"https:\\\/\\\/diarioprincipios.com\\\/#organization\"},\"potentialAction\":[{\"@type\":\"SearchAction\",\"target\":{\"@type\":\"EntryPoint\",\"urlTemplate\":\"https:\\\/\\\/diarioprincipios.com\\\/?s={search_term_string}\"},\"query-input\":{\"@type\":\"PropertyValueSpecification\",\"valueRequired\":true,\"valueName\":\"search_term_string\"}}],\"inLanguage\":\"es\"},{\"@type\":\"Organization\",\"@id\":\"https:\\\/\\\/diarioprincipios.com\\\/#organization\",\"name\":\"Principios\",\"url\":\"https:\\\/\\\/diarioprincipios.com\\\/\",\"logo\":{\"@type\":\"ImageObject\",\"inLanguage\":\"es\",\"@id\":\"https:\\\/\\\/diarioprincipios.com\\\/#\\\/schema\\\/logo\\\/image\\\/\",\"url\":\"https:\\\/\\\/diarioprincipios.com\\\/wp-content\\\/uploads\\\/2024\\\/04\\\/cropped-www.diarioprincipios.com_-1.png\",\"contentUrl\":\"https:\\\/\\\/diarioprincipios.com\\\/wp-content\\\/uploads\\\/2024\\\/04\\\/cropped-www.diarioprincipios.com_-1.png\",\"width\":5325,\"height\":1454,\"caption\":\"Principios\"},\"image\":{\"@id\":\"https:\\\/\\\/diarioprincipios.com\\\/#\\\/schema\\\/logo\\\/image\\\/\"}},{\"@type\":\"Person\",\"@id\":\"https:\\\/\\\/diarioprincipios.com\\\/#\\\/schema\\\/person\\\/436d5a1fd41a5e250e23ff5a6a7cb080\",\"name\":\"Hern\u00e1n L\u00f3pez\",\"image\":{\"@type\":\"ImageObject\",\"inLanguage\":\"es\",\"@id\":\"https:\\\/\\\/diarioprincipios.com\\\/wp-content\\\/litespeed\\\/avatar\\\/11ddfe5610ff3bd100522525b2571f48.jpg?ver=1777048341\",\"url\":\"https:\\\/\\\/diarioprincipios.com\\\/wp-content\\\/litespeed\\\/avatar\\\/11ddfe5610ff3bd100522525b2571f48.jpg?ver=1777048341\",\"contentUrl\":\"https:\\\/\\\/diarioprincipios.com\\\/wp-content\\\/litespeed\\\/avatar\\\/11ddfe5610ff3bd100522525b2571f48.jpg?ver=1777048341\",\"caption\":\"Hern\u00e1n L\u00f3pez\"},\"url\":\"https:\\\/\\\/diarioprincipios.com\\\/index.php\\\/author\\\/hernan\\\/\"}]}<\/script>\n<!-- \/ Yoast SEO plugin. -->","yoast_head_json":{"title":"Jornada Integral de Salud en Kennedy Norte - Principios","robots":{"index":"index","follow":"follow","max-snippet":"max-snippet:-1","max-image-preview":"max-image-preview:large","max-video-preview":"max-video-preview:-1"},"canonical":"https:\/\/diarioprincipios.com\/index.php\/2024\/03\/19\/jornada-integral-de-salud-en-kennedy-norte\/","og_locale":"es_ES","og_type":"article","og_title":"Jornada Integral de Salud en Kennedy Norte - Principios","og_description":"Se har\u00e1 una jornada integral de salud en el barrio Kennedy Norte el mi\u00e9rcoles 20 de marzo, de 9.00 a 13.00, en el Sal\u00f3n de Usos M\u00faltiples \u201cPrimero Los Ni\u00f1os\u201d, ubicado en calle 125 entre 49 y 50.Este tipo de jornadas itinerantes son impulsadas por el intendente de Berazategui, Juan Jos\u00e9 Mussi. Su objetivo es...","og_url":"https:\/\/diarioprincipios.com\/index.php\/2024\/03\/19\/jornada-integral-de-salud-en-kennedy-norte\/","og_site_name":"Principios","article_published_time":"2024-03-19T20:28:38+00:00","article_modified_time":"2024-03-19T20:28:40+00:00","og_image":[{"width":1920,"height":1280,"url":"https:\/\/diarioprincipios.com\/wp-content\/uploads\/2024\/03\/NUEVA-JORNADA-INTEGRAL-DE-SALUD-EN-BERAZATEGUI1.jpg","type":"image\/jpeg"}],"author":"Hern\u00e1n L\u00f3pez","twitter_card":"summary_large_image","twitter_misc":{"Escrito por":"Hern\u00e1n L\u00f3pez","Tiempo de lectura":"2 minutos"},"schema":{"@context":"https:\/\/schema.org","@graph":[{"@type":"Article","@id":"https:\/\/diarioprincipios.com\/index.php\/2024\/03\/19\/jornada-integral-de-salud-en-kennedy-norte\/#article","isPartOf":{"@id":"https:\/\/diarioprincipios.com\/index.php\/2024\/03\/19\/jornada-integral-de-salud-en-kennedy-norte\/"},"author":{"name":"Hern\u00e1n L\u00f3pez","@id":"https:\/\/diarioprincipios.com\/#\/schema\/person\/436d5a1fd41a5e250e23ff5a6a7cb080"},"headline":"Jornada Integral de Salud en Kennedy Norte","datePublished":"2024-03-19T20:28:38+00:00","dateModified":"2024-03-19T20:28:40+00:00","mainEntityOfPage":{"@id":"https:\/\/diarioprincipios.com\/index.php\/2024\/03\/19\/jornada-integral-de-salud-en-kennedy-norte\/"},"wordCount":201,"commentCount":0,"publisher":{"@id":"https:\/\/diarioprincipios.com\/#organization"},"image":{"@id":"https:\/\/diarioprincipios.com\/index.php\/2024\/03\/19\/jornada-integral-de-salud-en-kennedy-norte\/#primaryimage"},"thumbnailUrl":"https:\/\/diarioprincipios.com\/wp-content\/uploads\/2024\/03\/NUEVA-JORNADA-INTEGRAL-DE-SALUD-EN-BERAZATEGUI1.jpg","articleSection":["Berazategui"],"inLanguage":"es","potentialAction":[{"@type":"CommentAction","name":"Comment","target":["https:\/\/diarioprincipios.com\/index.php\/2024\/03\/19\/jornada-integral-de-salud-en-kennedy-norte\/#respond"]}]},{"@type":"WebPage","@id":"https:\/\/diarioprincipios.com\/index.php\/2024\/03\/19\/jornada-integral-de-salud-en-kennedy-norte\/","url":"https:\/\/diarioprincipios.com\/index.php\/2024\/03\/19\/jornada-integral-de-salud-en-kennedy-norte\/","name":"Jornada Integral de Salud en Kennedy Norte - Principios","isPartOf":{"@id":"https:\/\/diarioprincipios.com\/#website"},"primaryImageOfPage":{"@id":"https:\/\/diarioprincipios.com\/index.php\/2024\/03\/19\/jornada-integral-de-salud-en-kennedy-norte\/#primaryimage"},"image":{"@id":"https:\/\/diarioprincipios.com\/index.php\/2024\/03\/19\/jornada-integral-de-salud-en-kennedy-norte\/#primaryimage"},"thumbnailUrl":"https:\/\/diarioprincipios.com\/wp-content\/uploads\/2024\/03\/NUEVA-JORNADA-INTEGRAL-DE-SALUD-EN-BERAZATEGUI1.jpg","datePublished":"2024-03-19T20:28:38+00:00","dateModified":"2024-03-19T20:28:40+00:00","breadcrumb":{"@id":"https:\/\/diarioprincipios.com\/index.php\/2024\/03\/19\/jornada-integral-de-salud-en-kennedy-norte\/#breadcrumb"},"inLanguage":"es","potentialAction":[{"@type":"ReadAction","target":["https:\/\/diarioprincipios.com\/index.php\/2024\/03\/19\/jornada-integral-de-salud-en-kennedy-norte\/"]}]},{"@type":"ImageObject","inLanguage":"es","@id":"https:\/\/diarioprincipios.com\/index.php\/2024\/03\/19\/jornada-integral-de-salud-en-kennedy-norte\/#primaryimage","url":"https:\/\/diarioprincipios.com\/wp-content\/uploads\/2024\/03\/NUEVA-JORNADA-INTEGRAL-DE-SALUD-EN-BERAZATEGUI1.jpg","contentUrl":"https:\/\/diarioprincipios.com\/wp-content\/uploads\/2024\/03\/NUEVA-JORNADA-INTEGRAL-DE-SALUD-EN-BERAZATEGUI1.jpg","width":1920,"height":1280},{"@type":"BreadcrumbList","@id":"https:\/\/diarioprincipios.com\/index.php\/2024\/03\/19\/jornada-integral-de-salud-en-kennedy-norte\/#breadcrumb","itemListElement":[{"@type":"ListItem","position":1,"name":"Portada","item":"https:\/\/diarioprincipios.com\/"},{"@type":"ListItem","position":2,"name":"Jornada Integral de Salud en Kennedy Norte"}]},{"@type":"WebSite","@id":"https:\/\/diarioprincipios.com\/#website","url":"https:\/\/diarioprincipios.com\/","name":"Principios","description":"Principios Diario","publisher":{"@id":"https:\/\/diarioprincipios.com\/#organization"},"potentialAction":[{"@type":"SearchAction","target":{"@type":"EntryPoint","urlTemplate":"https:\/\/diarioprincipios.com\/?s={search_term_string}"},"query-input":{"@type":"PropertyValueSpecification","valueRequired":true,"valueName":"search_term_string"}}],"inLanguage":"es"},{"@type":"Organization","@id":"https:\/\/diarioprincipios.com\/#organization","name":"Principios","url":"https:\/\/diarioprincipios.com\/","logo":{"@type":"ImageObject","inLanguage":"es","@id":"https:\/\/diarioprincipios.com\/#\/schema\/logo\/image\/","url":"https:\/\/diarioprincipios.com\/wp-content\/uploads\/2024\/04\/cropped-www.diarioprincipios.com_-1.png","contentUrl":"https:\/\/diarioprincipios.com\/wp-content\/uploads\/2024\/04\/cropped-www.diarioprincipios.com_-1.png","width":5325,"height":1454,"caption":"Principios"},"image":{"@id":"https:\/\/diarioprincipios.com\/#\/schema\/logo\/image\/"}},{"@type":"Person","@id":"https:\/\/diarioprincipios.com\/#\/schema\/person\/436d5a1fd41a5e250e23ff5a6a7cb080","name":"Hern\u00e1n L\u00f3pez","image":{"@type":"ImageObject","inLanguage":"es","@id":"https:\/\/diarioprincipios.com\/wp-content\/litespeed\/avatar\/11ddfe5610ff3bd100522525b2571f48.jpg?ver=1777048341","url":"https:\/\/diarioprincipios.com\/wp-content\/litespeed\/avatar\/11ddfe5610ff3bd100522525b2571f48.jpg?ver=1777048341","contentUrl":"https:\/\/diarioprincipios.com\/wp-content\/litespeed\/avatar\/11ddfe5610ff3bd100522525b2571f48.jpg?ver=1777048341","caption":"Hern\u00e1n L\u00f3pez"},"url":"https:\/\/diarioprincipios.com\/index.php\/author\/hernan\/"}]}},"jetpack_featured_media_url":"https:\/\/diarioprincipios.com\/wp-content\/uploads\/2024\/03\/NUEVA-JORNADA-INTEGRAL-DE-SALUD-EN-BERAZATEGUI1.jpg","_links":{"self":[{"href":"https:\/\/diarioprincipios.com\/index.php\/wp-json\/wp\/v2\/posts\/21200","targetHints":{"allow":["GET"]}}],"collection":[{"href":"https:\/\/diarioprincipios.com\/index.php\/wp-json\/wp\/v2\/posts"}],"about":[{"href":"https:\/\/diarioprincipios.com\/index.php\/wp-json\/wp\/v2\/types\/post"}],"author":[{"embeddable":true,"href":"https:\/\/diarioprincipios.com\/index.php\/wp-json\/wp\/v2\/users\/2"}],"replies":[{"embeddable":true,"href":"https:\/\/diarioprincipios.com\/index.php\/wp-json\/wp\/v2\/comments?post=21200"}],"version-history":[{"count":1,"href":"https:\/\/diarioprincipios.com\/index.php\/wp-json\/wp\/v2\/posts\/21200\/revisions"}],"predecessor-version":[{"id":21204,"href":"https:\/\/diarioprincipios.com\/index.php\/wp-json\/wp\/v2\/posts\/21200\/revisions\/21204"}],"wp:featuredmedia":[{"embeddable":true,"href":"https:\/\/diarioprincipios.com\/index.php\/wp-json\/wp\/v2\/media\/21202"}],"wp:attachment":[{"href":"https:\/\/diarioprincipios.com\/index.php\/wp-json\/wp\/v2\/media?parent=21200"}],"wp:term":[{"taxonomy":"category","embeddable":true,"href":"https:\/\/diarioprincipios.com\/index.php\/wp-json\/wp\/v2\/categories?post=21200"},{"taxonomy":"post_tag","embeddable":true,"href":"https:\/\/diarioprincipios.com\/index.php\/wp-json\/wp\/v2\/tags?post=21200"}],"curies":[{"name":"wp","href":"https:\/\/api.w.org\/{rel}","templated":true}]}}