{"id":21189,"date":"2024-03-19T12:36:22","date_gmt":"2024-03-19T15:36:22","guid":{"rendered":"http:\/\/diarioprincipios.com\/?p=21189"},"modified":"2024-03-19T12:36:25","modified_gmt":"2024-03-19T15:36:25","slug":"mussi-visito-el-jardin-de-infantes-n941","status":"publish","type":"post","link":"https:\/\/diarioprincipios.com\/index.php\/2024\/03\/19\/mussi-visito-el-jardin-de-infantes-n941\/","title":{"rendered":"Mussi visit\u00f3 el Jard\u00edn de Infantes N\u00b0941"},"content":{"rendered":"\n<p><strong>El intendente de Berazategui, Juan Jos\u00e9 Mussi, estuvo recorriendo el Jard\u00edn de Infantes N\u00b0 941, donde el s\u00e1bado 16 de marzo se realiz\u00f3 una jornada de trabajo.<\/strong><\/p>\n\n\n\n<figure class=\"wp-block-image size-large\"><img loading=\"lazy\" decoding=\"async\" width=\"1024\" height=\"683\" src=\"https:\/\/diarioprincipios.com\/wp-content\/uploads\/2024\/03\/MUSSI-VISITO-EL-JARDIN-DE-INFANTES-N\u00b0-941-1-1024x683.jpg\" alt=\"\" class=\"wp-image-21190\" srcset=\"https:\/\/diarioprincipios.com\/wp-content\/uploads\/2024\/03\/MUSSI-VISITO-EL-JARDIN-DE-INFANTES-N\u00b0-941-1-1024x683.jpg 1024w, https:\/\/diarioprincipios.com\/wp-content\/uploads\/2024\/03\/MUSSI-VISITO-EL-JARDIN-DE-INFANTES-N\u00b0-941-1-300x200.jpg 300w, https:\/\/diarioprincipios.com\/wp-content\/uploads\/2024\/03\/MUSSI-VISITO-EL-JARDIN-DE-INFANTES-N\u00b0-941-1-768x512.jpg 768w, https:\/\/diarioprincipios.com\/wp-content\/uploads\/2024\/03\/MUSSI-VISITO-EL-JARDIN-DE-INFANTES-N\u00b0-941-1-1536x1024.jpg 1536w, https:\/\/diarioprincipios.com\/wp-content\/uploads\/2024\/03\/MUSSI-VISITO-EL-JARDIN-DE-INFANTES-N\u00b0-941-1.jpg 1920w\" sizes=\"auto, (max-width: 1024px) 100vw, 1024px\" \/><\/figure>\n\n\n\n<p>\u201cEstamos muy contentas por la convocatoria, porque hay una gran presencia de familias. Lo que buscamos fue mejorar el espacio edilicio, para que los ni\u00f1os y ni\u00f1as aprendan en un lugar digno. Adem\u00e1s, la visita del intendente Mussi refuerza mucho el sentido que le damos a las jornadas\u201d, se\u00f1al\u00f3 la directora del Jard\u00edn, Pamela Sandoval.<\/p>\n\n\n\n<figure class=\"wp-block-image size-large is-resized\"><img loading=\"lazy\" decoding=\"async\" width=\"1024\" height=\"683\" src=\"https:\/\/diarioprincipios.com\/wp-content\/uploads\/2024\/03\/MUSSI-VISITO-EL-JARDIN-DE-INFANTES-N\u00b0-941-4-1024x683.jpg\" alt=\"\" class=\"wp-image-21191\" style=\"width:388px;height:auto\" srcset=\"https:\/\/diarioprincipios.com\/wp-content\/uploads\/2024\/03\/MUSSI-VISITO-EL-JARDIN-DE-INFANTES-N\u00b0-941-4-1024x683.jpg 1024w, https:\/\/diarioprincipios.com\/wp-content\/uploads\/2024\/03\/MUSSI-VISITO-EL-JARDIN-DE-INFANTES-N\u00b0-941-4-300x200.jpg 300w, https:\/\/diarioprincipios.com\/wp-content\/uploads\/2024\/03\/MUSSI-VISITO-EL-JARDIN-DE-INFANTES-N\u00b0-941-4-768x512.jpg 768w, https:\/\/diarioprincipios.com\/wp-content\/uploads\/2024\/03\/MUSSI-VISITO-EL-JARDIN-DE-INFANTES-N\u00b0-941-4-1536x1024.jpg 1536w, https:\/\/diarioprincipios.com\/wp-content\/uploads\/2024\/03\/MUSSI-VISITO-EL-JARDIN-DE-INFANTES-N\u00b0-941-4.jpg 1920w\" sizes=\"auto, (max-width: 1024px) 100vw, 1024px\" \/><\/figure>\n\n\n\n<p>Los trabajos de pintura y limpieza los realizaron consejeros escolares, docentes, familiares de los y las estudiantes, y cooperativistas.<\/p>\n\n\n\n<figure class=\"wp-block-image size-large\"><img loading=\"lazy\" decoding=\"async\" width=\"1024\" height=\"683\" src=\"https:\/\/diarioprincipios.com\/wp-content\/uploads\/2024\/03\/MUSSI-VISITO-EL-JARDIN-DE-INFANTES-N\u00b0-941-2-1024x683.jpg\" alt=\"\" class=\"wp-image-21192\" srcset=\"https:\/\/diarioprincipios.com\/wp-content\/uploads\/2024\/03\/MUSSI-VISITO-EL-JARDIN-DE-INFANTES-N\u00b0-941-2-1024x683.jpg 1024w, https:\/\/diarioprincipios.com\/wp-content\/uploads\/2024\/03\/MUSSI-VISITO-EL-JARDIN-DE-INFANTES-N\u00b0-941-2-300x200.jpg 300w, https:\/\/diarioprincipios.com\/wp-content\/uploads\/2024\/03\/MUSSI-VISITO-EL-JARDIN-DE-INFANTES-N\u00b0-941-2-768x512.jpg 768w, https:\/\/diarioprincipios.com\/wp-content\/uploads\/2024\/03\/MUSSI-VISITO-EL-JARDIN-DE-INFANTES-N\u00b0-941-2-1536x1024.jpg 1536w, https:\/\/diarioprincipios.com\/wp-content\/uploads\/2024\/03\/MUSSI-VISITO-EL-JARDIN-DE-INFANTES-N\u00b0-941-2.jpg 1920w\" sizes=\"auto, (max-width: 1024px) 100vw, 1024px\" \/><\/figure>\n","protected":false},"excerpt":{"rendered":"<p>El intendente de Berazategui, Juan Jos\u00e9 Mussi, estuvo recorriendo el Jard\u00edn de Infantes N\u00b0 941, donde el s\u00e1bado 16 de marzo se realiz\u00f3 una jornada de trabajo. \u201cEstamos muy contentas por la convocatoria, porque hay una gran presencia de familias. Lo que buscamos fue mejorar el espacio edilicio, para que los ni\u00f1os y ni\u00f1as aprendan&#8230;<\/p>\n","protected":false},"author":2,"featured_media":21193,"comment_status":"open","ping_status":"open","sticky":false,"template":"","format":"standard","meta":{"footnotes":""},"categories":[3],"tags":[],"class_list":["post-21189","post","type-post","status-publish","format-standard","has-post-thumbnail","hentry","category-berazategui"],"featured_image_src":"https:\/\/diarioprincipios.com\/wp-content\/uploads\/2024\/03\/MUSSI-VISITO-EL-JARDIN-DE-INFANTES-N\u00b0-941-5-1024x683.jpg","blog_images":{"medium":"https:\/\/diarioprincipios.com\/wp-content\/uploads\/2024\/03\/MUSSI-VISITO-EL-JARDIN-DE-INFANTES-N\u00b0-941-5-300x200.jpg","large":"https:\/\/diarioprincipios.com\/wp-content\/uploads\/2024\/03\/MUSSI-VISITO-EL-JARDIN-DE-INFANTES-N\u00b0-941-5-1024x683.jpg"},"ams_acf":[],"yoast_head":"<!-- This site is optimized with the Yoast SEO plugin v27.3 - https:\/\/yoast.com\/product\/yoast-seo-wordpress\/ -->\n<title>Mussi visit\u00f3 el Jard\u00edn de Infantes N\u00b0941 - Principios<\/title>\n<meta name=\"robots\" content=\"index, follow, max-snippet:-1, max-image-preview:large, max-video-preview:-1\" \/>\n<link rel=\"canonical\" href=\"https:\/\/diarioprincipios.com\/index.php\/2024\/03\/19\/mussi-visito-el-jardin-de-infantes-n941\/\" \/>\n<meta property=\"og:locale\" content=\"es_ES\" \/>\n<meta property=\"og:type\" content=\"article\" \/>\n<meta property=\"og:title\" content=\"Mussi visit\u00f3 el Jard\u00edn de Infantes N\u00b0941 - Principios\" \/>\n<meta property=\"og:description\" content=\"El intendente de Berazategui, Juan Jos\u00e9 Mussi, estuvo recorriendo el Jard\u00edn de Infantes N\u00b0 941, donde el s\u00e1bado 16 de marzo se realiz\u00f3 una jornada de trabajo. \u201cEstamos muy contentas por la convocatoria, porque hay una gran presencia de familias. Lo que buscamos fue mejorar el espacio edilicio, para que los ni\u00f1os y ni\u00f1as aprendan...\" \/>\n<meta property=\"og:url\" content=\"https:\/\/diarioprincipios.com\/index.php\/2024\/03\/19\/mussi-visito-el-jardin-de-infantes-n941\/\" \/>\n<meta property=\"og:site_name\" content=\"Principios\" \/>\n<meta property=\"article:published_time\" content=\"2024-03-19T15:36:22+00:00\" \/>\n<meta property=\"article:modified_time\" content=\"2024-03-19T15:36:25+00:00\" \/>\n<meta property=\"og:image\" content=\"https:\/\/diarioprincipios.com\/wp-content\/uploads\/2024\/03\/MUSSI-VISITO-EL-JARDIN-DE-INFANTES-N\u00b0-941-5.jpg\" \/>\n\t<meta property=\"og:image:width\" content=\"1920\" \/>\n\t<meta property=\"og:image:height\" content=\"1280\" \/>\n\t<meta property=\"og:image:type\" content=\"image\/jpeg\" \/>\n<meta name=\"author\" content=\"Hern\u00e1n L\u00f3pez\" \/>\n<meta name=\"twitter:card\" content=\"summary_large_image\" \/>\n<meta name=\"twitter:label1\" content=\"Escrito por\" \/>\n\t<meta name=\"twitter:data1\" content=\"Hern\u00e1n L\u00f3pez\" \/>\n\t<meta name=\"twitter:label2\" content=\"Tiempo de lectura\" \/>\n\t<meta name=\"twitter:data2\" content=\"2 minutos\" \/>\n<script type=\"application\/ld+json\" class=\"yoast-schema-graph\">{\"@context\":\"https:\\\/\\\/schema.org\",\"@graph\":[{\"@type\":\"Article\",\"@id\":\"https:\\\/\\\/diarioprincipios.com\\\/index.php\\\/2024\\\/03\\\/19\\\/mussi-visito-el-jardin-de-infantes-n941\\\/#article\",\"isPartOf\":{\"@id\":\"https:\\\/\\\/diarioprincipios.com\\\/index.php\\\/2024\\\/03\\\/19\\\/mussi-visito-el-jardin-de-infantes-n941\\\/\"},\"author\":{\"name\":\"Hern\u00e1n L\u00f3pez\",\"@id\":\"https:\\\/\\\/diarioprincipios.com\\\/#\\\/schema\\\/person\\\/436d5a1fd41a5e250e23ff5a6a7cb080\"},\"headline\":\"Mussi visit\u00f3 el Jard\u00edn de Infantes N\u00b0941\",\"datePublished\":\"2024-03-19T15:36:22+00:00\",\"dateModified\":\"2024-03-19T15:36:25+00:00\",\"mainEntityOfPage\":{\"@id\":\"https:\\\/\\\/diarioprincipios.com\\\/index.php\\\/2024\\\/03\\\/19\\\/mussi-visito-el-jardin-de-infantes-n941\\\/\"},\"wordCount\":114,\"commentCount\":0,\"publisher\":{\"@id\":\"https:\\\/\\\/diarioprincipios.com\\\/#organization\"},\"image\":{\"@id\":\"https:\\\/\\\/diarioprincipios.com\\\/index.php\\\/2024\\\/03\\\/19\\\/mussi-visito-el-jardin-de-infantes-n941\\\/#primaryimage\"},\"thumbnailUrl\":\"https:\\\/\\\/diarioprincipios.com\\\/wp-content\\\/uploads\\\/2024\\\/03\\\/MUSSI-VISITO-EL-JARDIN-DE-INFANTES-N\u00b0-941-5.jpg\",\"articleSection\":[\"Berazategui\"],\"inLanguage\":\"es\",\"potentialAction\":[{\"@type\":\"CommentAction\",\"name\":\"Comment\",\"target\":[\"https:\\\/\\\/diarioprincipios.com\\\/index.php\\\/2024\\\/03\\\/19\\\/mussi-visito-el-jardin-de-infantes-n941\\\/#respond\"]}]},{\"@type\":\"WebPage\",\"@id\":\"https:\\\/\\\/diarioprincipios.com\\\/index.php\\\/2024\\\/03\\\/19\\\/mussi-visito-el-jardin-de-infantes-n941\\\/\",\"url\":\"https:\\\/\\\/diarioprincipios.com\\\/index.php\\\/2024\\\/03\\\/19\\\/mussi-visito-el-jardin-de-infantes-n941\\\/\",\"name\":\"Mussi visit\u00f3 el Jard\u00edn de Infantes N\u00b0941 - Principios\",\"isPartOf\":{\"@id\":\"https:\\\/\\\/diarioprincipios.com\\\/#website\"},\"primaryImageOfPage\":{\"@id\":\"https:\\\/\\\/diarioprincipios.com\\\/index.php\\\/2024\\\/03\\\/19\\\/mussi-visito-el-jardin-de-infantes-n941\\\/#primaryimage\"},\"image\":{\"@id\":\"https:\\\/\\\/diarioprincipios.com\\\/index.php\\\/2024\\\/03\\\/19\\\/mussi-visito-el-jardin-de-infantes-n941\\\/#primaryimage\"},\"thumbnailUrl\":\"https:\\\/\\\/diarioprincipios.com\\\/wp-content\\\/uploads\\\/2024\\\/03\\\/MUSSI-VISITO-EL-JARDIN-DE-INFANTES-N\u00b0-941-5.jpg\",\"datePublished\":\"2024-03-19T15:36:22+00:00\",\"dateModified\":\"2024-03-19T15:36:25+00:00\",\"breadcrumb\":{\"@id\":\"https:\\\/\\\/diarioprincipios.com\\\/index.php\\\/2024\\\/03\\\/19\\\/mussi-visito-el-jardin-de-infantes-n941\\\/#breadcrumb\"},\"inLanguage\":\"es\",\"potentialAction\":[{\"@type\":\"ReadAction\",\"target\":[\"https:\\\/\\\/diarioprincipios.com\\\/index.php\\\/2024\\\/03\\\/19\\\/mussi-visito-el-jardin-de-infantes-n941\\\/\"]}]},{\"@type\":\"ImageObject\",\"inLanguage\":\"es\",\"@id\":\"https:\\\/\\\/diarioprincipios.com\\\/index.php\\\/2024\\\/03\\\/19\\\/mussi-visito-el-jardin-de-infantes-n941\\\/#primaryimage\",\"url\":\"https:\\\/\\\/diarioprincipios.com\\\/wp-content\\\/uploads\\\/2024\\\/03\\\/MUSSI-VISITO-EL-JARDIN-DE-INFANTES-N\u00b0-941-5.jpg\",\"contentUrl\":\"https:\\\/\\\/diarioprincipios.com\\\/wp-content\\\/uploads\\\/2024\\\/03\\\/MUSSI-VISITO-EL-JARDIN-DE-INFANTES-N\u00b0-941-5.jpg\",\"width\":1920,\"height\":1280},{\"@type\":\"BreadcrumbList\",\"@id\":\"https:\\\/\\\/diarioprincipios.com\\\/index.php\\\/2024\\\/03\\\/19\\\/mussi-visito-el-jardin-de-infantes-n941\\\/#breadcrumb\",\"itemListElement\":[{\"@type\":\"ListItem\",\"position\":1,\"name\":\"Portada\",\"item\":\"https:\\\/\\\/diarioprincipios.com\\\/\"},{\"@type\":\"ListItem\",\"position\":2,\"name\":\"Mussi visit\u00f3 el Jard\u00edn de Infantes N\u00b0941\"}]},{\"@type\":\"WebSite\",\"@id\":\"https:\\\/\\\/diarioprincipios.com\\\/#website\",\"url\":\"https:\\\/\\\/diarioprincipios.com\\\/\",\"name\":\"Principios\",\"description\":\"Principios Diario\",\"publisher\":{\"@id\":\"https:\\\/\\\/diarioprincipios.com\\\/#organization\"},\"potentialAction\":[{\"@type\":\"SearchAction\",\"target\":{\"@type\":\"EntryPoint\",\"urlTemplate\":\"https:\\\/\\\/diarioprincipios.com\\\/?s={search_term_string}\"},\"query-input\":{\"@type\":\"PropertyValueSpecification\",\"valueRequired\":true,\"valueName\":\"search_term_string\"}}],\"inLanguage\":\"es\"},{\"@type\":\"Organization\",\"@id\":\"https:\\\/\\\/diarioprincipios.com\\\/#organization\",\"name\":\"Principios\",\"url\":\"https:\\\/\\\/diarioprincipios.com\\\/\",\"logo\":{\"@type\":\"ImageObject\",\"inLanguage\":\"es\",\"@id\":\"https:\\\/\\\/diarioprincipios.com\\\/#\\\/schema\\\/logo\\\/image\\\/\",\"url\":\"https:\\\/\\\/diarioprincipios.com\\\/wp-content\\\/uploads\\\/2024\\\/04\\\/cropped-www.diarioprincipios.com_-1.png\",\"contentUrl\":\"https:\\\/\\\/diarioprincipios.com\\\/wp-content\\\/uploads\\\/2024\\\/04\\\/cropped-www.diarioprincipios.com_-1.png\",\"width\":5325,\"height\":1454,\"caption\":\"Principios\"},\"image\":{\"@id\":\"https:\\\/\\\/diarioprincipios.com\\\/#\\\/schema\\\/logo\\\/image\\\/\"}},{\"@type\":\"Person\",\"@id\":\"https:\\\/\\\/diarioprincipios.com\\\/#\\\/schema\\\/person\\\/436d5a1fd41a5e250e23ff5a6a7cb080\",\"name\":\"Hern\u00e1n L\u00f3pez\",\"image\":{\"@type\":\"ImageObject\",\"inLanguage\":\"es\",\"@id\":\"https:\\\/\\\/diarioprincipios.com\\\/wp-content\\\/litespeed\\\/avatar\\\/11ddfe5610ff3bd100522525b2571f48.jpg?ver=1777048341\",\"url\":\"https:\\\/\\\/diarioprincipios.com\\\/wp-content\\\/litespeed\\\/avatar\\\/11ddfe5610ff3bd100522525b2571f48.jpg?ver=1777048341\",\"contentUrl\":\"https:\\\/\\\/diarioprincipios.com\\\/wp-content\\\/litespeed\\\/avatar\\\/11ddfe5610ff3bd100522525b2571f48.jpg?ver=1777048341\",\"caption\":\"Hern\u00e1n L\u00f3pez\"},\"url\":\"https:\\\/\\\/diarioprincipios.com\\\/index.php\\\/author\\\/hernan\\\/\"}]}<\/script>\n<!-- \/ Yoast SEO plugin. -->","yoast_head_json":{"title":"Mussi visit\u00f3 el Jard\u00edn de Infantes N\u00b0941 - Principios","robots":{"index":"index","follow":"follow","max-snippet":"max-snippet:-1","max-image-preview":"max-image-preview:large","max-video-preview":"max-video-preview:-1"},"canonical":"https:\/\/diarioprincipios.com\/index.php\/2024\/03\/19\/mussi-visito-el-jardin-de-infantes-n941\/","og_locale":"es_ES","og_type":"article","og_title":"Mussi visit\u00f3 el Jard\u00edn de Infantes N\u00b0941 - Principios","og_description":"El intendente de Berazategui, Juan Jos\u00e9 Mussi, estuvo recorriendo el Jard\u00edn de Infantes N\u00b0 941, donde el s\u00e1bado 16 de marzo se realiz\u00f3 una jornada de trabajo. \u201cEstamos muy contentas por la convocatoria, porque hay una gran presencia de familias. Lo que buscamos fue mejorar el espacio edilicio, para que los ni\u00f1os y ni\u00f1as aprendan...","og_url":"https:\/\/diarioprincipios.com\/index.php\/2024\/03\/19\/mussi-visito-el-jardin-de-infantes-n941\/","og_site_name":"Principios","article_published_time":"2024-03-19T15:36:22+00:00","article_modified_time":"2024-03-19T15:36:25+00:00","og_image":[{"width":1920,"height":1280,"url":"https:\/\/diarioprincipios.com\/wp-content\/uploads\/2024\/03\/MUSSI-VISITO-EL-JARDIN-DE-INFANTES-N\u00b0-941-5.jpg","type":"image\/jpeg"}],"author":"Hern\u00e1n L\u00f3pez","twitter_card":"summary_large_image","twitter_misc":{"Escrito por":"Hern\u00e1n L\u00f3pez","Tiempo de lectura":"2 minutos"},"schema":{"@context":"https:\/\/schema.org","@graph":[{"@type":"Article","@id":"https:\/\/diarioprincipios.com\/index.php\/2024\/03\/19\/mussi-visito-el-jardin-de-infantes-n941\/#article","isPartOf":{"@id":"https:\/\/diarioprincipios.com\/index.php\/2024\/03\/19\/mussi-visito-el-jardin-de-infantes-n941\/"},"author":{"name":"Hern\u00e1n L\u00f3pez","@id":"https:\/\/diarioprincipios.com\/#\/schema\/person\/436d5a1fd41a5e250e23ff5a6a7cb080"},"headline":"Mussi visit\u00f3 el Jard\u00edn de Infantes N\u00b0941","datePublished":"2024-03-19T15:36:22+00:00","dateModified":"2024-03-19T15:36:25+00:00","mainEntityOfPage":{"@id":"https:\/\/diarioprincipios.com\/index.php\/2024\/03\/19\/mussi-visito-el-jardin-de-infantes-n941\/"},"wordCount":114,"commentCount":0,"publisher":{"@id":"https:\/\/diarioprincipios.com\/#organization"},"image":{"@id":"https:\/\/diarioprincipios.com\/index.php\/2024\/03\/19\/mussi-visito-el-jardin-de-infantes-n941\/#primaryimage"},"thumbnailUrl":"https:\/\/diarioprincipios.com\/wp-content\/uploads\/2024\/03\/MUSSI-VISITO-EL-JARDIN-DE-INFANTES-N\u00b0-941-5.jpg","articleSection":["Berazategui"],"inLanguage":"es","potentialAction":[{"@type":"CommentAction","name":"Comment","target":["https:\/\/diarioprincipios.com\/index.php\/2024\/03\/19\/mussi-visito-el-jardin-de-infantes-n941\/#respond"]}]},{"@type":"WebPage","@id":"https:\/\/diarioprincipios.com\/index.php\/2024\/03\/19\/mussi-visito-el-jardin-de-infantes-n941\/","url":"https:\/\/diarioprincipios.com\/index.php\/2024\/03\/19\/mussi-visito-el-jardin-de-infantes-n941\/","name":"Mussi visit\u00f3 el Jard\u00edn de Infantes N\u00b0941 - Principios","isPartOf":{"@id":"https:\/\/diarioprincipios.com\/#website"},"primaryImageOfPage":{"@id":"https:\/\/diarioprincipios.com\/index.php\/2024\/03\/19\/mussi-visito-el-jardin-de-infantes-n941\/#primaryimage"},"image":{"@id":"https:\/\/diarioprincipios.com\/index.php\/2024\/03\/19\/mussi-visito-el-jardin-de-infantes-n941\/#primaryimage"},"thumbnailUrl":"https:\/\/diarioprincipios.com\/wp-content\/uploads\/2024\/03\/MUSSI-VISITO-EL-JARDIN-DE-INFANTES-N\u00b0-941-5.jpg","datePublished":"2024-03-19T15:36:22+00:00","dateModified":"2024-03-19T15:36:25+00:00","breadcrumb":{"@id":"https:\/\/diarioprincipios.com\/index.php\/2024\/03\/19\/mussi-visito-el-jardin-de-infantes-n941\/#breadcrumb"},"inLanguage":"es","potentialAction":[{"@type":"ReadAction","target":["https:\/\/diarioprincipios.com\/index.php\/2024\/03\/19\/mussi-visito-el-jardin-de-infantes-n941\/"]}]},{"@type":"ImageObject","inLanguage":"es","@id":"https:\/\/diarioprincipios.com\/index.php\/2024\/03\/19\/mussi-visito-el-jardin-de-infantes-n941\/#primaryimage","url":"https:\/\/diarioprincipios.com\/wp-content\/uploads\/2024\/03\/MUSSI-VISITO-EL-JARDIN-DE-INFANTES-N\u00b0-941-5.jpg","contentUrl":"https:\/\/diarioprincipios.com\/wp-content\/uploads\/2024\/03\/MUSSI-VISITO-EL-JARDIN-DE-INFANTES-N\u00b0-941-5.jpg","width":1920,"height":1280},{"@type":"BreadcrumbList","@id":"https:\/\/diarioprincipios.com\/index.php\/2024\/03\/19\/mussi-visito-el-jardin-de-infantes-n941\/#breadcrumb","itemListElement":[{"@type":"ListItem","position":1,"name":"Portada","item":"https:\/\/diarioprincipios.com\/"},{"@type":"ListItem","position":2,"name":"Mussi visit\u00f3 el Jard\u00edn de Infantes N\u00b0941"}]},{"@type":"WebSite","@id":"https:\/\/diarioprincipios.com\/#website","url":"https:\/\/diarioprincipios.com\/","name":"Principios","description":"Principios Diario","publisher":{"@id":"https:\/\/diarioprincipios.com\/#organization"},"potentialAction":[{"@type":"SearchAction","target":{"@type":"EntryPoint","urlTemplate":"https:\/\/diarioprincipios.com\/?s={search_term_string}"},"query-input":{"@type":"PropertyValueSpecification","valueRequired":true,"valueName":"search_term_string"}}],"inLanguage":"es"},{"@type":"Organization","@id":"https:\/\/diarioprincipios.com\/#organization","name":"Principios","url":"https:\/\/diarioprincipios.com\/","logo":{"@type":"ImageObject","inLanguage":"es","@id":"https:\/\/diarioprincipios.com\/#\/schema\/logo\/image\/","url":"https:\/\/diarioprincipios.com\/wp-content\/uploads\/2024\/04\/cropped-www.diarioprincipios.com_-1.png","contentUrl":"https:\/\/diarioprincipios.com\/wp-content\/uploads\/2024\/04\/cropped-www.diarioprincipios.com_-1.png","width":5325,"height":1454,"caption":"Principios"},"image":{"@id":"https:\/\/diarioprincipios.com\/#\/schema\/logo\/image\/"}},{"@type":"Person","@id":"https:\/\/diarioprincipios.com\/#\/schema\/person\/436d5a1fd41a5e250e23ff5a6a7cb080","name":"Hern\u00e1n L\u00f3pez","image":{"@type":"ImageObject","inLanguage":"es","@id":"https:\/\/diarioprincipios.com\/wp-content\/litespeed\/avatar\/11ddfe5610ff3bd100522525b2571f48.jpg?ver=1777048341","url":"https:\/\/diarioprincipios.com\/wp-content\/litespeed\/avatar\/11ddfe5610ff3bd100522525b2571f48.jpg?ver=1777048341","contentUrl":"https:\/\/diarioprincipios.com\/wp-content\/litespeed\/avatar\/11ddfe5610ff3bd100522525b2571f48.jpg?ver=1777048341","caption":"Hern\u00e1n L\u00f3pez"},"url":"https:\/\/diarioprincipios.com\/index.php\/author\/hernan\/"}]}},"jetpack_featured_media_url":"https:\/\/diarioprincipios.com\/wp-content\/uploads\/2024\/03\/MUSSI-VISITO-EL-JARDIN-DE-INFANTES-N\u00b0-941-5.jpg","_links":{"self":[{"href":"https:\/\/diarioprincipios.com\/index.php\/wp-json\/wp\/v2\/posts\/21189","targetHints":{"allow":["GET"]}}],"collection":[{"href":"https:\/\/diarioprincipios.com\/index.php\/wp-json\/wp\/v2\/posts"}],"about":[{"href":"https:\/\/diarioprincipios.com\/index.php\/wp-json\/wp\/v2\/types\/post"}],"author":[{"embeddable":true,"href":"https:\/\/diarioprincipios.com\/index.php\/wp-json\/wp\/v2\/users\/2"}],"replies":[{"embeddable":true,"href":"https:\/\/diarioprincipios.com\/index.php\/wp-json\/wp\/v2\/comments?post=21189"}],"version-history":[{"count":1,"href":"https:\/\/diarioprincipios.com\/index.php\/wp-json\/wp\/v2\/posts\/21189\/revisions"}],"predecessor-version":[{"id":21194,"href":"https:\/\/diarioprincipios.com\/index.php\/wp-json\/wp\/v2\/posts\/21189\/revisions\/21194"}],"wp:featuredmedia":[{"embeddable":true,"href":"https:\/\/diarioprincipios.com\/index.php\/wp-json\/wp\/v2\/media\/21193"}],"wp:attachment":[{"href":"https:\/\/diarioprincipios.com\/index.php\/wp-json\/wp\/v2\/media?parent=21189"}],"wp:term":[{"taxonomy":"category","embeddable":true,"href":"https:\/\/diarioprincipios.com\/index.php\/wp-json\/wp\/v2\/categories?post=21189"},{"taxonomy":"post_tag","embeddable":true,"href":"https:\/\/diarioprincipios.com\/index.php\/wp-json\/wp\/v2\/tags?post=21189"}],"curies":[{"name":"wp","href":"https:\/\/api.w.org\/{rel}","templated":true}]}}