{"id":21163,"date":"2024-03-18T15:34:45","date_gmt":"2024-03-18T18:34:45","guid":{"rendered":"http:\/\/diarioprincipios.com\/?p=21163"},"modified":"2024-03-18T15:35:51","modified_gmt":"2024-03-18T18:35:51","slug":"transporte-prorrogo-por-un-ano-la-vigencia-del-pase-libre-multimodal","status":"publish","type":"post","link":"https:\/\/diarioprincipios.com\/index.php\/2024\/03\/18\/transporte-prorrogo-por-un-ano-la-vigencia-del-pase-libre-multimodal\/","title":{"rendered":"Transporte prorrog\u00f3 por un a\u00f1o la vigencia del Pase Libre Multimodal"},"content":{"rendered":"\n<p><em>Es para aquellas credenciales que vencen entre el 1 de enero y el 31 de diciembre de 2024. La herramienta garantiza el acceso gratuito al sistema de transporte terrestre y fluvial a personas discapacitadas, trasplantadas y en lista de espera de trasplante.<\/em><\/p>\n\n\n\n<p>El Ministerio de Transporte de la Provincia de Buenos Aires, a cargo de Jorge D\u2019Onofrio, prorrog\u00f3, por el t\u00e9rmino de un a\u00f1o, el plazo de vigencia de las credenciales de Pase Libre Multimodal (PLM), cuyos vencimientos operen entre el 1 de enero y el 31 de diciembre de 2024.<\/p>\n\n\n\n<p>De esta manera, todas las credenciales quedan prorrogadas, por el plazo de 365 d\u00edas, contando a partir de sus respectivos vencimientos.<\/p>\n\n\n\n<p>El PLM, expedido en el marco de la Ley Provincial N\u00b0 10.592 y la Ley Nacional N\u00b0 26.928, garantiza el derecho de acceso gratuito a personas discapacitadas, trasplantadas y en lista de espera de trasplante al sistema de transporte p\u00fablico de pasajeros terrestre y fluvial bonaerense.<\/p>\n\n\n\n<p>Cabe mencionar que, desde el inicio de la gesti\u00f3n de Jorge D\u2019Onofrio, el Ministerio de Transporte de la Provincia de Buenos Aires ya distribuy\u00f3 m\u00e1s de 200.500 nuevos Pases Libres Multimodales para beneficiarios y beneficiarias de todos los distritos bonaerenses. Asimismo, la cartera provincial se encuentra trabajando junto al CUCAIBA para profundizar el acceso de personas trasplantadas y en lista de espera.<\/p>\n\n\n\n<p>La forma de acceder al Pase Libre Multimodal es acreditando la condici\u00f3n de beneficiario mediante convalidaci\u00f3n del Certificado \u00danico de Discapacidad (C.U.D.) o bien de la Credencial INCUCAI\/CUCAIBA. Como el tr\u00e1mite es descentralizado, se requiere consignar un turno en el municipio del usuario para retirar la credencial correspondiente.<\/p>\n\n\n\n<p>El PLM vence al mismo tiempo que el C.U.D. y que la Credencial INCUCAI\/CUCAIBA y se renueva a trav\u00e9s del Sistema de Solicitud de Pases v\u00eda web. Adem\u00e1s, puede llevarse de forma f\u00edsica, en su forma de tarjeta de cart\u00f3n o digitalmente a trav\u00e9s de la aplicaci\u00f3n para celulares \u201cMi Argentina\u201d.<\/p>\n\n\n\n<p><a rel=\"noreferrer noopener\" target=\"_blank\" href=\"https:\/\/www.gba.gob.ar\/transporte\"><\/a><\/p>\n","protected":false},"excerpt":{"rendered":"<p>Es para aquellas credenciales que vencen entre el 1 de enero y el 31 de diciembre de 2024. La herramienta garantiza el acceso gratuito al sistema de transporte terrestre y fluvial a personas discapacitadas, trasplantadas y en lista de espera de trasplante. El Ministerio de Transporte de la Provincia de Buenos Aires, a cargo de&#8230;<\/p>\n","protected":false},"author":2,"featured_media":21164,"comment_status":"open","ping_status":"open","sticky":false,"template":"","format":"standard","meta":{"footnotes":""},"categories":[7],"tags":[],"class_list":["post-21163","post","type-post","status-publish","format-standard","has-post-thumbnail","hentry","category-provincia"],"featured_image_src":"https:\/\/diarioprincipios.com\/wp-content\/uploads\/2024\/03\/7fb3b06e-a4b2-46ac-bb3f-f380d90cabf8-1024x682.jpg","blog_images":{"medium":"https:\/\/diarioprincipios.com\/wp-content\/uploads\/2024\/03\/7fb3b06e-a4b2-46ac-bb3f-f380d90cabf8-300x200.jpg","large":"https:\/\/diarioprincipios.com\/wp-content\/uploads\/2024\/03\/7fb3b06e-a4b2-46ac-bb3f-f380d90cabf8-1024x682.jpg"},"ams_acf":[],"yoast_head":"<!-- This site is optimized with the Yoast SEO plugin v27.3 - https:\/\/yoast.com\/product\/yoast-seo-wordpress\/ -->\n<title>Transporte prorrog\u00f3 por un a\u00f1o la vigencia del Pase Libre Multimodal - Principios<\/title>\n<meta name=\"robots\" content=\"index, follow, max-snippet:-1, max-image-preview:large, max-video-preview:-1\" \/>\n<link rel=\"canonical\" href=\"https:\/\/diarioprincipios.com\/index.php\/2024\/03\/18\/transporte-prorrogo-por-un-ano-la-vigencia-del-pase-libre-multimodal\/\" \/>\n<meta property=\"og:locale\" content=\"es_ES\" \/>\n<meta property=\"og:type\" content=\"article\" \/>\n<meta property=\"og:title\" content=\"Transporte prorrog\u00f3 por un a\u00f1o la vigencia del Pase Libre Multimodal - Principios\" \/>\n<meta property=\"og:description\" content=\"Es para aquellas credenciales que vencen entre el 1 de enero y el 31 de diciembre de 2024. La herramienta garantiza el acceso gratuito al sistema de transporte terrestre y fluvial a personas discapacitadas, trasplantadas y en lista de espera de trasplante. El Ministerio de Transporte de la Provincia de Buenos Aires, a cargo de...\" \/>\n<meta property=\"og:url\" content=\"https:\/\/diarioprincipios.com\/index.php\/2024\/03\/18\/transporte-prorrogo-por-un-ano-la-vigencia-del-pase-libre-multimodal\/\" \/>\n<meta property=\"og:site_name\" content=\"Principios\" \/>\n<meta property=\"article:published_time\" content=\"2024-03-18T18:34:45+00:00\" \/>\n<meta property=\"article:modified_time\" content=\"2024-03-18T18:35:51+00:00\" \/>\n<meta property=\"og:image\" content=\"https:\/\/diarioprincipios.com\/wp-content\/uploads\/2024\/03\/7fb3b06e-a4b2-46ac-bb3f-f380d90cabf8.jpg\" \/>\n\t<meta property=\"og:image:width\" content=\"1600\" \/>\n\t<meta property=\"og:image:height\" content=\"1066\" \/>\n\t<meta property=\"og:image:type\" content=\"image\/jpeg\" \/>\n<meta name=\"author\" content=\"Hern\u00e1n L\u00f3pez\" \/>\n<meta name=\"twitter:card\" content=\"summary_large_image\" \/>\n<meta name=\"twitter:label1\" content=\"Escrito por\" \/>\n\t<meta name=\"twitter:data1\" content=\"Hern\u00e1n L\u00f3pez\" \/>\n\t<meta name=\"twitter:label2\" content=\"Tiempo de lectura\" \/>\n\t<meta name=\"twitter:data2\" content=\"2 minutos\" \/>\n<script type=\"application\/ld+json\" class=\"yoast-schema-graph\">{\"@context\":\"https:\\\/\\\/schema.org\",\"@graph\":[{\"@type\":\"Article\",\"@id\":\"https:\\\/\\\/diarioprincipios.com\\\/index.php\\\/2024\\\/03\\\/18\\\/transporte-prorrogo-por-un-ano-la-vigencia-del-pase-libre-multimodal\\\/#article\",\"isPartOf\":{\"@id\":\"https:\\\/\\\/diarioprincipios.com\\\/index.php\\\/2024\\\/03\\\/18\\\/transporte-prorrogo-por-un-ano-la-vigencia-del-pase-libre-multimodal\\\/\"},\"author\":{\"name\":\"Hern\u00e1n L\u00f3pez\",\"@id\":\"https:\\\/\\\/diarioprincipios.com\\\/#\\\/schema\\\/person\\\/436d5a1fd41a5e250e23ff5a6a7cb080\"},\"headline\":\"Transporte prorrog\u00f3 por un a\u00f1o la vigencia del Pase Libre Multimodal\",\"datePublished\":\"2024-03-18T18:34:45+00:00\",\"dateModified\":\"2024-03-18T18:35:51+00:00\",\"mainEntityOfPage\":{\"@id\":\"https:\\\/\\\/diarioprincipios.com\\\/index.php\\\/2024\\\/03\\\/18\\\/transporte-prorrogo-por-un-ano-la-vigencia-del-pase-libre-multimodal\\\/\"},\"wordCount\":345,\"commentCount\":0,\"publisher\":{\"@id\":\"https:\\\/\\\/diarioprincipios.com\\\/#organization\"},\"image\":{\"@id\":\"https:\\\/\\\/diarioprincipios.com\\\/index.php\\\/2024\\\/03\\\/18\\\/transporte-prorrogo-por-un-ano-la-vigencia-del-pase-libre-multimodal\\\/#primaryimage\"},\"thumbnailUrl\":\"https:\\\/\\\/diarioprincipios.com\\\/wp-content\\\/uploads\\\/2024\\\/03\\\/7fb3b06e-a4b2-46ac-bb3f-f380d90cabf8.jpg\",\"articleSection\":[\"Provincia\"],\"inLanguage\":\"es\",\"potentialAction\":[{\"@type\":\"CommentAction\",\"name\":\"Comment\",\"target\":[\"https:\\\/\\\/diarioprincipios.com\\\/index.php\\\/2024\\\/03\\\/18\\\/transporte-prorrogo-por-un-ano-la-vigencia-del-pase-libre-multimodal\\\/#respond\"]}]},{\"@type\":\"WebPage\",\"@id\":\"https:\\\/\\\/diarioprincipios.com\\\/index.php\\\/2024\\\/03\\\/18\\\/transporte-prorrogo-por-un-ano-la-vigencia-del-pase-libre-multimodal\\\/\",\"url\":\"https:\\\/\\\/diarioprincipios.com\\\/index.php\\\/2024\\\/03\\\/18\\\/transporte-prorrogo-por-un-ano-la-vigencia-del-pase-libre-multimodal\\\/\",\"name\":\"Transporte prorrog\u00f3 por un a\u00f1o la vigencia del Pase Libre Multimodal - Principios\",\"isPartOf\":{\"@id\":\"https:\\\/\\\/diarioprincipios.com\\\/#website\"},\"primaryImageOfPage\":{\"@id\":\"https:\\\/\\\/diarioprincipios.com\\\/index.php\\\/2024\\\/03\\\/18\\\/transporte-prorrogo-por-un-ano-la-vigencia-del-pase-libre-multimodal\\\/#primaryimage\"},\"image\":{\"@id\":\"https:\\\/\\\/diarioprincipios.com\\\/index.php\\\/2024\\\/03\\\/18\\\/transporte-prorrogo-por-un-ano-la-vigencia-del-pase-libre-multimodal\\\/#primaryimage\"},\"thumbnailUrl\":\"https:\\\/\\\/diarioprincipios.com\\\/wp-content\\\/uploads\\\/2024\\\/03\\\/7fb3b06e-a4b2-46ac-bb3f-f380d90cabf8.jpg\",\"datePublished\":\"2024-03-18T18:34:45+00:00\",\"dateModified\":\"2024-03-18T18:35:51+00:00\",\"breadcrumb\":{\"@id\":\"https:\\\/\\\/diarioprincipios.com\\\/index.php\\\/2024\\\/03\\\/18\\\/transporte-prorrogo-por-un-ano-la-vigencia-del-pase-libre-multimodal\\\/#breadcrumb\"},\"inLanguage\":\"es\",\"potentialAction\":[{\"@type\":\"ReadAction\",\"target\":[\"https:\\\/\\\/diarioprincipios.com\\\/index.php\\\/2024\\\/03\\\/18\\\/transporte-prorrogo-por-un-ano-la-vigencia-del-pase-libre-multimodal\\\/\"]}]},{\"@type\":\"ImageObject\",\"inLanguage\":\"es\",\"@id\":\"https:\\\/\\\/diarioprincipios.com\\\/index.php\\\/2024\\\/03\\\/18\\\/transporte-prorrogo-por-un-ano-la-vigencia-del-pase-libre-multimodal\\\/#primaryimage\",\"url\":\"https:\\\/\\\/diarioprincipios.com\\\/wp-content\\\/uploads\\\/2024\\\/03\\\/7fb3b06e-a4b2-46ac-bb3f-f380d90cabf8.jpg\",\"contentUrl\":\"https:\\\/\\\/diarioprincipios.com\\\/wp-content\\\/uploads\\\/2024\\\/03\\\/7fb3b06e-a4b2-46ac-bb3f-f380d90cabf8.jpg\",\"width\":1600,\"height\":1066},{\"@type\":\"BreadcrumbList\",\"@id\":\"https:\\\/\\\/diarioprincipios.com\\\/index.php\\\/2024\\\/03\\\/18\\\/transporte-prorrogo-por-un-ano-la-vigencia-del-pase-libre-multimodal\\\/#breadcrumb\",\"itemListElement\":[{\"@type\":\"ListItem\",\"position\":1,\"name\":\"Portada\",\"item\":\"https:\\\/\\\/diarioprincipios.com\\\/\"},{\"@type\":\"ListItem\",\"position\":2,\"name\":\"Transporte prorrog\u00f3 por un a\u00f1o la vigencia del Pase Libre Multimodal\"}]},{\"@type\":\"WebSite\",\"@id\":\"https:\\\/\\\/diarioprincipios.com\\\/#website\",\"url\":\"https:\\\/\\\/diarioprincipios.com\\\/\",\"name\":\"Principios\",\"description\":\"Principios Diario\",\"publisher\":{\"@id\":\"https:\\\/\\\/diarioprincipios.com\\\/#organization\"},\"potentialAction\":[{\"@type\":\"SearchAction\",\"target\":{\"@type\":\"EntryPoint\",\"urlTemplate\":\"https:\\\/\\\/diarioprincipios.com\\\/?s={search_term_string}\"},\"query-input\":{\"@type\":\"PropertyValueSpecification\",\"valueRequired\":true,\"valueName\":\"search_term_string\"}}],\"inLanguage\":\"es\"},{\"@type\":\"Organization\",\"@id\":\"https:\\\/\\\/diarioprincipios.com\\\/#organization\",\"name\":\"Principios\",\"url\":\"https:\\\/\\\/diarioprincipios.com\\\/\",\"logo\":{\"@type\":\"ImageObject\",\"inLanguage\":\"es\",\"@id\":\"https:\\\/\\\/diarioprincipios.com\\\/#\\\/schema\\\/logo\\\/image\\\/\",\"url\":\"https:\\\/\\\/diarioprincipios.com\\\/wp-content\\\/uploads\\\/2024\\\/04\\\/cropped-www.diarioprincipios.com_-1.png\",\"contentUrl\":\"https:\\\/\\\/diarioprincipios.com\\\/wp-content\\\/uploads\\\/2024\\\/04\\\/cropped-www.diarioprincipios.com_-1.png\",\"width\":5325,\"height\":1454,\"caption\":\"Principios\"},\"image\":{\"@id\":\"https:\\\/\\\/diarioprincipios.com\\\/#\\\/schema\\\/logo\\\/image\\\/\"}},{\"@type\":\"Person\",\"@id\":\"https:\\\/\\\/diarioprincipios.com\\\/#\\\/schema\\\/person\\\/436d5a1fd41a5e250e23ff5a6a7cb080\",\"name\":\"Hern\u00e1n L\u00f3pez\",\"image\":{\"@type\":\"ImageObject\",\"inLanguage\":\"es\",\"@id\":\"https:\\\/\\\/diarioprincipios.com\\\/wp-content\\\/litespeed\\\/avatar\\\/11ddfe5610ff3bd100522525b2571f48.jpg?ver=1777653193\",\"url\":\"https:\\\/\\\/diarioprincipios.com\\\/wp-content\\\/litespeed\\\/avatar\\\/11ddfe5610ff3bd100522525b2571f48.jpg?ver=1777653193\",\"contentUrl\":\"https:\\\/\\\/diarioprincipios.com\\\/wp-content\\\/litespeed\\\/avatar\\\/11ddfe5610ff3bd100522525b2571f48.jpg?ver=1777653193\",\"caption\":\"Hern\u00e1n L\u00f3pez\"},\"url\":\"https:\\\/\\\/diarioprincipios.com\\\/index.php\\\/author\\\/hernan\\\/\"}]}<\/script>\n<!-- \/ Yoast SEO plugin. -->","yoast_head_json":{"title":"Transporte prorrog\u00f3 por un a\u00f1o la vigencia del Pase Libre Multimodal - Principios","robots":{"index":"index","follow":"follow","max-snippet":"max-snippet:-1","max-image-preview":"max-image-preview:large","max-video-preview":"max-video-preview:-1"},"canonical":"https:\/\/diarioprincipios.com\/index.php\/2024\/03\/18\/transporte-prorrogo-por-un-ano-la-vigencia-del-pase-libre-multimodal\/","og_locale":"es_ES","og_type":"article","og_title":"Transporte prorrog\u00f3 por un a\u00f1o la vigencia del Pase Libre Multimodal - Principios","og_description":"Es para aquellas credenciales que vencen entre el 1 de enero y el 31 de diciembre de 2024. La herramienta garantiza el acceso gratuito al sistema de transporte terrestre y fluvial a personas discapacitadas, trasplantadas y en lista de espera de trasplante. El Ministerio de Transporte de la Provincia de Buenos Aires, a cargo de...","og_url":"https:\/\/diarioprincipios.com\/index.php\/2024\/03\/18\/transporte-prorrogo-por-un-ano-la-vigencia-del-pase-libre-multimodal\/","og_site_name":"Principios","article_published_time":"2024-03-18T18:34:45+00:00","article_modified_time":"2024-03-18T18:35:51+00:00","og_image":[{"width":1600,"height":1066,"url":"https:\/\/diarioprincipios.com\/wp-content\/uploads\/2024\/03\/7fb3b06e-a4b2-46ac-bb3f-f380d90cabf8.jpg","type":"image\/jpeg"}],"author":"Hern\u00e1n L\u00f3pez","twitter_card":"summary_large_image","twitter_misc":{"Escrito por":"Hern\u00e1n L\u00f3pez","Tiempo de lectura":"2 minutos"},"schema":{"@context":"https:\/\/schema.org","@graph":[{"@type":"Article","@id":"https:\/\/diarioprincipios.com\/index.php\/2024\/03\/18\/transporte-prorrogo-por-un-ano-la-vigencia-del-pase-libre-multimodal\/#article","isPartOf":{"@id":"https:\/\/diarioprincipios.com\/index.php\/2024\/03\/18\/transporte-prorrogo-por-un-ano-la-vigencia-del-pase-libre-multimodal\/"},"author":{"name":"Hern\u00e1n L\u00f3pez","@id":"https:\/\/diarioprincipios.com\/#\/schema\/person\/436d5a1fd41a5e250e23ff5a6a7cb080"},"headline":"Transporte prorrog\u00f3 por un a\u00f1o la vigencia del Pase Libre Multimodal","datePublished":"2024-03-18T18:34:45+00:00","dateModified":"2024-03-18T18:35:51+00:00","mainEntityOfPage":{"@id":"https:\/\/diarioprincipios.com\/index.php\/2024\/03\/18\/transporte-prorrogo-por-un-ano-la-vigencia-del-pase-libre-multimodal\/"},"wordCount":345,"commentCount":0,"publisher":{"@id":"https:\/\/diarioprincipios.com\/#organization"},"image":{"@id":"https:\/\/diarioprincipios.com\/index.php\/2024\/03\/18\/transporte-prorrogo-por-un-ano-la-vigencia-del-pase-libre-multimodal\/#primaryimage"},"thumbnailUrl":"https:\/\/diarioprincipios.com\/wp-content\/uploads\/2024\/03\/7fb3b06e-a4b2-46ac-bb3f-f380d90cabf8.jpg","articleSection":["Provincia"],"inLanguage":"es","potentialAction":[{"@type":"CommentAction","name":"Comment","target":["https:\/\/diarioprincipios.com\/index.php\/2024\/03\/18\/transporte-prorrogo-por-un-ano-la-vigencia-del-pase-libre-multimodal\/#respond"]}]},{"@type":"WebPage","@id":"https:\/\/diarioprincipios.com\/index.php\/2024\/03\/18\/transporte-prorrogo-por-un-ano-la-vigencia-del-pase-libre-multimodal\/","url":"https:\/\/diarioprincipios.com\/index.php\/2024\/03\/18\/transporte-prorrogo-por-un-ano-la-vigencia-del-pase-libre-multimodal\/","name":"Transporte prorrog\u00f3 por un a\u00f1o la vigencia del Pase Libre Multimodal - Principios","isPartOf":{"@id":"https:\/\/diarioprincipios.com\/#website"},"primaryImageOfPage":{"@id":"https:\/\/diarioprincipios.com\/index.php\/2024\/03\/18\/transporte-prorrogo-por-un-ano-la-vigencia-del-pase-libre-multimodal\/#primaryimage"},"image":{"@id":"https:\/\/diarioprincipios.com\/index.php\/2024\/03\/18\/transporte-prorrogo-por-un-ano-la-vigencia-del-pase-libre-multimodal\/#primaryimage"},"thumbnailUrl":"https:\/\/diarioprincipios.com\/wp-content\/uploads\/2024\/03\/7fb3b06e-a4b2-46ac-bb3f-f380d90cabf8.jpg","datePublished":"2024-03-18T18:34:45+00:00","dateModified":"2024-03-18T18:35:51+00:00","breadcrumb":{"@id":"https:\/\/diarioprincipios.com\/index.php\/2024\/03\/18\/transporte-prorrogo-por-un-ano-la-vigencia-del-pase-libre-multimodal\/#breadcrumb"},"inLanguage":"es","potentialAction":[{"@type":"ReadAction","target":["https:\/\/diarioprincipios.com\/index.php\/2024\/03\/18\/transporte-prorrogo-por-un-ano-la-vigencia-del-pase-libre-multimodal\/"]}]},{"@type":"ImageObject","inLanguage":"es","@id":"https:\/\/diarioprincipios.com\/index.php\/2024\/03\/18\/transporte-prorrogo-por-un-ano-la-vigencia-del-pase-libre-multimodal\/#primaryimage","url":"https:\/\/diarioprincipios.com\/wp-content\/uploads\/2024\/03\/7fb3b06e-a4b2-46ac-bb3f-f380d90cabf8.jpg","contentUrl":"https:\/\/diarioprincipios.com\/wp-content\/uploads\/2024\/03\/7fb3b06e-a4b2-46ac-bb3f-f380d90cabf8.jpg","width":1600,"height":1066},{"@type":"BreadcrumbList","@id":"https:\/\/diarioprincipios.com\/index.php\/2024\/03\/18\/transporte-prorrogo-por-un-ano-la-vigencia-del-pase-libre-multimodal\/#breadcrumb","itemListElement":[{"@type":"ListItem","position":1,"name":"Portada","item":"https:\/\/diarioprincipios.com\/"},{"@type":"ListItem","position":2,"name":"Transporte prorrog\u00f3 por un a\u00f1o la vigencia del Pase Libre Multimodal"}]},{"@type":"WebSite","@id":"https:\/\/diarioprincipios.com\/#website","url":"https:\/\/diarioprincipios.com\/","name":"Principios","description":"Principios Diario","publisher":{"@id":"https:\/\/diarioprincipios.com\/#organization"},"potentialAction":[{"@type":"SearchAction","target":{"@type":"EntryPoint","urlTemplate":"https:\/\/diarioprincipios.com\/?s={search_term_string}"},"query-input":{"@type":"PropertyValueSpecification","valueRequired":true,"valueName":"search_term_string"}}],"inLanguage":"es"},{"@type":"Organization","@id":"https:\/\/diarioprincipios.com\/#organization","name":"Principios","url":"https:\/\/diarioprincipios.com\/","logo":{"@type":"ImageObject","inLanguage":"es","@id":"https:\/\/diarioprincipios.com\/#\/schema\/logo\/image\/","url":"https:\/\/diarioprincipios.com\/wp-content\/uploads\/2024\/04\/cropped-www.diarioprincipios.com_-1.png","contentUrl":"https:\/\/diarioprincipios.com\/wp-content\/uploads\/2024\/04\/cropped-www.diarioprincipios.com_-1.png","width":5325,"height":1454,"caption":"Principios"},"image":{"@id":"https:\/\/diarioprincipios.com\/#\/schema\/logo\/image\/"}},{"@type":"Person","@id":"https:\/\/diarioprincipios.com\/#\/schema\/person\/436d5a1fd41a5e250e23ff5a6a7cb080","name":"Hern\u00e1n L\u00f3pez","image":{"@type":"ImageObject","inLanguage":"es","@id":"https:\/\/diarioprincipios.com\/wp-content\/litespeed\/avatar\/11ddfe5610ff3bd100522525b2571f48.jpg?ver=1777653193","url":"https:\/\/diarioprincipios.com\/wp-content\/litespeed\/avatar\/11ddfe5610ff3bd100522525b2571f48.jpg?ver=1777653193","contentUrl":"https:\/\/diarioprincipios.com\/wp-content\/litespeed\/avatar\/11ddfe5610ff3bd100522525b2571f48.jpg?ver=1777653193","caption":"Hern\u00e1n L\u00f3pez"},"url":"https:\/\/diarioprincipios.com\/index.php\/author\/hernan\/"}]}},"jetpack_featured_media_url":"https:\/\/diarioprincipios.com\/wp-content\/uploads\/2024\/03\/7fb3b06e-a4b2-46ac-bb3f-f380d90cabf8.jpg","_links":{"self":[{"href":"https:\/\/diarioprincipios.com\/index.php\/wp-json\/wp\/v2\/posts\/21163","targetHints":{"allow":["GET"]}}],"collection":[{"href":"https:\/\/diarioprincipios.com\/index.php\/wp-json\/wp\/v2\/posts"}],"about":[{"href":"https:\/\/diarioprincipios.com\/index.php\/wp-json\/wp\/v2\/types\/post"}],"author":[{"embeddable":true,"href":"https:\/\/diarioprincipios.com\/index.php\/wp-json\/wp\/v2\/users\/2"}],"replies":[{"embeddable":true,"href":"https:\/\/diarioprincipios.com\/index.php\/wp-json\/wp\/v2\/comments?post=21163"}],"version-history":[{"count":1,"href":"https:\/\/diarioprincipios.com\/index.php\/wp-json\/wp\/v2\/posts\/21163\/revisions"}],"predecessor-version":[{"id":21165,"href":"https:\/\/diarioprincipios.com\/index.php\/wp-json\/wp\/v2\/posts\/21163\/revisions\/21165"}],"wp:featuredmedia":[{"embeddable":true,"href":"https:\/\/diarioprincipios.com\/index.php\/wp-json\/wp\/v2\/media\/21164"}],"wp:attachment":[{"href":"https:\/\/diarioprincipios.com\/index.php\/wp-json\/wp\/v2\/media?parent=21163"}],"wp:term":[{"taxonomy":"category","embeddable":true,"href":"https:\/\/diarioprincipios.com\/index.php\/wp-json\/wp\/v2\/categories?post=21163"},{"taxonomy":"post_tag","embeddable":true,"href":"https:\/\/diarioprincipios.com\/index.php\/wp-json\/wp\/v2\/tags?post=21163"}],"curies":[{"name":"wp","href":"https:\/\/api.w.org\/{rel}","templated":true}]}}