{"id":21142,"date":"2024-03-14T19:51:38","date_gmt":"2024-03-14T22:51:38","guid":{"rendered":"http:\/\/diarioprincipios.com\/?p=21142"},"modified":"2024-03-14T19:51:40","modified_gmt":"2024-03-14T22:51:40","slug":"con-exhibiciones-de-helicopteros-y-camiones-de-combate-se-prepara-un-gran-homenaje-a-veteranos-de-malvinas","status":"publish","type":"post","link":"https:\/\/diarioprincipios.com\/index.php\/2024\/03\/14\/con-exhibiciones-de-helicopteros-y-camiones-de-combate-se-prepara-un-gran-homenaje-a-veteranos-de-malvinas\/","title":{"rendered":"Con exhibiciones de helic\u00f3pteros y camiones de combate se prepara un gran homenaje a Veteranos de Malvinas"},"content":{"rendered":"\n<p><strong>El martes 2 de abril, D\u00eda del Veterano y de los Ca\u00eddos en la guerra de Malvinas, se realizar\u00e1 la tradicional misa que recuerda a los h\u00e9roes, organizada por los Custodios Malvineros de Berazategui. Se llevar\u00e1 a cabo a partir de las 10.15, en la r\u00e9plica del Camposanto de Darwin, que se encuentra ubicado en el Cementerio Municipal (Av. Milazzo y 368 B). Este espacio es el primer cementerio del pa\u00eds exclusivo para excombatientes.<\/strong><\/p>\n\n\n\n<figure class=\"wp-block-image size-large\"><img loading=\"lazy\" decoding=\"async\" width=\"1024\" height=\"682\" src=\"https:\/\/diarioprincipios.com\/wp-content\/uploads\/2024\/03\/2_DE_ABRIL_4-1024x682.jpeg\" alt=\"\" class=\"wp-image-21143\" srcset=\"https:\/\/diarioprincipios.com\/wp-content\/uploads\/2024\/03\/2_DE_ABRIL_4-1024x682.jpeg 1024w, https:\/\/diarioprincipios.com\/wp-content\/uploads\/2024\/03\/2_DE_ABRIL_4-300x200.jpeg 300w, https:\/\/diarioprincipios.com\/wp-content\/uploads\/2024\/03\/2_DE_ABRIL_4-768x512.jpeg 768w, https:\/\/diarioprincipios.com\/wp-content\/uploads\/2024\/03\/2_DE_ABRIL_4-1536x1023.jpeg 1536w, https:\/\/diarioprincipios.com\/wp-content\/uploads\/2024\/03\/2_DE_ABRIL_4.jpeg 1600w\" sizes=\"auto, (max-width: 1024px) 100vw, 1024px\" \/><\/figure>\n\n\n\n<p>Uno de los Custodios Malvineros, Mart\u00edn H\u00e9ctor San Miguel, inform\u00f3 acerca de esta actividad emblem\u00e1tica: \u201cLa Municipalidad de Berazategui est\u00e1 poniendo en valor tres plazoletas del Camposanto y en todas ellas vamos a colocar obras de arte que identifiquen a las tres Fuerzas Armadas que estuvieron en Malvinas: A\u00e9rea, Ej\u00e9rcito y Marina\u201d.<\/p>\n\n\n\n<figure class=\"wp-block-image size-large\"><img loading=\"lazy\" decoding=\"async\" width=\"1024\" height=\"682\" src=\"https:\/\/diarioprincipios.com\/wp-content\/uploads\/2024\/03\/2_DE_ABRIL_1-1024x682.jpeg\" alt=\"\" class=\"wp-image-21144\" srcset=\"https:\/\/diarioprincipios.com\/wp-content\/uploads\/2024\/03\/2_DE_ABRIL_1-1024x682.jpeg 1024w, https:\/\/diarioprincipios.com\/wp-content\/uploads\/2024\/03\/2_DE_ABRIL_1-300x200.jpeg 300w, https:\/\/diarioprincipios.com\/wp-content\/uploads\/2024\/03\/2_DE_ABRIL_1-768x512.jpeg 768w, https:\/\/diarioprincipios.com\/wp-content\/uploads\/2024\/03\/2_DE_ABRIL_1-1536x1023.jpeg 1536w, https:\/\/diarioprincipios.com\/wp-content\/uploads\/2024\/03\/2_DE_ABRIL_1.jpeg 1600w\" sizes=\"auto, (max-width: 1024px) 100vw, 1024px\" \/><\/figure>\n\n\n\n<p>Durante la jornada, adem\u00e1s, habr\u00e1 una r\u00e9plica del helic\u00f3ptero Bell UH-1H, similar al usado en la Guerra; un cami\u00f3n del Regimiento de Infanter\u00eda N\u00b0 7, con una cocina de campa\u00f1a y un cami\u00f3n de comunicaciones con las antenas y los equipos. A su vez, se har\u00e1 presente la Polic\u00eda de la provincia de Buenos Aires, con las Direcciones de Infanter\u00eda, Caballer\u00eda, Motorizada, la Banda Sinf\u00f3nica completa y un helic\u00f3ptero que estuvo en el conflicto.<\/p>\n\n\n\n<figure class=\"wp-block-image size-large\"><img loading=\"lazy\" decoding=\"async\" width=\"1024\" height=\"682\" src=\"https:\/\/diarioprincipios.com\/wp-content\/uploads\/2024\/03\/2_DE_ABRIL_3-1024x682.jpeg\" alt=\"\" class=\"wp-image-21145\" srcset=\"https:\/\/diarioprincipios.com\/wp-content\/uploads\/2024\/03\/2_DE_ABRIL_3-1024x682.jpeg 1024w, https:\/\/diarioprincipios.com\/wp-content\/uploads\/2024\/03\/2_DE_ABRIL_3-300x200.jpeg 300w, https:\/\/diarioprincipios.com\/wp-content\/uploads\/2024\/03\/2_DE_ABRIL_3-768x512.jpeg 768w, https:\/\/diarioprincipios.com\/wp-content\/uploads\/2024\/03\/2_DE_ABRIL_3-1536x1023.jpeg 1536w, https:\/\/diarioprincipios.com\/wp-content\/uploads\/2024\/03\/2_DE_ABRIL_3.jpeg 1600w\" sizes=\"auto, (max-width: 1024px) 100vw, 1024px\" \/><\/figure>\n\n\n\n<p>\u201cLos veteranos de Guerra nunca le tuvimos miedo a la muerte, pero s\u00ed al olvido. Le agradecemos a los vecinos de Berazategui y al intendente Juan Jos\u00e9 Mussi por darnos la satisfacci\u00f3n de honrarnos y llevarnos en el coraz\u00f3n\u201d, finaliz\u00f3 San Miguel.<\/p>\n","protected":false},"excerpt":{"rendered":"<p>El martes 2 de abril, D\u00eda del Veterano y de los Ca\u00eddos en la guerra de Malvinas, se realizar\u00e1 la tradicional misa que recuerda a los h\u00e9roes, organizada por los Custodios Malvineros de Berazategui. Se llevar\u00e1 a cabo a partir de las 10.15, en la r\u00e9plica del Camposanto de Darwin, que se encuentra ubicado en&#8230;<\/p>\n","protected":false},"author":2,"featured_media":21146,"comment_status":"open","ping_status":"open","sticky":false,"template":"","format":"standard","meta":{"footnotes":""},"categories":[3],"tags":[],"class_list":["post-21142","post","type-post","status-publish","format-standard","has-post-thumbnail","hentry","category-berazategui"],"featured_image_src":"https:\/\/diarioprincipios.com\/wp-content\/uploads\/2024\/03\/2_DE_ABRIL_2-1024x682.jpeg","blog_images":{"medium":"https:\/\/diarioprincipios.com\/wp-content\/uploads\/2024\/03\/2_DE_ABRIL_2-300x200.jpeg","large":"https:\/\/diarioprincipios.com\/wp-content\/uploads\/2024\/03\/2_DE_ABRIL_2-1024x682.jpeg"},"ams_acf":[],"yoast_head":"<!-- This site is optimized with the Yoast SEO plugin v27.3 - https:\/\/yoast.com\/product\/yoast-seo-wordpress\/ -->\n<title>Con exhibiciones de helic\u00f3pteros y camiones de combate se prepara un gran homenaje a Veteranos de Malvinas - Principios<\/title>\n<meta name=\"robots\" content=\"index, follow, max-snippet:-1, max-image-preview:large, max-video-preview:-1\" \/>\n<link rel=\"canonical\" href=\"https:\/\/diarioprincipios.com\/index.php\/2024\/03\/14\/con-exhibiciones-de-helicopteros-y-camiones-de-combate-se-prepara-un-gran-homenaje-a-veteranos-de-malvinas\/\" \/>\n<meta property=\"og:locale\" content=\"es_ES\" \/>\n<meta property=\"og:type\" content=\"article\" \/>\n<meta property=\"og:title\" content=\"Con exhibiciones de helic\u00f3pteros y camiones de combate se prepara un gran homenaje a Veteranos de Malvinas - Principios\" \/>\n<meta property=\"og:description\" content=\"El martes 2 de abril, D\u00eda del Veterano y de los Ca\u00eddos en la guerra de Malvinas, se realizar\u00e1 la tradicional misa que recuerda a los h\u00e9roes, organizada por los Custodios Malvineros de Berazategui. Se llevar\u00e1 a cabo a partir de las 10.15, en la r\u00e9plica del Camposanto de Darwin, que se encuentra ubicado en...\" \/>\n<meta property=\"og:url\" content=\"https:\/\/diarioprincipios.com\/index.php\/2024\/03\/14\/con-exhibiciones-de-helicopteros-y-camiones-de-combate-se-prepara-un-gran-homenaje-a-veteranos-de-malvinas\/\" \/>\n<meta property=\"og:site_name\" content=\"Principios\" \/>\n<meta property=\"article:published_time\" content=\"2024-03-14T22:51:38+00:00\" \/>\n<meta property=\"article:modified_time\" content=\"2024-03-14T22:51:40+00:00\" \/>\n<meta property=\"og:image\" content=\"https:\/\/diarioprincipios.com\/wp-content\/uploads\/2024\/03\/2_DE_ABRIL_2.jpeg\" \/>\n\t<meta property=\"og:image:width\" content=\"1600\" \/>\n\t<meta property=\"og:image:height\" content=\"1066\" \/>\n\t<meta property=\"og:image:type\" content=\"image\/jpeg\" \/>\n<meta name=\"author\" content=\"Hern\u00e1n L\u00f3pez\" \/>\n<meta name=\"twitter:card\" content=\"summary_large_image\" \/>\n<meta name=\"twitter:label1\" content=\"Escrito por\" \/>\n\t<meta name=\"twitter:data1\" content=\"Hern\u00e1n L\u00f3pez\" \/>\n\t<meta name=\"twitter:label2\" content=\"Tiempo de lectura\" \/>\n\t<meta name=\"twitter:data2\" content=\"2 minutos\" \/>\n<script type=\"application\/ld+json\" class=\"yoast-schema-graph\">{\"@context\":\"https:\\\/\\\/schema.org\",\"@graph\":[{\"@type\":\"Article\",\"@id\":\"https:\\\/\\\/diarioprincipios.com\\\/index.php\\\/2024\\\/03\\\/14\\\/con-exhibiciones-de-helicopteros-y-camiones-de-combate-se-prepara-un-gran-homenaje-a-veteranos-de-malvinas\\\/#article\",\"isPartOf\":{\"@id\":\"https:\\\/\\\/diarioprincipios.com\\\/index.php\\\/2024\\\/03\\\/14\\\/con-exhibiciones-de-helicopteros-y-camiones-de-combate-se-prepara-un-gran-homenaje-a-veteranos-de-malvinas\\\/\"},\"author\":{\"name\":\"Hern\u00e1n L\u00f3pez\",\"@id\":\"https:\\\/\\\/diarioprincipios.com\\\/#\\\/schema\\\/person\\\/436d5a1fd41a5e250e23ff5a6a7cb080\"},\"headline\":\"Con exhibiciones de helic\u00f3pteros y camiones de combate se prepara un gran homenaje a Veteranos de Malvinas\",\"datePublished\":\"2024-03-14T22:51:38+00:00\",\"dateModified\":\"2024-03-14T22:51:40+00:00\",\"mainEntityOfPage\":{\"@id\":\"https:\\\/\\\/diarioprincipios.com\\\/index.php\\\/2024\\\/03\\\/14\\\/con-exhibiciones-de-helicopteros-y-camiones-de-combate-se-prepara-un-gran-homenaje-a-veteranos-de-malvinas\\\/\"},\"wordCount\":281,\"commentCount\":0,\"publisher\":{\"@id\":\"https:\\\/\\\/diarioprincipios.com\\\/#organization\"},\"image\":{\"@id\":\"https:\\\/\\\/diarioprincipios.com\\\/index.php\\\/2024\\\/03\\\/14\\\/con-exhibiciones-de-helicopteros-y-camiones-de-combate-se-prepara-un-gran-homenaje-a-veteranos-de-malvinas\\\/#primaryimage\"},\"thumbnailUrl\":\"https:\\\/\\\/diarioprincipios.com\\\/wp-content\\\/uploads\\\/2024\\\/03\\\/2_DE_ABRIL_2.jpeg\",\"articleSection\":[\"Berazategui\"],\"inLanguage\":\"es\",\"potentialAction\":[{\"@type\":\"CommentAction\",\"name\":\"Comment\",\"target\":[\"https:\\\/\\\/diarioprincipios.com\\\/index.php\\\/2024\\\/03\\\/14\\\/con-exhibiciones-de-helicopteros-y-camiones-de-combate-se-prepara-un-gran-homenaje-a-veteranos-de-malvinas\\\/#respond\"]}]},{\"@type\":\"WebPage\",\"@id\":\"https:\\\/\\\/diarioprincipios.com\\\/index.php\\\/2024\\\/03\\\/14\\\/con-exhibiciones-de-helicopteros-y-camiones-de-combate-se-prepara-un-gran-homenaje-a-veteranos-de-malvinas\\\/\",\"url\":\"https:\\\/\\\/diarioprincipios.com\\\/index.php\\\/2024\\\/03\\\/14\\\/con-exhibiciones-de-helicopteros-y-camiones-de-combate-se-prepara-un-gran-homenaje-a-veteranos-de-malvinas\\\/\",\"name\":\"Con exhibiciones de helic\u00f3pteros y camiones de combate se prepara un gran homenaje a Veteranos de Malvinas - Principios\",\"isPartOf\":{\"@id\":\"https:\\\/\\\/diarioprincipios.com\\\/#website\"},\"primaryImageOfPage\":{\"@id\":\"https:\\\/\\\/diarioprincipios.com\\\/index.php\\\/2024\\\/03\\\/14\\\/con-exhibiciones-de-helicopteros-y-camiones-de-combate-se-prepara-un-gran-homenaje-a-veteranos-de-malvinas\\\/#primaryimage\"},\"image\":{\"@id\":\"https:\\\/\\\/diarioprincipios.com\\\/index.php\\\/2024\\\/03\\\/14\\\/con-exhibiciones-de-helicopteros-y-camiones-de-combate-se-prepara-un-gran-homenaje-a-veteranos-de-malvinas\\\/#primaryimage\"},\"thumbnailUrl\":\"https:\\\/\\\/diarioprincipios.com\\\/wp-content\\\/uploads\\\/2024\\\/03\\\/2_DE_ABRIL_2.jpeg\",\"datePublished\":\"2024-03-14T22:51:38+00:00\",\"dateModified\":\"2024-03-14T22:51:40+00:00\",\"breadcrumb\":{\"@id\":\"https:\\\/\\\/diarioprincipios.com\\\/index.php\\\/2024\\\/03\\\/14\\\/con-exhibiciones-de-helicopteros-y-camiones-de-combate-se-prepara-un-gran-homenaje-a-veteranos-de-malvinas\\\/#breadcrumb\"},\"inLanguage\":\"es\",\"potentialAction\":[{\"@type\":\"ReadAction\",\"target\":[\"https:\\\/\\\/diarioprincipios.com\\\/index.php\\\/2024\\\/03\\\/14\\\/con-exhibiciones-de-helicopteros-y-camiones-de-combate-se-prepara-un-gran-homenaje-a-veteranos-de-malvinas\\\/\"]}]},{\"@type\":\"ImageObject\",\"inLanguage\":\"es\",\"@id\":\"https:\\\/\\\/diarioprincipios.com\\\/index.php\\\/2024\\\/03\\\/14\\\/con-exhibiciones-de-helicopteros-y-camiones-de-combate-se-prepara-un-gran-homenaje-a-veteranos-de-malvinas\\\/#primaryimage\",\"url\":\"https:\\\/\\\/diarioprincipios.com\\\/wp-content\\\/uploads\\\/2024\\\/03\\\/2_DE_ABRIL_2.jpeg\",\"contentUrl\":\"https:\\\/\\\/diarioprincipios.com\\\/wp-content\\\/uploads\\\/2024\\\/03\\\/2_DE_ABRIL_2.jpeg\",\"width\":1600,\"height\":1066},{\"@type\":\"BreadcrumbList\",\"@id\":\"https:\\\/\\\/diarioprincipios.com\\\/index.php\\\/2024\\\/03\\\/14\\\/con-exhibiciones-de-helicopteros-y-camiones-de-combate-se-prepara-un-gran-homenaje-a-veteranos-de-malvinas\\\/#breadcrumb\",\"itemListElement\":[{\"@type\":\"ListItem\",\"position\":1,\"name\":\"Portada\",\"item\":\"https:\\\/\\\/diarioprincipios.com\\\/\"},{\"@type\":\"ListItem\",\"position\":2,\"name\":\"Con exhibiciones de helic\u00f3pteros y camiones de combate se prepara un gran homenaje a Veteranos de Malvinas\"}]},{\"@type\":\"WebSite\",\"@id\":\"https:\\\/\\\/diarioprincipios.com\\\/#website\",\"url\":\"https:\\\/\\\/diarioprincipios.com\\\/\",\"name\":\"Principios\",\"description\":\"Principios Diario\",\"publisher\":{\"@id\":\"https:\\\/\\\/diarioprincipios.com\\\/#organization\"},\"potentialAction\":[{\"@type\":\"SearchAction\",\"target\":{\"@type\":\"EntryPoint\",\"urlTemplate\":\"https:\\\/\\\/diarioprincipios.com\\\/?s={search_term_string}\"},\"query-input\":{\"@type\":\"PropertyValueSpecification\",\"valueRequired\":true,\"valueName\":\"search_term_string\"}}],\"inLanguage\":\"es\"},{\"@type\":\"Organization\",\"@id\":\"https:\\\/\\\/diarioprincipios.com\\\/#organization\",\"name\":\"Principios\",\"url\":\"https:\\\/\\\/diarioprincipios.com\\\/\",\"logo\":{\"@type\":\"ImageObject\",\"inLanguage\":\"es\",\"@id\":\"https:\\\/\\\/diarioprincipios.com\\\/#\\\/schema\\\/logo\\\/image\\\/\",\"url\":\"https:\\\/\\\/diarioprincipios.com\\\/wp-content\\\/uploads\\\/2024\\\/04\\\/cropped-www.diarioprincipios.com_-1.png\",\"contentUrl\":\"https:\\\/\\\/diarioprincipios.com\\\/wp-content\\\/uploads\\\/2024\\\/04\\\/cropped-www.diarioprincipios.com_-1.png\",\"width\":5325,\"height\":1454,\"caption\":\"Principios\"},\"image\":{\"@id\":\"https:\\\/\\\/diarioprincipios.com\\\/#\\\/schema\\\/logo\\\/image\\\/\"}},{\"@type\":\"Person\",\"@id\":\"https:\\\/\\\/diarioprincipios.com\\\/#\\\/schema\\\/person\\\/436d5a1fd41a5e250e23ff5a6a7cb080\",\"name\":\"Hern\u00e1n L\u00f3pez\",\"image\":{\"@type\":\"ImageObject\",\"inLanguage\":\"es\",\"@id\":\"https:\\\/\\\/diarioprincipios.com\\\/wp-content\\\/litespeed\\\/avatar\\\/11ddfe5610ff3bd100522525b2571f48.jpg?ver=1777048341\",\"url\":\"https:\\\/\\\/diarioprincipios.com\\\/wp-content\\\/litespeed\\\/avatar\\\/11ddfe5610ff3bd100522525b2571f48.jpg?ver=1777048341\",\"contentUrl\":\"https:\\\/\\\/diarioprincipios.com\\\/wp-content\\\/litespeed\\\/avatar\\\/11ddfe5610ff3bd100522525b2571f48.jpg?ver=1777048341\",\"caption\":\"Hern\u00e1n L\u00f3pez\"},\"url\":\"https:\\\/\\\/diarioprincipios.com\\\/index.php\\\/author\\\/hernan\\\/\"}]}<\/script>\n<!-- \/ Yoast SEO plugin. -->","yoast_head_json":{"title":"Con exhibiciones de helic\u00f3pteros y camiones de combate se prepara un gran homenaje a Veteranos de Malvinas - Principios","robots":{"index":"index","follow":"follow","max-snippet":"max-snippet:-1","max-image-preview":"max-image-preview:large","max-video-preview":"max-video-preview:-1"},"canonical":"https:\/\/diarioprincipios.com\/index.php\/2024\/03\/14\/con-exhibiciones-de-helicopteros-y-camiones-de-combate-se-prepara-un-gran-homenaje-a-veteranos-de-malvinas\/","og_locale":"es_ES","og_type":"article","og_title":"Con exhibiciones de helic\u00f3pteros y camiones de combate se prepara un gran homenaje a Veteranos de Malvinas - Principios","og_description":"El martes 2 de abril, D\u00eda del Veterano y de los Ca\u00eddos en la guerra de Malvinas, se realizar\u00e1 la tradicional misa que recuerda a los h\u00e9roes, organizada por los Custodios Malvineros de Berazategui. Se llevar\u00e1 a cabo a partir de las 10.15, en la r\u00e9plica del Camposanto de Darwin, que se encuentra ubicado en...","og_url":"https:\/\/diarioprincipios.com\/index.php\/2024\/03\/14\/con-exhibiciones-de-helicopteros-y-camiones-de-combate-se-prepara-un-gran-homenaje-a-veteranos-de-malvinas\/","og_site_name":"Principios","article_published_time":"2024-03-14T22:51:38+00:00","article_modified_time":"2024-03-14T22:51:40+00:00","og_image":[{"width":1600,"height":1066,"url":"https:\/\/diarioprincipios.com\/wp-content\/uploads\/2024\/03\/2_DE_ABRIL_2.jpeg","type":"image\/jpeg"}],"author":"Hern\u00e1n L\u00f3pez","twitter_card":"summary_large_image","twitter_misc":{"Escrito por":"Hern\u00e1n L\u00f3pez","Tiempo de lectura":"2 minutos"},"schema":{"@context":"https:\/\/schema.org","@graph":[{"@type":"Article","@id":"https:\/\/diarioprincipios.com\/index.php\/2024\/03\/14\/con-exhibiciones-de-helicopteros-y-camiones-de-combate-se-prepara-un-gran-homenaje-a-veteranos-de-malvinas\/#article","isPartOf":{"@id":"https:\/\/diarioprincipios.com\/index.php\/2024\/03\/14\/con-exhibiciones-de-helicopteros-y-camiones-de-combate-se-prepara-un-gran-homenaje-a-veteranos-de-malvinas\/"},"author":{"name":"Hern\u00e1n L\u00f3pez","@id":"https:\/\/diarioprincipios.com\/#\/schema\/person\/436d5a1fd41a5e250e23ff5a6a7cb080"},"headline":"Con exhibiciones de helic\u00f3pteros y camiones de combate se prepara un gran homenaje a Veteranos de Malvinas","datePublished":"2024-03-14T22:51:38+00:00","dateModified":"2024-03-14T22:51:40+00:00","mainEntityOfPage":{"@id":"https:\/\/diarioprincipios.com\/index.php\/2024\/03\/14\/con-exhibiciones-de-helicopteros-y-camiones-de-combate-se-prepara-un-gran-homenaje-a-veteranos-de-malvinas\/"},"wordCount":281,"commentCount":0,"publisher":{"@id":"https:\/\/diarioprincipios.com\/#organization"},"image":{"@id":"https:\/\/diarioprincipios.com\/index.php\/2024\/03\/14\/con-exhibiciones-de-helicopteros-y-camiones-de-combate-se-prepara-un-gran-homenaje-a-veteranos-de-malvinas\/#primaryimage"},"thumbnailUrl":"https:\/\/diarioprincipios.com\/wp-content\/uploads\/2024\/03\/2_DE_ABRIL_2.jpeg","articleSection":["Berazategui"],"inLanguage":"es","potentialAction":[{"@type":"CommentAction","name":"Comment","target":["https:\/\/diarioprincipios.com\/index.php\/2024\/03\/14\/con-exhibiciones-de-helicopteros-y-camiones-de-combate-se-prepara-un-gran-homenaje-a-veteranos-de-malvinas\/#respond"]}]},{"@type":"WebPage","@id":"https:\/\/diarioprincipios.com\/index.php\/2024\/03\/14\/con-exhibiciones-de-helicopteros-y-camiones-de-combate-se-prepara-un-gran-homenaje-a-veteranos-de-malvinas\/","url":"https:\/\/diarioprincipios.com\/index.php\/2024\/03\/14\/con-exhibiciones-de-helicopteros-y-camiones-de-combate-se-prepara-un-gran-homenaje-a-veteranos-de-malvinas\/","name":"Con exhibiciones de helic\u00f3pteros y camiones de combate se prepara un gran homenaje a Veteranos de Malvinas - Principios","isPartOf":{"@id":"https:\/\/diarioprincipios.com\/#website"},"primaryImageOfPage":{"@id":"https:\/\/diarioprincipios.com\/index.php\/2024\/03\/14\/con-exhibiciones-de-helicopteros-y-camiones-de-combate-se-prepara-un-gran-homenaje-a-veteranos-de-malvinas\/#primaryimage"},"image":{"@id":"https:\/\/diarioprincipios.com\/index.php\/2024\/03\/14\/con-exhibiciones-de-helicopteros-y-camiones-de-combate-se-prepara-un-gran-homenaje-a-veteranos-de-malvinas\/#primaryimage"},"thumbnailUrl":"https:\/\/diarioprincipios.com\/wp-content\/uploads\/2024\/03\/2_DE_ABRIL_2.jpeg","datePublished":"2024-03-14T22:51:38+00:00","dateModified":"2024-03-14T22:51:40+00:00","breadcrumb":{"@id":"https:\/\/diarioprincipios.com\/index.php\/2024\/03\/14\/con-exhibiciones-de-helicopteros-y-camiones-de-combate-se-prepara-un-gran-homenaje-a-veteranos-de-malvinas\/#breadcrumb"},"inLanguage":"es","potentialAction":[{"@type":"ReadAction","target":["https:\/\/diarioprincipios.com\/index.php\/2024\/03\/14\/con-exhibiciones-de-helicopteros-y-camiones-de-combate-se-prepara-un-gran-homenaje-a-veteranos-de-malvinas\/"]}]},{"@type":"ImageObject","inLanguage":"es","@id":"https:\/\/diarioprincipios.com\/index.php\/2024\/03\/14\/con-exhibiciones-de-helicopteros-y-camiones-de-combate-se-prepara-un-gran-homenaje-a-veteranos-de-malvinas\/#primaryimage","url":"https:\/\/diarioprincipios.com\/wp-content\/uploads\/2024\/03\/2_DE_ABRIL_2.jpeg","contentUrl":"https:\/\/diarioprincipios.com\/wp-content\/uploads\/2024\/03\/2_DE_ABRIL_2.jpeg","width":1600,"height":1066},{"@type":"BreadcrumbList","@id":"https:\/\/diarioprincipios.com\/index.php\/2024\/03\/14\/con-exhibiciones-de-helicopteros-y-camiones-de-combate-se-prepara-un-gran-homenaje-a-veteranos-de-malvinas\/#breadcrumb","itemListElement":[{"@type":"ListItem","position":1,"name":"Portada","item":"https:\/\/diarioprincipios.com\/"},{"@type":"ListItem","position":2,"name":"Con exhibiciones de helic\u00f3pteros y camiones de combate se prepara un gran homenaje a Veteranos de Malvinas"}]},{"@type":"WebSite","@id":"https:\/\/diarioprincipios.com\/#website","url":"https:\/\/diarioprincipios.com\/","name":"Principios","description":"Principios Diario","publisher":{"@id":"https:\/\/diarioprincipios.com\/#organization"},"potentialAction":[{"@type":"SearchAction","target":{"@type":"EntryPoint","urlTemplate":"https:\/\/diarioprincipios.com\/?s={search_term_string}"},"query-input":{"@type":"PropertyValueSpecification","valueRequired":true,"valueName":"search_term_string"}}],"inLanguage":"es"},{"@type":"Organization","@id":"https:\/\/diarioprincipios.com\/#organization","name":"Principios","url":"https:\/\/diarioprincipios.com\/","logo":{"@type":"ImageObject","inLanguage":"es","@id":"https:\/\/diarioprincipios.com\/#\/schema\/logo\/image\/","url":"https:\/\/diarioprincipios.com\/wp-content\/uploads\/2024\/04\/cropped-www.diarioprincipios.com_-1.png","contentUrl":"https:\/\/diarioprincipios.com\/wp-content\/uploads\/2024\/04\/cropped-www.diarioprincipios.com_-1.png","width":5325,"height":1454,"caption":"Principios"},"image":{"@id":"https:\/\/diarioprincipios.com\/#\/schema\/logo\/image\/"}},{"@type":"Person","@id":"https:\/\/diarioprincipios.com\/#\/schema\/person\/436d5a1fd41a5e250e23ff5a6a7cb080","name":"Hern\u00e1n L\u00f3pez","image":{"@type":"ImageObject","inLanguage":"es","@id":"https:\/\/diarioprincipios.com\/wp-content\/litespeed\/avatar\/11ddfe5610ff3bd100522525b2571f48.jpg?ver=1777048341","url":"https:\/\/diarioprincipios.com\/wp-content\/litespeed\/avatar\/11ddfe5610ff3bd100522525b2571f48.jpg?ver=1777048341","contentUrl":"https:\/\/diarioprincipios.com\/wp-content\/litespeed\/avatar\/11ddfe5610ff3bd100522525b2571f48.jpg?ver=1777048341","caption":"Hern\u00e1n L\u00f3pez"},"url":"https:\/\/diarioprincipios.com\/index.php\/author\/hernan\/"}]}},"jetpack_featured_media_url":"https:\/\/diarioprincipios.com\/wp-content\/uploads\/2024\/03\/2_DE_ABRIL_2.jpeg","_links":{"self":[{"href":"https:\/\/diarioprincipios.com\/index.php\/wp-json\/wp\/v2\/posts\/21142","targetHints":{"allow":["GET"]}}],"collection":[{"href":"https:\/\/diarioprincipios.com\/index.php\/wp-json\/wp\/v2\/posts"}],"about":[{"href":"https:\/\/diarioprincipios.com\/index.php\/wp-json\/wp\/v2\/types\/post"}],"author":[{"embeddable":true,"href":"https:\/\/diarioprincipios.com\/index.php\/wp-json\/wp\/v2\/users\/2"}],"replies":[{"embeddable":true,"href":"https:\/\/diarioprincipios.com\/index.php\/wp-json\/wp\/v2\/comments?post=21142"}],"version-history":[{"count":1,"href":"https:\/\/diarioprincipios.com\/index.php\/wp-json\/wp\/v2\/posts\/21142\/revisions"}],"predecessor-version":[{"id":21147,"href":"https:\/\/diarioprincipios.com\/index.php\/wp-json\/wp\/v2\/posts\/21142\/revisions\/21147"}],"wp:featuredmedia":[{"embeddable":true,"href":"https:\/\/diarioprincipios.com\/index.php\/wp-json\/wp\/v2\/media\/21146"}],"wp:attachment":[{"href":"https:\/\/diarioprincipios.com\/index.php\/wp-json\/wp\/v2\/media?parent=21142"}],"wp:term":[{"taxonomy":"category","embeddable":true,"href":"https:\/\/diarioprincipios.com\/index.php\/wp-json\/wp\/v2\/categories?post=21142"},{"taxonomy":"post_tag","embeddable":true,"href":"https:\/\/diarioprincipios.com\/index.php\/wp-json\/wp\/v2\/tags?post=21142"}],"curies":[{"name":"wp","href":"https:\/\/api.w.org\/{rel}","templated":true}]}}