{"id":21125,"date":"2024-03-13T23:25:51","date_gmt":"2024-03-14T02:25:51","guid":{"rendered":"http:\/\/diarioprincipios.com\/?p=21125"},"modified":"2024-03-13T23:26:07","modified_gmt":"2024-03-14T02:26:07","slug":"reconocieron-a-profesores-de-educacion-fisica-por-su-trayectoria","status":"publish","type":"post","link":"https:\/\/diarioprincipios.com\/index.php\/2024\/03\/13\/reconocieron-a-profesores-de-educacion-fisica-por-su-trayectoria\/","title":{"rendered":"Reconocieron a profesores de Educaci\u00f3n F\u00edsica por su trayectoria"},"content":{"rendered":"\n<p><strong>Se reconoci\u00f3 a 57 profesores y profesoras por sus a\u00f1os de servicio en Berazategui, en un encuentro encabezado por el intendente municipal, Juan Jos\u00e9 Mussi, que se desarroll\u00f3 en el Centro Municipal de Actividades Roberto De Vicenzo.<\/strong><\/p>\n\n\n\n<p>Estuvieron presentes, adem\u00e1s, el director bonaerense de Educaci\u00f3n F\u00edsica, Leonardo Troncoso; integrantes del Honorable Consejo Escolar local (HCE); y dem\u00e1s representantes de la comunidad educativa.<\/p>\n\n\n\n<figure class=\"wp-block-image size-large\"><img loading=\"lazy\" decoding=\"async\" width=\"1024\" height=\"682\" src=\"https:\/\/diarioprincipios.com\/wp-content\/uploads\/2024\/03\/RECONOCIERON-A-PROFESORES-DE-EDUCACION-FISICA-POR-SU-TRAYECTORIA_2-1024x682.jpeg\" alt=\"\" class=\"wp-image-21126\" srcset=\"https:\/\/diarioprincipios.com\/wp-content\/uploads\/2024\/03\/RECONOCIERON-A-PROFESORES-DE-EDUCACION-FISICA-POR-SU-TRAYECTORIA_2-1024x682.jpeg 1024w, https:\/\/diarioprincipios.com\/wp-content\/uploads\/2024\/03\/RECONOCIERON-A-PROFESORES-DE-EDUCACION-FISICA-POR-SU-TRAYECTORIA_2-300x200.jpeg 300w, https:\/\/diarioprincipios.com\/wp-content\/uploads\/2024\/03\/RECONOCIERON-A-PROFESORES-DE-EDUCACION-FISICA-POR-SU-TRAYECTORIA_2-768x512.jpeg 768w, https:\/\/diarioprincipios.com\/wp-content\/uploads\/2024\/03\/RECONOCIERON-A-PROFESORES-DE-EDUCACION-FISICA-POR-SU-TRAYECTORIA_2-1536x1023.jpeg 1536w, https:\/\/diarioprincipios.com\/wp-content\/uploads\/2024\/03\/RECONOCIERON-A-PROFESORES-DE-EDUCACION-FISICA-POR-SU-TRAYECTORIA_2.jpeg 1600w\" sizes=\"auto, (max-width: 1024px) 100vw, 1024px\" \/><\/figure>\n\n\n\n<p>All\u00ed, Mussi se dirigi\u00f3 a los homenajeados y expres\u00f3: \u201cLes agradezco much\u00edsimo por su vocaci\u00f3n de servicio. En todos lados digo, con orgullo, que los docentes que nos tocaron en Berazategui han sido una bendici\u00f3n. Esta es la mejor defensa de la educaci\u00f3n p\u00fablica, gratuita, igualitaria y abierta a todos los sectores de la sociedad\u201d. Adem\u00e1s, el Intendente agradeci\u00f3 \u201cel gran apoyo del gobernador Axel Kicillof, porque pudimos hacer obras e inaugurar Centros de Educaci\u00f3n F\u00edsica\u201d.<\/p>\n\n\n\n<figure class=\"wp-block-image size-large\"><img loading=\"lazy\" decoding=\"async\" width=\"1024\" height=\"682\" src=\"https:\/\/diarioprincipios.com\/wp-content\/uploads\/2024\/03\/RECONOCIERON-A-PROFESORES-DE-EDUCACION-FISICA-POR-SU-TRAYECTORIA_4-1024x682.jpeg\" alt=\"\" class=\"wp-image-21127\" srcset=\"https:\/\/diarioprincipios.com\/wp-content\/uploads\/2024\/03\/RECONOCIERON-A-PROFESORES-DE-EDUCACION-FISICA-POR-SU-TRAYECTORIA_4-1024x682.jpeg 1024w, https:\/\/diarioprincipios.com\/wp-content\/uploads\/2024\/03\/RECONOCIERON-A-PROFESORES-DE-EDUCACION-FISICA-POR-SU-TRAYECTORIA_4-300x200.jpeg 300w, https:\/\/diarioprincipios.com\/wp-content\/uploads\/2024\/03\/RECONOCIERON-A-PROFESORES-DE-EDUCACION-FISICA-POR-SU-TRAYECTORIA_4-768x512.jpeg 768w, https:\/\/diarioprincipios.com\/wp-content\/uploads\/2024\/03\/RECONOCIERON-A-PROFESORES-DE-EDUCACION-FISICA-POR-SU-TRAYECTORIA_4-1536x1023.jpeg 1536w, https:\/\/diarioprincipios.com\/wp-content\/uploads\/2024\/03\/RECONOCIERON-A-PROFESORES-DE-EDUCACION-FISICA-POR-SU-TRAYECTORIA_4.jpeg 1600w\" sizes=\"auto, (max-width: 1024px) 100vw, 1024px\" \/><\/figure>\n\n\n\n<p>Durante el acto se entregaron diplomas y se destac\u00f3, especialmente, a quien fue inspector distrital: Pablo Volman. \u201cAgradezco el reconocimiento, despu\u00e9s de tantos a\u00f1os de trabajar en el distrito de Berazategui. Compart\u00ed muchos momentos con docentes y directivos, que continuar\u00e1n desarrollando su carrera con compromiso\u201d, afirm\u00f3 Volman.<\/p>\n\n\n\n<figure class=\"wp-block-image size-large\"><img loading=\"lazy\" decoding=\"async\" width=\"1024\" height=\"682\" src=\"https:\/\/diarioprincipios.com\/wp-content\/uploads\/2024\/03\/RECONOCIERON-A-PROFESORES-DE-EDUCACION-FISICA-POR-SU-TRAYECTORIA_5-1024x682.jpeg\" alt=\"\" class=\"wp-image-21129\" srcset=\"https:\/\/diarioprincipios.com\/wp-content\/uploads\/2024\/03\/RECONOCIERON-A-PROFESORES-DE-EDUCACION-FISICA-POR-SU-TRAYECTORIA_5-1024x682.jpeg 1024w, https:\/\/diarioprincipios.com\/wp-content\/uploads\/2024\/03\/RECONOCIERON-A-PROFESORES-DE-EDUCACION-FISICA-POR-SU-TRAYECTORIA_5-300x200.jpeg 300w, https:\/\/diarioprincipios.com\/wp-content\/uploads\/2024\/03\/RECONOCIERON-A-PROFESORES-DE-EDUCACION-FISICA-POR-SU-TRAYECTORIA_5-768x512.jpeg 768w, https:\/\/diarioprincipios.com\/wp-content\/uploads\/2024\/03\/RECONOCIERON-A-PROFESORES-DE-EDUCACION-FISICA-POR-SU-TRAYECTORIA_5-1536x1023.jpeg 1536w, https:\/\/diarioprincipios.com\/wp-content\/uploads\/2024\/03\/RECONOCIERON-A-PROFESORES-DE-EDUCACION-FISICA-POR-SU-TRAYECTORIA_5.jpeg 1600w\" sizes=\"auto, (max-width: 1024px) 100vw, 1024px\" \/><\/figure>\n\n\n\n<p>El homenaje se llev\u00f3 a cabo durante una Jornada de Capacitaci\u00f3n y Planificaci\u00f3n a profesores de educaci\u00f3n f\u00edsica que trabajan en instituciones p\u00fablicas y privadas del distrito.<\/p>\n","protected":false},"excerpt":{"rendered":"<p>Se reconoci\u00f3 a 57 profesores y profesoras por sus a\u00f1os de servicio en Berazategui, en un encuentro encabezado por el intendente municipal, Juan Jos\u00e9 Mussi, que se desarroll\u00f3 en el Centro Municipal de Actividades Roberto De Vicenzo. Estuvieron presentes, adem\u00e1s, el director bonaerense de Educaci\u00f3n F\u00edsica, Leonardo Troncoso; integrantes del Honorable Consejo Escolar local (HCE);&#8230;<\/p>\n","protected":false},"author":2,"featured_media":21130,"comment_status":"open","ping_status":"open","sticky":false,"template":"","format":"standard","meta":{"footnotes":""},"categories":[3],"tags":[],"class_list":["post-21125","post","type-post","status-publish","format-standard","has-post-thumbnail","hentry","category-berazategui"],"featured_image_src":"https:\/\/diarioprincipios.com\/wp-content\/uploads\/2024\/03\/RECONOCIERON-A-PROFESORES-DE-EDUCACION-FISICA-POR-SU-TRAYECTORIA_3-1024x683.jpeg","blog_images":{"medium":"https:\/\/diarioprincipios.com\/wp-content\/uploads\/2024\/03\/RECONOCIERON-A-PROFESORES-DE-EDUCACION-FISICA-POR-SU-TRAYECTORIA_3-300x200.jpeg","large":"https:\/\/diarioprincipios.com\/wp-content\/uploads\/2024\/03\/RECONOCIERON-A-PROFESORES-DE-EDUCACION-FISICA-POR-SU-TRAYECTORIA_3-1024x683.jpeg"},"ams_acf":[],"yoast_head":"<!-- This site is optimized with the Yoast SEO plugin v27.3 - https:\/\/yoast.com\/product\/yoast-seo-wordpress\/ -->\n<title>Reconocieron a profesores de Educaci\u00f3n F\u00edsica por su trayectoria - Principios<\/title>\n<meta name=\"robots\" content=\"index, follow, max-snippet:-1, max-image-preview:large, max-video-preview:-1\" \/>\n<link rel=\"canonical\" href=\"https:\/\/diarioprincipios.com\/index.php\/2024\/03\/13\/reconocieron-a-profesores-de-educacion-fisica-por-su-trayectoria\/\" \/>\n<meta property=\"og:locale\" content=\"es_ES\" \/>\n<meta property=\"og:type\" content=\"article\" \/>\n<meta property=\"og:title\" content=\"Reconocieron a profesores de Educaci\u00f3n F\u00edsica por su trayectoria - Principios\" \/>\n<meta property=\"og:description\" content=\"Se reconoci\u00f3 a 57 profesores y profesoras por sus a\u00f1os de servicio en Berazategui, en un encuentro encabezado por el intendente municipal, Juan Jos\u00e9 Mussi, que se desarroll\u00f3 en el Centro Municipal de Actividades Roberto De Vicenzo. Estuvieron presentes, adem\u00e1s, el director bonaerense de Educaci\u00f3n F\u00edsica, Leonardo Troncoso; integrantes del Honorable Consejo Escolar local (HCE);...\" \/>\n<meta property=\"og:url\" content=\"https:\/\/diarioprincipios.com\/index.php\/2024\/03\/13\/reconocieron-a-profesores-de-educacion-fisica-por-su-trayectoria\/\" \/>\n<meta property=\"og:site_name\" content=\"Principios\" \/>\n<meta property=\"article:published_time\" content=\"2024-03-14T02:25:51+00:00\" \/>\n<meta property=\"article:modified_time\" content=\"2024-03-14T02:26:07+00:00\" \/>\n<meta property=\"og:image\" content=\"https:\/\/diarioprincipios.com\/wp-content\/uploads\/2024\/03\/RECONOCIERON-A-PROFESORES-DE-EDUCACION-FISICA-POR-SU-TRAYECTORIA_3.jpeg\" \/>\n\t<meta property=\"og:image:width\" content=\"1600\" \/>\n\t<meta property=\"og:image:height\" content=\"1067\" \/>\n\t<meta property=\"og:image:type\" content=\"image\/jpeg\" \/>\n<meta name=\"author\" content=\"Hern\u00e1n L\u00f3pez\" \/>\n<meta name=\"twitter:card\" content=\"summary_large_image\" \/>\n<meta name=\"twitter:label1\" content=\"Escrito por\" \/>\n\t<meta name=\"twitter:data1\" content=\"Hern\u00e1n L\u00f3pez\" \/>\n\t<meta name=\"twitter:label2\" content=\"Tiempo de lectura\" \/>\n\t<meta name=\"twitter:data2\" content=\"2 minutos\" \/>\n<script type=\"application\/ld+json\" class=\"yoast-schema-graph\">{\"@context\":\"https:\\\/\\\/schema.org\",\"@graph\":[{\"@type\":\"Article\",\"@id\":\"https:\\\/\\\/diarioprincipios.com\\\/index.php\\\/2024\\\/03\\\/13\\\/reconocieron-a-profesores-de-educacion-fisica-por-su-trayectoria\\\/#article\",\"isPartOf\":{\"@id\":\"https:\\\/\\\/diarioprincipios.com\\\/index.php\\\/2024\\\/03\\\/13\\\/reconocieron-a-profesores-de-educacion-fisica-por-su-trayectoria\\\/\"},\"author\":{\"name\":\"Hern\u00e1n L\u00f3pez\",\"@id\":\"https:\\\/\\\/diarioprincipios.com\\\/#\\\/schema\\\/person\\\/436d5a1fd41a5e250e23ff5a6a7cb080\"},\"headline\":\"Reconocieron a profesores de Educaci\u00f3n F\u00edsica por su trayectoria\",\"datePublished\":\"2024-03-14T02:25:51+00:00\",\"dateModified\":\"2024-03-14T02:26:07+00:00\",\"mainEntityOfPage\":{\"@id\":\"https:\\\/\\\/diarioprincipios.com\\\/index.php\\\/2024\\\/03\\\/13\\\/reconocieron-a-profesores-de-educacion-fisica-por-su-trayectoria\\\/\"},\"wordCount\":243,\"commentCount\":0,\"publisher\":{\"@id\":\"https:\\\/\\\/diarioprincipios.com\\\/#organization\"},\"image\":{\"@id\":\"https:\\\/\\\/diarioprincipios.com\\\/index.php\\\/2024\\\/03\\\/13\\\/reconocieron-a-profesores-de-educacion-fisica-por-su-trayectoria\\\/#primaryimage\"},\"thumbnailUrl\":\"https:\\\/\\\/diarioprincipios.com\\\/wp-content\\\/uploads\\\/2024\\\/03\\\/RECONOCIERON-A-PROFESORES-DE-EDUCACION-FISICA-POR-SU-TRAYECTORIA_3.jpeg\",\"articleSection\":[\"Berazategui\"],\"inLanguage\":\"es\",\"potentialAction\":[{\"@type\":\"CommentAction\",\"name\":\"Comment\",\"target\":[\"https:\\\/\\\/diarioprincipios.com\\\/index.php\\\/2024\\\/03\\\/13\\\/reconocieron-a-profesores-de-educacion-fisica-por-su-trayectoria\\\/#respond\"]}]},{\"@type\":\"WebPage\",\"@id\":\"https:\\\/\\\/diarioprincipios.com\\\/index.php\\\/2024\\\/03\\\/13\\\/reconocieron-a-profesores-de-educacion-fisica-por-su-trayectoria\\\/\",\"url\":\"https:\\\/\\\/diarioprincipios.com\\\/index.php\\\/2024\\\/03\\\/13\\\/reconocieron-a-profesores-de-educacion-fisica-por-su-trayectoria\\\/\",\"name\":\"Reconocieron a profesores de Educaci\u00f3n F\u00edsica por su trayectoria - Principios\",\"isPartOf\":{\"@id\":\"https:\\\/\\\/diarioprincipios.com\\\/#website\"},\"primaryImageOfPage\":{\"@id\":\"https:\\\/\\\/diarioprincipios.com\\\/index.php\\\/2024\\\/03\\\/13\\\/reconocieron-a-profesores-de-educacion-fisica-por-su-trayectoria\\\/#primaryimage\"},\"image\":{\"@id\":\"https:\\\/\\\/diarioprincipios.com\\\/index.php\\\/2024\\\/03\\\/13\\\/reconocieron-a-profesores-de-educacion-fisica-por-su-trayectoria\\\/#primaryimage\"},\"thumbnailUrl\":\"https:\\\/\\\/diarioprincipios.com\\\/wp-content\\\/uploads\\\/2024\\\/03\\\/RECONOCIERON-A-PROFESORES-DE-EDUCACION-FISICA-POR-SU-TRAYECTORIA_3.jpeg\",\"datePublished\":\"2024-03-14T02:25:51+00:00\",\"dateModified\":\"2024-03-14T02:26:07+00:00\",\"breadcrumb\":{\"@id\":\"https:\\\/\\\/diarioprincipios.com\\\/index.php\\\/2024\\\/03\\\/13\\\/reconocieron-a-profesores-de-educacion-fisica-por-su-trayectoria\\\/#breadcrumb\"},\"inLanguage\":\"es\",\"potentialAction\":[{\"@type\":\"ReadAction\",\"target\":[\"https:\\\/\\\/diarioprincipios.com\\\/index.php\\\/2024\\\/03\\\/13\\\/reconocieron-a-profesores-de-educacion-fisica-por-su-trayectoria\\\/\"]}]},{\"@type\":\"ImageObject\",\"inLanguage\":\"es\",\"@id\":\"https:\\\/\\\/diarioprincipios.com\\\/index.php\\\/2024\\\/03\\\/13\\\/reconocieron-a-profesores-de-educacion-fisica-por-su-trayectoria\\\/#primaryimage\",\"url\":\"https:\\\/\\\/diarioprincipios.com\\\/wp-content\\\/uploads\\\/2024\\\/03\\\/RECONOCIERON-A-PROFESORES-DE-EDUCACION-FISICA-POR-SU-TRAYECTORIA_3.jpeg\",\"contentUrl\":\"https:\\\/\\\/diarioprincipios.com\\\/wp-content\\\/uploads\\\/2024\\\/03\\\/RECONOCIERON-A-PROFESORES-DE-EDUCACION-FISICA-POR-SU-TRAYECTORIA_3.jpeg\",\"width\":1600,\"height\":1067},{\"@type\":\"BreadcrumbList\",\"@id\":\"https:\\\/\\\/diarioprincipios.com\\\/index.php\\\/2024\\\/03\\\/13\\\/reconocieron-a-profesores-de-educacion-fisica-por-su-trayectoria\\\/#breadcrumb\",\"itemListElement\":[{\"@type\":\"ListItem\",\"position\":1,\"name\":\"Portada\",\"item\":\"https:\\\/\\\/diarioprincipios.com\\\/\"},{\"@type\":\"ListItem\",\"position\":2,\"name\":\"Reconocieron a profesores de Educaci\u00f3n F\u00edsica por su trayectoria\"}]},{\"@type\":\"WebSite\",\"@id\":\"https:\\\/\\\/diarioprincipios.com\\\/#website\",\"url\":\"https:\\\/\\\/diarioprincipios.com\\\/\",\"name\":\"Principios\",\"description\":\"Principios Diario\",\"publisher\":{\"@id\":\"https:\\\/\\\/diarioprincipios.com\\\/#organization\"},\"potentialAction\":[{\"@type\":\"SearchAction\",\"target\":{\"@type\":\"EntryPoint\",\"urlTemplate\":\"https:\\\/\\\/diarioprincipios.com\\\/?s={search_term_string}\"},\"query-input\":{\"@type\":\"PropertyValueSpecification\",\"valueRequired\":true,\"valueName\":\"search_term_string\"}}],\"inLanguage\":\"es\"},{\"@type\":\"Organization\",\"@id\":\"https:\\\/\\\/diarioprincipios.com\\\/#organization\",\"name\":\"Principios\",\"url\":\"https:\\\/\\\/diarioprincipios.com\\\/\",\"logo\":{\"@type\":\"ImageObject\",\"inLanguage\":\"es\",\"@id\":\"https:\\\/\\\/diarioprincipios.com\\\/#\\\/schema\\\/logo\\\/image\\\/\",\"url\":\"https:\\\/\\\/diarioprincipios.com\\\/wp-content\\\/uploads\\\/2024\\\/04\\\/cropped-www.diarioprincipios.com_-1.png\",\"contentUrl\":\"https:\\\/\\\/diarioprincipios.com\\\/wp-content\\\/uploads\\\/2024\\\/04\\\/cropped-www.diarioprincipios.com_-1.png\",\"width\":5325,\"height\":1454,\"caption\":\"Principios\"},\"image\":{\"@id\":\"https:\\\/\\\/diarioprincipios.com\\\/#\\\/schema\\\/logo\\\/image\\\/\"}},{\"@type\":\"Person\",\"@id\":\"https:\\\/\\\/diarioprincipios.com\\\/#\\\/schema\\\/person\\\/436d5a1fd41a5e250e23ff5a6a7cb080\",\"name\":\"Hern\u00e1n L\u00f3pez\",\"image\":{\"@type\":\"ImageObject\",\"inLanguage\":\"es\",\"@id\":\"https:\\\/\\\/diarioprincipios.com\\\/wp-content\\\/litespeed\\\/avatar\\\/11ddfe5610ff3bd100522525b2571f48.jpg?ver=1777048341\",\"url\":\"https:\\\/\\\/diarioprincipios.com\\\/wp-content\\\/litespeed\\\/avatar\\\/11ddfe5610ff3bd100522525b2571f48.jpg?ver=1777048341\",\"contentUrl\":\"https:\\\/\\\/diarioprincipios.com\\\/wp-content\\\/litespeed\\\/avatar\\\/11ddfe5610ff3bd100522525b2571f48.jpg?ver=1777048341\",\"caption\":\"Hern\u00e1n L\u00f3pez\"},\"url\":\"https:\\\/\\\/diarioprincipios.com\\\/index.php\\\/author\\\/hernan\\\/\"}]}<\/script>\n<!-- \/ Yoast SEO plugin. -->","yoast_head_json":{"title":"Reconocieron a profesores de Educaci\u00f3n F\u00edsica por su trayectoria - Principios","robots":{"index":"index","follow":"follow","max-snippet":"max-snippet:-1","max-image-preview":"max-image-preview:large","max-video-preview":"max-video-preview:-1"},"canonical":"https:\/\/diarioprincipios.com\/index.php\/2024\/03\/13\/reconocieron-a-profesores-de-educacion-fisica-por-su-trayectoria\/","og_locale":"es_ES","og_type":"article","og_title":"Reconocieron a profesores de Educaci\u00f3n F\u00edsica por su trayectoria - Principios","og_description":"Se reconoci\u00f3 a 57 profesores y profesoras por sus a\u00f1os de servicio en Berazategui, en un encuentro encabezado por el intendente municipal, Juan Jos\u00e9 Mussi, que se desarroll\u00f3 en el Centro Municipal de Actividades Roberto De Vicenzo. Estuvieron presentes, adem\u00e1s, el director bonaerense de Educaci\u00f3n F\u00edsica, Leonardo Troncoso; integrantes del Honorable Consejo Escolar local (HCE);...","og_url":"https:\/\/diarioprincipios.com\/index.php\/2024\/03\/13\/reconocieron-a-profesores-de-educacion-fisica-por-su-trayectoria\/","og_site_name":"Principios","article_published_time":"2024-03-14T02:25:51+00:00","article_modified_time":"2024-03-14T02:26:07+00:00","og_image":[{"width":1600,"height":1067,"url":"https:\/\/diarioprincipios.com\/wp-content\/uploads\/2024\/03\/RECONOCIERON-A-PROFESORES-DE-EDUCACION-FISICA-POR-SU-TRAYECTORIA_3.jpeg","type":"image\/jpeg"}],"author":"Hern\u00e1n L\u00f3pez","twitter_card":"summary_large_image","twitter_misc":{"Escrito por":"Hern\u00e1n L\u00f3pez","Tiempo de lectura":"2 minutos"},"schema":{"@context":"https:\/\/schema.org","@graph":[{"@type":"Article","@id":"https:\/\/diarioprincipios.com\/index.php\/2024\/03\/13\/reconocieron-a-profesores-de-educacion-fisica-por-su-trayectoria\/#article","isPartOf":{"@id":"https:\/\/diarioprincipios.com\/index.php\/2024\/03\/13\/reconocieron-a-profesores-de-educacion-fisica-por-su-trayectoria\/"},"author":{"name":"Hern\u00e1n L\u00f3pez","@id":"https:\/\/diarioprincipios.com\/#\/schema\/person\/436d5a1fd41a5e250e23ff5a6a7cb080"},"headline":"Reconocieron a profesores de Educaci\u00f3n F\u00edsica por su trayectoria","datePublished":"2024-03-14T02:25:51+00:00","dateModified":"2024-03-14T02:26:07+00:00","mainEntityOfPage":{"@id":"https:\/\/diarioprincipios.com\/index.php\/2024\/03\/13\/reconocieron-a-profesores-de-educacion-fisica-por-su-trayectoria\/"},"wordCount":243,"commentCount":0,"publisher":{"@id":"https:\/\/diarioprincipios.com\/#organization"},"image":{"@id":"https:\/\/diarioprincipios.com\/index.php\/2024\/03\/13\/reconocieron-a-profesores-de-educacion-fisica-por-su-trayectoria\/#primaryimage"},"thumbnailUrl":"https:\/\/diarioprincipios.com\/wp-content\/uploads\/2024\/03\/RECONOCIERON-A-PROFESORES-DE-EDUCACION-FISICA-POR-SU-TRAYECTORIA_3.jpeg","articleSection":["Berazategui"],"inLanguage":"es","potentialAction":[{"@type":"CommentAction","name":"Comment","target":["https:\/\/diarioprincipios.com\/index.php\/2024\/03\/13\/reconocieron-a-profesores-de-educacion-fisica-por-su-trayectoria\/#respond"]}]},{"@type":"WebPage","@id":"https:\/\/diarioprincipios.com\/index.php\/2024\/03\/13\/reconocieron-a-profesores-de-educacion-fisica-por-su-trayectoria\/","url":"https:\/\/diarioprincipios.com\/index.php\/2024\/03\/13\/reconocieron-a-profesores-de-educacion-fisica-por-su-trayectoria\/","name":"Reconocieron a profesores de Educaci\u00f3n F\u00edsica por su trayectoria - Principios","isPartOf":{"@id":"https:\/\/diarioprincipios.com\/#website"},"primaryImageOfPage":{"@id":"https:\/\/diarioprincipios.com\/index.php\/2024\/03\/13\/reconocieron-a-profesores-de-educacion-fisica-por-su-trayectoria\/#primaryimage"},"image":{"@id":"https:\/\/diarioprincipios.com\/index.php\/2024\/03\/13\/reconocieron-a-profesores-de-educacion-fisica-por-su-trayectoria\/#primaryimage"},"thumbnailUrl":"https:\/\/diarioprincipios.com\/wp-content\/uploads\/2024\/03\/RECONOCIERON-A-PROFESORES-DE-EDUCACION-FISICA-POR-SU-TRAYECTORIA_3.jpeg","datePublished":"2024-03-14T02:25:51+00:00","dateModified":"2024-03-14T02:26:07+00:00","breadcrumb":{"@id":"https:\/\/diarioprincipios.com\/index.php\/2024\/03\/13\/reconocieron-a-profesores-de-educacion-fisica-por-su-trayectoria\/#breadcrumb"},"inLanguage":"es","potentialAction":[{"@type":"ReadAction","target":["https:\/\/diarioprincipios.com\/index.php\/2024\/03\/13\/reconocieron-a-profesores-de-educacion-fisica-por-su-trayectoria\/"]}]},{"@type":"ImageObject","inLanguage":"es","@id":"https:\/\/diarioprincipios.com\/index.php\/2024\/03\/13\/reconocieron-a-profesores-de-educacion-fisica-por-su-trayectoria\/#primaryimage","url":"https:\/\/diarioprincipios.com\/wp-content\/uploads\/2024\/03\/RECONOCIERON-A-PROFESORES-DE-EDUCACION-FISICA-POR-SU-TRAYECTORIA_3.jpeg","contentUrl":"https:\/\/diarioprincipios.com\/wp-content\/uploads\/2024\/03\/RECONOCIERON-A-PROFESORES-DE-EDUCACION-FISICA-POR-SU-TRAYECTORIA_3.jpeg","width":1600,"height":1067},{"@type":"BreadcrumbList","@id":"https:\/\/diarioprincipios.com\/index.php\/2024\/03\/13\/reconocieron-a-profesores-de-educacion-fisica-por-su-trayectoria\/#breadcrumb","itemListElement":[{"@type":"ListItem","position":1,"name":"Portada","item":"https:\/\/diarioprincipios.com\/"},{"@type":"ListItem","position":2,"name":"Reconocieron a profesores de Educaci\u00f3n F\u00edsica por su trayectoria"}]},{"@type":"WebSite","@id":"https:\/\/diarioprincipios.com\/#website","url":"https:\/\/diarioprincipios.com\/","name":"Principios","description":"Principios Diario","publisher":{"@id":"https:\/\/diarioprincipios.com\/#organization"},"potentialAction":[{"@type":"SearchAction","target":{"@type":"EntryPoint","urlTemplate":"https:\/\/diarioprincipios.com\/?s={search_term_string}"},"query-input":{"@type":"PropertyValueSpecification","valueRequired":true,"valueName":"search_term_string"}}],"inLanguage":"es"},{"@type":"Organization","@id":"https:\/\/diarioprincipios.com\/#organization","name":"Principios","url":"https:\/\/diarioprincipios.com\/","logo":{"@type":"ImageObject","inLanguage":"es","@id":"https:\/\/diarioprincipios.com\/#\/schema\/logo\/image\/","url":"https:\/\/diarioprincipios.com\/wp-content\/uploads\/2024\/04\/cropped-www.diarioprincipios.com_-1.png","contentUrl":"https:\/\/diarioprincipios.com\/wp-content\/uploads\/2024\/04\/cropped-www.diarioprincipios.com_-1.png","width":5325,"height":1454,"caption":"Principios"},"image":{"@id":"https:\/\/diarioprincipios.com\/#\/schema\/logo\/image\/"}},{"@type":"Person","@id":"https:\/\/diarioprincipios.com\/#\/schema\/person\/436d5a1fd41a5e250e23ff5a6a7cb080","name":"Hern\u00e1n L\u00f3pez","image":{"@type":"ImageObject","inLanguage":"es","@id":"https:\/\/diarioprincipios.com\/wp-content\/litespeed\/avatar\/11ddfe5610ff3bd100522525b2571f48.jpg?ver=1777048341","url":"https:\/\/diarioprincipios.com\/wp-content\/litespeed\/avatar\/11ddfe5610ff3bd100522525b2571f48.jpg?ver=1777048341","contentUrl":"https:\/\/diarioprincipios.com\/wp-content\/litespeed\/avatar\/11ddfe5610ff3bd100522525b2571f48.jpg?ver=1777048341","caption":"Hern\u00e1n L\u00f3pez"},"url":"https:\/\/diarioprincipios.com\/index.php\/author\/hernan\/"}]}},"jetpack_featured_media_url":"https:\/\/diarioprincipios.com\/wp-content\/uploads\/2024\/03\/RECONOCIERON-A-PROFESORES-DE-EDUCACION-FISICA-POR-SU-TRAYECTORIA_3.jpeg","_links":{"self":[{"href":"https:\/\/diarioprincipios.com\/index.php\/wp-json\/wp\/v2\/posts\/21125","targetHints":{"allow":["GET"]}}],"collection":[{"href":"https:\/\/diarioprincipios.com\/index.php\/wp-json\/wp\/v2\/posts"}],"about":[{"href":"https:\/\/diarioprincipios.com\/index.php\/wp-json\/wp\/v2\/types\/post"}],"author":[{"embeddable":true,"href":"https:\/\/diarioprincipios.com\/index.php\/wp-json\/wp\/v2\/users\/2"}],"replies":[{"embeddable":true,"href":"https:\/\/diarioprincipios.com\/index.php\/wp-json\/wp\/v2\/comments?post=21125"}],"version-history":[{"count":1,"href":"https:\/\/diarioprincipios.com\/index.php\/wp-json\/wp\/v2\/posts\/21125\/revisions"}],"predecessor-version":[{"id":21131,"href":"https:\/\/diarioprincipios.com\/index.php\/wp-json\/wp\/v2\/posts\/21125\/revisions\/21131"}],"wp:featuredmedia":[{"embeddable":true,"href":"https:\/\/diarioprincipios.com\/index.php\/wp-json\/wp\/v2\/media\/21130"}],"wp:attachment":[{"href":"https:\/\/diarioprincipios.com\/index.php\/wp-json\/wp\/v2\/media?parent=21125"}],"wp:term":[{"taxonomy":"category","embeddable":true,"href":"https:\/\/diarioprincipios.com\/index.php\/wp-json\/wp\/v2\/categories?post=21125"},{"taxonomy":"post_tag","embeddable":true,"href":"https:\/\/diarioprincipios.com\/index.php\/wp-json\/wp\/v2\/tags?post=21125"}],"curies":[{"name":"wp","href":"https:\/\/api.w.org\/{rel}","templated":true}]}}