{"id":21099,"date":"2024-03-13T12:11:30","date_gmt":"2024-03-13T15:11:30","guid":{"rendered":"http:\/\/diarioprincipios.com\/?p=21099"},"modified":"2024-03-13T12:11:34","modified_gmt":"2024-03-13T15:11:34","slug":"como-protegerse-de-los-mosquitos","status":"publish","type":"post","link":"https:\/\/diarioprincipios.com\/index.php\/2024\/03\/13\/como-protegerse-de-los-mosquitos\/","title":{"rendered":"C\u00f3mo protegerse de los mosquitos"},"content":{"rendered":"\n<p><strong>La Municipalidad de Berazategui inform\u00f3 cu\u00e1les son las medidas a tomar para protegerse de los mosquitos transmisores de dengue, zika, chikungunya y encefalitis del oeste.<\/strong><\/p>\n\n\n\n<figure class=\"wp-block-image size-large\"><img loading=\"lazy\" decoding=\"async\" width=\"1024\" height=\"768\" src=\"https:\/\/diarioprincipios.com\/wp-content\/uploads\/2024\/03\/COMO-PROTEGERSE-DE-LOS-MOSQUITOS_4-1024x768.jpeg\" alt=\"\" class=\"wp-image-21100\" srcset=\"https:\/\/diarioprincipios.com\/wp-content\/uploads\/2024\/03\/COMO-PROTEGERSE-DE-LOS-MOSQUITOS_4-1024x768.jpeg 1024w, https:\/\/diarioprincipios.com\/wp-content\/uploads\/2024\/03\/COMO-PROTEGERSE-DE-LOS-MOSQUITOS_4-300x225.jpeg 300w, https:\/\/diarioprincipios.com\/wp-content\/uploads\/2024\/03\/COMO-PROTEGERSE-DE-LOS-MOSQUITOS_4-768x576.jpeg 768w, https:\/\/diarioprincipios.com\/wp-content\/uploads\/2024\/03\/COMO-PROTEGERSE-DE-LOS-MOSQUITOS_4-1536x1152.jpeg 1536w, https:\/\/diarioprincipios.com\/wp-content\/uploads\/2024\/03\/COMO-PROTEGERSE-DE-LOS-MOSQUITOS_4.jpeg 1600w\" sizes=\"auto, (max-width: 1024px) 100vw, 1024px\" \/><\/figure>\n\n\n\n<p>El mosquito que circula es de la especie Aedes Albifasciatus, que no transmite dengue, zika ni fiebre chikungunya. Sin embargo, es transmisora del virus de la Encefalitis Equina del Oeste (EEO), por lo que es importante tener en cuenta una serie de recomendaciones para prevenir su picadura:<\/p>\n\n\n\n<p>&#8211; Colocar telas mosquiteras en puertas y ventanas.<\/p>\n\n\n\n<p>&#8211; Utilizar ropa clara y, preferentemente, de manga larga.<\/p>\n\n\n\n<p>&#8211; Utilizar espirales, pastillas o aerosoles que los ahuyenten y eliminen.<\/p>\n\n\n\n<p>&#8211; Aplicarse repelente.<\/p>\n\n\n\n<p>&#8211; Colocar el repelente sobre la piel expuesta luego del protector solar.<\/p>\n\n\n\n<figure class=\"wp-block-image size-large\"><img loading=\"lazy\" decoding=\"async\" width=\"1024\" height=\"682\" src=\"https:\/\/diarioprincipios.com\/wp-content\/uploads\/2024\/03\/COMO-PROTEGERSE-DE-LOS-MOSQUITOS_1-1024x682.jpeg\" alt=\"\" class=\"wp-image-21101\" srcset=\"https:\/\/diarioprincipios.com\/wp-content\/uploads\/2024\/03\/COMO-PROTEGERSE-DE-LOS-MOSQUITOS_1-1024x682.jpeg 1024w, https:\/\/diarioprincipios.com\/wp-content\/uploads\/2024\/03\/COMO-PROTEGERSE-DE-LOS-MOSQUITOS_1-300x200.jpeg 300w, https:\/\/diarioprincipios.com\/wp-content\/uploads\/2024\/03\/COMO-PROTEGERSE-DE-LOS-MOSQUITOS_1-768x512.jpeg 768w, https:\/\/diarioprincipios.com\/wp-content\/uploads\/2024\/03\/COMO-PROTEGERSE-DE-LOS-MOSQUITOS_1-1536x1023.jpeg 1536w, https:\/\/diarioprincipios.com\/wp-content\/uploads\/2024\/03\/COMO-PROTEGERSE-DE-LOS-MOSQUITOS_1.jpeg 1600w\" sizes=\"auto, (max-width: 1024px) 100vw, 1024px\" \/><\/figure>\n\n\n\n<p>&#8211; En ni\u00f1as y ni\u00f1os usar repelente a partir de los dos meses de vida. Aplicarlo en exteriores para evitar inhalaciones y, en menores de dos a\u00f1os, primero ponerse en las manos de los adultos y luego en la piel del ni\u00f1o o ni\u00f1a, evitando tocar ojos, boca, manos y pies.<\/p>\n\n\n\n<p>Asimismo, para no facilitar la proliferaci\u00f3n de mosquitos en los hogares, se recomienda:<\/p>\n\n\n\n<p>&#8211; Descacharrar durante todo el a\u00f1o: desechar, limpiar, dar vuelta o colocar bajo techo los objetos que puedan acumular agua.<\/p>\n\n\n\n<p>&#8211; Las canaletas deben mantenerse limpias y libres de hojas todo el a\u00f1o.<\/p>\n\n\n\n<p>&#8211; Tapar los recipientes utilizados para contener agua (como tanques y barriles).<\/p>\n\n\n\n<p>&#8211; Renovar cada tres d\u00edas el agua de bebederos de animales y floreros en el interior y exterior de la casa.<\/p>\n\n\n\n<p>&#8211; Mantener corto el pasto de los fondos, jardines y alrededores del hogar.<\/p>\n","protected":false},"excerpt":{"rendered":"<p>La Municipalidad de Berazategui inform\u00f3 cu\u00e1les son las medidas a tomar para protegerse de los mosquitos transmisores de dengue, zika, chikungunya y encefalitis del oeste. El mosquito que circula es de la especie Aedes Albifasciatus, que no transmite dengue, zika ni fiebre chikungunya. Sin embargo, es transmisora del virus de la Encefalitis Equina del Oeste&#8230;<\/p>\n","protected":false},"author":2,"featured_media":21102,"comment_status":"open","ping_status":"open","sticky":false,"template":"","format":"standard","meta":{"footnotes":""},"categories":[3],"tags":[],"class_list":["post-21099","post","type-post","status-publish","format-standard","has-post-thumbnail","hentry","category-berazategui"],"featured_image_src":"https:\/\/diarioprincipios.com\/wp-content\/uploads\/2024\/03\/COMO-PROTEGERSE-DE-LOS-MOSQUITOS_3-1024x682.jpeg","blog_images":{"medium":"https:\/\/diarioprincipios.com\/wp-content\/uploads\/2024\/03\/COMO-PROTEGERSE-DE-LOS-MOSQUITOS_3-300x200.jpeg","large":"https:\/\/diarioprincipios.com\/wp-content\/uploads\/2024\/03\/COMO-PROTEGERSE-DE-LOS-MOSQUITOS_3-1024x682.jpeg"},"ams_acf":[],"yoast_head":"<!-- This site is optimized with the Yoast SEO plugin v27.3 - https:\/\/yoast.com\/product\/yoast-seo-wordpress\/ -->\n<title>C\u00f3mo protegerse de los mosquitos - Principios<\/title>\n<meta name=\"robots\" content=\"index, follow, max-snippet:-1, max-image-preview:large, max-video-preview:-1\" \/>\n<link rel=\"canonical\" href=\"https:\/\/diarioprincipios.com\/index.php\/2024\/03\/13\/como-protegerse-de-los-mosquitos\/\" \/>\n<meta property=\"og:locale\" content=\"es_ES\" \/>\n<meta property=\"og:type\" content=\"article\" \/>\n<meta property=\"og:title\" content=\"C\u00f3mo protegerse de los mosquitos - Principios\" \/>\n<meta property=\"og:description\" content=\"La Municipalidad de Berazategui inform\u00f3 cu\u00e1les son las medidas a tomar para protegerse de los mosquitos transmisores de dengue, zika, chikungunya y encefalitis del oeste. El mosquito que circula es de la especie Aedes Albifasciatus, que no transmite dengue, zika ni fiebre chikungunya. Sin embargo, es transmisora del virus de la Encefalitis Equina del Oeste...\" \/>\n<meta property=\"og:url\" content=\"https:\/\/diarioprincipios.com\/index.php\/2024\/03\/13\/como-protegerse-de-los-mosquitos\/\" \/>\n<meta property=\"og:site_name\" content=\"Principios\" \/>\n<meta property=\"article:published_time\" content=\"2024-03-13T15:11:30+00:00\" \/>\n<meta property=\"article:modified_time\" content=\"2024-03-13T15:11:34+00:00\" \/>\n<meta property=\"og:image\" content=\"https:\/\/diarioprincipios.com\/wp-content\/uploads\/2024\/03\/COMO-PROTEGERSE-DE-LOS-MOSQUITOS_3.jpeg\" \/>\n\t<meta property=\"og:image:width\" content=\"1600\" \/>\n\t<meta property=\"og:image:height\" content=\"1066\" \/>\n\t<meta property=\"og:image:type\" content=\"image\/jpeg\" \/>\n<meta name=\"author\" content=\"Hern\u00e1n L\u00f3pez\" \/>\n<meta name=\"twitter:card\" content=\"summary_large_image\" \/>\n<meta name=\"twitter:label1\" content=\"Escrito por\" \/>\n\t<meta name=\"twitter:data1\" content=\"Hern\u00e1n L\u00f3pez\" \/>\n\t<meta name=\"twitter:label2\" content=\"Tiempo de lectura\" \/>\n\t<meta name=\"twitter:data2\" content=\"2 minutos\" \/>\n<script type=\"application\/ld+json\" class=\"yoast-schema-graph\">{\"@context\":\"https:\\\/\\\/schema.org\",\"@graph\":[{\"@type\":\"Article\",\"@id\":\"https:\\\/\\\/diarioprincipios.com\\\/index.php\\\/2024\\\/03\\\/13\\\/como-protegerse-de-los-mosquitos\\\/#article\",\"isPartOf\":{\"@id\":\"https:\\\/\\\/diarioprincipios.com\\\/index.php\\\/2024\\\/03\\\/13\\\/como-protegerse-de-los-mosquitos\\\/\"},\"author\":{\"name\":\"Hern\u00e1n L\u00f3pez\",\"@id\":\"https:\\\/\\\/diarioprincipios.com\\\/#\\\/schema\\\/person\\\/436d5a1fd41a5e250e23ff5a6a7cb080\"},\"headline\":\"C\u00f3mo protegerse de los mosquitos\",\"datePublished\":\"2024-03-13T15:11:30+00:00\",\"dateModified\":\"2024-03-13T15:11:34+00:00\",\"mainEntityOfPage\":{\"@id\":\"https:\\\/\\\/diarioprincipios.com\\\/index.php\\\/2024\\\/03\\\/13\\\/como-protegerse-de-los-mosquitos\\\/\"},\"wordCount\":274,\"commentCount\":0,\"publisher\":{\"@id\":\"https:\\\/\\\/diarioprincipios.com\\\/#organization\"},\"image\":{\"@id\":\"https:\\\/\\\/diarioprincipios.com\\\/index.php\\\/2024\\\/03\\\/13\\\/como-protegerse-de-los-mosquitos\\\/#primaryimage\"},\"thumbnailUrl\":\"https:\\\/\\\/diarioprincipios.com\\\/wp-content\\\/uploads\\\/2024\\\/03\\\/COMO-PROTEGERSE-DE-LOS-MOSQUITOS_3.jpeg\",\"articleSection\":[\"Berazategui\"],\"inLanguage\":\"es\",\"potentialAction\":[{\"@type\":\"CommentAction\",\"name\":\"Comment\",\"target\":[\"https:\\\/\\\/diarioprincipios.com\\\/index.php\\\/2024\\\/03\\\/13\\\/como-protegerse-de-los-mosquitos\\\/#respond\"]}]},{\"@type\":\"WebPage\",\"@id\":\"https:\\\/\\\/diarioprincipios.com\\\/index.php\\\/2024\\\/03\\\/13\\\/como-protegerse-de-los-mosquitos\\\/\",\"url\":\"https:\\\/\\\/diarioprincipios.com\\\/index.php\\\/2024\\\/03\\\/13\\\/como-protegerse-de-los-mosquitos\\\/\",\"name\":\"C\u00f3mo protegerse de los mosquitos - Principios\",\"isPartOf\":{\"@id\":\"https:\\\/\\\/diarioprincipios.com\\\/#website\"},\"primaryImageOfPage\":{\"@id\":\"https:\\\/\\\/diarioprincipios.com\\\/index.php\\\/2024\\\/03\\\/13\\\/como-protegerse-de-los-mosquitos\\\/#primaryimage\"},\"image\":{\"@id\":\"https:\\\/\\\/diarioprincipios.com\\\/index.php\\\/2024\\\/03\\\/13\\\/como-protegerse-de-los-mosquitos\\\/#primaryimage\"},\"thumbnailUrl\":\"https:\\\/\\\/diarioprincipios.com\\\/wp-content\\\/uploads\\\/2024\\\/03\\\/COMO-PROTEGERSE-DE-LOS-MOSQUITOS_3.jpeg\",\"datePublished\":\"2024-03-13T15:11:30+00:00\",\"dateModified\":\"2024-03-13T15:11:34+00:00\",\"breadcrumb\":{\"@id\":\"https:\\\/\\\/diarioprincipios.com\\\/index.php\\\/2024\\\/03\\\/13\\\/como-protegerse-de-los-mosquitos\\\/#breadcrumb\"},\"inLanguage\":\"es\",\"potentialAction\":[{\"@type\":\"ReadAction\",\"target\":[\"https:\\\/\\\/diarioprincipios.com\\\/index.php\\\/2024\\\/03\\\/13\\\/como-protegerse-de-los-mosquitos\\\/\"]}]},{\"@type\":\"ImageObject\",\"inLanguage\":\"es\",\"@id\":\"https:\\\/\\\/diarioprincipios.com\\\/index.php\\\/2024\\\/03\\\/13\\\/como-protegerse-de-los-mosquitos\\\/#primaryimage\",\"url\":\"https:\\\/\\\/diarioprincipios.com\\\/wp-content\\\/uploads\\\/2024\\\/03\\\/COMO-PROTEGERSE-DE-LOS-MOSQUITOS_3.jpeg\",\"contentUrl\":\"https:\\\/\\\/diarioprincipios.com\\\/wp-content\\\/uploads\\\/2024\\\/03\\\/COMO-PROTEGERSE-DE-LOS-MOSQUITOS_3.jpeg\",\"width\":1600,\"height\":1066},{\"@type\":\"BreadcrumbList\",\"@id\":\"https:\\\/\\\/diarioprincipios.com\\\/index.php\\\/2024\\\/03\\\/13\\\/como-protegerse-de-los-mosquitos\\\/#breadcrumb\",\"itemListElement\":[{\"@type\":\"ListItem\",\"position\":1,\"name\":\"Portada\",\"item\":\"https:\\\/\\\/diarioprincipios.com\\\/\"},{\"@type\":\"ListItem\",\"position\":2,\"name\":\"C\u00f3mo protegerse de los mosquitos\"}]},{\"@type\":\"WebSite\",\"@id\":\"https:\\\/\\\/diarioprincipios.com\\\/#website\",\"url\":\"https:\\\/\\\/diarioprincipios.com\\\/\",\"name\":\"Principios\",\"description\":\"Principios Diario\",\"publisher\":{\"@id\":\"https:\\\/\\\/diarioprincipios.com\\\/#organization\"},\"potentialAction\":[{\"@type\":\"SearchAction\",\"target\":{\"@type\":\"EntryPoint\",\"urlTemplate\":\"https:\\\/\\\/diarioprincipios.com\\\/?s={search_term_string}\"},\"query-input\":{\"@type\":\"PropertyValueSpecification\",\"valueRequired\":true,\"valueName\":\"search_term_string\"}}],\"inLanguage\":\"es\"},{\"@type\":\"Organization\",\"@id\":\"https:\\\/\\\/diarioprincipios.com\\\/#organization\",\"name\":\"Principios\",\"url\":\"https:\\\/\\\/diarioprincipios.com\\\/\",\"logo\":{\"@type\":\"ImageObject\",\"inLanguage\":\"es\",\"@id\":\"https:\\\/\\\/diarioprincipios.com\\\/#\\\/schema\\\/logo\\\/image\\\/\",\"url\":\"https:\\\/\\\/diarioprincipios.com\\\/wp-content\\\/uploads\\\/2024\\\/04\\\/cropped-www.diarioprincipios.com_-1.png\",\"contentUrl\":\"https:\\\/\\\/diarioprincipios.com\\\/wp-content\\\/uploads\\\/2024\\\/04\\\/cropped-www.diarioprincipios.com_-1.png\",\"width\":5325,\"height\":1454,\"caption\":\"Principios\"},\"image\":{\"@id\":\"https:\\\/\\\/diarioprincipios.com\\\/#\\\/schema\\\/logo\\\/image\\\/\"}},{\"@type\":\"Person\",\"@id\":\"https:\\\/\\\/diarioprincipios.com\\\/#\\\/schema\\\/person\\\/436d5a1fd41a5e250e23ff5a6a7cb080\",\"name\":\"Hern\u00e1n L\u00f3pez\",\"image\":{\"@type\":\"ImageObject\",\"inLanguage\":\"es\",\"@id\":\"https:\\\/\\\/diarioprincipios.com\\\/wp-content\\\/litespeed\\\/avatar\\\/11ddfe5610ff3bd100522525b2571f48.jpg?ver=1777048341\",\"url\":\"https:\\\/\\\/diarioprincipios.com\\\/wp-content\\\/litespeed\\\/avatar\\\/11ddfe5610ff3bd100522525b2571f48.jpg?ver=1777048341\",\"contentUrl\":\"https:\\\/\\\/diarioprincipios.com\\\/wp-content\\\/litespeed\\\/avatar\\\/11ddfe5610ff3bd100522525b2571f48.jpg?ver=1777048341\",\"caption\":\"Hern\u00e1n L\u00f3pez\"},\"url\":\"https:\\\/\\\/diarioprincipios.com\\\/index.php\\\/author\\\/hernan\\\/\"}]}<\/script>\n<!-- \/ Yoast SEO plugin. -->","yoast_head_json":{"title":"C\u00f3mo protegerse de los mosquitos - Principios","robots":{"index":"index","follow":"follow","max-snippet":"max-snippet:-1","max-image-preview":"max-image-preview:large","max-video-preview":"max-video-preview:-1"},"canonical":"https:\/\/diarioprincipios.com\/index.php\/2024\/03\/13\/como-protegerse-de-los-mosquitos\/","og_locale":"es_ES","og_type":"article","og_title":"C\u00f3mo protegerse de los mosquitos - Principios","og_description":"La Municipalidad de Berazategui inform\u00f3 cu\u00e1les son las medidas a tomar para protegerse de los mosquitos transmisores de dengue, zika, chikungunya y encefalitis del oeste. El mosquito que circula es de la especie Aedes Albifasciatus, que no transmite dengue, zika ni fiebre chikungunya. Sin embargo, es transmisora del virus de la Encefalitis Equina del Oeste...","og_url":"https:\/\/diarioprincipios.com\/index.php\/2024\/03\/13\/como-protegerse-de-los-mosquitos\/","og_site_name":"Principios","article_published_time":"2024-03-13T15:11:30+00:00","article_modified_time":"2024-03-13T15:11:34+00:00","og_image":[{"width":1600,"height":1066,"url":"https:\/\/diarioprincipios.com\/wp-content\/uploads\/2024\/03\/COMO-PROTEGERSE-DE-LOS-MOSQUITOS_3.jpeg","type":"image\/jpeg"}],"author":"Hern\u00e1n L\u00f3pez","twitter_card":"summary_large_image","twitter_misc":{"Escrito por":"Hern\u00e1n L\u00f3pez","Tiempo de lectura":"2 minutos"},"schema":{"@context":"https:\/\/schema.org","@graph":[{"@type":"Article","@id":"https:\/\/diarioprincipios.com\/index.php\/2024\/03\/13\/como-protegerse-de-los-mosquitos\/#article","isPartOf":{"@id":"https:\/\/diarioprincipios.com\/index.php\/2024\/03\/13\/como-protegerse-de-los-mosquitos\/"},"author":{"name":"Hern\u00e1n L\u00f3pez","@id":"https:\/\/diarioprincipios.com\/#\/schema\/person\/436d5a1fd41a5e250e23ff5a6a7cb080"},"headline":"C\u00f3mo protegerse de los mosquitos","datePublished":"2024-03-13T15:11:30+00:00","dateModified":"2024-03-13T15:11:34+00:00","mainEntityOfPage":{"@id":"https:\/\/diarioprincipios.com\/index.php\/2024\/03\/13\/como-protegerse-de-los-mosquitos\/"},"wordCount":274,"commentCount":0,"publisher":{"@id":"https:\/\/diarioprincipios.com\/#organization"},"image":{"@id":"https:\/\/diarioprincipios.com\/index.php\/2024\/03\/13\/como-protegerse-de-los-mosquitos\/#primaryimage"},"thumbnailUrl":"https:\/\/diarioprincipios.com\/wp-content\/uploads\/2024\/03\/COMO-PROTEGERSE-DE-LOS-MOSQUITOS_3.jpeg","articleSection":["Berazategui"],"inLanguage":"es","potentialAction":[{"@type":"CommentAction","name":"Comment","target":["https:\/\/diarioprincipios.com\/index.php\/2024\/03\/13\/como-protegerse-de-los-mosquitos\/#respond"]}]},{"@type":"WebPage","@id":"https:\/\/diarioprincipios.com\/index.php\/2024\/03\/13\/como-protegerse-de-los-mosquitos\/","url":"https:\/\/diarioprincipios.com\/index.php\/2024\/03\/13\/como-protegerse-de-los-mosquitos\/","name":"C\u00f3mo protegerse de los mosquitos - Principios","isPartOf":{"@id":"https:\/\/diarioprincipios.com\/#website"},"primaryImageOfPage":{"@id":"https:\/\/diarioprincipios.com\/index.php\/2024\/03\/13\/como-protegerse-de-los-mosquitos\/#primaryimage"},"image":{"@id":"https:\/\/diarioprincipios.com\/index.php\/2024\/03\/13\/como-protegerse-de-los-mosquitos\/#primaryimage"},"thumbnailUrl":"https:\/\/diarioprincipios.com\/wp-content\/uploads\/2024\/03\/COMO-PROTEGERSE-DE-LOS-MOSQUITOS_3.jpeg","datePublished":"2024-03-13T15:11:30+00:00","dateModified":"2024-03-13T15:11:34+00:00","breadcrumb":{"@id":"https:\/\/diarioprincipios.com\/index.php\/2024\/03\/13\/como-protegerse-de-los-mosquitos\/#breadcrumb"},"inLanguage":"es","potentialAction":[{"@type":"ReadAction","target":["https:\/\/diarioprincipios.com\/index.php\/2024\/03\/13\/como-protegerse-de-los-mosquitos\/"]}]},{"@type":"ImageObject","inLanguage":"es","@id":"https:\/\/diarioprincipios.com\/index.php\/2024\/03\/13\/como-protegerse-de-los-mosquitos\/#primaryimage","url":"https:\/\/diarioprincipios.com\/wp-content\/uploads\/2024\/03\/COMO-PROTEGERSE-DE-LOS-MOSQUITOS_3.jpeg","contentUrl":"https:\/\/diarioprincipios.com\/wp-content\/uploads\/2024\/03\/COMO-PROTEGERSE-DE-LOS-MOSQUITOS_3.jpeg","width":1600,"height":1066},{"@type":"BreadcrumbList","@id":"https:\/\/diarioprincipios.com\/index.php\/2024\/03\/13\/como-protegerse-de-los-mosquitos\/#breadcrumb","itemListElement":[{"@type":"ListItem","position":1,"name":"Portada","item":"https:\/\/diarioprincipios.com\/"},{"@type":"ListItem","position":2,"name":"C\u00f3mo protegerse de los mosquitos"}]},{"@type":"WebSite","@id":"https:\/\/diarioprincipios.com\/#website","url":"https:\/\/diarioprincipios.com\/","name":"Principios","description":"Principios Diario","publisher":{"@id":"https:\/\/diarioprincipios.com\/#organization"},"potentialAction":[{"@type":"SearchAction","target":{"@type":"EntryPoint","urlTemplate":"https:\/\/diarioprincipios.com\/?s={search_term_string}"},"query-input":{"@type":"PropertyValueSpecification","valueRequired":true,"valueName":"search_term_string"}}],"inLanguage":"es"},{"@type":"Organization","@id":"https:\/\/diarioprincipios.com\/#organization","name":"Principios","url":"https:\/\/diarioprincipios.com\/","logo":{"@type":"ImageObject","inLanguage":"es","@id":"https:\/\/diarioprincipios.com\/#\/schema\/logo\/image\/","url":"https:\/\/diarioprincipios.com\/wp-content\/uploads\/2024\/04\/cropped-www.diarioprincipios.com_-1.png","contentUrl":"https:\/\/diarioprincipios.com\/wp-content\/uploads\/2024\/04\/cropped-www.diarioprincipios.com_-1.png","width":5325,"height":1454,"caption":"Principios"},"image":{"@id":"https:\/\/diarioprincipios.com\/#\/schema\/logo\/image\/"}},{"@type":"Person","@id":"https:\/\/diarioprincipios.com\/#\/schema\/person\/436d5a1fd41a5e250e23ff5a6a7cb080","name":"Hern\u00e1n L\u00f3pez","image":{"@type":"ImageObject","inLanguage":"es","@id":"https:\/\/diarioprincipios.com\/wp-content\/litespeed\/avatar\/11ddfe5610ff3bd100522525b2571f48.jpg?ver=1777048341","url":"https:\/\/diarioprincipios.com\/wp-content\/litespeed\/avatar\/11ddfe5610ff3bd100522525b2571f48.jpg?ver=1777048341","contentUrl":"https:\/\/diarioprincipios.com\/wp-content\/litespeed\/avatar\/11ddfe5610ff3bd100522525b2571f48.jpg?ver=1777048341","caption":"Hern\u00e1n L\u00f3pez"},"url":"https:\/\/diarioprincipios.com\/index.php\/author\/hernan\/"}]}},"jetpack_featured_media_url":"https:\/\/diarioprincipios.com\/wp-content\/uploads\/2024\/03\/COMO-PROTEGERSE-DE-LOS-MOSQUITOS_3.jpeg","_links":{"self":[{"href":"https:\/\/diarioprincipios.com\/index.php\/wp-json\/wp\/v2\/posts\/21099","targetHints":{"allow":["GET"]}}],"collection":[{"href":"https:\/\/diarioprincipios.com\/index.php\/wp-json\/wp\/v2\/posts"}],"about":[{"href":"https:\/\/diarioprincipios.com\/index.php\/wp-json\/wp\/v2\/types\/post"}],"author":[{"embeddable":true,"href":"https:\/\/diarioprincipios.com\/index.php\/wp-json\/wp\/v2\/users\/2"}],"replies":[{"embeddable":true,"href":"https:\/\/diarioprincipios.com\/index.php\/wp-json\/wp\/v2\/comments?post=21099"}],"version-history":[{"count":1,"href":"https:\/\/diarioprincipios.com\/index.php\/wp-json\/wp\/v2\/posts\/21099\/revisions"}],"predecessor-version":[{"id":21103,"href":"https:\/\/diarioprincipios.com\/index.php\/wp-json\/wp\/v2\/posts\/21099\/revisions\/21103"}],"wp:featuredmedia":[{"embeddable":true,"href":"https:\/\/diarioprincipios.com\/index.php\/wp-json\/wp\/v2\/media\/21102"}],"wp:attachment":[{"href":"https:\/\/diarioprincipios.com\/index.php\/wp-json\/wp\/v2\/media?parent=21099"}],"wp:term":[{"taxonomy":"category","embeddable":true,"href":"https:\/\/diarioprincipios.com\/index.php\/wp-json\/wp\/v2\/categories?post=21099"},{"taxonomy":"post_tag","embeddable":true,"href":"https:\/\/diarioprincipios.com\/index.php\/wp-json\/wp\/v2\/tags?post=21099"}],"curies":[{"name":"wp","href":"https:\/\/api.w.org\/{rel}","templated":true}]}}