{"id":21025,"date":"2024-03-07T16:50:59","date_gmt":"2024-03-07T19:50:59","guid":{"rendered":"http:\/\/diarioprincipios.com\/?p=21025"},"modified":"2024-03-07T16:51:03","modified_gmt":"2024-03-07T19:51:03","slug":"mussi-inauguro-nuevos-pavimentos","status":"publish","type":"post","link":"https:\/\/diarioprincipios.com\/index.php\/2024\/03\/07\/mussi-inauguro-nuevos-pavimentos\/","title":{"rendered":"Mussi inaugur\u00f3 nuevos pavimentos"},"content":{"rendered":"\n<p><strong>Se inauguraron obras de pavimentaci\u00f3n en el barrio 8 de Noviembre, en un acto que fue encabezado por el intendente de Berazategui, Juan Jos\u00e9 Mussi. Corresponden a nueve cuadras en los tramos comprendidos por las calles 105 A e\/ 24 y 25 B; y 25 A y B e\/ 106 y Ruta 36. Los trabajos fueron realizados \u00edntegramente con fondos municipales, a trav\u00e9s de la Secretar\u00eda de Obras P\u00fablicas.<\/strong><\/p>\n\n\n\n<figure class=\"wp-block-image size-large\"><img loading=\"lazy\" decoding=\"async\" width=\"1024\" height=\"683\" src=\"https:\/\/diarioprincipios.com\/wp-content\/uploads\/2024\/03\/MUSSI-INAUGURO-NUEVOS-PAVIMENTOS-3-1-1024x683.jpg\" alt=\"\" class=\"wp-image-21027\" srcset=\"https:\/\/diarioprincipios.com\/wp-content\/uploads\/2024\/03\/MUSSI-INAUGURO-NUEVOS-PAVIMENTOS-3-1-1024x683.jpg 1024w, https:\/\/diarioprincipios.com\/wp-content\/uploads\/2024\/03\/MUSSI-INAUGURO-NUEVOS-PAVIMENTOS-3-1-300x200.jpg 300w, https:\/\/diarioprincipios.com\/wp-content\/uploads\/2024\/03\/MUSSI-INAUGURO-NUEVOS-PAVIMENTOS-3-1-768x512.jpg 768w, https:\/\/diarioprincipios.com\/wp-content\/uploads\/2024\/03\/MUSSI-INAUGURO-NUEVOS-PAVIMENTOS-3-1-1536x1024.jpg 1536w, https:\/\/diarioprincipios.com\/wp-content\/uploads\/2024\/03\/MUSSI-INAUGURO-NUEVOS-PAVIMENTOS-3-1.jpg 1920w\" sizes=\"auto, (max-width: 1024px) 100vw, 1024px\" \/><\/figure>\n\n\n\n<p>En este sentido, Mussi resalt\u00f3: \u201cCon muchos de estos vecinos arrancamos juntos hace 36 a\u00f1os. Venir al barrio y pisar estas calles asfaltadas es una gran alegr\u00eda\u201d. Adem\u00e1s, el Intendente le pidi\u00f3 a los presentes \u201cque no aflojemos, porque este es un momento dif\u00edcil. Tenemos que estar m\u00e1s unidos que nunca\u201d.<\/p>\n\n\n\n<figure class=\"wp-block-image size-large\"><img loading=\"lazy\" decoding=\"async\" width=\"1024\" height=\"683\" src=\"https:\/\/diarioprincipios.com\/wp-content\/uploads\/2024\/03\/MUSSI-INAUGURO-NUEVOS-PAVIMENTOS-4-1024x683.jpg\" alt=\"\" class=\"wp-image-21028\" srcset=\"https:\/\/diarioprincipios.com\/wp-content\/uploads\/2024\/03\/MUSSI-INAUGURO-NUEVOS-PAVIMENTOS-4-1024x683.jpg 1024w, https:\/\/diarioprincipios.com\/wp-content\/uploads\/2024\/03\/MUSSI-INAUGURO-NUEVOS-PAVIMENTOS-4-300x200.jpg 300w, https:\/\/diarioprincipios.com\/wp-content\/uploads\/2024\/03\/MUSSI-INAUGURO-NUEVOS-PAVIMENTOS-4-768x512.jpg 768w, https:\/\/diarioprincipios.com\/wp-content\/uploads\/2024\/03\/MUSSI-INAUGURO-NUEVOS-PAVIMENTOS-4-1536x1024.jpg 1536w, https:\/\/diarioprincipios.com\/wp-content\/uploads\/2024\/03\/MUSSI-INAUGURO-NUEVOS-PAVIMENTOS-4.jpg 1920w\" sizes=\"auto, (max-width: 1024px) 100vw, 1024px\" \/><\/figure>\n\n\n\n<p>Por su parte, Liliana Novarese, vecina de la zona, expres\u00f3: \u201cEstoy muy emocionada. El Dr. Mussi siempre dice que el asfalto dignifica. Por eso, le agradezco por estas obras, que s\u00e9 que se hicieron con mucho esfuerzo y que nos permiten crecer como barrio y estar m\u00e1s unidos entre todos\u201d.<\/p>\n","protected":false},"excerpt":{"rendered":"<p>Se inauguraron obras de pavimentaci\u00f3n en el barrio 8 de Noviembre, en un acto que fue encabezado por el intendente de Berazategui, Juan Jos\u00e9 Mussi. Corresponden a nueve cuadras en los tramos comprendidos por las calles 105 A e\/ 24 y 25 B; y 25 A y B e\/ 106 y Ruta 36. Los trabajos&#8230;<\/p>\n","protected":false},"author":2,"featured_media":21029,"comment_status":"open","ping_status":"open","sticky":false,"template":"","format":"standard","meta":{"footnotes":""},"categories":[3],"tags":[],"class_list":["post-21025","post","type-post","status-publish","format-standard","has-post-thumbnail","hentry","category-berazategui"],"featured_image_src":"https:\/\/diarioprincipios.com\/wp-content\/uploads\/2024\/03\/MUSSI-INAUGURO-NUEVOS-PAVIMENTOS-5-1024x683.jpg","blog_images":{"medium":"https:\/\/diarioprincipios.com\/wp-content\/uploads\/2024\/03\/MUSSI-INAUGURO-NUEVOS-PAVIMENTOS-5-300x200.jpg","large":"https:\/\/diarioprincipios.com\/wp-content\/uploads\/2024\/03\/MUSSI-INAUGURO-NUEVOS-PAVIMENTOS-5-1024x683.jpg"},"ams_acf":[],"yoast_head":"<!-- This site is optimized with the Yoast SEO plugin v27.3 - https:\/\/yoast.com\/product\/yoast-seo-wordpress\/ -->\n<title>Mussi inaugur\u00f3 nuevos pavimentos - Principios<\/title>\n<meta name=\"robots\" content=\"index, follow, max-snippet:-1, max-image-preview:large, max-video-preview:-1\" \/>\n<link rel=\"canonical\" href=\"https:\/\/diarioprincipios.com\/index.php\/2024\/03\/07\/mussi-inauguro-nuevos-pavimentos\/\" \/>\n<meta property=\"og:locale\" content=\"es_ES\" \/>\n<meta property=\"og:type\" content=\"article\" \/>\n<meta property=\"og:title\" content=\"Mussi inaugur\u00f3 nuevos pavimentos - Principios\" \/>\n<meta property=\"og:description\" content=\"Se inauguraron obras de pavimentaci\u00f3n en el barrio 8 de Noviembre, en un acto que fue encabezado por el intendente de Berazategui, Juan Jos\u00e9 Mussi. Corresponden a nueve cuadras en los tramos comprendidos por las calles 105 A e\/ 24 y 25 B; y 25 A y B e\/ 106 y Ruta 36. Los trabajos...\" \/>\n<meta property=\"og:url\" content=\"https:\/\/diarioprincipios.com\/index.php\/2024\/03\/07\/mussi-inauguro-nuevos-pavimentos\/\" \/>\n<meta property=\"og:site_name\" content=\"Principios\" \/>\n<meta property=\"article:published_time\" content=\"2024-03-07T19:50:59+00:00\" \/>\n<meta property=\"article:modified_time\" content=\"2024-03-07T19:51:03+00:00\" \/>\n<meta property=\"og:image\" content=\"https:\/\/diarioprincipios.com\/wp-content\/uploads\/2024\/03\/MUSSI-INAUGURO-NUEVOS-PAVIMENTOS-5.jpg\" \/>\n\t<meta property=\"og:image:width\" content=\"1920\" \/>\n\t<meta property=\"og:image:height\" content=\"1280\" \/>\n\t<meta property=\"og:image:type\" content=\"image\/jpeg\" \/>\n<meta name=\"author\" content=\"Hern\u00e1n L\u00f3pez\" \/>\n<meta name=\"twitter:card\" content=\"summary_large_image\" \/>\n<meta name=\"twitter:label1\" content=\"Escrito por\" \/>\n\t<meta name=\"twitter:data1\" content=\"Hern\u00e1n L\u00f3pez\" \/>\n\t<meta name=\"twitter:label2\" content=\"Tiempo de lectura\" \/>\n\t<meta name=\"twitter:data2\" content=\"2 minutos\" \/>\n<script type=\"application\/ld+json\" class=\"yoast-schema-graph\">{\"@context\":\"https:\\\/\\\/schema.org\",\"@graph\":[{\"@type\":\"Article\",\"@id\":\"https:\\\/\\\/diarioprincipios.com\\\/index.php\\\/2024\\\/03\\\/07\\\/mussi-inauguro-nuevos-pavimentos\\\/#article\",\"isPartOf\":{\"@id\":\"https:\\\/\\\/diarioprincipios.com\\\/index.php\\\/2024\\\/03\\\/07\\\/mussi-inauguro-nuevos-pavimentos\\\/\"},\"author\":{\"name\":\"Hern\u00e1n L\u00f3pez\",\"@id\":\"https:\\\/\\\/diarioprincipios.com\\\/#\\\/schema\\\/person\\\/436d5a1fd41a5e250e23ff5a6a7cb080\"},\"headline\":\"Mussi inaugur\u00f3 nuevos pavimentos\",\"datePublished\":\"2024-03-07T19:50:59+00:00\",\"dateModified\":\"2024-03-07T19:51:03+00:00\",\"mainEntityOfPage\":{\"@id\":\"https:\\\/\\\/diarioprincipios.com\\\/index.php\\\/2024\\\/03\\\/07\\\/mussi-inauguro-nuevos-pavimentos\\\/\"},\"wordCount\":176,\"commentCount\":0,\"publisher\":{\"@id\":\"https:\\\/\\\/diarioprincipios.com\\\/#organization\"},\"image\":{\"@id\":\"https:\\\/\\\/diarioprincipios.com\\\/index.php\\\/2024\\\/03\\\/07\\\/mussi-inauguro-nuevos-pavimentos\\\/#primaryimage\"},\"thumbnailUrl\":\"https:\\\/\\\/diarioprincipios.com\\\/wp-content\\\/uploads\\\/2024\\\/03\\\/MUSSI-INAUGURO-NUEVOS-PAVIMENTOS-5.jpg\",\"articleSection\":[\"Berazategui\"],\"inLanguage\":\"es\",\"potentialAction\":[{\"@type\":\"CommentAction\",\"name\":\"Comment\",\"target\":[\"https:\\\/\\\/diarioprincipios.com\\\/index.php\\\/2024\\\/03\\\/07\\\/mussi-inauguro-nuevos-pavimentos\\\/#respond\"]}]},{\"@type\":\"WebPage\",\"@id\":\"https:\\\/\\\/diarioprincipios.com\\\/index.php\\\/2024\\\/03\\\/07\\\/mussi-inauguro-nuevos-pavimentos\\\/\",\"url\":\"https:\\\/\\\/diarioprincipios.com\\\/index.php\\\/2024\\\/03\\\/07\\\/mussi-inauguro-nuevos-pavimentos\\\/\",\"name\":\"Mussi inaugur\u00f3 nuevos pavimentos - Principios\",\"isPartOf\":{\"@id\":\"https:\\\/\\\/diarioprincipios.com\\\/#website\"},\"primaryImageOfPage\":{\"@id\":\"https:\\\/\\\/diarioprincipios.com\\\/index.php\\\/2024\\\/03\\\/07\\\/mussi-inauguro-nuevos-pavimentos\\\/#primaryimage\"},\"image\":{\"@id\":\"https:\\\/\\\/diarioprincipios.com\\\/index.php\\\/2024\\\/03\\\/07\\\/mussi-inauguro-nuevos-pavimentos\\\/#primaryimage\"},\"thumbnailUrl\":\"https:\\\/\\\/diarioprincipios.com\\\/wp-content\\\/uploads\\\/2024\\\/03\\\/MUSSI-INAUGURO-NUEVOS-PAVIMENTOS-5.jpg\",\"datePublished\":\"2024-03-07T19:50:59+00:00\",\"dateModified\":\"2024-03-07T19:51:03+00:00\",\"breadcrumb\":{\"@id\":\"https:\\\/\\\/diarioprincipios.com\\\/index.php\\\/2024\\\/03\\\/07\\\/mussi-inauguro-nuevos-pavimentos\\\/#breadcrumb\"},\"inLanguage\":\"es\",\"potentialAction\":[{\"@type\":\"ReadAction\",\"target\":[\"https:\\\/\\\/diarioprincipios.com\\\/index.php\\\/2024\\\/03\\\/07\\\/mussi-inauguro-nuevos-pavimentos\\\/\"]}]},{\"@type\":\"ImageObject\",\"inLanguage\":\"es\",\"@id\":\"https:\\\/\\\/diarioprincipios.com\\\/index.php\\\/2024\\\/03\\\/07\\\/mussi-inauguro-nuevos-pavimentos\\\/#primaryimage\",\"url\":\"https:\\\/\\\/diarioprincipios.com\\\/wp-content\\\/uploads\\\/2024\\\/03\\\/MUSSI-INAUGURO-NUEVOS-PAVIMENTOS-5.jpg\",\"contentUrl\":\"https:\\\/\\\/diarioprincipios.com\\\/wp-content\\\/uploads\\\/2024\\\/03\\\/MUSSI-INAUGURO-NUEVOS-PAVIMENTOS-5.jpg\",\"width\":1920,\"height\":1280},{\"@type\":\"BreadcrumbList\",\"@id\":\"https:\\\/\\\/diarioprincipios.com\\\/index.php\\\/2024\\\/03\\\/07\\\/mussi-inauguro-nuevos-pavimentos\\\/#breadcrumb\",\"itemListElement\":[{\"@type\":\"ListItem\",\"position\":1,\"name\":\"Portada\",\"item\":\"https:\\\/\\\/diarioprincipios.com\\\/\"},{\"@type\":\"ListItem\",\"position\":2,\"name\":\"Mussi inaugur\u00f3 nuevos pavimentos\"}]},{\"@type\":\"WebSite\",\"@id\":\"https:\\\/\\\/diarioprincipios.com\\\/#website\",\"url\":\"https:\\\/\\\/diarioprincipios.com\\\/\",\"name\":\"Principios\",\"description\":\"Principios Diario\",\"publisher\":{\"@id\":\"https:\\\/\\\/diarioprincipios.com\\\/#organization\"},\"potentialAction\":[{\"@type\":\"SearchAction\",\"target\":{\"@type\":\"EntryPoint\",\"urlTemplate\":\"https:\\\/\\\/diarioprincipios.com\\\/?s={search_term_string}\"},\"query-input\":{\"@type\":\"PropertyValueSpecification\",\"valueRequired\":true,\"valueName\":\"search_term_string\"}}],\"inLanguage\":\"es\"},{\"@type\":\"Organization\",\"@id\":\"https:\\\/\\\/diarioprincipios.com\\\/#organization\",\"name\":\"Principios\",\"url\":\"https:\\\/\\\/diarioprincipios.com\\\/\",\"logo\":{\"@type\":\"ImageObject\",\"inLanguage\":\"es\",\"@id\":\"https:\\\/\\\/diarioprincipios.com\\\/#\\\/schema\\\/logo\\\/image\\\/\",\"url\":\"https:\\\/\\\/diarioprincipios.com\\\/wp-content\\\/uploads\\\/2024\\\/04\\\/cropped-www.diarioprincipios.com_-1.png\",\"contentUrl\":\"https:\\\/\\\/diarioprincipios.com\\\/wp-content\\\/uploads\\\/2024\\\/04\\\/cropped-www.diarioprincipios.com_-1.png\",\"width\":5325,\"height\":1454,\"caption\":\"Principios\"},\"image\":{\"@id\":\"https:\\\/\\\/diarioprincipios.com\\\/#\\\/schema\\\/logo\\\/image\\\/\"}},{\"@type\":\"Person\",\"@id\":\"https:\\\/\\\/diarioprincipios.com\\\/#\\\/schema\\\/person\\\/436d5a1fd41a5e250e23ff5a6a7cb080\",\"name\":\"Hern\u00e1n L\u00f3pez\",\"image\":{\"@type\":\"ImageObject\",\"inLanguage\":\"es\",\"@id\":\"https:\\\/\\\/diarioprincipios.com\\\/wp-content\\\/litespeed\\\/avatar\\\/11ddfe5610ff3bd100522525b2571f48.jpg?ver=1777048341\",\"url\":\"https:\\\/\\\/diarioprincipios.com\\\/wp-content\\\/litespeed\\\/avatar\\\/11ddfe5610ff3bd100522525b2571f48.jpg?ver=1777048341\",\"contentUrl\":\"https:\\\/\\\/diarioprincipios.com\\\/wp-content\\\/litespeed\\\/avatar\\\/11ddfe5610ff3bd100522525b2571f48.jpg?ver=1777048341\",\"caption\":\"Hern\u00e1n L\u00f3pez\"},\"url\":\"https:\\\/\\\/diarioprincipios.com\\\/index.php\\\/author\\\/hernan\\\/\"}]}<\/script>\n<!-- \/ Yoast SEO plugin. -->","yoast_head_json":{"title":"Mussi inaugur\u00f3 nuevos pavimentos - Principios","robots":{"index":"index","follow":"follow","max-snippet":"max-snippet:-1","max-image-preview":"max-image-preview:large","max-video-preview":"max-video-preview:-1"},"canonical":"https:\/\/diarioprincipios.com\/index.php\/2024\/03\/07\/mussi-inauguro-nuevos-pavimentos\/","og_locale":"es_ES","og_type":"article","og_title":"Mussi inaugur\u00f3 nuevos pavimentos - Principios","og_description":"Se inauguraron obras de pavimentaci\u00f3n en el barrio 8 de Noviembre, en un acto que fue encabezado por el intendente de Berazategui, Juan Jos\u00e9 Mussi. Corresponden a nueve cuadras en los tramos comprendidos por las calles 105 A e\/ 24 y 25 B; y 25 A y B e\/ 106 y Ruta 36. Los trabajos...","og_url":"https:\/\/diarioprincipios.com\/index.php\/2024\/03\/07\/mussi-inauguro-nuevos-pavimentos\/","og_site_name":"Principios","article_published_time":"2024-03-07T19:50:59+00:00","article_modified_time":"2024-03-07T19:51:03+00:00","og_image":[{"width":1920,"height":1280,"url":"https:\/\/diarioprincipios.com\/wp-content\/uploads\/2024\/03\/MUSSI-INAUGURO-NUEVOS-PAVIMENTOS-5.jpg","type":"image\/jpeg"}],"author":"Hern\u00e1n L\u00f3pez","twitter_card":"summary_large_image","twitter_misc":{"Escrito por":"Hern\u00e1n L\u00f3pez","Tiempo de lectura":"2 minutos"},"schema":{"@context":"https:\/\/schema.org","@graph":[{"@type":"Article","@id":"https:\/\/diarioprincipios.com\/index.php\/2024\/03\/07\/mussi-inauguro-nuevos-pavimentos\/#article","isPartOf":{"@id":"https:\/\/diarioprincipios.com\/index.php\/2024\/03\/07\/mussi-inauguro-nuevos-pavimentos\/"},"author":{"name":"Hern\u00e1n L\u00f3pez","@id":"https:\/\/diarioprincipios.com\/#\/schema\/person\/436d5a1fd41a5e250e23ff5a6a7cb080"},"headline":"Mussi inaugur\u00f3 nuevos pavimentos","datePublished":"2024-03-07T19:50:59+00:00","dateModified":"2024-03-07T19:51:03+00:00","mainEntityOfPage":{"@id":"https:\/\/diarioprincipios.com\/index.php\/2024\/03\/07\/mussi-inauguro-nuevos-pavimentos\/"},"wordCount":176,"commentCount":0,"publisher":{"@id":"https:\/\/diarioprincipios.com\/#organization"},"image":{"@id":"https:\/\/diarioprincipios.com\/index.php\/2024\/03\/07\/mussi-inauguro-nuevos-pavimentos\/#primaryimage"},"thumbnailUrl":"https:\/\/diarioprincipios.com\/wp-content\/uploads\/2024\/03\/MUSSI-INAUGURO-NUEVOS-PAVIMENTOS-5.jpg","articleSection":["Berazategui"],"inLanguage":"es","potentialAction":[{"@type":"CommentAction","name":"Comment","target":["https:\/\/diarioprincipios.com\/index.php\/2024\/03\/07\/mussi-inauguro-nuevos-pavimentos\/#respond"]}]},{"@type":"WebPage","@id":"https:\/\/diarioprincipios.com\/index.php\/2024\/03\/07\/mussi-inauguro-nuevos-pavimentos\/","url":"https:\/\/diarioprincipios.com\/index.php\/2024\/03\/07\/mussi-inauguro-nuevos-pavimentos\/","name":"Mussi inaugur\u00f3 nuevos pavimentos - Principios","isPartOf":{"@id":"https:\/\/diarioprincipios.com\/#website"},"primaryImageOfPage":{"@id":"https:\/\/diarioprincipios.com\/index.php\/2024\/03\/07\/mussi-inauguro-nuevos-pavimentos\/#primaryimage"},"image":{"@id":"https:\/\/diarioprincipios.com\/index.php\/2024\/03\/07\/mussi-inauguro-nuevos-pavimentos\/#primaryimage"},"thumbnailUrl":"https:\/\/diarioprincipios.com\/wp-content\/uploads\/2024\/03\/MUSSI-INAUGURO-NUEVOS-PAVIMENTOS-5.jpg","datePublished":"2024-03-07T19:50:59+00:00","dateModified":"2024-03-07T19:51:03+00:00","breadcrumb":{"@id":"https:\/\/diarioprincipios.com\/index.php\/2024\/03\/07\/mussi-inauguro-nuevos-pavimentos\/#breadcrumb"},"inLanguage":"es","potentialAction":[{"@type":"ReadAction","target":["https:\/\/diarioprincipios.com\/index.php\/2024\/03\/07\/mussi-inauguro-nuevos-pavimentos\/"]}]},{"@type":"ImageObject","inLanguage":"es","@id":"https:\/\/diarioprincipios.com\/index.php\/2024\/03\/07\/mussi-inauguro-nuevos-pavimentos\/#primaryimage","url":"https:\/\/diarioprincipios.com\/wp-content\/uploads\/2024\/03\/MUSSI-INAUGURO-NUEVOS-PAVIMENTOS-5.jpg","contentUrl":"https:\/\/diarioprincipios.com\/wp-content\/uploads\/2024\/03\/MUSSI-INAUGURO-NUEVOS-PAVIMENTOS-5.jpg","width":1920,"height":1280},{"@type":"BreadcrumbList","@id":"https:\/\/diarioprincipios.com\/index.php\/2024\/03\/07\/mussi-inauguro-nuevos-pavimentos\/#breadcrumb","itemListElement":[{"@type":"ListItem","position":1,"name":"Portada","item":"https:\/\/diarioprincipios.com\/"},{"@type":"ListItem","position":2,"name":"Mussi inaugur\u00f3 nuevos pavimentos"}]},{"@type":"WebSite","@id":"https:\/\/diarioprincipios.com\/#website","url":"https:\/\/diarioprincipios.com\/","name":"Principios","description":"Principios Diario","publisher":{"@id":"https:\/\/diarioprincipios.com\/#organization"},"potentialAction":[{"@type":"SearchAction","target":{"@type":"EntryPoint","urlTemplate":"https:\/\/diarioprincipios.com\/?s={search_term_string}"},"query-input":{"@type":"PropertyValueSpecification","valueRequired":true,"valueName":"search_term_string"}}],"inLanguage":"es"},{"@type":"Organization","@id":"https:\/\/diarioprincipios.com\/#organization","name":"Principios","url":"https:\/\/diarioprincipios.com\/","logo":{"@type":"ImageObject","inLanguage":"es","@id":"https:\/\/diarioprincipios.com\/#\/schema\/logo\/image\/","url":"https:\/\/diarioprincipios.com\/wp-content\/uploads\/2024\/04\/cropped-www.diarioprincipios.com_-1.png","contentUrl":"https:\/\/diarioprincipios.com\/wp-content\/uploads\/2024\/04\/cropped-www.diarioprincipios.com_-1.png","width":5325,"height":1454,"caption":"Principios"},"image":{"@id":"https:\/\/diarioprincipios.com\/#\/schema\/logo\/image\/"}},{"@type":"Person","@id":"https:\/\/diarioprincipios.com\/#\/schema\/person\/436d5a1fd41a5e250e23ff5a6a7cb080","name":"Hern\u00e1n L\u00f3pez","image":{"@type":"ImageObject","inLanguage":"es","@id":"https:\/\/diarioprincipios.com\/wp-content\/litespeed\/avatar\/11ddfe5610ff3bd100522525b2571f48.jpg?ver=1777048341","url":"https:\/\/diarioprincipios.com\/wp-content\/litespeed\/avatar\/11ddfe5610ff3bd100522525b2571f48.jpg?ver=1777048341","contentUrl":"https:\/\/diarioprincipios.com\/wp-content\/litespeed\/avatar\/11ddfe5610ff3bd100522525b2571f48.jpg?ver=1777048341","caption":"Hern\u00e1n L\u00f3pez"},"url":"https:\/\/diarioprincipios.com\/index.php\/author\/hernan\/"}]}},"jetpack_featured_media_url":"https:\/\/diarioprincipios.com\/wp-content\/uploads\/2024\/03\/MUSSI-INAUGURO-NUEVOS-PAVIMENTOS-5.jpg","_links":{"self":[{"href":"https:\/\/diarioprincipios.com\/index.php\/wp-json\/wp\/v2\/posts\/21025","targetHints":{"allow":["GET"]}}],"collection":[{"href":"https:\/\/diarioprincipios.com\/index.php\/wp-json\/wp\/v2\/posts"}],"about":[{"href":"https:\/\/diarioprincipios.com\/index.php\/wp-json\/wp\/v2\/types\/post"}],"author":[{"embeddable":true,"href":"https:\/\/diarioprincipios.com\/index.php\/wp-json\/wp\/v2\/users\/2"}],"replies":[{"embeddable":true,"href":"https:\/\/diarioprincipios.com\/index.php\/wp-json\/wp\/v2\/comments?post=21025"}],"version-history":[{"count":1,"href":"https:\/\/diarioprincipios.com\/index.php\/wp-json\/wp\/v2\/posts\/21025\/revisions"}],"predecessor-version":[{"id":21030,"href":"https:\/\/diarioprincipios.com\/index.php\/wp-json\/wp\/v2\/posts\/21025\/revisions\/21030"}],"wp:featuredmedia":[{"embeddable":true,"href":"https:\/\/diarioprincipios.com\/index.php\/wp-json\/wp\/v2\/media\/21029"}],"wp:attachment":[{"href":"https:\/\/diarioprincipios.com\/index.php\/wp-json\/wp\/v2\/media?parent=21025"}],"wp:term":[{"taxonomy":"category","embeddable":true,"href":"https:\/\/diarioprincipios.com\/index.php\/wp-json\/wp\/v2\/categories?post=21025"},{"taxonomy":"post_tag","embeddable":true,"href":"https:\/\/diarioprincipios.com\/index.php\/wp-json\/wp\/v2\/tags?post=21025"}],"curies":[{"name":"wp","href":"https:\/\/api.w.org\/{rel}","templated":true}]}}