{"id":2102,"date":"2020-05-25T18:13:03","date_gmt":"2020-05-25T21:13:03","guid":{"rendered":"http:\/\/diarioprincipios.com\/?p=2102"},"modified":"2020-05-25T18:13:05","modified_gmt":"2020-05-25T21:13:05","slug":"detalles-del-aislamiento-comunitario-estricto-por-15-dias-en-villa-azul","status":"publish","type":"post","link":"https:\/\/diarioprincipios.com\/index.php\/2020\/05\/25\/detalles-del-aislamiento-comunitario-estricto-por-15-dias-en-villa-azul\/","title":{"rendered":"Detalles del aislamiento comunitario estricto por 15 d\u00edas en Villa Azul"},"content":{"rendered":"\n<p>Se dispuso el aislamiento comunitario estricto por el t\u00e9rmino de 15 d\u00edas en Villa Azul. Habr\u00e1 una evaluaci\u00f3n dentro de 15 d\u00edas sobre los resultados del aislamiento. Hoy se considera contacto estrecho a todo el barrio.<\/p>\n\n\n\n<p>El barrio est\u00e1 cerrado por las fuerzas de seguridad entre las calles Lincoln, Ram\u00f3n Franco, acceso sudeste y Sargento Cabral. Nadie puede salir salvo criterio sanitario.<\/p>\n\n\n\n<p>Cantidad de agentes de distintas fuerzas en el barrio: 300 (100 por turno).<\/p>\n\n\n\n<p>A cada vecino y vecina se les va asegurar comida, elementos de limpieza, desinfecci\u00f3n e higiene personal. Se va relevar qu\u00e9 necesidades tienen para evitar que salgan (ej. Alimentos para cel\u00edacos, remedios, etc).<\/p>\n\n\n\n<p>Se van a instalar dos m\u00f3dulos del Ministerio de Salud de la Naci\u00f3n dentro del barrio.<\/p>\n\n\n\n<p>Todos los casos confirmados, con s\u00edntomas leves, van a un centro de aislamiento (Ej. UNQ). Si no tiene s\u00edntomas leves van al Hospital. El objetivo es que aquellos que presentan s\u00edntomas parecidos al COVID no sigan en el barrio.<\/p>\n\n\n\n<p>Es importante destacar la buena predisposici\u00f3n de los vecinos y de las vecinas. Para la organizaci\u00f3n &nbsp;de todo este trabajo, se est\u00e1 articulando con los referentes del barrio. Se tom\u00f3 la decisi\u00f3n de dividir por zona, y se camina el barrio con cada referente y una cantidad de promotores de salud. (Total. 50 promotores de salud).<\/p>\n\n\n\n<p>El operativo de salud consiste en identificar casos sintom\u00e1ticos, si es que tienen alg\u00fan s\u00edntoma. Aquellos que est\u00e1n con s\u00edntomas se testean. Mientras tanto lo que se lleva a cabo es la prevenci\u00f3n comunitaria.<\/p>\n","protected":false},"excerpt":{"rendered":"<p>Se dispuso el aislamiento comunitario estricto por el t\u00e9rmino de 15 d\u00edas en Villa Azul. Habr\u00e1 una evaluaci\u00f3n dentro de 15 d\u00edas sobre los resultados del aislamiento. Hoy se considera contacto estrecho a todo el barrio. El barrio est\u00e1 cerrado por las fuerzas de seguridad entre las calles Lincoln, Ram\u00f3n Franco, acceso sudeste y Sargento&#8230;<\/p>\n","protected":false},"author":2,"featured_media":2103,"comment_status":"open","ping_status":"open","sticky":false,"template":"","format":"standard","meta":{"footnotes":""},"categories":[4],"tags":[],"class_list":["post-2102","post","type-post","status-publish","format-standard","has-post-thumbnail","hentry","category-quilmes"],"featured_image_src":"https:\/\/diarioprincipios.com\/wp-content\/uploads\/2020\/05\/villa_azul1_1590415959-1024x681.jpeg","blog_images":{"medium":"https:\/\/diarioprincipios.com\/wp-content\/uploads\/2020\/05\/villa_azul1_1590415959-300x200.jpeg","large":"https:\/\/diarioprincipios.com\/wp-content\/uploads\/2020\/05\/villa_azul1_1590415959-1024x681.jpeg"},"ams_acf":[],"yoast_head":"<!-- This site is optimized with the Yoast SEO plugin v27.3 - https:\/\/yoast.com\/product\/yoast-seo-wordpress\/ -->\n<title>Detalles del aislamiento comunitario estricto por 15 d\u00edas en Villa Azul - Principios<\/title>\n<meta name=\"robots\" content=\"index, follow, max-snippet:-1, max-image-preview:large, max-video-preview:-1\" \/>\n<link rel=\"canonical\" href=\"https:\/\/diarioprincipios.com\/index.php\/2020\/05\/25\/detalles-del-aislamiento-comunitario-estricto-por-15-dias-en-villa-azul\/\" \/>\n<meta property=\"og:locale\" content=\"es_ES\" \/>\n<meta property=\"og:type\" content=\"article\" \/>\n<meta property=\"og:title\" content=\"Detalles del aislamiento comunitario estricto por 15 d\u00edas en Villa Azul - Principios\" \/>\n<meta property=\"og:description\" content=\"Se dispuso el aislamiento comunitario estricto por el t\u00e9rmino de 15 d\u00edas en Villa Azul. Habr\u00e1 una evaluaci\u00f3n dentro de 15 d\u00edas sobre los resultados del aislamiento. Hoy se considera contacto estrecho a todo el barrio. El barrio est\u00e1 cerrado por las fuerzas de seguridad entre las calles Lincoln, Ram\u00f3n Franco, acceso sudeste y Sargento...\" \/>\n<meta property=\"og:url\" content=\"https:\/\/diarioprincipios.com\/index.php\/2020\/05\/25\/detalles-del-aislamiento-comunitario-estricto-por-15-dias-en-villa-azul\/\" \/>\n<meta property=\"og:site_name\" content=\"Principios\" \/>\n<meta property=\"article:published_time\" content=\"2020-05-25T21:13:03+00:00\" \/>\n<meta property=\"article:modified_time\" content=\"2020-05-25T21:13:05+00:00\" \/>\n<meta property=\"og:image\" content=\"https:\/\/diarioprincipios.com\/wp-content\/uploads\/2020\/05\/villa_azul1_1590415959.jpeg\" \/>\n\t<meta property=\"og:image:width\" content=\"1072\" \/>\n\t<meta property=\"og:image:height\" content=\"713\" \/>\n\t<meta property=\"og:image:type\" content=\"image\/jpeg\" \/>\n<meta name=\"author\" content=\"Hern\u00e1n L\u00f3pez\" \/>\n<meta name=\"twitter:card\" content=\"summary_large_image\" \/>\n<meta name=\"twitter:label1\" content=\"Escrito por\" \/>\n\t<meta name=\"twitter:data1\" content=\"Hern\u00e1n L\u00f3pez\" \/>\n\t<meta name=\"twitter:label2\" content=\"Tiempo de lectura\" \/>\n\t<meta name=\"twitter:data2\" content=\"1 minuto\" \/>\n<script type=\"application\/ld+json\" class=\"yoast-schema-graph\">{\"@context\":\"https:\\\/\\\/schema.org\",\"@graph\":[{\"@type\":\"Article\",\"@id\":\"https:\\\/\\\/diarioprincipios.com\\\/index.php\\\/2020\\\/05\\\/25\\\/detalles-del-aislamiento-comunitario-estricto-por-15-dias-en-villa-azul\\\/#article\",\"isPartOf\":{\"@id\":\"https:\\\/\\\/diarioprincipios.com\\\/index.php\\\/2020\\\/05\\\/25\\\/detalles-del-aislamiento-comunitario-estricto-por-15-dias-en-villa-azul\\\/\"},\"author\":{\"name\":\"Hern\u00e1n L\u00f3pez\",\"@id\":\"https:\\\/\\\/diarioprincipios.com\\\/#\\\/schema\\\/person\\\/436d5a1fd41a5e250e23ff5a6a7cb080\"},\"headline\":\"Detalles del aislamiento comunitario estricto por 15 d\u00edas en Villa Azul\",\"datePublished\":\"2020-05-25T21:13:03+00:00\",\"dateModified\":\"2020-05-25T21:13:05+00:00\",\"mainEntityOfPage\":{\"@id\":\"https:\\\/\\\/diarioprincipios.com\\\/index.php\\\/2020\\\/05\\\/25\\\/detalles-del-aislamiento-comunitario-estricto-por-15-dias-en-villa-azul\\\/\"},\"wordCount\":281,\"commentCount\":0,\"publisher\":{\"@id\":\"https:\\\/\\\/diarioprincipios.com\\\/#organization\"},\"image\":{\"@id\":\"https:\\\/\\\/diarioprincipios.com\\\/index.php\\\/2020\\\/05\\\/25\\\/detalles-del-aislamiento-comunitario-estricto-por-15-dias-en-villa-azul\\\/#primaryimage\"},\"thumbnailUrl\":\"https:\\\/\\\/diarioprincipios.com\\\/wp-content\\\/uploads\\\/2020\\\/05\\\/villa_azul1_1590415959.jpeg\",\"articleSection\":[\"Quilmes\"],\"inLanguage\":\"es\",\"potentialAction\":[{\"@type\":\"CommentAction\",\"name\":\"Comment\",\"target\":[\"https:\\\/\\\/diarioprincipios.com\\\/index.php\\\/2020\\\/05\\\/25\\\/detalles-del-aislamiento-comunitario-estricto-por-15-dias-en-villa-azul\\\/#respond\"]}]},{\"@type\":\"WebPage\",\"@id\":\"https:\\\/\\\/diarioprincipios.com\\\/index.php\\\/2020\\\/05\\\/25\\\/detalles-del-aislamiento-comunitario-estricto-por-15-dias-en-villa-azul\\\/\",\"url\":\"https:\\\/\\\/diarioprincipios.com\\\/index.php\\\/2020\\\/05\\\/25\\\/detalles-del-aislamiento-comunitario-estricto-por-15-dias-en-villa-azul\\\/\",\"name\":\"Detalles del aislamiento comunitario estricto por 15 d\u00edas en Villa Azul - Principios\",\"isPartOf\":{\"@id\":\"https:\\\/\\\/diarioprincipios.com\\\/#website\"},\"primaryImageOfPage\":{\"@id\":\"https:\\\/\\\/diarioprincipios.com\\\/index.php\\\/2020\\\/05\\\/25\\\/detalles-del-aislamiento-comunitario-estricto-por-15-dias-en-villa-azul\\\/#primaryimage\"},\"image\":{\"@id\":\"https:\\\/\\\/diarioprincipios.com\\\/index.php\\\/2020\\\/05\\\/25\\\/detalles-del-aislamiento-comunitario-estricto-por-15-dias-en-villa-azul\\\/#primaryimage\"},\"thumbnailUrl\":\"https:\\\/\\\/diarioprincipios.com\\\/wp-content\\\/uploads\\\/2020\\\/05\\\/villa_azul1_1590415959.jpeg\",\"datePublished\":\"2020-05-25T21:13:03+00:00\",\"dateModified\":\"2020-05-25T21:13:05+00:00\",\"breadcrumb\":{\"@id\":\"https:\\\/\\\/diarioprincipios.com\\\/index.php\\\/2020\\\/05\\\/25\\\/detalles-del-aislamiento-comunitario-estricto-por-15-dias-en-villa-azul\\\/#breadcrumb\"},\"inLanguage\":\"es\",\"potentialAction\":[{\"@type\":\"ReadAction\",\"target\":[\"https:\\\/\\\/diarioprincipios.com\\\/index.php\\\/2020\\\/05\\\/25\\\/detalles-del-aislamiento-comunitario-estricto-por-15-dias-en-villa-azul\\\/\"]}]},{\"@type\":\"ImageObject\",\"inLanguage\":\"es\",\"@id\":\"https:\\\/\\\/diarioprincipios.com\\\/index.php\\\/2020\\\/05\\\/25\\\/detalles-del-aislamiento-comunitario-estricto-por-15-dias-en-villa-azul\\\/#primaryimage\",\"url\":\"https:\\\/\\\/diarioprincipios.com\\\/wp-content\\\/uploads\\\/2020\\\/05\\\/villa_azul1_1590415959.jpeg\",\"contentUrl\":\"https:\\\/\\\/diarioprincipios.com\\\/wp-content\\\/uploads\\\/2020\\\/05\\\/villa_azul1_1590415959.jpeg\",\"width\":1072,\"height\":713},{\"@type\":\"BreadcrumbList\",\"@id\":\"https:\\\/\\\/diarioprincipios.com\\\/index.php\\\/2020\\\/05\\\/25\\\/detalles-del-aislamiento-comunitario-estricto-por-15-dias-en-villa-azul\\\/#breadcrumb\",\"itemListElement\":[{\"@type\":\"ListItem\",\"position\":1,\"name\":\"Portada\",\"item\":\"https:\\\/\\\/diarioprincipios.com\\\/\"},{\"@type\":\"ListItem\",\"position\":2,\"name\":\"Detalles del aislamiento comunitario estricto por 15 d\u00edas en Villa Azul\"}]},{\"@type\":\"WebSite\",\"@id\":\"https:\\\/\\\/diarioprincipios.com\\\/#website\",\"url\":\"https:\\\/\\\/diarioprincipios.com\\\/\",\"name\":\"Principios\",\"description\":\"Principios Diario\",\"publisher\":{\"@id\":\"https:\\\/\\\/diarioprincipios.com\\\/#organization\"},\"potentialAction\":[{\"@type\":\"SearchAction\",\"target\":{\"@type\":\"EntryPoint\",\"urlTemplate\":\"https:\\\/\\\/diarioprincipios.com\\\/?s={search_term_string}\"},\"query-input\":{\"@type\":\"PropertyValueSpecification\",\"valueRequired\":true,\"valueName\":\"search_term_string\"}}],\"inLanguage\":\"es\"},{\"@type\":\"Organization\",\"@id\":\"https:\\\/\\\/diarioprincipios.com\\\/#organization\",\"name\":\"Principios\",\"url\":\"https:\\\/\\\/diarioprincipios.com\\\/\",\"logo\":{\"@type\":\"ImageObject\",\"inLanguage\":\"es\",\"@id\":\"https:\\\/\\\/diarioprincipios.com\\\/#\\\/schema\\\/logo\\\/image\\\/\",\"url\":\"https:\\\/\\\/diarioprincipios.com\\\/wp-content\\\/uploads\\\/2024\\\/04\\\/cropped-www.diarioprincipios.com_-1.png\",\"contentUrl\":\"https:\\\/\\\/diarioprincipios.com\\\/wp-content\\\/uploads\\\/2024\\\/04\\\/cropped-www.diarioprincipios.com_-1.png\",\"width\":5325,\"height\":1454,\"caption\":\"Principios\"},\"image\":{\"@id\":\"https:\\\/\\\/diarioprincipios.com\\\/#\\\/schema\\\/logo\\\/image\\\/\"}},{\"@type\":\"Person\",\"@id\":\"https:\\\/\\\/diarioprincipios.com\\\/#\\\/schema\\\/person\\\/436d5a1fd41a5e250e23ff5a6a7cb080\",\"name\":\"Hern\u00e1n L\u00f3pez\",\"image\":{\"@type\":\"ImageObject\",\"inLanguage\":\"es\",\"@id\":\"https:\\\/\\\/diarioprincipios.com\\\/wp-content\\\/litespeed\\\/avatar\\\/11ddfe5610ff3bd100522525b2571f48.jpg?ver=1777048341\",\"url\":\"https:\\\/\\\/diarioprincipios.com\\\/wp-content\\\/litespeed\\\/avatar\\\/11ddfe5610ff3bd100522525b2571f48.jpg?ver=1777048341\",\"contentUrl\":\"https:\\\/\\\/diarioprincipios.com\\\/wp-content\\\/litespeed\\\/avatar\\\/11ddfe5610ff3bd100522525b2571f48.jpg?ver=1777048341\",\"caption\":\"Hern\u00e1n L\u00f3pez\"},\"url\":\"https:\\\/\\\/diarioprincipios.com\\\/index.php\\\/author\\\/hernan\\\/\"}]}<\/script>\n<!-- \/ Yoast SEO plugin. -->","yoast_head_json":{"title":"Detalles del aislamiento comunitario estricto por 15 d\u00edas en Villa Azul - Principios","robots":{"index":"index","follow":"follow","max-snippet":"max-snippet:-1","max-image-preview":"max-image-preview:large","max-video-preview":"max-video-preview:-1"},"canonical":"https:\/\/diarioprincipios.com\/index.php\/2020\/05\/25\/detalles-del-aislamiento-comunitario-estricto-por-15-dias-en-villa-azul\/","og_locale":"es_ES","og_type":"article","og_title":"Detalles del aislamiento comunitario estricto por 15 d\u00edas en Villa Azul - Principios","og_description":"Se dispuso el aislamiento comunitario estricto por el t\u00e9rmino de 15 d\u00edas en Villa Azul. Habr\u00e1 una evaluaci\u00f3n dentro de 15 d\u00edas sobre los resultados del aislamiento. Hoy se considera contacto estrecho a todo el barrio. El barrio est\u00e1 cerrado por las fuerzas de seguridad entre las calles Lincoln, Ram\u00f3n Franco, acceso sudeste y Sargento...","og_url":"https:\/\/diarioprincipios.com\/index.php\/2020\/05\/25\/detalles-del-aislamiento-comunitario-estricto-por-15-dias-en-villa-azul\/","og_site_name":"Principios","article_published_time":"2020-05-25T21:13:03+00:00","article_modified_time":"2020-05-25T21:13:05+00:00","og_image":[{"width":1072,"height":713,"url":"https:\/\/diarioprincipios.com\/wp-content\/uploads\/2020\/05\/villa_azul1_1590415959.jpeg","type":"image\/jpeg"}],"author":"Hern\u00e1n L\u00f3pez","twitter_card":"summary_large_image","twitter_misc":{"Escrito por":"Hern\u00e1n L\u00f3pez","Tiempo de lectura":"1 minuto"},"schema":{"@context":"https:\/\/schema.org","@graph":[{"@type":"Article","@id":"https:\/\/diarioprincipios.com\/index.php\/2020\/05\/25\/detalles-del-aislamiento-comunitario-estricto-por-15-dias-en-villa-azul\/#article","isPartOf":{"@id":"https:\/\/diarioprincipios.com\/index.php\/2020\/05\/25\/detalles-del-aislamiento-comunitario-estricto-por-15-dias-en-villa-azul\/"},"author":{"name":"Hern\u00e1n L\u00f3pez","@id":"https:\/\/diarioprincipios.com\/#\/schema\/person\/436d5a1fd41a5e250e23ff5a6a7cb080"},"headline":"Detalles del aislamiento comunitario estricto por 15 d\u00edas en Villa Azul","datePublished":"2020-05-25T21:13:03+00:00","dateModified":"2020-05-25T21:13:05+00:00","mainEntityOfPage":{"@id":"https:\/\/diarioprincipios.com\/index.php\/2020\/05\/25\/detalles-del-aislamiento-comunitario-estricto-por-15-dias-en-villa-azul\/"},"wordCount":281,"commentCount":0,"publisher":{"@id":"https:\/\/diarioprincipios.com\/#organization"},"image":{"@id":"https:\/\/diarioprincipios.com\/index.php\/2020\/05\/25\/detalles-del-aislamiento-comunitario-estricto-por-15-dias-en-villa-azul\/#primaryimage"},"thumbnailUrl":"https:\/\/diarioprincipios.com\/wp-content\/uploads\/2020\/05\/villa_azul1_1590415959.jpeg","articleSection":["Quilmes"],"inLanguage":"es","potentialAction":[{"@type":"CommentAction","name":"Comment","target":["https:\/\/diarioprincipios.com\/index.php\/2020\/05\/25\/detalles-del-aislamiento-comunitario-estricto-por-15-dias-en-villa-azul\/#respond"]}]},{"@type":"WebPage","@id":"https:\/\/diarioprincipios.com\/index.php\/2020\/05\/25\/detalles-del-aislamiento-comunitario-estricto-por-15-dias-en-villa-azul\/","url":"https:\/\/diarioprincipios.com\/index.php\/2020\/05\/25\/detalles-del-aislamiento-comunitario-estricto-por-15-dias-en-villa-azul\/","name":"Detalles del aislamiento comunitario estricto por 15 d\u00edas en Villa Azul - Principios","isPartOf":{"@id":"https:\/\/diarioprincipios.com\/#website"},"primaryImageOfPage":{"@id":"https:\/\/diarioprincipios.com\/index.php\/2020\/05\/25\/detalles-del-aislamiento-comunitario-estricto-por-15-dias-en-villa-azul\/#primaryimage"},"image":{"@id":"https:\/\/diarioprincipios.com\/index.php\/2020\/05\/25\/detalles-del-aislamiento-comunitario-estricto-por-15-dias-en-villa-azul\/#primaryimage"},"thumbnailUrl":"https:\/\/diarioprincipios.com\/wp-content\/uploads\/2020\/05\/villa_azul1_1590415959.jpeg","datePublished":"2020-05-25T21:13:03+00:00","dateModified":"2020-05-25T21:13:05+00:00","breadcrumb":{"@id":"https:\/\/diarioprincipios.com\/index.php\/2020\/05\/25\/detalles-del-aislamiento-comunitario-estricto-por-15-dias-en-villa-azul\/#breadcrumb"},"inLanguage":"es","potentialAction":[{"@type":"ReadAction","target":["https:\/\/diarioprincipios.com\/index.php\/2020\/05\/25\/detalles-del-aislamiento-comunitario-estricto-por-15-dias-en-villa-azul\/"]}]},{"@type":"ImageObject","inLanguage":"es","@id":"https:\/\/diarioprincipios.com\/index.php\/2020\/05\/25\/detalles-del-aislamiento-comunitario-estricto-por-15-dias-en-villa-azul\/#primaryimage","url":"https:\/\/diarioprincipios.com\/wp-content\/uploads\/2020\/05\/villa_azul1_1590415959.jpeg","contentUrl":"https:\/\/diarioprincipios.com\/wp-content\/uploads\/2020\/05\/villa_azul1_1590415959.jpeg","width":1072,"height":713},{"@type":"BreadcrumbList","@id":"https:\/\/diarioprincipios.com\/index.php\/2020\/05\/25\/detalles-del-aislamiento-comunitario-estricto-por-15-dias-en-villa-azul\/#breadcrumb","itemListElement":[{"@type":"ListItem","position":1,"name":"Portada","item":"https:\/\/diarioprincipios.com\/"},{"@type":"ListItem","position":2,"name":"Detalles del aislamiento comunitario estricto por 15 d\u00edas en Villa Azul"}]},{"@type":"WebSite","@id":"https:\/\/diarioprincipios.com\/#website","url":"https:\/\/diarioprincipios.com\/","name":"Principios","description":"Principios Diario","publisher":{"@id":"https:\/\/diarioprincipios.com\/#organization"},"potentialAction":[{"@type":"SearchAction","target":{"@type":"EntryPoint","urlTemplate":"https:\/\/diarioprincipios.com\/?s={search_term_string}"},"query-input":{"@type":"PropertyValueSpecification","valueRequired":true,"valueName":"search_term_string"}}],"inLanguage":"es"},{"@type":"Organization","@id":"https:\/\/diarioprincipios.com\/#organization","name":"Principios","url":"https:\/\/diarioprincipios.com\/","logo":{"@type":"ImageObject","inLanguage":"es","@id":"https:\/\/diarioprincipios.com\/#\/schema\/logo\/image\/","url":"https:\/\/diarioprincipios.com\/wp-content\/uploads\/2024\/04\/cropped-www.diarioprincipios.com_-1.png","contentUrl":"https:\/\/diarioprincipios.com\/wp-content\/uploads\/2024\/04\/cropped-www.diarioprincipios.com_-1.png","width":5325,"height":1454,"caption":"Principios"},"image":{"@id":"https:\/\/diarioprincipios.com\/#\/schema\/logo\/image\/"}},{"@type":"Person","@id":"https:\/\/diarioprincipios.com\/#\/schema\/person\/436d5a1fd41a5e250e23ff5a6a7cb080","name":"Hern\u00e1n L\u00f3pez","image":{"@type":"ImageObject","inLanguage":"es","@id":"https:\/\/diarioprincipios.com\/wp-content\/litespeed\/avatar\/11ddfe5610ff3bd100522525b2571f48.jpg?ver=1777048341","url":"https:\/\/diarioprincipios.com\/wp-content\/litespeed\/avatar\/11ddfe5610ff3bd100522525b2571f48.jpg?ver=1777048341","contentUrl":"https:\/\/diarioprincipios.com\/wp-content\/litespeed\/avatar\/11ddfe5610ff3bd100522525b2571f48.jpg?ver=1777048341","caption":"Hern\u00e1n L\u00f3pez"},"url":"https:\/\/diarioprincipios.com\/index.php\/author\/hernan\/"}]}},"jetpack_featured_media_url":"https:\/\/diarioprincipios.com\/wp-content\/uploads\/2020\/05\/villa_azul1_1590415959.jpeg","_links":{"self":[{"href":"https:\/\/diarioprincipios.com\/index.php\/wp-json\/wp\/v2\/posts\/2102","targetHints":{"allow":["GET"]}}],"collection":[{"href":"https:\/\/diarioprincipios.com\/index.php\/wp-json\/wp\/v2\/posts"}],"about":[{"href":"https:\/\/diarioprincipios.com\/index.php\/wp-json\/wp\/v2\/types\/post"}],"author":[{"embeddable":true,"href":"https:\/\/diarioprincipios.com\/index.php\/wp-json\/wp\/v2\/users\/2"}],"replies":[{"embeddable":true,"href":"https:\/\/diarioprincipios.com\/index.php\/wp-json\/wp\/v2\/comments?post=2102"}],"version-history":[{"count":1,"href":"https:\/\/diarioprincipios.com\/index.php\/wp-json\/wp\/v2\/posts\/2102\/revisions"}],"predecessor-version":[{"id":2104,"href":"https:\/\/diarioprincipios.com\/index.php\/wp-json\/wp\/v2\/posts\/2102\/revisions\/2104"}],"wp:featuredmedia":[{"embeddable":true,"href":"https:\/\/diarioprincipios.com\/index.php\/wp-json\/wp\/v2\/media\/2103"}],"wp:attachment":[{"href":"https:\/\/diarioprincipios.com\/index.php\/wp-json\/wp\/v2\/media?parent=2102"}],"wp:term":[{"taxonomy":"category","embeddable":true,"href":"https:\/\/diarioprincipios.com\/index.php\/wp-json\/wp\/v2\/categories?post=2102"},{"taxonomy":"post_tag","embeddable":true,"href":"https:\/\/diarioprincipios.com\/index.php\/wp-json\/wp\/v2\/tags?post=2102"}],"curies":[{"name":"wp","href":"https:\/\/api.w.org\/{rel}","templated":true}]}}