{"id":20963,"date":"2024-03-05T14:42:56","date_gmt":"2024-03-05T17:42:56","guid":{"rendered":"http:\/\/diarioprincipios.com\/?p=20963"},"modified":"2024-03-05T14:42:58","modified_gmt":"2024-03-05T17:42:58","slug":"mas-de-60-familias-recibieron-subsidios-para-mejoras-habitacionales","status":"publish","type":"post","link":"https:\/\/diarioprincipios.com\/index.php\/2024\/03\/05\/mas-de-60-familias-recibieron-subsidios-para-mejoras-habitacionales\/","title":{"rendered":"M\u00e1s de 60 Familias recibieron subsidios para mejoras habitacionales"},"content":{"rendered":"\n<p><strong>Se entregaron subsidios para mejoras habitacionales a 61 familias de Berazategui, en un acto encabezado por el intendente municipal, Juan Jos\u00e9 Mussi. Los mismos corresponden al Programa de Mejoramientos Habitacionales Bonaerenses \u201cTrabajar en la Casa\u201d, del Gobierno de la provincia de Buenos Aires. A su vez, se otorgaron tres microcr\u00e9ditos correspondientes a la segunda etapa del programa.<\/strong><\/p>\n\n\n\n<figure class=\"wp-block-image size-large\"><img loading=\"lazy\" decoding=\"async\" width=\"1024\" height=\"683\" src=\"https:\/\/diarioprincipios.com\/wp-content\/uploads\/2024\/03\/MAS-DE-60-FAMILIAS-RECIBIERON-SUBSIDIOS-PARA-MEJORAS-HABITACIONALES-2-1024x683.jpg\" alt=\"\" class=\"wp-image-20964\" srcset=\"https:\/\/diarioprincipios.com\/wp-content\/uploads\/2024\/03\/MAS-DE-60-FAMILIAS-RECIBIERON-SUBSIDIOS-PARA-MEJORAS-HABITACIONALES-2-1024x683.jpg 1024w, https:\/\/diarioprincipios.com\/wp-content\/uploads\/2024\/03\/MAS-DE-60-FAMILIAS-RECIBIERON-SUBSIDIOS-PARA-MEJORAS-HABITACIONALES-2-300x200.jpg 300w, https:\/\/diarioprincipios.com\/wp-content\/uploads\/2024\/03\/MAS-DE-60-FAMILIAS-RECIBIERON-SUBSIDIOS-PARA-MEJORAS-HABITACIONALES-2-768x512.jpg 768w, https:\/\/diarioprincipios.com\/wp-content\/uploads\/2024\/03\/MAS-DE-60-FAMILIAS-RECIBIERON-SUBSIDIOS-PARA-MEJORAS-HABITACIONALES-2-1536x1024.jpg 1536w, https:\/\/diarioprincipios.com\/wp-content\/uploads\/2024\/03\/MAS-DE-60-FAMILIAS-RECIBIERON-SUBSIDIOS-PARA-MEJORAS-HABITACIONALES-2.jpg 1920w\" sizes=\"auto, (max-width: 1024px) 100vw, 1024px\" \/><\/figure>\n\n\n\n<p>Esta iniciativa, impulsada por la Subsecretar\u00eda de H\u00e1bitat bonaerense y a la que se adhiri\u00f3 el Municipio de Berazategui, est\u00e1 destinada a familias de escasos recursos que se encuentran imposibilitados de solventar el gasto de una mejora habitacional urgente.<\/p>\n\n\n\n<p>\u201cEstas son las peque\u00f1as cosas que muestran un pensamiento diferente. La Provincia, gracias al gobernador Axel Kicillof, sigue al lado nuestro\u201d, afirm\u00f3 Mussi. Adem\u00e1s, asegur\u00f3: \u201cNos recarga las pilas saber que podemos lograr hacer estas cosas. Nosotros no paramos porque sabemos que, de la crisis, salimos todos unidos\u201d.<\/p>\n\n\n\n<figure class=\"wp-block-image size-large is-resized\"><img loading=\"lazy\" decoding=\"async\" width=\"1024\" height=\"683\" src=\"https:\/\/diarioprincipios.com\/wp-content\/uploads\/2024\/03\/MAS-DE-60-FAMILIAS-RECIBIERON-SUBSIDIOS-PARA-MEJORAS-HABITACIONALES-3-1024x683.jpg\" alt=\"\" class=\"wp-image-20965\" style=\"width:385px;height:auto\" srcset=\"https:\/\/diarioprincipios.com\/wp-content\/uploads\/2024\/03\/MAS-DE-60-FAMILIAS-RECIBIERON-SUBSIDIOS-PARA-MEJORAS-HABITACIONALES-3-1024x683.jpg 1024w, https:\/\/diarioprincipios.com\/wp-content\/uploads\/2024\/03\/MAS-DE-60-FAMILIAS-RECIBIERON-SUBSIDIOS-PARA-MEJORAS-HABITACIONALES-3-300x200.jpg 300w, https:\/\/diarioprincipios.com\/wp-content\/uploads\/2024\/03\/MAS-DE-60-FAMILIAS-RECIBIERON-SUBSIDIOS-PARA-MEJORAS-HABITACIONALES-3-768x512.jpg 768w, https:\/\/diarioprincipios.com\/wp-content\/uploads\/2024\/03\/MAS-DE-60-FAMILIAS-RECIBIERON-SUBSIDIOS-PARA-MEJORAS-HABITACIONALES-3-1536x1024.jpg 1536w, https:\/\/diarioprincipios.com\/wp-content\/uploads\/2024\/03\/MAS-DE-60-FAMILIAS-RECIBIERON-SUBSIDIOS-PARA-MEJORAS-HABITACIONALES-3.jpg 1920w\" sizes=\"auto, (max-width: 1024px) 100vw, 1024px\" \/><\/figure>\n\n\n\n<p>En tanto, la titular de la Agencia de Tierras y H\u00e1bitat de la Municipalidad, Cecilia Rold\u00e1n, indic\u00f3: \u201cEstamos muy contentos de hacer entrega, nuevamente, de subsidios y microcr\u00e9ditos, porque ayudan a que los vecinos puedan tener una vivienda digna\u201d.<\/p>\n\n\n\n<p>A su vez, Zulma Ruiz -vecina del barrio Bustillo- expres\u00f3: \u201cEstoy muy contenta y orgullosa de poder recibir una ayuda para arreglar mi casita y seguir adelante d\u00eda a d\u00eda. Le agradezco al intendente Mussi por todo lo que hace por Berazategui\u201d.<\/p>\n","protected":false},"excerpt":{"rendered":"<p>Se entregaron subsidios para mejoras habitacionales a 61 familias de Berazategui, en un acto encabezado por el intendente municipal, Juan Jos\u00e9 Mussi. Los mismos corresponden al Programa de Mejoramientos Habitacionales Bonaerenses \u201cTrabajar en la Casa\u201d, del Gobierno de la provincia de Buenos Aires. A su vez, se otorgaron tres microcr\u00e9ditos correspondientes a la segunda etapa&#8230;<\/p>\n","protected":false},"author":2,"featured_media":20966,"comment_status":"open","ping_status":"open","sticky":false,"template":"","format":"standard","meta":{"footnotes":""},"categories":[3],"tags":[],"class_list":["post-20963","post","type-post","status-publish","format-standard","has-post-thumbnail","hentry","category-berazategui"],"featured_image_src":"https:\/\/diarioprincipios.com\/wp-content\/uploads\/2024\/03\/MAS-DE-60-FAMILIAS-RECIBIERON-SUBSIDIOS-PARA-MEJORAS-HABITACIONALES-1-1024x683.jpg","blog_images":{"medium":"https:\/\/diarioprincipios.com\/wp-content\/uploads\/2024\/03\/MAS-DE-60-FAMILIAS-RECIBIERON-SUBSIDIOS-PARA-MEJORAS-HABITACIONALES-1-300x200.jpg","large":"https:\/\/diarioprincipios.com\/wp-content\/uploads\/2024\/03\/MAS-DE-60-FAMILIAS-RECIBIERON-SUBSIDIOS-PARA-MEJORAS-HABITACIONALES-1-1024x683.jpg"},"ams_acf":[],"yoast_head":"<!-- This site is optimized with the Yoast SEO plugin v27.3 - https:\/\/yoast.com\/product\/yoast-seo-wordpress\/ -->\n<title>M\u00e1s de 60 Familias recibieron subsidios para mejoras habitacionales - Principios<\/title>\n<meta name=\"robots\" content=\"index, follow, max-snippet:-1, max-image-preview:large, max-video-preview:-1\" \/>\n<link rel=\"canonical\" href=\"https:\/\/diarioprincipios.com\/index.php\/2024\/03\/05\/mas-de-60-familias-recibieron-subsidios-para-mejoras-habitacionales\/\" \/>\n<meta property=\"og:locale\" content=\"es_ES\" \/>\n<meta property=\"og:type\" content=\"article\" \/>\n<meta property=\"og:title\" content=\"M\u00e1s de 60 Familias recibieron subsidios para mejoras habitacionales - Principios\" \/>\n<meta property=\"og:description\" content=\"Se entregaron subsidios para mejoras habitacionales a 61 familias de Berazategui, en un acto encabezado por el intendente municipal, Juan Jos\u00e9 Mussi. Los mismos corresponden al Programa de Mejoramientos Habitacionales Bonaerenses \u201cTrabajar en la Casa\u201d, del Gobierno de la provincia de Buenos Aires. A su vez, se otorgaron tres microcr\u00e9ditos correspondientes a la segunda etapa...\" \/>\n<meta property=\"og:url\" content=\"https:\/\/diarioprincipios.com\/index.php\/2024\/03\/05\/mas-de-60-familias-recibieron-subsidios-para-mejoras-habitacionales\/\" \/>\n<meta property=\"og:site_name\" content=\"Principios\" \/>\n<meta property=\"article:published_time\" content=\"2024-03-05T17:42:56+00:00\" \/>\n<meta property=\"article:modified_time\" content=\"2024-03-05T17:42:58+00:00\" \/>\n<meta property=\"og:image\" content=\"https:\/\/diarioprincipios.com\/wp-content\/uploads\/2024\/03\/MAS-DE-60-FAMILIAS-RECIBIERON-SUBSIDIOS-PARA-MEJORAS-HABITACIONALES-1.jpg\" \/>\n\t<meta property=\"og:image:width\" content=\"1920\" \/>\n\t<meta property=\"og:image:height\" content=\"1280\" \/>\n\t<meta property=\"og:image:type\" content=\"image\/jpeg\" \/>\n<meta name=\"author\" content=\"Hern\u00e1n L\u00f3pez\" \/>\n<meta name=\"twitter:card\" content=\"summary_large_image\" \/>\n<meta name=\"twitter:label1\" content=\"Escrito por\" \/>\n\t<meta name=\"twitter:data1\" content=\"Hern\u00e1n L\u00f3pez\" \/>\n\t<meta name=\"twitter:label2\" content=\"Tiempo de lectura\" \/>\n\t<meta name=\"twitter:data2\" content=\"2 minutos\" \/>\n<script type=\"application\/ld+json\" class=\"yoast-schema-graph\">{\"@context\":\"https:\\\/\\\/schema.org\",\"@graph\":[{\"@type\":\"Article\",\"@id\":\"https:\\\/\\\/diarioprincipios.com\\\/index.php\\\/2024\\\/03\\\/05\\\/mas-de-60-familias-recibieron-subsidios-para-mejoras-habitacionales\\\/#article\",\"isPartOf\":{\"@id\":\"https:\\\/\\\/diarioprincipios.com\\\/index.php\\\/2024\\\/03\\\/05\\\/mas-de-60-familias-recibieron-subsidios-para-mejoras-habitacionales\\\/\"},\"author\":{\"name\":\"Hern\u00e1n L\u00f3pez\",\"@id\":\"https:\\\/\\\/diarioprincipios.com\\\/#\\\/schema\\\/person\\\/436d5a1fd41a5e250e23ff5a6a7cb080\"},\"headline\":\"M\u00e1s de 60 Familias recibieron subsidios para mejoras habitacionales\",\"datePublished\":\"2024-03-05T17:42:56+00:00\",\"dateModified\":\"2024-03-05T17:42:58+00:00\",\"mainEntityOfPage\":{\"@id\":\"https:\\\/\\\/diarioprincipios.com\\\/index.php\\\/2024\\\/03\\\/05\\\/mas-de-60-familias-recibieron-subsidios-para-mejoras-habitacionales\\\/\"},\"wordCount\":243,\"commentCount\":0,\"publisher\":{\"@id\":\"https:\\\/\\\/diarioprincipios.com\\\/#organization\"},\"image\":{\"@id\":\"https:\\\/\\\/diarioprincipios.com\\\/index.php\\\/2024\\\/03\\\/05\\\/mas-de-60-familias-recibieron-subsidios-para-mejoras-habitacionales\\\/#primaryimage\"},\"thumbnailUrl\":\"https:\\\/\\\/diarioprincipios.com\\\/wp-content\\\/uploads\\\/2024\\\/03\\\/MAS-DE-60-FAMILIAS-RECIBIERON-SUBSIDIOS-PARA-MEJORAS-HABITACIONALES-1.jpg\",\"articleSection\":[\"Berazategui\"],\"inLanguage\":\"es\",\"potentialAction\":[{\"@type\":\"CommentAction\",\"name\":\"Comment\",\"target\":[\"https:\\\/\\\/diarioprincipios.com\\\/index.php\\\/2024\\\/03\\\/05\\\/mas-de-60-familias-recibieron-subsidios-para-mejoras-habitacionales\\\/#respond\"]}]},{\"@type\":\"WebPage\",\"@id\":\"https:\\\/\\\/diarioprincipios.com\\\/index.php\\\/2024\\\/03\\\/05\\\/mas-de-60-familias-recibieron-subsidios-para-mejoras-habitacionales\\\/\",\"url\":\"https:\\\/\\\/diarioprincipios.com\\\/index.php\\\/2024\\\/03\\\/05\\\/mas-de-60-familias-recibieron-subsidios-para-mejoras-habitacionales\\\/\",\"name\":\"M\u00e1s de 60 Familias recibieron subsidios para mejoras habitacionales - Principios\",\"isPartOf\":{\"@id\":\"https:\\\/\\\/diarioprincipios.com\\\/#website\"},\"primaryImageOfPage\":{\"@id\":\"https:\\\/\\\/diarioprincipios.com\\\/index.php\\\/2024\\\/03\\\/05\\\/mas-de-60-familias-recibieron-subsidios-para-mejoras-habitacionales\\\/#primaryimage\"},\"image\":{\"@id\":\"https:\\\/\\\/diarioprincipios.com\\\/index.php\\\/2024\\\/03\\\/05\\\/mas-de-60-familias-recibieron-subsidios-para-mejoras-habitacionales\\\/#primaryimage\"},\"thumbnailUrl\":\"https:\\\/\\\/diarioprincipios.com\\\/wp-content\\\/uploads\\\/2024\\\/03\\\/MAS-DE-60-FAMILIAS-RECIBIERON-SUBSIDIOS-PARA-MEJORAS-HABITACIONALES-1.jpg\",\"datePublished\":\"2024-03-05T17:42:56+00:00\",\"dateModified\":\"2024-03-05T17:42:58+00:00\",\"breadcrumb\":{\"@id\":\"https:\\\/\\\/diarioprincipios.com\\\/index.php\\\/2024\\\/03\\\/05\\\/mas-de-60-familias-recibieron-subsidios-para-mejoras-habitacionales\\\/#breadcrumb\"},\"inLanguage\":\"es\",\"potentialAction\":[{\"@type\":\"ReadAction\",\"target\":[\"https:\\\/\\\/diarioprincipios.com\\\/index.php\\\/2024\\\/03\\\/05\\\/mas-de-60-familias-recibieron-subsidios-para-mejoras-habitacionales\\\/\"]}]},{\"@type\":\"ImageObject\",\"inLanguage\":\"es\",\"@id\":\"https:\\\/\\\/diarioprincipios.com\\\/index.php\\\/2024\\\/03\\\/05\\\/mas-de-60-familias-recibieron-subsidios-para-mejoras-habitacionales\\\/#primaryimage\",\"url\":\"https:\\\/\\\/diarioprincipios.com\\\/wp-content\\\/uploads\\\/2024\\\/03\\\/MAS-DE-60-FAMILIAS-RECIBIERON-SUBSIDIOS-PARA-MEJORAS-HABITACIONALES-1.jpg\",\"contentUrl\":\"https:\\\/\\\/diarioprincipios.com\\\/wp-content\\\/uploads\\\/2024\\\/03\\\/MAS-DE-60-FAMILIAS-RECIBIERON-SUBSIDIOS-PARA-MEJORAS-HABITACIONALES-1.jpg\",\"width\":1920,\"height\":1280},{\"@type\":\"BreadcrumbList\",\"@id\":\"https:\\\/\\\/diarioprincipios.com\\\/index.php\\\/2024\\\/03\\\/05\\\/mas-de-60-familias-recibieron-subsidios-para-mejoras-habitacionales\\\/#breadcrumb\",\"itemListElement\":[{\"@type\":\"ListItem\",\"position\":1,\"name\":\"Portada\",\"item\":\"https:\\\/\\\/diarioprincipios.com\\\/\"},{\"@type\":\"ListItem\",\"position\":2,\"name\":\"M\u00e1s de 60 Familias recibieron subsidios para mejoras habitacionales\"}]},{\"@type\":\"WebSite\",\"@id\":\"https:\\\/\\\/diarioprincipios.com\\\/#website\",\"url\":\"https:\\\/\\\/diarioprincipios.com\\\/\",\"name\":\"Principios\",\"description\":\"Principios Diario\",\"publisher\":{\"@id\":\"https:\\\/\\\/diarioprincipios.com\\\/#organization\"},\"potentialAction\":[{\"@type\":\"SearchAction\",\"target\":{\"@type\":\"EntryPoint\",\"urlTemplate\":\"https:\\\/\\\/diarioprincipios.com\\\/?s={search_term_string}\"},\"query-input\":{\"@type\":\"PropertyValueSpecification\",\"valueRequired\":true,\"valueName\":\"search_term_string\"}}],\"inLanguage\":\"es\"},{\"@type\":\"Organization\",\"@id\":\"https:\\\/\\\/diarioprincipios.com\\\/#organization\",\"name\":\"Principios\",\"url\":\"https:\\\/\\\/diarioprincipios.com\\\/\",\"logo\":{\"@type\":\"ImageObject\",\"inLanguage\":\"es\",\"@id\":\"https:\\\/\\\/diarioprincipios.com\\\/#\\\/schema\\\/logo\\\/image\\\/\",\"url\":\"https:\\\/\\\/diarioprincipios.com\\\/wp-content\\\/uploads\\\/2024\\\/04\\\/cropped-www.diarioprincipios.com_-1.png\",\"contentUrl\":\"https:\\\/\\\/diarioprincipios.com\\\/wp-content\\\/uploads\\\/2024\\\/04\\\/cropped-www.diarioprincipios.com_-1.png\",\"width\":5325,\"height\":1454,\"caption\":\"Principios\"},\"image\":{\"@id\":\"https:\\\/\\\/diarioprincipios.com\\\/#\\\/schema\\\/logo\\\/image\\\/\"}},{\"@type\":\"Person\",\"@id\":\"https:\\\/\\\/diarioprincipios.com\\\/#\\\/schema\\\/person\\\/436d5a1fd41a5e250e23ff5a6a7cb080\",\"name\":\"Hern\u00e1n L\u00f3pez\",\"image\":{\"@type\":\"ImageObject\",\"inLanguage\":\"es\",\"@id\":\"https:\\\/\\\/diarioprincipios.com\\\/wp-content\\\/litespeed\\\/avatar\\\/11ddfe5610ff3bd100522525b2571f48.jpg?ver=1777653193\",\"url\":\"https:\\\/\\\/diarioprincipios.com\\\/wp-content\\\/litespeed\\\/avatar\\\/11ddfe5610ff3bd100522525b2571f48.jpg?ver=1777653193\",\"contentUrl\":\"https:\\\/\\\/diarioprincipios.com\\\/wp-content\\\/litespeed\\\/avatar\\\/11ddfe5610ff3bd100522525b2571f48.jpg?ver=1777653193\",\"caption\":\"Hern\u00e1n L\u00f3pez\"},\"url\":\"https:\\\/\\\/diarioprincipios.com\\\/index.php\\\/author\\\/hernan\\\/\"}]}<\/script>\n<!-- \/ Yoast SEO plugin. -->","yoast_head_json":{"title":"M\u00e1s de 60 Familias recibieron subsidios para mejoras habitacionales - Principios","robots":{"index":"index","follow":"follow","max-snippet":"max-snippet:-1","max-image-preview":"max-image-preview:large","max-video-preview":"max-video-preview:-1"},"canonical":"https:\/\/diarioprincipios.com\/index.php\/2024\/03\/05\/mas-de-60-familias-recibieron-subsidios-para-mejoras-habitacionales\/","og_locale":"es_ES","og_type":"article","og_title":"M\u00e1s de 60 Familias recibieron subsidios para mejoras habitacionales - Principios","og_description":"Se entregaron subsidios para mejoras habitacionales a 61 familias de Berazategui, en un acto encabezado por el intendente municipal, Juan Jos\u00e9 Mussi. Los mismos corresponden al Programa de Mejoramientos Habitacionales Bonaerenses \u201cTrabajar en la Casa\u201d, del Gobierno de la provincia de Buenos Aires. A su vez, se otorgaron tres microcr\u00e9ditos correspondientes a la segunda etapa...","og_url":"https:\/\/diarioprincipios.com\/index.php\/2024\/03\/05\/mas-de-60-familias-recibieron-subsidios-para-mejoras-habitacionales\/","og_site_name":"Principios","article_published_time":"2024-03-05T17:42:56+00:00","article_modified_time":"2024-03-05T17:42:58+00:00","og_image":[{"width":1920,"height":1280,"url":"https:\/\/diarioprincipios.com\/wp-content\/uploads\/2024\/03\/MAS-DE-60-FAMILIAS-RECIBIERON-SUBSIDIOS-PARA-MEJORAS-HABITACIONALES-1.jpg","type":"image\/jpeg"}],"author":"Hern\u00e1n L\u00f3pez","twitter_card":"summary_large_image","twitter_misc":{"Escrito por":"Hern\u00e1n L\u00f3pez","Tiempo de lectura":"2 minutos"},"schema":{"@context":"https:\/\/schema.org","@graph":[{"@type":"Article","@id":"https:\/\/diarioprincipios.com\/index.php\/2024\/03\/05\/mas-de-60-familias-recibieron-subsidios-para-mejoras-habitacionales\/#article","isPartOf":{"@id":"https:\/\/diarioprincipios.com\/index.php\/2024\/03\/05\/mas-de-60-familias-recibieron-subsidios-para-mejoras-habitacionales\/"},"author":{"name":"Hern\u00e1n L\u00f3pez","@id":"https:\/\/diarioprincipios.com\/#\/schema\/person\/436d5a1fd41a5e250e23ff5a6a7cb080"},"headline":"M\u00e1s de 60 Familias recibieron subsidios para mejoras habitacionales","datePublished":"2024-03-05T17:42:56+00:00","dateModified":"2024-03-05T17:42:58+00:00","mainEntityOfPage":{"@id":"https:\/\/diarioprincipios.com\/index.php\/2024\/03\/05\/mas-de-60-familias-recibieron-subsidios-para-mejoras-habitacionales\/"},"wordCount":243,"commentCount":0,"publisher":{"@id":"https:\/\/diarioprincipios.com\/#organization"},"image":{"@id":"https:\/\/diarioprincipios.com\/index.php\/2024\/03\/05\/mas-de-60-familias-recibieron-subsidios-para-mejoras-habitacionales\/#primaryimage"},"thumbnailUrl":"https:\/\/diarioprincipios.com\/wp-content\/uploads\/2024\/03\/MAS-DE-60-FAMILIAS-RECIBIERON-SUBSIDIOS-PARA-MEJORAS-HABITACIONALES-1.jpg","articleSection":["Berazategui"],"inLanguage":"es","potentialAction":[{"@type":"CommentAction","name":"Comment","target":["https:\/\/diarioprincipios.com\/index.php\/2024\/03\/05\/mas-de-60-familias-recibieron-subsidios-para-mejoras-habitacionales\/#respond"]}]},{"@type":"WebPage","@id":"https:\/\/diarioprincipios.com\/index.php\/2024\/03\/05\/mas-de-60-familias-recibieron-subsidios-para-mejoras-habitacionales\/","url":"https:\/\/diarioprincipios.com\/index.php\/2024\/03\/05\/mas-de-60-familias-recibieron-subsidios-para-mejoras-habitacionales\/","name":"M\u00e1s de 60 Familias recibieron subsidios para mejoras habitacionales - Principios","isPartOf":{"@id":"https:\/\/diarioprincipios.com\/#website"},"primaryImageOfPage":{"@id":"https:\/\/diarioprincipios.com\/index.php\/2024\/03\/05\/mas-de-60-familias-recibieron-subsidios-para-mejoras-habitacionales\/#primaryimage"},"image":{"@id":"https:\/\/diarioprincipios.com\/index.php\/2024\/03\/05\/mas-de-60-familias-recibieron-subsidios-para-mejoras-habitacionales\/#primaryimage"},"thumbnailUrl":"https:\/\/diarioprincipios.com\/wp-content\/uploads\/2024\/03\/MAS-DE-60-FAMILIAS-RECIBIERON-SUBSIDIOS-PARA-MEJORAS-HABITACIONALES-1.jpg","datePublished":"2024-03-05T17:42:56+00:00","dateModified":"2024-03-05T17:42:58+00:00","breadcrumb":{"@id":"https:\/\/diarioprincipios.com\/index.php\/2024\/03\/05\/mas-de-60-familias-recibieron-subsidios-para-mejoras-habitacionales\/#breadcrumb"},"inLanguage":"es","potentialAction":[{"@type":"ReadAction","target":["https:\/\/diarioprincipios.com\/index.php\/2024\/03\/05\/mas-de-60-familias-recibieron-subsidios-para-mejoras-habitacionales\/"]}]},{"@type":"ImageObject","inLanguage":"es","@id":"https:\/\/diarioprincipios.com\/index.php\/2024\/03\/05\/mas-de-60-familias-recibieron-subsidios-para-mejoras-habitacionales\/#primaryimage","url":"https:\/\/diarioprincipios.com\/wp-content\/uploads\/2024\/03\/MAS-DE-60-FAMILIAS-RECIBIERON-SUBSIDIOS-PARA-MEJORAS-HABITACIONALES-1.jpg","contentUrl":"https:\/\/diarioprincipios.com\/wp-content\/uploads\/2024\/03\/MAS-DE-60-FAMILIAS-RECIBIERON-SUBSIDIOS-PARA-MEJORAS-HABITACIONALES-1.jpg","width":1920,"height":1280},{"@type":"BreadcrumbList","@id":"https:\/\/diarioprincipios.com\/index.php\/2024\/03\/05\/mas-de-60-familias-recibieron-subsidios-para-mejoras-habitacionales\/#breadcrumb","itemListElement":[{"@type":"ListItem","position":1,"name":"Portada","item":"https:\/\/diarioprincipios.com\/"},{"@type":"ListItem","position":2,"name":"M\u00e1s de 60 Familias recibieron subsidios para mejoras habitacionales"}]},{"@type":"WebSite","@id":"https:\/\/diarioprincipios.com\/#website","url":"https:\/\/diarioprincipios.com\/","name":"Principios","description":"Principios Diario","publisher":{"@id":"https:\/\/diarioprincipios.com\/#organization"},"potentialAction":[{"@type":"SearchAction","target":{"@type":"EntryPoint","urlTemplate":"https:\/\/diarioprincipios.com\/?s={search_term_string}"},"query-input":{"@type":"PropertyValueSpecification","valueRequired":true,"valueName":"search_term_string"}}],"inLanguage":"es"},{"@type":"Organization","@id":"https:\/\/diarioprincipios.com\/#organization","name":"Principios","url":"https:\/\/diarioprincipios.com\/","logo":{"@type":"ImageObject","inLanguage":"es","@id":"https:\/\/diarioprincipios.com\/#\/schema\/logo\/image\/","url":"https:\/\/diarioprincipios.com\/wp-content\/uploads\/2024\/04\/cropped-www.diarioprincipios.com_-1.png","contentUrl":"https:\/\/diarioprincipios.com\/wp-content\/uploads\/2024\/04\/cropped-www.diarioprincipios.com_-1.png","width":5325,"height":1454,"caption":"Principios"},"image":{"@id":"https:\/\/diarioprincipios.com\/#\/schema\/logo\/image\/"}},{"@type":"Person","@id":"https:\/\/diarioprincipios.com\/#\/schema\/person\/436d5a1fd41a5e250e23ff5a6a7cb080","name":"Hern\u00e1n L\u00f3pez","image":{"@type":"ImageObject","inLanguage":"es","@id":"https:\/\/diarioprincipios.com\/wp-content\/litespeed\/avatar\/11ddfe5610ff3bd100522525b2571f48.jpg?ver=1777653193","url":"https:\/\/diarioprincipios.com\/wp-content\/litespeed\/avatar\/11ddfe5610ff3bd100522525b2571f48.jpg?ver=1777653193","contentUrl":"https:\/\/diarioprincipios.com\/wp-content\/litespeed\/avatar\/11ddfe5610ff3bd100522525b2571f48.jpg?ver=1777653193","caption":"Hern\u00e1n L\u00f3pez"},"url":"https:\/\/diarioprincipios.com\/index.php\/author\/hernan\/"}]}},"jetpack_featured_media_url":"https:\/\/diarioprincipios.com\/wp-content\/uploads\/2024\/03\/MAS-DE-60-FAMILIAS-RECIBIERON-SUBSIDIOS-PARA-MEJORAS-HABITACIONALES-1.jpg","_links":{"self":[{"href":"https:\/\/diarioprincipios.com\/index.php\/wp-json\/wp\/v2\/posts\/20963","targetHints":{"allow":["GET"]}}],"collection":[{"href":"https:\/\/diarioprincipios.com\/index.php\/wp-json\/wp\/v2\/posts"}],"about":[{"href":"https:\/\/diarioprincipios.com\/index.php\/wp-json\/wp\/v2\/types\/post"}],"author":[{"embeddable":true,"href":"https:\/\/diarioprincipios.com\/index.php\/wp-json\/wp\/v2\/users\/2"}],"replies":[{"embeddable":true,"href":"https:\/\/diarioprincipios.com\/index.php\/wp-json\/wp\/v2\/comments?post=20963"}],"version-history":[{"count":1,"href":"https:\/\/diarioprincipios.com\/index.php\/wp-json\/wp\/v2\/posts\/20963\/revisions"}],"predecessor-version":[{"id":20967,"href":"https:\/\/diarioprincipios.com\/index.php\/wp-json\/wp\/v2\/posts\/20963\/revisions\/20967"}],"wp:featuredmedia":[{"embeddable":true,"href":"https:\/\/diarioprincipios.com\/index.php\/wp-json\/wp\/v2\/media\/20966"}],"wp:attachment":[{"href":"https:\/\/diarioprincipios.com\/index.php\/wp-json\/wp\/v2\/media?parent=20963"}],"wp:term":[{"taxonomy":"category","embeddable":true,"href":"https:\/\/diarioprincipios.com\/index.php\/wp-json\/wp\/v2\/categories?post=20963"},{"taxonomy":"post_tag","embeddable":true,"href":"https:\/\/diarioprincipios.com\/index.php\/wp-json\/wp\/v2\/tags?post=20963"}],"curies":[{"name":"wp","href":"https:\/\/api.w.org\/{rel}","templated":true}]}}