{"id":20933,"date":"2024-03-02T19:34:57","date_gmt":"2024-03-02T22:34:57","guid":{"rendered":"http:\/\/diarioprincipios.com\/?p=20933"},"modified":"2024-03-02T19:34:59","modified_gmt":"2024-03-02T22:34:59","slug":"mussi-encabezo-la-apertura-de-sesiones-en-el-hcd","status":"publish","type":"post","link":"https:\/\/diarioprincipios.com\/index.php\/2024\/03\/02\/mussi-encabezo-la-apertura-de-sesiones-en-el-hcd\/","title":{"rendered":"Mussi encabez\u00f3 la Apertura de Sesiones en el HCD"},"content":{"rendered":"\n<p><em>Mostr\u00f3 su preocupaci\u00f3n por las obras paralizadas por el actual Gobierno nacio<\/em>nal.<\/p>\n\n\n\n<p><strong>El intendente municipal, Juan Jos\u00e9 Mussi, encabez\u00f3 la ceremonia de inauguraci\u00f3n del 51\u00b0 per\u00edodo de Sesiones Ordinarias del Honorable Concejo Deliberante (HCD) de Berazategui. En su disertaci\u00f3n, traz\u00f3 el camino a seguir en 2024 en los distintos ejes de gesti\u00f3n.<\/strong><\/p>\n\n\n\n<figure class=\"wp-block-image size-large\"><img loading=\"lazy\" decoding=\"async\" width=\"1024\" height=\"683\" src=\"https:\/\/diarioprincipios.com\/wp-content\/uploads\/2024\/03\/20240301_Apertura_Sesion_Extraordinaria_2024_SR_279-1024x683.jpg\" alt=\"\" class=\"wp-image-20935\" srcset=\"https:\/\/diarioprincipios.com\/wp-content\/uploads\/2024\/03\/20240301_Apertura_Sesion_Extraordinaria_2024_SR_279-1024x683.jpg 1024w, https:\/\/diarioprincipios.com\/wp-content\/uploads\/2024\/03\/20240301_Apertura_Sesion_Extraordinaria_2024_SR_279-300x200.jpg 300w, https:\/\/diarioprincipios.com\/wp-content\/uploads\/2024\/03\/20240301_Apertura_Sesion_Extraordinaria_2024_SR_279-768x512.jpg 768w, https:\/\/diarioprincipios.com\/wp-content\/uploads\/2024\/03\/20240301_Apertura_Sesion_Extraordinaria_2024_SR_279-1536x1024.jpg 1536w, https:\/\/diarioprincipios.com\/wp-content\/uploads\/2024\/03\/20240301_Apertura_Sesion_Extraordinaria_2024_SR_279.jpg 1920w\" sizes=\"auto, (max-width: 1024px) 100vw, 1024px\" \/><\/figure>\n\n\n\n<p>Pero tambi\u00e9n dedic\u00f3 varios minutos de sus palabras para dejar en claro su preocupaci\u00f3n por el parate de las obras iniciadas y comprometidas por el Gobierno Nacional. \u201cEstamos sumamente preocupados por las obras iniciadas con fondos nacionales. Pasaron dos meses y no tenemos noticias acerca de lo que va a pasar. Hemos tenido gobiernos opositores que nos llamaron y nos dijeron \u2018esto no se va a hacer\u2019, pero nos llamaron. No es lo que pasa en este momento, lamentablemente\u201d, afirm\u00f3 Mussi, y enumer\u00f3 todas las iniciativas que se encuentran en esa situaci\u00f3n: \u201cEl Centro C\u00edvico de El Pato, la Escuela T\u00e9cnica Profesional en el barrio Bustillo, la Escuela Secundaria N\u00b0 46 del barrio Once, las 1400 viviendas del Plan Procrear, la Universidad en Berazategui, el Polo Tecnol\u00f3gico y la repavimentaci\u00f3n de Camino General Belgrano. No tenemos noticias. El Presidente no est\u00e1 castigando a la casta, est\u00e1 castigando a los vecinos\u201d.<\/p>\n\n\n\n<figure class=\"wp-block-image size-large\"><img loading=\"lazy\" decoding=\"async\" width=\"1024\" height=\"683\" src=\"https:\/\/diarioprincipios.com\/wp-content\/uploads\/2024\/03\/20240301_Apertura_Sesiones_Ordinarias_2024_NM_1417-1024x683.jpg\" alt=\"\" class=\"wp-image-20936\" srcset=\"https:\/\/diarioprincipios.com\/wp-content\/uploads\/2024\/03\/20240301_Apertura_Sesiones_Ordinarias_2024_NM_1417-1024x683.jpg 1024w, https:\/\/diarioprincipios.com\/wp-content\/uploads\/2024\/03\/20240301_Apertura_Sesiones_Ordinarias_2024_NM_1417-300x200.jpg 300w, https:\/\/diarioprincipios.com\/wp-content\/uploads\/2024\/03\/20240301_Apertura_Sesiones_Ordinarias_2024_NM_1417-768x512.jpg 768w, https:\/\/diarioprincipios.com\/wp-content\/uploads\/2024\/03\/20240301_Apertura_Sesiones_Ordinarias_2024_NM_1417-1536x1024.jpg 1536w, https:\/\/diarioprincipios.com\/wp-content\/uploads\/2024\/03\/20240301_Apertura_Sesiones_Ordinarias_2024_NM_1417.jpg 1920w\" sizes=\"auto, (max-width: 1024px) 100vw, 1024px\" \/><\/figure>\n\n\n\n<p>Asimismo, enfatiz\u00f3: \u201cPara nosotros, esto es sumamente preocupante. No llegan Fondos nacionales, como el Fondo de Fortalecimiento, \u00bfqu\u00e9 vamos a hacer con los que tienen hambre? Los Fondos de Seguridad no llegan; los Fondos Coparticipables no llegan, no llegan fondos para la obra p\u00fablica\u201d, y agreg\u00f3: \u201cHubi\u00e9ramos acompa\u00f1ado al Gobierno Nacional, y lo dijimos, en todo aquello que no perjudicara a los ciudadanos de Berazategui. Pero cuando perjudican a nuestros vecinos y vecinas, alzamos nuestra voz, y esto lo vamos a seguir haciendo\u201d.<\/p>\n\n\n\n<p>No obstante, Mussi destac\u00f3 el acompa\u00f1amiento de la Provincia de Buenos Aires y su gobernador, Axel Kicillof: \u201cFinalizamos la pavimentaci\u00f3n de la calle 18, vamos a inaugurar las obras en el Polit\u00e9cnico, siguen los trabajos en Av. Dardo Rocha y recibimos los recursos para la construcci\u00f3n del mercado para alimentos. No nos podemos quejar\u201d.<\/p>\n\n\n\n<figure class=\"wp-block-image size-large is-resized\"><img loading=\"lazy\" decoding=\"async\" width=\"1024\" height=\"683\" src=\"https:\/\/diarioprincipios.com\/wp-content\/uploads\/2024\/03\/20240301_Apertura_Sesiones_Ordinarias_2024_NM_1149-1-1024x683.jpg\" alt=\"\" class=\"wp-image-20937\" style=\"width:392px;height:auto\" srcset=\"https:\/\/diarioprincipios.com\/wp-content\/uploads\/2024\/03\/20240301_Apertura_Sesiones_Ordinarias_2024_NM_1149-1-1024x683.jpg 1024w, https:\/\/diarioprincipios.com\/wp-content\/uploads\/2024\/03\/20240301_Apertura_Sesiones_Ordinarias_2024_NM_1149-1-300x200.jpg 300w, https:\/\/diarioprincipios.com\/wp-content\/uploads\/2024\/03\/20240301_Apertura_Sesiones_Ordinarias_2024_NM_1149-1-768x512.jpg 768w, https:\/\/diarioprincipios.com\/wp-content\/uploads\/2024\/03\/20240301_Apertura_Sesiones_Ordinarias_2024_NM_1149-1-1536x1024.jpg 1536w, https:\/\/diarioprincipios.com\/wp-content\/uploads\/2024\/03\/20240301_Apertura_Sesiones_Ordinarias_2024_NM_1149-1.jpg 1920w\" sizes=\"auto, (max-width: 1024px) 100vw, 1024px\" \/><\/figure>\n\n\n\n<p>En otro sentido, se refiri\u00f3 a la pol\u00edtica sobre las Islas Malvinas: \u201cYo no estoy de acuerdo con entregar Malvinas, con eso de que \u2018hagamos lo que quieren los habitantes de las Islas\u2019. Si los habitantes de Malvinas hubieran sido argentinos, hubieran querido seguir en Argentina. Entonces, nos ponen con que los malvinenses quieren quedarse con los ingleses. Si en lugar de habernos usurpado, nosotros estuvi\u00e9ramos en las Malvinas, los que viven ah\u00ed pensar\u00edan como nosotros. Esa negociaci\u00f3n no sirve para nada. La Argentina no se vende\u201d.<\/p>\n\n\n\n<p>Adem\u00e1s, ante cientos de representantes de distintas instituciones locales, autoridades, vecinos y vecinas, el Mandatario anunci\u00f3: \u201cLa C\u00e1mara Federal de La Plata dict\u00f3 sentencia en relaci\u00f3n al amparo presentado por la Municipalidad de Berazategui en el Juzgado Federal de Quilmes, y por el que ordena a Edesur instrumentar y ejecutar en el municipio un Programa de emergencia que normalice el servicio el\u00e9ctrico ininterrumpidamente. La empresa deber\u00e1 presentar ante la justicia c\u00f3mo va a cumplir esta medida ordenada\u00bb.<\/p>\n\n\n\n<p>A su vez, se refiri\u00f3 a distintos ejes de la gesti\u00f3n, como el de obras en espacios p\u00fablicos. \u201cNosotros tenemos proyectos. Algunos est\u00e1n en marcha, como el saneamiento y reparaci\u00f3n de calles con carpeta asf\u00e1ltica y el plan anual de bacheos de hormig\u00f3n\u201d, dijo. Tambi\u00e9n, se refiri\u00f3 al avance de las obras en calle 136 y 22 A, la Estaci\u00f3n de Hudson, El Pato y en los barrios 26 de Agosto y UOCRA.<\/p>\n\n\n\n<figure class=\"wp-block-image size-full\"><img loading=\"lazy\" decoding=\"async\" width=\"720\" height=\"946\" src=\"https:\/\/diarioprincipios.com\/wp-content\/uploads\/2024\/03\/20240301_Apertura_Sesiones_Ordinarias_2024_NM_1417-1.jpg\" alt=\"\" class=\"wp-image-20938\" srcset=\"https:\/\/diarioprincipios.com\/wp-content\/uploads\/2024\/03\/20240301_Apertura_Sesiones_Ordinarias_2024_NM_1417-1.jpg 720w, https:\/\/diarioprincipios.com\/wp-content\/uploads\/2024\/03\/20240301_Apertura_Sesiones_Ordinarias_2024_NM_1417-1-228x300.jpg 228w\" sizes=\"auto, (max-width: 720px) 100vw, 720px\" \/><\/figure>\n\n\n\n<p>Durante su disertaci\u00f3n, el Jefe comunal profundiz\u00f3 otros aspectos de la gesti\u00f3n, como la cultural: \u201cPodr\u00e1n pasar muchas cosas, podremos tener muchas vicisitudes, pero la cultura va a seguir firme en Berazategui. Vamos a seguir con los grandes eventos. No vamos a renunciar a cuidar la cultura y la educaci\u00f3n p\u00fablica. Son fundamentales para nuestros ciudadanos\u201d.<\/p>\n\n\n\n<p>Adem\u00e1s, con respecto a la Secretar\u00eda de Salud P\u00fablica e Higiene afirm\u00f3: \u201cHemos notado en los \u00faltimos d\u00edas la enorme cantidad de ciudadanos que requieren la salud p\u00fablica, ya que no pueden pagar sus prepagas y no tienen obra social. Es muy dif\u00edcil recibir todo esto, pero por eso, con inversi\u00f3n municipal, estamos creando nuevos espacios\u201d. Y agreg\u00f3: \u201cIniciamos la remodelaci\u00f3n y ampliaci\u00f3n del Centro de Atenci\u00f3n Primaria de Salud (CAPS) N\u00b0 17, de barrio Lucchetti, que vamos a inaugurar en junio. Adem\u00e1s, en mayo inauguraremos la ampliaci\u00f3n del CAPS N\u00b0 35, del barrio 20 de Junio. Asimismo, proyectamos mejorar el Centro S\u00e1batto\u201d.<\/p>\n\n\n\n<p>En tanto, con respecto a la Secretar\u00eda de Organizaciones No Gubernamentales (ONG), Mussi destac\u00f3: \u201cNo vamos a dejar de atender a nuestras instituciones intermedias, porque fueron un pilar fundamental en estos 36 a\u00f1os de gesti\u00f3n\u201d. En este sentido, anunci\u00f3 que continuar\u00e1n las obras en los Ecopuntos y Sociedades de Fomento de varios barrios del distrito, que incluyen a El Pato, CGT, Barrio Luz, 3 de Mayo, Los Troncos, Villa Real, San Pedro y 8 de Noviembre.<\/p>\n\n\n\n<p>A su vez, de la gesti\u00f3n de la Secretar\u00eda de Trabajo se\u00f1al\u00f3: \u201cEn los momentos de crisis, decimos que no se sale con ajuste; se sale con trabajo. As\u00ed es que vamos a inaugurar un Mercado Bonaerense en Berazategui, que estar\u00e1 en Guti\u00e9rrez, para brindar mejores precios a nuestros vecinos y vecinas. Tambi\u00e9n, inauguraremos una chacra experimental integrada en El Pato; y un Polo Emprendedor, destinado a emprendedores locales para que puedan capacitarse y producir bienes para mejorar la empleabilidad\u201d.<\/p>\n\n\n\n<p>Por otro lado, Mussi record\u00f3: \u201cHubo un General de la Argentina, que yo s\u00e9 que hay mucha gente aqu\u00ed que son de la oposici\u00f3n pero que comparte esto, que dijo: \u2018Lo mejor que tenemos es el pueblo\u2019. Y la realidad es que ese viejo General tendr\u00eda que tener m\u00e1s vigencia que nunca, para que todos compartamos aquello que lo mejor que tenemos es el pueblo\u201d.<\/p>\n\n\n\n<p>Para finalizar, el Intendente asegur\u00f3: \u201cDesde Berazategui no podemos cambiar los problemas nacionales. Pero, si trabajamos juntos, podemos mejorar la calidad de vida a los berazateguenses. En todo lo que me queda de mandato quiero que mi ciudad est\u00e9 mejor. Nuestro pueblo grande, que es Berazategui, y nuestra Patria grande, la Argentina, necesitan a todos sus hijos. No es palabrer\u00edo. B\u00fasquenme aquellos que quieran trabajar para Berazategui y me van a encontrar, piensen como piensen. Yo no le pregunt\u00e9 a la gente de la Uni\u00f3n Industrial c\u00f3mo pensaban, para hacer los Parques Industriales. Victorio Bruni no busc\u00f3 nada m\u00e1s que peronistas para independizar Berazategui. En los gremios hay gente que piensa de distintas maneras a los trabajadores. Todos tenemos que luchar por una causa com\u00fan, que es mejorar esto\u201d.<\/p>\n","protected":false},"excerpt":{"rendered":"<p>Mostr\u00f3 su preocupaci\u00f3n por las obras paralizadas por el actual Gobierno nacional. El intendente municipal, Juan Jos\u00e9 Mussi, encabez\u00f3 la ceremonia de inauguraci\u00f3n del 51\u00b0 per\u00edodo de Sesiones Ordinarias del Honorable Concejo Deliberante (HCD) de Berazategui. En su disertaci\u00f3n, traz\u00f3 el camino a seguir en 2024 en los distintos ejes de gesti\u00f3n. Pero tambi\u00e9n dedic\u00f3&#8230;<\/p>\n","protected":false},"author":2,"featured_media":20934,"comment_status":"open","ping_status":"open","sticky":false,"template":"","format":"standard","meta":{"footnotes":""},"categories":[3],"tags":[],"class_list":["post-20933","post","type-post","status-publish","format-standard","has-post-thumbnail","hentry","category-berazategui"],"featured_image_src":"https:\/\/diarioprincipios.com\/wp-content\/uploads\/2024\/03\/20240301_Apertura_Sesion_Extraordinaria_2024_SR_191-1-1024x683.jpg","blog_images":{"medium":"https:\/\/diarioprincipios.com\/wp-content\/uploads\/2024\/03\/20240301_Apertura_Sesion_Extraordinaria_2024_SR_191-1-300x200.jpg","large":"https:\/\/diarioprincipios.com\/wp-content\/uploads\/2024\/03\/20240301_Apertura_Sesion_Extraordinaria_2024_SR_191-1-1024x683.jpg"},"ams_acf":[],"yoast_head":"<!-- This site is optimized with the Yoast SEO plugin v27.3 - https:\/\/yoast.com\/product\/yoast-seo-wordpress\/ -->\n<title>Mussi encabez\u00f3 la Apertura de Sesiones en el HCD - Principios<\/title>\n<meta name=\"robots\" content=\"index, follow, max-snippet:-1, max-image-preview:large, max-video-preview:-1\" \/>\n<link rel=\"canonical\" href=\"https:\/\/diarioprincipios.com\/index.php\/2024\/03\/02\/mussi-encabezo-la-apertura-de-sesiones-en-el-hcd\/\" \/>\n<meta property=\"og:locale\" content=\"es_ES\" \/>\n<meta property=\"og:type\" content=\"article\" \/>\n<meta property=\"og:title\" content=\"Mussi encabez\u00f3 la Apertura de Sesiones en el HCD - Principios\" \/>\n<meta property=\"og:description\" content=\"Mostr\u00f3 su preocupaci\u00f3n por las obras paralizadas por el actual Gobierno nacional. El intendente municipal, Juan Jos\u00e9 Mussi, encabez\u00f3 la ceremonia de inauguraci\u00f3n del 51\u00b0 per\u00edodo de Sesiones Ordinarias del Honorable Concejo Deliberante (HCD) de Berazategui. En su disertaci\u00f3n, traz\u00f3 el camino a seguir en 2024 en los distintos ejes de gesti\u00f3n. Pero tambi\u00e9n dedic\u00f3...\" \/>\n<meta property=\"og:url\" content=\"https:\/\/diarioprincipios.com\/index.php\/2024\/03\/02\/mussi-encabezo-la-apertura-de-sesiones-en-el-hcd\/\" \/>\n<meta property=\"og:site_name\" content=\"Principios\" \/>\n<meta property=\"article:published_time\" content=\"2024-03-02T22:34:57+00:00\" \/>\n<meta property=\"article:modified_time\" content=\"2024-03-02T22:34:59+00:00\" \/>\n<meta property=\"og:image\" content=\"https:\/\/diarioprincipios.com\/wp-content\/uploads\/2024\/03\/20240301_Apertura_Sesion_Extraordinaria_2024_SR_191-1.jpg\" \/>\n\t<meta property=\"og:image:width\" content=\"1920\" \/>\n\t<meta property=\"og:image:height\" content=\"1280\" \/>\n\t<meta property=\"og:image:type\" content=\"image\/jpeg\" \/>\n<meta name=\"author\" content=\"Hern\u00e1n L\u00f3pez\" \/>\n<meta name=\"twitter:card\" content=\"summary_large_image\" \/>\n<meta name=\"twitter:label1\" content=\"Escrito por\" \/>\n\t<meta name=\"twitter:data1\" content=\"Hern\u00e1n L\u00f3pez\" \/>\n\t<meta name=\"twitter:label2\" content=\"Tiempo de lectura\" \/>\n\t<meta name=\"twitter:data2\" content=\"6 minutos\" \/>\n<script type=\"application\/ld+json\" class=\"yoast-schema-graph\">{\"@context\":\"https:\\\/\\\/schema.org\",\"@graph\":[{\"@type\":\"Article\",\"@id\":\"https:\\\/\\\/diarioprincipios.com\\\/index.php\\\/2024\\\/03\\\/02\\\/mussi-encabezo-la-apertura-de-sesiones-en-el-hcd\\\/#article\",\"isPartOf\":{\"@id\":\"https:\\\/\\\/diarioprincipios.com\\\/index.php\\\/2024\\\/03\\\/02\\\/mussi-encabezo-la-apertura-de-sesiones-en-el-hcd\\\/\"},\"author\":{\"name\":\"Hern\u00e1n L\u00f3pez\",\"@id\":\"https:\\\/\\\/diarioprincipios.com\\\/#\\\/schema\\\/person\\\/436d5a1fd41a5e250e23ff5a6a7cb080\"},\"headline\":\"Mussi encabez\u00f3 la Apertura de Sesiones en el HCD\",\"datePublished\":\"2024-03-02T22:34:57+00:00\",\"dateModified\":\"2024-03-02T22:34:59+00:00\",\"mainEntityOfPage\":{\"@id\":\"https:\\\/\\\/diarioprincipios.com\\\/index.php\\\/2024\\\/03\\\/02\\\/mussi-encabezo-la-apertura-de-sesiones-en-el-hcd\\\/\"},\"wordCount\":1152,\"commentCount\":0,\"publisher\":{\"@id\":\"https:\\\/\\\/diarioprincipios.com\\\/#organization\"},\"image\":{\"@id\":\"https:\\\/\\\/diarioprincipios.com\\\/index.php\\\/2024\\\/03\\\/02\\\/mussi-encabezo-la-apertura-de-sesiones-en-el-hcd\\\/#primaryimage\"},\"thumbnailUrl\":\"https:\\\/\\\/diarioprincipios.com\\\/wp-content\\\/uploads\\\/2024\\\/03\\\/20240301_Apertura_Sesion_Extraordinaria_2024_SR_191-1.jpg\",\"articleSection\":[\"Berazategui\"],\"inLanguage\":\"es\",\"potentialAction\":[{\"@type\":\"CommentAction\",\"name\":\"Comment\",\"target\":[\"https:\\\/\\\/diarioprincipios.com\\\/index.php\\\/2024\\\/03\\\/02\\\/mussi-encabezo-la-apertura-de-sesiones-en-el-hcd\\\/#respond\"]}]},{\"@type\":\"WebPage\",\"@id\":\"https:\\\/\\\/diarioprincipios.com\\\/index.php\\\/2024\\\/03\\\/02\\\/mussi-encabezo-la-apertura-de-sesiones-en-el-hcd\\\/\",\"url\":\"https:\\\/\\\/diarioprincipios.com\\\/index.php\\\/2024\\\/03\\\/02\\\/mussi-encabezo-la-apertura-de-sesiones-en-el-hcd\\\/\",\"name\":\"Mussi encabez\u00f3 la Apertura de Sesiones en el HCD - Principios\",\"isPartOf\":{\"@id\":\"https:\\\/\\\/diarioprincipios.com\\\/#website\"},\"primaryImageOfPage\":{\"@id\":\"https:\\\/\\\/diarioprincipios.com\\\/index.php\\\/2024\\\/03\\\/02\\\/mussi-encabezo-la-apertura-de-sesiones-en-el-hcd\\\/#primaryimage\"},\"image\":{\"@id\":\"https:\\\/\\\/diarioprincipios.com\\\/index.php\\\/2024\\\/03\\\/02\\\/mussi-encabezo-la-apertura-de-sesiones-en-el-hcd\\\/#primaryimage\"},\"thumbnailUrl\":\"https:\\\/\\\/diarioprincipios.com\\\/wp-content\\\/uploads\\\/2024\\\/03\\\/20240301_Apertura_Sesion_Extraordinaria_2024_SR_191-1.jpg\",\"datePublished\":\"2024-03-02T22:34:57+00:00\",\"dateModified\":\"2024-03-02T22:34:59+00:00\",\"breadcrumb\":{\"@id\":\"https:\\\/\\\/diarioprincipios.com\\\/index.php\\\/2024\\\/03\\\/02\\\/mussi-encabezo-la-apertura-de-sesiones-en-el-hcd\\\/#breadcrumb\"},\"inLanguage\":\"es\",\"potentialAction\":[{\"@type\":\"ReadAction\",\"target\":[\"https:\\\/\\\/diarioprincipios.com\\\/index.php\\\/2024\\\/03\\\/02\\\/mussi-encabezo-la-apertura-de-sesiones-en-el-hcd\\\/\"]}]},{\"@type\":\"ImageObject\",\"inLanguage\":\"es\",\"@id\":\"https:\\\/\\\/diarioprincipios.com\\\/index.php\\\/2024\\\/03\\\/02\\\/mussi-encabezo-la-apertura-de-sesiones-en-el-hcd\\\/#primaryimage\",\"url\":\"https:\\\/\\\/diarioprincipios.com\\\/wp-content\\\/uploads\\\/2024\\\/03\\\/20240301_Apertura_Sesion_Extraordinaria_2024_SR_191-1.jpg\",\"contentUrl\":\"https:\\\/\\\/diarioprincipios.com\\\/wp-content\\\/uploads\\\/2024\\\/03\\\/20240301_Apertura_Sesion_Extraordinaria_2024_SR_191-1.jpg\",\"width\":1920,\"height\":1280},{\"@type\":\"BreadcrumbList\",\"@id\":\"https:\\\/\\\/diarioprincipios.com\\\/index.php\\\/2024\\\/03\\\/02\\\/mussi-encabezo-la-apertura-de-sesiones-en-el-hcd\\\/#breadcrumb\",\"itemListElement\":[{\"@type\":\"ListItem\",\"position\":1,\"name\":\"Portada\",\"item\":\"https:\\\/\\\/diarioprincipios.com\\\/\"},{\"@type\":\"ListItem\",\"position\":2,\"name\":\"Mussi encabez\u00f3 la Apertura de Sesiones en el HCD\"}]},{\"@type\":\"WebSite\",\"@id\":\"https:\\\/\\\/diarioprincipios.com\\\/#website\",\"url\":\"https:\\\/\\\/diarioprincipios.com\\\/\",\"name\":\"Principios\",\"description\":\"Principios Diario\",\"publisher\":{\"@id\":\"https:\\\/\\\/diarioprincipios.com\\\/#organization\"},\"potentialAction\":[{\"@type\":\"SearchAction\",\"target\":{\"@type\":\"EntryPoint\",\"urlTemplate\":\"https:\\\/\\\/diarioprincipios.com\\\/?s={search_term_string}\"},\"query-input\":{\"@type\":\"PropertyValueSpecification\",\"valueRequired\":true,\"valueName\":\"search_term_string\"}}],\"inLanguage\":\"es\"},{\"@type\":\"Organization\",\"@id\":\"https:\\\/\\\/diarioprincipios.com\\\/#organization\",\"name\":\"Principios\",\"url\":\"https:\\\/\\\/diarioprincipios.com\\\/\",\"logo\":{\"@type\":\"ImageObject\",\"inLanguage\":\"es\",\"@id\":\"https:\\\/\\\/diarioprincipios.com\\\/#\\\/schema\\\/logo\\\/image\\\/\",\"url\":\"https:\\\/\\\/diarioprincipios.com\\\/wp-content\\\/uploads\\\/2024\\\/04\\\/cropped-www.diarioprincipios.com_-1.png\",\"contentUrl\":\"https:\\\/\\\/diarioprincipios.com\\\/wp-content\\\/uploads\\\/2024\\\/04\\\/cropped-www.diarioprincipios.com_-1.png\",\"width\":5325,\"height\":1454,\"caption\":\"Principios\"},\"image\":{\"@id\":\"https:\\\/\\\/diarioprincipios.com\\\/#\\\/schema\\\/logo\\\/image\\\/\"}},{\"@type\":\"Person\",\"@id\":\"https:\\\/\\\/diarioprincipios.com\\\/#\\\/schema\\\/person\\\/436d5a1fd41a5e250e23ff5a6a7cb080\",\"name\":\"Hern\u00e1n L\u00f3pez\",\"image\":{\"@type\":\"ImageObject\",\"inLanguage\":\"es\",\"@id\":\"https:\\\/\\\/diarioprincipios.com\\\/wp-content\\\/litespeed\\\/avatar\\\/11ddfe5610ff3bd100522525b2571f48.jpg?ver=1777653193\",\"url\":\"https:\\\/\\\/diarioprincipios.com\\\/wp-content\\\/litespeed\\\/avatar\\\/11ddfe5610ff3bd100522525b2571f48.jpg?ver=1777653193\",\"contentUrl\":\"https:\\\/\\\/diarioprincipios.com\\\/wp-content\\\/litespeed\\\/avatar\\\/11ddfe5610ff3bd100522525b2571f48.jpg?ver=1777653193\",\"caption\":\"Hern\u00e1n L\u00f3pez\"},\"url\":\"https:\\\/\\\/diarioprincipios.com\\\/index.php\\\/author\\\/hernan\\\/\"}]}<\/script>\n<!-- \/ Yoast SEO plugin. -->","yoast_head_json":{"title":"Mussi encabez\u00f3 la Apertura de Sesiones en el HCD - Principios","robots":{"index":"index","follow":"follow","max-snippet":"max-snippet:-1","max-image-preview":"max-image-preview:large","max-video-preview":"max-video-preview:-1"},"canonical":"https:\/\/diarioprincipios.com\/index.php\/2024\/03\/02\/mussi-encabezo-la-apertura-de-sesiones-en-el-hcd\/","og_locale":"es_ES","og_type":"article","og_title":"Mussi encabez\u00f3 la Apertura de Sesiones en el HCD - Principios","og_description":"Mostr\u00f3 su preocupaci\u00f3n por las obras paralizadas por el actual Gobierno nacional. El intendente municipal, Juan Jos\u00e9 Mussi, encabez\u00f3 la ceremonia de inauguraci\u00f3n del 51\u00b0 per\u00edodo de Sesiones Ordinarias del Honorable Concejo Deliberante (HCD) de Berazategui. En su disertaci\u00f3n, traz\u00f3 el camino a seguir en 2024 en los distintos ejes de gesti\u00f3n. Pero tambi\u00e9n dedic\u00f3...","og_url":"https:\/\/diarioprincipios.com\/index.php\/2024\/03\/02\/mussi-encabezo-la-apertura-de-sesiones-en-el-hcd\/","og_site_name":"Principios","article_published_time":"2024-03-02T22:34:57+00:00","article_modified_time":"2024-03-02T22:34:59+00:00","og_image":[{"width":1920,"height":1280,"url":"https:\/\/diarioprincipios.com\/wp-content\/uploads\/2024\/03\/20240301_Apertura_Sesion_Extraordinaria_2024_SR_191-1.jpg","type":"image\/jpeg"}],"author":"Hern\u00e1n L\u00f3pez","twitter_card":"summary_large_image","twitter_misc":{"Escrito por":"Hern\u00e1n L\u00f3pez","Tiempo de lectura":"6 minutos"},"schema":{"@context":"https:\/\/schema.org","@graph":[{"@type":"Article","@id":"https:\/\/diarioprincipios.com\/index.php\/2024\/03\/02\/mussi-encabezo-la-apertura-de-sesiones-en-el-hcd\/#article","isPartOf":{"@id":"https:\/\/diarioprincipios.com\/index.php\/2024\/03\/02\/mussi-encabezo-la-apertura-de-sesiones-en-el-hcd\/"},"author":{"name":"Hern\u00e1n L\u00f3pez","@id":"https:\/\/diarioprincipios.com\/#\/schema\/person\/436d5a1fd41a5e250e23ff5a6a7cb080"},"headline":"Mussi encabez\u00f3 la Apertura de Sesiones en el HCD","datePublished":"2024-03-02T22:34:57+00:00","dateModified":"2024-03-02T22:34:59+00:00","mainEntityOfPage":{"@id":"https:\/\/diarioprincipios.com\/index.php\/2024\/03\/02\/mussi-encabezo-la-apertura-de-sesiones-en-el-hcd\/"},"wordCount":1152,"commentCount":0,"publisher":{"@id":"https:\/\/diarioprincipios.com\/#organization"},"image":{"@id":"https:\/\/diarioprincipios.com\/index.php\/2024\/03\/02\/mussi-encabezo-la-apertura-de-sesiones-en-el-hcd\/#primaryimage"},"thumbnailUrl":"https:\/\/diarioprincipios.com\/wp-content\/uploads\/2024\/03\/20240301_Apertura_Sesion_Extraordinaria_2024_SR_191-1.jpg","articleSection":["Berazategui"],"inLanguage":"es","potentialAction":[{"@type":"CommentAction","name":"Comment","target":["https:\/\/diarioprincipios.com\/index.php\/2024\/03\/02\/mussi-encabezo-la-apertura-de-sesiones-en-el-hcd\/#respond"]}]},{"@type":"WebPage","@id":"https:\/\/diarioprincipios.com\/index.php\/2024\/03\/02\/mussi-encabezo-la-apertura-de-sesiones-en-el-hcd\/","url":"https:\/\/diarioprincipios.com\/index.php\/2024\/03\/02\/mussi-encabezo-la-apertura-de-sesiones-en-el-hcd\/","name":"Mussi encabez\u00f3 la Apertura de Sesiones en el HCD - Principios","isPartOf":{"@id":"https:\/\/diarioprincipios.com\/#website"},"primaryImageOfPage":{"@id":"https:\/\/diarioprincipios.com\/index.php\/2024\/03\/02\/mussi-encabezo-la-apertura-de-sesiones-en-el-hcd\/#primaryimage"},"image":{"@id":"https:\/\/diarioprincipios.com\/index.php\/2024\/03\/02\/mussi-encabezo-la-apertura-de-sesiones-en-el-hcd\/#primaryimage"},"thumbnailUrl":"https:\/\/diarioprincipios.com\/wp-content\/uploads\/2024\/03\/20240301_Apertura_Sesion_Extraordinaria_2024_SR_191-1.jpg","datePublished":"2024-03-02T22:34:57+00:00","dateModified":"2024-03-02T22:34:59+00:00","breadcrumb":{"@id":"https:\/\/diarioprincipios.com\/index.php\/2024\/03\/02\/mussi-encabezo-la-apertura-de-sesiones-en-el-hcd\/#breadcrumb"},"inLanguage":"es","potentialAction":[{"@type":"ReadAction","target":["https:\/\/diarioprincipios.com\/index.php\/2024\/03\/02\/mussi-encabezo-la-apertura-de-sesiones-en-el-hcd\/"]}]},{"@type":"ImageObject","inLanguage":"es","@id":"https:\/\/diarioprincipios.com\/index.php\/2024\/03\/02\/mussi-encabezo-la-apertura-de-sesiones-en-el-hcd\/#primaryimage","url":"https:\/\/diarioprincipios.com\/wp-content\/uploads\/2024\/03\/20240301_Apertura_Sesion_Extraordinaria_2024_SR_191-1.jpg","contentUrl":"https:\/\/diarioprincipios.com\/wp-content\/uploads\/2024\/03\/20240301_Apertura_Sesion_Extraordinaria_2024_SR_191-1.jpg","width":1920,"height":1280},{"@type":"BreadcrumbList","@id":"https:\/\/diarioprincipios.com\/index.php\/2024\/03\/02\/mussi-encabezo-la-apertura-de-sesiones-en-el-hcd\/#breadcrumb","itemListElement":[{"@type":"ListItem","position":1,"name":"Portada","item":"https:\/\/diarioprincipios.com\/"},{"@type":"ListItem","position":2,"name":"Mussi encabez\u00f3 la Apertura de Sesiones en el HCD"}]},{"@type":"WebSite","@id":"https:\/\/diarioprincipios.com\/#website","url":"https:\/\/diarioprincipios.com\/","name":"Principios","description":"Principios Diario","publisher":{"@id":"https:\/\/diarioprincipios.com\/#organization"},"potentialAction":[{"@type":"SearchAction","target":{"@type":"EntryPoint","urlTemplate":"https:\/\/diarioprincipios.com\/?s={search_term_string}"},"query-input":{"@type":"PropertyValueSpecification","valueRequired":true,"valueName":"search_term_string"}}],"inLanguage":"es"},{"@type":"Organization","@id":"https:\/\/diarioprincipios.com\/#organization","name":"Principios","url":"https:\/\/diarioprincipios.com\/","logo":{"@type":"ImageObject","inLanguage":"es","@id":"https:\/\/diarioprincipios.com\/#\/schema\/logo\/image\/","url":"https:\/\/diarioprincipios.com\/wp-content\/uploads\/2024\/04\/cropped-www.diarioprincipios.com_-1.png","contentUrl":"https:\/\/diarioprincipios.com\/wp-content\/uploads\/2024\/04\/cropped-www.diarioprincipios.com_-1.png","width":5325,"height":1454,"caption":"Principios"},"image":{"@id":"https:\/\/diarioprincipios.com\/#\/schema\/logo\/image\/"}},{"@type":"Person","@id":"https:\/\/diarioprincipios.com\/#\/schema\/person\/436d5a1fd41a5e250e23ff5a6a7cb080","name":"Hern\u00e1n L\u00f3pez","image":{"@type":"ImageObject","inLanguage":"es","@id":"https:\/\/diarioprincipios.com\/wp-content\/litespeed\/avatar\/11ddfe5610ff3bd100522525b2571f48.jpg?ver=1777653193","url":"https:\/\/diarioprincipios.com\/wp-content\/litespeed\/avatar\/11ddfe5610ff3bd100522525b2571f48.jpg?ver=1777653193","contentUrl":"https:\/\/diarioprincipios.com\/wp-content\/litespeed\/avatar\/11ddfe5610ff3bd100522525b2571f48.jpg?ver=1777653193","caption":"Hern\u00e1n L\u00f3pez"},"url":"https:\/\/diarioprincipios.com\/index.php\/author\/hernan\/"}]}},"jetpack_featured_media_url":"https:\/\/diarioprincipios.com\/wp-content\/uploads\/2024\/03\/20240301_Apertura_Sesion_Extraordinaria_2024_SR_191-1.jpg","_links":{"self":[{"href":"https:\/\/diarioprincipios.com\/index.php\/wp-json\/wp\/v2\/posts\/20933","targetHints":{"allow":["GET"]}}],"collection":[{"href":"https:\/\/diarioprincipios.com\/index.php\/wp-json\/wp\/v2\/posts"}],"about":[{"href":"https:\/\/diarioprincipios.com\/index.php\/wp-json\/wp\/v2\/types\/post"}],"author":[{"embeddable":true,"href":"https:\/\/diarioprincipios.com\/index.php\/wp-json\/wp\/v2\/users\/2"}],"replies":[{"embeddable":true,"href":"https:\/\/diarioprincipios.com\/index.php\/wp-json\/wp\/v2\/comments?post=20933"}],"version-history":[{"count":1,"href":"https:\/\/diarioprincipios.com\/index.php\/wp-json\/wp\/v2\/posts\/20933\/revisions"}],"predecessor-version":[{"id":20939,"href":"https:\/\/diarioprincipios.com\/index.php\/wp-json\/wp\/v2\/posts\/20933\/revisions\/20939"}],"wp:featuredmedia":[{"embeddable":true,"href":"https:\/\/diarioprincipios.com\/index.php\/wp-json\/wp\/v2\/media\/20934"}],"wp:attachment":[{"href":"https:\/\/diarioprincipios.com\/index.php\/wp-json\/wp\/v2\/media?parent=20933"}],"wp:term":[{"taxonomy":"category","embeddable":true,"href":"https:\/\/diarioprincipios.com\/index.php\/wp-json\/wp\/v2\/categories?post=20933"},{"taxonomy":"post_tag","embeddable":true,"href":"https:\/\/diarioprincipios.com\/index.php\/wp-json\/wp\/v2\/tags?post=20933"}],"curies":[{"name":"wp","href":"https:\/\/api.w.org\/{rel}","templated":true}]}}