{"id":20921,"date":"2024-03-01T13:14:21","date_gmt":"2024-03-01T16:14:21","guid":{"rendered":"http:\/\/diarioprincipios.com\/?p=20921"},"modified":"2024-03-01T13:14:23","modified_gmt":"2024-03-01T16:14:23","slug":"en-marzo-sigue-mercado-vecino-la-feria-municipal-de-berazategui","status":"publish","type":"post","link":"https:\/\/diarioprincipios.com\/index.php\/2024\/03\/01\/en-marzo-sigue-mercado-vecino-la-feria-municipal-de-berazategui\/","title":{"rendered":"En marzo sigue Mercado Vecino, la Feria Municipal de Berazategui"},"content":{"rendered":"\n<p><strong>El lunes 4 de marzo se realizar\u00e1 en la Plaza Rigolleau (Av. 14 y Lisandro de la Torre), de 8.00 a 13.00, la primera jornada de Mercado Vecino del mes. All\u00ed pueden encontrar productos esenciales frescos y de primera calidad, a precios especiales.<\/strong><\/p>\n\n\n\n<figure class=\"wp-block-image size-large\"><img loading=\"lazy\" decoding=\"async\" width=\"1024\" height=\"683\" src=\"https:\/\/diarioprincipios.com\/wp-content\/uploads\/2024\/03\/20240219_Mercado_Vecino_Plaza_Rigolleua_SR_46-1-1024x683.jpg\" alt=\"\" class=\"wp-image-20922\" srcset=\"https:\/\/diarioprincipios.com\/wp-content\/uploads\/2024\/03\/20240219_Mercado_Vecino_Plaza_Rigolleua_SR_46-1-1024x683.jpg 1024w, https:\/\/diarioprincipios.com\/wp-content\/uploads\/2024\/03\/20240219_Mercado_Vecino_Plaza_Rigolleua_SR_46-1-300x200.jpg 300w, https:\/\/diarioprincipios.com\/wp-content\/uploads\/2024\/03\/20240219_Mercado_Vecino_Plaza_Rigolleua_SR_46-1-768x512.jpg 768w, https:\/\/diarioprincipios.com\/wp-content\/uploads\/2024\/03\/20240219_Mercado_Vecino_Plaza_Rigolleua_SR_46-1-1536x1024.jpg 1536w, https:\/\/diarioprincipios.com\/wp-content\/uploads\/2024\/03\/20240219_Mercado_Vecino_Plaza_Rigolleua_SR_46-1-2048x1365.jpg 2048w\" sizes=\"auto, (max-width: 1024px) 100vw, 1024px\" \/><\/figure>\n\n\n\n<p>Directo de productores locales, podr\u00e1n acceder a frutas y verduras de estaci\u00f3n, l\u00e1cteos, panificados y los mejores cortes de carne, abonando con distintos medios como efectivo, tarjetas de d\u00e9bito, Mercado Pago o Cuenta DNI.<\/p>\n\n\n\n<figure class=\"wp-block-image size-large\"><img loading=\"lazy\" decoding=\"async\" width=\"1024\" height=\"683\" src=\"https:\/\/diarioprincipios.com\/wp-content\/uploads\/2024\/03\/20240219_Mercado_Vecino_Plaza_Rigolleua_SR_14-2-1024x683.jpg\" alt=\"\" class=\"wp-image-20923\" srcset=\"https:\/\/diarioprincipios.com\/wp-content\/uploads\/2024\/03\/20240219_Mercado_Vecino_Plaza_Rigolleua_SR_14-2-1024x683.jpg 1024w, https:\/\/diarioprincipios.com\/wp-content\/uploads\/2024\/03\/20240219_Mercado_Vecino_Plaza_Rigolleua_SR_14-2-300x200.jpg 300w, https:\/\/diarioprincipios.com\/wp-content\/uploads\/2024\/03\/20240219_Mercado_Vecino_Plaza_Rigolleua_SR_14-2-768x512.jpg 768w, https:\/\/diarioprincipios.com\/wp-content\/uploads\/2024\/03\/20240219_Mercado_Vecino_Plaza_Rigolleua_SR_14-2-1536x1024.jpg 1536w, https:\/\/diarioprincipios.com\/wp-content\/uploads\/2024\/03\/20240219_Mercado_Vecino_Plaza_Rigolleua_SR_14-2-2048x1365.jpg 2048w\" sizes=\"auto, (max-width: 1024px) 100vw, 1024px\" \/><\/figure>\n\n\n\n<p>Mercado Vecino es una iniciativa impulsada por el intendente Juan Jos\u00e9 Mussi y organizada por la Secretar\u00eda de Trabajo local. Representa una oportunidad ideal para consumidores y productores de Berazategui, quienes cuentan con un espacio para comercializar sin intermediarios.<\/p>\n\n\n\n<p>Para m\u00e1s informaci\u00f3n, se puede ingresar en&nbsp;<a rel=\"noreferrer noopener\" target=\"_blank\" href=\"http:\/\/berazategui.gob.ar\/mercadovecino\">berazategui.gob.ar\/mercadovecino<\/a>.<\/p>\n","protected":false},"excerpt":{"rendered":"<p>El lunes 4 de marzo se realizar\u00e1 en la Plaza Rigolleau (Av. 14 y Lisandro de la Torre), de 8.00 a 13.00, la primera jornada de Mercado Vecino del mes. All\u00ed pueden encontrar productos esenciales frescos y de primera calidad, a precios especiales. Directo de productores locales, podr\u00e1n acceder a frutas y verduras de estaci\u00f3n,&#8230;<\/p>\n","protected":false},"author":2,"featured_media":20924,"comment_status":"open","ping_status":"open","sticky":false,"template":"","format":"standard","meta":{"footnotes":""},"categories":[3],"tags":[],"class_list":["post-20921","post","type-post","status-publish","format-standard","has-post-thumbnail","hentry","category-berazategui"],"featured_image_src":"https:\/\/diarioprincipios.com\/wp-content\/uploads\/2024\/03\/20240219_Mercado_Vecino_Plaza_Rigolleua_SR_04-1-scaled-1024x682.jpg","blog_images":{"medium":"https:\/\/diarioprincipios.com\/wp-content\/uploads\/2024\/03\/20240219_Mercado_Vecino_Plaza_Rigolleua_SR_04-1-scaled-300x200.jpg","large":"https:\/\/diarioprincipios.com\/wp-content\/uploads\/2024\/03\/20240219_Mercado_Vecino_Plaza_Rigolleua_SR_04-1-scaled-1024x682.jpg"},"ams_acf":[],"yoast_head":"<!-- This site is optimized with the Yoast SEO plugin v27.3 - https:\/\/yoast.com\/product\/yoast-seo-wordpress\/ -->\n<title>En marzo sigue Mercado Vecino, la Feria Municipal de Berazategui - Principios<\/title>\n<meta name=\"robots\" content=\"index, follow, max-snippet:-1, max-image-preview:large, max-video-preview:-1\" \/>\n<link rel=\"canonical\" href=\"https:\/\/diarioprincipios.com\/index.php\/2024\/03\/01\/en-marzo-sigue-mercado-vecino-la-feria-municipal-de-berazategui\/\" \/>\n<meta property=\"og:locale\" content=\"es_ES\" \/>\n<meta property=\"og:type\" content=\"article\" \/>\n<meta property=\"og:title\" content=\"En marzo sigue Mercado Vecino, la Feria Municipal de Berazategui - Principios\" \/>\n<meta property=\"og:description\" content=\"El lunes 4 de marzo se realizar\u00e1 en la Plaza Rigolleau (Av. 14 y Lisandro de la Torre), de 8.00 a 13.00, la primera jornada de Mercado Vecino del mes. All\u00ed pueden encontrar productos esenciales frescos y de primera calidad, a precios especiales. Directo de productores locales, podr\u00e1n acceder a frutas y verduras de estaci\u00f3n,...\" \/>\n<meta property=\"og:url\" content=\"https:\/\/diarioprincipios.com\/index.php\/2024\/03\/01\/en-marzo-sigue-mercado-vecino-la-feria-municipal-de-berazategui\/\" \/>\n<meta property=\"og:site_name\" content=\"Principios\" \/>\n<meta property=\"article:published_time\" content=\"2024-03-01T16:14:21+00:00\" \/>\n<meta property=\"article:modified_time\" content=\"2024-03-01T16:14:23+00:00\" \/>\n<meta property=\"og:image\" content=\"https:\/\/diarioprincipios.com\/wp-content\/uploads\/2024\/03\/20240219_Mercado_Vecino_Plaza_Rigolleua_SR_04-1-scaled.jpg\" \/>\n\t<meta property=\"og:image:width\" content=\"2560\" \/>\n\t<meta property=\"og:image:height\" content=\"1706\" \/>\n\t<meta property=\"og:image:type\" content=\"image\/jpeg\" \/>\n<meta name=\"author\" content=\"Hern\u00e1n L\u00f3pez\" \/>\n<meta name=\"twitter:card\" content=\"summary_large_image\" \/>\n<meta name=\"twitter:label1\" content=\"Escrito por\" \/>\n\t<meta name=\"twitter:data1\" content=\"Hern\u00e1n L\u00f3pez\" \/>\n\t<meta name=\"twitter:label2\" content=\"Tiempo de lectura\" \/>\n\t<meta name=\"twitter:data2\" content=\"1 minuto\" \/>\n<script type=\"application\/ld+json\" class=\"yoast-schema-graph\">{\"@context\":\"https:\\\/\\\/schema.org\",\"@graph\":[{\"@type\":\"Article\",\"@id\":\"https:\\\/\\\/diarioprincipios.com\\\/index.php\\\/2024\\\/03\\\/01\\\/en-marzo-sigue-mercado-vecino-la-feria-municipal-de-berazategui\\\/#article\",\"isPartOf\":{\"@id\":\"https:\\\/\\\/diarioprincipios.com\\\/index.php\\\/2024\\\/03\\\/01\\\/en-marzo-sigue-mercado-vecino-la-feria-municipal-de-berazategui\\\/\"},\"author\":{\"name\":\"Hern\u00e1n L\u00f3pez\",\"@id\":\"https:\\\/\\\/diarioprincipios.com\\\/#\\\/schema\\\/person\\\/436d5a1fd41a5e250e23ff5a6a7cb080\"},\"headline\":\"En marzo sigue Mercado Vecino, la Feria Municipal de Berazategui\",\"datePublished\":\"2024-03-01T16:14:21+00:00\",\"dateModified\":\"2024-03-01T16:14:23+00:00\",\"mainEntityOfPage\":{\"@id\":\"https:\\\/\\\/diarioprincipios.com\\\/index.php\\\/2024\\\/03\\\/01\\\/en-marzo-sigue-mercado-vecino-la-feria-municipal-de-berazategui\\\/\"},\"wordCount\":141,\"commentCount\":0,\"publisher\":{\"@id\":\"https:\\\/\\\/diarioprincipios.com\\\/#organization\"},\"image\":{\"@id\":\"https:\\\/\\\/diarioprincipios.com\\\/index.php\\\/2024\\\/03\\\/01\\\/en-marzo-sigue-mercado-vecino-la-feria-municipal-de-berazategui\\\/#primaryimage\"},\"thumbnailUrl\":\"https:\\\/\\\/diarioprincipios.com\\\/wp-content\\\/uploads\\\/2024\\\/03\\\/20240219_Mercado_Vecino_Plaza_Rigolleua_SR_04-1-scaled.jpg\",\"articleSection\":[\"Berazategui\"],\"inLanguage\":\"es\",\"potentialAction\":[{\"@type\":\"CommentAction\",\"name\":\"Comment\",\"target\":[\"https:\\\/\\\/diarioprincipios.com\\\/index.php\\\/2024\\\/03\\\/01\\\/en-marzo-sigue-mercado-vecino-la-feria-municipal-de-berazategui\\\/#respond\"]}]},{\"@type\":\"WebPage\",\"@id\":\"https:\\\/\\\/diarioprincipios.com\\\/index.php\\\/2024\\\/03\\\/01\\\/en-marzo-sigue-mercado-vecino-la-feria-municipal-de-berazategui\\\/\",\"url\":\"https:\\\/\\\/diarioprincipios.com\\\/index.php\\\/2024\\\/03\\\/01\\\/en-marzo-sigue-mercado-vecino-la-feria-municipal-de-berazategui\\\/\",\"name\":\"En marzo sigue Mercado Vecino, la Feria Municipal de Berazategui - Principios\",\"isPartOf\":{\"@id\":\"https:\\\/\\\/diarioprincipios.com\\\/#website\"},\"primaryImageOfPage\":{\"@id\":\"https:\\\/\\\/diarioprincipios.com\\\/index.php\\\/2024\\\/03\\\/01\\\/en-marzo-sigue-mercado-vecino-la-feria-municipal-de-berazategui\\\/#primaryimage\"},\"image\":{\"@id\":\"https:\\\/\\\/diarioprincipios.com\\\/index.php\\\/2024\\\/03\\\/01\\\/en-marzo-sigue-mercado-vecino-la-feria-municipal-de-berazategui\\\/#primaryimage\"},\"thumbnailUrl\":\"https:\\\/\\\/diarioprincipios.com\\\/wp-content\\\/uploads\\\/2024\\\/03\\\/20240219_Mercado_Vecino_Plaza_Rigolleua_SR_04-1-scaled.jpg\",\"datePublished\":\"2024-03-01T16:14:21+00:00\",\"dateModified\":\"2024-03-01T16:14:23+00:00\",\"breadcrumb\":{\"@id\":\"https:\\\/\\\/diarioprincipios.com\\\/index.php\\\/2024\\\/03\\\/01\\\/en-marzo-sigue-mercado-vecino-la-feria-municipal-de-berazategui\\\/#breadcrumb\"},\"inLanguage\":\"es\",\"potentialAction\":[{\"@type\":\"ReadAction\",\"target\":[\"https:\\\/\\\/diarioprincipios.com\\\/index.php\\\/2024\\\/03\\\/01\\\/en-marzo-sigue-mercado-vecino-la-feria-municipal-de-berazategui\\\/\"]}]},{\"@type\":\"ImageObject\",\"inLanguage\":\"es\",\"@id\":\"https:\\\/\\\/diarioprincipios.com\\\/index.php\\\/2024\\\/03\\\/01\\\/en-marzo-sigue-mercado-vecino-la-feria-municipal-de-berazategui\\\/#primaryimage\",\"url\":\"https:\\\/\\\/diarioprincipios.com\\\/wp-content\\\/uploads\\\/2024\\\/03\\\/20240219_Mercado_Vecino_Plaza_Rigolleua_SR_04-1-scaled.jpg\",\"contentUrl\":\"https:\\\/\\\/diarioprincipios.com\\\/wp-content\\\/uploads\\\/2024\\\/03\\\/20240219_Mercado_Vecino_Plaza_Rigolleua_SR_04-1-scaled.jpg\",\"width\":2560,\"height\":1706},{\"@type\":\"BreadcrumbList\",\"@id\":\"https:\\\/\\\/diarioprincipios.com\\\/index.php\\\/2024\\\/03\\\/01\\\/en-marzo-sigue-mercado-vecino-la-feria-municipal-de-berazategui\\\/#breadcrumb\",\"itemListElement\":[{\"@type\":\"ListItem\",\"position\":1,\"name\":\"Portada\",\"item\":\"https:\\\/\\\/diarioprincipios.com\\\/\"},{\"@type\":\"ListItem\",\"position\":2,\"name\":\"En marzo sigue Mercado Vecino, la Feria Municipal de Berazategui\"}]},{\"@type\":\"WebSite\",\"@id\":\"https:\\\/\\\/diarioprincipios.com\\\/#website\",\"url\":\"https:\\\/\\\/diarioprincipios.com\\\/\",\"name\":\"Principios\",\"description\":\"Principios Diario\",\"publisher\":{\"@id\":\"https:\\\/\\\/diarioprincipios.com\\\/#organization\"},\"potentialAction\":[{\"@type\":\"SearchAction\",\"target\":{\"@type\":\"EntryPoint\",\"urlTemplate\":\"https:\\\/\\\/diarioprincipios.com\\\/?s={search_term_string}\"},\"query-input\":{\"@type\":\"PropertyValueSpecification\",\"valueRequired\":true,\"valueName\":\"search_term_string\"}}],\"inLanguage\":\"es\"},{\"@type\":\"Organization\",\"@id\":\"https:\\\/\\\/diarioprincipios.com\\\/#organization\",\"name\":\"Principios\",\"url\":\"https:\\\/\\\/diarioprincipios.com\\\/\",\"logo\":{\"@type\":\"ImageObject\",\"inLanguage\":\"es\",\"@id\":\"https:\\\/\\\/diarioprincipios.com\\\/#\\\/schema\\\/logo\\\/image\\\/\",\"url\":\"https:\\\/\\\/diarioprincipios.com\\\/wp-content\\\/uploads\\\/2024\\\/04\\\/cropped-www.diarioprincipios.com_-1.png\",\"contentUrl\":\"https:\\\/\\\/diarioprincipios.com\\\/wp-content\\\/uploads\\\/2024\\\/04\\\/cropped-www.diarioprincipios.com_-1.png\",\"width\":5325,\"height\":1454,\"caption\":\"Principios\"},\"image\":{\"@id\":\"https:\\\/\\\/diarioprincipios.com\\\/#\\\/schema\\\/logo\\\/image\\\/\"}},{\"@type\":\"Person\",\"@id\":\"https:\\\/\\\/diarioprincipios.com\\\/#\\\/schema\\\/person\\\/436d5a1fd41a5e250e23ff5a6a7cb080\",\"name\":\"Hern\u00e1n L\u00f3pez\",\"image\":{\"@type\":\"ImageObject\",\"inLanguage\":\"es\",\"@id\":\"https:\\\/\\\/diarioprincipios.com\\\/wp-content\\\/litespeed\\\/avatar\\\/11ddfe5610ff3bd100522525b2571f48.jpg?ver=1777653193\",\"url\":\"https:\\\/\\\/diarioprincipios.com\\\/wp-content\\\/litespeed\\\/avatar\\\/11ddfe5610ff3bd100522525b2571f48.jpg?ver=1777653193\",\"contentUrl\":\"https:\\\/\\\/diarioprincipios.com\\\/wp-content\\\/litespeed\\\/avatar\\\/11ddfe5610ff3bd100522525b2571f48.jpg?ver=1777653193\",\"caption\":\"Hern\u00e1n L\u00f3pez\"},\"url\":\"https:\\\/\\\/diarioprincipios.com\\\/index.php\\\/author\\\/hernan\\\/\"}]}<\/script>\n<!-- \/ Yoast SEO plugin. -->","yoast_head_json":{"title":"En marzo sigue Mercado Vecino, la Feria Municipal de Berazategui - Principios","robots":{"index":"index","follow":"follow","max-snippet":"max-snippet:-1","max-image-preview":"max-image-preview:large","max-video-preview":"max-video-preview:-1"},"canonical":"https:\/\/diarioprincipios.com\/index.php\/2024\/03\/01\/en-marzo-sigue-mercado-vecino-la-feria-municipal-de-berazategui\/","og_locale":"es_ES","og_type":"article","og_title":"En marzo sigue Mercado Vecino, la Feria Municipal de Berazategui - Principios","og_description":"El lunes 4 de marzo se realizar\u00e1 en la Plaza Rigolleau (Av. 14 y Lisandro de la Torre), de 8.00 a 13.00, la primera jornada de Mercado Vecino del mes. All\u00ed pueden encontrar productos esenciales frescos y de primera calidad, a precios especiales. Directo de productores locales, podr\u00e1n acceder a frutas y verduras de estaci\u00f3n,...","og_url":"https:\/\/diarioprincipios.com\/index.php\/2024\/03\/01\/en-marzo-sigue-mercado-vecino-la-feria-municipal-de-berazategui\/","og_site_name":"Principios","article_published_time":"2024-03-01T16:14:21+00:00","article_modified_time":"2024-03-01T16:14:23+00:00","og_image":[{"width":2560,"height":1706,"url":"https:\/\/diarioprincipios.com\/wp-content\/uploads\/2024\/03\/20240219_Mercado_Vecino_Plaza_Rigolleua_SR_04-1-scaled.jpg","type":"image\/jpeg"}],"author":"Hern\u00e1n L\u00f3pez","twitter_card":"summary_large_image","twitter_misc":{"Escrito por":"Hern\u00e1n L\u00f3pez","Tiempo de lectura":"1 minuto"},"schema":{"@context":"https:\/\/schema.org","@graph":[{"@type":"Article","@id":"https:\/\/diarioprincipios.com\/index.php\/2024\/03\/01\/en-marzo-sigue-mercado-vecino-la-feria-municipal-de-berazategui\/#article","isPartOf":{"@id":"https:\/\/diarioprincipios.com\/index.php\/2024\/03\/01\/en-marzo-sigue-mercado-vecino-la-feria-municipal-de-berazategui\/"},"author":{"name":"Hern\u00e1n L\u00f3pez","@id":"https:\/\/diarioprincipios.com\/#\/schema\/person\/436d5a1fd41a5e250e23ff5a6a7cb080"},"headline":"En marzo sigue Mercado Vecino, la Feria Municipal de Berazategui","datePublished":"2024-03-01T16:14:21+00:00","dateModified":"2024-03-01T16:14:23+00:00","mainEntityOfPage":{"@id":"https:\/\/diarioprincipios.com\/index.php\/2024\/03\/01\/en-marzo-sigue-mercado-vecino-la-feria-municipal-de-berazategui\/"},"wordCount":141,"commentCount":0,"publisher":{"@id":"https:\/\/diarioprincipios.com\/#organization"},"image":{"@id":"https:\/\/diarioprincipios.com\/index.php\/2024\/03\/01\/en-marzo-sigue-mercado-vecino-la-feria-municipal-de-berazategui\/#primaryimage"},"thumbnailUrl":"https:\/\/diarioprincipios.com\/wp-content\/uploads\/2024\/03\/20240219_Mercado_Vecino_Plaza_Rigolleua_SR_04-1-scaled.jpg","articleSection":["Berazategui"],"inLanguage":"es","potentialAction":[{"@type":"CommentAction","name":"Comment","target":["https:\/\/diarioprincipios.com\/index.php\/2024\/03\/01\/en-marzo-sigue-mercado-vecino-la-feria-municipal-de-berazategui\/#respond"]}]},{"@type":"WebPage","@id":"https:\/\/diarioprincipios.com\/index.php\/2024\/03\/01\/en-marzo-sigue-mercado-vecino-la-feria-municipal-de-berazategui\/","url":"https:\/\/diarioprincipios.com\/index.php\/2024\/03\/01\/en-marzo-sigue-mercado-vecino-la-feria-municipal-de-berazategui\/","name":"En marzo sigue Mercado Vecino, la Feria Municipal de Berazategui - Principios","isPartOf":{"@id":"https:\/\/diarioprincipios.com\/#website"},"primaryImageOfPage":{"@id":"https:\/\/diarioprincipios.com\/index.php\/2024\/03\/01\/en-marzo-sigue-mercado-vecino-la-feria-municipal-de-berazategui\/#primaryimage"},"image":{"@id":"https:\/\/diarioprincipios.com\/index.php\/2024\/03\/01\/en-marzo-sigue-mercado-vecino-la-feria-municipal-de-berazategui\/#primaryimage"},"thumbnailUrl":"https:\/\/diarioprincipios.com\/wp-content\/uploads\/2024\/03\/20240219_Mercado_Vecino_Plaza_Rigolleua_SR_04-1-scaled.jpg","datePublished":"2024-03-01T16:14:21+00:00","dateModified":"2024-03-01T16:14:23+00:00","breadcrumb":{"@id":"https:\/\/diarioprincipios.com\/index.php\/2024\/03\/01\/en-marzo-sigue-mercado-vecino-la-feria-municipal-de-berazategui\/#breadcrumb"},"inLanguage":"es","potentialAction":[{"@type":"ReadAction","target":["https:\/\/diarioprincipios.com\/index.php\/2024\/03\/01\/en-marzo-sigue-mercado-vecino-la-feria-municipal-de-berazategui\/"]}]},{"@type":"ImageObject","inLanguage":"es","@id":"https:\/\/diarioprincipios.com\/index.php\/2024\/03\/01\/en-marzo-sigue-mercado-vecino-la-feria-municipal-de-berazategui\/#primaryimage","url":"https:\/\/diarioprincipios.com\/wp-content\/uploads\/2024\/03\/20240219_Mercado_Vecino_Plaza_Rigolleua_SR_04-1-scaled.jpg","contentUrl":"https:\/\/diarioprincipios.com\/wp-content\/uploads\/2024\/03\/20240219_Mercado_Vecino_Plaza_Rigolleua_SR_04-1-scaled.jpg","width":2560,"height":1706},{"@type":"BreadcrumbList","@id":"https:\/\/diarioprincipios.com\/index.php\/2024\/03\/01\/en-marzo-sigue-mercado-vecino-la-feria-municipal-de-berazategui\/#breadcrumb","itemListElement":[{"@type":"ListItem","position":1,"name":"Portada","item":"https:\/\/diarioprincipios.com\/"},{"@type":"ListItem","position":2,"name":"En marzo sigue Mercado Vecino, la Feria Municipal de Berazategui"}]},{"@type":"WebSite","@id":"https:\/\/diarioprincipios.com\/#website","url":"https:\/\/diarioprincipios.com\/","name":"Principios","description":"Principios Diario","publisher":{"@id":"https:\/\/diarioprincipios.com\/#organization"},"potentialAction":[{"@type":"SearchAction","target":{"@type":"EntryPoint","urlTemplate":"https:\/\/diarioprincipios.com\/?s={search_term_string}"},"query-input":{"@type":"PropertyValueSpecification","valueRequired":true,"valueName":"search_term_string"}}],"inLanguage":"es"},{"@type":"Organization","@id":"https:\/\/diarioprincipios.com\/#organization","name":"Principios","url":"https:\/\/diarioprincipios.com\/","logo":{"@type":"ImageObject","inLanguage":"es","@id":"https:\/\/diarioprincipios.com\/#\/schema\/logo\/image\/","url":"https:\/\/diarioprincipios.com\/wp-content\/uploads\/2024\/04\/cropped-www.diarioprincipios.com_-1.png","contentUrl":"https:\/\/diarioprincipios.com\/wp-content\/uploads\/2024\/04\/cropped-www.diarioprincipios.com_-1.png","width":5325,"height":1454,"caption":"Principios"},"image":{"@id":"https:\/\/diarioprincipios.com\/#\/schema\/logo\/image\/"}},{"@type":"Person","@id":"https:\/\/diarioprincipios.com\/#\/schema\/person\/436d5a1fd41a5e250e23ff5a6a7cb080","name":"Hern\u00e1n L\u00f3pez","image":{"@type":"ImageObject","inLanguage":"es","@id":"https:\/\/diarioprincipios.com\/wp-content\/litespeed\/avatar\/11ddfe5610ff3bd100522525b2571f48.jpg?ver=1777653193","url":"https:\/\/diarioprincipios.com\/wp-content\/litespeed\/avatar\/11ddfe5610ff3bd100522525b2571f48.jpg?ver=1777653193","contentUrl":"https:\/\/diarioprincipios.com\/wp-content\/litespeed\/avatar\/11ddfe5610ff3bd100522525b2571f48.jpg?ver=1777653193","caption":"Hern\u00e1n L\u00f3pez"},"url":"https:\/\/diarioprincipios.com\/index.php\/author\/hernan\/"}]}},"jetpack_featured_media_url":"https:\/\/diarioprincipios.com\/wp-content\/uploads\/2024\/03\/20240219_Mercado_Vecino_Plaza_Rigolleua_SR_04-1-scaled.jpg","_links":{"self":[{"href":"https:\/\/diarioprincipios.com\/index.php\/wp-json\/wp\/v2\/posts\/20921","targetHints":{"allow":["GET"]}}],"collection":[{"href":"https:\/\/diarioprincipios.com\/index.php\/wp-json\/wp\/v2\/posts"}],"about":[{"href":"https:\/\/diarioprincipios.com\/index.php\/wp-json\/wp\/v2\/types\/post"}],"author":[{"embeddable":true,"href":"https:\/\/diarioprincipios.com\/index.php\/wp-json\/wp\/v2\/users\/2"}],"replies":[{"embeddable":true,"href":"https:\/\/diarioprincipios.com\/index.php\/wp-json\/wp\/v2\/comments?post=20921"}],"version-history":[{"count":1,"href":"https:\/\/diarioprincipios.com\/index.php\/wp-json\/wp\/v2\/posts\/20921\/revisions"}],"predecessor-version":[{"id":20925,"href":"https:\/\/diarioprincipios.com\/index.php\/wp-json\/wp\/v2\/posts\/20921\/revisions\/20925"}],"wp:featuredmedia":[{"embeddable":true,"href":"https:\/\/diarioprincipios.com\/index.php\/wp-json\/wp\/v2\/media\/20924"}],"wp:attachment":[{"href":"https:\/\/diarioprincipios.com\/index.php\/wp-json\/wp\/v2\/media?parent=20921"}],"wp:term":[{"taxonomy":"category","embeddable":true,"href":"https:\/\/diarioprincipios.com\/index.php\/wp-json\/wp\/v2\/categories?post=20921"},{"taxonomy":"post_tag","embeddable":true,"href":"https:\/\/diarioprincipios.com\/index.php\/wp-json\/wp\/v2\/tags?post=20921"}],"curies":[{"name":"wp","href":"https:\/\/api.w.org\/{rel}","templated":true}]}}